{"id":91554,"date":"2025-04-18T16:33:11","date_gmt":"2025-04-18T16:33:11","guid":{"rendered":"https:\/\/www.shqiperia.com\/blog\/?p=91554"},"modified":"2025-04-18T16:33:30","modified_gmt":"2025-04-18T16:33:30","slug":"ndahet-nga-jeta-artisti-i-kenges-popullore-beratase-dhimiter-dushi","status":"publish","type":"post","link":"https:\/\/www.shqiperia.com\/blog\/ndahet-nga-jeta-artisti-i-kenges-popullore-beratase-dhimiter-dushi\/","title":{"rendered":"Ndahet nga jeta artisti i k\u00ebng\u00ebs popullore beratase, Dhimit\u00ebr Dushi!"},"content":{"rendered":"<p><img data-recalc-dims=\"1\" loading=\"lazy\" decoding=\"async\" data-attachment-id=\"91555\" data-permalink=\"https:\/\/www.shqiperia.com\/blog\/ndahet-nga-jeta-artisti-i-kenges-popullore-beratase-dhimiter-dushi\/dhimiter-dushi\/\" data-orig-file=\"https:\/\/i0.wp.com\/www.shqiperia.com\/blog\/wp-content\/uploads\/2025\/04\/Dhimiter-Dushi.jpg?fit=708%2C474&amp;ssl=1\" data-orig-size=\"708,474\" data-comments-opened=\"1\" data-image-meta=\"{&quot;aperture&quot;:&quot;0&quot;,&quot;credit&quot;:&quot;&quot;,&quot;camera&quot;:&quot;&quot;,&quot;caption&quot;:&quot;&quot;,&quot;created_timestamp&quot;:&quot;0&quot;,&quot;copyright&quot;:&quot;&quot;,&quot;focal_length&quot;:&quot;0&quot;,&quot;iso&quot;:&quot;0&quot;,&quot;shutter_speed&quot;:&quot;0&quot;,&quot;title&quot;:&quot;&quot;,&quot;orientation&quot;:&quot;0&quot;}\" data-image-title=\"Dhimiter-Dushi\" data-image-description=\"\" data-image-caption=\"\" data-medium-file=\"https:\/\/i0.wp.com\/www.shqiperia.com\/blog\/wp-content\/uploads\/2025\/04\/Dhimiter-Dushi.jpg?fit=300%2C201&amp;ssl=1\" data-large-file=\"https:\/\/i0.wp.com\/www.shqiperia.com\/blog\/wp-content\/uploads\/2025\/04\/Dhimiter-Dushi.jpg?fit=708%2C474&amp;ssl=1\" class=\"alignnone wp-image-91555\" alt=\"\" src=\"https:\/\/i0.wp.com\/www.shqiperia.com\/blog\/wp-content\/uploads\/2025\/04\/Dhimiter-Dushi.jpg?resize=646%2C433&#038;ssl=1\" width=\"646\" height=\"433\" srcset=\"https:\/\/i0.wp.com\/www.shqiperia.com\/blog\/wp-content\/uploads\/2025\/04\/Dhimiter-Dushi.jpg?resize=300%2C201&amp;ssl=1 300w, https:\/\/i0.wp.com\/www.shqiperia.com\/blog\/wp-content\/uploads\/2025\/04\/Dhimiter-Dushi.jpg?resize=450%2C301&amp;ssl=1 450w, https:\/\/i0.wp.com\/www.shqiperia.com\/blog\/wp-content\/uploads\/2025\/04\/Dhimiter-Dushi.jpg?resize=600%2C402&amp;ssl=1 600w, https:\/\/i0.wp.com\/www.shqiperia.com\/blog\/wp-content\/uploads\/2025\/04\/Dhimiter-Dushi.jpg?resize=400%2C268&amp;ssl=1 400w, https:\/\/i0.wp.com\/www.shqiperia.com\/blog\/wp-content\/uploads\/2025\/04\/Dhimiter-Dushi.jpg?w=708&amp;ssl=1 708w\" sizes=\"auto, (max-width: 646px) 100vw, 646px\" \/><\/p>\n<p><strong>18 Prill 2025<\/strong><\/p>\n<p><strong>K\u00ebng\u00ebtari i k\u00ebng\u00ebs popullore beratase, Dhimit\u00ebr Dushi, \u00ebsht\u00eb ndar\u00eb nga jeta.<\/strong><\/p>\n<p>Lajmi p\u00ebr ndarjen nga jeta t\u00eb artistit \u00ebsht\u00eb b\u00ebr\u00eb i ditur nga kryetari i bashkis\u00eb Berat, Ervin Demo.<img loading=\"lazy\" decoding=\"async\" alt=\"\" src=\"https:\/\/ads2.panorama.com.al\/www\/delivery\/lg.php?bannerid=0&amp;campaignid=0&amp;zoneid=1084&amp;loc=https%3A%2F%2Fwww.panorama.com.al%2Fndahet-nga-jeta-artisti-i-kenges-popullore-beratase-dhimiter-dushi%2F&amp;referer=https%3A%2F%2Fwww.panorama.com.al%2Fcategory%2Fkulture%2F&amp;cb=b76275d2f2\" width=\"0\" height=\"0\" \/><\/p>\n<p>P\u00ebrmes nj\u00eb postimi n\u00eb rrjetin e tij social, Demo njofton me keqardhje ndarjen nga jeta t\u00eb artistit Dhimit\u00ebr Dushi.<\/p>\n<p><em>\u201cBerati u zgjua sot me lajmin e trisht\u00eb t\u00eb ndarjes nga jeta t\u00eb artistit Dhimit\u00ebr Dushi.<\/em><\/p>\n<p><img data-recalc-dims=\"1\" loading=\"lazy\" decoding=\"async\" data-attachment-id=\"91556\" data-permalink=\"https:\/\/www.shqiperia.com\/blog\/ndahet-nga-jeta-artisti-i-kenges-popullore-beratase-dhimiter-dushi\/dhimiter-dushi-2\/\" data-orig-file=\"https:\/\/i0.wp.com\/www.shqiperia.com\/blog\/wp-content\/uploads\/2025\/04\/Dhimiter-Dushi-1.jpg?fit=1062%2C674&amp;ssl=1\" data-orig-size=\"1062,674\" data-comments-opened=\"1\" data-image-meta=\"{&quot;aperture&quot;:&quot;0&quot;,&quot;credit&quot;:&quot;&quot;,&quot;camera&quot;:&quot;&quot;,&quot;caption&quot;:&quot;&quot;,&quot;created_timestamp&quot;:&quot;0&quot;,&quot;copyright&quot;:&quot;&quot;,&quot;focal_length&quot;:&quot;0&quot;,&quot;iso&quot;:&quot;0&quot;,&quot;shutter_speed&quot;:&quot;0&quot;,&quot;title&quot;:&quot;&quot;,&quot;orientation&quot;:&quot;0&quot;}\" data-image-title=\"Dhimiter Dushi\" data-image-description=\"\" data-image-caption=\"\" data-medium-file=\"https:\/\/i0.wp.com\/www.shqiperia.com\/blog\/wp-content\/uploads\/2025\/04\/Dhimiter-Dushi-1.jpg?fit=300%2C190&amp;ssl=1\" data-large-file=\"https:\/\/i0.wp.com\/www.shqiperia.com\/blog\/wp-content\/uploads\/2025\/04\/Dhimiter-Dushi-1.jpg?fit=1024%2C650&amp;ssl=1\" class=\"alignnone wp-image-91556\" alt=\"\" src=\"https:\/\/i0.wp.com\/www.shqiperia.com\/blog\/wp-content\/uploads\/2025\/04\/Dhimiter-Dushi-1.jpg?resize=741%2C469&#038;ssl=1\" width=\"741\" height=\"469\" srcset=\"https:\/\/i0.wp.com\/www.shqiperia.com\/blog\/wp-content\/uploads\/2025\/04\/Dhimiter-Dushi-1.jpg?resize=300%2C190&amp;ssl=1 300w, https:\/\/i0.wp.com\/www.shqiperia.com\/blog\/wp-content\/uploads\/2025\/04\/Dhimiter-Dushi-1.jpg?resize=1024%2C650&amp;ssl=1 1024w, https:\/\/i0.wp.com\/www.shqiperia.com\/blog\/wp-content\/uploads\/2025\/04\/Dhimiter-Dushi-1.jpg?resize=768%2C487&amp;ssl=1 768w, https:\/\/i0.wp.com\/www.shqiperia.com\/blog\/wp-content\/uploads\/2025\/04\/Dhimiter-Dushi-1.jpg?resize=450%2C286&amp;ssl=1 450w, https:\/\/i0.wp.com\/www.shqiperia.com\/blog\/wp-content\/uploads\/2025\/04\/Dhimiter-Dushi-1.jpg?resize=600%2C381&amp;ssl=1 600w, https:\/\/i0.wp.com\/www.shqiperia.com\/blog\/wp-content\/uploads\/2025\/04\/Dhimiter-Dushi-1.jpg?resize=400%2C254&amp;ssl=1 400w, https:\/\/i0.wp.com\/www.shqiperia.com\/blog\/wp-content\/uploads\/2025\/04\/Dhimiter-Dushi-1.jpg?w=1062&amp;ssl=1 1062w\" sizes=\"auto, (max-width: 741px) 100vw, 741px\" \/><\/p>\n<p><em>P\u00ebrve\u00e7 kontributit si m\u00ebsues, Dhimit\u00ebr Dushi do t\u00eb mbahet mend edhe si kultivues dhe trash\u00ebgues i vlerave qytetare p\u00ebrmes k\u00ebng\u00ebs popullore beratase. T\u00eb prehet n\u00eb paqe!\u201d<\/em>, shkruan Demo n\u00eb Facebook.<\/p>\n","protected":false},"excerpt":{"rendered":"<p>18 Prill 2025 K\u00ebng\u00ebtari i k\u00ebng\u00ebs popullore beratase, Dhimit\u00ebr Dushi, \u00ebsht\u00eb ndar\u00eb nga jeta. Lajmi p\u00ebr ndarjen nga jeta t\u00eb artistit \u00ebsht\u00eb b\u00ebr\u00eb i ditur nga kryetari i bashkis\u00eb Berat, Ervin Demo. P\u00ebrmes nj\u00eb postimi n\u00eb rrjetin e tij social, Demo njofton me keqardhje ndarjen nga jeta t\u00eb artistit Dhimit\u00ebr Dushi. \u201cBerati u zgjua sot [&hellip;]<\/p>\n","protected":false},"author":9,"featured_media":91555,"comment_status":"open","ping_status":"open","sticky":false,"template":"","format":"standard","meta":{"jetpack_post_was_ever_published":false,"_jetpack_newsletter_access":"","_jetpack_dont_email_post_to_subs":false,"_jetpack_newsletter_tier_id":0,"_jetpack_memberships_contains_paywalled_content":false,"_jetpack_memberships_contains_paid_content":false,"footnotes":"","jetpack_publicize_message":"","jetpack_publicize_feature_enabled":true,"jetpack_social_post_already_shared":true,"jetpack_social_options":{"image_generator_settings":{"template":"highway","default_image_id":0,"font":"","enabled":false},"version":2}},"categories":[87,27,10,1,35],"tags":[],"class_list":["post-91554","post","type-post","status-publish","format-standard","has-post-thumbnail","hentry","category-arte","category-blogu-i-udhetarit","category-kultura","category-njoftime-shtypi","category-shoqerore"],"jetpack_publicize_connections":[],"jetpack_featured_media_url":"https:\/\/i0.wp.com\/www.shqiperia.com\/blog\/wp-content\/uploads\/2025\/04\/Dhimiter-Dushi.jpg?fit=708%2C474&ssl=1","jetpack_sharing_enabled":true,"jetpack_shortlink":"https:\/\/wp.me\/p5Z6wp-nOG","jetpack-related-posts":[{"id":40842,"url":"https:\/\/www.shqiperia.com\/blog\/shuhet-nje-tjeter-yll-ndahet-nga-jeta-bilbili-i-kenges-popullore-sali-brari\/","url_meta":{"origin":91554,"position":0},"title":"Shuhet nj\u00eb tjet\u00ebr yll! &#8211; Ndahet nga jeta bilbili i k\u00ebng\u00ebs popullore, Sali Brari.","author":"Kurt Farka","date":"November 13, 2020","format":false,"excerpt":"Shuhet nj\u00eb tjet\u00ebr yll! - Ndahet nga jeta bilbili i k\u00ebng\u00ebs popullore, Sali Brari. 13 N\u00cbNTOR 2020 Ndahet nga jeta bilbili i k\u00ebng\u00ebs popullore, Sali Brari. Lajmi \u00ebsht\u00eb b\u00ebr\u00eb publik nga Teatri Komb\u00ebtar t\u00eb Operas. \"Lamtumir\u00eb \u2013 Bilbilit t\u00eb k\u00ebng\u00ebs popullore Sali Brari. Shtegtoi edhe nj\u00eb bilbil\u2026. Teatri Komb\u00ebtar i\u2026","rel":"","context":"In &quot;Blogu i Udh\u00ebtarit&quot;","block_context":{"text":"Blogu i Udh\u00ebtarit","link":"https:\/\/www.shqiperia.com\/blog\/category\/blogu-i-udhetarit\/"},"img":{"alt_text":"","src":"https:\/\/i0.wp.com\/www.shqiperia.com\/blog\/wp-content\/uploads\/2020\/11\/Sali-Brari-kengetar-i-Ansamblit-te-Kengeve-dhe-Valleve-3.jpg?fit=640%2C405&ssl=1&resize=350%2C200","width":350,"height":200,"srcset":"https:\/\/i0.wp.com\/www.shqiperia.com\/blog\/wp-content\/uploads\/2020\/11\/Sali-Brari-kengetar-i-Ansamblit-te-Kengeve-dhe-Valleve-3.jpg?fit=640%2C405&ssl=1&resize=350%2C200 1x, https:\/\/i0.wp.com\/www.shqiperia.com\/blog\/wp-content\/uploads\/2020\/11\/Sali-Brari-kengetar-i-Ansamblit-te-Kengeve-dhe-Valleve-3.jpg?fit=640%2C405&ssl=1&resize=525%2C300 1.5x"},"classes":[]},{"id":103084,"url":"https:\/\/www.shqiperia.com\/blog\/ndahet-nga-jeta-akademiku-emin-riza-studiuesi-i-shquar-i-trashegimise-kulturore-shqiptare\/","url_meta":{"origin":91554,"position":1},"title":"Ndahet nga jeta akademiku Emin Riza, studiuesi i shquar i trash\u00ebgimis\u00eb kulturore shqiptare","author":"Kurt Farka","date":"July 22, 2026","format":false,"excerpt":"22 Korrik 2026 \u00cbsht\u00eb ndar\u00eb nga jeta n\u00eb mosh\u00ebn 89-vje\u00e7are akademik Emin Riza, nj\u00eb nga studiuesit m\u00eb t\u00eb njohur shqiptar\u00eb n\u00eb fush\u00ebn e trash\u00ebgimis\u00eb kulturore dhe arkitektur\u00ebs tradicionale. Akademia e Shkencave e Shqip\u00ebris\u00eb dhe Komisioni i P\u00ebrhersh\u00ebm i Trash\u00ebgimis\u00eb Kulturore shpreh\u00ebn ngush\u00ebllimet p\u00ebr familjen, t\u00eb af\u00ebrmit, komunitetin akademik dhe bashk\u00ebpun\u00ebtor\u00ebt\u2026","rel":"","context":"In &quot;Blogu i Udh\u00ebtarit&quot;","block_context":{"text":"Blogu i Udh\u00ebtarit","link":"https:\/\/www.shqiperia.com\/blog\/category\/blogu-i-udhetarit\/"},"img":{"alt_text":"","src":"https:\/\/i0.wp.com\/www.shqiperia.com\/blog\/wp-content\/uploads\/2026\/07\/Emin-Riza.webp?fit=900%2C500&ssl=1&resize=350%2C200","width":350,"height":200,"srcset":"https:\/\/i0.wp.com\/www.shqiperia.com\/blog\/wp-content\/uploads\/2026\/07\/Emin-Riza.webp?fit=900%2C500&ssl=1&resize=350%2C200 1x, https:\/\/i0.wp.com\/www.shqiperia.com\/blog\/wp-content\/uploads\/2026\/07\/Emin-Riza.webp?fit=900%2C500&ssl=1&resize=525%2C300 1.5x, https:\/\/i0.wp.com\/www.shqiperia.com\/blog\/wp-content\/uploads\/2026\/07\/Emin-Riza.webp?fit=900%2C500&ssl=1&resize=700%2C400 2x"},"classes":[]},{"id":105182,"url":"https:\/\/www.shqiperia.com\/blog\/ndahet-nga-ne-artisti-rrustem-bali-cela\/","url_meta":{"origin":91554,"position":2},"title":"Ndahet nga ne artisti Rrustem Bali \u00c7ela","author":"Kurt Farka","date":"August 25, 2026","format":false,"excerpt":"25 Gusht 2026 N\u00eb p\u00ebrkujtim t\u00eb ikjes n\u00eb amshim t\u00eb rapsodit hasjan, Rrustem Bali \u00c7ela (1956-2026) RRUSTEM \u00c7ELA Z\u00cbRI I PAVDEKSH\u00cbM I FOLKLORIT SHQIPTAR Besim Muhadri Sot, bota e artit burimor mbar\u00ebshqiptar dhe, n\u00eb ve\u00e7anti, treva e Hasit, mor\u00ebn lajmin e hidhur p\u00ebr ndarjen nga jeta t\u00eb Rrustem \u00c7el\u00ebs, rapsodit\u2026","rel":"","context":"In &quot;Arte&quot;","block_context":{"text":"Arte","link":"https:\/\/www.shqiperia.com\/blog\/category\/arte\/"},"img":{"alt_text":"","src":"https:\/\/i0.wp.com\/www.shqiperia.com\/blog\/wp-content\/uploads\/2026\/08\/Rrustem-Bali-Cela.jpg?fit=510%2C380&ssl=1&resize=350%2C200","width":350,"height":200},"classes":[]},{"id":101854,"url":"https:\/\/www.shqiperia.com\/blog\/ndahet-nga-jeta-pal-dedgjonaj-mjeshter-i-folklorit-shqiptar\/","url_meta":{"origin":91554,"position":3},"title":"Ndahet nga jeta Pal Dedgjonaj, Mjeshter i Folklorit Shqiptar","author":"Kurt Farka","date":"June 26, 2026","format":false,"excerpt":"26 Qershor 2026 Bashkia Lezh\u00eb shpreh me pik\u00ebllim t\u00eb thell\u00eb lajmin p\u00ebr ndarjen nga jeta t\u00eb Mjeshtrit t\u00eb Madh t\u00eb artit dhe kultur\u00ebs lezhjane. Ai ishte nj\u00eb figur\u00eb e shquar e trash\u00ebgimis\u00eb son\u00eb kulturore, nj\u00eb mjesht\u00ebr i rrall\u00eb i instrumenteve folklorike frymore t\u00eb trev\u00ebs s\u00eb Lezh\u00ebs, t\u00eb cilat i punoi\u2026","rel":"","context":"In &quot;Arte&quot;","block_context":{"text":"Arte","link":"https:\/\/www.shqiperia.com\/blog\/category\/arte\/"},"img":{"alt_text":"","src":"https:\/\/i0.wp.com\/www.shqiperia.com\/blog\/wp-content\/uploads\/2026\/06\/Pal-Dedgjonaj.jpg?fit=483%2C368&ssl=1&resize=350%2C200","width":350,"height":200},"classes":[]},{"id":104313,"url":"https:\/\/www.shqiperia.com\/blog\/muzeu-etnografik-i-elbasanit-ruan-deshmi-nga-jeta-dhe-krijimtaria-e-isuf-myzyrit\/","url_meta":{"origin":91554,"position":4},"title":"Muzeu Etnografik i Elbasanit ruan d\u00ebshmi nga jeta dhe krijimtaria e Isuf Myzyrit","author":"Kurt Farka","date":"August 13, 2026","format":false,"excerpt":"13 Gusht 2026 Figura e Isuf Myzyrit z\u00eb nj\u00eb vend t\u00eb r\u00ebnd\u00ebsish\u00ebm n\u00eb trash\u00ebgimin\u00eb muzikore shqiptare. N\u00eb Muzeun Etnografik t\u00eb Elbasanit, vizitor\u00ebt kan\u00eb mund\u00ebsin\u00eb t\u00eb njihen nga af\u00ebr me jet\u00ebn dhe krijimtarin\u00eb e mjeshtrit t\u00eb muzik\u00ebs qytetare. Si\u00e7 \u00ebsht\u00eb b\u00ebr\u00eb me dije nga institucioni, k\u00ebtu \u00ebsht\u00eb ekspozuar nj\u00eb k\u00ebnd i\u2026","rel":"","context":"In &quot;Arte&quot;","block_context":{"text":"Arte","link":"https:\/\/www.shqiperia.com\/blog\/category\/arte\/"},"img":{"alt_text":"","src":"https:\/\/i0.wp.com\/www.shqiperia.com\/blog\/wp-content\/uploads\/2026\/08\/R-1.jpg?fit=926%2C603&ssl=1&resize=350%2C200","width":350,"height":200,"srcset":"https:\/\/i0.wp.com\/www.shqiperia.com\/blog\/wp-content\/uploads\/2026\/08\/R-1.jpg?fit=926%2C603&ssl=1&resize=350%2C200 1x, https:\/\/i0.wp.com\/www.shqiperia.com\/blog\/wp-content\/uploads\/2026\/08\/R-1.jpg?fit=926%2C603&ssl=1&resize=525%2C300 1.5x, https:\/\/i0.wp.com\/www.shqiperia.com\/blog\/wp-content\/uploads\/2026\/08\/R-1.jpg?fit=926%2C603&ssl=1&resize=700%2C400 2x"},"classes":[]},{"id":18592,"url":"https:\/\/www.shqiperia.com\/blog\/ndahet-nga-jeta-ikona-e-kenges-popullore-shyqyri-alushi\/","url_meta":{"origin":91554,"position":5},"title":"Ndahet nga jeta ikona e k\u00ebng\u00ebs popullore Shyqyri Alushi. &#8211;","author":"Kurt Farka","date":"March 19, 2019","format":false,"excerpt":"Ndahet nga jeta ikona e k\u00ebng\u00ebs popullore Shyqyri Alushi. - 18 mars 2019 Ndahet nga jeta ikona e k\u00ebnges popullore shkodrane Shyqyri Alushi. Nje prej kengetareve m\u00eb t\u00eb mir\u00eb shkodran, me nje karrier\u00eb shum\u00eb t\u00eb pasur n\u00eb muzik\u00ebn popullore. Nj\u00eb nga kengetaret m\u00eb t\u00eb dashur t\u00eb publikut p\u00ebr shum\u00eb dekada\u2026","rel":"","context":"In &quot;Arte&quot;","block_context":{"text":"Arte","link":"https:\/\/www.shqiperia.com\/blog\/category\/arte\/"},"img":{"alt_text":"","src":"https:\/\/i0.wp.com\/www.shqiperia.com\/blog\/wp-content\/uploads\/2019\/03\/Shyqyri-Alushi.jpg?fit=700%2C400&ssl=1&resize=350%2C200","width":350,"height":200,"srcset":"https:\/\/i0.wp.com\/www.shqiperia.com\/blog\/wp-content\/uploads\/2019\/03\/Shyqyri-Alushi.jpg?fit=700%2C400&ssl=1&resize=350%2C200 1x, https:\/\/i0.wp.com\/www.shqiperia.com\/blog\/wp-content\/uploads\/2019\/03\/Shyqyri-Alushi.jpg?fit=700%2C400&ssl=1&resize=525%2C300 1.5x, https:\/\/i0.wp.com\/www.shqiperia.com\/blog\/wp-content\/uploads\/2019\/03\/Shyqyri-Alushi.jpg?fit=700%2C400&ssl=1&resize=700%2C400 2x"},"classes":[]}],"_links":{"self":[{"href":"https:\/\/www.shqiperia.com\/blog\/wp-json\/wp\/v2\/posts\/91554","targetHints":{"allow":["GET"]}}],"collection":[{"href":"https:\/\/www.shqiperia.com\/blog\/wp-json\/wp\/v2\/posts"}],"about":[{"href":"https:\/\/www.shqiperia.com\/blog\/wp-json\/wp\/v2\/types\/post"}],"author":[{"embeddable":true,"href":"https:\/\/www.shqiperia.com\/blog\/wp-json\/wp\/v2\/users\/9"}],"replies":[{"embeddable":true,"href":"https:\/\/www.shqiperia.com\/blog\/wp-json\/wp\/v2\/comments?post=91554"}],"version-history":[{"count":1,"href":"https:\/\/www.shqiperia.com\/blog\/wp-json\/wp\/v2\/posts\/91554\/revisions"}],"predecessor-version":[{"id":91557,"href":"https:\/\/www.shqiperia.com\/blog\/wp-json\/wp\/v2\/posts\/91554\/revisions\/91557"}],"wp:featuredmedia":[{"embeddable":true,"href":"https:\/\/www.shqiperia.com\/blog\/wp-json\/wp\/v2\/media\/91555"}],"wp:attachment":[{"href":"https:\/\/www.shqiperia.com\/blog\/wp-json\/wp\/v2\/media?parent=91554"}],"wp:term":[{"taxonomy":"category","embeddable":true,"href":"https:\/\/www.shqiperia.com\/blog\/wp-json\/wp\/v2\/categories?post=91554"},{"taxonomy":"post_tag","embeddable":true,"href":"https:\/\/www.shqiperia.com\/blog\/wp-json\/wp\/v2\/tags?post=91554"}],"curies":[{"name":"wp","href":"https:\/\/api.w.org\/{rel}","templated":true}]}}