{"id":91550,"date":"2025-04-18T16:18:53","date_gmt":"2025-04-18T16:18:53","guid":{"rendered":"https:\/\/www.shqiperia.com\/blog\/?p=91550"},"modified":"2025-04-18T16:18:53","modified_gmt":"2025-04-18T16:18:53","slug":"dibra-nuk-ta-fal-o-krye-cyryk-xhelal-mziu-i-pergjigjet-rames-cyryk-pa-breke-qe-ske-as-nder-dhe-as-burreri-grate-dibrane-jane-burrnesha","status":"publish","type":"post","link":"https:\/\/www.shqiperia.com\/blog\/dibra-nuk-ta-fal-o-krye-cyryk-xhelal-mziu-i-pergjigjet-rames-cyryk-pa-breke-qe-ske-as-nder-dhe-as-burreri-grate-dibrane-jane-burrnesha\/","title":{"rendered":"\u201cDibra nuk ta fal, o krye-\u00e7yryk\u201d.  Xhelal Mziu i p\u00ebrgjigjet Ram\u00ebs: &#8211; \u00c7yryk pa brek\u00eb, q\u00eb s\u2019ke as nder dhe as burr\u00ebri! Grat\u00eb dibrane jan\u00eb burrnesha"},"content":{"rendered":"<p><img data-recalc-dims=\"1\" loading=\"lazy\" decoding=\"async\" data-attachment-id=\"91551\" data-permalink=\"https:\/\/www.shqiperia.com\/blog\/dibra-nuk-ta-fal-o-krye-cyryk-xhelal-mziu-i-pergjigjet-rames-cyryk-pa-breke-qe-ske-as-nder-dhe-as-burreri-grate-dibrane-jane-burrnesha\/mziu-rama\/\" data-orig-file=\"https:\/\/i0.wp.com\/www.shqiperia.com\/blog\/wp-content\/uploads\/2025\/04\/mziu-rama.jpg?fit=1280%2C720&amp;ssl=1\" data-orig-size=\"1280,720\" data-comments-opened=\"1\" data-image-meta=\"{&quot;aperture&quot;:&quot;0&quot;,&quot;credit&quot;:&quot;&quot;,&quot;camera&quot;:&quot;&quot;,&quot;caption&quot;:&quot;&quot;,&quot;created_timestamp&quot;:&quot;0&quot;,&quot;copyright&quot;:&quot;&quot;,&quot;focal_length&quot;:&quot;0&quot;,&quot;iso&quot;:&quot;0&quot;,&quot;shutter_speed&quot;:&quot;0&quot;,&quot;title&quot;:&quot;&quot;,&quot;orientation&quot;:&quot;0&quot;}\" data-image-title=\"mziu-rama\" data-image-description=\"\" data-image-caption=\"\" data-medium-file=\"https:\/\/i0.wp.com\/www.shqiperia.com\/blog\/wp-content\/uploads\/2025\/04\/mziu-rama.jpg?fit=300%2C169&amp;ssl=1\" data-large-file=\"https:\/\/i0.wp.com\/www.shqiperia.com\/blog\/wp-content\/uploads\/2025\/04\/mziu-rama.jpg?fit=1024%2C576&amp;ssl=1\" class=\"alignnone  wp-image-91551\" alt=\"\" src=\"https:\/\/i0.wp.com\/www.shqiperia.com\/blog\/wp-content\/uploads\/2025\/04\/mziu-rama.jpg?resize=715%2C403&#038;ssl=1\" width=\"715\" height=\"403\" srcset=\"https:\/\/i0.wp.com\/www.shqiperia.com\/blog\/wp-content\/uploads\/2025\/04\/mziu-rama.jpg?resize=300%2C169&amp;ssl=1 300w, https:\/\/i0.wp.com\/www.shqiperia.com\/blog\/wp-content\/uploads\/2025\/04\/mziu-rama.jpg?resize=1024%2C576&amp;ssl=1 1024w, https:\/\/i0.wp.com\/www.shqiperia.com\/blog\/wp-content\/uploads\/2025\/04\/mziu-rama.jpg?resize=768%2C432&amp;ssl=1 768w, https:\/\/i0.wp.com\/www.shqiperia.com\/blog\/wp-content\/uploads\/2025\/04\/mziu-rama.jpg?resize=450%2C253&amp;ssl=1 450w, https:\/\/i0.wp.com\/www.shqiperia.com\/blog\/wp-content\/uploads\/2025\/04\/mziu-rama.jpg?resize=600%2C338&amp;ssl=1 600w, https:\/\/i0.wp.com\/www.shqiperia.com\/blog\/wp-content\/uploads\/2025\/04\/mziu-rama.jpg?resize=400%2C225&amp;ssl=1 400w, https:\/\/i0.wp.com\/www.shqiperia.com\/blog\/wp-content\/uploads\/2025\/04\/mziu-rama.jpg?w=1280&amp;ssl=1 1280w\" sizes=\"auto, (max-width: 715px) 100vw, 715px\" \/><\/p>\n<p>18 Prill 2025<\/p>\n<p>Drejtuesi politik i PD-s\u00eb p\u00ebr Qarkun Dib\u00ebr, Xhelal Mziu, i \u00ebsht\u00eb p\u00ebrgjigjur Edi Ram\u00ebs, p\u00ebr fjalimin e mbajtur dje n\u00eb Peshkopi.<\/p>\n<p>Postimi i Xhela Mziut:<\/p>\n<p>\u201cK\u00ebtu, tek Kepi i Xhitetit n\u00eb \u00c7idh\u00ebn, ku mali flet me burr\u00ebrin\u00eb dhe historia me gjakun e derdhur p\u00ebr liri, burrat e Dibr\u00ebs lidh\u00ebn bes\u00ebn \u2013 t\u00eb jetojn\u00eb me nder ose t\u00eb vdesin pa u p\u00ebrkulur!<\/p>\n<p>K\u00ebtu, ku nuk u dor\u00ebzuan p\u00ebrpara Perandoris\u00eb Osmane, ku nuk i tremb\u00ebn plumbit e as shpat\u00ebs, k\u00ebtu e lidhim s\u00ebrish bes\u00ebn:<\/p>\n<p>T\u00eb mbrojm\u00eb nderin, men\u00e7urin\u00eb dhe trim\u00ebrin\u00eb e Dibr\u00ebs \u2013 t\u00eb trash\u00ebguar brez pas brezi!<\/p>\n<p>Nj\u00eb \u201c\u00c7yryk\u201d si Edi Rama \u2013 kurr\u00eb s\u2019mund t\u00eb posht\u00ebroj\u00eb at\u00eb q\u00eb historia ka ngritur n\u00eb piedestalin e lavdis\u00eb.<\/p>\n<p>Ai mund t\u00eb p\u00ebrdhos\u00eb institucione, por jo zemrat e dibran\u00ebve.<\/p>\n<p>Ai mund t\u00eb p\u00ebrdor\u00eb krimin p\u00ebr t\u00eb sunduar, por kurr\u00eb s\u2019mund t\u00eb n\u00ebnshtroj\u00eb burrat e Dibr\u00ebs \u2013 ata q\u00eb nuk i n\u00ebnshtroi as Turku, as Serbi, as diktatura komuniste.<\/p>\n<p>Familja p\u00ebr ne \u00ebsht\u00eb e shenjt\u00eb. Grat\u00eb tona jan\u00eb burrnesha, jan\u00eb nderi yn\u00eb. Askush nuk ka t\u00eb drejt\u00eb t\u2019i fyej\u00eb!<\/p>\n<p>E aq m\u00eb pak nj\u00eb \u201c\u00e7yryk pa brek\u00eb\u201d, q\u00eb s\u2019ka as nder, as burr\u00ebri, as dinjitet!<\/p>\n<p>Dibra nuk fal! Dibra nuk harron! Dibra nuk n\u00ebnshtrohet!<\/p>\n<p>M\u00eb 11 maj, ne lidhim s\u00ebrish bes\u00ebn \u2013 p\u00ebr Dibr\u00ebn, p\u00ebr Shqip\u00ebrin\u00eb, p\u00ebr lirin\u00eb!<\/p>\n<p>Edi Rama do t\u00eb p\u00ebrballet me zem\u00ebrimin e nj\u00eb populli q\u00eb nuk pranon t\u00eb jetoj\u00eb i n\u00ebnshtruar.\u201d<\/p>\n<p><strong>BalkanWeb<\/strong><\/p>\n","protected":false},"excerpt":{"rendered":"<p>18 Prill 2025 Drejtuesi politik i PD-s\u00eb p\u00ebr Qarkun Dib\u00ebr, Xhelal Mziu, i \u00ebsht\u00eb p\u00ebrgjigjur Edi Ram\u00ebs, p\u00ebr fjalimin e mbajtur dje n\u00eb Peshkopi. Postimi i Xhela Mziut: \u201cK\u00ebtu, tek Kepi i Xhitetit n\u00eb \u00c7idh\u00ebn, ku mali flet me burr\u00ebrin\u00eb dhe historia me gjakun e derdhur p\u00ebr liri, burrat e Dibr\u00ebs lidh\u00ebn bes\u00ebn \u2013 t\u00eb [&hellip;]<\/p>\n","protected":false},"author":9,"featured_media":91551,"comment_status":"open","ping_status":"open","sticky":false,"template":"","format":"standard","meta":{"jetpack_post_was_ever_published":false,"_jetpack_newsletter_access":"","_jetpack_dont_email_post_to_subs":false,"_jetpack_newsletter_tier_id":0,"_jetpack_memberships_contains_paywalled_content":false,"_jetpack_memberships_contains_paid_content":false,"footnotes":"","jetpack_publicize_message":"","jetpack_publicize_feature_enabled":true,"jetpack_social_post_already_shared":true,"jetpack_social_options":{"image_generator_settings":{"template":"highway","default_image_id":0,"font":"","enabled":false},"version":2}},"categories":[27,1,35],"tags":[],"class_list":["post-91550","post","type-post","status-publish","format-standard","has-post-thumbnail","hentry","category-blogu-i-udhetarit","category-njoftime-shtypi","category-shoqerore"],"jetpack_publicize_connections":[],"jetpack_featured_media_url":"https:\/\/i0.wp.com\/www.shqiperia.com\/blog\/wp-content\/uploads\/2025\/04\/mziu-rama.jpg?fit=1280%2C720&ssl=1","jetpack_sharing_enabled":true,"jetpack_shortlink":"https:\/\/wp.me\/p5Z6wp-nOC","jetpack-related-posts":[{"id":105547,"url":"https:\/\/www.shqiperia.com\/blog\/qeveria-kater-dite-pa-kryeminister-arratisja-e-mistershme-e-edi-rames-jashte-vendit-pa-njoftim-zyrtar-kush-e-thirri-me-urgjence-kryeministrin\/","url_meta":{"origin":91550,"position":0},"title":"Qeveria kat\u00ebr dit\u00eb pa kryeminist\u00ebr, arratisja e mistershme e Edi Ram\u00ebs jasht\u00eb vendit pa njoftim zyrtar, kush e thirri me urgjenc\u00eb kryeministrin?","author":"Kurt Farka","date":"August 31, 2026","format":false,"excerpt":"31 Gusht 2026 Kat\u00ebr dit\u00eb t\u00eb axhend\u00ebs s\u00eb Edi Ram\u00ebs kan\u00eb mbetur n\u00eb nj\u00eb pik\u00ebpyetje t\u00eb madhe. B\u00ebhet fjal\u00eb p\u00ebr dit\u00ebt nga e marta deri t\u00eb premten e jav\u00ebs q\u00eb lam\u00eb pas. N\u00eb publik, gjat\u00eb k\u00ebsaj periudhe, \u00ebsht\u00eb krijuar p\u00ebrshtypja se kryeministri ka vijuar normalisht aktivitetin politik n\u00eb Tiran\u00eb, me\u2026","rel":"","context":"In &quot;Blogu i Udh\u00ebtarit&quot;","block_context":{"text":"Blogu i Udh\u00ebtarit","link":"https:\/\/www.shqiperia.com\/blog\/category\/blogu-i-udhetarit\/"},"img":{"alt_text":"","src":"https:\/\/i0.wp.com\/www.shqiperia.com\/blog\/wp-content\/uploads\/2026\/08\/Edi-Rama-2.jpg?fit=1068%2C712&ssl=1&resize=350%2C200","width":350,"height":200,"srcset":"https:\/\/i0.wp.com\/www.shqiperia.com\/blog\/wp-content\/uploads\/2026\/08\/Edi-Rama-2.jpg?fit=1068%2C712&ssl=1&resize=350%2C200 1x, https:\/\/i0.wp.com\/www.shqiperia.com\/blog\/wp-content\/uploads\/2026\/08\/Edi-Rama-2.jpg?fit=1068%2C712&ssl=1&resize=525%2C300 1.5x, https:\/\/i0.wp.com\/www.shqiperia.com\/blog\/wp-content\/uploads\/2026\/08\/Edi-Rama-2.jpg?fit=1068%2C712&ssl=1&resize=700%2C400 2x, https:\/\/i0.wp.com\/www.shqiperia.com\/blog\/wp-content\/uploads\/2026\/08\/Edi-Rama-2.jpg?fit=1068%2C712&ssl=1&resize=1050%2C600 3x"},"classes":[]},{"id":102993,"url":"https:\/\/www.shqiperia.com\/blog\/te-kujt-jane-400-mln-euro-te-bllokuara-collaku-cilet-jane-familjaret-e-rames-qe-po-vezhgohen-per-transferta-parash\/","url_meta":{"origin":91550,"position":1},"title":"T\u00eb kujt jan\u00eb 400 mln euro t\u00eb bllokuara? \u00c7ollaku: &#8211; Cil\u00ebt jan\u00eb familjar\u00ebt e Ram\u00ebs q\u00eb po v\u00ebzhgohen p\u00ebr transferta parash.","author":"Kurt Farka","date":"July 20, 2026","format":false,"excerpt":"20 Korrik 2026 Gazetari Basir \u00c7ollaku, i ftuar n\u00eb emisionin 'Task Force' me Sonila Me\u00e7on, foli p\u00ebr zhvillimet e fundit dhe\u00a0deklaratat e sotme t\u00eb eurodeputetit \u00e7ek\u00a0Tom\u00e1\u0161 Zdechovsk\u00fd t\u00eb dh\u00ebna ekskluzivisht n\u00eb emisionin e mengjesit 'Kafe Shqeto',\u00a0n\u00eb SYRI TV, lidhur me pasurit\u00eb dhe transfertat financiare jasht\u00eb vendit t\u00eb familjar\u00ebve t\u00eb Edi\u2026","rel":"","context":"In &quot;Blogu i Udh\u00ebtarit&quot;","block_context":{"text":"Blogu i Udh\u00ebtarit","link":"https:\/\/www.shqiperia.com\/blog\/category\/blogu-i-udhetarit\/"},"img":{"alt_text":"","src":"https:\/\/i0.wp.com\/www.shqiperia.com\/blog\/wp-content\/uploads\/2026\/07\/731983557_2144742882925339_5562525319558845746_n-1.jpg?fit=526%2C469&ssl=1&resize=350%2C200","width":350,"height":200,"srcset":"https:\/\/i0.wp.com\/www.shqiperia.com\/blog\/wp-content\/uploads\/2026\/07\/731983557_2144742882925339_5562525319558845746_n-1.jpg?fit=526%2C469&ssl=1&resize=350%2C200 1x, https:\/\/i0.wp.com\/www.shqiperia.com\/blog\/wp-content\/uploads\/2026\/07\/731983557_2144742882925339_5562525319558845746_n-1.jpg?fit=526%2C469&ssl=1&resize=525%2C300 1.5x"},"classes":[]},{"id":103263,"url":"https:\/\/www.shqiperia.com\/blog\/neser-te-parlamenti-dita-e-57-te-e-revoltes-qytetaret-mbushen-serish-sheshin-dhe-iu-pergjigjen-rames-te-japim-besen-nuk-ikim-pa-te-te-larguar\/","url_meta":{"origin":91550,"position":2},"title":"\u201cNes\u00ebr te Parlamenti!\u201d \u2013 Dita e 57-t\u00eb e revolt\u00ebs, qytetar\u00ebt mbush\u00ebn s\u00ebrish sheshin dhe iu p\u00ebrgjigj\u00ebn Ram\u00ebs: &#8211; T\u00eb japim bes\u00ebn, nuk ikim pa t\u00eb t\u00eb larguar!","author":"Kurt Farka","date":"July 26, 2026","format":false,"excerpt":"26 Korrik 2026 Qytetar\u00ebt u mblodh\u00ebn p\u00ebrpara Kryeministris\u00eb n\u00eb dit\u00ebn e 57-t\u00eb t\u00eb revolt\u00ebs s\u00eb tyre ndaj kryeministrit Edi Rama dhe qeveris\u00eb s\u00eb tij. Ata iu p\u00ebrgjigjen kryeministrit edhe p\u00ebr dokumentin e tij q\u00eb nxori, t\u00eb titulluar \u201cBesa\u201d. Nd\u00ebrsa artikuluan problemet me t\u00eb cilat p\u00ebrballen, qytetar\u00ebt ritheksuan se ata nuk\u2026","rel":"","context":"In &quot;Blogu i Udh\u00ebtarit&quot;","block_context":{"text":"Blogu i Udh\u00ebtarit","link":"https:\/\/www.shqiperia.com\/blog\/category\/blogu-i-udhetarit\/"},"img":{"alt_text":"","src":"https:\/\/i0.wp.com\/www.shqiperia.com\/blog\/wp-content\/uploads\/2026\/07\/WhatsApp-Image-2026-07-26-at-19.30.01.jpeg?fit=1200%2C740&ssl=1&resize=350%2C200","width":350,"height":200,"srcset":"https:\/\/i0.wp.com\/www.shqiperia.com\/blog\/wp-content\/uploads\/2026\/07\/WhatsApp-Image-2026-07-26-at-19.30.01.jpeg?fit=1200%2C740&ssl=1&resize=350%2C200 1x, https:\/\/i0.wp.com\/www.shqiperia.com\/blog\/wp-content\/uploads\/2026\/07\/WhatsApp-Image-2026-07-26-at-19.30.01.jpeg?fit=1200%2C740&ssl=1&resize=525%2C300 1.5x, https:\/\/i0.wp.com\/www.shqiperia.com\/blog\/wp-content\/uploads\/2026\/07\/WhatsApp-Image-2026-07-26-at-19.30.01.jpeg?fit=1200%2C740&ssl=1&resize=700%2C400 2x, https:\/\/i0.wp.com\/www.shqiperia.com\/blog\/wp-content\/uploads\/2026\/07\/WhatsApp-Image-2026-07-26-at-19.30.01.jpeg?fit=1200%2C740&ssl=1&resize=1050%2C600 3x"},"classes":[]},{"id":101298,"url":"https:\/\/www.shqiperia.com\/blog\/rama-humbet-durimin-edhe-me-gazetaret-e-huaj-vini-ketu-me-koken-te-mbushur-plot-me-genjeshtra\/","url_meta":{"origin":91550,"position":3},"title":"Rama humbet durimin edhe me gazetar\u00ebt e huaj: &#8211; Vini k\u00ebtu me kok\u00ebn t\u00eb mbushur plot me g\u00ebnjeshtra","author":"Kurt Farka","date":"June 9, 2026","format":false,"excerpt":"9 Qershor 2026 Kryeministri Edi Rama reagoi ndaj debatit publik dhe raportimeve mediatike mbi projektin q\u00eb ka nxitur diskutime dhe protesta gjat\u00eb dit\u00ebve t\u00eb fundit, duke theksuar se nuk ka ekzistuar asnj\u00eb projekt i miratuar n\u00eb Zv\u00ebrnec, q\u00eb t\u00eb mund t\u00eb anulohej. Gjat\u00eb nj\u00eb bashk\u00ebbisedimi me gazetar\u00eb nga media t\u00eb\u2026","rel":"","context":"In &quot;Histori&quot;","block_context":{"text":"Histori","link":"https:\/\/www.shqiperia.com\/blog\/category\/histori\/"},"img":{"alt_text":"","src":"https:\/\/i0.wp.com\/www.shqiperia.com\/blog\/wp-content\/uploads\/2026\/06\/rama-perplasje.webp?fit=800%2C450&ssl=1&resize=350%2C200","width":350,"height":200,"srcset":"https:\/\/i0.wp.com\/www.shqiperia.com\/blog\/wp-content\/uploads\/2026\/06\/rama-perplasje.webp?fit=800%2C450&ssl=1&resize=350%2C200 1x, https:\/\/i0.wp.com\/www.shqiperia.com\/blog\/wp-content\/uploads\/2026\/06\/rama-perplasje.webp?fit=800%2C450&ssl=1&resize=525%2C300 1.5x, https:\/\/i0.wp.com\/www.shqiperia.com\/blog\/wp-content\/uploads\/2026\/06\/rama-perplasje.webp?fit=800%2C450&ssl=1&resize=700%2C400 2x"},"classes":[]},{"id":103235,"url":"https:\/\/www.shqiperia.com\/blog\/marjana-koceku-me-ironi-perbuzese-per-ramen-flasin-per-besen-njerez-qe-nuk-ia-kane-idene-cka-asht-besa\/","url_meta":{"origin":91550,"position":4},"title":"Marjana Ko\u00e7eku me ironi p\u00ebrbuz\u00ebse p\u00ebr Ram\u00ebn: &#8211; Flasin p\u00ebr bes\u00ebn njer\u00ebz q\u00eb nuk ia kan\u00eb iden\u00eb \u00e7ka asht besa","author":"Kurt Farka","date":"July 26, 2026","format":false,"excerpt":"26 Korrik 2026 Deputetja e dal\u00eb nga listat e PS-s\u00eb n\u00eb zgjedhjet e 11 Majit 2025, por q\u00eb tani \u00ebsht\u00eb e pavarur n\u00eb parlament, Marjana Ko\u00e7eku ka reaguar ndaj fjalimit t\u00eb djesh\u00ebm t\u00eb Edi Ram\u00ebs. Ko\u00e7eku ka ironizuar kreun e socialist\u00ebve Edi Rama, p\u00ebr librin e tij \u2018Besa\u2019. Reagimi i\u2026","rel":"","context":"In &quot;Blogu i Udh\u00ebtarit&quot;","block_context":{"text":"Blogu i Udh\u00ebtarit","link":"https:\/\/www.shqiperia.com\/blog\/category\/blogu-i-udhetarit\/"},"img":{"alt_text":"","src":"https:\/\/i0.wp.com\/www.shqiperia.com\/blog\/wp-content\/uploads\/2026\/07\/800-0-900-0-1783576748xrama-koceku-455-6a64d20a2cf8a-1.png?fit=800%2C438&ssl=1&resize=350%2C200","width":350,"height":200,"srcset":"https:\/\/i0.wp.com\/www.shqiperia.com\/blog\/wp-content\/uploads\/2026\/07\/800-0-900-0-1783576748xrama-koceku-455-6a64d20a2cf8a-1.png?fit=800%2C438&ssl=1&resize=350%2C200 1x, https:\/\/i0.wp.com\/www.shqiperia.com\/blog\/wp-content\/uploads\/2026\/07\/800-0-900-0-1783576748xrama-koceku-455-6a64d20a2cf8a-1.png?fit=800%2C438&ssl=1&resize=525%2C300 1.5x, https:\/\/i0.wp.com\/www.shqiperia.com\/blog\/wp-content\/uploads\/2026\/07\/800-0-900-0-1783576748xrama-koceku-455-6a64d20a2cf8a-1.png?fit=800%2C438&ssl=1&resize=700%2C400 2x"},"classes":[]},{"id":101701,"url":"https:\/\/www.shqiperia.com\/blog\/kriza-politike-lidhet-me-kapjen-e-pushtetit-shkullaku-kushti-numer-1-eshte-doreheqje-e-panegociueshme-e-edi-rames\/","url_meta":{"origin":91550,"position":5},"title":"\u201cKriza politike, lidhet me kapjen e pushtetit\u201d\/ Shkullaku: &#8211; Kushti num\u00ebr 1 \u00ebsht\u00eb dor\u00ebheqje e panegociueshme e Edi Ram\u00ebs","author":"Kurt Farka","date":"June 22, 2026","format":false,"excerpt":"Gazetari Armand Shkullaku, i ftuar n\u00eb nje studio televizive ka folur p\u00ebr protest\u00ebn qytetare n\u00eb dit\u00ebn e 23-t\u00eb t\u00eb saj n\u00eb Tiran\u00eb, duke e vendosur theksin te p\u00ebrgjegj\u00ebsia politike dhe situata brenda mazhoranc\u00ebs. Shkullaku u shpreh se k\u00ebrkesa kryesore e protest\u00ebs p\u00ebr largimin e qeveris\u00eb ka rr\u00ebzuar, sipas tij, narrativ\u00ebn\u2026","rel":"","context":"In &quot;Njoftime Shtypi&quot;","block_context":{"text":"Njoftime Shtypi","link":"https:\/\/www.shqiperia.com\/blog\/category\/njoftime-shtypi\/"},"img":{"alt_text":"","src":"https:\/\/i0.wp.com\/www.shqiperia.com\/blog\/wp-content\/uploads\/2026\/06\/rama-shkullaku.jpg?fit=900%2C500&ssl=1&resize=350%2C200","width":350,"height":200,"srcset":"https:\/\/i0.wp.com\/www.shqiperia.com\/blog\/wp-content\/uploads\/2026\/06\/rama-shkullaku.jpg?fit=900%2C500&ssl=1&resize=350%2C200 1x, https:\/\/i0.wp.com\/www.shqiperia.com\/blog\/wp-content\/uploads\/2026\/06\/rama-shkullaku.jpg?fit=900%2C500&ssl=1&resize=525%2C300 1.5x, https:\/\/i0.wp.com\/www.shqiperia.com\/blog\/wp-content\/uploads\/2026\/06\/rama-shkullaku.jpg?fit=900%2C500&ssl=1&resize=700%2C400 2x"},"classes":[]}],"_links":{"self":[{"href":"https:\/\/www.shqiperia.com\/blog\/wp-json\/wp\/v2\/posts\/91550","targetHints":{"allow":["GET"]}}],"collection":[{"href":"https:\/\/www.shqiperia.com\/blog\/wp-json\/wp\/v2\/posts"}],"about":[{"href":"https:\/\/www.shqiperia.com\/blog\/wp-json\/wp\/v2\/types\/post"}],"author":[{"embeddable":true,"href":"https:\/\/www.shqiperia.com\/blog\/wp-json\/wp\/v2\/users\/9"}],"replies":[{"embeddable":true,"href":"https:\/\/www.shqiperia.com\/blog\/wp-json\/wp\/v2\/comments?post=91550"}],"version-history":[{"count":1,"href":"https:\/\/www.shqiperia.com\/blog\/wp-json\/wp\/v2\/posts\/91550\/revisions"}],"predecessor-version":[{"id":91552,"href":"https:\/\/www.shqiperia.com\/blog\/wp-json\/wp\/v2\/posts\/91550\/revisions\/91552"}],"wp:featuredmedia":[{"embeddable":true,"href":"https:\/\/www.shqiperia.com\/blog\/wp-json\/wp\/v2\/media\/91551"}],"wp:attachment":[{"href":"https:\/\/www.shqiperia.com\/blog\/wp-json\/wp\/v2\/media?parent=91550"}],"wp:term":[{"taxonomy":"category","embeddable":true,"href":"https:\/\/www.shqiperia.com\/blog\/wp-json\/wp\/v2\/categories?post=91550"},{"taxonomy":"post_tag","embeddable":true,"href":"https:\/\/www.shqiperia.com\/blog\/wp-json\/wp\/v2\/tags?post=91550"}],"curies":[{"name":"wp","href":"https:\/\/api.w.org\/{rel}","templated":true}]}}