{"id":91542,"date":"2025-04-18T06:53:01","date_gmt":"2025-04-18T06:53:01","guid":{"rendered":"https:\/\/www.shqiperia.com\/blog\/?p=91542"},"modified":"2025-04-18T06:54:56","modified_gmt":"2025-04-18T06:54:56","slug":"kerkesa-e-eqrem-cabejt-me-1936-per-ministrine-e-arsimit-pse-iu-refuzua-letra-cfare-u-shkruante-albanologu-mesuesve","status":"publish","type":"post","link":"https:\/\/www.shqiperia.com\/blog\/kerkesa-e-eqrem-cabejt-me-1936-per-ministrine-e-arsimit-pse-iu-refuzua-letra-cfare-u-shkruante-albanologu-mesuesve\/","title":{"rendered":"K\u00ebrkesa e Eqrem \u00c7abejt m\u00eb 1936 p\u00ebr Ministrin\u00eb e Arsimit. &#8211; Pse iu refuzua! Letra, \u00e7far\u00eb u shkruante albanologu m\u00ebsuesve"},"content":{"rendered":"<p><img data-recalc-dims=\"1\" loading=\"lazy\" decoding=\"async\" data-attachment-id=\"91543\" data-permalink=\"https:\/\/www.shqiperia.com\/blog\/kerkesa-e-eqrem-cabejt-me-1936-per-ministrine-e-arsimit-pse-iu-refuzua-letra-cfare-u-shkruante-albanologu-mesuesve\/eqrem-cabej-7\/\" data-orig-file=\"https:\/\/i0.wp.com\/www.shqiperia.com\/blog\/wp-content\/uploads\/2025\/04\/Eqrem-Cabej.jpg?fit=410%2C306&amp;ssl=1\" data-orig-size=\"410,306\" data-comments-opened=\"1\" data-image-meta=\"{&quot;aperture&quot;:&quot;0&quot;,&quot;credit&quot;:&quot;&quot;,&quot;camera&quot;:&quot;&quot;,&quot;caption&quot;:&quot;&quot;,&quot;created_timestamp&quot;:&quot;0&quot;,&quot;copyright&quot;:&quot;&quot;,&quot;focal_length&quot;:&quot;0&quot;,&quot;iso&quot;:&quot;0&quot;,&quot;shutter_speed&quot;:&quot;0&quot;,&quot;title&quot;:&quot;&quot;,&quot;orientation&quot;:&quot;0&quot;}\" data-image-title=\"Eqrem-\u00c7abej\" data-image-description=\"\" data-image-caption=\"\" data-medium-file=\"https:\/\/i0.wp.com\/www.shqiperia.com\/blog\/wp-content\/uploads\/2025\/04\/Eqrem-Cabej.jpg?fit=300%2C224&amp;ssl=1\" data-large-file=\"https:\/\/i0.wp.com\/www.shqiperia.com\/blog\/wp-content\/uploads\/2025\/04\/Eqrem-Cabej.jpg?fit=410%2C306&amp;ssl=1\" class=\"alignnone wp-image-91543\" alt=\"\" src=\"https:\/\/i0.wp.com\/www.shqiperia.com\/blog\/wp-content\/uploads\/2025\/04\/Eqrem-Cabej.jpg?resize=509%2C380&#038;ssl=1\" width=\"509\" height=\"380\" srcset=\"https:\/\/i0.wp.com\/www.shqiperia.com\/blog\/wp-content\/uploads\/2025\/04\/Eqrem-Cabej.jpg?resize=300%2C224&amp;ssl=1 300w, https:\/\/i0.wp.com\/www.shqiperia.com\/blog\/wp-content\/uploads\/2025\/04\/Eqrem-Cabej.jpg?resize=400%2C299&amp;ssl=1 400w, https:\/\/i0.wp.com\/www.shqiperia.com\/blog\/wp-content\/uploads\/2025\/04\/Eqrem-Cabej.jpg?w=410&amp;ssl=1 410w\" sizes=\"auto, (max-width: 509px) 100vw, 509px\" \/><\/p>\n<p><strong>18 Prill 2025<\/strong><\/p>\n<p><strong>Eqrem \u00c7abej (Eskishehir, 7 gusht 1908 \u2013 Rom\u00eb, 13 gusht 1980) ishte arsimtar, gjuh\u00ebtar dhe albanolog shqiptar.<\/strong><\/p>\n<p>P\u00ebrmes hulumtimeve dhe publikimeve t\u00eb tij ka z\u00ebn\u00eb vendin e nj\u00eb autoriteti ky\u00e7 sa i p\u00ebrket gjuh\u00ebsis\u00eb, etnologjis\u00eb, let\u00ebrsis\u00eb dhe gjuh\u00ebs shqipe. M\u00ebsimet e para i mori n\u00eb Gjirokast\u00ebr prej 1915 e deri m\u00eb 1920, m\u00eb pas p\u00ebr t\u00eb vazhduar studimet u d\u00ebrgua n\u00eb Austri. Para se t\u00eb hynte n\u00eb ndonj\u00eb shkoll\u00eb, iu desh t\u00eb q\u00ebndronte nj\u00eb vit pran\u00eb familjes Reinmyler, n\u00eb St. P\u00f6lten af\u00ebr Vjen\u00ebs, p\u00ebr t\u00eb m\u00ebsuar gjermanishten. Kreu gjimnazin n\u00eb Klagenfurt (1923-1926), p\u00ebr shkollimin e lart\u00eb pati nj\u00eb f\u00ebrkim me synimin q\u00eb i ati i kishte v\u00ebn\u00eb q\u00eb t\u00eb b\u00ebhej mjek.<\/p>\n<p>U regjistrua n\u00eb Fakultetin e Mjek\u00ebsis\u00eb n\u00eb Universitetin e Rom\u00ebs. Por pas k\u00ebmb\u00ebnguljes p\u00ebr gjuh\u00ebsin\u00eb, regjistrohet n\u00eb Grac p\u00ebr vitin akademik 1927-1928 dhe mbasandaj kaloi n\u00eb Vjen\u00eb (1930-1933), ku ndoqi m\u00ebsimet e Paul Kretschmer, Karl Patsch, Nikolai Trubetzkoy dhe Norbert Jokl. N\u00ebn drejtimin e Joklit, \u00c7abeji filloi t\u00eb kishte interes t\u00eb madh n\u00eb zhvillimin historik t\u00eb gjuh\u00ebs shqipe. N\u00eb 1933, ai dor\u00ebzoi disertacionin e doktoratur\u00ebs mbi \u201cItaloalbanische Studien\u201d (Studime italo-shqiptare).<\/p>\n<p>\u00c7abej u kthye n\u00eb Shqip\u00ebri ku edhe punoi si m\u00ebsues gjimnazi dhe n\u00ebndrejtor i konviktit \u201cMalet Tona\u201d n\u00eb Shkod\u00ebr (1933\/34) ku dha let\u00ebrsi shqipe. N\u00eb vitin shkollor 1935-\u201936 u transferua n\u00eb Normalen t\u00eb Elbasanit, ku edhe atje ndenji nj\u00eb vit. Q\u00eb andej u transferua n\u00eb Ministrin\u00eb e Arsimit p\u00ebr t\u00b4u marr\u00eb me drejtimin e arsimit t\u00eb mes\u00ebm. Me sa kuptohet nga q\u00ebndrimi i tij, ai nuk e kishte mir\u00ebpritur nj\u00eb em\u00ebrim t\u00eb till\u00eb.<\/p>\n<p><strong>K\u00cbRKESA<\/strong><\/p>\n<p>Me nj\u00eb lutje m\u00eb dat\u00eb 17. 12. 1936, drejtuar Ministris\u00eb s\u00eb Arsimit, p\u00ebr arsye sh\u00ebndet\u00ebsore k\u00ebrkoi t\u00eb transferohej duke u riem\u00ebruar profesor i let\u00ebrsis\u00eb n\u00eb Liceun e Tiran\u00ebs. K\u00ebrkesa nuk i plot\u00ebsohet, duke e em\u00ebruar n\u00eb Shkoll\u00ebn e Plot\u00ebsimit Ushtarak. Me \u201c\u00e7\u00ebshtjen \u00c7abej\u201d u mor m\u00eb n\u00eb fund edhe K\u00ebshilli i Ministrave t\u00eb asaj kohe, i cili vendosi q\u00eb \u00c7abej, pas mbarimit t\u00eb Shkoll\u00ebs s\u00eb Plot\u00ebsimit Ushtarak, t\u00eb transferohej si profesor n\u00eb Gjirokast\u00ebr. M\u00eb 1938- \u201939 vijoi si arsimtar n\u00eb Gjirokast\u00ebr, ku vazhdoi t\u00eb jepte m\u00ebsimin e let\u00ebrsis\u00eb t\u00eb bashk\u00ebrenduar me elemente t\u00eb gjuh\u00ebs shqipe. N\u00eb vitin shkollor 1939-\u201940 \u00c7abej u transferua n\u00eb gjimnazin e Tiran\u00ebs ku u ngarkua me drejtimin e shkoll\u00ebs. An\u00ebtar i Institutit t\u00eb Studimeve Shqiptare, m\u00eb 1940 u d\u00ebrgua n\u00eb Rom\u00eb nga ministri i Arsimit Koliqi p\u00ebr t\u00eb punuar mbi Atlasin Gjuh\u00ebsor Shqiptar, i cili nuk u krye p\u00ebr arsye t\u00eb ndryshimeve politike p\u00ebrgjat\u00eb Luft\u00ebs s\u00eb Dyt\u00eb Bot\u00ebrore.<\/p>\n<p>N\u00eb shtator t\u00eb 1943 u em\u00ebruar minist\u00ebr i Arsimit n\u00eb qeverin\u00eb Mitrovica, post t\u00eb cilin nuk e pranoi. M\u00eb 25 janar 1944 i pushkatohet v\u00ebllai, Selaudini, n\u00ebnprefekt i Mal\u00ebsis\u00eb s\u00eb Gjakov\u00ebs. N\u00eb Shqip\u00ebri u kthye vet\u00ebm pas korrikut 1944. N\u00eb 1947, ai u caktua an\u00ebtar i Institutit t\u00eb Shkencave, instituti paraardh\u00ebs i Universitetit t\u00eb Tiran\u00ebs. Nga 1952 deri m\u00eb 1957, ai sh\u00ebrbeu si profesor i historis\u00eb s\u00eb Shqip\u00ebris\u00eb dhe fonetik\u00ebs historike. N\u00eb 1972, ai u b\u00eb an\u00ebtar themelues i Akademis\u00eb s\u00eb Shkencave. VEPRA Eqrem \u00c7abej u specializua n\u00eb gjuh\u00ebsin\u00eb krahasuese indo-evropiane. Veprimtarin\u00eb shkencore e shtjelloi n\u00eb gjuh\u00ebsi, por edhe jasht\u00eb saj, n\u00eb folklor, etnografi dhe histori t\u00eb let\u00ebrsis\u00eb.<\/p>\n<p>Vend zen\u00eb studimet etimologjike dhe leksikologjike historike, dialektologjia e onomastik\u00ebs si edhe kodifikimi i gjuh\u00ebs letrare. \u00c7abej ka dh\u00ebn\u00eb nj\u00eb ndihm\u00eb t\u00eb \u00e7muar me nj\u00eb varg sqarimesh etimologjike gjat\u00eb hartimit t\u00eb Fjalorit t\u00eb gjuh\u00ebs shqipe t\u00eb botuar n\u00eb Tiran\u00eb m\u00eb 1980. M\u00eb 1951 shkroi \u201cSonetet\u201d, nj\u00eb lib\u00ebrth kushtuar s\u00eb shoqes, Shyhrete Turkeshit, q\u00eb e kishte njohur pranver\u00ebn e 1949 e porsa dal\u00eb nga burgu dhe punonte n\u00eb Bibliotek\u00ebn Komb\u00ebtare. U botuan p\u00ebr her\u00eb t\u00eb par\u00eb me rastin e 100-vjetorit t\u00eb lindjes m\u00eb 2008 nga sht\u00ebpia botuese \u00c7abej, drejtuar nga e bija, Brikena . M\u00eb posht\u00eb ju sjellim letr\u00ebn q\u00eb ai ua kishte kushtuar m\u00ebsuesve, duke ua kujtuar q\u00eb m\u00ebsuesia \u00ebsht\u00eb mision dhe se shembullin duhet ta japin p\u00ebrmes sjelljes s\u00eb tyre.<\/p>\n<p><strong>LETRA DHE K\u00cbSHILLAT E EQREM \u00c7ABEJT P\u00cbR M\u00cbSUESIT<\/strong><\/p>\n<p>Ju do t\u00eb b\u00ebheni m\u00ebsues. M\u00ebsuesia nuk \u00ebsht\u00eb profesion, ajo \u00ebsht\u00eb mision. Ju do t\u00eb punoni p\u00ebr formimin e njeriut.<\/p>\n<p>Gabimet q\u00eb mund t\u00eb b\u00ebjn\u00eb profesionist\u00ebt e ndrysh\u00ebm, mund t\u00eb korrigjohen me disa shpenzime, por gabimet q\u00eb mund t\u00eb b\u00ebni ju me nx\u00ebn\u00ebsit, jan\u00eb t\u00eb pakorrigjueshme. Po ta formosh shtremb\u00ebr karakterin e nj\u00eb njeriu, \u00ebsht\u00eb shum\u00eb, shum\u00eb e v\u00ebshtir\u00eb, n\u00eb mos \u00ebsht\u00eb e pamundur, ta ndreq\u00ebsh at\u00eb. Ju duhet t\u00eb edukoni p\u00ebrmes sjelljes suaj, p\u00ebrmes shembullit tuaj. N\u00eb rast se ju silleni keq, edhe sikur t\u00eb mbani dhjet\u00ebra leksione morali, ose leksione p\u00ebr nevoj\u00ebn e sjelljes s\u00eb mir\u00eb, nx\u00ebn\u00ebsit nuk do t\u00eb p\u00ebrfitojn\u00eb asgj\u00eb, ata do t\u00eb ndikohen kryesisht prej sjelljes suaj. Shembulli t\u00eb b\u00ebn ta ndjek\u00ebsh njeriun.<\/p>\n<ul>\n<li>Kur punoni, punoni seriozisht dhe me ritmin e duhur.<\/li>\n<li>Mos u merrni me muhabete gjat\u00eb pun\u00ebs. Kur t\u00eb pushoni, pushoni v\u00ebrtet.<\/li>\n<li>Mos p\u00ebrzieni pun\u00ebn me pushimin dhe pushimin mepun\u00ebn.<\/li>\n<li>Ata t\u00eb cil\u00ebt gjat\u00eb pun\u00ebs b\u00ebjn\u00eb muhabete dhe gjat\u00eb pushimit p\u00ebrpiqen t\u00eb kryejn\u00eb ndonj\u00eb pun\u00eb t\u00eb mbetur n\u00eb mes, nuk arrijn\u00eb rezultatet e duhura.<\/li>\n<\/ul>\n<ul><\/ul>\n<ul><\/ul>\n<ul>\n<li>Mos jini kategorik\u00eb.<\/li>\n<li>Gjith\u00e7ka shikojeni me sy kritik.<\/li>\n<li>Mos e konsideroni veten tep\u00ebr t\u00eb rinj dhe t\u00eb paformuar p\u00ebr t\u00eb shprehur dyshime, p\u00ebr t\u00eb hapur diskutime,kur mendoni ndryshe.<\/li>\n<li>Mos kini turp t\u00eb pyesni p\u00ebr gj\u00ebra q\u00eb nuk i keni t\u00eb qarta<\/li>\n<li>Gj\u00ebrat e paqarta nuk mbahen mend.<\/li>\n<li>Mos b\u00ebni asnj\u00eb pun\u00eb shkel e shko.<\/li>\n<li>Mos filloni t\u00eb shkruani di\u00e7ka pa e pasur t\u00eb qart\u00eb n\u00eb kok\u00ebn tuaj<\/li>\n<li>Mos lini asnj\u00eb pun\u00eb pa e p\u00ebrfunduar plot\u00ebsisht dhe si duhet.<\/li>\n<li>Mos merrni dhe mos lejoni t\u2019ju marrin dinjitetin n\u00ebp\u00ebr k\u00ebmb\u00eb.<\/li>\n<li>Jeta e njeriut \u00ebsht\u00eb nj\u00eb fragment i planeve, d\u00ebshirave dhe \u00ebndrrave t\u00eb tij, prandaj kushtojuni planeve, d\u00ebshirave dhe \u00ebndrrave tuaja m\u00eb kryesore\u2026<strong>\/Gazeta Panorama<\/strong><\/li>\n<\/ul>\n<ul><\/ul>\n<ul><\/ul>\n<ul><\/ul>\n<ul><\/ul>\n<ul><\/ul>\n","protected":false},"excerpt":{"rendered":"<p>18 Prill 2025 Eqrem \u00c7abej (Eskishehir, 7 gusht 1908 \u2013 Rom\u00eb, 13 gusht 1980) ishte arsimtar, gjuh\u00ebtar dhe albanolog shqiptar. P\u00ebrmes hulumtimeve dhe publikimeve t\u00eb tij ka z\u00ebn\u00eb vendin e nj\u00eb autoriteti ky\u00e7 sa i p\u00ebrket gjuh\u00ebsis\u00eb, etnologjis\u00eb, let\u00ebrsis\u00eb dhe gjuh\u00ebs shqipe. M\u00ebsimet e para i mori n\u00eb Gjirokast\u00ebr prej 1915 e deri m\u00eb 1920, [&hellip;]<\/p>\n","protected":false},"author":9,"featured_media":91543,"comment_status":"open","ping_status":"open","sticky":false,"template":"","format":"standard","meta":{"jetpack_post_was_ever_published":false,"_jetpack_newsletter_access":"","_jetpack_dont_email_post_to_subs":false,"_jetpack_newsletter_tier_id":0,"_jetpack_memberships_contains_paywalled_content":false,"_jetpack_memberships_contains_paid_content":false,"footnotes":"","jetpack_publicize_message":"","jetpack_publicize_feature_enabled":true,"jetpack_social_post_already_shared":true,"jetpack_social_options":{"image_generator_settings":{"template":"highway","default_image_id":0,"font":"","enabled":false},"version":2}},"categories":[27,85,10,1],"tags":[],"class_list":["post-91542","post","type-post","status-publish","format-standard","has-post-thumbnail","hentry","category-blogu-i-udhetarit","category-histori","category-kultura","category-njoftime-shtypi"],"jetpack_publicize_connections":[],"jetpack_featured_media_url":"https:\/\/i0.wp.com\/www.shqiperia.com\/blog\/wp-content\/uploads\/2025\/04\/Eqrem-Cabej.jpg?fit=410%2C306&ssl=1","jetpack_sharing_enabled":true,"jetpack_shortlink":"https:\/\/wp.me\/p5Z6wp-nOu","jetpack-related-posts":[{"id":104187,"url":"https:\/\/www.shqiperia.com\/blog\/gruaja-e-havzi-neles-vetem-ne-shqiperi-biri-i-nje-ekzekutori-behet-kryeminister\/","url_meta":{"origin":91542,"position":0},"title":"Gruaja e Havzi Nel\u00ebs: &#8211; Vet\u00ebm n\u00eb Shqip\u00ebri, biri i nj\u00eb ekzekutori b\u00ebhet kryeminist\u00ebr.","author":"Kurt Farka","date":"August 11, 2026","format":false,"excerpt":"11 Gusht 2026 Bashk\u00ebshortja e poetit t\u00eb ndjer\u00eb disident Havzi Nela, i cili m\u00eb 10 gusht 1988, u d\u00ebnua me vdekje nga regjimi komunist, duke u varur n\u00eb qend\u00eb t\u00eb qytetit t\u00eb Kuk\u00ebsit, ka mbajtur nj\u00eb fjalim para Kryeministris\u00eb. Lavdije Nela tha se Rama duhet t\u00eb jap\u00eb dor\u00ebheqjen pasi Shqip\u00ebris\u00eb\u2026","rel":"","context":"In &quot;Blogu i Udh\u00ebtarit&quot;","block_context":{"text":"Blogu i Udh\u00ebtarit","link":"https:\/\/www.shqiperia.com\/blog\/category\/blogu-i-udhetarit\/"},"img":{"alt_text":"","src":"https:\/\/i0.wp.com\/www.shqiperia.com\/blog\/wp-content\/uploads\/2026\/08\/lavdija.jpg?fit=835%2C556&ssl=1&resize=350%2C200","width":350,"height":200,"srcset":"https:\/\/i0.wp.com\/www.shqiperia.com\/blog\/wp-content\/uploads\/2026\/08\/lavdija.jpg?fit=835%2C556&ssl=1&resize=350%2C200 1x, https:\/\/i0.wp.com\/www.shqiperia.com\/blog\/wp-content\/uploads\/2026\/08\/lavdija.jpg?fit=835%2C556&ssl=1&resize=525%2C300 1.5x, https:\/\/i0.wp.com\/www.shqiperia.com\/blog\/wp-content\/uploads\/2026\/08\/lavdija.jpg?fit=835%2C556&ssl=1&resize=700%2C400 2x"},"classes":[]},{"id":104406,"url":"https:\/\/www.shqiperia.com\/blog\/ndahet-nga-jeta-leze-rrika-mesuesja-qe-i-dha-shpirt-brezave-dhe-jete-tradites\/","url_meta":{"origin":91542,"position":1},"title":"Ndahet nga jeta Leze Rrika, m\u00ebsuesja q\u00eb i dha shpirt brezave dhe jet\u00eb tradit\u00ebs","author":"Kurt Farka","date":"August 14, 2026","format":false,"excerpt":"14 Gusht 2026 Ka njer\u00ebz q\u00eb kalojn\u00eb n\u00ebp\u00ebr jet\u00eb dhe l\u00ebn\u00eb pas kujtime. Ka edhe njer\u00ebz q\u00eb l\u00ebn\u00eb gjurm\u00eb. Leze Rrika ishte nj\u00eb prej tyre. Pas nj\u00eb beteje me nj\u00eb s\u00ebmundje t\u00eb r\u00ebnd\u00eb, \u00ebsht\u00eb ndar\u00eb nga jeta m\u00ebsuesja, koreografja, valltarja dhe drejtuesja e p\u00ebrkushtuar e arsimit, nj\u00eb em\u00ebr i njohur\u2026","rel":"","context":"In &quot;Njoftime Shtypi&quot;","block_context":{"text":"Njoftime Shtypi","link":"https:\/\/www.shqiperia.com\/blog\/category\/njoftime-shtypi\/"},"img":{"alt_text":"","src":"https:\/\/i0.wp.com\/www.shqiperia.com\/blog\/wp-content\/uploads\/2026\/08\/Leze-Rrika.jpeg?fit=768%2C576&ssl=1&resize=350%2C200","width":350,"height":200,"srcset":"https:\/\/i0.wp.com\/www.shqiperia.com\/blog\/wp-content\/uploads\/2026\/08\/Leze-Rrika.jpeg?fit=768%2C576&ssl=1&resize=350%2C200 1x, https:\/\/i0.wp.com\/www.shqiperia.com\/blog\/wp-content\/uploads\/2026\/08\/Leze-Rrika.jpeg?fit=768%2C576&ssl=1&resize=525%2C300 1.5x, https:\/\/i0.wp.com\/www.shqiperia.com\/blog\/wp-content\/uploads\/2026\/08\/Leze-Rrika.jpeg?fit=768%2C576&ssl=1&resize=700%2C400 2x"},"classes":[]},{"id":105547,"url":"https:\/\/www.shqiperia.com\/blog\/qeveria-kater-dite-pa-kryeminister-arratisja-e-mistershme-e-edi-rames-jashte-vendit-pa-njoftim-zyrtar-kush-e-thirri-me-urgjence-kryeministrin\/","url_meta":{"origin":91542,"position":2},"title":"Qeveria kat\u00ebr dit\u00eb pa kryeminist\u00ebr, arratisja e mistershme e Edi Ram\u00ebs jasht\u00eb vendit pa njoftim zyrtar, kush e thirri me urgjenc\u00eb kryeministrin?","author":"Kurt Farka","date":"August 31, 2026","format":false,"excerpt":"31 Gusht 2026 Kat\u00ebr dit\u00eb t\u00eb axhend\u00ebs s\u00eb Edi Ram\u00ebs kan\u00eb mbetur n\u00eb nj\u00eb pik\u00ebpyetje t\u00eb madhe. B\u00ebhet fjal\u00eb p\u00ebr dit\u00ebt nga e marta deri t\u00eb premten e jav\u00ebs q\u00eb lam\u00eb pas. N\u00eb publik, gjat\u00eb k\u00ebsaj periudhe, \u00ebsht\u00eb krijuar p\u00ebrshtypja se kryeministri ka vijuar normalisht aktivitetin politik n\u00eb Tiran\u00eb, me\u2026","rel":"","context":"In &quot;Blogu i Udh\u00ebtarit&quot;","block_context":{"text":"Blogu i Udh\u00ebtarit","link":"https:\/\/www.shqiperia.com\/blog\/category\/blogu-i-udhetarit\/"},"img":{"alt_text":"","src":"https:\/\/i0.wp.com\/www.shqiperia.com\/blog\/wp-content\/uploads\/2026\/08\/Edi-Rama-2.jpg?fit=1068%2C712&ssl=1&resize=350%2C200","width":350,"height":200,"srcset":"https:\/\/i0.wp.com\/www.shqiperia.com\/blog\/wp-content\/uploads\/2026\/08\/Edi-Rama-2.jpg?fit=1068%2C712&ssl=1&resize=350%2C200 1x, https:\/\/i0.wp.com\/www.shqiperia.com\/blog\/wp-content\/uploads\/2026\/08\/Edi-Rama-2.jpg?fit=1068%2C712&ssl=1&resize=525%2C300 1.5x, https:\/\/i0.wp.com\/www.shqiperia.com\/blog\/wp-content\/uploads\/2026\/08\/Edi-Rama-2.jpg?fit=1068%2C712&ssl=1&resize=700%2C400 2x, https:\/\/i0.wp.com\/www.shqiperia.com\/blog\/wp-content\/uploads\/2026\/08\/Edi-Rama-2.jpg?fit=1068%2C712&ssl=1&resize=1050%2C600 3x"},"classes":[]},{"id":104501,"url":"https:\/\/www.shqiperia.com\/blog\/bulevardi-kuq-e-zi-dje-nga-diaspora\/","url_meta":{"origin":91542,"position":3},"title":"Bulevardi kuq e zi dje nga Diaspora","author":"Kurt Farka","date":"August 15, 2026","format":false,"excerpt":"13 Gusht 2026 Sot mbahet protesta e 77-t\u00eb kund\u00ebr qeveris\u00eb s\u00eb Edi Ram\u00ebs, me qytetar\u00ebt q\u00eb k\u00ebrkojn\u00eb dor\u00ebheqjen e kryeministrit dhe t\u00eb qeveris\u00eb s\u00eb tij. Ashtu si mbr\u00ebmjen e djeshme, protesta e radh\u00ebs do t\u00eb nis\u00eb n\u00eb or\u00ebn 19:30, nd\u00ebrsa pritet nj\u00eb pjes\u00ebmarrje e konsiderueshme edhe nga diaspora shqiptare. Dje,\u2026","rel":"","context":"In &quot;Blogu i Udh\u00ebtarit&quot;","block_context":{"text":"Blogu i Udh\u00ebtarit","link":"https:\/\/www.shqiperia.com\/blog\/category\/blogu-i-udhetarit\/"},"img":{"alt_text":"","src":"https:\/\/i0.wp.com\/www.shqiperia.com\/blog\/wp-content\/uploads\/2026\/08\/354345345345.jpg?fit=996%2C549&ssl=1&resize=350%2C200","width":350,"height":200,"srcset":"https:\/\/i0.wp.com\/www.shqiperia.com\/blog\/wp-content\/uploads\/2026\/08\/354345345345.jpg?fit=996%2C549&ssl=1&resize=350%2C200 1x, https:\/\/i0.wp.com\/www.shqiperia.com\/blog\/wp-content\/uploads\/2026\/08\/354345345345.jpg?fit=996%2C549&ssl=1&resize=525%2C300 1.5x, https:\/\/i0.wp.com\/www.shqiperia.com\/blog\/wp-content\/uploads\/2026\/08\/354345345345.jpg?fit=996%2C549&ssl=1&resize=700%2C400 2x"},"classes":[]},{"id":104095,"url":"https:\/\/www.shqiperia.com\/blog\/ka-nje-krisje-brenda-grupit-te-ps\/","url_meta":{"origin":91542,"position":4},"title":"Ka nj\u00eb krisje brenda grupit t\u00eb PS\u2026","author":"Kurt Farka","date":"August 9, 2026","format":false,"excerpt":"9 Gusht 2026 Krenar Ahmeti, mori pjes\u00eb n\u00eb protest\u00ebn e 71-t\u00eb kund\u00ebr qeveris\u00eb s\u00eb Edi Ram\u00ebs ka hedhur akuza lidhur me p\u00ebrdorimin e fondeve amerikane dhe teknologjis\u00eb n\u00eb funksion t\u00eb institucioneve shtet\u00ebrore. Gjat\u00eb fjal\u00ebs s\u00eb tij n\u00eb protest\u00eb, ai ngriti pik\u00ebpyetje mbi nj\u00eb kredi prej 302 milion\u00eb dollar\u00ebsh nga Shtetet\u2026","rel":"","context":"In &quot;Blogu i Udh\u00ebtarit&quot;","block_context":{"text":"Blogu i Udh\u00ebtarit","link":"https:\/\/www.shqiperia.com\/blog\/category\/blogu-i-udhetarit\/"},"img":{"alt_text":"","src":"https:\/\/i0.wp.com\/www.shqiperia.com\/blog\/wp-content\/uploads\/2026\/08\/IMG_1028-1140x555-1.jpeg?fit=1140%2C555&ssl=1&resize=350%2C200","width":350,"height":200,"srcset":"https:\/\/i0.wp.com\/www.shqiperia.com\/blog\/wp-content\/uploads\/2026\/08\/IMG_1028-1140x555-1.jpeg?fit=1140%2C555&ssl=1&resize=350%2C200 1x, https:\/\/i0.wp.com\/www.shqiperia.com\/blog\/wp-content\/uploads\/2026\/08\/IMG_1028-1140x555-1.jpeg?fit=1140%2C555&ssl=1&resize=525%2C300 1.5x, https:\/\/i0.wp.com\/www.shqiperia.com\/blog\/wp-content\/uploads\/2026\/08\/IMG_1028-1140x555-1.jpeg?fit=1140%2C555&ssl=1&resize=700%2C400 2x, https:\/\/i0.wp.com\/www.shqiperia.com\/blog\/wp-content\/uploads\/2026\/08\/IMG_1028-1140x555-1.jpeg?fit=1140%2C555&ssl=1&resize=1050%2C600 3x"},"classes":[]},{"id":104329,"url":"https:\/\/www.shqiperia.com\/blog\/kercenoi-me-jete-grupin-e-ora-news-sinan-hamdi-idrizi-kapet-ne-ferra-pas-ngjarjes-gjate-xhirimeve-ne-fshatin-zbarqe\/","url_meta":{"origin":91542,"position":5},"title":"K\u00cbRC\u00cbNOI ME JET\u00cb GRUPIN E \u201cORA NEWS\u201d\/ Sinan Hamdi Idrizi kapet n\u00eb ferra, pas ngjarjes gjat\u00eb xhirimeve n\u00eb fshatin Zbarqe","author":"Kurt Farka","date":"August 13, 2026","format":false,"excerpt":"13 Gusht 2026 Nga OraNews. Nj\u00eb grup xhirimi i Ora News u k\u00ebrc\u00ebnua me jet\u00eb gjat\u00eb realizimit t\u00eb nj\u00eb kronike n\u00eb fshatin Zbarqe t\u00eb Tiran\u00ebs. Gazetarja dhe operatori kishin shkuar n\u00eb zon\u00eb pas denoncimit t\u00eb banor\u00ebve p\u00ebr d\u00ebmtimin e nj\u00eb burimi historik t\u00eb ujit t\u00eb pijsh\u00ebm. Policia Tiran\u00ebs n\u00eb nj\u00eb\u2026","rel":"","context":"In &quot;Blogu i Udh\u00ebtarit&quot;","block_context":{"text":"Blogu i Udh\u00ebtarit","link":"https:\/\/www.shqiperia.com\/blog\/category\/blogu-i-udhetarit\/"},"img":{"alt_text":"","src":"https:\/\/i0.wp.com\/www.shqiperia.com\/blog\/wp-content\/uploads\/2026\/08\/Ky-eshte-Sinan-Hamdi-Idrizi-qe-guxoi-te-kercenonte-me-jete-grupin-e-xhirimit-te-Ora-News.jpeg?fit=640%2C455&ssl=1&resize=350%2C200","width":350,"height":200,"srcset":"https:\/\/i0.wp.com\/www.shqiperia.com\/blog\/wp-content\/uploads\/2026\/08\/Ky-eshte-Sinan-Hamdi-Idrizi-qe-guxoi-te-kercenonte-me-jete-grupin-e-xhirimit-te-Ora-News.jpeg?fit=640%2C455&ssl=1&resize=350%2C200 1x, https:\/\/i0.wp.com\/www.shqiperia.com\/blog\/wp-content\/uploads\/2026\/08\/Ky-eshte-Sinan-Hamdi-Idrizi-qe-guxoi-te-kercenonte-me-jete-grupin-e-xhirimit-te-Ora-News.jpeg?fit=640%2C455&ssl=1&resize=525%2C300 1.5x"},"classes":[]}],"_links":{"self":[{"href":"https:\/\/www.shqiperia.com\/blog\/wp-json\/wp\/v2\/posts\/91542","targetHints":{"allow":["GET"]}}],"collection":[{"href":"https:\/\/www.shqiperia.com\/blog\/wp-json\/wp\/v2\/posts"}],"about":[{"href":"https:\/\/www.shqiperia.com\/blog\/wp-json\/wp\/v2\/types\/post"}],"author":[{"embeddable":true,"href":"https:\/\/www.shqiperia.com\/blog\/wp-json\/wp\/v2\/users\/9"}],"replies":[{"embeddable":true,"href":"https:\/\/www.shqiperia.com\/blog\/wp-json\/wp\/v2\/comments?post=91542"}],"version-history":[{"count":3,"href":"https:\/\/www.shqiperia.com\/blog\/wp-json\/wp\/v2\/posts\/91542\/revisions"}],"predecessor-version":[{"id":91546,"href":"https:\/\/www.shqiperia.com\/blog\/wp-json\/wp\/v2\/posts\/91542\/revisions\/91546"}],"wp:featuredmedia":[{"embeddable":true,"href":"https:\/\/www.shqiperia.com\/blog\/wp-json\/wp\/v2\/media\/91543"}],"wp:attachment":[{"href":"https:\/\/www.shqiperia.com\/blog\/wp-json\/wp\/v2\/media?parent=91542"}],"wp:term":[{"taxonomy":"category","embeddable":true,"href":"https:\/\/www.shqiperia.com\/blog\/wp-json\/wp\/v2\/categories?post=91542"},{"taxonomy":"post_tag","embeddable":true,"href":"https:\/\/www.shqiperia.com\/blog\/wp-json\/wp\/v2\/tags?post=91542"}],"curies":[{"name":"wp","href":"https:\/\/api.w.org\/{rel}","templated":true}]}}