{"id":91520,"date":"2025-04-17T12:37:44","date_gmt":"2025-04-17T12:37:44","guid":{"rendered":"https:\/\/www.shqiperia.com\/blog\/?p=91520"},"modified":"2025-04-17T12:37:44","modified_gmt":"2025-04-17T12:37:44","slug":"libri-i-lidhur-me-lekure-njeriu-gjendet-ne-zyren-e-muzeut","status":"publish","type":"post","link":"https:\/\/www.shqiperia.com\/blog\/libri-i-lidhur-me-lekure-njeriu-gjendet-ne-zyren-e-muzeut\/","title":{"rendered":"Libri i lidhur me l\u00ebkur\u00eb njeriu gjendet n\u00eb zyr\u00ebn e muzeut"},"content":{"rendered":"<p><img data-recalc-dims=\"1\" loading=\"lazy\" decoding=\"async\" data-attachment-id=\"91521\" data-permalink=\"https:\/\/www.shqiperia.com\/blog\/libri-i-lidhur-me-lekure-njeriu-gjendet-ne-zyren-e-muzeut\/auto_90f07950-1175-11f0-bef7-27730fea7c1a-jpg1744823048\/\" data-orig-file=\"https:\/\/i0.wp.com\/www.shqiperia.com\/blog\/wp-content\/uploads\/2025\/04\/auto_90f07950-1175-11f0-bef7-27730fea7c1a.jpg1744823048.webp?fit=1024%2C575&amp;ssl=1\" data-orig-size=\"1024,575\" data-comments-opened=\"1\" data-image-meta=\"{&quot;aperture&quot;:&quot;0&quot;,&quot;credit&quot;:&quot;&quot;,&quot;camera&quot;:&quot;&quot;,&quot;caption&quot;:&quot;&quot;,&quot;created_timestamp&quot;:&quot;0&quot;,&quot;copyright&quot;:&quot;&quot;,&quot;focal_length&quot;:&quot;0&quot;,&quot;iso&quot;:&quot;0&quot;,&quot;shutter_speed&quot;:&quot;0&quot;,&quot;title&quot;:&quot;&quot;,&quot;orientation&quot;:&quot;0&quot;}\" data-image-title=\"auto_90f07950-1175-11f0-bef7-27730fea7c1a.jpg1744823048\" data-image-description=\"\" data-image-caption=\"\" data-medium-file=\"https:\/\/i0.wp.com\/www.shqiperia.com\/blog\/wp-content\/uploads\/2025\/04\/auto_90f07950-1175-11f0-bef7-27730fea7c1a.jpg1744823048.webp?fit=300%2C168&amp;ssl=1\" data-large-file=\"https:\/\/i0.wp.com\/www.shqiperia.com\/blog\/wp-content\/uploads\/2025\/04\/auto_90f07950-1175-11f0-bef7-27730fea7c1a.jpg1744823048.webp?fit=1024%2C575&amp;ssl=1\" class=\"alignnone  wp-image-91521\" alt=\"\" src=\"https:\/\/i0.wp.com\/www.shqiperia.com\/blog\/wp-content\/uploads\/2025\/04\/auto_90f07950-1175-11f0-bef7-27730fea7c1a.jpg1744823048.webp?resize=673%2C377&#038;ssl=1\" width=\"673\" height=\"377\" srcset=\"https:\/\/i0.wp.com\/www.shqiperia.com\/blog\/wp-content\/uploads\/2025\/04\/auto_90f07950-1175-11f0-bef7-27730fea7c1a.jpg1744823048.webp?resize=300%2C168&amp;ssl=1 300w, https:\/\/i0.wp.com\/www.shqiperia.com\/blog\/wp-content\/uploads\/2025\/04\/auto_90f07950-1175-11f0-bef7-27730fea7c1a.jpg1744823048.webp?resize=768%2C431&amp;ssl=1 768w, https:\/\/i0.wp.com\/www.shqiperia.com\/blog\/wp-content\/uploads\/2025\/04\/auto_90f07950-1175-11f0-bef7-27730fea7c1a.jpg1744823048.webp?resize=450%2C253&amp;ssl=1 450w, https:\/\/i0.wp.com\/www.shqiperia.com\/blog\/wp-content\/uploads\/2025\/04\/auto_90f07950-1175-11f0-bef7-27730fea7c1a.jpg1744823048.webp?resize=600%2C337&amp;ssl=1 600w, https:\/\/i0.wp.com\/www.shqiperia.com\/blog\/wp-content\/uploads\/2025\/04\/auto_90f07950-1175-11f0-bef7-27730fea7c1a.jpg1744823048.webp?resize=400%2C225&amp;ssl=1 400w, https:\/\/i0.wp.com\/www.shqiperia.com\/blog\/wp-content\/uploads\/2025\/04\/auto_90f07950-1175-11f0-bef7-27730fea7c1a.jpg1744823048.webp?w=1024&amp;ssl=1 1024w\" sizes=\"auto, (max-width: 673px) 100vw, 673px\" \/><\/p>\n<p>17 Prill 2025<\/p>\n<p>Nj\u00eb lib\u00ebr i lidhur me l\u00ebkur\u00ebn e nj\u00ebrit prej vras\u00ebsve m\u00eb t\u00eb njohur n\u00eb Mbret\u00ebrin\u00eb e Bashkuar do t\u00eb ekspozohet pas u gjet n\u00eb zyr\u00ebn e nj\u00eb muzeu.<\/p>\n<p>Ky lib\u00ebr besohet t\u00eb jet\u00eb b\u00ebr\u00eb duke p\u00ebrdorur l\u00ebkur\u00ebn e William Corder-it, njeriut t\u00eb d\u00ebnuar p\u00ebr vrasjen e Maria Martenit n\u00eb vrasjen e Red Barnit n\u00eb vitin 1827, dhe do t\u00eb shfaqet s\u00eb bashku me nj\u00eb send t\u00eb ngjash\u00ebm n\u00eb Muzeun Moyse\u2019s Hall n\u00eb Bury St Edmunds, Suffolk.<\/p>\n<p>Dan Clarke, n\u00ebpun\u00ebs p\u00ebr trash\u00ebgimis\u00eb, tha se librat kishin nj\u00eb &#8220;vler\u00eb historike jasht\u00ebzakonisht t\u00eb r\u00ebnd\u00ebsishme&#8221; dhe se nuk kishte marr\u00eb asnj\u00eb ankes\u00eb p\u00ebr librin e par\u00eb q\u00eb ishte ekspozuar.<\/p>\n<div id=\"rekl-13\">\n<div class=\"__sap-ads __sap-html inline tracked\" id=\"__sap-ad-15\" data-title=\"Credins desktop Brenda lajmit 08\"><ins data-revive-zoneid=\"232\" data-revive-id=\"bb955798f4edaf8793550f6d099bd718\"><\/ins><\/div>\n<\/div>\n<p>Megjithat\u00eb, Terry Deary, autori i Horrible Histories, i p\u00ebrshkroi ata si &#8220;artefakte shqet\u00ebsuese&#8221;, duke shtuar: &#8220;K\u00ebta jan\u00eb dy libra q\u00eb do t\u00eb doja t\u2019i digjja.&#8221;<\/p>\n<p>Historia e vrasjes s\u00eb vitit 1827 n\u00eb Polstead, Suffolk, tronditi Britanin\u00eb xhorxhiane. Q\u00eb at\u00ebher\u00eb, ajo ka qen\u00eb objekt i shum\u00eb filmave, librave, dramave dhe k\u00ebng\u00ebve popullore.<\/p>\n<p>Versioni m\u00eb i treguar zakonisht \u00ebsht\u00eb se Corder kishte pasur nj\u00eb romanc\u00eb me zonj\u00ebn Marten. Ai i tha asaj t\u00eb takohej me t\u00eb n\u00eb Red Barn, duke th\u00ebn\u00eb se ata do t\u00eb iknin p\u00ebr n\u00eb Ipswich p\u00ebr t\u2019u martuar. Por Corder e q\u00eblloi dhe e vrau zonj\u00ebn Marten, duke e varrosur n\u00eb plevic\u00eb. Ai u kap dhe u ekzekutua publikisht me 11 gusht 1828. Trupi i tij u disektua dhe nj\u00eb pjes\u00eb e l\u00ebkur\u00ebs s\u00eb tij u p\u00ebrdor p\u00ebr t\u00eb lidhur nj\u00eb lib\u00ebr q\u00eb tregonte historin\u00eb e gjykimit t\u00eb tij. Ky lib\u00ebr u ekspozua n\u00eb muze n\u00eb vitin 1933.<\/p>\n<p>Por koh\u00ebt e fundit, kurator\u00ebt ishin duke shqyrtuar katalogun e muzeut dhe e kuptuan se kishte nj\u00eb lib\u00ebr t\u00eb dyt\u00eb q\u00eb ishte l\u00ebn\u00eb pas dore. Ky lib\u00ebr ishte dhuruar dekada m\u00eb par\u00eb nga nj\u00eb familje me lidhje t\u00eb ngushta me kirurgun q\u00eb e kishte disektuar trupin e Corder-it. Libri u gjet, jo n\u00eb depo t\u00eb muzeut, por n\u00eb nj\u00eb raft librash n\u00eb zyr\u00eb, pran\u00eb librave t\u00eb tjer\u00eb t\u00eb lidhur me materiale m\u00eb tradicionale.<\/p>\n<p>Zoti Clarke tha: &#8220;Ne marrim di\u00e7ka q\u00eb quhet humbje muzeale, dhe zakonisht ndodh nga shekulli i kaluar, gj\u00ebra q\u00eb nuk jan\u00eb par\u00eb p\u00ebr disa dekada. Kjo mund t\u00eb konsiderohet si nj\u00eb humbje muzeale q\u00eb \u00ebsht\u00eb gjetur.&#8221;<\/p>\n<div id=\"attachment_91522\" style=\"width: 839px\" class=\"wp-caption alignnone\"><img data-recalc-dims=\"1\" loading=\"lazy\" decoding=\"async\" aria-describedby=\"caption-attachment-91522\" data-attachment-id=\"91522\" data-permalink=\"https:\/\/www.shqiperia.com\/blog\/libri-i-lidhur-me-lekure-njeriu-gjendet-ne-zyren-e-muzeut\/libri-i-lidhur-me-lekure-njeriu-gjendet-ne-zyren-e-muzeut\/\" data-orig-file=\"https:\/\/i0.wp.com\/www.shqiperia.com\/blog\/wp-content\/uploads\/2025\/04\/Libri-i-lidhur-me-lekure-njeriu-gjendet-ne-zyren-e-muzeut.webp?fit=1024%2C576&amp;ssl=1\" data-orig-size=\"1024,576\" data-comments-opened=\"1\" data-image-meta=\"{&quot;aperture&quot;:&quot;0&quot;,&quot;credit&quot;:&quot;&quot;,&quot;camera&quot;:&quot;&quot;,&quot;caption&quot;:&quot;&quot;,&quot;created_timestamp&quot;:&quot;0&quot;,&quot;copyright&quot;:&quot;&quot;,&quot;focal_length&quot;:&quot;0&quot;,&quot;iso&quot;:&quot;0&quot;,&quot;shutter_speed&quot;:&quot;0&quot;,&quot;title&quot;:&quot;&quot;,&quot;orientation&quot;:&quot;0&quot;}\" data-image-title=\"Libri i lidhur me l\u00ebkur\u00eb njeriu gjendet n\u00eb zyr\u00ebn e muzeut\" data-image-description=\"\" data-image-caption=\"&lt;p&gt;Libri i lidhur me l\u00ebkur\u00eb njeriu gjendet n\u00eb zyr\u00ebn e muzeut&lt;\/p&gt;\n\" data-medium-file=\"https:\/\/i0.wp.com\/www.shqiperia.com\/blog\/wp-content\/uploads\/2025\/04\/Libri-i-lidhur-me-lekure-njeriu-gjendet-ne-zyren-e-muzeut.webp?fit=300%2C169&amp;ssl=1\" data-large-file=\"https:\/\/i0.wp.com\/www.shqiperia.com\/blog\/wp-content\/uploads\/2025\/04\/Libri-i-lidhur-me-lekure-njeriu-gjendet-ne-zyren-e-muzeut.webp?fit=1024%2C576&amp;ssl=1\" class=\" wp-image-91522\" alt=\"\" src=\"https:\/\/i0.wp.com\/www.shqiperia.com\/blog\/wp-content\/uploads\/2025\/04\/Libri-i-lidhur-me-lekure-njeriu-gjendet-ne-zyren-e-muzeut.webp?resize=829%2C467&#038;ssl=1\" width=\"829\" height=\"467\" srcset=\"https:\/\/i0.wp.com\/www.shqiperia.com\/blog\/wp-content\/uploads\/2025\/04\/Libri-i-lidhur-me-lekure-njeriu-gjendet-ne-zyren-e-muzeut.webp?resize=300%2C169&amp;ssl=1 300w, https:\/\/i0.wp.com\/www.shqiperia.com\/blog\/wp-content\/uploads\/2025\/04\/Libri-i-lidhur-me-lekure-njeriu-gjendet-ne-zyren-e-muzeut.webp?resize=768%2C432&amp;ssl=1 768w, https:\/\/i0.wp.com\/www.shqiperia.com\/blog\/wp-content\/uploads\/2025\/04\/Libri-i-lidhur-me-lekure-njeriu-gjendet-ne-zyren-e-muzeut.webp?resize=450%2C253&amp;ssl=1 450w, https:\/\/i0.wp.com\/www.shqiperia.com\/blog\/wp-content\/uploads\/2025\/04\/Libri-i-lidhur-me-lekure-njeriu-gjendet-ne-zyren-e-muzeut.webp?resize=600%2C338&amp;ssl=1 600w, https:\/\/i0.wp.com\/www.shqiperia.com\/blog\/wp-content\/uploads\/2025\/04\/Libri-i-lidhur-me-lekure-njeriu-gjendet-ne-zyren-e-muzeut.webp?resize=400%2C225&amp;ssl=1 400w, https:\/\/i0.wp.com\/www.shqiperia.com\/blog\/wp-content\/uploads\/2025\/04\/Libri-i-lidhur-me-lekure-njeriu-gjendet-ne-zyren-e-muzeut.webp?w=1024&amp;ssl=1 1024w\" sizes=\"auto, (max-width: 829px) 100vw, 829px\" \/><p id=\"caption-attachment-91522\" class=\"wp-caption-text\">Libri i lidhur me l\u00ebkur\u00eb njeriu gjendet n\u00eb zyr\u00ebn e muzeut<\/p><\/div>\n<p>Ndryshe nga libri i par\u00eb i Corder-it, l\u00ebkura \u00ebsht\u00eb vet\u00ebm n\u00eb lidhjen dhe qoshet e librit. Lidhja e librave me l\u00ebkur\u00eb njeriu \u00ebsht\u00eb e njohur si bibliopegjia antropodermike. Librat shpesh krijoheshin n\u00eb shekullin e 19-t\u00eb p\u00ebr t\u00eb nd\u00ebshkuar t\u00eb d\u00ebnuarit e ekzekutuar ose nga mjek\u00ebt q\u00eb d\u00ebshironin nj\u00eb kujtim.<\/p>\n<p>Deary, i cili ka shitur miliona libra t\u00eb seris\u00eb Horrible Histories dhe i ka shnd\u00ebrruar ato n\u00eb nj\u00eb seri televizive, tha se Corder ishte d\u00ebnuar me prova rrethore dhe vuajti tmerr\u00ebsisht si pasoj\u00eb e k\u00ebsaj.<\/p>\n<p>P\u00ebr objektet e muzeut, ai tha: &#8220;E di q\u00eb nuk duhet t\u00eb djeg\u00ebsh libra, por sinqerisht k\u00ebto jan\u00eb artefakte shum\u00eb shqet\u00ebsuese. Ajo q\u00eb ishte m\u00eb keq se varja ishte mendimi q\u00eb trupi i tyre do t\u00eb disektohej pas vdekjes, dhe ky \u00ebsht\u00eb nj\u00eb vazhdim i asaj.&#8221;<\/p>\n<p>N\u00eb mars 2024, Universiteti i Harvardit hoqi lidhjen e l\u00ebkur\u00ebs nga nj\u00eb lib\u00ebr i shekullit t\u00eb 19-t\u00eb n\u00eb bibliotek\u00ebn e tij &#8220;p\u00ebr shkak t\u00eb natyr\u00ebs etike t\u00eb ngjarjeve t\u00eb librit dhe historis\u00eb s\u00eb tij pasuese.&#8221;<\/p>\n<p>Por stafi n\u00eb Moyse\u2019s Hall tha se kjo nuk do t\u00eb ndodhte me asnj\u00eb nga librat e tij, t\u00eb cil\u00ebt tani jan\u00eb ekspozuar s\u00eb bashku. Zoti Clarke tha: &#8220;Ne shohim mbetje njer\u00ebzore n\u00eb \u00e7do muze n\u00eb mbar\u00eb vendin.&#8221;<\/p>\n<p>N\u00eb 11 vitet e tij n\u00eb muze, ai tha se nuk kishte pasur asnj\u00eb ankes\u00eb p\u00ebr librin e par\u00eb, por ishin ngritur shqet\u00ebsime p\u00ebr ekspozimin e maceve t\u00eb mumifikuara si pjes\u00eb e nj\u00eb ekspozite t\u00eb magjis\u00eb.<\/p>\n<p>Ndihm\u00ebsja e trash\u00ebgimis\u00eb, Abbie Smith, pati mund\u00ebsin\u00eb t\u00eb mbante librat n\u00eb dit\u00ebn e saj t\u00eb par\u00eb n\u00eb pun\u00eb dhe tha se ato ndiqeshin &#8220;si nj\u00eb lib\u00ebr i v\u00ebrtet\u00eb.&#8221;<\/p>\n<p>&#8220;Po t\u00eb mos u thoshit njer\u00ebzve q\u00eb \u00ebsht\u00eb i lidhur me l\u00ebkur\u00eb njeriu, mendoj se nuk do ta kuptonin,&#8221; tha ajo.<\/p>\n<p>&#8220;\u00cbsht\u00eb gjithashtu p\u00ebrul\u00ebsi t\u00eb kesh di\u00e7ka t\u00eb till\u00eb n\u00eb koleksion.&#8221; \/ BBC<\/p>\n<div class=\"fotogaleri\">\n<div class=\"bx-wrapper\">\n<div class=\"bx-viewport\"><\/div>\n<\/div>\n<\/div>\n","protected":false},"excerpt":{"rendered":"<p>17 Prill 2025 Nj\u00eb lib\u00ebr i lidhur me l\u00ebkur\u00ebn e nj\u00ebrit prej vras\u00ebsve m\u00eb t\u00eb njohur n\u00eb Mbret\u00ebrin\u00eb e Bashkuar do t\u00eb ekspozohet pas u gjet n\u00eb zyr\u00ebn e nj\u00eb muzeu. Ky lib\u00ebr besohet t\u00eb jet\u00eb b\u00ebr\u00eb duke p\u00ebrdorur l\u00ebkur\u00ebn e William Corder-it, njeriut t\u00eb d\u00ebnuar p\u00ebr vrasjen e Maria Martenit n\u00eb vrasjen e Red [&hellip;]<\/p>\n","protected":false},"author":9,"featured_media":91521,"comment_status":"open","ping_status":"open","sticky":false,"template":"","format":"standard","meta":{"jetpack_post_was_ever_published":false,"_jetpack_newsletter_access":"","_jetpack_dont_email_post_to_subs":false,"_jetpack_newsletter_tier_id":0,"_jetpack_memberships_contains_paywalled_content":false,"_jetpack_memberships_contains_paid_content":false,"footnotes":"","jetpack_publicize_message":"","jetpack_publicize_feature_enabled":true,"jetpack_social_post_already_shared":true,"jetpack_social_options":{"image_generator_settings":{"template":"highway","default_image_id":0,"font":"","enabled":false},"version":2}},"categories":[27,1,14],"tags":[],"class_list":["post-91520","post","type-post","status-publish","format-standard","has-post-thumbnail","hentry","category-blogu-i-udhetarit","category-njoftime-shtypi","category-press-releases"],"jetpack_publicize_connections":[],"jetpack_featured_media_url":"https:\/\/i0.wp.com\/www.shqiperia.com\/blog\/wp-content\/uploads\/2025\/04\/auto_90f07950-1175-11f0-bef7-27730fea7c1a.jpg1744823048.webp?fit=1024%2C575&ssl=1","jetpack_sharing_enabled":true,"jetpack_shortlink":"https:\/\/wp.me\/p5Z6wp-nO8","jetpack-related-posts":[{"id":80435,"url":"https:\/\/www.shqiperia.com\/blog\/sherr-me-grushte-ne-zyren-e-kryebashkiakut-te-pukes\/","url_meta":{"origin":91520,"position":0},"title":"Sherr me grushte n\u00eb zyr\u00ebn e kryebashkiakut t\u00eb Puk\u00ebs","author":"Kurt Farka","date":"April 25, 2024","format":false,"excerpt":"25 Prill 2024 Gazeta Sot Burime t\u00eb brendshme nga Bashkia e Puk\u00ebs b\u00ebjn\u00eb me dije se nj\u00eb situat\u00eb e pazakont\u00eb \u00ebsht\u00eb regjistruar rreth or\u00ebs 16:30 t\u00eb nj\u00eb dite m\u00eb par\u00eb n\u00eb zyren e kryebashkiakut Rrok Dodaj, i cili duket se \u00ebsht\u00eb b\u00ebr\u00eb arbit\u00ebr i k\u00ebsaj situate. Shkak m\u00ebsohet se kan\u00eb\u2026","rel":"","context":"In &quot;Blogu i Udh\u00ebtarit&quot;","block_context":{"text":"Blogu i Udh\u00ebtarit","link":"https:\/\/www.shqiperia.com\/blog\/category\/blogu-i-udhetarit\/"},"img":{"alt_text":"","src":"https:\/\/i0.wp.com\/www.shqiperia.com\/blog\/wp-content\/uploads\/2024\/04\/662a74ed9ac10.jpg?fit=1200%2C784&ssl=1&resize=350%2C200","width":350,"height":200,"srcset":"https:\/\/i0.wp.com\/www.shqiperia.com\/blog\/wp-content\/uploads\/2024\/04\/662a74ed9ac10.jpg?fit=1200%2C784&ssl=1&resize=350%2C200 1x, https:\/\/i0.wp.com\/www.shqiperia.com\/blog\/wp-content\/uploads\/2024\/04\/662a74ed9ac10.jpg?fit=1200%2C784&ssl=1&resize=525%2C300 1.5x, https:\/\/i0.wp.com\/www.shqiperia.com\/blog\/wp-content\/uploads\/2024\/04\/662a74ed9ac10.jpg?fit=1200%2C784&ssl=1&resize=700%2C400 2x, https:\/\/i0.wp.com\/www.shqiperia.com\/blog\/wp-content\/uploads\/2024\/04\/662a74ed9ac10.jpg?fit=1200%2C784&ssl=1&resize=1050%2C600 3x"},"classes":[]},{"id":1058,"url":"https:\/\/www.shqiperia.com\/blog\/sarkofagu-meleagrit-nje-mitologji-durrsake-qe-fle-ne-stamboll-foto\/","url_meta":{"origin":91520,"position":1},"title":"Sarkofagu i Meleagrit, nj\u00eb mitologji durrsake q\u00eb fle n\u00eb Stamboll (Foto)","author":"Kurt Farka","date":"January 11, 2018","format":false,"excerpt":"Nga: Frederik Stamati Frederik Stamati, studiues n\u00eb q\u00ebndr\u00ebn e Studimeve Albanologjike, ka vizituar k\u00ebto dit\u00eb Muzeun Arkeologjik t\u00eb Stambollit dhe sjell si p\u00ebrshtypje t\u00eb par\u00eb Sarkofogun e Meleagrit, i zbuluar n\u00eb Durr\u00ebs dhe i transportuar n\u00eb Stamboll n\u00eb koh\u00ebn e pushtimit turk. \u201cN\u00eb etiket\u00ebn shpjeguese t\u00eb k\u00ebtij sarkofago thuhet se\u2026","rel":"","context":"In &quot;Trashegimi Kulturore&quot;","block_context":{"text":"Trashegimi Kulturore","link":"https:\/\/www.shqiperia.com\/blog\/category\/trashegimi-kulturore\/"},"img":{"alt_text":"","src":"https:\/\/i0.wp.com\/www.shqiperia.com\/blog\/wp-content\/uploads\/2018\/01\/Sarkofagu-i-Durresit-2.jpg?resize=350%2C200","width":350,"height":200},"classes":[]},{"id":47238,"url":"https:\/\/www.shqiperia.com\/blog\/letra-per-kuvendin-presidenti-publikon-shkresat-per-ngjarjen-ne-kavaje-dhe-perplasjen-ne-elbasan-policia-e-prokuroria-mund-ta-kishin-shmangur-vrasjen-e-pjerin-xhuvanit\/","url_meta":{"origin":91520,"position":2},"title":"LETRA PER KUVENDIN.\u00a0 Presidenti publikon shkresat p\u00ebr ngjarjen n\u00eb Kavaj\u00eb dhe p\u00ebrplasjen n\u00eb Elbasan: &#8211; Policia e Prokuroria mund ta kishin shmangur vrasjen e Pjerin Xhuvanit!","author":"Kurt Farka","date":"May 5, 2021","format":false,"excerpt":"LETRA PER KUVENDIN.\u00a0 Presidenti publikon shkresat p\u00ebr ngjarjen n\u00eb Kavaj\u00eb dhe p\u00ebrplasjen n\u00eb Elbasan: - Policia e Prokuroria mund ta kishin shmangur vrasjen e Pjerin Xhuvanit! 5 maji 2021 Presidenti i Republik\u00ebs, Ilir Meta n\u00eb p\u00ebrgjigjen e d\u00ebrguar n\u00eb adres\u00eb t\u00eb Komisionit t\u00eb Ligjeve, ku do t\u00eb shqyrtohet k\u00ebrkesa p\u00ebr\u2026","rel":"","context":"In &quot;Blogu i Udh\u00ebtarit&quot;","block_context":{"text":"Blogu i Udh\u00ebtarit","link":"https:\/\/www.shqiperia.com\/blog\/category\/blogu-i-udhetarit\/"},"img":{"alt_text":"","src":"https:\/\/i0.wp.com\/www.shqiperia.com\/blog\/wp-content\/uploads\/2021\/05\/ilir-meta-mesazh-zgjedhjet.jpg?fit=1200%2C625&ssl=1&resize=350%2C200","width":350,"height":200,"srcset":"https:\/\/i0.wp.com\/www.shqiperia.com\/blog\/wp-content\/uploads\/2021\/05\/ilir-meta-mesazh-zgjedhjet.jpg?fit=1200%2C625&ssl=1&resize=350%2C200 1x, https:\/\/i0.wp.com\/www.shqiperia.com\/blog\/wp-content\/uploads\/2021\/05\/ilir-meta-mesazh-zgjedhjet.jpg?fit=1200%2C625&ssl=1&resize=525%2C300 1.5x, https:\/\/i0.wp.com\/www.shqiperia.com\/blog\/wp-content\/uploads\/2021\/05\/ilir-meta-mesazh-zgjedhjet.jpg?fit=1200%2C625&ssl=1&resize=700%2C400 2x, https:\/\/i0.wp.com\/www.shqiperia.com\/blog\/wp-content\/uploads\/2021\/05\/ilir-meta-mesazh-zgjedhjet.jpg?fit=1200%2C625&ssl=1&resize=1050%2C600 3x"},"classes":[]},{"id":81693,"url":"https:\/\/www.shqiperia.com\/blog\/shkencetaret-bejne-zbulimin-e-ri-kafeina-mbron-lekuren-nga-melanoma-dhe-rrezet-e-diellit\/","url_meta":{"origin":91520,"position":3},"title":"Shkenc\u00ebtar\u00ebt b\u00ebjn\u00eb zbulimin e ri\/ Kafeina mbron l\u00ebkur\u00ebn nga melanoma dhe rrezet e diellit","author":"Kurt Farka","date":"June 8, 2024","format":false,"excerpt":"8 Qershor 2024 Dielli \u00ebsht\u00eb nj\u00eb nga burimet m\u00eb t\u00eb mira t\u00eb vitamin\u00ebs D. Megjithat\u00eb rrezet e diallit arrijn\u00eb t\u00eb dep\u00ebrtojn\u00eb deri n\u00eb shtresat m\u00eb t\u00eb thella t\u00eb l\u00ebkur\u00ebs tuaj dhe ta d\u00ebmtojn\u00eb at\u00eb duke shkaktuar plakje t\u00eb parakoh\u00ebshme, shtim t\u00eb nishaneve apo kancer t\u00eb l\u00ebkur\u00ebs. P\u00ebr t\u2019u mbrojtur nga\u2026","rel":"","context":"In &quot;Blogu i Udh\u00ebtarit&quot;","block_context":{"text":"Blogu i Udh\u00ebtarit","link":"https:\/\/www.shqiperia.com\/blog\/category\/blogu-i-udhetarit\/"},"img":{"alt_text":"","src":"https:\/\/i0.wp.com\/www.shqiperia.com\/blog\/wp-content\/uploads\/2024\/06\/640-0-800-0-48b3cab84c421d1f07860f3c866d9cf3-981.jpg?fit=640%2C360&ssl=1&resize=350%2C200","width":350,"height":200,"srcset":"https:\/\/i0.wp.com\/www.shqiperia.com\/blog\/wp-content\/uploads\/2024\/06\/640-0-800-0-48b3cab84c421d1f07860f3c866d9cf3-981.jpg?fit=640%2C360&ssl=1&resize=350%2C200 1x, https:\/\/i0.wp.com\/www.shqiperia.com\/blog\/wp-content\/uploads\/2024\/06\/640-0-800-0-48b3cab84c421d1f07860f3c866d9cf3-981.jpg?fit=640%2C360&ssl=1&resize=525%2C300 1.5x"},"classes":[]},{"id":67258,"url":"https:\/\/www.shqiperia.com\/blog\/per-te-shkruar-nje-liber-mbyllet-ne-nje-dhome-xhami\/","url_meta":{"origin":91520,"position":4},"title":"P\u00ebr t\u00eb shkruar nj\u00eb lib\u00ebr, mbyllet n\u00eb nj\u00eb dhom\u00eb xhami!","author":"Kurt Farka","date":"February 3, 2023","format":false,"excerpt":"3 Shkurt 2023 Shkrimtarja belge Saskia De Coster, ka mbyllur veten n\u00eb nj\u00eb dhom\u00eb xhami p\u00ebr t\u00eb mos dal\u00eb gjat\u00eb nj\u00eb muaji dhe p\u00ebr t\u00eb shkruar librin e saj t\u00eb ri. De Coster, e cila u vendos n\u00eb nj\u00eb dhom\u00eb 12 metra katror\u00ebsh me mure prej xhami n\u00eb Muzeun Mbret\u00ebror\u2026","rel":"","context":"In &quot;Blogu i Udh\u00ebtarit&quot;","block_context":{"text":"Blogu i Udh\u00ebtarit","link":"https:\/\/www.shqiperia.com\/blog\/category\/blogu-i-udhetarit\/"},"img":{"alt_text":"","src":"https:\/\/i0.wp.com\/www.shqiperia.com\/blog\/wp-content\/uploads\/2023\/02\/640-0-libri-1675323669.jpg?fit=640%2C360&ssl=1&resize=350%2C200","width":350,"height":200,"srcset":"https:\/\/i0.wp.com\/www.shqiperia.com\/blog\/wp-content\/uploads\/2023\/02\/640-0-libri-1675323669.jpg?fit=640%2C360&ssl=1&resize=350%2C200 1x, https:\/\/i0.wp.com\/www.shqiperia.com\/blog\/wp-content\/uploads\/2023\/02\/640-0-libri-1675323669.jpg?fit=640%2C360&ssl=1&resize=525%2C300 1.5x"},"classes":[]},{"id":72760,"url":"https:\/\/www.shqiperia.com\/blog\/pse-duhet-ta-perdorni-per-shendetin-xhelin-e-ngrire-te-aloe-veres\/","url_meta":{"origin":91520,"position":5},"title":"Pse duhet ta p\u00ebrdorni p\u00ebr sh\u00ebndetin xhelin e ngrir\u00eb t\u00eb Aloe Ver\u00ebs?","author":"Kurt Farka","date":"July 17, 2023","format":false,"excerpt":"17 Korrik 2023 Vlerat e xhelit t\u00eb Aloe Ver\u00ebs jan\u00eb me fam\u00eb. Ajo njihet si nj\u00eb prej bim\u00ebve m\u00eb mir\u00ebb\u00ebr\u00ebse n\u00eb historin\u00eb e njer\u00ebzimit Megjithat\u00eb, duhet t\u00eb dini q\u00eb ngrirja e xhelit \u00ebsht\u00eb akoma m\u00eb mir\u00ebb\u00ebr\u00ebs dhe me vlera. Xheli i ngrir\u00eb \u00ebsht\u00eb i jasht\u00ebzakonsh\u00ebm p\u00ebr l\u00ebkur\u00ebn dhe sh\u00ebndetin dhe\u2026","rel":"","context":"In &quot;Blogu i Udh\u00ebtarit&quot;","block_context":{"text":"Blogu i Udh\u00ebtarit","link":"https:\/\/www.shqiperia.com\/blog\/category\/blogu-i-udhetarit\/"},"img":{"alt_text":"","src":"https:\/\/i0.wp.com\/www.shqiperia.com\/blog\/wp-content\/uploads\/2023\/07\/640-0-8ff403fd00dae865be61aa26d6b465af.jpg?fit=640%2C428&ssl=1&resize=350%2C200","width":350,"height":200,"srcset":"https:\/\/i0.wp.com\/www.shqiperia.com\/blog\/wp-content\/uploads\/2023\/07\/640-0-8ff403fd00dae865be61aa26d6b465af.jpg?fit=640%2C428&ssl=1&resize=350%2C200 1x, https:\/\/i0.wp.com\/www.shqiperia.com\/blog\/wp-content\/uploads\/2023\/07\/640-0-8ff403fd00dae865be61aa26d6b465af.jpg?fit=640%2C428&ssl=1&resize=525%2C300 1.5x"},"classes":[]}],"_links":{"self":[{"href":"https:\/\/www.shqiperia.com\/blog\/wp-json\/wp\/v2\/posts\/91520","targetHints":{"allow":["GET"]}}],"collection":[{"href":"https:\/\/www.shqiperia.com\/blog\/wp-json\/wp\/v2\/posts"}],"about":[{"href":"https:\/\/www.shqiperia.com\/blog\/wp-json\/wp\/v2\/types\/post"}],"author":[{"embeddable":true,"href":"https:\/\/www.shqiperia.com\/blog\/wp-json\/wp\/v2\/users\/9"}],"replies":[{"embeddable":true,"href":"https:\/\/www.shqiperia.com\/blog\/wp-json\/wp\/v2\/comments?post=91520"}],"version-history":[{"count":1,"href":"https:\/\/www.shqiperia.com\/blog\/wp-json\/wp\/v2\/posts\/91520\/revisions"}],"predecessor-version":[{"id":91523,"href":"https:\/\/www.shqiperia.com\/blog\/wp-json\/wp\/v2\/posts\/91520\/revisions\/91523"}],"wp:featuredmedia":[{"embeddable":true,"href":"https:\/\/www.shqiperia.com\/blog\/wp-json\/wp\/v2\/media\/91521"}],"wp:attachment":[{"href":"https:\/\/www.shqiperia.com\/blog\/wp-json\/wp\/v2\/media?parent=91520"}],"wp:term":[{"taxonomy":"category","embeddable":true,"href":"https:\/\/www.shqiperia.com\/blog\/wp-json\/wp\/v2\/categories?post=91520"},{"taxonomy":"post_tag","embeddable":true,"href":"https:\/\/www.shqiperia.com\/blog\/wp-json\/wp\/v2\/tags?post=91520"}],"curies":[{"name":"wp","href":"https:\/\/api.w.org\/{rel}","templated":true}]}}