{"id":91517,"date":"2025-04-17T12:23:24","date_gmt":"2025-04-17T12:23:24","guid":{"rendered":"https:\/\/www.shqiperia.com\/blog\/?p=91517"},"modified":"2025-04-17T12:23:41","modified_gmt":"2025-04-17T12:23:41","slug":"30-emra-ne-skaner-per-pronat-dhe-llogarite-bankare-hetim-te-thelluar-familjareve-kush-jane-zyrtaret-qe-po-heton","status":"publish","type":"post","link":"https:\/\/www.shqiperia.com\/blog\/30-emra-ne-skaner-per-pronat-dhe-llogarite-bankare-hetim-te-thelluar-familjareve-kush-jane-zyrtaret-qe-po-heton\/","title":{"rendered":"30 emra n\u00eb skaner p\u00ebr pronat dhe llogarit\u00eb bankare, hetim t\u00eb thelluar familjar\u00ebve. &#8211; Kush jan\u00eb zyrtar\u00ebt q\u00eb po heton\u2026"},"content":{"rendered":"<p><img data-recalc-dims=\"1\" loading=\"lazy\" decoding=\"async\" data-attachment-id=\"91518\" data-permalink=\"https:\/\/www.shqiperia.com\/blog\/30-emra-ne-skaner-per-pronat-dhe-llogarite-bankare-hetim-te-thelluar-familjareve-kush-jane-zyrtaret-qe-po-heton\/capture-83\/\" data-orig-file=\"https:\/\/i0.wp.com\/www.shqiperia.com\/blog\/wp-content\/uploads\/2025\/04\/Capture-83.png?fit=649%2C405&amp;ssl=1\" data-orig-size=\"649,405\" data-comments-opened=\"1\" data-image-meta=\"{&quot;aperture&quot;:&quot;0&quot;,&quot;credit&quot;:&quot;&quot;,&quot;camera&quot;:&quot;&quot;,&quot;caption&quot;:&quot;&quot;,&quot;created_timestamp&quot;:&quot;0&quot;,&quot;copyright&quot;:&quot;&quot;,&quot;focal_length&quot;:&quot;0&quot;,&quot;iso&quot;:&quot;0&quot;,&quot;shutter_speed&quot;:&quot;0&quot;,&quot;title&quot;:&quot;&quot;,&quot;orientation&quot;:&quot;0&quot;}\" data-image-title=\"Capture-83\" data-image-description=\"\" data-image-caption=\"\" data-medium-file=\"https:\/\/i0.wp.com\/www.shqiperia.com\/blog\/wp-content\/uploads\/2025\/04\/Capture-83.png?fit=300%2C187&amp;ssl=1\" data-large-file=\"https:\/\/i0.wp.com\/www.shqiperia.com\/blog\/wp-content\/uploads\/2025\/04\/Capture-83.png?fit=649%2C405&amp;ssl=1\" class=\"alignnone wp-image-91518\" alt=\"\" src=\"https:\/\/i0.wp.com\/www.shqiperia.com\/blog\/wp-content\/uploads\/2025\/04\/Capture-83.png?resize=590%2C368&#038;ssl=1\" width=\"590\" height=\"368\" srcset=\"https:\/\/i0.wp.com\/www.shqiperia.com\/blog\/wp-content\/uploads\/2025\/04\/Capture-83.png?resize=300%2C187&amp;ssl=1 300w, https:\/\/i0.wp.com\/www.shqiperia.com\/blog\/wp-content\/uploads\/2025\/04\/Capture-83.png?resize=450%2C281&amp;ssl=1 450w, https:\/\/i0.wp.com\/www.shqiperia.com\/blog\/wp-content\/uploads\/2025\/04\/Capture-83.png?resize=600%2C374&amp;ssl=1 600w, https:\/\/i0.wp.com\/www.shqiperia.com\/blog\/wp-content\/uploads\/2025\/04\/Capture-83.png?resize=400%2C250&amp;ssl=1 400w, https:\/\/i0.wp.com\/www.shqiperia.com\/blog\/wp-content\/uploads\/2025\/04\/Capture-83.png?w=649&amp;ssl=1 649w\" sizes=\"auto, (max-width: 590px) 100vw, 590px\" \/><\/p>\n<p>17 Prill 2025<\/p>\n<p>Nj\u00eb val\u00eb e re hetimesh po shkund themelet e klas\u00ebs politike dhe administrat\u00ebs s\u00eb lart\u00eb shtet\u00ebrore. Emrat e 30 zyrtar\u00ebve t\u00eb nivelit t\u00eb lart\u00eb ndodhen aktualisht n\u00eb skanerin e Struktur\u00ebs s\u00eb Posa\u00e7me Kund\u00ebr Korrupsionit dhe Krimit t\u00eb Organizuar (SPAK), n\u00eb nj\u00eb operacion q\u00eb synon t\u00eb zbardh\u00eb fshehjen e pasurive, abuzimet me detyr\u00ebn dhe lidhjet e dyshimta financiare me familjar\u00ebt. Hetimi \u00ebsht\u00eb i thelluar dhe i nd\u00ebrlidhur, ku struktura ligjzbatuese po g\u00ebrmon jo vet\u00ebm n\u00eb pasurit\u00eb e vet\u00eb zyrtar\u00ebve, por edhe n\u00eb llogarit\u00eb bankare, pronat dhe transaksionet e njer\u00ebzve t\u00eb af\u00ebrt t\u00eb tyre bashk\u00ebshort\u00eb, f\u00ebmij\u00eb, v\u00ebllez\u00ebr, motra, ortak\u00eb t\u00eb heshtur.<\/p>\n<p>Raporti i fundit i Inspektoratit t\u00eb Lart\u00eb t\u00eb Deklarimit t\u00eb Pasurive (ILDKPKI) zbulon nj\u00eb panoram\u00eb shqet\u00ebsuese: pasakt\u00ebsi masive n\u00eb deklarata, qindra masa administrative, dhe dhjet\u00ebra referime penale q\u00eb po zmadhojn\u00eb rrethin e zyrtar\u00ebve t\u00eb p\u00ebrfshir\u00eb. Me nj\u00eb bashk\u00ebpunim t\u00eb intensifikuar me SPAK-un, jan\u00eb dor\u00ebzuar t\u00eb dh\u00ebna t\u00eb detajuara p\u00ebr k\u00ebta 30 zyrtar\u00eb, t\u00eb cil\u00ebt dyshohet se kan\u00eb p\u00ebrdorur pozitat publike p\u00ebr p\u00ebrfitime t\u00eb paligjshme dhe pasurim t\u00eb fsheht\u00eb.<\/p>\n<p><strong>Detajet nga raporti i ILDKPI<\/strong><\/p>\n<p>Problematikat n\u00eb deklarimin e pasurive mbeten nj\u00eb nd\u00ebr problemet m\u00eb t\u00eb theksuara t\u00eb administrat\u00ebs dhe politik\u00ebs shqiptare, nd\u00ebrsa strukturat e posa\u00e7me t\u00eb ngritura p\u00ebr t\u00eb luftuar korrupsionin dhe abuzimet me detyr\u00ebn po intensifikojn\u00eb hetimet ndaj zyrtar\u00ebve t\u00eb nivelit t\u00eb lart\u00eb. N\u00eb fokus t\u00eb k\u00ebtyre hetimeve jan\u00eb jo vet\u00ebm funksionar\u00ebt, por edhe familjar\u00ebt dhe personat e lidhur me ta, t\u00eb cil\u00ebt dyshohet se jan\u00eb p\u00ebrdorur p\u00ebr t\u00eb fshehur pasurit\u00eb apo p\u00ebr t\u00eb shmangur p\u00ebrgjegj\u00ebsit\u00eb ligjore. Sipas raportit vjetor t\u00eb Inspektoratit t\u00eb Lart\u00eb t\u00eb Deklarimit dhe Kontrollit t\u00eb Pasurive dhe Konfliktit t\u00eb Interesit (ILDKPKI), gjat\u00eb vitit q\u00eb lam\u00eb pas jan\u00eb miratuar dhe kaluar n\u00eb kontroll t\u00eb plot\u00eb 817 subjekte deklaruese. K\u00ebto p\u00ebrfshijn\u00eb zyrtar\u00eb t\u00eb nivelit t\u00eb lart\u00eb, t\u00eb mes\u00ebm dhe drejtues t\u00eb institucioneve shtet\u00ebrore, t\u00eb cil\u00ebt jan\u00eb p\u00ebrzgjedhur p\u00ebr verifikim si p\u00ebr shkak t\u00eb funksionit t\u00eb tyre, ashtu edhe mbi baz\u00ebn e informacioneve t\u00eb mb\u00ebrritura nga burime t\u00eb ligjshme.<\/p>\n<p>N\u00eb fokus t\u00eb kontrollit t\u00eb plot\u00eb kan\u00eb qen\u00eb deklaratat e interesave privat\u00eb t\u00eb deputet\u00ebve, kryetar\u00ebve t\u00eb bashkive, gjyqtar\u00ebve, prokuror\u00ebve, titullar\u00ebve t\u00eb institucioneve publike, k\u00ebshilltar\u00ebve ligjor\u00eb, an\u00ebtar\u00ebve t\u00eb bordeve, si dhe n\u00ebpun\u00ebsve civil\u00eb me pozicione t\u00eb r\u00ebnd\u00ebsishme drejtuese n\u00eb administrat\u00ebn publike. K\u00ebto deklarata jan\u00eb analizuar p\u00ebr sakt\u00ebsin\u00eb dhe v\u00ebrtet\u00ebsin\u00eb e t\u00eb dh\u00ebnave t\u00eb pasurive, t\u00eb ardhurave dhe detyrimeve t\u00eb deklaruara, me q\u00ebllim zbulimin e pasakt\u00ebsive dhe shkeljeve t\u00eb mundshme t\u00eb ligjit. Vet\u00ebm gjat\u00eb vitit t\u00eb fundit, ILDKPKI ka vendosur 101 masa administrative n\u00eb form\u00ebn e \u201cgjob\u00ebs\u201d, si pasoj\u00eb e mosp\u00ebrputhjeve dhe pasakt\u00ebsive t\u00eb konstatuara n\u00eb deklaratat e b\u00ebra nga subjektet e verifikimit. N\u00eb nj\u00eb panoram\u00eb m\u00eb t\u00eb gjer\u00eb, p\u00ebr periudh\u00ebn 2014 \u2013 2024 jan\u00eb vendosur gjithsej 2,231 masa administrative, shumica e t\u00eb cilave jan\u00eb zbatuar n\u00eb m\u00ebnyr\u00eb vullnetare ose jan\u00eb l\u00ebn\u00eb n\u00eb fuqi nga Gjykata Administrative.<\/p>\n<p><strong>Referimet<\/strong><\/p>\n<p>Nd\u00ebrkoh\u00eb, nga ana e ILDKPKI-s\u00eb jan\u00eb b\u00ebr\u00eb edhe referime t\u00eb shumta pran\u00eb organeve t\u00eb ndjekjes penale dhe atyre tatimore. P\u00ebr periudh\u00ebn 2014 \u2013 2024, jan\u00eb referuar 594 subjekte pran\u00eb Prokuroris\u00eb s\u00eb P\u00ebrgjithshme, Drejtoris\u00eb s\u00eb P\u00ebrgjithshme t\u00eb Tatimeve dhe Hetimit Tatimor, Agjencis\u00eb s\u00eb Inteligjenc\u00ebs Financiare dhe Policis\u00eb s\u00eb Shtetit. N\u00eb k\u00ebt\u00eb list\u00eb p\u00ebrfshihen emra t\u00eb r\u00ebnd\u00ebsish\u00ebm t\u00eb sken\u00ebs politike dhe institucionale, p\u00ebrfshir\u00eb deputet\u00eb t\u00eb Kuvendit t\u00eb Shqip\u00ebris\u00eb, kryetar\u00eb bashkie, drejtues t\u00eb institucioneve, gjyqtar\u00eb e prokuror\u00eb. Vet\u00ebm p\u00ebr vitin e kaluar, jan\u00eb regjistruar 23 raste t\u00eb referimeve penale dhe t\u00eb tjera, prej t\u00eb cilave nj\u00eb \u00ebsht\u00eb referuar pran\u00eb Struktur\u00ebs s\u00eb Posa\u00e7me Kund\u00ebr Korrupsionit dhe Krimit t\u00eb Organizuar (SPAK). Ky institucion ka marr\u00eb nj\u00eb rol gjithnj\u00eb e m\u00eb qendror n\u00eb hetimin dhe ndjekjen penale t\u00eb zyrtar\u00ebve t\u00eb lart\u00eb p\u00ebr korrupsion dhe fshehje pasurie.<\/p>\n","protected":false},"excerpt":{"rendered":"<p>17 Prill 2025 Nj\u00eb val\u00eb e re hetimesh po shkund themelet e klas\u00ebs politike dhe administrat\u00ebs s\u00eb lart\u00eb shtet\u00ebrore. Emrat e 30 zyrtar\u00ebve t\u00eb nivelit t\u00eb lart\u00eb ndodhen aktualisht n\u00eb skanerin e Struktur\u00ebs s\u00eb Posa\u00e7me Kund\u00ebr Korrupsionit dhe Krimit t\u00eb Organizuar (SPAK), n\u00eb nj\u00eb operacion q\u00eb synon t\u00eb zbardh\u00eb fshehjen e pasurive, abuzimet me detyr\u00ebn [&hellip;]<\/p>\n","protected":false},"author":9,"featured_media":91518,"comment_status":"open","ping_status":"open","sticky":false,"template":"","format":"standard","meta":{"jetpack_post_was_ever_published":false,"_jetpack_newsletter_access":"","_jetpack_dont_email_post_to_subs":false,"_jetpack_newsletter_tier_id":0,"_jetpack_memberships_contains_paywalled_content":false,"_jetpack_memberships_contains_paid_content":false,"footnotes":"","jetpack_publicize_message":"","jetpack_publicize_feature_enabled":true,"jetpack_social_post_already_shared":true,"jetpack_social_options":{"image_generator_settings":{"template":"highway","default_image_id":0,"font":"","enabled":false},"version":2}},"categories":[27,1,2],"tags":[],"class_list":["post-91517","post","type-post","status-publish","format-standard","has-post-thumbnail","hentry","category-blogu-i-udhetarit","category-njoftime-shtypi","category-politika"],"jetpack_publicize_connections":[],"jetpack_featured_media_url":"https:\/\/i0.wp.com\/www.shqiperia.com\/blog\/wp-content\/uploads\/2025\/04\/Capture-83.png?fit=649%2C405&ssl=1","jetpack_sharing_enabled":true,"jetpack_shortlink":"https:\/\/wp.me\/p5Z6wp-nO5","jetpack-related-posts":[{"id":21925,"url":"https:\/\/www.shqiperia.com\/blog\/henze-rama-te-kerkoje-falje-publike-bllokim-llogarive-bankare\/","url_meta":{"origin":91517,"position":0},"title":"Henze: Rama t\u00eb k\u00ebrkoj\u00eb falje publike, bllokim llogarive bankare. &#8211;","author":"Kurt Farka","date":"June 18, 2019","format":false,"excerpt":"Henze: Rama t\u00eb k\u00ebrkoj\u00eb falje publike, bllokim llogarive bankare. - 18 qershor 2019 Martin Henze, k\u00ebshilltari ekonomik i grupimit CDU\/CSU t\u00eb kancelares Angela Merkel, p\u00ebrmes nj\u00eb komenti ka reaguar prer\u00eb lidhur me p\u00ebrgjimet e fundit t\u00eb publikuara nga BILD. Hanze: 1. Qeveria t\u00eb jap\u00eb menj\u00ebher\u00eb dor\u00ebheqjen. Parlamenti t\u2019i heq\u00eb imunitetin\u2026","rel":"","context":"In &quot;Blogu i Udh\u00ebtarit&quot;","block_context":{"text":"Blogu i Udh\u00ebtarit","link":"https:\/\/www.shqiperia.com\/blog\/category\/blogu-i-udhetarit\/"},"img":{"alt_text":"","src":"https:\/\/i0.wp.com\/www.shqiperia.com\/blog\/wp-content\/uploads\/2019\/06\/PHOTO-2019-02-01-19-40-01-847x477-905x450.jpg?fit=905%2C450&ssl=1&resize=350%2C200","width":350,"height":200,"srcset":"https:\/\/i0.wp.com\/www.shqiperia.com\/blog\/wp-content\/uploads\/2019\/06\/PHOTO-2019-02-01-19-40-01-847x477-905x450.jpg?fit=905%2C450&ssl=1&resize=350%2C200 1x, https:\/\/i0.wp.com\/www.shqiperia.com\/blog\/wp-content\/uploads\/2019\/06\/PHOTO-2019-02-01-19-40-01-847x477-905x450.jpg?fit=905%2C450&ssl=1&resize=525%2C300 1.5x, https:\/\/i0.wp.com\/www.shqiperia.com\/blog\/wp-content\/uploads\/2019\/06\/PHOTO-2019-02-01-19-40-01-847x477-905x450.jpg?fit=905%2C450&ssl=1&resize=700%2C400 2x"},"classes":[]},{"id":49331,"url":"https:\/\/www.shqiperia.com\/blog\/rikthehet-joker-virusi-kibernetik-qe-fshihet-te-android-dhe-zbraz-ngadale-llogarite-bankare\/","url_meta":{"origin":91517,"position":1},"title":"Rikthehet \u2018Joker\u2019, virusi kibernetik q\u00eb fshihet te Android dhe zbraz ngadal\u00eb llogarit\u00eb bankare","author":"Kurt Farka","date":"August 25, 2021","format":false,"excerpt":"Rikthehet \u2018Joker\u2019, virusi kibernetik q\u00eb fshihet te Android dhe zbraz ngadal\u00eb llogarit\u00eb bankare 24 gusht 2021 Policia belge paralajm\u00ebroi rikthimin e virusit \u201cJoker\u201d, i cili sulmon pajisjet Android dhe fshihet n\u00eb aplikacione t\u00eb ndryshme q\u00eb shkarkohen nga Google Play. Ky malware \u00ebsht\u00eb i aft\u00eb t\u00eb regjistroj\u00eb p\u00ebrdoruesin n\u00eb sh\u00ebrbimet e\u2026","rel":"","context":"In &quot;Blogu i Udh\u00ebtarit&quot;","block_context":{"text":"Blogu i Udh\u00ebtarit","link":"https:\/\/www.shqiperia.com\/blog\/category\/blogu-i-udhetarit\/"},"img":{"alt_text":"","src":"https:\/\/i0.wp.com\/www.shqiperia.com\/blog\/wp-content\/uploads\/2021\/08\/joker-905x450-1-300x149.jpg?resize=350%2C200&ssl=1","width":350,"height":200,"srcset":"https:\/\/i0.wp.com\/www.shqiperia.com\/blog\/wp-content\/uploads\/2021\/08\/joker-905x450-1-300x149.jpg?resize=350%2C200&ssl=1 1x, https:\/\/i0.wp.com\/www.shqiperia.com\/blog\/wp-content\/uploads\/2021\/08\/joker-905x450-1-300x149.jpg?resize=525%2C300&ssl=1 1.5x"},"classes":[]},{"id":89619,"url":"https:\/\/www.shqiperia.com\/blog\/raporti-i-dash-shumica-e-pastrimit-te-parave-ne-shqiperi-lidhet-me-trafikun-e-droges-dhe-qenieve-njerezore-mashtrimin-e-kontratave-qeveritare-evazionin-fiskal-dhe-kontrabanden\/","url_meta":{"origin":91517,"position":2},"title":"Raporti i DASH: &#8211; Shumica e pastrimit t\u00eb parave n\u00eb Shqip\u00ebri lidhet me trafikun e drog\u00ebs dhe qenieve njer\u00ebzore, mashtrimin e kontratave qeveritare, evazionin fiskal dhe kontraband\u00ebn.","author":"Kurt Farka","date":"February 17, 2025","format":false,"excerpt":"17 Shkurt 2025 Departamenti Amerikan i Shtetit ka publikuar raportin p\u00ebr vitin 2024 lidhur me luft\u00ebn ndaj trafikut t\u00eb narkotik\u00ebs, pastrimit t\u00eb parave, korrupsionit dhe zbatimit t\u00eb ligjit. N\u00eb raportin e DASH i cili \u00ebsht\u00eb publikuar n\u00eb faqen zyrtare t\u00eb DASH\u00a0www.state.gov.al\u00a0n\u00eb dat\u00ebn 31 janar, Shqip\u00ebria mbetet e pambrojtur ndaj pastrimit\u2026","rel":"","context":"In &quot;Blogu i Udh\u00ebtarit&quot;","block_context":{"text":"Blogu i Udh\u00ebtarit","link":"https:\/\/www.shqiperia.com\/blog\/category\/blogu-i-udhetarit\/"},"img":{"alt_text":"","src":"https:\/\/i0.wp.com\/www.shqiperia.com\/blog\/wp-content\/uploads\/2025\/02\/DASH-Spak-pastrim-parash.jpg?fit=838%2C471&ssl=1&resize=350%2C200","width":350,"height":200,"srcset":"https:\/\/i0.wp.com\/www.shqiperia.com\/blog\/wp-content\/uploads\/2025\/02\/DASH-Spak-pastrim-parash.jpg?fit=838%2C471&ssl=1&resize=350%2C200 1x, https:\/\/i0.wp.com\/www.shqiperia.com\/blog\/wp-content\/uploads\/2025\/02\/DASH-Spak-pastrim-parash.jpg?fit=838%2C471&ssl=1&resize=525%2C300 1.5x, https:\/\/i0.wp.com\/www.shqiperia.com\/blog\/wp-content\/uploads\/2025\/02\/DASH-Spak-pastrim-parash.jpg?fit=838%2C471&ssl=1&resize=700%2C400 2x"},"classes":[]},{"id":90246,"url":"https:\/\/www.shqiperia.com\/blog\/pronat-e-shqiptareve-ne-duart-e-dy-kunatave-ja-si-drejtoresha-e-saspac-kreu-i-kadastres-dhe-drejtuesja-e\/","url_meta":{"origin":91517,"position":3},"title":"Pronat e shqiptar\u00ebve n\u00eb duart e dy kunatave, ja si drejtoresha e SASPAC, kreu i Kadastr\u00ebs dhe drejtuesja e\u2026","author":"Kurt Farka","date":"March 10, 2025","format":false,"excerpt":"10 Mars 2025 Pronat e shqiptar\u00ebve duket se po p\u00ebrfundojn\u00eb n\u00eb duart e klanit Rama. Gazeta \u201cSOT\u201d m\u00eb m\u00ebnyr\u00eb sistematike ka denoncuar me forc\u00eb abuzimet dhe korrupsion, nd\u00ebrkoh\u00eb q\u00eb s\u00eb fundmi nj\u00eb skem\u00eb e sofistikuar kapjeje e shtetit po shpaloset para syve t\u00eb shqiptar\u00ebve, ku prona publike po p\u00ebrfundon n\u00eb\u2026","rel":"","context":"In &quot;Blogu i Udh\u00ebtarit&quot;","block_context":{"text":"Blogu i Udh\u00ebtarit","link":"https:\/\/www.shqiperia.com\/blog\/category\/blogu-i-udhetarit\/"},"img":{"alt_text":"","src":"https:\/\/i0.wp.com\/www.shqiperia.com\/blog\/wp-content\/uploads\/2025\/03\/IMG-20250310-WA0014-885x570-1.jpg?fit=885%2C570&ssl=1&resize=350%2C200","width":350,"height":200,"srcset":"https:\/\/i0.wp.com\/www.shqiperia.com\/blog\/wp-content\/uploads\/2025\/03\/IMG-20250310-WA0014-885x570-1.jpg?fit=885%2C570&ssl=1&resize=350%2C200 1x, https:\/\/i0.wp.com\/www.shqiperia.com\/blog\/wp-content\/uploads\/2025\/03\/IMG-20250310-WA0014-885x570-1.jpg?fit=885%2C570&ssl=1&resize=525%2C300 1.5x, https:\/\/i0.wp.com\/www.shqiperia.com\/blog\/wp-content\/uploads\/2025\/03\/IMG-20250310-WA0014-885x570-1.jpg?fit=885%2C570&ssl=1&resize=700%2C400 2x"},"classes":[]},{"id":83580,"url":"https:\/\/www.shqiperia.com\/blog\/spak-sekuestron-pasurite-e-ilir-beqajt\/","url_meta":{"origin":91517,"position":4},"title":"SPAK sekuestron pasurit\u00eb e Ilir Beqajt","author":"Kurt Farka","date":"August 21, 2024","format":false,"excerpt":"21 Gusht 2024 Prokuroria e Posa\u00e7me kund\u00ebr Korrupsionit dhe Krimit t\u00eb Organizuar (SPAK) ka vendosur n\u00ebn sekuestro llogarit\u00eb bankare dhe pasurit\u00eb e ish-ministrit t\u00eb Sh\u00ebndet\u00ebsis\u00eb Ilir Beqaj dhe disa individ\u00ebve t\u00eb dyshuar si bashk\u00ebpun\u00ebtor\u00eb n\u00eb abuzimin me fondet e BE. Me an\u00eb t\u00eb nj\u00eb njoftimi, SPAK thot\u00eb se \u00ebsht\u00eb vendosur\u2026","rel":"","context":"In &quot;Blogu i Udh\u00ebtarit&quot;","block_context":{"text":"Blogu i Udh\u00ebtarit","link":"https:\/\/www.shqiperia.com\/blog\/category\/blogu-i-udhetarit\/"},"img":{"alt_text":"","src":"https:\/\/i0.wp.com\/www.shqiperia.com\/blog\/wp-content\/uploads\/2024\/08\/edi_rama_ilir_beqaj_32121.jpg?fit=726%2C428&ssl=1&resize=350%2C200","width":350,"height":200,"srcset":"https:\/\/i0.wp.com\/www.shqiperia.com\/blog\/wp-content\/uploads\/2024\/08\/edi_rama_ilir_beqaj_32121.jpg?fit=726%2C428&ssl=1&resize=350%2C200 1x, https:\/\/i0.wp.com\/www.shqiperia.com\/blog\/wp-content\/uploads\/2024\/08\/edi_rama_ilir_beqaj_32121.jpg?fit=726%2C428&ssl=1&resize=525%2C300 1.5x, https:\/\/i0.wp.com\/www.shqiperia.com\/blog\/wp-content\/uploads\/2024\/08\/edi_rama_ilir_beqaj_32121.jpg?fit=726%2C428&ssl=1&resize=700%2C400 2x"},"classes":[]},{"id":39257,"url":"https:\/\/www.shqiperia.com\/blog\/pastrim-parash-ne-kohe-pandemie-aktiviteti-i-pasurive-te-paluajtshme-arrin-rekord-historik\/","url_meta":{"origin":91517,"position":5},"title":"Pastrim parash n\u00eb koh\u00eb pandemie, aktiviteti i pasurive t\u00eb paluajtshme arrin rekord historik","author":"Kurt Farka","date":"October 5, 2020","format":false,"excerpt":"Pastrim parash n\u00eb koh\u00eb pandemie, aktiviteti i pasurive t\u00eb paluajtshme arrin rekord historik 5 TETOR 2020 N\u00ebse ka pasur nj\u00eb sektor q\u00eb nuk ka pushuar asnj\u00eb dit\u00eb gjat\u00eb kulmit t\u00eb pandemis\u00eb, kur pothuajse t\u00eb gjith\u00eb ishin t\u00eb mbyllur n\u00eb sht\u00ebpi, vet\u00ebm pak dyqane ishin hapur dhe bankat punon me orar\u2026","rel":"","context":"In &quot;Blogu i Udh\u00ebtarit&quot;","block_context":{"text":"Blogu i Udh\u00ebtarit","link":"https:\/\/www.shqiperia.com\/blog\/category\/blogu-i-udhetarit\/"},"img":{"alt_text":"","src":"https:\/\/i0.wp.com\/www.shqiperia.com\/blog\/wp-content\/uploads\/2020\/10\/640-0-5f7aaf159b247.jpg?fit=640%2C351&ssl=1&resize=350%2C200","width":350,"height":200,"srcset":"https:\/\/i0.wp.com\/www.shqiperia.com\/blog\/wp-content\/uploads\/2020\/10\/640-0-5f7aaf159b247.jpg?fit=640%2C351&ssl=1&resize=350%2C200 1x, https:\/\/i0.wp.com\/www.shqiperia.com\/blog\/wp-content\/uploads\/2020\/10\/640-0-5f7aaf159b247.jpg?fit=640%2C351&ssl=1&resize=525%2C300 1.5x"},"classes":[]}],"_links":{"self":[{"href":"https:\/\/www.shqiperia.com\/blog\/wp-json\/wp\/v2\/posts\/91517","targetHints":{"allow":["GET"]}}],"collection":[{"href":"https:\/\/www.shqiperia.com\/blog\/wp-json\/wp\/v2\/posts"}],"about":[{"href":"https:\/\/www.shqiperia.com\/blog\/wp-json\/wp\/v2\/types\/post"}],"author":[{"embeddable":true,"href":"https:\/\/www.shqiperia.com\/blog\/wp-json\/wp\/v2\/users\/9"}],"replies":[{"embeddable":true,"href":"https:\/\/www.shqiperia.com\/blog\/wp-json\/wp\/v2\/comments?post=91517"}],"version-history":[{"count":1,"href":"https:\/\/www.shqiperia.com\/blog\/wp-json\/wp\/v2\/posts\/91517\/revisions"}],"predecessor-version":[{"id":91519,"href":"https:\/\/www.shqiperia.com\/blog\/wp-json\/wp\/v2\/posts\/91517\/revisions\/91519"}],"wp:featuredmedia":[{"embeddable":true,"href":"https:\/\/www.shqiperia.com\/blog\/wp-json\/wp\/v2\/media\/91518"}],"wp:attachment":[{"href":"https:\/\/www.shqiperia.com\/blog\/wp-json\/wp\/v2\/media?parent=91517"}],"wp:term":[{"taxonomy":"category","embeddable":true,"href":"https:\/\/www.shqiperia.com\/blog\/wp-json\/wp\/v2\/categories?post=91517"},{"taxonomy":"post_tag","embeddable":true,"href":"https:\/\/www.shqiperia.com\/blog\/wp-json\/wp\/v2\/tags?post=91517"}],"curies":[{"name":"wp","href":"https:\/\/api.w.org\/{rel}","templated":true}]}}