{"id":91514,"date":"2025-04-17T03:00:07","date_gmt":"2025-04-17T03:00:07","guid":{"rendered":"https:\/\/www.shqiperia.com\/blog\/?p=91514"},"modified":"2025-04-17T03:00:07","modified_gmt":"2025-04-17T03:00:07","slug":"luhatjet-e-kursit-mund-te-rrisin-inflacionin-fmn-kritika-per-mbivleresimin-e-lekut","status":"publish","type":"post","link":"https:\/\/www.shqiperia.com\/blog\/luhatjet-e-kursit-mund-te-rrisin-inflacionin-fmn-kritika-per-mbivleresimin-e-lekut\/","title":{"rendered":"\u201cLuhatjet e kursit mund t\u00eb rrisin inflacionin\u201d. &#8211; FMN kritika p\u00ebr mbivler\u00ebsimin e Lekut"},"content":{"rendered":"<p><img data-recalc-dims=\"1\" loading=\"lazy\" decoding=\"async\" data-attachment-id=\"91515\" data-permalink=\"https:\/\/www.shqiperia.com\/blog\/luhatjet-e-kursit-mund-te-rrisin-inflacionin-fmn-kritika-per-mbivleresimin-e-lekut\/euro-leku\/\" data-orig-file=\"https:\/\/i0.wp.com\/www.shqiperia.com\/blog\/wp-content\/uploads\/2025\/04\/euro-leku.jpg?fit=900%2C450&amp;ssl=1\" data-orig-size=\"900,450\" data-comments-opened=\"1\" data-image-meta=\"{&quot;aperture&quot;:&quot;0&quot;,&quot;credit&quot;:&quot;&quot;,&quot;camera&quot;:&quot;&quot;,&quot;caption&quot;:&quot;&quot;,&quot;created_timestamp&quot;:&quot;0&quot;,&quot;copyright&quot;:&quot;&quot;,&quot;focal_length&quot;:&quot;0&quot;,&quot;iso&quot;:&quot;0&quot;,&quot;shutter_speed&quot;:&quot;0&quot;,&quot;title&quot;:&quot;&quot;,&quot;orientation&quot;:&quot;0&quot;}\" data-image-title=\"euro-leku\" data-image-description=\"\" data-image-caption=\"\" data-medium-file=\"https:\/\/i0.wp.com\/www.shqiperia.com\/blog\/wp-content\/uploads\/2025\/04\/euro-leku.jpg?fit=300%2C150&amp;ssl=1\" data-large-file=\"https:\/\/i0.wp.com\/www.shqiperia.com\/blog\/wp-content\/uploads\/2025\/04\/euro-leku.jpg?fit=900%2C450&amp;ssl=1\" class=\"alignnone  wp-image-91515\" alt=\"\" src=\"https:\/\/i0.wp.com\/www.shqiperia.com\/blog\/wp-content\/uploads\/2025\/04\/euro-leku.jpg?resize=732%2C366&#038;ssl=1\" width=\"732\" height=\"366\" srcset=\"https:\/\/i0.wp.com\/www.shqiperia.com\/blog\/wp-content\/uploads\/2025\/04\/euro-leku.jpg?resize=300%2C150&amp;ssl=1 300w, https:\/\/i0.wp.com\/www.shqiperia.com\/blog\/wp-content\/uploads\/2025\/04\/euro-leku.jpg?resize=768%2C384&amp;ssl=1 768w, https:\/\/i0.wp.com\/www.shqiperia.com\/blog\/wp-content\/uploads\/2025\/04\/euro-leku.jpg?resize=450%2C225&amp;ssl=1 450w, https:\/\/i0.wp.com\/www.shqiperia.com\/blog\/wp-content\/uploads\/2025\/04\/euro-leku.jpg?resize=600%2C300&amp;ssl=1 600w, https:\/\/i0.wp.com\/www.shqiperia.com\/blog\/wp-content\/uploads\/2025\/04\/euro-leku.jpg?resize=400%2C200&amp;ssl=1 400w, https:\/\/i0.wp.com\/www.shqiperia.com\/blog\/wp-content\/uploads\/2025\/04\/euro-leku.jpg?w=900&amp;ssl=1 900w\" sizes=\"auto, (max-width: 732px) 100vw, 732px\" \/><\/p>\n<p>17 Prill 2025<\/p>\n<p>Mbi\u00e7mimi i Lekut kundrejt monedhave t\u00eb tjera p\u00ebrb\u00ebn nj\u00eb rrezik jo vet\u00ebm p\u00ebr zhvillimin e vendit, por edhe p\u00ebr investitor\u00ebt e huaj.<\/p>\n<p>Ky \u00ebsht\u00eb konstatimi i Fondit Monetar Nd\u00ebrkomb\u00ebtar, i cili p\u00ebrmes nj\u00eb analize sugjeron q\u00eb autoritetet shqiptare t\u00eb lejojn\u00eb fleksibilitet m\u00eb t\u00eb madh n\u00eb kursin e k\u00ebmbimit duke luajtur me politik\u00ebn e norm\u00ebs s\u00eb interesit.<\/p>\n<p>\u201cKursi i k\u00ebmbimit duhet t\u00eb vazhdoj\u00eb t\u00eb luaj\u00eb rolin e tij si amortizues t\u00eb inflacionit. Autoritetet duhet ta l\u00ebn\u00eb kursin e k\u00ebmbimit t\u00eb p\u00ebrshtatet n\u00eb m\u00ebnyr\u00eb m\u00eb fleksib\u00ebl p\u00ebrmes politikave t\u00eb normave t\u00eb interesit si mjeti kryesor p\u00ebr stabilitetin e \u00e7mimeve. Skenari p\u00ebr t\u00eb mbrojtur ekonomin\u00eb duhet nd\u00ebrtuar gradualisht, pasi luhatjet e kursit t\u00eb k\u00ebmbimit mund t\u00eb rrisin m\u00eb tej inflacionin\u201d.<\/p>\n<p>M\u00eb tej, FMN n\u00eb analiz\u00ebn e saj p\u00ebr ekonomin\u00eb shqiptare thekson se sektori i pasurive t\u00eb paluajtshme vazhdon t\u00eb paraqes\u00eb rrezik, duke sugjeruar frenim t\u00eb aprovimit t\u00eb kredive p\u00ebr k\u00ebt\u00eb q\u00ebllim.<\/p>\n<p>\u201cKredit\u00eb me probleme ran\u00eb nga 50 p\u00ebrqind e totalit t\u00eb kredive n\u00eb 2014 n\u00eb 25 p\u00ebrqind n\u00eb 2024. Nd\u00ebrsa rreziqet p\u00ebr aft\u00ebsi shlyese mbeten t\u00eb pranishme ve\u00e7an\u00ebrisht n\u00eb sektorin e pasurive t\u00eb paluajtshme. Vler\u00ebsimet e fundit sugjerojn\u00eb frenim t\u00eb kredive p\u00ebr investim n\u00eb k\u00ebt\u00eb sektor, huat\u00eb p\u00ebr t\u00eb cilat p\u00ebrb\u00ebjn\u00eb dy t\u00eb tretat e kredive me probleme\u201d.<\/p>\n<p>Gjithsesi FMN vler\u00ebson se gjat\u00eb dekad\u00ebs s\u00eb fundit, sektori bankar i Shqip\u00ebris\u00eb ka p\u00ebsuar nj\u00eb transformim t\u00eb r\u00ebnd\u00ebsish\u00ebm, i mb\u00ebshtetur nga performanca e sh\u00ebndosh\u00eb makroekonomike dhe reformat gjith\u00ebp\u00ebrfshir\u00ebse financiare.<\/p>\n<p><i>Gazeta Dita<\/i><\/p>\n","protected":false},"excerpt":{"rendered":"<p>17 Prill 2025 Mbi\u00e7mimi i Lekut kundrejt monedhave t\u00eb tjera p\u00ebrb\u00ebn nj\u00eb rrezik jo vet\u00ebm p\u00ebr zhvillimin e vendit, por edhe p\u00ebr investitor\u00ebt e huaj. Ky \u00ebsht\u00eb konstatimi i Fondit Monetar Nd\u00ebrkomb\u00ebtar, i cili p\u00ebrmes nj\u00eb analize sugjeron q\u00eb autoritetet shqiptare t\u00eb lejojn\u00eb fleksibilitet m\u00eb t\u00eb madh n\u00eb kursin e k\u00ebmbimit duke luajtur me politik\u00ebn [&hellip;]<\/p>\n","protected":false},"author":9,"featured_media":91515,"comment_status":"open","ping_status":"open","sticky":false,"template":"","format":"standard","meta":{"jetpack_post_was_ever_published":false,"_jetpack_newsletter_access":"","_jetpack_dont_email_post_to_subs":false,"_jetpack_newsletter_tier_id":0,"_jetpack_memberships_contains_paywalled_content":false,"_jetpack_memberships_contains_paid_content":false,"footnotes":"","jetpack_publicize_message":"","jetpack_publicize_feature_enabled":true,"jetpack_social_post_already_shared":true,"jetpack_social_options":{"image_generator_settings":{"template":"highway","default_image_id":0,"font":"","enabled":false},"version":2}},"categories":[27,1],"tags":[],"class_list":["post-91514","post","type-post","status-publish","format-standard","has-post-thumbnail","hentry","category-blogu-i-udhetarit","category-njoftime-shtypi"],"jetpack_publicize_connections":[],"jetpack_featured_media_url":"https:\/\/i0.wp.com\/www.shqiperia.com\/blog\/wp-content\/uploads\/2025\/04\/euro-leku.jpg?fit=900%2C450&ssl=1","jetpack_sharing_enabled":true,"jetpack_shortlink":"https:\/\/wp.me\/p5Z6wp-nO2","jetpack-related-posts":[{"id":73191,"url":"https:\/\/www.shqiperia.com\/blog\/mbicmimi-i-lekut-po-na-pervelon-po-rritet-numri-i-te-papuneve-dhe-pasiguria-ne-treg\/","url_meta":{"origin":91514,"position":0},"title":"Mbi\u00e7mimi i lekut po na \u201cp\u00ebrv\u00eblon\u201d: &#8211; \u201cPo rritet numri i t\u00eb papun\u00ebve dhe pasiguria n\u00eb treg\u201d","author":"Kurt Farka","date":"August 1, 2023","format":false,"excerpt":"1 Gusht 2023 Pas shoqat\u00ebs q\u00eb p\u00ebrfaq\u00ebson bizneset e prodhimit t\u00eb tekstileve dhe k\u00ebpuc\u00ebve edhe shoqata e Eksportuesve reagoi sot duke vene ne dukje se mbi\u00e7mimi i lekut po godet dhe po falimenton \u00e7do nd\u00ebrmarrje q\u00eb prodhon e eksporton. N\u00eb vijim, pa dyshim pasojat do i ken\u00eb edhe ato q\u00eb\u2026","rel":"","context":"In &quot;Blogu i Udh\u00ebtarit&quot;","block_context":{"text":"Blogu i Udh\u00ebtarit","link":"https:\/\/www.shqiperia.com\/blog\/category\/blogu-i-udhetarit\/"},"img":{"alt_text":"","src":"https:\/\/i0.wp.com\/www.shqiperia.com\/blog\/wp-content\/uploads\/2023\/08\/Eksporte-kontejner-1076-scaled-770x433-1.jpg?fit=770%2C433&ssl=1&resize=350%2C200","width":350,"height":200,"srcset":"https:\/\/i0.wp.com\/www.shqiperia.com\/blog\/wp-content\/uploads\/2023\/08\/Eksporte-kontejner-1076-scaled-770x433-1.jpg?fit=770%2C433&ssl=1&resize=350%2C200 1x, https:\/\/i0.wp.com\/www.shqiperia.com\/blog\/wp-content\/uploads\/2023\/08\/Eksporte-kontejner-1076-scaled-770x433-1.jpg?fit=770%2C433&ssl=1&resize=525%2C300 1.5x, https:\/\/i0.wp.com\/www.shqiperia.com\/blog\/wp-content\/uploads\/2023\/08\/Eksporte-kontejner-1076-scaled-770x433-1.jpg?fit=770%2C433&ssl=1&resize=700%2C400 2x"},"classes":[]},{"id":54836,"url":"https:\/\/www.shqiperia.com\/blog\/filluan-efektet-e-luftes-ndihen-shume-edhe-ne-vendin-tone-shikoni-cfare-po-ndodh-me-euron\/","url_meta":{"origin":91514,"position":1},"title":"Filluan efektet e luft\u00ebs ndihen shum\u00eb edhe n\u00eb vendin ton\u00eb, shikoni \u00e7far\u00eb po ndodh me Euron","author":"Kurt Farka","date":"March 3, 2022","format":false,"excerpt":"Filluan efektet e luft\u00ebs ndihen shum\u00eb edhe n\u00eb vendin ton\u00eb, shikoni \u00e7far\u00eb po ndodh me Euron 3 MARS 2022 Lufta n\u00eb Ukrain\u00eb duket se ka nisur t\u00eb jap\u00eb efektet e para t\u00eb t\u00ebrthorta n\u00eb tregun financiar shqiptar.I pari q\u00eb po ndikohet \u00ebsht\u00eb kursi i k\u00ebmbimit valutor. Nga fillimi i k\u00ebsaj\u2026","rel":"","context":"In &quot;Blogu i Udh\u00ebtarit&quot;","block_context":{"text":"Blogu i Udh\u00ebtarit","link":"https:\/\/www.shqiperia.com\/blog\/category\/blogu-i-udhetarit\/"},"img":{"alt_text":"","src":"https:\/\/i0.wp.com\/www.shqiperia.com\/blog\/wp-content\/uploads\/2022\/03\/800-0-62207f7832136.jpg?fit=800%2C429&ssl=1&resize=350%2C200","width":350,"height":200,"srcset":"https:\/\/i0.wp.com\/www.shqiperia.com\/blog\/wp-content\/uploads\/2022\/03\/800-0-62207f7832136.jpg?fit=800%2C429&ssl=1&resize=350%2C200 1x, https:\/\/i0.wp.com\/www.shqiperia.com\/blog\/wp-content\/uploads\/2022\/03\/800-0-62207f7832136.jpg?fit=800%2C429&ssl=1&resize=525%2C300 1.5x, https:\/\/i0.wp.com\/www.shqiperia.com\/blog\/wp-content\/uploads\/2022\/03\/800-0-62207f7832136.jpg?fit=800%2C429&ssl=1&resize=700%2C400 2x"},"classes":[]},{"id":8717,"url":"https:\/\/www.shqiperia.com\/blog\/qindra-milione-euro-po-hyjne-ne-tregun-formal-nga-kriminaliteti-dhe-mafia\/","url_meta":{"origin":91514,"position":2},"title":"Qindra milion\u00eb euro po hyjn\u00eb n\u00eb tregun formal nga kriminaliteti dhe mafia. &#8211;","author":"Kurt Farka","date":"June 14, 2018","format":false,"excerpt":"Qindra milion\u00eb euro po hyjn\u00eb n\u00eb tregun formal nga kriminaliteti dhe mafia. - 08:14 - 8 Qershor, 2018 Shp\u00ebrndaje n\u00eb Facebook Tweet n\u00eb Twitter A picture illustration shows Euro banknotes in Zenica January 26, 2015. REUTERS\/Dado Ruvic -Politikan\u00eb e pushtetar\u00eb t\u00eb fshehur pas firmave private, grupe kriminale, etj t\u00eb gjith\u00eb\u2026","rel":"","context":"In &quot;Blogu i Udh\u00ebtarit&quot;","block_context":{"text":"Blogu i Udh\u00ebtarit","link":"https:\/\/www.shqiperia.com\/blog\/category\/blogu-i-udhetarit\/"},"img":{"alt_text":"","src":"https:\/\/i0.wp.com\/www.shqiperia.com\/blog\/wp-content\/uploads\/2018\/06\/download-1-696x477.jpg?fit=696%2C477&ssl=1&resize=350%2C200","width":350,"height":200,"srcset":"https:\/\/i0.wp.com\/www.shqiperia.com\/blog\/wp-content\/uploads\/2018\/06\/download-1-696x477.jpg?fit=696%2C477&ssl=1&resize=350%2C200 1x, https:\/\/i0.wp.com\/www.shqiperia.com\/blog\/wp-content\/uploads\/2018\/06\/download-1-696x477.jpg?fit=696%2C477&ssl=1&resize=525%2C300 1.5x"},"classes":[]},{"id":95920,"url":"https:\/\/www.shqiperia.com\/blog\/raporti-per-shqiperine-fmn-paralajmeron-paqja-fiskale-rrezikon-te-minoje-progresin-ne-administrimin-tatimor-1058-24-12-2025-a-a-raporti-per-shqiperine-fmn-paralajmeron-paqja-fiskale-rreziko\/","url_meta":{"origin":91514,"position":3},"title":"Raporti p\u00ebr Shqip\u00ebrin\u00eb\/ FMN paralajm\u00ebron: Paqja Fiskale rrezikon t\u00eb minoj\u00eb progresin n\u00eb administrimin tatimor   10:58 | 24\/12\/2025 A A Raporti p\u00ebr Shqip\u00ebrin\u00eb\/ FMN paralajm\u00ebron: &#8211; Paqja Fiskale rrezikon t\u00eb minoj\u00eb progresin n\u00eb administrimin tatimor Shqip\u00ebria","author":"Kurt Farka","date":"December 24, 2025","format":false,"excerpt":"24 Dhjetor 2025 Shqip\u00ebria vazhdon t\u00eb sh\u00ebnoj\u00eb nj\u00eb nga normat m\u00eb t\u00eb larta t\u00eb rritjes ekonomike n\u00eb Europ\u00eb, e mb\u00ebshtetur nga turizmi, inflacioni i ul\u00ebt, borxhi publik n\u00eb r\u00ebnie dhe rezerva t\u00eb forta valutore, vler\u00ebson Fondi Monetar Nd\u00ebrkomb\u00ebtar (FMN) n\u00eb p\u00ebrfundim t\u00eb Konsultimit t\u00eb Nenit IV p\u00ebr vitin 2025. Sipas\u2026","rel":"","context":"In &quot;Blogu i Udh\u00ebtarit&quot;","block_context":{"text":"Blogu i Udh\u00ebtarit","link":"https:\/\/www.shqiperia.com\/blog\/category\/blogu-i-udhetarit\/"},"img":{"alt_text":"","src":"https:\/\/i0.wp.com\/www.shqiperia.com\/blog\/wp-content\/uploads\/2025\/12\/fmn.jpg?fit=866%2C498&ssl=1&resize=350%2C200","width":350,"height":200,"srcset":"https:\/\/i0.wp.com\/www.shqiperia.com\/blog\/wp-content\/uploads\/2025\/12\/fmn.jpg?fit=866%2C498&ssl=1&resize=350%2C200 1x, https:\/\/i0.wp.com\/www.shqiperia.com\/blog\/wp-content\/uploads\/2025\/12\/fmn.jpg?fit=866%2C498&ssl=1&resize=525%2C300 1.5x, https:\/\/i0.wp.com\/www.shqiperia.com\/blog\/wp-content\/uploads\/2025\/12\/fmn.jpg?fit=866%2C498&ssl=1&resize=700%2C400 2x"},"classes":[]},{"id":88758,"url":"https:\/\/www.shqiperia.com\/blog\/rritja-ekonomike-shenon-ulje-fmn-publikon-raportin-per-shqiperine\/","url_meta":{"origin":91514,"position":4},"title":"\u201cRritja ekonomike sh\u00ebnon ulje\u201d, FMN publikon raportin p\u00ebr Shqip\u00ebrin\u00eb","author":"Kurt Farka","date":"January 28, 2025","format":false,"excerpt":"28 Janar 2025 Fondi Monetar Nd\u00ebrkomb\u00ebtar ka publikuar raportin p\u00ebr vitin 2024 p\u00ebr Shqip\u00ebrin\u00eb. N\u00eb faqen zyrtare t\u00eb FMN-s\u00eb \u00ebsht\u00eb publikuar raporti dit\u00ebn e sotme, bashk\u00eb me propozimet q\u00eb duhen nd\u00ebrmarr\u00eb p\u00ebr t\u00eb rritur ekonomin\u00eb e vendit dhe p\u00ebr t\u00eb kaluar v\u00ebshtir\u00ebsit\u00eb. N\u00eb raportin e FMN-s\u00eb theksohet se edhe pse\u2026","rel":"","context":"In &quot;Blogu i Udh\u00ebtarit&quot;","block_context":{"text":"Blogu i Udh\u00ebtarit","link":"https:\/\/www.shqiperia.com\/blog\/category\/blogu-i-udhetarit\/"},"img":{"alt_text":"","src":"https:\/\/i0.wp.com\/www.shqiperia.com\/blog\/wp-content\/uploads\/2025\/01\/FMN-e1703145062240-1.jpeg?fit=535%2C412&ssl=1&resize=350%2C200","width":350,"height":200,"srcset":"https:\/\/i0.wp.com\/www.shqiperia.com\/blog\/wp-content\/uploads\/2025\/01\/FMN-e1703145062240-1.jpeg?fit=535%2C412&ssl=1&resize=350%2C200 1x, https:\/\/i0.wp.com\/www.shqiperia.com\/blog\/wp-content\/uploads\/2025\/01\/FMN-e1703145062240-1.jpeg?fit=535%2C412&ssl=1&resize=525%2C300 1.5x"},"classes":[]},{"id":56645,"url":"https:\/\/www.shqiperia.com\/blog\/banka-boterore-paralajmeron-qeverine-shqiptare-se-financimi-i-borxhit-publik-eshte-ne-rrezik\/","url_meta":{"origin":91514,"position":5},"title":"Banka Bot\u00ebrore paralajm\u00ebron qeverin\u00eb shqiptare se financimi i borxhit publik \u00ebsht\u00eb n\u00eb rrezik","author":"Kurt Farka","date":"April 13, 2022","format":false,"excerpt":"Banka Bot\u00ebrore paralajm\u00ebron qeverin\u00eb shqiptare se financimi i borxhit publik \u00ebsht\u00eb n\u00eb rrezik 11 Prill 2022 Banka Bot\u00ebrore, n\u00eb raportin e fundit p\u00ebr Europ\u00ebn Qendrore dhe Azin\u00eb \u201dLufta n\u00eb Rajon\u201d \u00ebsht\u00eb shprehur e ashp\u00ebr lidhur me nivelin e lart\u00eb t\u00eb borxhin t\u00eb Shqip\u00ebris\u00eb dhe ka paralajm\u00ebruar se rifinancimi i tij\u2026","rel":"","context":"In &quot;Blogu i Udh\u00ebtarit&quot;","block_context":{"text":"Blogu i Udh\u00ebtarit","link":"https:\/\/www.shqiperia.com\/blog\/category\/blogu-i-udhetarit\/"},"img":{"alt_text":"","src":"https:\/\/i0.wp.com\/www.shqiperia.com\/blog\/wp-content\/uploads\/2022\/04\/2-261-e1649713532518-905x450-1.jpg?fit=905%2C450&ssl=1&resize=350%2C200","width":350,"height":200,"srcset":"https:\/\/i0.wp.com\/www.shqiperia.com\/blog\/wp-content\/uploads\/2022\/04\/2-261-e1649713532518-905x450-1.jpg?fit=905%2C450&ssl=1&resize=350%2C200 1x, https:\/\/i0.wp.com\/www.shqiperia.com\/blog\/wp-content\/uploads\/2022\/04\/2-261-e1649713532518-905x450-1.jpg?fit=905%2C450&ssl=1&resize=525%2C300 1.5x, https:\/\/i0.wp.com\/www.shqiperia.com\/blog\/wp-content\/uploads\/2022\/04\/2-261-e1649713532518-905x450-1.jpg?fit=905%2C450&ssl=1&resize=700%2C400 2x"},"classes":[]}],"_links":{"self":[{"href":"https:\/\/www.shqiperia.com\/blog\/wp-json\/wp\/v2\/posts\/91514","targetHints":{"allow":["GET"]}}],"collection":[{"href":"https:\/\/www.shqiperia.com\/blog\/wp-json\/wp\/v2\/posts"}],"about":[{"href":"https:\/\/www.shqiperia.com\/blog\/wp-json\/wp\/v2\/types\/post"}],"author":[{"embeddable":true,"href":"https:\/\/www.shqiperia.com\/blog\/wp-json\/wp\/v2\/users\/9"}],"replies":[{"embeddable":true,"href":"https:\/\/www.shqiperia.com\/blog\/wp-json\/wp\/v2\/comments?post=91514"}],"version-history":[{"count":1,"href":"https:\/\/www.shqiperia.com\/blog\/wp-json\/wp\/v2\/posts\/91514\/revisions"}],"predecessor-version":[{"id":91516,"href":"https:\/\/www.shqiperia.com\/blog\/wp-json\/wp\/v2\/posts\/91514\/revisions\/91516"}],"wp:featuredmedia":[{"embeddable":true,"href":"https:\/\/www.shqiperia.com\/blog\/wp-json\/wp\/v2\/media\/91515"}],"wp:attachment":[{"href":"https:\/\/www.shqiperia.com\/blog\/wp-json\/wp\/v2\/media?parent=91514"}],"wp:term":[{"taxonomy":"category","embeddable":true,"href":"https:\/\/www.shqiperia.com\/blog\/wp-json\/wp\/v2\/categories?post=91514"},{"taxonomy":"post_tag","embeddable":true,"href":"https:\/\/www.shqiperia.com\/blog\/wp-json\/wp\/v2\/tags?post=91514"}],"curies":[{"name":"wp","href":"https:\/\/api.w.org\/{rel}","templated":true}]}}