{"id":91510,"date":"2025-04-17T02:46:28","date_gmt":"2025-04-17T02:46:28","guid":{"rendered":"https:\/\/www.shqiperia.com\/blog\/?p=91510"},"modified":"2025-04-17T02:47:31","modified_gmt":"2025-04-17T02:47:31","slug":"votimet-e-11-majit-rama-gjoba-do-vije-ne-iphone-me-fytyren-e-secilit","status":"publish","type":"post","link":"https:\/\/www.shqiperia.com\/blog\/votimet-e-11-majit-rama-gjoba-do-vije-ne-iphone-me-fytyren-e-secilit\/","title":{"rendered":"Votimet e 11 majit. &#8211; Rama: &#8211; Gjoba do vij\u00eb n\u00eb iPhone me fytyr\u00ebn e secilit"},"content":{"rendered":"<p><img data-recalc-dims=\"1\" loading=\"lazy\" decoding=\"async\" data-attachment-id=\"91511\" data-permalink=\"https:\/\/www.shqiperia.com\/blog\/votimet-e-11-majit-rama-gjoba-do-vije-ne-iphone-me-fytyren-e-secilit\/rama-be-2\/\" data-orig-file=\"https:\/\/i0.wp.com\/www.shqiperia.com\/blog\/wp-content\/uploads\/2025\/04\/rama-be-1.jpg?fit=600%2C400&amp;ssl=1\" data-orig-size=\"600,400\" data-comments-opened=\"1\" data-image-meta=\"{&quot;aperture&quot;:&quot;0&quot;,&quot;credit&quot;:&quot;&quot;,&quot;camera&quot;:&quot;&quot;,&quot;caption&quot;:&quot;&quot;,&quot;created_timestamp&quot;:&quot;0&quot;,&quot;copyright&quot;:&quot;&quot;,&quot;focal_length&quot;:&quot;0&quot;,&quot;iso&quot;:&quot;0&quot;,&quot;shutter_speed&quot;:&quot;0&quot;,&quot;title&quot;:&quot;&quot;,&quot;orientation&quot;:&quot;0&quot;}\" data-image-title=\"rama-be\" data-image-description=\"\" data-image-caption=\"\" data-medium-file=\"https:\/\/i0.wp.com\/www.shqiperia.com\/blog\/wp-content\/uploads\/2025\/04\/rama-be-1.jpg?fit=300%2C200&amp;ssl=1\" data-large-file=\"https:\/\/i0.wp.com\/www.shqiperia.com\/blog\/wp-content\/uploads\/2025\/04\/rama-be-1.jpg?fit=600%2C400&amp;ssl=1\" class=\"alignnone wp-image-91511\" alt=\"\" src=\"https:\/\/i0.wp.com\/www.shqiperia.com\/blog\/wp-content\/uploads\/2025\/04\/rama-be-1.jpg?resize=728%2C485&#038;ssl=1\" width=\"728\" height=\"485\" srcset=\"https:\/\/i0.wp.com\/www.shqiperia.com\/blog\/wp-content\/uploads\/2025\/04\/rama-be-1.jpg?resize=300%2C200&amp;ssl=1 300w, https:\/\/i0.wp.com\/www.shqiperia.com\/blog\/wp-content\/uploads\/2025\/04\/rama-be-1.jpg?resize=450%2C300&amp;ssl=1 450w, https:\/\/i0.wp.com\/www.shqiperia.com\/blog\/wp-content\/uploads\/2025\/04\/rama-be-1.jpg?resize=400%2C267&amp;ssl=1 400w, https:\/\/i0.wp.com\/www.shqiperia.com\/blog\/wp-content\/uploads\/2025\/04\/rama-be-1.jpg?w=600&amp;ssl=1 600w\" sizes=\"auto, (max-width: 728px) 100vw, 728px\" \/><\/p>\n<p>17 Prill 2025<\/p>\n<p>Kryesocialisti Edi Rama ka prezantuar programin p\u00ebr infrastruktur\u00ebn dhe leht\u00ebsimin q\u00eb do t\u00eb vij\u00eb si rrjedhoj\u00eb e nd\u00ebrtimit t\u00eb \u201dQendr\u00ebs s\u00eb Monitorimit t\u00eb Trafikut\u201d.<\/p>\n<p>Sipas tij t\u00eb gjith\u00eb drejtuesve do u vij\u00eb gjoba n\u00eb telefonin e tyre, e shoq\u00ebruar dhe me fytyr\u00ebn e secilit. Nga ana tjet\u00ebr, theksoi se kamerat e vendosura nga investimi i ri, do t\u00eb heqin nga akset komb\u00ebtare polic\u00ebt q\u00eb rrin\u00eb n\u00eb rrug\u00eb.<\/p>\n<p><em>\u201dEdhe nj\u00eb gj\u00eb tjet\u00ebr me at\u00eb qendr\u00ebn e monitorimit t\u00eb trafikut, sepse ajo \u00ebsht\u00eb pjes\u00eb e gjith\u00eb k\u00ebsaj. P\u00ebrs\u00ebri \u00ebsht\u00eb e paplot\u00eb. Qendra e Monitorimit t\u00eb Trafikut \u00ebsht\u00eb gati dhe po b\u00ebhet nj\u00eb pun\u00eb p\u00ebr t\u00eb trajnuar stafin.<\/em><\/p>\n<p><em>Do lidhet me projektin q\u00eb ne kemi n\u00ebnshkruar me Emiratet e Bashkuara, p\u00ebr t\u00eb pasur gjith\u00eb territorin, spitalet, shkollat, institucionet publike dhe akset komb\u00ebtare n\u00eb nj\u00eb sistem kamerash inteligjente, i cili do jet\u00eb dhe do shoh\u00eb gjith\u00eb Shqip\u00ebrin\u00eb n\u00eb koh\u00eb reale.<\/em><\/p>\n<p><em>Sistemi \u00ebsht\u00eb i till\u00eb dhe do sinjalizoj\u00eb k\u00ebtu p\u00ebr nj\u00eb rritje shpejt\u00ebsie, do sinjalizohet k\u00ebtu, nuk do ket\u00eb m\u00eb polic\u00eb n\u00eb rrug\u00eb. Punonj\u00ebsit e policis\u00eb do jen\u00eb t\u00eb organizuar n\u00eb nj\u00eb m\u00ebnyr\u00eb tjet\u00ebr.<\/em><\/p>\n<p><em>Sistemi i kontrollit n\u00eb koh\u00eb reale t\u00eb shpejt\u00ebsis\u00eb do b\u00ebj\u00eb q\u00eb gjobat t\u00eb jen\u00eb t\u00eb menj\u00ebhershme dhe ajo q\u00eb po b\u00ebjm\u00eb ne \u00ebsht\u00eb q\u00eb gjoba t\u00eb vij\u00eb n\u00eb telefonin t\u00ebnd n\u00eb nj\u00eb koh\u00eb reale\u201d,<\/em>-tha Rama.<\/p>\n","protected":false},"excerpt":{"rendered":"<p>17 Prill 2025 Kryesocialisti Edi Rama ka prezantuar programin p\u00ebr infrastruktur\u00ebn dhe leht\u00ebsimin q\u00eb do t\u00eb vij\u00eb si rrjedhoj\u00eb e nd\u00ebrtimit t\u00eb \u201dQendr\u00ebs s\u00eb Monitorimit t\u00eb Trafikut\u201d. Sipas tij t\u00eb gjith\u00eb drejtuesve do u vij\u00eb gjoba n\u00eb telefonin e tyre, e shoq\u00ebruar dhe me fytyr\u00ebn e secilit. Nga ana tjet\u00ebr, theksoi se kamerat e vendosura [&hellip;]<\/p>\n","protected":false},"author":9,"featured_media":91511,"comment_status":"open","ping_status":"open","sticky":false,"template":"","format":"standard","meta":{"jetpack_post_was_ever_published":false,"_jetpack_newsletter_access":"","_jetpack_dont_email_post_to_subs":false,"_jetpack_newsletter_tier_id":0,"_jetpack_memberships_contains_paywalled_content":false,"_jetpack_memberships_contains_paid_content":false,"footnotes":"","jetpack_publicize_message":"","jetpack_publicize_feature_enabled":true,"jetpack_social_post_already_shared":true,"jetpack_social_options":{"image_generator_settings":{"template":"highway","default_image_id":0,"font":"","enabled":false},"version":2}},"categories":[27,1],"tags":[],"class_list":["post-91510","post","type-post","status-publish","format-standard","has-post-thumbnail","hentry","category-blogu-i-udhetarit","category-njoftime-shtypi"],"jetpack_publicize_connections":[],"jetpack_featured_media_url":"https:\/\/i0.wp.com\/www.shqiperia.com\/blog\/wp-content\/uploads\/2025\/04\/rama-be-1.jpg?fit=600%2C400&ssl=1","jetpack_sharing_enabled":true,"jetpack_shortlink":"https:\/\/wp.me\/p5Z6wp-nNY","jetpack-related-posts":[{"id":93335,"url":"https:\/\/www.shqiperia.com\/blog\/zhurmat-po-na-shurdhojne-raporti-mbi-limit-dite-e-nate-ne-gjithe-vendin-kryeson-tirana\/","url_meta":{"origin":91510,"position":0},"title":"Zhurmat po na shurdhojn\u00eb, raporti: Mbi limit dit\u00eb e nat\u00eb n\u00eb gjith\u00eb vendin, kryeson Tirana","author":"Kurt Farka","date":"August 29, 2025","format":false,"excerpt":"29 Gusht 2025 Shqip\u00ebria \u00ebsht\u00eb nj\u00eb kakofoni q\u00eb nuk gjen qet\u00ebsi dit\u00ebn e as nat\u00ebn. P\u00ebrditshm\u00ebria p\u00ebrkufizohet nga bori makinash, zhurm\u00eb marmitash, frenime e dh\u00ebnie gazi t\u00eb befta, fishk\u00ebllima e ul\u00ebrima, kantiere nd\u00ebrtimi e shum\u00eb si k\u00ebto. Trafiku \u00ebsht\u00eb shkaktari kryesor i zhurmave por jo i vetmi. Raporti i Agjencis\u00eb\u2026","rel":"","context":"In &quot;Blogu i Udh\u00ebtarit&quot;","block_context":{"text":"Blogu i Udh\u00ebtarit","link":"https:\/\/www.shqiperia.com\/blog\/category\/blogu-i-udhetarit\/"},"img":{"alt_text":"","src":"https:\/\/i0.wp.com\/www.shqiperia.com\/blog\/wp-content\/uploads\/2025\/08\/zhurmna.jpg?fit=852%2C479&ssl=1&resize=350%2C200","width":350,"height":200,"srcset":"https:\/\/i0.wp.com\/www.shqiperia.com\/blog\/wp-content\/uploads\/2025\/08\/zhurmna.jpg?fit=852%2C479&ssl=1&resize=350%2C200 1x, https:\/\/i0.wp.com\/www.shqiperia.com\/blog\/wp-content\/uploads\/2025\/08\/zhurmna.jpg?fit=852%2C479&ssl=1&resize=525%2C300 1.5x, https:\/\/i0.wp.com\/www.shqiperia.com\/blog\/wp-content\/uploads\/2025\/08\/zhurmna.jpg?fit=852%2C479&ssl=1&resize=700%2C400 2x"},"classes":[]},{"id":94969,"url":"https:\/\/www.shqiperia.com\/blog\/cfare-e-acaroi-edi-ramen-rrugeve-te-romes-zbulohet-kontrata-140-milione-dollare-qe-fshihet-pas-telefonates\/","url_meta":{"origin":91510,"position":1},"title":"\u00c7far\u00eb e acaroi Edi Ram\u00ebn rrug\u00ebve t\u00eb Rom\u00ebs? Zbulohet kontrata 140 milion\u00eb dollar\u00eb q\u00eb fshihet pas telefonat\u00ebs","author":"Kurt Farka","date":"November 19, 2025","format":false,"excerpt":"19 Nentor 2025 Nga Gazet Dita Nj\u00eb jav\u00eb m\u00eb par\u00eb kryeministri Edi Rama u filmua i acaruar rrug\u00ebve t\u00eb Rom\u00ebs teksa i b\u00ebrtiste dikujt n\u00eb telefon me tone t\u00eb ashpra. \u201c\u201cP\u00ebr \u00e7far\u00eb je b\u00ebr\u00eb bashk\u00ebkryetar ti? Q\u00eb t\u00eb kriijosh pengesa. P\u00ebr \u00e7a je v\u00ebn\u00eb ti bashk\u00ebkryetar aty? Na keni kthyer\u2026","rel":"","context":"In &quot;Blogu i Udh\u00ebtarit&quot;","block_context":{"text":"Blogu i Udh\u00ebtarit","link":"https:\/\/www.shqiperia.com\/blog\/category\/blogu-i-udhetarit\/"},"img":{"alt_text":"","src":"https:\/\/i0.wp.com\/www.shqiperia.com\/blog\/wp-content\/uploads\/2025\/11\/640-0-900-0-1763537888xrama-383-1763540315.webp?fit=640%2C490&ssl=1&resize=350%2C200","width":350,"height":200,"srcset":"https:\/\/i0.wp.com\/www.shqiperia.com\/blog\/wp-content\/uploads\/2025\/11\/640-0-900-0-1763537888xrama-383-1763540315.webp?fit=640%2C490&ssl=1&resize=350%2C200 1x, https:\/\/i0.wp.com\/www.shqiperia.com\/blog\/wp-content\/uploads\/2025\/11\/640-0-900-0-1763537888xrama-383-1763540315.webp?fit=640%2C490&ssl=1&resize=525%2C300 1.5x"},"classes":[]},{"id":97264,"url":"https:\/\/www.shqiperia.com\/blog\/hajdute-mashtrues-qytetaret-masakrojne-taulant-ballen-pasi-postoi-video-nga-bllokimi-i-rruges-ne-dragostunje\/","url_meta":{"origin":91510,"position":2},"title":"\u2018Hajdut\u00eb, mashtrues\u2019\/ Qytetar\u00ebt masakrojn\u00eb Taulant Ball\u00ebn pasi postoi video nga bllokimi i rrug\u00ebs n\u00eb Dragostunj\u00eb","author":"Kurt Farka","date":"February 1, 2026","format":false,"excerpt":"1 Shkurt 2026 Pas shembjes s\u00eb rrug\u00ebs q\u00eb lidh Elbasanin me Qaf\u00eb Than\u00ebn me qindra automjete mbeten t\u00eb bllokuara dhe me mij\u00ebra qytetar\u00eb mbet\u00ebn p\u00ebr or\u00eb t\u00eb t\u00ebra n\u00eb mes te rrug\u00ebs. Shteti q\u00eb e ka p\u00ebr detyr\u00eb t\u00eb siguroj\u00eb akset e kalueshme rrugore u mundua t\u00eb nxjerr\u00eb n\u00ebp\u00ebr media\u2026","rel":"","context":"In &quot;Blogu i Udh\u00ebtarit&quot;","block_context":{"text":"Blogu i Udh\u00ebtarit","link":"https:\/\/www.shqiperia.com\/blog\/category\/blogu-i-udhetarit\/"},"img":{"alt_text":"","src":"https:\/\/i0.wp.com\/www.shqiperia.com\/blog\/wp-content\/uploads\/2026\/02\/rrugaa-900x570-1.jpg?fit=900%2C503&ssl=1&resize=350%2C200","width":350,"height":200,"srcset":"https:\/\/i0.wp.com\/www.shqiperia.com\/blog\/wp-content\/uploads\/2026\/02\/rrugaa-900x570-1.jpg?fit=900%2C503&ssl=1&resize=350%2C200 1x, https:\/\/i0.wp.com\/www.shqiperia.com\/blog\/wp-content\/uploads\/2026\/02\/rrugaa-900x570-1.jpg?fit=900%2C503&ssl=1&resize=525%2C300 1.5x, https:\/\/i0.wp.com\/www.shqiperia.com\/blog\/wp-content\/uploads\/2026\/02\/rrugaa-900x570-1.jpg?fit=900%2C503&ssl=1&resize=700%2C400 2x"},"classes":[]},{"id":74739,"url":"https:\/\/www.shqiperia.com\/blog\/kosova-toke-e-askujt-deputeti-i-pd-nga-komisioni-per-sigurise-rama-te-vije-te-jape-shpjegime-deklarata-te-papranueshme-qe-implikojne-shqiperine\/","url_meta":{"origin":91510,"position":3},"title":"\u201cKosova, tok\u00eb e askujt!\u201d\/ Deputeti i PD nga Komisioni p\u00ebr Siguris\u00eb: &#8211; Rama t\u00eb vij\u00eb t\u00eb jap\u00eb shpjegime! &#8211; Deklarata t\u00eb papranueshme q\u00eb implikojn\u00eb Shqip\u00ebrin\u00eb","author":"Kurt Farka","date":"October 10, 2023","format":false,"excerpt":"10 Tetor 2023 N\u00ebnkryetari i Komisionit t\u00eb Siguris\u00eb, Ferdinand Xaferraj ka k\u00ebrkuar q\u00eb kryeministri Rama t\u00eb sqarohet p\u00ebr qytetar\u00ebt lidhur me deklaratat e fundit sa i takon Veriut t\u00eb Kosov\u00ebs, p\u00ebrfshirjes s\u00eb KFOR-it dhe konferenc\u00ebs nd\u00ebrkomb\u00ebtare. Xhaferraj, i cil\u00ebsoi si t\u00eb papranueshme deklaratat e kryeministrit, nd\u00ebrsa tha q\u00eb \u00ebsht\u00eb n\u00eb\u2026","rel":"","context":"In &quot;Blogu i Udh\u00ebtarit&quot;","block_context":{"text":"Blogu i Udh\u00ebtarit","link":"https:\/\/www.shqiperia.com\/blog\/category\/blogu-i-udhetarit\/"},"img":{"alt_text":"","src":"https:\/\/i0.wp.com\/www.shqiperia.com\/blog\/wp-content\/uploads\/2023\/10\/Rama-kfor-komisioni-433x300-1.jpg?fit=433%2C300&ssl=1&resize=350%2C200","width":350,"height":200},"classes":[]},{"id":44590,"url":"https:\/\/www.shqiperia.com\/blog\/shoqata-e-biznesit-i-pergjigjet-kryeministrit-boll-me-me-kercenime-reprezalje-gjoba-selektivitet-dhe-hak-marrje-ndaj-biznesit\/","url_meta":{"origin":91510,"position":4},"title":"Shoqata e Biznesit i p\u00ebrgjigjet kryeministrit: &#8211; BOLL M\u00cb me k\u00ebrc\u00ebnime reprezalje gjoba selektivitet dhe hak marrje ndaj biznesit\u00a0","author":"Kurt Farka","date":"February 23, 2021","format":false,"excerpt":"Shoqata e Biznesit i p\u00ebrgjigjet kryeministrit: - BOLL M\u00cb me k\u00ebrc\u00ebnime reprezalje gjoba selektivitet dhe hak marrje ndaj biznesit 23 shkurt 2021 Shoqata e Biznesit t\u00eb vog\u00ebl n\u00eb Shqip\u00ebri i \u00ebsht\u00eb p\u00ebrgjigjur kryeministrit Edi Rama, pasi shefi i qeveris\u00eb u b\u00ebri thirrje pronar\u00ebve t\u00eb lokaleve q\u00eb t\u00eb mos pranojn\u00eb politikan\u00eb\u2026","rel":"","context":"In &quot;Blogu i Udh\u00ebtarit&quot;","block_context":{"text":"Blogu i Udh\u00ebtarit","link":"https:\/\/www.shqiperia.com\/blog\/category\/blogu-i-udhetarit\/"},"img":{"alt_text":"","src":"https:\/\/i0.wp.com\/www.shqiperia.com\/blog\/wp-content\/uploads\/2021\/02\/28055788_2238783709468995_1807121990600128171_n.jpg?fit=633%2C347&ssl=1&resize=350%2C200","width":350,"height":200,"srcset":"https:\/\/i0.wp.com\/www.shqiperia.com\/blog\/wp-content\/uploads\/2021\/02\/28055788_2238783709468995_1807121990600128171_n.jpg?fit=633%2C347&ssl=1&resize=350%2C200 1x, https:\/\/i0.wp.com\/www.shqiperia.com\/blog\/wp-content\/uploads\/2021\/02\/28055788_2238783709468995_1807121990600128171_n.jpg?fit=633%2C347&ssl=1&resize=525%2C300 1.5x"},"classes":[]},{"id":89032,"url":"https:\/\/www.shqiperia.com\/blog\/komentuesi-i-thote-rames-se-nuk-ka-uje-te-pijshem-njerezit-jane-akoma-me-bidona-me-karroca-si-ne-somali-rama-komentuesit-shqiperia-po-merr-vleresime-nga-organizatat-nderkombetar\/","url_meta":{"origin":91510,"position":5},"title":"Komentuesi i thot\u00eb Ram\u00ebs se \u201cnuk ka uj\u00eb t\u00eb pijsh\u00ebm, njer\u00ebzit jan\u00eb akoma me bidona me karroca si n\u00eb Somali\u201d. Rama-komentuesit: &#8211; Shqip\u00ebria po merr vler\u00ebsime nga organizatat nd\u00ebrkomb\u00ebtare","author":"Kurt Farka","date":"February 5, 2025","format":false,"excerpt":"5 Shkurt 2025 Kryeministri Edi Rama n\u00eb rubrik\u00ebn Sy m\u2019sy n\u00eb Facebook-un e tij, i ka kthyer p\u00ebrgjigje nj\u00eb komentuesi. \u00a0Komentuesi i thot\u00eb Ram\u00ebs se \u201cnuk ka uj\u00eb t\u00eb pijsh\u00ebm, njer\u00ebzit jan\u00eb akoma me bidona me karroca si n\u00eb Somali\u201d. E menj\u00ebhershme ka qen\u00eb p\u00ebrgjigja e kreut t\u00eb qeveris\u00eb shqiptare.\u2026","rel":"","context":"In &quot;Blogu i Udh\u00ebtarit&quot;","block_context":{"text":"Blogu i Udh\u00ebtarit","link":"https:\/\/www.shqiperia.com\/blog\/category\/blogu-i-udhetarit\/"},"img":{"alt_text":"","src":"https:\/\/i0.wp.com\/www.shqiperia.com\/blog\/wp-content\/uploads\/2025\/02\/640-0-a20d948f9c4705e0b402d15efb441ff4.webp?fit=640%2C427&ssl=1&resize=350%2C200","width":350,"height":200,"srcset":"https:\/\/i0.wp.com\/www.shqiperia.com\/blog\/wp-content\/uploads\/2025\/02\/640-0-a20d948f9c4705e0b402d15efb441ff4.webp?fit=640%2C427&ssl=1&resize=350%2C200 1x, https:\/\/i0.wp.com\/www.shqiperia.com\/blog\/wp-content\/uploads\/2025\/02\/640-0-a20d948f9c4705e0b402d15efb441ff4.webp?fit=640%2C427&ssl=1&resize=525%2C300 1.5x"},"classes":[]}],"_links":{"self":[{"href":"https:\/\/www.shqiperia.com\/blog\/wp-json\/wp\/v2\/posts\/91510","targetHints":{"allow":["GET"]}}],"collection":[{"href":"https:\/\/www.shqiperia.com\/blog\/wp-json\/wp\/v2\/posts"}],"about":[{"href":"https:\/\/www.shqiperia.com\/blog\/wp-json\/wp\/v2\/types\/post"}],"author":[{"embeddable":true,"href":"https:\/\/www.shqiperia.com\/blog\/wp-json\/wp\/v2\/users\/9"}],"replies":[{"embeddable":true,"href":"https:\/\/www.shqiperia.com\/blog\/wp-json\/wp\/v2\/comments?post=91510"}],"version-history":[{"count":2,"href":"https:\/\/www.shqiperia.com\/blog\/wp-json\/wp\/v2\/posts\/91510\/revisions"}],"predecessor-version":[{"id":91513,"href":"https:\/\/www.shqiperia.com\/blog\/wp-json\/wp\/v2\/posts\/91510\/revisions\/91513"}],"wp:featuredmedia":[{"embeddable":true,"href":"https:\/\/www.shqiperia.com\/blog\/wp-json\/wp\/v2\/media\/91511"}],"wp:attachment":[{"href":"https:\/\/www.shqiperia.com\/blog\/wp-json\/wp\/v2\/media?parent=91510"}],"wp:term":[{"taxonomy":"category","embeddable":true,"href":"https:\/\/www.shqiperia.com\/blog\/wp-json\/wp\/v2\/categories?post=91510"},{"taxonomy":"post_tag","embeddable":true,"href":"https:\/\/www.shqiperia.com\/blog\/wp-json\/wp\/v2\/tags?post=91510"}],"curies":[{"name":"wp","href":"https:\/\/api.w.org\/{rel}","templated":true}]}}