{"id":88567,"date":"2025-01-20T07:02:33","date_gmt":"2025-01-20T07:02:33","guid":{"rendered":"https:\/\/www.shqiperia.com\/blog\/?p=88567"},"modified":"2025-01-21T06:49:38","modified_gmt":"2025-01-21T06:49:38","slug":"arben-malaj-tregon-debatin-me-ramen-per-modernizimin-e-partise-socialiste-ai-donte-qe","status":"publish","type":"post","link":"https:\/\/www.shqiperia.com\/blog\/arben-malaj-tregon-debatin-me-ramen-per-modernizimin-e-partise-socialiste-ai-donte-qe\/","title":{"rendered":"Arben Malaj tregon debatin me Ram\u00ebn p\u00ebr modernizimin e Partis\u00eb Socialiste: Ai donte q\u00eb\u2026"},"content":{"rendered":"<p><img data-recalc-dims=\"1\" loading=\"lazy\" decoding=\"async\" data-attachment-id=\"88568\" data-permalink=\"https:\/\/www.shqiperia.com\/blog\/arben-malaj-tregon-debatin-me-ramen-per-modernizimin-e-partise-socialiste-ai-donte-qe\/900-0-1737317495xmalaj-rama-411\/\" data-orig-file=\"https:\/\/i0.wp.com\/www.shqiperia.com\/blog\/wp-content\/uploads\/2025\/01\/900-0-1737317495xmalaj-rama-411.jpg?fit=900%2C500&amp;ssl=1\" data-orig-size=\"900,500\" data-comments-opened=\"1\" data-image-meta=\"{&quot;aperture&quot;:&quot;0&quot;,&quot;credit&quot;:&quot;&quot;,&quot;camera&quot;:&quot;&quot;,&quot;caption&quot;:&quot;&quot;,&quot;created_timestamp&quot;:&quot;0&quot;,&quot;copyright&quot;:&quot;&quot;,&quot;focal_length&quot;:&quot;0&quot;,&quot;iso&quot;:&quot;0&quot;,&quot;shutter_speed&quot;:&quot;0&quot;,&quot;title&quot;:&quot;&quot;,&quot;orientation&quot;:&quot;0&quot;}\" data-image-title=\"900-0-1737317495xmalaj-rama-411\" data-image-description=\"\" data-image-caption=\"\" data-medium-file=\"https:\/\/i0.wp.com\/www.shqiperia.com\/blog\/wp-content\/uploads\/2025\/01\/900-0-1737317495xmalaj-rama-411.jpg?fit=300%2C167&amp;ssl=1\" data-large-file=\"https:\/\/i0.wp.com\/www.shqiperia.com\/blog\/wp-content\/uploads\/2025\/01\/900-0-1737317495xmalaj-rama-411.jpg?fit=900%2C500&amp;ssl=1\" class=\"alignnone wp-image-88568\" alt=\"\" src=\"https:\/\/i0.wp.com\/www.shqiperia.com\/blog\/wp-content\/uploads\/2025\/01\/900-0-1737317495xmalaj-rama-411.jpg?resize=711%2C396&#038;ssl=1\" width=\"711\" height=\"396\" srcset=\"https:\/\/i0.wp.com\/www.shqiperia.com\/blog\/wp-content\/uploads\/2025\/01\/900-0-1737317495xmalaj-rama-411.jpg?resize=300%2C167&amp;ssl=1 300w, https:\/\/i0.wp.com\/www.shqiperia.com\/blog\/wp-content\/uploads\/2025\/01\/900-0-1737317495xmalaj-rama-411.jpg?resize=768%2C427&amp;ssl=1 768w, https:\/\/i0.wp.com\/www.shqiperia.com\/blog\/wp-content\/uploads\/2025\/01\/900-0-1737317495xmalaj-rama-411.jpg?resize=450%2C250&amp;ssl=1 450w, https:\/\/i0.wp.com\/www.shqiperia.com\/blog\/wp-content\/uploads\/2025\/01\/900-0-1737317495xmalaj-rama-411.jpg?resize=600%2C333&amp;ssl=1 600w, https:\/\/i0.wp.com\/www.shqiperia.com\/blog\/wp-content\/uploads\/2025\/01\/900-0-1737317495xmalaj-rama-411.jpg?resize=400%2C222&amp;ssl=1 400w, https:\/\/i0.wp.com\/www.shqiperia.com\/blog\/wp-content\/uploads\/2025\/01\/900-0-1737317495xmalaj-rama-411.jpg?w=900&amp;ssl=1 900w\" sizes=\"auto, (max-width: 711px) 100vw, 711px\" \/><\/p>\n<p>20 Janar 2025<\/p>\n<p>Arben Malaj, i ftuar n\u00eb nj\u00ebstudio televiziv, tregoi debatin q\u00eb ka b\u00ebr\u00eb me kryeministrin Edi Rama p\u00ebr modernizimin e Partis\u00eb Socialiste.<\/p>\n<p>\u201cUn\u00eb kisha iden\u00eb q\u00eb PS-ja duhej t\u00eb demokratizohej p\u00ebrpara se t\u00eb vinte n\u00eb pushtet, nd\u00ebrsa Rama kishte iden\u00eb q\u00eb t\u00eb vinim nj\u00eb her\u00eb n\u00eb pushtet e m\u00eb pas t\u00eb demokratizohej. Kur sot diskutohet nga t\u00eb gjith\u00eb se pse \u00ebsht\u00eb thelluar pabarazia, nj\u00eb nga tezat \u00ebsht\u00eb shp\u00ebrb\u00ebrja e sindikatave. Nuk ka m\u00eb pal\u00eb q\u00eb negociojn\u00eb me nj\u00ebra-tjetr\u00ebn. Zakonisht, pun\u00ebdh\u00ebn\u00ebsit nuk i duan sindikatat. T\u00eb kishte p\u00ebrfaq\u00ebsues t\u00eb PS dhe t\u00eb thon\u00eb q\u00eb sindikatat pengojn\u00eb ekonomin\u00eb do t\u00eb thot\u00eb q\u00eb \u00ebsht\u00eb fshir\u00eb ndarja mes t\u00eb djatht\u00ebs e t\u00eb majt\u00ebs\u201d, shpjegoi Malaj.<\/p>\n<p>\u201c\u00cbsht\u00eb modeli i lidershipit q\u00eb u krijua. T\u00eb gjith\u00eb kan\u00eb merakun e mbijetes\u00ebs. Duke mos pasur nj\u00eb karrier\u00eb t\u00eb mir\u00ebfillt\u00eb, duke mos ardhur nga Akademia e PS, ata e shikojn\u00eb fatin e tyre vet\u00ebm te lideri. Fushata q\u00eb nisi n\u00eb PS me ardhjen e Edi Ram\u00ebs ishte ajo kund\u00ebr \u201cxhaketave t\u00eb vjetra\u201d. N\u00eb fakt, ne ishim rreth 50 vje\u00e7, njer\u00ebz me integritet\u201d, shtoi Malaj.<\/p>\n<p>An\u00ebtari i Partis\u00eb Socialiste foli edhe p\u00ebr at\u00eb q\u00eb nuk shkon me Reform\u00ebn n\u00eb Drejt\u00ebsi.<\/p>\n<p>\u201cSPAK nuk \u00ebsht\u00eb zgjidhje shqiptare, por p\u00ebrshtatje e nj\u00eb programi p\u00ebr t\u00eb pastruar drejt\u00ebsin\u00eb nga korrupsioni. Jan\u00eb 140 mij\u00eb dosje q\u00eb presin, me 3 veta p\u00ebr familje jan\u00eb 420 mij\u00eb persona n\u00eb gjyq. M\u00eb e keqja \u00ebsht\u00eb se aty ka probleme prone dhe pushimesh nga puna. Shqiptar\u00ebt ikin jo vet\u00ebm p\u00ebr pagat, por nuk gjejn\u00eb respektin institucional dhe ligjor. Kemi probleme shum\u00eb t\u00eb mprehta te administrata publike dhe t\u00eb gjyq\u00ebsori\u201d, tha Arben Malaj.<\/p>\n","protected":false},"excerpt":{"rendered":"<p>20 Janar 2025 Arben Malaj, i ftuar n\u00eb nj\u00ebstudio televiziv, tregoi debatin q\u00eb ka b\u00ebr\u00eb me kryeministrin Edi Rama p\u00ebr modernizimin e Partis\u00eb Socialiste. \u201cUn\u00eb kisha iden\u00eb q\u00eb PS-ja duhej t\u00eb demokratizohej p\u00ebrpara se t\u00eb vinte n\u00eb pushtet, nd\u00ebrsa Rama kishte iden\u00eb q\u00eb t\u00eb vinim nj\u00eb her\u00eb n\u00eb pushtet e m\u00eb pas t\u00eb demokratizohej. Kur [&hellip;]<\/p>\n","protected":false},"author":9,"featured_media":88568,"comment_status":"open","ping_status":"open","sticky":false,"template":"","format":"standard","meta":{"jetpack_post_was_ever_published":false,"_jetpack_newsletter_access":"","_jetpack_dont_email_post_to_subs":false,"_jetpack_newsletter_tier_id":0,"_jetpack_memberships_contains_paywalled_content":false,"_jetpack_memberships_contains_paid_content":false,"footnotes":"","jetpack_publicize_message":"","jetpack_publicize_feature_enabled":true,"jetpack_social_post_already_shared":true,"jetpack_social_options":{"image_generator_settings":{"template":"highway","default_image_id":0,"font":"","enabled":false},"version":2}},"categories":[1,2],"tags":[],"class_list":["post-88567","post","type-post","status-publish","format-standard","has-post-thumbnail","hentry","category-njoftime-shtypi","category-politika"],"jetpack_publicize_connections":[],"jetpack_featured_media_url":"https:\/\/i0.wp.com\/www.shqiperia.com\/blog\/wp-content\/uploads\/2025\/01\/900-0-1737317495xmalaj-rama-411.jpg?fit=900%2C500&ssl=1","jetpack_sharing_enabled":true,"jetpack_shortlink":"https:\/\/wp.me\/p5Z6wp-n2v","jetpack-related-posts":[{"id":98320,"url":"https:\/\/www.shqiperia.com\/blog\/arben-malaj-ben-thirrje-per-rebelim-brenda-ps-rama-i-etur-per-gjak-do-ua-pije-juve\/","url_meta":{"origin":88567,"position":0},"title":"Arben Malaj b\u00ebn thirrje p\u00ebr rebelim brenda PS: &#8211; Rama i etur p\u00ebr gjak, do ua pij\u00eb juve","author":"Kurt Farka","date":"March 11, 2026","format":false,"excerpt":"11 Mars 2026 Ish-ministri socialist i Financave Arben Malaj u b\u00ebri thirrje deputet\u00ebve t\u00eb Partis\u00eb Socialiste q\u00eb t\u00eb rebelohen ndaj kryetarit t\u00eb tyre Edi Rama. Malaj deklaroi se nj\u00eb bllokim i mundsh\u00ebm i k\u00ebrkes\u00ebs s\u00eb SPAK p\u00ebr imunitetin e Ballukut do t\u00eb rrezikoj\u00eb integrimin e vendit n\u00eb Bashkimin Europian. Ish-ministri\u2026","rel":"","context":"In &quot;Blogu i Udh\u00ebtarit&quot;","block_context":{"text":"Blogu i Udh\u00ebtarit","link":"https:\/\/www.shqiperia.com\/blog\/category\/blogu-i-udhetarit\/"},"img":{"alt_text":"","src":"https:\/\/i0.wp.com\/www.shqiperia.com\/blog\/wp-content\/uploads\/2026\/03\/Arben-Malaj.jpg?fit=960%2C554&ssl=1&resize=350%2C200","width":350,"height":200,"srcset":"https:\/\/i0.wp.com\/www.shqiperia.com\/blog\/wp-content\/uploads\/2026\/03\/Arben-Malaj.jpg?fit=960%2C554&ssl=1&resize=350%2C200 1x, https:\/\/i0.wp.com\/www.shqiperia.com\/blog\/wp-content\/uploads\/2026\/03\/Arben-Malaj.jpg?fit=960%2C554&ssl=1&resize=525%2C300 1.5x, https:\/\/i0.wp.com\/www.shqiperia.com\/blog\/wp-content\/uploads\/2026\/03\/Arben-Malaj.jpg?fit=960%2C554&ssl=1&resize=700%2C400 2x"},"classes":[]},{"id":90983,"url":"https:\/\/www.shqiperia.com\/blog\/lufta-brenda-ps-se-nuk-ndalet-arben-malaj-ministrat-jane-sulur-per-te-spastruar-te-vjetrit\/","url_meta":{"origin":88567,"position":1},"title":"Lufta brenda PS-s\u00eb nuk ndalet.  Arben Malaj: &#8211; Ministrat jan\u00eb sulur p\u00ebr t\u00eb spastruar t\u00eb vjetrit","author":"Kurt Farka","date":"April 2, 2025","format":false,"excerpt":"2 Prill 2025 Ish-ministri i Financave dhe ish-deputeti i PS, Arben Malaj i ftuar n\u00eb \u2018Quo Vadis\u2019 ka komentuar dhe analizuar listat e Partis\u00eb Socialiste. Ai tha se mesazhi i Ram\u00ebs p\u00ebr kandidat\u00ebt tregoi se ka nj\u00eb p\u00ebrplasje t\u00eb fort\u00eb brenda PS, mes t\u00eb vjet\u00ebrve dhe t\u00eb rinjve. Sipas Malajt,\u2026","rel":"","context":"In &quot;Blogu i Udh\u00ebtarit&quot;","block_context":{"text":"Blogu i Udh\u00ebtarit","link":"https:\/\/www.shqiperia.com\/blog\/category\/blogu-i-udhetarit\/"},"img":{"alt_text":"","src":"https:\/\/i0.wp.com\/www.shqiperia.com\/blog\/wp-content\/uploads\/2025\/04\/arben-malaj-1.png?fit=569%2C322&ssl=1&resize=350%2C200","width":350,"height":200,"srcset":"https:\/\/i0.wp.com\/www.shqiperia.com\/blog\/wp-content\/uploads\/2025\/04\/arben-malaj-1.png?fit=569%2C322&ssl=1&resize=350%2C200 1x, https:\/\/i0.wp.com\/www.shqiperia.com\/blog\/wp-content\/uploads\/2025\/04\/arben-malaj-1.png?fit=569%2C322&ssl=1&resize=525%2C300 1.5x"},"classes":[]},{"id":91653,"url":"https:\/\/www.shqiperia.com\/blog\/arben-malaj-per-taulant-ballen-ka-probleme-me-ligjin\/","url_meta":{"origin":88567,"position":2},"title":"Arben Malaj p\u00ebr Taulant Ball\u00ebn: &#8211; Ka probleme me ligjin","author":"Kurt Farka","date":"April 20, 2025","format":false,"excerpt":"20 Prill 2025 Arben Malaj, ish-minist\u00ebr i Financave, n\u00eb nj\u00eb lidhje direkte me studion e \u201cOff the Record\u201d me Andrea Dangllin, n\u00eb A2 CNN, komentoi kritikat e tij ndaj zotit Taulant Balla sa i takon premtimeve elektorale. \u201cMe zotin Taulant Balla problemin e kam n\u00eb profilin publik. Nuk duhet q\u00eb\u2026","rel":"","context":"In &quot;Blogu i Udh\u00ebtarit&quot;","block_context":{"text":"Blogu i Udh\u00ebtarit","link":"https:\/\/www.shqiperia.com\/blog\/category\/blogu-i-udhetarit\/"},"img":{"alt_text":"","src":"https:\/\/i0.wp.com\/www.shqiperia.com\/blog\/wp-content\/uploads\/2025\/04\/arben-malaj-taulant-balla.png?fit=800%2C416&ssl=1&resize=350%2C200","width":350,"height":200,"srcset":"https:\/\/i0.wp.com\/www.shqiperia.com\/blog\/wp-content\/uploads\/2025\/04\/arben-malaj-taulant-balla.png?fit=800%2C416&ssl=1&resize=350%2C200 1x, https:\/\/i0.wp.com\/www.shqiperia.com\/blog\/wp-content\/uploads\/2025\/04\/arben-malaj-taulant-balla.png?fit=800%2C416&ssl=1&resize=525%2C300 1.5x, https:\/\/i0.wp.com\/www.shqiperia.com\/blog\/wp-content\/uploads\/2025\/04\/arben-malaj-taulant-balla.png?fit=800%2C416&ssl=1&resize=700%2C400 2x"},"classes":[]},{"id":99708,"url":"https:\/\/www.shqiperia.com\/blog\/arben-malaj-koha-per-te-filluar-levizje-te-re-politike-perballe-pushtetit-absolut\/","url_meta":{"origin":88567,"position":3},"title":"Arben Malaj: &#8211; Koha p\u00ebr t\u00eb filluar l\u00ebvizje t\u00eb re politike p\u00ebrball\u00eb pushtetit absolut","author":"Kurt Farka","date":"April 29, 2026","format":false,"excerpt":"29 Prill 2026 Ish-ministri i Financave, Arben Malaj, ka reaguar lidhur me zhvillimet brenda Partis\u00eb Socialiste, ku dy figura t\u00eb r\u00ebnd\u00ebsishme t\u00eb t\u00eb majt\u00ebs, Elisa Spiropali dhe Erion Bra\u00e7e kan\u00eb dal\u00eb kund\u00ebr liderit t\u00eb PS, Edi Rama. Me an\u00eb t\u00eb nj\u00eb postimi n\u00eb Facebook, Malaj hedh iden\u00eb e krijimit t\u00eb\u2026","rel":"","context":"In &quot;Blogu i Udh\u00ebtarit&quot;","block_context":{"text":"Blogu i Udh\u00ebtarit","link":"https:\/\/www.shqiperia.com\/blog\/category\/blogu-i-udhetarit\/"},"img":{"alt_text":"","src":"https:\/\/i0.wp.com\/www.shqiperia.com\/blog\/wp-content\/uploads\/2026\/04\/malaj-rama-spiropali.jpg?fit=711%2C462&ssl=1&resize=350%2C200","width":350,"height":200,"srcset":"https:\/\/i0.wp.com\/www.shqiperia.com\/blog\/wp-content\/uploads\/2026\/04\/malaj-rama-spiropali.jpg?fit=711%2C462&ssl=1&resize=350%2C200 1x, https:\/\/i0.wp.com\/www.shqiperia.com\/blog\/wp-content\/uploads\/2026\/04\/malaj-rama-spiropali.jpg?fit=711%2C462&ssl=1&resize=525%2C300 1.5x, https:\/\/i0.wp.com\/www.shqiperia.com\/blog\/wp-content\/uploads\/2026\/04\/malaj-rama-spiropali.jpg?fit=711%2C462&ssl=1&resize=700%2C400 2x"},"classes":[]},{"id":49587,"url":"https:\/\/www.shqiperia.com\/blog\/priten-zhvillime-te-forta-arben-malaj-nxjerr-emrin-e-ministrit-qe-do-te-shkaktoje-trazira-ne-vlore-shqiptaret-nuk-donin-te-ishte-me-anetar-qeverie\/","url_meta":{"origin":88567,"position":4},"title":"Priten zhvillime t\u00eb forta! Arben Malaj nxjerr emrin e ministrit q\u00eb do t\u00eb shkaktoj\u00eb trazira n\u00eb Vlor\u00eb:  &#8211; Shqiptar\u00ebt nuk donin t\u00eb ishte m\u00eb an\u00ebtar qeverie&#8230;","author":"Kurt Farka","date":"September 3, 2021","format":false,"excerpt":"Priten zhvillime t\u00eb forta! Arben Malaj nxjerr emrin e ministrit q\u00eb do t\u00eb shkaktoj\u00eb trazira n\u00eb Vlor\u00eb: - Shqiptar\u00ebt nuk donin t\u00eb ishte m\u00eb an\u00ebtar qeverie... 2 SHTATOR 2021 \u2026 \u201cLufta n\u00eb Vlor\u00eb po b\u00ebhet p\u00ebr territore\u201d \u2026 Ish-ministri i PS-s\u00eb Arben Malaj, komentoi kabinetin e ri qeveris\u00ebs dhe tha\u2026","rel":"","context":"In &quot;Blogu i Udh\u00ebtarit&quot;","block_context":{"text":"Blogu i Udh\u00ebtarit","link":"https:\/\/www.shqiperia.com\/blog\/category\/blogu-i-udhetarit\/"},"img":{"alt_text":"","src":"https:\/\/i0.wp.com\/www.shqiperia.com\/blog\/wp-content\/uploads\/2021\/09\/800-0-6130fb0f7ec58.jpg?fit=734%2C416&ssl=1&resize=350%2C200","width":350,"height":200,"srcset":"https:\/\/i0.wp.com\/www.shqiperia.com\/blog\/wp-content\/uploads\/2021\/09\/800-0-6130fb0f7ec58.jpg?fit=734%2C416&ssl=1&resize=350%2C200 1x, https:\/\/i0.wp.com\/www.shqiperia.com\/blog\/wp-content\/uploads\/2021\/09\/800-0-6130fb0f7ec58.jpg?fit=734%2C416&ssl=1&resize=525%2C300 1.5x, https:\/\/i0.wp.com\/www.shqiperia.com\/blog\/wp-content\/uploads\/2021\/09\/800-0-6130fb0f7ec58.jpg?fit=734%2C416&ssl=1&resize=700%2C400 2x"},"classes":[]},{"id":47784,"url":"https:\/\/www.shqiperia.com\/blog\/as-kim-jong-u-nuk-ka-arritur-deri-ketu-malaj-shperthen-ndaj-partise-socialiste-dhe-tregon-planin-e-tyre-qe-pritet-keto-dite-kjo-eshte-nje-situate-kritike-e-turpshme-per-socialist\/","url_meta":{"origin":88567,"position":5},"title":"\u201cAs Kim Jong -u nuk ka arritur deri k\u00ebtu\u201d\/ Malaj shp\u00ebrthen ndaj Partis\u00eb Socialiste dhe tregon planin e tyre q\u00eb pritet k\u00ebto dit\u00eb: Kjo \u00ebsht\u00eb nj\u00eb situat\u00eb kritike! E turpshme p\u00ebr socialist\u00ebt e thjesht\u00eb\u2026","author":"Kurt Farka","date":"June 10, 2021","format":false,"excerpt":"\u201cAs Kim Jong -u nuk ka arritur deri k\u00ebtu\u201d\/ Malaj shp\u00ebrthen ndaj Partis\u00eb Socialiste dhe tregon planin e tyre q\u00eb pritet k\u00ebto dit\u00eb: Kjo \u00ebsht\u00eb nj\u00eb situat\u00eb kritike! E turpshme p\u00ebr socialist\u00ebt e thjesht\u00eb\u2026 10 QERSHOR 2021 Me an\u00eb t\u00eb nj\u00eb postimi n\u00eb rrjetin social ish ministri i njohur, Arben\u2026","rel":"","context":"In &quot;Blogu i Udh\u00ebtarit&quot;","block_context":{"text":"Blogu i Udh\u00ebtarit","link":"https:\/\/www.shqiperia.com\/blog\/category\/blogu-i-udhetarit\/"},"img":{"alt_text":"","src":"https:\/\/i0.wp.com\/www.shqiperia.com\/blog\/wp-content\/uploads\/2021\/06\/Arben-Malaj.jpeg?fit=800%2C400&ssl=1&resize=350%2C200","width":350,"height":200,"srcset":"https:\/\/i0.wp.com\/www.shqiperia.com\/blog\/wp-content\/uploads\/2021\/06\/Arben-Malaj.jpeg?fit=800%2C400&ssl=1&resize=350%2C200 1x, https:\/\/i0.wp.com\/www.shqiperia.com\/blog\/wp-content\/uploads\/2021\/06\/Arben-Malaj.jpeg?fit=800%2C400&ssl=1&resize=525%2C300 1.5x, https:\/\/i0.wp.com\/www.shqiperia.com\/blog\/wp-content\/uploads\/2021\/06\/Arben-Malaj.jpeg?fit=800%2C400&ssl=1&resize=700%2C400 2x"},"classes":[]}],"_links":{"self":[{"href":"https:\/\/www.shqiperia.com\/blog\/wp-json\/wp\/v2\/posts\/88567","targetHints":{"allow":["GET"]}}],"collection":[{"href":"https:\/\/www.shqiperia.com\/blog\/wp-json\/wp\/v2\/posts"}],"about":[{"href":"https:\/\/www.shqiperia.com\/blog\/wp-json\/wp\/v2\/types\/post"}],"author":[{"embeddable":true,"href":"https:\/\/www.shqiperia.com\/blog\/wp-json\/wp\/v2\/users\/9"}],"replies":[{"embeddable":true,"href":"https:\/\/www.shqiperia.com\/blog\/wp-json\/wp\/v2\/comments?post=88567"}],"version-history":[{"count":2,"href":"https:\/\/www.shqiperia.com\/blog\/wp-json\/wp\/v2\/posts\/88567\/revisions"}],"predecessor-version":[{"id":88575,"href":"https:\/\/www.shqiperia.com\/blog\/wp-json\/wp\/v2\/posts\/88567\/revisions\/88575"}],"wp:featuredmedia":[{"embeddable":true,"href":"https:\/\/www.shqiperia.com\/blog\/wp-json\/wp\/v2\/media\/88568"}],"wp:attachment":[{"href":"https:\/\/www.shqiperia.com\/blog\/wp-json\/wp\/v2\/media?parent=88567"}],"wp:term":[{"taxonomy":"category","embeddable":true,"href":"https:\/\/www.shqiperia.com\/blog\/wp-json\/wp\/v2\/categories?post=88567"},{"taxonomy":"post_tag","embeddable":true,"href":"https:\/\/www.shqiperia.com\/blog\/wp-json\/wp\/v2\/tags?post=88567"}],"curies":[{"name":"wp","href":"https:\/\/api.w.org\/{rel}","templated":true}]}}