{"id":88555,"date":"2025-01-20T06:41:48","date_gmt":"2025-01-20T06:41:48","guid":{"rendered":"https:\/\/www.shqiperia.com\/blog\/?p=88555"},"modified":"2025-01-21T06:48:50","modified_gmt":"2025-01-21T06:48:50","slug":"u-nda-nga-jeta-komisar-hazir-sadria","status":"publish","type":"post","link":"https:\/\/www.shqiperia.com\/blog\/u-nda-nga-jeta-komisar-hazir-sadria\/","title":{"rendered":"U nda nga Jeta Komisar Hazir Sadria"},"content":{"rendered":"<p><img data-recalc-dims=\"1\" loading=\"lazy\" decoding=\"async\" data-attachment-id=\"88556\" data-permalink=\"https:\/\/www.shqiperia.com\/blog\/u-nda-nga-jeta-komisar-hazir-sadria\/473277806_2557428181109793_2654974302166808355_n-1\/\" data-orig-file=\"https:\/\/i0.wp.com\/www.shqiperia.com\/blog\/wp-content\/uploads\/2025\/01\/473277806_2557428181109793_2654974302166808355_n-1.jpg?fit=795%2C555&amp;ssl=1\" data-orig-size=\"795,555\" data-comments-opened=\"1\" data-image-meta=\"{&quot;aperture&quot;:&quot;0&quot;,&quot;credit&quot;:&quot;&quot;,&quot;camera&quot;:&quot;&quot;,&quot;caption&quot;:&quot;&quot;,&quot;created_timestamp&quot;:&quot;0&quot;,&quot;copyright&quot;:&quot;&quot;,&quot;focal_length&quot;:&quot;0&quot;,&quot;iso&quot;:&quot;0&quot;,&quot;shutter_speed&quot;:&quot;0&quot;,&quot;title&quot;:&quot;&quot;,&quot;orientation&quot;:&quot;0&quot;}\" data-image-title=\"473277806_2557428181109793_2654974302166808355_n (1)\" data-image-description=\"\" data-image-caption=\"\" data-medium-file=\"https:\/\/i0.wp.com\/www.shqiperia.com\/blog\/wp-content\/uploads\/2025\/01\/473277806_2557428181109793_2654974302166808355_n-1.jpg?fit=300%2C209&amp;ssl=1\" data-large-file=\"https:\/\/i0.wp.com\/www.shqiperia.com\/blog\/wp-content\/uploads\/2025\/01\/473277806_2557428181109793_2654974302166808355_n-1.jpg?fit=795%2C555&amp;ssl=1\" class=\"alignnone wp-image-88556\" alt=\"\" src=\"https:\/\/i0.wp.com\/www.shqiperia.com\/blog\/wp-content\/uploads\/2025\/01\/473277806_2557428181109793_2654974302166808355_n-1.jpg?resize=589%2C410&#038;ssl=1\" width=\"589\" height=\"410\" srcset=\"https:\/\/i0.wp.com\/www.shqiperia.com\/blog\/wp-content\/uploads\/2025\/01\/473277806_2557428181109793_2654974302166808355_n-1.jpg?resize=300%2C209&amp;ssl=1 300w, https:\/\/i0.wp.com\/www.shqiperia.com\/blog\/wp-content\/uploads\/2025\/01\/473277806_2557428181109793_2654974302166808355_n-1.jpg?resize=768%2C536&amp;ssl=1 768w, https:\/\/i0.wp.com\/www.shqiperia.com\/blog\/wp-content\/uploads\/2025\/01\/473277806_2557428181109793_2654974302166808355_n-1.jpg?resize=450%2C314&amp;ssl=1 450w, https:\/\/i0.wp.com\/www.shqiperia.com\/blog\/wp-content\/uploads\/2025\/01\/473277806_2557428181109793_2654974302166808355_n-1.jpg?resize=600%2C419&amp;ssl=1 600w, https:\/\/i0.wp.com\/www.shqiperia.com\/blog\/wp-content\/uploads\/2025\/01\/473277806_2557428181109793_2654974302166808355_n-1.jpg?resize=400%2C279&amp;ssl=1 400w, https:\/\/i0.wp.com\/www.shqiperia.com\/blog\/wp-content\/uploads\/2025\/01\/473277806_2557428181109793_2654974302166808355_n-1.jpg?w=795&amp;ssl=1 795w\" sizes=\"auto, (max-width: 589px) 100vw, 589px\" \/><\/p>\n<p>20 Janar 2025<\/p>\n<p><span>U nda nga Jeta Komisar Hazir Sadria, <\/span><span>dje me date 19 janar, i cili vitet e fundit vuante nga nje semundje e rende. <\/span><br \/>\n<span>Jeta e tij ka qene ne perkushtim te forcave te Policise se Shtetit Shqiptar. <\/span><\/p>\n<p><span>Pas vitit 1997 sherbeu perkohesisht ne Komisariatin e Tropojes ku me profesionalizem dhe me perkushtim kontriboj per riorganizimin e ketij komisariati ne kushtet e veshtira. Ne vazhdim sherbeu si Komisar i Aeroportit te Rinasit duke e rikthyer ne normalite pas ngjarjeve te 97, dhe i dha nje organizim bashkekohor ne shebimin policor me Aeroprtet e Kohes. Pas ketyre rezultateve te periudhes tetevjecare si Komisar papritur e kalojne ne lirim. <\/span><\/p>\n<p><span>Gjithe jeten ishte nje qytetar dhe profesionist, ku gjithmone i sherbeu ligjeve, pa ndikime politike e shoqerore.<\/span><\/p>\n","protected":false},"excerpt":{"rendered":"<p>20 Janar 2025 U nda nga Jeta Komisar Hazir Sadria, dje me date 19 janar, i cili vitet e fundit vuante nga nje semundje e rende. Jeta e tij ka qene ne perkushtim te forcave te Policise se Shtetit Shqiptar. Pas vitit 1997 sherbeu perkohesisht ne Komisariatin e Tropojes ku me profesionalizem dhe me perkushtim [&hellip;]<\/p>\n","protected":false},"author":9,"featured_media":88556,"comment_status":"open","ping_status":"open","sticky":false,"template":"","format":"standard","meta":{"jetpack_post_was_ever_published":false,"_jetpack_newsletter_access":"","_jetpack_dont_email_post_to_subs":false,"_jetpack_newsletter_tier_id":0,"_jetpack_memberships_contains_paywalled_content":false,"_jetpack_memberships_contains_paid_content":false,"footnotes":"","jetpack_publicize_message":"","jetpack_publicize_feature_enabled":true,"jetpack_social_post_already_shared":true,"jetpack_social_options":{"image_generator_settings":{"template":"highway","default_image_id":0,"font":"","enabled":false},"version":2}},"categories":[27,1,35],"tags":[],"class_list":["post-88555","post","type-post","status-publish","format-standard","has-post-thumbnail","hentry","category-blogu-i-udhetarit","category-njoftime-shtypi","category-shoqerore"],"jetpack_publicize_connections":[],"jetpack_featured_media_url":"https:\/\/i0.wp.com\/www.shqiperia.com\/blog\/wp-content\/uploads\/2025\/01\/473277806_2557428181109793_2654974302166808355_n-1.jpg?fit=795%2C555&ssl=1","jetpack_sharing_enabled":true,"jetpack_shortlink":"https:\/\/wp.me\/p5Z6wp-n2j","jetpack-related-posts":[{"id":87175,"url":"https:\/\/www.shqiperia.com\/blog\/u-nda-nga-jeta-drejtuei-dhe-veterani-i-arsimit-ndue-binaku\/","url_meta":{"origin":88555,"position":0},"title":"U nda nga jeta drejtuei dhe Veterani i Arsimit Ndue Binaku","author":"Kurt Farka","date":"December 7, 2024","format":false,"excerpt":"7 Dhjetor 2024 Lindi ne fshatin Mezi te Pukes, u shkollua ne Gjimnazin Puke dhe vazhdoi studimet ne Fakultetin e Shkencave Tirane. Ne vitet e para sherbeu mesues ne fshatra te thella, por shpejt u afru si drejtues shkollash dhe me vone drejtues i institucioneve Arsimore. Ishte pjestar grupi ne\u2026","rel":"","context":"In &quot;Blogu i Udh\u00ebtarit&quot;","block_context":{"text":"Blogu i Udh\u00ebtarit","link":"https:\/\/www.shqiperia.com\/blog\/category\/blogu-i-udhetarit\/"},"img":{"alt_text":"","src":"https:\/\/i0.wp.com\/www.shqiperia.com\/blog\/wp-content\/uploads\/2024\/12\/Ndue-Binaku.jpg?fit=505%2C360&ssl=1&resize=350%2C200","width":350,"height":200},"classes":[]},{"id":42182,"url":"https:\/\/www.shqiperia.com\/blog\/denoncimi-i-nuhut-ja-si-u-shkarkuan-drejtuesit-e-policise-ne-elbasan-ne-2017\/","url_meta":{"origin":88555,"position":1},"title":"Denoncimi i Nuhut: Ja si u shkarkuan drejtuesit e policis\u00eb n\u00eb Elbasan n\u00eb 2017","author":"Kurt Farka","date":"December 23, 2020","format":false,"excerpt":"Denoncimi i Nuhut: Ja si u shkarkuan drejtuesit e policis\u00eb n\u00eb Elbasan n\u00eb 2017 - 22\/12\/20 Ish-Oficeri i Policis\u00eb s\u00eb Fush\u00eb Kruj\u00ebs, Emiljano Nuhu b\u00ebri sot nj\u00eb denoncim t\u00eb fort\u00eb, duke implikuar Sekretarin e P\u00ebrgjithsh\u00ebm t\u00eb PS dhe nj\u00ebherazi kreun e grupit parlamentar socialist, Taulant Balla.\u00a0 Nuhu tha se dispononte\u2026","rel":"","context":"In &quot;Blogu i Udh\u00ebtarit&quot;","block_context":{"text":"Blogu i Udh\u00ebtarit","link":"https:\/\/www.shqiperia.com\/blog\/category\/blogu-i-udhetarit\/"},"img":{"alt_text":"","src":"https:\/\/i0.wp.com\/www.shqiperia.com\/blog\/wp-content\/uploads\/2020\/12\/bala-nuho.jpg?fit=1200%2C675&ssl=1&resize=350%2C200","width":350,"height":200,"srcset":"https:\/\/i0.wp.com\/www.shqiperia.com\/blog\/wp-content\/uploads\/2020\/12\/bala-nuho.jpg?fit=1200%2C675&ssl=1&resize=350%2C200 1x, https:\/\/i0.wp.com\/www.shqiperia.com\/blog\/wp-content\/uploads\/2020\/12\/bala-nuho.jpg?fit=1200%2C675&ssl=1&resize=525%2C300 1.5x, https:\/\/i0.wp.com\/www.shqiperia.com\/blog\/wp-content\/uploads\/2020\/12\/bala-nuho.jpg?fit=1200%2C675&ssl=1&resize=700%2C400 2x, https:\/\/i0.wp.com\/www.shqiperia.com\/blog\/wp-content\/uploads\/2020\/12\/bala-nuho.jpg?fit=1200%2C675&ssl=1&resize=1050%2C600 3x"},"classes":[]},{"id":91244,"url":"https:\/\/www.shqiperia.com\/blog\/u-nda-nga-jeta-studiuesi-ruzhdi-mata\/","url_meta":{"origin":88555,"position":2},"title":"U nda nga jeta Studiuesi Ruzhdi Mata","author":"Kurt Farka","date":"April 8, 2025","format":false,"excerpt":"8 Prill 2025 Nj\u00eb lajm i hidhur ka trishtuar k\u00ebt\u00eb t\u00eb diel\u00eb ku \u00ebsht\u00eb ndar\u00eb nga jeta studiuesi i njohur, sidomos p\u00ebr k\u00ebrkimet e tij shkencore mbi figur\u00ebn e Josif Bagerit. Studiuesi Ruzhdi Mata u shua n\u00eb mosh\u00ebn 83 Vje\u00e7are n\u00eb Tiran\u00eb duke l\u00ebn\u00eb kontribute t\u00eb ve\u00e7anta n\u00eb fush\u00ebn e\u2026","rel":"","context":"In &quot;Blogu i Udh\u00ebtarit&quot;","block_context":{"text":"Blogu i Udh\u00ebtarit","link":"https:\/\/www.shqiperia.com\/blog\/category\/blogu-i-udhetarit\/"},"img":{"alt_text":"","src":"https:\/\/i0.wp.com\/www.shqiperia.com\/blog\/wp-content\/uploads\/2025\/04\/39979420_546072255849791_6098342695434977280_n.jpg?fit=690%2C556&ssl=1&resize=350%2C200","width":350,"height":200,"srcset":"https:\/\/i0.wp.com\/www.shqiperia.com\/blog\/wp-content\/uploads\/2025\/04\/39979420_546072255849791_6098342695434977280_n.jpg?fit=690%2C556&ssl=1&resize=350%2C200 1x, https:\/\/i0.wp.com\/www.shqiperia.com\/blog\/wp-content\/uploads\/2025\/04\/39979420_546072255849791_6098342695434977280_n.jpg?fit=690%2C556&ssl=1&resize=525%2C300 1.5x"},"classes":[]},{"id":45194,"url":"https:\/\/www.shqiperia.com\/blog\/ndahet-nga-jeta-profesori-i-njohur-njazi-kazazi-i-universitetit-te-shkodres\/","url_meta":{"origin":88555,"position":3},"title":"Ndahet nga jeta profesori i njohur Njazi Kazazi, i Universitetit t\u00eb Shkodr\u00ebs.","author":"Kurt Farka","date":"March 11, 2021","format":false,"excerpt":"Ndahet nga jeta profesori i njohur Njazi Kazazi, i Universitetit t\u00eb Shkodr\u00ebs. 11 MARS 2021 Ndahet nga jeta ish-profesori i universitetit \"Luigj Gurakuqi\" t\u00eb Shkodr\u00ebs, Njazi Kazazi. Ai ishte n\u00eb mosh\u00ebn 72-vje\u00e7are. Profesor Njazi Kazazi njeri nder qytetaret e dobish\u00ebm te Shkodr\u00ebs dhe kontribuues ne zhvillimin e arsimit. Bir i\u2026","rel":"","context":"In &quot;Blogu i Udh\u00ebtarit&quot;","block_context":{"text":"Blogu i Udh\u00ebtarit","link":"https:\/\/www.shqiperia.com\/blog\/category\/blogu-i-udhetarit\/"},"img":{"alt_text":"","src":"https:\/\/i0.wp.com\/www.shqiperia.com\/blog\/wp-content\/uploads\/2021\/03\/njazi-kazazi.jpg?fit=1200%2C676&ssl=1&resize=350%2C200","width":350,"height":200,"srcset":"https:\/\/i0.wp.com\/www.shqiperia.com\/blog\/wp-content\/uploads\/2021\/03\/njazi-kazazi.jpg?fit=1200%2C676&ssl=1&resize=350%2C200 1x, https:\/\/i0.wp.com\/www.shqiperia.com\/blog\/wp-content\/uploads\/2021\/03\/njazi-kazazi.jpg?fit=1200%2C676&ssl=1&resize=525%2C300 1.5x, https:\/\/i0.wp.com\/www.shqiperia.com\/blog\/wp-content\/uploads\/2021\/03\/njazi-kazazi.jpg?fit=1200%2C676&ssl=1&resize=700%2C400 2x, https:\/\/i0.wp.com\/www.shqiperia.com\/blog\/wp-content\/uploads\/2021\/03\/njazi-kazazi.jpg?fit=1200%2C676&ssl=1&resize=1050%2C600 3x"},"classes":[]},{"id":3862,"url":"https:\/\/www.shqiperia.com\/blog\/3862-2\/","url_meta":{"origin":88555,"position":4},"title":"Stavrofor At\u00eb ERAZMI JORGO (1900 \u2013 1989). &#8211;","author":"Kurt Farka","date":"February 25, 2018","format":false,"excerpt":"Z\u00ebvend\u00ebsmitropolit i Durr\u00ebsit dhe Kujdestar i Manastirit t\u00eb Shenjt\u00eb t\u00eb Sh\u00ebn Vlashit. Shuguruar (si \u201cPrifti i par\u00eb komb\u00ebtar\u201d) nga Imzot FAN S. NOLI n\u00eb Kish\u00ebn e Sh\u00ebn Vangjelizmoit, Tiran\u00eb 1924. N\u00eb dit\u00ebt e tmerrit t\u00eb shkurtit 1967, At\u00eb Erazmi\u00a0 Jorgo, tek mbyllte me dhimbje t\u00eb parr\u00ebfyeshme Misionin Publik (por pa\u2026","rel":"","context":"In &quot;Blogu i Udh\u00ebtarit&quot;","block_context":{"text":"Blogu i Udh\u00ebtarit","link":"https:\/\/www.shqiperia.com\/blog\/category\/blogu-i-udhetarit\/"},"img":{"alt_text":"","src":"https:\/\/i0.wp.com\/www.shqiperia.com\/blog\/wp-content\/uploads\/2018\/02\/1-Stavrofor-At%C3%AB-ERAZMI-JORGO.jpg?fit=566%2C685&ssl=1&resize=350%2C200","width":350,"height":200,"srcset":"https:\/\/i0.wp.com\/www.shqiperia.com\/blog\/wp-content\/uploads\/2018\/02\/1-Stavrofor-At%C3%AB-ERAZMI-JORGO.jpg?fit=566%2C685&ssl=1&resize=350%2C200 1x, https:\/\/i0.wp.com\/www.shqiperia.com\/blog\/wp-content\/uploads\/2018\/02\/1-Stavrofor-At%C3%AB-ERAZMI-JORGO.jpg?fit=566%2C685&ssl=1&resize=525%2C300 1.5x"},"classes":[]},{"id":97082,"url":"https:\/\/www.shqiperia.com\/blog\/29-janari-pervjetor-i-ndarjes-nga-jeta-te-piktorit-edward-lear\/","url_meta":{"origin":88555,"position":5},"title":"29 janari, pervjetor i ndarjes nga jeta te piktorit Edward Lear","author":"Kurt Farka","date":"January 29, 2026","format":false,"excerpt":"29 Janar 2026 M\u00eb 29 janar 1888 u nda nga jeta piktori dhe udh\u00ebtari britanik Edward Lear, nj\u00eb nga d\u00ebshmitar\u00ebt m\u00eb t\u00eb hersh\u00ebm vizual\u00eb t\u00eb Shqip\u00ebris\u00eb s\u00eb shekullit XIX. Gjat\u00eb udh\u00ebtimit t\u00eb tij n\u00eb vitin 1848, ai p\u00ebrshkoi nj\u00eb s\u00ebr\u00eb qytetesh shqiptare, nd\u00ebr to Tirana, Kruja, Shkodra, Durr\u00ebsi, Kavaja, Berati,\u2026","rel":"","context":"In &quot;Arte&quot;","block_context":{"text":"Arte","link":"https:\/\/www.shqiperia.com\/blog\/category\/arte\/"},"img":{"alt_text":"","src":"https:\/\/i0.wp.com\/www.shqiperia.com\/blog\/wp-content\/uploads\/2026\/01\/79754203_3282627328420310_8658908618562732032_n.jpg?fit=1200%2C837&ssl=1&resize=350%2C200","width":350,"height":200,"srcset":"https:\/\/i0.wp.com\/www.shqiperia.com\/blog\/wp-content\/uploads\/2026\/01\/79754203_3282627328420310_8658908618562732032_n.jpg?fit=1200%2C837&ssl=1&resize=350%2C200 1x, https:\/\/i0.wp.com\/www.shqiperia.com\/blog\/wp-content\/uploads\/2026\/01\/79754203_3282627328420310_8658908618562732032_n.jpg?fit=1200%2C837&ssl=1&resize=525%2C300 1.5x, https:\/\/i0.wp.com\/www.shqiperia.com\/blog\/wp-content\/uploads\/2026\/01\/79754203_3282627328420310_8658908618562732032_n.jpg?fit=1200%2C837&ssl=1&resize=700%2C400 2x, https:\/\/i0.wp.com\/www.shqiperia.com\/blog\/wp-content\/uploads\/2026\/01\/79754203_3282627328420310_8658908618562732032_n.jpg?fit=1200%2C837&ssl=1&resize=1050%2C600 3x"},"classes":[]}],"_links":{"self":[{"href":"https:\/\/www.shqiperia.com\/blog\/wp-json\/wp\/v2\/posts\/88555","targetHints":{"allow":["GET"]}}],"collection":[{"href":"https:\/\/www.shqiperia.com\/blog\/wp-json\/wp\/v2\/posts"}],"about":[{"href":"https:\/\/www.shqiperia.com\/blog\/wp-json\/wp\/v2\/types\/post"}],"author":[{"embeddable":true,"href":"https:\/\/www.shqiperia.com\/blog\/wp-json\/wp\/v2\/users\/9"}],"replies":[{"embeddable":true,"href":"https:\/\/www.shqiperia.com\/blog\/wp-json\/wp\/v2\/comments?post=88555"}],"version-history":[{"count":5,"href":"https:\/\/www.shqiperia.com\/blog\/wp-json\/wp\/v2\/posts\/88555\/revisions"}],"predecessor-version":[{"id":88574,"href":"https:\/\/www.shqiperia.com\/blog\/wp-json\/wp\/v2\/posts\/88555\/revisions\/88574"}],"wp:featuredmedia":[{"embeddable":true,"href":"https:\/\/www.shqiperia.com\/blog\/wp-json\/wp\/v2\/media\/88556"}],"wp:attachment":[{"href":"https:\/\/www.shqiperia.com\/blog\/wp-json\/wp\/v2\/media?parent=88555"}],"wp:term":[{"taxonomy":"category","embeddable":true,"href":"https:\/\/www.shqiperia.com\/blog\/wp-json\/wp\/v2\/categories?post=88555"},{"taxonomy":"post_tag","embeddable":true,"href":"https:\/\/www.shqiperia.com\/blog\/wp-json\/wp\/v2\/tags?post=88555"}],"curies":[{"name":"wp","href":"https:\/\/api.w.org\/{rel}","templated":true}]}}