{"id":88550,"date":"2025-01-19T13:25:13","date_gmt":"2025-01-19T13:25:13","guid":{"rendered":"https:\/\/www.shqiperia.com\/blog\/?p=88550"},"modified":"2025-01-19T13:26:29","modified_gmt":"2025-01-19T13:26:29","slug":"do-te-rrezoj-qeverine-nese-izraeli-nuk-pushton-gazen-armepushimi-me-hamasin-nuk-pritet-mire-ministri-izraelit-shperthen","status":"publish","type":"post","link":"https:\/\/www.shqiperia.com\/blog\/do-te-rrezoj-qeverine-nese-izraeli-nuk-pushton-gazen-armepushimi-me-hamasin-nuk-pritet-mire-ministri-izraelit-shperthen\/","title":{"rendered":"&#8220;Do t\u00eb rr\u00ebzoj qeverin\u00eb n\u00ebse Izraeli nuk pushton Gaz\u00ebn&#8221;! &#8211; Arm\u00ebpushimi me Hamasin nuk pritet mir\u00eb, ministri izraelit shp\u00ebrthen"},"content":{"rendered":"<p><img data-recalc-dims=\"1\" loading=\"lazy\" decoding=\"async\" data-attachment-id=\"88551\" data-permalink=\"https:\/\/www.shqiperia.com\/blog\/do-te-rrezoj-qeverine-nese-izraeli-nuk-pushton-gazen-armepushimi-me-hamasin-nuk-pritet-mire-ministri-izraelit-shperthen\/ap24158087329777-1-1536x1024\/\" data-orig-file=\"https:\/\/i0.wp.com\/www.shqiperia.com\/blog\/wp-content\/uploads\/2025\/01\/ap24158087329777-1-1536x1024-1.jpg?fit=1424%2C944&amp;ssl=1\" data-orig-size=\"1424,944\" data-comments-opened=\"1\" data-image-meta=\"{&quot;aperture&quot;:&quot;0&quot;,&quot;credit&quot;:&quot;&quot;,&quot;camera&quot;:&quot;&quot;,&quot;caption&quot;:&quot;&quot;,&quot;created_timestamp&quot;:&quot;0&quot;,&quot;copyright&quot;:&quot;&quot;,&quot;focal_length&quot;:&quot;0&quot;,&quot;iso&quot;:&quot;0&quot;,&quot;shutter_speed&quot;:&quot;0&quot;,&quot;title&quot;:&quot;&quot;,&quot;orientation&quot;:&quot;0&quot;}\" data-image-title=\"ap24158087329777-1-1536&#215;1024\" data-image-description=\"\" data-image-caption=\"\" data-medium-file=\"https:\/\/i0.wp.com\/www.shqiperia.com\/blog\/wp-content\/uploads\/2025\/01\/ap24158087329777-1-1536x1024-1.jpg?fit=300%2C199&amp;ssl=1\" data-large-file=\"https:\/\/i0.wp.com\/www.shqiperia.com\/blog\/wp-content\/uploads\/2025\/01\/ap24158087329777-1-1536x1024-1.jpg?fit=1024%2C679&amp;ssl=1\" class=\"alignnone wp-image-88551\" alt=\"\" src=\"https:\/\/i0.wp.com\/www.shqiperia.com\/blog\/wp-content\/uploads\/2025\/01\/ap24158087329777-1-1536x1024-1.jpg?resize=767%2C509&#038;ssl=1\" width=\"767\" height=\"509\" srcset=\"https:\/\/i0.wp.com\/www.shqiperia.com\/blog\/wp-content\/uploads\/2025\/01\/ap24158087329777-1-1536x1024-1.jpg?resize=300%2C199&amp;ssl=1 300w, https:\/\/i0.wp.com\/www.shqiperia.com\/blog\/wp-content\/uploads\/2025\/01\/ap24158087329777-1-1536x1024-1.jpg?resize=1024%2C679&amp;ssl=1 1024w, https:\/\/i0.wp.com\/www.shqiperia.com\/blog\/wp-content\/uploads\/2025\/01\/ap24158087329777-1-1536x1024-1.jpg?resize=768%2C509&amp;ssl=1 768w, https:\/\/i0.wp.com\/www.shqiperia.com\/blog\/wp-content\/uploads\/2025\/01\/ap24158087329777-1-1536x1024-1.jpg?resize=450%2C298&amp;ssl=1 450w, https:\/\/i0.wp.com\/www.shqiperia.com\/blog\/wp-content\/uploads\/2025\/01\/ap24158087329777-1-1536x1024-1.jpg?resize=600%2C398&amp;ssl=1 600w, https:\/\/i0.wp.com\/www.shqiperia.com\/blog\/wp-content\/uploads\/2025\/01\/ap24158087329777-1-1536x1024-1.jpg?resize=1300%2C862&amp;ssl=1 1300w, https:\/\/i0.wp.com\/www.shqiperia.com\/blog\/wp-content\/uploads\/2025\/01\/ap24158087329777-1-1536x1024-1.jpg?resize=400%2C265&amp;ssl=1 400w, https:\/\/i0.wp.com\/www.shqiperia.com\/blog\/wp-content\/uploads\/2025\/01\/ap24158087329777-1-1536x1024-1.jpg?w=1424&amp;ssl=1 1424w\" sizes=\"auto, (max-width: 767px) 100vw, 767px\" \/><\/p>\n<p>18 Janar 2025<\/p>\n<p>Ministri izraelit i financave t\u00eb ekstremit t\u00eb djatht\u00eb, Bezalel Smotrich, i cili \u00ebsht\u00eb kreu i Partis\u00eb Sioniste Fetare, thuhet se i ka b\u00ebr\u00eb thirrje Izraelit t\u00eb pushtoj\u00eb Rripin e Gaz\u00ebs dhe t\u00eb vendos\u00eb nj\u00eb qeveri ushtarake, duke k\u00ebrc\u00ebnuar se do t\u00eb rr\u00ebzoj\u00eb qeverin\u00eb n\u00ebse kjo nuk ndodh.<\/p>\n<p>Izraeli \u201cduhet t\u00eb pushtoj\u00eb Gaz\u00ebn dhe t\u00eb krijoj\u00eb nj\u00eb qeveri t\u00eb p\u00ebrkohshme ushtarake, sepse nuk ka asnj\u00eb m\u00ebnyr\u00eb tjet\u00ebr p\u00ebr t\u00eb mposhtur Hamasin\u201d, u citua t\u00eb ket\u00eb th\u00ebn\u00eb ai p\u00ebr Radion e Ushtris\u00eb s\u00eb Izraelit.<\/p>\n<p>\u201cUn\u00eb do ta rr\u00ebzoj qeverin\u00eb n\u00ebse nuk kthehet n\u00eb luftime n\u00eb nj\u00eb m\u00ebnyr\u00eb q\u00eb t\u00eb marrim t\u00eb gjith\u00eb Rripin e Gaz\u00ebs dhe ta qeverisim at\u00eb,\u201d tha ai, duke shtuar se Izraeli do t\u00eb siguroj\u00eb ndihm\u00eb humanitare p\u00ebr palestinez\u00ebt n\u00eb Gaza n\u00eb at\u00eb skenar. Smotrich e ka quajtur marr\u00ebveshjen e arm\u00ebpushimit t\u00eb Gaz\u00ebs nj\u00eb \u201cgabim shum\u00eb t\u00eb r\u00ebnd\u00eb\u201d dhe \u201cdor\u00ebzim ndaj Hamasit\u201d.<\/p>\n<p>T\u00eb enjten, partia e Smotrich tha n\u00eb nj\u00eb deklarat\u00eb se kushti i saj p\u00ebr t\u00eb mbetur n\u00eb qeveri do t\u00eb ishte kthimi n\u00eb luftime n\u00eb fund t\u00eb faz\u00ebs s\u00eb par\u00eb t\u00eb marr\u00ebveshjes, n\u00eb m\u00ebnyr\u00eb q\u00eb t\u00eb shkat\u00ebrroj\u00eb Hamasin dhe t\u00eb kthej\u00eb t\u00eb gjith\u00eb pengjet.<\/p>\n<p>Kryeministri izraelit Benjamin Netanyahu \u00ebsht\u00eb b\u00ebr\u00eb m\u00eb i varur nga mb\u00ebshtetja e Smotrich dhe element\u00ebve t\u00eb tjer\u00eb t\u00eb ekstremit t\u00eb djatht\u00eb t\u00eb qeveris\u00eb s\u00eb tij t\u00eb koalicionit q\u00eb kur ish-ministri i mbrojtjes Benny Gantz dha dor\u00ebheqjen nga kabineti i luft\u00ebs emergjente t\u00eb Izraelit ver\u00ebn e kaluar, me radh\u00eb p\u00ebr strategjin\u00eb n\u00eb luft\u00ebn kund\u00ebr Gaz\u00ebs dhe m\u00ebnyr\u00ebn se si p\u00ebr t\u00eb sjell\u00eb n\u00eb sht\u00ebpi pengjet izraelit\u00eb.<\/p>\n<p>Netanyahu ka th\u00ebn\u00eb m\u00eb par\u00eb se nuk d\u00ebshiron t\u00eb pushtoj\u00eb p\u00ebrgjithmon\u00eb Rripin e Gaz\u00ebs.<\/p>\n<div><strong>Balkanweb<\/strong><\/div>\n","protected":false},"excerpt":{"rendered":"<p>18 Janar 2025 Ministri izraelit i financave t\u00eb ekstremit t\u00eb djatht\u00eb, Bezalel Smotrich, i cili \u00ebsht\u00eb kreu i Partis\u00eb Sioniste Fetare, thuhet se i ka b\u00ebr\u00eb thirrje Izraelit t\u00eb pushtoj\u00eb Rripin e Gaz\u00ebs dhe t\u00eb vendos\u00eb nj\u00eb qeveri ushtarake, duke k\u00ebrc\u00ebnuar se do t\u00eb rr\u00ebzoj\u00eb qeverin\u00eb n\u00ebse kjo nuk ndodh. Izraeli \u201cduhet t\u00eb pushtoj\u00eb Gaz\u00ebn [&hellip;]<\/p>\n","protected":false},"author":9,"featured_media":88551,"comment_status":"open","ping_status":"open","sticky":false,"template":"","format":"standard","meta":{"jetpack_post_was_ever_published":false,"_jetpack_newsletter_access":"","_jetpack_dont_email_post_to_subs":false,"_jetpack_newsletter_tier_id":0,"_jetpack_memberships_contains_paywalled_content":false,"_jetpack_memberships_contains_paid_content":false,"footnotes":"","jetpack_publicize_message":"","jetpack_publicize_feature_enabled":true,"jetpack_social_post_already_shared":true,"jetpack_social_options":{"image_generator_settings":{"template":"highway","default_image_id":0,"font":"","enabled":false},"version":2}},"categories":[27,1,2,35],"tags":[],"class_list":["post-88550","post","type-post","status-publish","format-standard","has-post-thumbnail","hentry","category-blogu-i-udhetarit","category-njoftime-shtypi","category-politika","category-shoqerore"],"jetpack_publicize_connections":[],"jetpack_featured_media_url":"https:\/\/i0.wp.com\/www.shqiperia.com\/blog\/wp-content\/uploads\/2025\/01\/ap24158087329777-1-1536x1024-1.jpg?fit=1424%2C944&ssl=1","jetpack_sharing_enabled":true,"jetpack_shortlink":"https:\/\/wp.me\/p5Z6wp-n2e","jetpack-related-posts":[{"id":92319,"url":"https:\/\/www.shqiperia.com\/blog\/izraeli-miraton-planin-per-te-marre-kontrollin-e-plote-te-rripit-te-gazes-ja-cfare-synon-netanyahu\/","url_meta":{"origin":88550,"position":0},"title":"Izraeli miraton planin p\u00ebr t\u00eb marr\u00eb kontrollin e plot\u00eb t\u00eb Rripit t\u00eb Gaz\u00ebs. &#8211; Ja \u00e7far\u00eb synon Netanyahu","author":"Kurt Farka","date":"May 6, 2025","format":false,"excerpt":"6 Maji 2025 Kabineti i siguris\u00eb i Izraelit ka miratuar nj\u00eb plan q\u00eb Izraeli t\u00eb pushtoj\u00eb Rripin e Gaz\u00ebs dhe q\u00eb ushtria izraelite ta kontrolloj\u00eb at\u00eb p\u00ebr nj\u00eb koh\u00eb t\u00eb pacaktuar, than\u00eb dje burime qeveritare. Kryeministri izraelit Benjamin Netanyahu tha se forcat e armatosura do t\u00eb kalojn\u00eb nga kryerja e\u2026","rel":"","context":"In &quot;Blogu i Udh\u00ebtarit&quot;","block_context":{"text":"Blogu i Udh\u00ebtarit","link":"https:\/\/www.shqiperia.com\/blog\/category\/blogu-i-udhetarit\/"},"img":{"alt_text":"","src":"https:\/\/i0.wp.com\/www.shqiperia.com\/blog\/wp-content\/uploads\/2025\/05\/Flamuri-i-Izraelit.jpg?fit=852%2C480&ssl=1&resize=350%2C200","width":350,"height":200,"srcset":"https:\/\/i0.wp.com\/www.shqiperia.com\/blog\/wp-content\/uploads\/2025\/05\/Flamuri-i-Izraelit.jpg?fit=852%2C480&ssl=1&resize=350%2C200 1x, https:\/\/i0.wp.com\/www.shqiperia.com\/blog\/wp-content\/uploads\/2025\/05\/Flamuri-i-Izraelit.jpg?fit=852%2C480&ssl=1&resize=525%2C300 1.5x, https:\/\/i0.wp.com\/www.shqiperia.com\/blog\/wp-content\/uploads\/2025\/05\/Flamuri-i-Izraelit.jpg?fit=852%2C480&ssl=1&resize=700%2C400 2x"},"classes":[]},{"id":95932,"url":"https:\/\/www.shqiperia.com\/blog\/ministri-izraelit-del-kunder-planit-te-trump-dhe-netanyahut-izraeli-nuk-do-largohet-kurre-nga-gaza\/","url_meta":{"origin":88550,"position":1},"title":"Ministri izraelit del kund\u00ebr planit t\u00eb Trump dhe Netanyahut: &#8211; Izraeli nuk do largohet kurr\u00eb nga Gaza!","author":"Kurt Farka","date":"December 24, 2025","format":false,"excerpt":"24 Dhjetor 2025 Izraeli \u201cnuk do t\u00eb largohet kurr\u00eb nga Gaza\u201d, tha Ministri i Mbrojtjes, Izrael Katz, duke menduar p\u00ebr iden\u00eb e rivendosjes s\u00eb vendbanimeve t\u00eb paligjshme n\u00eb enklav\u00ebn palestineze. V\u00ebrejtjet shkaktuan reagime t\u00eb gjera, duke e b\u00ebr\u00eb Katz t\u00eb t\u00ebrhiqej disi nga pohimi i tij. Ministri e b\u00ebri deklarat\u00ebn\u2026","rel":"","context":"In &quot;Blogu i Udh\u00ebtarit&quot;","block_context":{"text":"Blogu i Udh\u00ebtarit","link":"https:\/\/www.shqiperia.com\/blog\/category\/blogu-i-udhetarit\/"},"img":{"alt_text":"","src":"https:\/\/i0.wp.com\/www.shqiperia.com\/blog\/wp-content\/uploads\/2025\/12\/2025-07-04t084507z-877350946-rc2iffaijr1b-rtrmadp-3-israel-palestinians-gaza-scaled.jpg?fit=1200%2C800&ssl=1&resize=350%2C200","width":350,"height":200,"srcset":"https:\/\/i0.wp.com\/www.shqiperia.com\/blog\/wp-content\/uploads\/2025\/12\/2025-07-04t084507z-877350946-rc2iffaijr1b-rtrmadp-3-israel-palestinians-gaza-scaled.jpg?fit=1200%2C800&ssl=1&resize=350%2C200 1x, https:\/\/i0.wp.com\/www.shqiperia.com\/blog\/wp-content\/uploads\/2025\/12\/2025-07-04t084507z-877350946-rc2iffaijr1b-rtrmadp-3-israel-palestinians-gaza-scaled.jpg?fit=1200%2C800&ssl=1&resize=525%2C300 1.5x, https:\/\/i0.wp.com\/www.shqiperia.com\/blog\/wp-content\/uploads\/2025\/12\/2025-07-04t084507z-877350946-rc2iffaijr1b-rtrmadp-3-israel-palestinians-gaza-scaled.jpg?fit=1200%2C800&ssl=1&resize=700%2C400 2x, https:\/\/i0.wp.com\/www.shqiperia.com\/blog\/wp-content\/uploads\/2025\/12\/2025-07-04t084507z-877350946-rc2iffaijr1b-rtrmadp-3-israel-palestinians-gaza-scaled.jpg?fit=1200%2C800&ssl=1&resize=1050%2C600 3x"},"classes":[]},{"id":89115,"url":"https:\/\/www.shqiperia.com\/blog\/izraeli-udhezon-ushtrine-te-pergatise-plane-per-largimin-e-palestinezeve-nga-gaza\/","url_meta":{"origin":88550,"position":2},"title":"Izraeli udh\u00ebzon ushtrin\u00eb t\u00eb p\u00ebrgatis\u00eb plane p\u00ebr largimin e palestinez\u00ebve nga Gaza","author":"Kurt Farka","date":"February 6, 2025","format":false,"excerpt":"6 Shkurt 2025 Ministri i Mbrojtjes izraelit tha se ka udh\u00ebzuar ushtrin\u00eb q\u00eb t\u00eb p\u00ebrgatis\u00eb plane q\u00eb nj\u00eb num\u00ebr i madh i palestinez\u00ebve t\u00eb largohen \u201cn\u00eb m\u00ebnyr\u00eb vullnetare\u201d nga Rripi i Gaz\u00ebs, n\u00eb linj\u00eb me propozimin e presidentit amerikan, Donald Trump, p\u00ebr territorin e shkat\u00ebrruar nga lufta. Ministri izraelit i\u2026","rel":"","context":"In &quot;Blogu i Udh\u00ebtarit&quot;","block_context":{"text":"Blogu i Udh\u00ebtarit","link":"https:\/\/www.shqiperia.com\/blog\/category\/blogu-i-udhetarit\/"},"img":{"alt_text":"","src":"https:\/\/i0.wp.com\/www.shqiperia.com\/blog\/wp-content\/uploads\/2025\/02\/640-0-7622f499213430c8df81e7805073d3be.jpg?fit=640%2C360&ssl=1&resize=350%2C200","width":350,"height":200,"srcset":"https:\/\/i0.wp.com\/www.shqiperia.com\/blog\/wp-content\/uploads\/2025\/02\/640-0-7622f499213430c8df81e7805073d3be.jpg?fit=640%2C360&ssl=1&resize=350%2C200 1x, https:\/\/i0.wp.com\/www.shqiperia.com\/blog\/wp-content\/uploads\/2025\/02\/640-0-7622f499213430c8df81e7805073d3be.jpg?fit=640%2C360&ssl=1&resize=525%2C300 1.5x"},"classes":[]},{"id":94504,"url":"https:\/\/www.shqiperia.com\/blog\/erdogan-merz-perplasen-per-gazen-debati-ne-publik-presidenti-turk-pse-nuk-e-sheh-gjermania-gjenocidin-e-izraelit\/","url_meta":{"origin":88550,"position":3},"title":"Erdogan-Merz p\u00ebrplasen p\u00ebr Gaz\u00ebn\/ Debati n\u00eb publik, presidenti turk: &#8211; Pse nuk e sheh Gjermania gjenocidin e Izraelit?","author":"Kurt Farka","date":"October 30, 2025","format":false,"excerpt":"30 Tetor 2025 Ndon\u00ebse ishte vizita e par\u00eb e kancelarit gjerman Friedrih Merz n\u00eb Turqi q\u00eb kur e mori k\u00ebt\u00eb detyr\u00eb, presidenti Rexhep Tajip Erdoan, e kritikoi \u201cp\u00ebr mosv\u00ebmendje ndaj gjenocidit dhe sulmeve t\u00eb Izraelit n\u00eb Gaza\u201d. N\u00eb nj\u00eb konferenc\u00eb t\u00eb p\u00ebrbashk\u00ebt p\u00ebr media, ai iu drejtua ashp\u00ebr kancelarit. \u00a0\u201cA\u2026","rel":"","context":"In &quot;Njoftime Shtypi&quot;","block_context":{"text":"Njoftime Shtypi","link":"https:\/\/www.shqiperia.com\/blog\/category\/njoftime-shtypi\/"},"img":{"alt_text":"","src":"https:\/\/i0.wp.com\/www.shqiperia.com\/blog\/wp-content\/uploads\/2025\/10\/LM7FIV3V2FLD7CFRPDHSAGOCHQ_sd.jpg?fit=1200%2C675&ssl=1&resize=350%2C200","width":350,"height":200,"srcset":"https:\/\/i0.wp.com\/www.shqiperia.com\/blog\/wp-content\/uploads\/2025\/10\/LM7FIV3V2FLD7CFRPDHSAGOCHQ_sd.jpg?fit=1200%2C675&ssl=1&resize=350%2C200 1x, https:\/\/i0.wp.com\/www.shqiperia.com\/blog\/wp-content\/uploads\/2025\/10\/LM7FIV3V2FLD7CFRPDHSAGOCHQ_sd.jpg?fit=1200%2C675&ssl=1&resize=525%2C300 1.5x, https:\/\/i0.wp.com\/www.shqiperia.com\/blog\/wp-content\/uploads\/2025\/10\/LM7FIV3V2FLD7CFRPDHSAGOCHQ_sd.jpg?fit=1200%2C675&ssl=1&resize=700%2C400 2x, https:\/\/i0.wp.com\/www.shqiperia.com\/blog\/wp-content\/uploads\/2025\/10\/LM7FIV3V2FLD7CFRPDHSAGOCHQ_sd.jpg?fit=1200%2C675&ssl=1&resize=1050%2C600 3x"},"classes":[]},{"id":90048,"url":"https:\/\/www.shqiperia.com\/blog\/izraeli-bllokon-hyrjen-e-te-gjithe-ndihmave-humanitare-ne-gaza\/","url_meta":{"origin":88550,"position":4},"title":"Izraeli bllokon hyrjen e t\u00eb gjith\u00eb ndihmave humanitare n\u00eb Gaza","author":"Kurt Farka","date":"March 2, 2025","format":false,"excerpt":"2 Mars 2025 Qeveria izraelite thot\u00eb se ka bllokuar hyrjen e t\u00eb gjith\u00eb ndihmave humanitare n\u00eb Gaza p\u00ebr shkak se faza e par\u00eb e arm\u00ebpushimit me Hamasin ka skaduar. Zyra e kryeministrit Benjamin Netanyahu tha se Hamasi deri m\u00eb tani kishte refuzuar t\u00eb pranonte nj\u00eb zgjatje t\u00eb p\u00ebrkohshme t\u00eb arm\u00ebpushimit\u2026","rel":"","context":"In &quot;Blogu i Udh\u00ebtarit&quot;","block_context":{"text":"Blogu i Udh\u00ebtarit","link":"https:\/\/www.shqiperia.com\/blog\/category\/blogu-i-udhetarit\/"},"img":{"alt_text":"","src":"https:\/\/i0.wp.com\/www.shqiperia.com\/blog\/wp-content\/uploads\/2025\/03\/gaz.jpg?fit=923%2C504&ssl=1&resize=350%2C200","width":350,"height":200,"srcset":"https:\/\/i0.wp.com\/www.shqiperia.com\/blog\/wp-content\/uploads\/2025\/03\/gaz.jpg?fit=923%2C504&ssl=1&resize=350%2C200 1x, https:\/\/i0.wp.com\/www.shqiperia.com\/blog\/wp-content\/uploads\/2025\/03\/gaz.jpg?fit=923%2C504&ssl=1&resize=525%2C300 1.5x, https:\/\/i0.wp.com\/www.shqiperia.com\/blog\/wp-content\/uploads\/2025\/03\/gaz.jpg?fit=923%2C504&ssl=1&resize=700%2C400 2x"},"classes":[]},{"id":94831,"url":"https:\/\/www.shqiperia.com\/blog\/reuters-zbulon-skenarin-ndarja-de-facto-e-gazes-e-mundur-njera-zone-nen-kontrollin-e-izraelit-dhe-tjetra-nen-kontrollin-e-hamasit\/","url_meta":{"origin":88550,"position":5},"title":"\u201cReuters\u201d zbulon skenarin: Ndarja \u2018de facto\u2019 e Gaz\u00ebs e mundur, nj\u00ebra zon\u00eb n\u00ebn kontrollin e Izraelit dhe tjetra n\u00ebn kontrollin e Hamasit","author":"Kurt Farka","date":"November 12, 2025","format":false,"excerpt":"12 Nentor 2025 Skenari i ndarjes \u2018de facto\u2019 t\u00eb Rripit t\u00eb Gaz\u00ebs n\u00eb dy zona, nj\u00eb n\u00ebn kontrollin izraelit dhe nj\u00eb n\u00ebn kontrollin e Hamasit, po duket gjithnj\u00eb e m\u00eb i mundsh\u00ebm, n\u00eb nj\u00eb koh\u00eb kur p\u00ebrpjekjet p\u00ebr t\u00eb \u00e7uar p\u00ebrpara planin e Donald Trump p\u00ebr t\u2019i dh\u00ebn\u00eb fund luft\u00ebs\u2026","rel":"","context":"In &quot;Blogu i Udh\u00ebtarit&quot;","block_context":{"text":"Blogu i Udh\u00ebtarit","link":"https:\/\/www.shqiperia.com\/blog\/category\/blogu-i-udhetarit\/"},"img":{"alt_text":"","src":"https:\/\/i0.wp.com\/www.shqiperia.com\/blog\/wp-content\/uploads\/2025\/11\/gaza1.jpg?fit=1098%2C648&ssl=1&resize=350%2C200","width":350,"height":200,"srcset":"https:\/\/i0.wp.com\/www.shqiperia.com\/blog\/wp-content\/uploads\/2025\/11\/gaza1.jpg?fit=1098%2C648&ssl=1&resize=350%2C200 1x, https:\/\/i0.wp.com\/www.shqiperia.com\/blog\/wp-content\/uploads\/2025\/11\/gaza1.jpg?fit=1098%2C648&ssl=1&resize=525%2C300 1.5x, https:\/\/i0.wp.com\/www.shqiperia.com\/blog\/wp-content\/uploads\/2025\/11\/gaza1.jpg?fit=1098%2C648&ssl=1&resize=700%2C400 2x, https:\/\/i0.wp.com\/www.shqiperia.com\/blog\/wp-content\/uploads\/2025\/11\/gaza1.jpg?fit=1098%2C648&ssl=1&resize=1050%2C600 3x"},"classes":[]}],"_links":{"self":[{"href":"https:\/\/www.shqiperia.com\/blog\/wp-json\/wp\/v2\/posts\/88550","targetHints":{"allow":["GET"]}}],"collection":[{"href":"https:\/\/www.shqiperia.com\/blog\/wp-json\/wp\/v2\/posts"}],"about":[{"href":"https:\/\/www.shqiperia.com\/blog\/wp-json\/wp\/v2\/types\/post"}],"author":[{"embeddable":true,"href":"https:\/\/www.shqiperia.com\/blog\/wp-json\/wp\/v2\/users\/9"}],"replies":[{"embeddable":true,"href":"https:\/\/www.shqiperia.com\/blog\/wp-json\/wp\/v2\/comments?post=88550"}],"version-history":[{"count":3,"href":"https:\/\/www.shqiperia.com\/blog\/wp-json\/wp\/v2\/posts\/88550\/revisions"}],"predecessor-version":[{"id":88554,"href":"https:\/\/www.shqiperia.com\/blog\/wp-json\/wp\/v2\/posts\/88550\/revisions\/88554"}],"wp:featuredmedia":[{"embeddable":true,"href":"https:\/\/www.shqiperia.com\/blog\/wp-json\/wp\/v2\/media\/88551"}],"wp:attachment":[{"href":"https:\/\/www.shqiperia.com\/blog\/wp-json\/wp\/v2\/media?parent=88550"}],"wp:term":[{"taxonomy":"category","embeddable":true,"href":"https:\/\/www.shqiperia.com\/blog\/wp-json\/wp\/v2\/categories?post=88550"},{"taxonomy":"post_tag","embeddable":true,"href":"https:\/\/www.shqiperia.com\/blog\/wp-json\/wp\/v2\/tags?post=88550"}],"curies":[{"name":"wp","href":"https:\/\/api.w.org\/{rel}","templated":true}]}}