{"id":88544,"date":"2025-01-19T12:38:21","date_gmt":"2025-01-19T12:38:21","guid":{"rendered":"https:\/\/www.shqiperia.com\/blog\/?p=88544"},"modified":"2025-01-19T12:38:21","modified_gmt":"2025-01-19T12:38:21","slug":"vucic-shperthen-ne-akuza-protestat-mbeshteten-nga-agjencite-e-huaja","status":"publish","type":"post","link":"https:\/\/www.shqiperia.com\/blog\/vucic-shperthen-ne-akuza-protestat-mbeshteten-nga-agjencite-e-huaja\/","title":{"rendered":"Vu\u00e7i\u00e7 \u201cshp\u00ebrthen\u201d n\u00eb akuza: &#8211; Protestat mb\u00ebshteten nga agjencit\u00eb e huaja"},"content":{"rendered":"<p><img data-recalc-dims=\"1\" loading=\"lazy\" decoding=\"async\" data-attachment-id=\"88545\" data-permalink=\"https:\/\/www.shqiperia.com\/blog\/vucic-shperthen-ne-akuza-protestat-mbeshteten-nga-agjencite-e-huaja\/vucic-2-3\/\" data-orig-file=\"https:\/\/i0.wp.com\/www.shqiperia.com\/blog\/wp-content\/uploads\/2025\/01\/Vucic-2.webp?fit=859%2C527&amp;ssl=1\" data-orig-size=\"859,527\" data-comments-opened=\"1\" data-image-meta=\"{&quot;aperture&quot;:&quot;0&quot;,&quot;credit&quot;:&quot;&quot;,&quot;camera&quot;:&quot;&quot;,&quot;caption&quot;:&quot;&quot;,&quot;created_timestamp&quot;:&quot;0&quot;,&quot;copyright&quot;:&quot;&quot;,&quot;focal_length&quot;:&quot;0&quot;,&quot;iso&quot;:&quot;0&quot;,&quot;shutter_speed&quot;:&quot;0&quot;,&quot;title&quot;:&quot;&quot;,&quot;orientation&quot;:&quot;0&quot;}\" data-image-title=\"Vucic-2\" data-image-description=\"\" data-image-caption=\"\" data-medium-file=\"https:\/\/i0.wp.com\/www.shqiperia.com\/blog\/wp-content\/uploads\/2025\/01\/Vucic-2.webp?fit=300%2C184&amp;ssl=1\" data-large-file=\"https:\/\/i0.wp.com\/www.shqiperia.com\/blog\/wp-content\/uploads\/2025\/01\/Vucic-2.webp?fit=859%2C527&amp;ssl=1\" class=\"alignnone  wp-image-88545\" alt=\"\" src=\"https:\/\/i0.wp.com\/www.shqiperia.com\/blog\/wp-content\/uploads\/2025\/01\/Vucic-2.webp?resize=638%2C391&#038;ssl=1\" width=\"638\" height=\"391\" srcset=\"https:\/\/i0.wp.com\/www.shqiperia.com\/blog\/wp-content\/uploads\/2025\/01\/Vucic-2.webp?resize=300%2C184&amp;ssl=1 300w, https:\/\/i0.wp.com\/www.shqiperia.com\/blog\/wp-content\/uploads\/2025\/01\/Vucic-2.webp?resize=768%2C471&amp;ssl=1 768w, https:\/\/i0.wp.com\/www.shqiperia.com\/blog\/wp-content\/uploads\/2025\/01\/Vucic-2.webp?resize=450%2C276&amp;ssl=1 450w, https:\/\/i0.wp.com\/www.shqiperia.com\/blog\/wp-content\/uploads\/2025\/01\/Vucic-2.webp?resize=600%2C368&amp;ssl=1 600w, https:\/\/i0.wp.com\/www.shqiperia.com\/blog\/wp-content\/uploads\/2025\/01\/Vucic-2.webp?resize=400%2C245&amp;ssl=1 400w, https:\/\/i0.wp.com\/www.shqiperia.com\/blog\/wp-content\/uploads\/2025\/01\/Vucic-2.webp?w=859&amp;ssl=1 859w\" sizes=\"auto, (max-width: 638px) 100vw, 638px\" \/><\/p>\n<p>18 Janar 2025<\/p>\n<p>Presidenti serb Aleksandar Vu\u00e7i\u00e7 ka akuzuar opozit\u00ebn p\u00ebr bashk\u00ebpunim me agjencit\u00eb e huaja t\u00eb inteligjenc\u00ebs p\u00ebr t\u00eb destabilizuar vendin, mes protestave t\u00eb vazhdueshme t\u00eb udh\u00ebhequra nga student\u00ebt, t\u00eb shkaktuara nga shembja vdekjeprur\u00ebse e nj\u00eb tende n\u00eb stacionin hekurudhor t\u00eb Novi Sadit n\u00eb n\u00ebntor.<\/p>\n<p>Incidenti, i cili mori 15 jet\u00eb, \u00e7oi n\u00eb zem\u00ebrim publik dhe dor\u00ebheqjen e ministrit t\u00eb Infrastruktur\u00ebs Goran Vesic.<\/p>\n<p>\u201cKjo \u00ebsht\u00eb e gjitha nj\u00eb p\u00ebrpjekje p\u00ebr nj\u00eb revolucion me ngjyra\u201d, tha Vu\u00e7i\u00e7 gjat\u00eb nj\u00eb interviste t\u00eb shtun\u00ebn. Ai pretendoi se agjent\u00ebt e huaj po inkurajonin student\u00ebt t\u00eb bllokonin rrug\u00ebt kryesore t\u00eb transportit. Presidenti pretendoi se aktivitetet jan\u00eb t\u00eb koordinuara nga \u201cinstruktor\u00eb t\u00eb huaj\u201d q\u00eb veprojn\u00eb n\u00eb rajon.<\/p>\n<p>Termi \u201crevolucion me ngjyra\u201d i referohet l\u00ebvizjeve q\u00eb synojn\u00eb arritjen e ndryshimeve politike, shpesh t\u00eb perceptuara si t\u00eb mb\u00ebshtetura nga interesa t\u00eb huaja.<\/p>\n<p>\u201cOpozita jon\u00eb \u00ebsht\u00eb nj\u00eb mjet n\u00eb duart e sh\u00ebrbimeve sekrete kriminale dhe t\u00eb huaja. K\u00ebta t\u00eb rinj pak a shum\u00eb po p\u00ebrdoren prej tyre\u201d, tha Vu\u00e7i\u00e7 =.<\/p>\n<p>Protestat e udh\u00ebhequra nga student\u00ebt dhe grupet opozitare filluan n\u00eb n\u00ebntor dhe jan\u00eb p\u00ebrhapur n\u00eb qytete duke p\u00ebrfshir\u00eb Novi Sadin dhe Beogradin. Protestuesit mblidhen \u00e7do t\u00eb premte n\u00eb or\u00ebn 11:52 t\u00eb m\u00ebngjesit \u2013 koha e shembjes tragjike t\u00eb stacionit hekurudhor m\u00eb 1 n\u00ebntor \u2013 dhe q\u00ebndrojn\u00eb n\u00eb heshtje p\u00ebr pes\u00ebmb\u00ebdhjet\u00eb minuta, pavar\u00ebsisht vendndodhjes s\u00eb tyre, me protestat q\u00eb shpesh bllokojn\u00eb trafikun. Rreth 50 universitete dhe shkolla kan\u00eb nd\u00ebrprer\u00eb pun\u00ebn p\u00ebr shkak t\u00eb bojkotit t\u00eb student\u00ebve.<\/p>\n<p>Vu\u00e7i\u00e7\u00a0 gjithashtu pretendoi se nj\u00eb koalicion i interesave per\u00ebndimore, kroate dhe shqiptare po punon p\u00ebr t\u00eb dob\u00ebsuar Serbin\u00eb nga brenda. \u201cAta synojn\u00eb t\u00eb shkat\u00ebrrojn\u00eb Serbin\u00eb nga brenda, t\u00eb na pengojn\u00eb t\u00eb jemi faktor i r\u00ebnd\u00ebsish\u00ebm nd\u00ebrkomb\u00ebtar dhe t\u00eb nxisin konflikt t\u00eb brendsh\u00ebm\u201d, tha ai.<\/p>\n","protected":false},"excerpt":{"rendered":"<p>18 Janar 2025 Presidenti serb Aleksandar Vu\u00e7i\u00e7 ka akuzuar opozit\u00ebn p\u00ebr bashk\u00ebpunim me agjencit\u00eb e huaja t\u00eb inteligjenc\u00ebs p\u00ebr t\u00eb destabilizuar vendin, mes protestave t\u00eb vazhdueshme t\u00eb udh\u00ebhequra nga student\u00ebt, t\u00eb shkaktuara nga shembja vdekjeprur\u00ebse e nj\u00eb tende n\u00eb stacionin hekurudhor t\u00eb Novi Sadit n\u00eb n\u00ebntor. Incidenti, i cili mori 15 jet\u00eb, \u00e7oi n\u00eb zem\u00ebrim [&hellip;]<\/p>\n","protected":false},"author":9,"featured_media":88545,"comment_status":"open","ping_status":"open","sticky":false,"template":"","format":"standard","meta":{"jetpack_post_was_ever_published":false,"_jetpack_newsletter_access":"","_jetpack_dont_email_post_to_subs":false,"_jetpack_newsletter_tier_id":0,"_jetpack_memberships_contains_paywalled_content":false,"_jetpack_memberships_contains_paid_content":false,"footnotes":"","jetpack_publicize_message":"","jetpack_publicize_feature_enabled":true,"jetpack_social_post_already_shared":true,"jetpack_social_options":{"image_generator_settings":{"template":"highway","default_image_id":0,"font":"","enabled":false},"version":2}},"categories":[27,1,2],"tags":[],"class_list":["post-88544","post","type-post","status-publish","format-standard","has-post-thumbnail","hentry","category-blogu-i-udhetarit","category-njoftime-shtypi","category-politika"],"jetpack_publicize_connections":[],"jetpack_featured_media_url":"https:\/\/i0.wp.com\/www.shqiperia.com\/blog\/wp-content\/uploads\/2025\/01\/Vucic-2.webp?fit=859%2C527&ssl=1","jetpack_sharing_enabled":true,"jetpack_shortlink":"https:\/\/wp.me\/p5Z6wp-n28","jetpack-related-posts":[{"id":92787,"url":"https:\/\/www.shqiperia.com\/blog\/nje-proteste-e-madhe-pritet-neser-ne-serbi-vucic-kercenon-studentet-do-te-nderhyjme-nese-duhet\/","url_meta":{"origin":88544,"position":0},"title":"Nj\u00eb protest\u00eb e madhe pritet nes\u00ebr n\u00eb Serbi, Vu\u00e7i\u00e7 k\u00ebrc\u00ebnon student\u00ebt: &#8211; Do t\u00eb nd\u00ebrhyjm\u00eb n\u00ebse duhet","author":"Kurt Farka","date":"June 27, 2025","format":false,"excerpt":"27 Qershor 2025 Presidenti serb Aleksandar Vu\u00e7i\u00e7 tha dje, p\u00ebrpara nj\u00eb proteste antiqeveritare n\u00eb Beograd t\u00eb thirrur nga nj\u00eb l\u00ebvizje studentore nes\u00ebr, se \u201cshteti do t\u00eb nd\u00ebrhyj\u00eb vet\u00ebm n\u00ebse detyrohet\u201d dhe \u201cdo t\u00eb b\u00ebj\u00eb \u00e7mos q\u00eb askush t\u00eb mos l\u00ebndohet\u201d. Protestat masive n\u00eb Serbi filluan pasi 16 persona vdiq\u00ebn nga\u2026","rel":"","context":"In &quot;Blogu i Udh\u00ebtarit&quot;","block_context":{"text":"Blogu i Udh\u00ebtarit","link":"https:\/\/www.shqiperia.com\/blog\/category\/blogu-i-udhetarit\/"},"img":{"alt_text":"","src":"https:\/\/i0.wp.com\/www.shqiperia.com\/blog\/wp-content\/uploads\/2025\/06\/Aleksander-Vucic.jpg?fit=870%2C499&ssl=1&resize=350%2C200","width":350,"height":200,"srcset":"https:\/\/i0.wp.com\/www.shqiperia.com\/blog\/wp-content\/uploads\/2025\/06\/Aleksander-Vucic.jpg?fit=870%2C499&ssl=1&resize=350%2C200 1x, https:\/\/i0.wp.com\/www.shqiperia.com\/blog\/wp-content\/uploads\/2025\/06\/Aleksander-Vucic.jpg?fit=870%2C499&ssl=1&resize=525%2C300 1.5x, https:\/\/i0.wp.com\/www.shqiperia.com\/blog\/wp-content\/uploads\/2025\/06\/Aleksander-Vucic.jpg?fit=870%2C499&ssl=1&resize=700%2C400 2x"},"classes":[]},{"id":87701,"url":"https:\/\/www.shqiperia.com\/blog\/studentet-dhe-sindikatat-e-grave-ngrihen-kunder-presidentit-vucic-dhe-qeverise-se-tij\/","url_meta":{"origin":88544,"position":1},"title":"Student\u00ebt dhe sindikatat e grave ngrihen kund\u00ebr presidentit Vu\u00e7i\u00e7 dhe qeveris\u00eb s\u00eb tij","author":"Kurt Farka","date":"December 22, 2024","format":false,"excerpt":"21 Dhjetor 2024 Dhjet\u00ebra mij\u00ebra veta u mblodh\u00ebn t\u00eb diel\u00ebn n\u00eb nj\u00eb shesh qendror n\u00eb Beograd duke protestuar kund\u00ebr presidentit t\u00eb Serbis\u00eb Aleksandar Vu\u00e7i\u00e7 dhe qeveris\u00eb s\u00eb tij. Protesta e organizuar nga student\u00ebt dhe sindikatat e fermer\u00ebve, \u00ebsht\u00eb pjes\u00eb e nj\u00eb l\u00ebvizjeje m\u00eb t\u00eb gjer\u00eb q\u00eb k\u00ebrkon p\u00ebrgjegj\u00ebsi p\u00ebr shembjen\u2026","rel":"","context":"In &quot;Blogu i Udh\u00ebtarit&quot;","block_context":{"text":"Blogu i Udh\u00ebtarit","link":"https:\/\/www.shqiperia.com\/blog\/category\/blogu-i-udhetarit\/"},"img":{"alt_text":"","src":"https:\/\/i0.wp.com\/www.shqiperia.com\/blog\/wp-content\/uploads\/2024\/12\/protesta1.jpg?fit=1200%2C667&ssl=1&resize=350%2C200","width":350,"height":200,"srcset":"https:\/\/i0.wp.com\/www.shqiperia.com\/blog\/wp-content\/uploads\/2024\/12\/protesta1.jpg?fit=1200%2C667&ssl=1&resize=350%2C200 1x, https:\/\/i0.wp.com\/www.shqiperia.com\/blog\/wp-content\/uploads\/2024\/12\/protesta1.jpg?fit=1200%2C667&ssl=1&resize=525%2C300 1.5x, https:\/\/i0.wp.com\/www.shqiperia.com\/blog\/wp-content\/uploads\/2024\/12\/protesta1.jpg?fit=1200%2C667&ssl=1&resize=700%2C400 2x, https:\/\/i0.wp.com\/www.shqiperia.com\/blog\/wp-content\/uploads\/2024\/12\/protesta1.jpg?fit=1200%2C667&ssl=1&resize=1050%2C600 3x"},"classes":[]},{"id":97411,"url":"https:\/\/www.shqiperia.com\/blog\/vucic-akuzon-shqiperine-kosoven-dhe-kroacine-per-protestat-ne-serbi-kerkuan-rrezimin-tim\/","url_meta":{"origin":88544,"position":2},"title":"Vu\u00e7i\u00e7 akuzon Shqip\u00ebrin\u00eb, Kosov\u00ebn dhe Kroacin\u00eb p\u00ebr protestat n\u00eb Serbi: &#8211; K\u00ebrkuan rr\u00ebzimin tim","author":"Kurt Farka","date":"February 6, 2026","format":false,"excerpt":"6 Shkurt 2026 Presidenti serb Aleksandar Vu\u00e7i\u00e7 ka akuzuar fqinj\u00ebt rajonal\u00eb, p\u00ebrfshir\u00eb edhe Shqip\u00ebrin\u00eb, se kan\u00eb mb\u00ebshtetur dhe nxitur demonstratat antiqeveritare q\u00eb jan\u00eb mbajtur n\u00eb Serbi n\u00eb dy vitet e fundit. \u201cSigurisht, kishte shum\u00eb njer\u00ebz q\u00eb dilnin n\u00eb rrug\u00eb dhe ata mb\u00ebshteteshin shum\u00eb nga vendet rajonale, sh\u00ebrbimet sekrete rajonale, gj\u00eb\u2026","rel":"","context":"In &quot;Blogu i Udh\u00ebtarit&quot;","block_context":{"text":"Blogu i Udh\u00ebtarit","link":"https:\/\/www.shqiperia.com\/blog\/category\/blogu-i-udhetarit\/"},"img":{"alt_text":"","src":"https:\/\/i0.wp.com\/www.shqiperia.com\/blog\/wp-content\/uploads\/2026\/02\/vucic-2-1024x576-1.jpg?fit=1024%2C576&ssl=1&resize=350%2C200","width":350,"height":200,"srcset":"https:\/\/i0.wp.com\/www.shqiperia.com\/blog\/wp-content\/uploads\/2026\/02\/vucic-2-1024x576-1.jpg?fit=1024%2C576&ssl=1&resize=350%2C200 1x, https:\/\/i0.wp.com\/www.shqiperia.com\/blog\/wp-content\/uploads\/2026\/02\/vucic-2-1024x576-1.jpg?fit=1024%2C576&ssl=1&resize=525%2C300 1.5x, https:\/\/i0.wp.com\/www.shqiperia.com\/blog\/wp-content\/uploads\/2026\/02\/vucic-2-1024x576-1.jpg?fit=1024%2C576&ssl=1&resize=700%2C400 2x"},"classes":[]},{"id":67149,"url":"https:\/\/www.shqiperia.com\/blog\/ruset-e-pohojne-vete-mes-mercenareve-te-huaj-ne-ukraine-efektive-te-policise-ushtarake-serbe\/","url_meta":{"origin":88544,"position":3},"title":"Rus\u00ebt e pohojn\u00eb vet\u00eb: &#8211; Mes mercenar\u00ebve t\u00eb huaj n\u00eb Ukrain\u00eb, efektiv\u00eb t\u00eb Policis\u00eb Ushtarake serbe!","author":"Kurt Farka","date":"February 2, 2023","format":false,"excerpt":"2 Shkurt 2023 Agjencia qeveritare ruse e lajmeve \u201cRIA.ru\u201d n\u00eb 13 janar 2023 me titullin: \u201cMercenar\u00ebt nga Serbia plot\u00ebsojn\u00eb batalionin rus\u201d publikoi lajmin se\u00a0 \u201cgovernatori rus i rajonit t\u00eb Zaporozhies (Ukrain\u00eb), E.Balickij, deklaroi: \u201cMercenar\u00ebt serb\u00eb t\u00eb ardhur n\u00eb Ukrain\u00eb kan\u00eb sh\u00ebrbyer n\u00eb policin\u00eb ushtarake t\u00eb Serbis\u00eb. Djemt\u00eb nga Serbia jan\u00eb\u2026","rel":"","context":"In &quot;Blogu i Udh\u00ebtarit&quot;","block_context":{"text":"Blogu i Udh\u00ebtarit","link":"https:\/\/www.shqiperia.com\/blog\/category\/blogu-i-udhetarit\/"},"img":{"alt_text":"","src":"https:\/\/i0.wp.com\/www.shqiperia.com\/blog\/wp-content\/uploads\/2023\/02\/wagner-1-1.jpg?fit=780%2C440&ssl=1&resize=350%2C200","width":350,"height":200,"srcset":"https:\/\/i0.wp.com\/www.shqiperia.com\/blog\/wp-content\/uploads\/2023\/02\/wagner-1-1.jpg?fit=780%2C440&ssl=1&resize=350%2C200 1x, https:\/\/i0.wp.com\/www.shqiperia.com\/blog\/wp-content\/uploads\/2023\/02\/wagner-1-1.jpg?fit=780%2C440&ssl=1&resize=525%2C300 1.5x, https:\/\/i0.wp.com\/www.shqiperia.com\/blog\/wp-content\/uploads\/2023\/02\/wagner-1-1.jpg?fit=780%2C440&ssl=1&resize=700%2C400 2x"},"classes":[]},{"id":23161,"url":"https:\/\/www.shqiperia.com\/blog\/macron-vucic-cfare-u-tha-sot-ne-beograd-per-kosoven-dhe-zgjerimin\/","url_meta":{"origin":88544,"position":4},"title":"Macron-Vu\u00e7i\u00e7, \u00e7far\u00eb u tha sot n\u00eb Beograd p\u00ebr Kosov\u00ebn dhe zgjerimin","author":"Kurt Farka","date":"July 16, 2019","format":false,"excerpt":"Macron-Vu\u00e7i\u00e7, \u00e7far\u00eb u tha sot n\u00eb Beograd p\u00ebr Kosov\u00ebn dhe zgjerimin 16 korrik 2019 \u201cLufta q\u00eb ne do t\u00eb b\u00ebjm\u00eb s\u00eb bashku tani \u00ebsht\u00eb ajo p\u00ebr kompromis dhe gjetjen e nj\u00eb zgjidhjeje t\u00eb zgjuar mes Serbis\u00eb dhe Kosov\u00ebs. \u00cbsht\u00eb nj\u00eb luft\u00eb e v\u00ebshtir\u00eb dhe ju keni nj\u00eb president kurajoz q\u00eb\u2026","rel":"","context":"In &quot;Blogu i Udh\u00ebtarit&quot;","block_context":{"text":"Blogu i Udh\u00ebtarit","link":"https:\/\/www.shqiperia.com\/blog\/category\/blogu-i-udhetarit\/"},"img":{"alt_text":"","src":"https:\/\/i0.wp.com\/www.shqiperia.com\/blog\/wp-content\/uploads\/2019\/07\/ma-2-905x450.jpg?fit=905%2C450&ssl=1&resize=350%2C200","width":350,"height":200,"srcset":"https:\/\/i0.wp.com\/www.shqiperia.com\/blog\/wp-content\/uploads\/2019\/07\/ma-2-905x450.jpg?fit=905%2C450&ssl=1&resize=350%2C200 1x, https:\/\/i0.wp.com\/www.shqiperia.com\/blog\/wp-content\/uploads\/2019\/07\/ma-2-905x450.jpg?fit=905%2C450&ssl=1&resize=525%2C300 1.5x, https:\/\/i0.wp.com\/www.shqiperia.com\/blog\/wp-content\/uploads\/2019\/07\/ma-2-905x450.jpg?fit=905%2C450&ssl=1&resize=700%2C400 2x"},"classes":[]},{"id":90457,"url":"https:\/\/www.shqiperia.com\/blog\/studentet-ne-serbi-vazhdojne-te-sfidojne-pushtetin-e-forte-te-presidentit-vucic-ne-rruge-dhe-motociklistet-e-traktoristet\/","url_meta":{"origin":88544,"position":5},"title":"Student\u00ebt n\u00eb Serbi vazhdojn\u00eb t\u00eb sfidojn\u00eb pushtetin e fort\u00eb t\u00eb presidentit Vu\u00e7i\u00e7, n\u00eb rrug\u00eb dhe moto\u00e7iklist\u00ebt e traktorist\u00ebt","author":"Kurt Farka","date":"March 15, 2025","format":false,"excerpt":"15 Mars 2025 Student\u00ebt dhe qytetar\u00ebt kan\u00eb ecur prej dit\u00ebsh n\u00eb drejtim t\u00eb kryeqytetit t\u00eb Serbis\u00eb. Dhjet\u00ebra protesta e incidente kan\u00eb ndodhur vet\u00ebm gjat\u00eb jav\u00ebs. Presidenti Aleksandar Vu\u00e7iq dhe pushteti i tij deri m\u00eb tani nuk dor\u00ebzohen leht\u00eb. Ai thot\u00eb, se protestave u ka ardhur fundi, nd\u00ebrsa student\u00ebt thon\u00eb se\u2026","rel":"","context":"In &quot;Blogu i Udh\u00ebtarit&quot;","block_context":{"text":"Blogu i Udh\u00ebtarit","link":"https:\/\/www.shqiperia.com\/blog\/category\/blogu-i-udhetarit\/"},"img":{"alt_text":"","src":"https:\/\/i0.wp.com\/www.shqiperia.com\/blog\/wp-content\/uploads\/2025\/03\/Serbia1.jpg?fit=1106%2C484&ssl=1&resize=350%2C200","width":350,"height":200,"srcset":"https:\/\/i0.wp.com\/www.shqiperia.com\/blog\/wp-content\/uploads\/2025\/03\/Serbia1.jpg?fit=1106%2C484&ssl=1&resize=350%2C200 1x, https:\/\/i0.wp.com\/www.shqiperia.com\/blog\/wp-content\/uploads\/2025\/03\/Serbia1.jpg?fit=1106%2C484&ssl=1&resize=525%2C300 1.5x, https:\/\/i0.wp.com\/www.shqiperia.com\/blog\/wp-content\/uploads\/2025\/03\/Serbia1.jpg?fit=1106%2C484&ssl=1&resize=700%2C400 2x, https:\/\/i0.wp.com\/www.shqiperia.com\/blog\/wp-content\/uploads\/2025\/03\/Serbia1.jpg?fit=1106%2C484&ssl=1&resize=1050%2C600 3x"},"classes":[]}],"_links":{"self":[{"href":"https:\/\/www.shqiperia.com\/blog\/wp-json\/wp\/v2\/posts\/88544","targetHints":{"allow":["GET"]}}],"collection":[{"href":"https:\/\/www.shqiperia.com\/blog\/wp-json\/wp\/v2\/posts"}],"about":[{"href":"https:\/\/www.shqiperia.com\/blog\/wp-json\/wp\/v2\/types\/post"}],"author":[{"embeddable":true,"href":"https:\/\/www.shqiperia.com\/blog\/wp-json\/wp\/v2\/users\/9"}],"replies":[{"embeddable":true,"href":"https:\/\/www.shqiperia.com\/blog\/wp-json\/wp\/v2\/comments?post=88544"}],"version-history":[{"count":1,"href":"https:\/\/www.shqiperia.com\/blog\/wp-json\/wp\/v2\/posts\/88544\/revisions"}],"predecessor-version":[{"id":88546,"href":"https:\/\/www.shqiperia.com\/blog\/wp-json\/wp\/v2\/posts\/88544\/revisions\/88546"}],"wp:featuredmedia":[{"embeddable":true,"href":"https:\/\/www.shqiperia.com\/blog\/wp-json\/wp\/v2\/media\/88545"}],"wp:attachment":[{"href":"https:\/\/www.shqiperia.com\/blog\/wp-json\/wp\/v2\/media?parent=88544"}],"wp:term":[{"taxonomy":"category","embeddable":true,"href":"https:\/\/www.shqiperia.com\/blog\/wp-json\/wp\/v2\/categories?post=88544"},{"taxonomy":"post_tag","embeddable":true,"href":"https:\/\/www.shqiperia.com\/blog\/wp-json\/wp\/v2\/tags?post=88544"}],"curies":[{"name":"wp","href":"https:\/\/api.w.org\/{rel}","templated":true}]}}