{"id":88541,"date":"2025-01-19T07:12:25","date_gmt":"2025-01-19T07:12:25","guid":{"rendered":"https:\/\/www.shqiperia.com\/blog\/?p=88541"},"modified":"2025-01-19T07:12:25","modified_gmt":"2025-01-19T07:12:25","slug":"motra-e-egli-proges-reagon-pas-deklarates-se-ministrit-te-brendshem-smund-te-tallesh-me-vellane-tim-nen-dhe","status":"publish","type":"post","link":"https:\/\/www.shqiperia.com\/blog\/motra-e-egli-proges-reagon-pas-deklarates-se-ministrit-te-brendshem-smund-te-tallesh-me-vellane-tim-nen-dhe\/","title":{"rendered":"Motra e Egli Prog\u00ebs reagon pas deklarat\u00ebs s\u00eb Ministrit t\u00eb Brendsh\u00ebm. &#8211; S\u2019mund t\u00eb tallesh me v\u00ebllan\u00eb tim n\u00ebn dhe"},"content":{"rendered":"<p><img data-recalc-dims=\"1\" loading=\"lazy\" decoding=\"async\" data-attachment-id=\"88542\" data-permalink=\"https:\/\/www.shqiperia.com\/blog\/motra-e-egli-proges-reagon-pas-deklarates-se-ministrit-te-brendshem-smund-te-tallesh-me-vellane-tim-nen-dhe\/egli-proga-1\/\" data-orig-file=\"https:\/\/i0.wp.com\/www.shqiperia.com\/blog\/wp-content\/uploads\/2025\/01\/Egli-Proga-1.png?fit=762%2C447&amp;ssl=1\" data-orig-size=\"762,447\" data-comments-opened=\"1\" data-image-meta=\"{&quot;aperture&quot;:&quot;0&quot;,&quot;credit&quot;:&quot;&quot;,&quot;camera&quot;:&quot;&quot;,&quot;caption&quot;:&quot;&quot;,&quot;created_timestamp&quot;:&quot;0&quot;,&quot;copyright&quot;:&quot;&quot;,&quot;focal_length&quot;:&quot;0&quot;,&quot;iso&quot;:&quot;0&quot;,&quot;shutter_speed&quot;:&quot;0&quot;,&quot;title&quot;:&quot;&quot;,&quot;orientation&quot;:&quot;0&quot;}\" data-image-title=\"Egli-Proga (1)\" data-image-description=\"\" data-image-caption=\"\" data-medium-file=\"https:\/\/i0.wp.com\/www.shqiperia.com\/blog\/wp-content\/uploads\/2025\/01\/Egli-Proga-1.png?fit=300%2C176&amp;ssl=1\" data-large-file=\"https:\/\/i0.wp.com\/www.shqiperia.com\/blog\/wp-content\/uploads\/2025\/01\/Egli-Proga-1.png?fit=762%2C447&amp;ssl=1\" class=\"alignnone  wp-image-88542\" alt=\"\" src=\"https:\/\/i0.wp.com\/www.shqiperia.com\/blog\/wp-content\/uploads\/2025\/01\/Egli-Proga-1.png?resize=586%2C344&#038;ssl=1\" width=\"586\" height=\"344\" srcset=\"https:\/\/i0.wp.com\/www.shqiperia.com\/blog\/wp-content\/uploads\/2025\/01\/Egli-Proga-1.png?resize=300%2C176&amp;ssl=1 300w, https:\/\/i0.wp.com\/www.shqiperia.com\/blog\/wp-content\/uploads\/2025\/01\/Egli-Proga-1.png?resize=450%2C264&amp;ssl=1 450w, https:\/\/i0.wp.com\/www.shqiperia.com\/blog\/wp-content\/uploads\/2025\/01\/Egli-Proga-1.png?resize=600%2C352&amp;ssl=1 600w, https:\/\/i0.wp.com\/www.shqiperia.com\/blog\/wp-content\/uploads\/2025\/01\/Egli-Proga-1.png?resize=400%2C235&amp;ssl=1 400w, https:\/\/i0.wp.com\/www.shqiperia.com\/blog\/wp-content\/uploads\/2025\/01\/Egli-Proga-1.png?w=762&amp;ssl=1 762w\" sizes=\"auto, (max-width: 586px) 100vw, 586px\" \/><\/p>\n<p>18 Janar 2025<\/p>\n<p>Motra e Egli Prog\u00ebs ka reaguar lidhur me deklarat\u00ebn e ministrit t\u00eb Pun\u00ebve t\u00eb Brendshme, Ervin Hoxha i cili nd\u00ebrsa sqaronte ngjarjen e tentativ\u00ebs p\u00ebr vet\u00ebvrasje t\u00eb Azbi Spahiut ka p\u00ebrmendur edhe ngjarjen e r\u00ebnd\u00eb ku Egli Proga u vra n\u00eb mes t\u00eb dit\u00ebs n\u00eb Pogradec.<\/p>\n<p>Ai i ka paralelizuar k\u00ebto ngjarje duk\u00eb th\u00ebn\u00eb se ngjarje t\u00eb tilla tentohen t\u00eb fryhen e sipas tij t\u00eb hidhen aludime p\u00ebr banda inekzistente.<\/p>\n<p>N\u00eb nj\u00eb status me tone t\u00eb ashpra, Jonida Proga shkruan se ministri nuk mund t\u00eb tallet me vrasjen e Egli Prog\u00ebs, nd\u00ebrsa e akuzon se polcia nuk u kap kriminel\u00ebt por lejon q\u00eb provat t\u00eb zhduken.<\/p>\n<p><strong>Statusi i plot\u00eb i Jonida Prog\u00ebs:<\/strong><\/p>\n<div class=\"xdj266r x11i5rnm xat24cr x1mh8g0r x1vvkbs x126k92a\">\n<div><em>Dy fjal\u00eb p\u00ebr Ministrin e Brendsh\u00ebm<\/em><\/div>\n<div><em>Ti, Ervin Hoxha, q\u00eb p\u00ebrdhos \u201cngjarjen e Pogradecit\u201d bashk\u00eb me v\u00ebllan\u00eb tim, lexo dy fjal\u00eb nga<\/em><\/div>\n<div><em>motra e Egli Prog\u00ebs, q\u00eb vajton \u00e7do dit\u00eb p\u00ebr t\u00eb. Q\u00eb k\u00ebrkon drejt\u00ebsi!<\/em><\/div>\n<div><em>Ti, Ervin Hoxha, minist\u00ebr me ofiqe shteti s\u2019mund t\u00eb<\/em><\/div>\n<div><em>tallesh me v\u00ebllan\u00eb tim n\u00ebn dhe, sikur ai nuk u vra nga nj\u00eb band\u00eb kriminel\u00ebsh, sikur Egli nuk u<\/em><\/div>\n<div><em>masakrua nga nj\u00eb band\u00eb gjob\u00ebv\u00ebn\u00ebsish, nga nj\u00eb band\u00eb me lidhje n\u00eb polici, nga disa bandit\u00eb me<\/em><\/div>\n<div><em>lidhje n\u00eb drejt\u00ebsi, me njer\u00ebz deri lart n\u00eb qeveri.<\/em><\/div>\n<div><em>Policia jote dhe e Rrumbullakut p\u00ebrdhosi kujtimin e v\u00ebllait tim n\u00eb gusht, kur shtremb\u00ebroi dhe<\/em><\/div>\n<div><em>fshehu faktet. Ti, me paturp\u00ebsi t\u00eb pajustifikueshme, shkruan dhe e b\u00ebn p\u00ebrs\u00ebri sot.<\/em><\/div>\n<div><em>Policia jote nuk i kapi kriminel\u00ebt Denis Me\u00e7e, Arjan Manellari, Leonidha Gu\u00e7e dhe Voltan<\/em><\/div>\n<div><em>Shkulaku kur masakruan v\u00ebllan\u00eb tim. I la t\u00eb lir\u00eb t\u00eb iknin.<\/em><\/div>\n<div><em>Policia jote nuk izoloi vendin e ngjarjes, por i la q\u00eb provat t\u00eb pastroheshin dhe zhdukeshin<\/em><\/div>\n<div><em>bashk\u00eb me to edhe autor\u00ebt deri pas mesnate, kur u dor\u00ebzuan vet\u00eb me negociator\u00eb \u2018nga lart\u2019.<\/em><\/div>\n<div><em>Policia jote nuk e gjeti maskarain Denis Me\u00e7e derisa atij i doli gjumi dhe e dor\u00ebzoi n\u00eb polici daja<\/em><\/div>\n<div><em>i tij, maskarai tjet\u00ebr me lidhje politike. Valter Gora quhet, a e njeh?<\/em><\/div>\n<div><em>Policia jote (t\u00eb pakt\u00ebn nj\u00ebri inspektor policie) e Pogradecit \u00ebsht\u00eb e akuzuar nga prokuroria p\u00ebr at\u00eb<\/em><\/div>\n<div><em>q\u00eb ti e quan \u201cdallg\u00eb e madhe dezinformimi\u201d. Un\u00eb do akuzoj m\u00eb shum\u00eb se nj\u00eb polic, shum\u00eb shpejt.<\/em><\/div>\n<div><em>Policia jote d\u00ebshtoi n\u00eb m\u00ebnyr\u00eb t\u00eb turpshme p\u00ebr kapjen n\u00eb flagranc\u00eb t\u00eb kriminel\u00ebve kur kjo u pa<\/em><\/div>\n<div><em>live n\u00eb TV (si iku me makin\u00ebn e krimit n\u00eb sy t\u00eb polic\u00ebve Arjan Manellari?), nd\u00ebrsa ti tentove<\/em><\/div>\n<div><em>at\u00ebher\u00eb dhe vazhdon sot t\u00eb nj\u00ebjtin avaz mashtrimi.<\/em><\/div>\n<\/div>\n<div class=\"x11i5rnm xat24cr x1mh8g0r x1vvkbs xtlvy1s x126k92a\">\n<div><em>A mos po tenton t\u00eb ushtrosh ndikim t\u00eb paligjsh\u00ebm me k\u00ebt\u00eb deklarat\u00eb ndaj atyre q\u00eb po b\u00ebjn\u00eb<\/em><\/div>\n<div><em>hetimin ti, Ervin Hoxha?<\/em><\/div>\n<\/div>\n<div class=\"x11i5rnm xat24cr x1mh8g0r x1vvkbs xtlvy1s x126k92a\">\n<div><em>Nj\u00eb vrasje q\u00eb ndodhi n\u00eb sy t\u00eb Policis\u00eb q\u00eb ti mbron, \u00ebsht\u00eb nj\u00eb vrasje q\u00eb t\u00eb implikon ty n\u00ebse nuk<\/em><\/div>\n<div><em>b\u00ebn kthes\u00eb ligjore p\u00ebr t\u00eb bashk\u00ebpunuar me prokurorin\u00eb dhe nuk b\u00ebn kthes\u00eb publike p\u00ebr t\u2019i<\/em><\/div>\n<div><em>k\u00ebrkuar falje t\u00eb gjith\u00ebve p\u00ebr k\u00ebt\u00eb dezinformim t\u00eb posht\u00ebr. Ata ishin nj\u00eb band\u00eb gjob\u00ebv\u00ebn\u00ebsish q\u00eb<\/em><\/div>\n<div><em>pogradecar\u00ebt kan\u00eb frik\u00eb t\u00eb tregojn\u00eb vet\u00ebm se ti dhe shok\u00ebt e tu i mbroni me k\u00ebto deklarata t\u00eb<\/em><\/div>\n<div><em>ngrohta p\u00ebr ata.<\/em><\/div>\n<div><em>Ty dhe Rrumbullakut q\u00eb mendon se shp\u00ebtoi nga deklarata e dat\u00ebs 14 gusht, duke ikur fare nga<\/em><\/div>\n<div><em>Policia, ju siguroj se t\u00eb gjith\u00eb ata q\u00eb vran\u00eb v\u00ebllan\u00eb tim, kat\u00ebr jan\u00eb n\u00eb burg dhe t\u00eb gjith\u00eb t\u00eb tjer\u00ebt q\u00eb<\/em><\/div>\n<div><em>ndihmuan n\u00eb vrasjen e tij me fshehjen e provave dhe q\u00eb e dhunuan kujtimin e tij pas vdekjes, nuk<\/em><\/div>\n<div><em>do ken\u00eb paqe p\u00ebr sa koh\u00eb un\u00eb jam e gjall\u00eb.<\/em><\/div>\n<div><em>N\u00eb fund, kam nj\u00eb pyetje p\u00ebr ty si njeri e jo si minist\u00ebr. N\u00ebse nj\u00eb njeri shum\u00eb i dashur, do t\u00eb masakrohej n\u00eb nj\u00eb lokal nga kat\u00ebr bandit\u00eb, \u00e7far\u00eb do b\u00ebje, n\u00ebse ata nuk do kapeshin<\/em><\/div>\n<div><em>nga Policia, por do liheshin t\u00eb iknin live nga vendi i krimit?<\/em><\/div>\n<div><em>N\u00ebse ti nuk vendos t\u00eb p\u00ebrgjigjesh, do t\u00eb p\u00ebrgjigjem un\u00eb pa vones\u00eb ligj\u00ebrisht.<\/em><\/div>\n<\/div>\n","protected":false},"excerpt":{"rendered":"<p>18 Janar 2025 Motra e Egli Prog\u00ebs ka reaguar lidhur me deklarat\u00ebn e ministrit t\u00eb Pun\u00ebve t\u00eb Brendshme, Ervin Hoxha i cili nd\u00ebrsa sqaronte ngjarjen e tentativ\u00ebs p\u00ebr vet\u00ebvrasje t\u00eb Azbi Spahiut ka p\u00ebrmendur edhe ngjarjen e r\u00ebnd\u00eb ku Egli Proga u vra n\u00eb mes t\u00eb dit\u00ebs n\u00eb Pogradec. Ai i ka paralelizuar k\u00ebto ngjarje [&hellip;]<\/p>\n","protected":false},"author":9,"featured_media":88542,"comment_status":"open","ping_status":"open","sticky":false,"template":"","format":"standard","meta":{"jetpack_post_was_ever_published":false,"_jetpack_newsletter_access":"","_jetpack_dont_email_post_to_subs":false,"_jetpack_newsletter_tier_id":0,"_jetpack_memberships_contains_paywalled_content":false,"_jetpack_memberships_contains_paid_content":false,"footnotes":"","jetpack_publicize_message":"","jetpack_publicize_feature_enabled":true,"jetpack_social_post_already_shared":true,"jetpack_social_options":{"image_generator_settings":{"template":"highway","default_image_id":0,"font":"","enabled":false},"version":2}},"categories":[27,1,35],"tags":[],"class_list":["post-88541","post","type-post","status-publish","format-standard","has-post-thumbnail","hentry","category-blogu-i-udhetarit","category-njoftime-shtypi","category-shoqerore"],"jetpack_publicize_connections":[],"jetpack_featured_media_url":"https:\/\/i0.wp.com\/www.shqiperia.com\/blog\/wp-content\/uploads\/2025\/01\/Egli-Proga-1.png?fit=762%2C447&ssl=1","jetpack_sharing_enabled":true,"jetpack_shortlink":"https:\/\/wp.me\/p5Z6wp-n25","jetpack-related-posts":[{"id":64414,"url":"https:\/\/www.shqiperia.com\/blog\/artan-hoxha-zbulon-ngjarjen-tronditese-nje-shqiptar-u-vra-ne-nje-resort-luksoz-e-fshehen-ndodhi-ne\/","url_meta":{"origin":88541,"position":0},"title":"Artan Hoxha zbulon ngjarjen trondit\u00ebse: &#8211; Nj\u00eb shqiptar u vra n\u00eb nj\u00eb resort luksoz, e fsheh\u00ebn. Ndodhi n\u00eb&#8230;","author":"Kurt Farka","date":"November 18, 2022","format":false,"excerpt":"18 Nentor 2022 Gazetari Artan Hoxha ka denoncuar ekzekutimin e nj\u00eb shqiptari, ngjarje q\u00eb sipas tij \u00ebsht\u00eb mbajtur e fsheht\u00eb dhe nuk ka pasur asnj\u00eb reagim p\u00ebr t\u00eb. Hoxha tha se ngjarja ka ndodhur n\u00eb nj\u00eb resort luksoz m\u00eb 17 korrik, por Policia e Shtetit nuk ka b\u00ebr\u00eb asnj\u00eb reagim.\u2026","rel":"","context":"In &quot;Blogu i Udh\u00ebtarit&quot;","block_context":{"text":"Blogu i Udh\u00ebtarit","link":"https:\/\/www.shqiperia.com\/blog\/category\/blogu-i-udhetarit\/"},"img":{"alt_text":"","src":"https:\/\/i0.wp.com\/www.shqiperia.com\/blog\/wp-content\/uploads\/2022\/11\/640-0-aa11a7999e11a9225053d4b125a21286.jpg?fit=640%2C336&ssl=1&resize=350%2C200","width":350,"height":200,"srcset":"https:\/\/i0.wp.com\/www.shqiperia.com\/blog\/wp-content\/uploads\/2022\/11\/640-0-aa11a7999e11a9225053d4b125a21286.jpg?fit=640%2C336&ssl=1&resize=350%2C200 1x, https:\/\/i0.wp.com\/www.shqiperia.com\/blog\/wp-content\/uploads\/2022\/11\/640-0-aa11a7999e11a9225053d4b125a21286.jpg?fit=640%2C336&ssl=1&resize=525%2C300 1.5x"},"classes":[]},{"id":91895,"url":"https:\/\/www.shqiperia.com\/blog\/pd-denoncon-ministrin-ervin-hoxha-vangjeli-ministri-i-brendshem-pronari-i-lavazhit-ku-belinda-jepte-10-mije-euro-per-te-lare-makinen\/","url_meta":{"origin":88541,"position":1},"title":"PD denoncon ministrin Ervin Hoxha. &#8211; Vangjeli: &#8211; Ministri i Brendsh\u00ebm pronari i lavazhit ku Belinda jepte 10 mij\u00eb euro p\u00ebr t\u00eb lar\u00eb makin\u00ebn","author":"Kurt Farka","date":"April 27, 2025","format":false,"excerpt":"27 Prill 2025 Z\u00ebdh\u00ebn\u00ebsja e Antikorrupsionit n\u00eb PD, Genta Vangjeli, n\u00eb nj\u00eb deklarat\u00eb p\u00ebr mediat ka reaguar ndaj veprimeve t\u00eb Ministrit t\u00eb Brendsh\u00ebm, Ervin Hoxha, duke e akuzuar at\u00eb p\u00ebr p\u00ebrfshirje n\u00eb veprimtari korruptive dhe p\u00ebr shfryt\u00ebzimin e pozit\u00ebs s\u00eb tij p\u00ebr p\u00ebrfitime personale. Vangjeli theksoi se Hoxha nuk \u00ebsht\u00eb\u2026","rel":"","context":"In &quot;Blogu i Udh\u00ebtarit&quot;","block_context":{"text":"Blogu i Udh\u00ebtarit","link":"https:\/\/www.shqiperia.com\/blog\/category\/blogu-i-udhetarit\/"},"img":{"alt_text":"","src":"https:\/\/i0.wp.com\/www.shqiperia.com\/blog\/wp-content\/uploads\/2025\/04\/Ervin-Hoxha-Belinda-Balluku-lavazhi.jpg?fit=1149%2C649&ssl=1&resize=350%2C200","width":350,"height":200,"srcset":"https:\/\/i0.wp.com\/www.shqiperia.com\/blog\/wp-content\/uploads\/2025\/04\/Ervin-Hoxha-Belinda-Balluku-lavazhi.jpg?fit=1149%2C649&ssl=1&resize=350%2C200 1x, https:\/\/i0.wp.com\/www.shqiperia.com\/blog\/wp-content\/uploads\/2025\/04\/Ervin-Hoxha-Belinda-Balluku-lavazhi.jpg?fit=1149%2C649&ssl=1&resize=525%2C300 1.5x, https:\/\/i0.wp.com\/www.shqiperia.com\/blog\/wp-content\/uploads\/2025\/04\/Ervin-Hoxha-Belinda-Balluku-lavazhi.jpg?fit=1149%2C649&ssl=1&resize=700%2C400 2x, https:\/\/i0.wp.com\/www.shqiperia.com\/blog\/wp-content\/uploads\/2025\/04\/Ervin-Hoxha-Belinda-Balluku-lavazhi.jpg?fit=1149%2C649&ssl=1&resize=1050%2C600 3x"},"classes":[]},{"id":83590,"url":"https:\/\/www.shqiperia.com\/blog\/te-shtenat-me-arme-zjarri-ndaj-efektiveve-ne-malesi-te-madhe-ministri-i-brendshem-kambane-alarmi\/","url_meta":{"origin":88541,"position":2},"title":"T\u00eb sht\u00ebnat me arm\u00eb zjarri ndaj efektiv\u00ebve n\u00eb Mal\u00ebsi t\u00eb Madhe.- Ministri i Brendsh\u00ebm: Kamban\u00eb alarmi!\u00a0","author":"Kurt Farka","date":"August 21, 2024","format":false,"excerpt":"21 Gusht 2024 Ministri i Brendsh\u00ebm Ervin Hoxha ka reaguar n\u00eb lidhje me t\u00eb sht\u00ebnat me arm\u00eb zjarri ndaj punonj\u00ebsve t\u00eb policis\u00eb, gjat\u00eb nj\u00eb operacioni anti-kanabis n\u00eb Mal\u00ebsi t\u00eb Madhe. Hoxha shprehet se p\u00ebrve\u00e7se \u00ebsht\u00eb nj\u00eb kamban\u00eb alarmi, kjo ngjarje i vendos p\u00ebrball\u00eb nj\u00eb detye t\u00eb madhe p\u00ebr t\u00eb ndryshuar\u2026","rel":"","context":"In &quot;Blogu i Udh\u00ebtarit&quot;","block_context":{"text":"Blogu i Udh\u00ebtarit","link":"https:\/\/www.shqiperia.com\/blog\/category\/blogu-i-udhetarit\/"},"img":{"alt_text":"","src":"https:\/\/i0.wp.com\/www.shqiperia.com\/blog\/wp-content\/uploads\/2024\/08\/re74_sd.jpg?fit=1200%2C675&ssl=1&resize=350%2C200","width":350,"height":200,"srcset":"https:\/\/i0.wp.com\/www.shqiperia.com\/blog\/wp-content\/uploads\/2024\/08\/re74_sd.jpg?fit=1200%2C675&ssl=1&resize=350%2C200 1x, https:\/\/i0.wp.com\/www.shqiperia.com\/blog\/wp-content\/uploads\/2024\/08\/re74_sd.jpg?fit=1200%2C675&ssl=1&resize=525%2C300 1.5x, https:\/\/i0.wp.com\/www.shqiperia.com\/blog\/wp-content\/uploads\/2024\/08\/re74_sd.jpg?fit=1200%2C675&ssl=1&resize=700%2C400 2x, https:\/\/i0.wp.com\/www.shqiperia.com\/blog\/wp-content\/uploads\/2024\/08\/re74_sd.jpg?fit=1200%2C675&ssl=1&resize=1050%2C600 3x"},"classes":[]},{"id":7711,"url":"https:\/\/www.shqiperia.com\/blog\/prokuroria-e-krimeve-te-renda-nis-flete-thirrje-kryeministrit-rama\/","url_meta":{"origin":88541,"position":3},"title":"Prokuroria e Krimeve t\u00eb R\u00ebnda nis flet\u00eb thirrje kryeministrit Rama. &#8211;","author":"Kurt Farka","date":"May 21, 2018","format":false,"excerpt":"Prokuroria e Krimeve t\u00eb R\u00ebnda nis flet\u00eb thirrje kryeministrit Rama. -21 Maj, 2018. Gazeta; Koha e Jone. Me dat\u00eb 16 maj 2018 kryeministri Rama i kthyer me urgjenc\u00eb nga takimi me Presidentin francez Macron foli, nd\u00ebr t\u00eb tjera, n\u00eb mbledhjen e grupit parlamentar t\u00eb PS p\u00ebr sulmet ndaj ministrit t\u00eb\u2026","rel":"","context":"In &quot;Njoftime Shtypi&quot;","block_context":{"text":"Njoftime Shtypi","link":"https:\/\/www.shqiperia.com\/blog\/category\/njoftime-shtypi\/"},"img":{"alt_text":"","src":"https:\/\/i0.wp.com\/www.shqiperia.com\/blog\/wp-content\/uploads\/2018\/05\/edi-rama.jpg?fit=640%2C360&ssl=1&resize=350%2C200","width":350,"height":200,"srcset":"https:\/\/i0.wp.com\/www.shqiperia.com\/blog\/wp-content\/uploads\/2018\/05\/edi-rama.jpg?fit=640%2C360&ssl=1&resize=350%2C200 1x, https:\/\/i0.wp.com\/www.shqiperia.com\/blog\/wp-content\/uploads\/2018\/05\/edi-rama.jpg?fit=640%2C360&ssl=1&resize=525%2C300 1.5x"},"classes":[]},{"id":68470,"url":"https:\/\/www.shqiperia.com\/blog\/nje-politikan-i-perfshire-ne-vdekjen-e-kenianes-karamuco-zbulon-detaje-ka-dyshime-per-familjare\/","url_meta":{"origin":88541,"position":4},"title":"Nj\u00eb politikan i p\u00ebrfshir\u00eb n\u00eb vdekjen e kenianes? &#8211; Karamu\u00e7o zbulon detaje: &#8211; Ka dyshime p\u00ebr familjar\u00eb&#8230;","author":"Kurt Farka","date":"February 22, 2023","format":false,"excerpt":"22 Shkurt 2023 Vdekja e kenianes Joy vijon ende t\u00eb jet\u00eb e rrethuar nga misteri, teksa nuk ka asnj\u00eb person t\u00eb ndaluar p\u00ebr ngjarjen. Eksperti i kriminalistik\u00ebs Ervin Karamu\u00e7o, ka zbuluar detaje t\u00eb reja, teksa foli dhe p\u00ebr dyshimet se nj\u00eb politikan \u00ebsht\u00eb i p\u00ebrfshir\u00eb n\u00eb k\u00ebt\u00eb ngjarje. P\u00ebr k\u00ebt\u00eb,\u2026","rel":"","context":"In &quot;Blogu i Udh\u00ebtarit&quot;","block_context":{"text":"Blogu i Udh\u00ebtarit","link":"https:\/\/www.shqiperia.com\/blog\/category\/blogu-i-udhetarit\/"},"img":{"alt_text":"","src":"https:\/\/i0.wp.com\/www.shqiperia.com\/blog\/wp-content\/uploads\/2023\/02\/keniane1-1.jpg?fit=800%2C420&ssl=1&resize=350%2C200","width":350,"height":200,"srcset":"https:\/\/i0.wp.com\/www.shqiperia.com\/blog\/wp-content\/uploads\/2023\/02\/keniane1-1.jpg?fit=800%2C420&ssl=1&resize=350%2C200 1x, https:\/\/i0.wp.com\/www.shqiperia.com\/blog\/wp-content\/uploads\/2023\/02\/keniane1-1.jpg?fit=800%2C420&ssl=1&resize=525%2C300 1.5x, https:\/\/i0.wp.com\/www.shqiperia.com\/blog\/wp-content\/uploads\/2023\/02\/keniane1-1.jpg?fit=800%2C420&ssl=1&resize=700%2C400 2x"},"classes":[]},{"id":7252,"url":"https:\/\/www.shqiperia.com\/blog\/largim-i-saimir-tahirit-nuk-eshte-nje-ngjarje-qe-do-te-kalohet-kollaj\/","url_meta":{"origin":88541,"position":5},"title":"Largim i Saimir Tahirit nuk \u00ebsht\u00eb nj\u00eb ngjarje q\u00eb do t\u00eb kalohet kollaj.-","author":"Kurt Farka","date":"May 8, 2018","format":false,"excerpt":"\u00a0 Largim i Saimir Tahirit nuk \u00ebsht\u00eb nj\u00eb ngjarje q\u00eb do t\u00eb kalohet kollaj, pasi ish Ministri i Brendsh\u00ebm \u00ebsht\u00eb tashm\u00eb nj\u00eb k\u00ebrc\u00ebnim serioz p\u00ebr maxhoranc\u00ebn socialiste. Deklarata \u00ebsht\u00eb b\u00ebr\u00eb nga gazetari i njohur Artan Hoxha, i cili i ftuar n\u00eb emisionin Opinion, \u00ebsht\u00eb shprehur se n\u00ebse Tahiri vendos t\u00eb\u2026","rel":"","context":"In &quot;Blogu i Udh\u00ebtarit&quot;","block_context":{"text":"Blogu i Udh\u00ebtarit","link":"https:\/\/www.shqiperia.com\/blog\/category\/blogu-i-udhetarit\/"},"img":{"alt_text":"","src":"https:\/\/i0.wp.com\/www.shqiperia.com\/blog\/wp-content\/uploads\/2018\/05\/artan-hoxha.jpg?fit=633%2C347&ssl=1&resize=350%2C200","width":350,"height":200,"srcset":"https:\/\/i0.wp.com\/www.shqiperia.com\/blog\/wp-content\/uploads\/2018\/05\/artan-hoxha.jpg?fit=633%2C347&ssl=1&resize=350%2C200 1x, https:\/\/i0.wp.com\/www.shqiperia.com\/blog\/wp-content\/uploads\/2018\/05\/artan-hoxha.jpg?fit=633%2C347&ssl=1&resize=525%2C300 1.5x"},"classes":[]}],"_links":{"self":[{"href":"https:\/\/www.shqiperia.com\/blog\/wp-json\/wp\/v2\/posts\/88541","targetHints":{"allow":["GET"]}}],"collection":[{"href":"https:\/\/www.shqiperia.com\/blog\/wp-json\/wp\/v2\/posts"}],"about":[{"href":"https:\/\/www.shqiperia.com\/blog\/wp-json\/wp\/v2\/types\/post"}],"author":[{"embeddable":true,"href":"https:\/\/www.shqiperia.com\/blog\/wp-json\/wp\/v2\/users\/9"}],"replies":[{"embeddable":true,"href":"https:\/\/www.shqiperia.com\/blog\/wp-json\/wp\/v2\/comments?post=88541"}],"version-history":[{"count":1,"href":"https:\/\/www.shqiperia.com\/blog\/wp-json\/wp\/v2\/posts\/88541\/revisions"}],"predecessor-version":[{"id":88543,"href":"https:\/\/www.shqiperia.com\/blog\/wp-json\/wp\/v2\/posts\/88541\/revisions\/88543"}],"wp:featuredmedia":[{"embeddable":true,"href":"https:\/\/www.shqiperia.com\/blog\/wp-json\/wp\/v2\/media\/88542"}],"wp:attachment":[{"href":"https:\/\/www.shqiperia.com\/blog\/wp-json\/wp\/v2\/media?parent=88541"}],"wp:term":[{"taxonomy":"category","embeddable":true,"href":"https:\/\/www.shqiperia.com\/blog\/wp-json\/wp\/v2\/categories?post=88541"},{"taxonomy":"post_tag","embeddable":true,"href":"https:\/\/www.shqiperia.com\/blog\/wp-json\/wp\/v2\/tags?post=88541"}],"curies":[{"name":"wp","href":"https:\/\/api.w.org\/{rel}","templated":true}]}}