{"id":88536,"date":"2025-01-18T07:21:51","date_gmt":"2025-01-18T07:21:51","guid":{"rendered":"https:\/\/www.shqiperia.com\/blog\/?p=88536"},"modified":"2025-01-18T07:24:01","modified_gmt":"2025-01-18T07:24:01","slug":"ja-cfare-do-te-ndodhe-me-edi-ramen-sipas-kokalarit-dosjet-me-aferat-ne-spak-pritet-te-fundosin-kryeministrin","status":"publish","type":"post","link":"https:\/\/www.shqiperia.com\/blog\/ja-cfare-do-te-ndodhe-me-edi-ramen-sipas-kokalarit-dosjet-me-aferat-ne-spak-pritet-te-fundosin-kryeministrin\/","title":{"rendered":""},"content":{"rendered":"<p><img data-recalc-dims=\"1\" loading=\"lazy\" decoding=\"async\" data-attachment-id=\"88537\" data-permalink=\"https:\/\/www.shqiperia.com\/blog\/ja-cfare-do-te-ndodhe-me-edi-ramen-sipas-kokalarit-dosjet-me-aferat-ne-spak-pritet-te-fundosin-kryeministrin\/900-0-1704531432xedi-rama-71686243910-270-3\/\" data-orig-file=\"https:\/\/i0.wp.com\/www.shqiperia.com\/blog\/wp-content\/uploads\/2025\/01\/900-0-1704531432xedi-rama-71686243910-270-1.webp?fit=900%2C600&amp;ssl=1\" data-orig-size=\"900,600\" data-comments-opened=\"1\" data-image-meta=\"{&quot;aperture&quot;:&quot;0&quot;,&quot;credit&quot;:&quot;&quot;,&quot;camera&quot;:&quot;&quot;,&quot;caption&quot;:&quot;&quot;,&quot;created_timestamp&quot;:&quot;0&quot;,&quot;copyright&quot;:&quot;&quot;,&quot;focal_length&quot;:&quot;0&quot;,&quot;iso&quot;:&quot;0&quot;,&quot;shutter_speed&quot;:&quot;0&quot;,&quot;title&quot;:&quot;&quot;,&quot;orientation&quot;:&quot;0&quot;}\" data-image-title=\"-900-0-1704531432xedi-rama-71686243910-270\" data-image-description=\"\" data-image-caption=\"\" data-medium-file=\"https:\/\/i0.wp.com\/www.shqiperia.com\/blog\/wp-content\/uploads\/2025\/01\/900-0-1704531432xedi-rama-71686243910-270-1.webp?fit=300%2C200&amp;ssl=1\" data-large-file=\"https:\/\/i0.wp.com\/www.shqiperia.com\/blog\/wp-content\/uploads\/2025\/01\/900-0-1704531432xedi-rama-71686243910-270-1.webp?fit=900%2C600&amp;ssl=1\" class=\"alignnone wp-image-88537\" alt=\"\" src=\"https:\/\/i0.wp.com\/www.shqiperia.com\/blog\/wp-content\/uploads\/2025\/01\/900-0-1704531432xedi-rama-71686243910-270-1.webp?resize=713%2C475&#038;ssl=1\" width=\"713\" height=\"475\" srcset=\"https:\/\/i0.wp.com\/www.shqiperia.com\/blog\/wp-content\/uploads\/2025\/01\/900-0-1704531432xedi-rama-71686243910-270-1.webp?resize=300%2C200&amp;ssl=1 300w, https:\/\/i0.wp.com\/www.shqiperia.com\/blog\/wp-content\/uploads\/2025\/01\/900-0-1704531432xedi-rama-71686243910-270-1.webp?resize=768%2C512&amp;ssl=1 768w, https:\/\/i0.wp.com\/www.shqiperia.com\/blog\/wp-content\/uploads\/2025\/01\/900-0-1704531432xedi-rama-71686243910-270-1.webp?resize=600%2C400&amp;ssl=1 600w, https:\/\/i0.wp.com\/www.shqiperia.com\/blog\/wp-content\/uploads\/2025\/01\/900-0-1704531432xedi-rama-71686243910-270-1.webp?resize=450%2C300&amp;ssl=1 450w, https:\/\/i0.wp.com\/www.shqiperia.com\/blog\/wp-content\/uploads\/2025\/01\/900-0-1704531432xedi-rama-71686243910-270-1.webp?resize=400%2C267&amp;ssl=1 400w, https:\/\/i0.wp.com\/www.shqiperia.com\/blog\/wp-content\/uploads\/2025\/01\/900-0-1704531432xedi-rama-71686243910-270-1.webp?w=900&amp;ssl=1 900w\" sizes=\"auto, (max-width: 713px) 100vw, 713px\" \/><\/p>\n<p>18 Janar 2025<\/p>\n<p>Aktivistja e njohur, Evi Kokalari, e cila jeton n\u00eb Shtetet e Bashkuara t\u00eb Amerik\u00ebs paralajm\u00ebron lajme \u201cbombastike\u201d nga drejt\u00ebsia p\u00ebr Edi Ram\u00ebn. N\u00eb nj\u00eb reagim n\u00eb rrjetin e saj social \u201cFacebook\u201d, ajo zbulon se do t\u00eb b\u00ebj\u00eb kall\u00ebzim zyrtar n\u00eb Prokurorin\u00eb e Posa\u00e7me p\u00ebr kryeministrin p\u00ebr afer\u00ebn e ishullit t\u00eb Sazanit. Sipas Kokalarit, kjo \u00ebsht\u00eb vjedhje e hapur e territorit shqiptar dhe premtimi i saj \u00ebsht\u00eb se Rama do t\u00eb p\u00ebrfundoj\u00eb pas hekurave.<\/p>\n<p>\u201cSi\u00e7 e kam th\u00ebn\u00eb m\u00eb par\u00eb, do b\u00ebj kall\u00ebzim zyrtar n\u00eb SPAK p\u00ebr aprovimin e ishullin t\u00eb Sazanit. Kjo \u00ebsht\u00eb vjedhje e hapur e territorit shqiptar dhe ju premtoj, Edi Rama do p\u00ebrfundoj n\u00eb arrest p\u00ebr k\u00ebt\u00eb korrupsion te past\u00ebr\u201d, u shpreh Kokalari. Kujtojm\u00eb se k\u00ebt\u00eb kall\u00ebzim penal Kokalari e paralajm\u00ebroi para disa jav\u00ebsh, ku tha se n\u00ebse Rama firmos p\u00ebr k\u00ebt\u00eb ishull dhe k\u00ebt\u00eb projekt, personalisht do t\u00eb b\u00ebj\u00eb kall\u00ebzim penal. \u201cKam provuar \u00e7do metod\u00eb p\u00ebr t\u00eb ndaluar afer\u00ebn korruptive t\u00eb ishullit t\u00eb Sazanit, dhe me t\u00eb drejt\u00eb, nuk dua q\u00eb Edi Rama t\u00eb abuzoj\u00eb me pron\u00ebn shtet\u00ebrore p\u00ebr blerje favoresh politike. Si e till\u00eb, po them publikisht q\u00eb: N\u00ebse Edi Rama firmos p\u00ebr k\u00ebt\u00eb ishull dhe k\u00ebt\u00eb projekt, Jared Kushnerit apo kujtdo tjet\u00ebr t\u00eb lidhur direkt apo indirekt me t\u00eb, personalisht do t\u00eb b\u00ebj kall\u00ebzim n\u00eb SPAK p\u00ebr Edi Ram\u00ebn dhe qeverin\u00eb e tij.<\/p>\n<p>ashm\u00eb, jam n\u00eb gjendje t\u00eb provoj me fakte q\u00eb ky proces nuk ka qen\u00eb aspak transparent dhe k\u00ebtu ka shp\u00ebrdorim dhe abuzim total t\u00eb pushtetit. Si kujtes\u00eb, Senati Amerikan po investigon t\u00eb nj\u00ebjt\u00ebn afer\u00eb dhe ja u garantoj, SPAK do t\u00eb b\u00ebj\u00eb detyr\u00ebn e saj nj\u00ebsoj si Senati, n\u00ebse b\u00ebhet kall\u00ebzim dhe i bashk\u00ebngjiten faktet e duhura. Publikisht i k\u00ebrkoj Edi Ram\u00ebs t\u00eb mos e aprovoj\u00eb k\u00ebt\u00eb investim. Sazani ka nj\u00eb pozicion super strategjik dhe mbart shum\u00eb histori p\u00ebr popullin ton\u00eb. Do t\u00eb ishte nj\u00eb nga m\u00ebkatet m\u00eb t\u00eb m\u00ebdha t\u00eb abuzohet me k\u00ebt\u00eb ishull, sidomos p\u00ebr p\u00ebrfitimet momentale t\u00eb nj\u00eb qeverie t\u00eb caktuar\u201d, tha Kokalari.<\/p>\n<p><strong>Vendimi i Ram\u00ebs<\/strong><\/p>\n<p>Rama e firmosi dhe tashm\u00eb Kokalari paralajm\u00ebron kall\u00ebzim penal n\u00eb SPAK. Gazeta raportoi nj\u00eb dit\u00eb m\u00eb par\u00eb se n\u00eb prag t\u00eb inaugurimit t\u00eb presidentit t\u00eb zgjedhur t\u00eb Shteteve t\u00eb Bashkuara, Donald Trump, kryeministri Edi Rama i dhuroi statusin e investitorit strategjik kompanis\u00eb s\u00eb lidhur me dh\u00ebndrin e tij, Jared Kushner p\u00ebr nd\u00ebrtimin e nj\u00eb resorti luksoz n\u00eb ishullin e Sazanit. Vendimi u mor nga Komiteti i Investimeve Strategjike, KIS, i drejtuar nga kryeministri Edi Rama m\u00eb 30 dhjetor, duke pranuar propozimin e kompanis\u00eb Atlantic Incubation Partners LLC dhe t\u2019i jap\u00eb asaj status t\u00eb investitorit strategjik me procedur\u00eb t\u00eb ve\u00e7ant\u00eb.<\/p>\n<p>Sipas vendimit t\u00eb KIS, n\u00eb ishull parashikohet nj\u00eb investim prej 1.4 miliard\u00eb eurosh dhe nd\u00ebrtimi parashikohet t\u00eb shtrihet n\u00eb 8 p\u00ebr qind t\u00eb ishullit ose 45 hektar\u00eb. \u201cVlera e investimit t\u00eb projektit turistik \u201cResorti Turistik \u2013 Ishulli i Sazanit\u201d i plot\u00ebson kriteret e parashikuara nga legjislacioni p\u00ebr investimet strategjike dhe parashikohet t\u00eb jet\u00eb 1.4 miliard\u00eb Euro\u201d, thuhet n\u00eb vendimin e KIS. Me miratimin e statusit, kompania e lidhur me Jared Kushner, dh\u00ebndri i Presidentit t\u00eb zgjedhur t\u00eb SHBA, Donald Trump, do duhet t\u00eb negocioj\u00eb nj\u00eb kontrat\u00eb me kompanin\u00eb publike Korporata e Investimeve Strategjike, nd\u00ebrsa nj\u00eb s\u00ebr\u00eb institucionesh shtet\u00ebrore, p\u00ebrfshi ministrit\u00eb e Infrastruktur\u00ebs, Mbrojtjes, Mjedisit, Ekonomis\u00eb vihen n\u00eb dispozicion t\u00eb kompanis\u00eb p\u00ebr t\u00eb transferuar pron\u00ebn dhe p\u00ebrgatitur dokumentacionin p\u00ebr leht\u00ebsim t\u00eb punimeve.<\/p>\n<p>Planet p\u00ebr nd\u00ebrtimin e nj\u00eb resorti turistik luksoz n\u00eb Sazan dhe nj\u00eb tjetri n\u00eb Zv\u00ebrnec nga Kushner dhe kompanit\u00eb e lidhura me t\u00eb, u b\u00ebn\u00eb publike n\u00eb fillim t\u00eb vitit q\u00eb shkoi dhe kryeministri Edi Rama foli hapur n\u00eb favor t\u00eb tyre nd\u00ebrsa i tha Nju Jork Times se interesimi i kompanis\u00eb s\u00eb Kushner e b\u00ebnte at\u00eb \u201ckrenar dhe t\u00eb lumtur\u201d. Projektet financohen nga kompania e investimeve e Kushner Affinity Partners, e cila mb\u00ebshtetet n\u00eb fonde nga qeveria e Arabis\u00eb Saudite. Planet dhe aprovimi apriori i qeveris\u00eb shqiptare u kritikuan nga opozita se po b\u00ebheshin p\u00ebr t\u00eb p\u00ebrfituar favore politike n\u00eb rast t\u00eb rizgjedhjes s\u00eb Trump n\u00eb krye t\u00eb Sht\u00ebpis\u00eb s\u00eb Bardh\u00eb dhe munges\u00ebs s\u00eb transparenc\u00ebs e gar\u00ebs.<\/p>\n<p>Gazeta Sot<\/p>\n","protected":false},"excerpt":{"rendered":"<p>18 Janar 2025 Aktivistja e njohur, Evi Kokalari, e cila jeton n\u00eb Shtetet e Bashkuara t\u00eb Amerik\u00ebs paralajm\u00ebron lajme \u201cbombastike\u201d nga drejt\u00ebsia p\u00ebr Edi Ram\u00ebn. N\u00eb nj\u00eb reagim n\u00eb rrjetin e saj social \u201cFacebook\u201d, ajo zbulon se do t\u00eb b\u00ebj\u00eb kall\u00ebzim zyrtar n\u00eb Prokurorin\u00eb e Posa\u00e7me p\u00ebr kryeministrin p\u00ebr afer\u00ebn e ishullit t\u00eb Sazanit. Sipas [&hellip;]<\/p>\n","protected":false},"author":9,"featured_media":88537,"comment_status":"open","ping_status":"open","sticky":false,"template":"","format":"standard","meta":{"jetpack_post_was_ever_published":false,"_jetpack_newsletter_access":"","_jetpack_dont_email_post_to_subs":false,"_jetpack_newsletter_tier_id":0,"_jetpack_memberships_contains_paywalled_content":false,"_jetpack_memberships_contains_paid_content":false,"footnotes":"","jetpack_publicize_message":"","jetpack_publicize_feature_enabled":true,"jetpack_social_post_already_shared":true,"jetpack_social_options":{"image_generator_settings":{"template":"highway","default_image_id":0,"font":"","enabled":false},"version":2}},"categories":[27,2],"tags":[],"class_list":["post-88536","post","type-post","status-publish","format-standard","has-post-thumbnail","hentry","category-blogu-i-udhetarit","category-politika"],"jetpack_publicize_connections":[],"jetpack_featured_media_url":"https:\/\/i0.wp.com\/www.shqiperia.com\/blog\/wp-content\/uploads\/2025\/01\/900-0-1704531432xedi-rama-71686243910-270-1.webp?fit=900%2C600&ssl=1","jetpack_sharing_enabled":true,"jetpack_shortlink":"https:\/\/wp.me\/p5Z6wp-n20","jetpack-related-posts":[{"id":93099,"url":"https:\/\/www.shqiperia.com\/blog\/evi-kokalari-dekonspiron-edi-ramen-kush-eshte-miku-personal-qe-kryente-transaksione-financiare-ne-shba-ne-emrin-e\/","url_meta":{"origin":88536,"position":0},"title":"Evi Kokalari dekonspiron Edi Ram\u00ebn, kush \u00ebsht\u00eb miku personal q\u00eb kryente transaksione financiare n\u00eb SHBA n\u00eb emrin e\u2026  Nd\u00ebrkoh\u00eb q\u00eb ti (E. Rama) b\u00ebn plane k\u00eb do t\u00eb instalosh femr\u00ebn e par\u00eb kryeministre, \u2026","author":"Kurt Farka","date":"August 20, 2025","format":false,"excerpt":"20 Gusht 2025 .. Nd\u00ebrkoh\u00eb q\u00eb ti (E, Rama) b\u00ebn plane k\u00eb do t\u00eb instalosh si femr\u00ebn e par\u00eb kryeministre, ... Aktivistja e njohur shqiptaro-amerikane, Evi Kokalari, ka hedhur akuza t\u00eb forta dhe t\u00eb hapura ndaj kryeministrit Edi Rama, nd\u00ebrsa paralajm\u00ebron telashe t\u00eb m\u00ebdha p\u00ebr shefin e qeveris\u00eb dhe p\u00ebr\u2026","rel":"","context":"In &quot;Blogu i Udh\u00ebtarit&quot;","block_context":{"text":"Blogu i Udh\u00ebtarit","link":"https:\/\/www.shqiperia.com\/blog\/category\/blogu-i-udhetarit\/"},"img":{"alt_text":"","src":"https:\/\/i0.wp.com\/www.shqiperia.com\/blog\/wp-content\/uploads\/2025\/08\/Capture-423-864x570-1.jpg?fit=864%2C570&ssl=1&resize=350%2C200","width":350,"height":200,"srcset":"https:\/\/i0.wp.com\/www.shqiperia.com\/blog\/wp-content\/uploads\/2025\/08\/Capture-423-864x570-1.jpg?fit=864%2C570&ssl=1&resize=350%2C200 1x, https:\/\/i0.wp.com\/www.shqiperia.com\/blog\/wp-content\/uploads\/2025\/08\/Capture-423-864x570-1.jpg?fit=864%2C570&ssl=1&resize=525%2C300 1.5x, https:\/\/i0.wp.com\/www.shqiperia.com\/blog\/wp-content\/uploads\/2025\/08\/Capture-423-864x570-1.jpg?fit=864%2C570&ssl=1&resize=700%2C400 2x"},"classes":[]},{"id":67477,"url":"https:\/\/www.shqiperia.com\/blog\/cfare-eshte-aplikacioni-ku-flisnin-rama-mcgonigal-evi-kokalari-zbardh-detajet-perdoret-nga-cia\/","url_meta":{"origin":88536,"position":1},"title":"\u00c7far\u00eb \u00ebsht\u00eb aplikacioni ku flisnin Rama-McGonigal? &#8211; Evi Kokalari zbardh detajet: P\u00ebrdoret nga CIA","author":"Kurt Farka","date":"February 6, 2023","format":false,"excerpt":"6 Shkurt 2023 Allison Guerriero, ish-e dashura e Charles McGonigal, zbuloi gjat\u00eb nj\u00eb interviste p\u00ebr emisionin Revie\u00eb n\u00eb Eurone\u00ebs Albania, se kryeministri Rama dhe ish-agjenti i FBI-s\u00eb komunikonin n\u00eb nj\u00eb aplikacion t\u00eb pagjurmuesh\u00ebm q\u00eb quhet \u201cViasat\u201d. E ftuar n\u00eb emision, aktivistja Evi Kokalari tha se \u201cViasat\u201d \u00ebsht\u00eb nj\u00eb aplikacion q\u00eb\u2026","rel":"","context":"In &quot;Blogu i Udh\u00ebtarit&quot;","block_context":{"text":"Blogu i Udh\u00ebtarit","link":"https:\/\/www.shqiperia.com\/blog\/category\/blogu-i-udhetarit\/"},"img":{"alt_text":"","src":"https:\/\/i0.wp.com\/www.shqiperia.com\/blog\/wp-content\/uploads\/2023\/02\/800-0-63e01abb69d50.jpg?fit=800%2C445&ssl=1&resize=350%2C200","width":350,"height":200,"srcset":"https:\/\/i0.wp.com\/www.shqiperia.com\/blog\/wp-content\/uploads\/2023\/02\/800-0-63e01abb69d50.jpg?fit=800%2C445&ssl=1&resize=350%2C200 1x, https:\/\/i0.wp.com\/www.shqiperia.com\/blog\/wp-content\/uploads\/2023\/02\/800-0-63e01abb69d50.jpg?fit=800%2C445&ssl=1&resize=525%2C300 1.5x, https:\/\/i0.wp.com\/www.shqiperia.com\/blog\/wp-content\/uploads\/2023\/02\/800-0-63e01abb69d50.jpg?fit=800%2C445&ssl=1&resize=700%2C400 2x"},"classes":[]},{"id":91742,"url":"https:\/\/www.shqiperia.com\/blog\/kthjellu-me-sonila-mecon-dhe-brisida-shehaj-deklarata-shokuese-e-rames-heshtja-olimpike-pllakos-grate-e-rilindjes-dhe-institucionet\/","url_meta":{"origin":88536,"position":2},"title":"&#8216;Kthjellu&#8217; me Sonila Me\u00e7on dhe Brisida Shehaj: &#8211; Deklarata shokuese e Ram\u00ebs, heshtja olimpike pllakos grat\u00eb e rilindjes dhe institucionet","author":"Kurt Farka","date":"April 21, 2025","format":false,"excerpt":"21 Prill 2025 Deklarata e kryeministrit Edi Rama, i cili u k\u00ebrkoi f\u00ebmij\u00ebve t\u00eb shikonin n\u00eb internet foton e tij nudo, ka shkaktuar reagime t\u00eb forta dit\u00ebn e sotme n\u00eb sfer\u00ebn politike n\u00eb vend. N\u00eb podcastin \u201cKthjellu\u201d n\u00eb SYRI TV, Sonila Me\u00e7o dhe Brisida Shehaj e cil\u00ebsuan k\u00ebt\u00eb deklarat\u00eb t\u00eb\u2026","rel":"","context":"In &quot;Blogu i Udh\u00ebtarit&quot;","block_context":{"text":"Blogu i Udh\u00ebtarit","link":"https:\/\/www.shqiperia.com\/blog\/category\/blogu-i-udhetarit\/"},"img":{"alt_text":"","src":"https:\/\/i0.wp.com\/www.shqiperia.com\/blog\/wp-content\/uploads\/2025\/04\/11505173648774182003-1.jpg?fit=900%2C469&ssl=1&resize=350%2C200","width":350,"height":200,"srcset":"https:\/\/i0.wp.com\/www.shqiperia.com\/blog\/wp-content\/uploads\/2025\/04\/11505173648774182003-1.jpg?fit=900%2C469&ssl=1&resize=350%2C200 1x, https:\/\/i0.wp.com\/www.shqiperia.com\/blog\/wp-content\/uploads\/2025\/04\/11505173648774182003-1.jpg?fit=900%2C469&ssl=1&resize=525%2C300 1.5x, https:\/\/i0.wp.com\/www.shqiperia.com\/blog\/wp-content\/uploads\/2025\/04\/11505173648774182003-1.jpg?fit=900%2C469&ssl=1&resize=700%2C400 2x"},"classes":[]},{"id":51233,"url":"https:\/\/www.shqiperia.com\/blog\/evi-kokalari-nuk-eshte-fan-noli-sher-mes-analistit-te-njohur-dhe-clirim-gjates-rama-e-ka-frike-debatin-me-berishen\/","url_meta":{"origin":88536,"position":3},"title":"\u201cEvi Kokalari nuk \u00ebsht\u00eb Fan Noli\u201d. \u2013 Sher mes analistit t\u00eb njohur dhe \u00c7lirim Gjat\u00ebs: Rama e ka frik\u00eb debatin me Berish\u00ebn!","author":"Kurt Farka","date":"November 10, 2021","format":false,"excerpt":"\u201cEvi Kokalari nuk \u00ebsht\u00eb Fan Noli\u201d. \u2013 Sher mes analistit t\u00eb njohur dhe \u00c7lirim Gjat\u00ebs: Rama e ka frik\u00eb debatin me Berish\u00ebn! 10 N\u00cbNTOR 2021 Ish-sekretari ligjor demokrat \u00c7lirim Gjata dhe analisti t\u00eb njohur Roland Qafoku diskutuan sot n\u00eb emisionin \u2018Breaking\u2019 p\u00ebr p\u00ebrplasjet mes Bash\u00ebs dhe Berish\u00ebs. P\u00ebr Qafoku fakti\u2026","rel":"","context":"In &quot;Blogu i Udh\u00ebtarit&quot;","block_context":{"text":"Blogu i Udh\u00ebtarit","link":"https:\/\/www.shqiperia.com\/blog\/category\/blogu-i-udhetarit\/"},"img":{"alt_text":"","src":"https:\/\/i0.wp.com\/www.shqiperia.com\/blog\/wp-content\/uploads\/2021\/11\/800-0-618ba0522224b.jpg?fit=607%2C328&ssl=1&resize=350%2C200","width":350,"height":200,"srcset":"https:\/\/i0.wp.com\/www.shqiperia.com\/blog\/wp-content\/uploads\/2021\/11\/800-0-618ba0522224b.jpg?fit=607%2C328&ssl=1&resize=350%2C200 1x, https:\/\/i0.wp.com\/www.shqiperia.com\/blog\/wp-content\/uploads\/2021\/11\/800-0-618ba0522224b.jpg?fit=607%2C328&ssl=1&resize=525%2C300 1.5x"},"classes":[]},{"id":98027,"url":"https:\/\/www.shqiperia.com\/blog\/plas-sherri-tek-ministria-e-ekonomise-tentativa-per-manipulim-te-ankandit-te-marines-ne-porto-palermo-zarfet-e\/","url_meta":{"origin":88536,"position":4},"title":"Plas sherri tek Ministria e Ekonomis\u00eb, tentativa p\u00ebr manipulim t\u00eb ankandit t\u00eb Marin\u00ebs n\u00eb Porto Palermo, zarfet e\u2026","author":"Kurt Farka","date":"February 27, 2026","format":false,"excerpt":"27 Shkurt 2026 Nj\u00eb konflikt fizik \u00ebsht\u00eb regjistruar dit\u00ebn e mart\u00eb n\u00eb ambientet e Ministria e Ekonomis\u00eb dhe Inovacionit, lidhur me procedur\u00ebn e ankandit p\u00ebr objektet e Marin\u00ebs n\u00eb Porto Palermo, n\u00eb Bashkia Himar\u00eb. Sipas njoftimit t\u00eb b\u00ebr\u00eb nga punonj\u00ebs t\u00eb ministris\u00eb q\u00eb kan\u00eb qen\u00eb d\u00ebshmitar\u00eb t\u00eb situat\u00ebs, nj\u00eb biznesmen\u2026","rel":"","context":"In &quot;Blogu i Udh\u00ebtarit&quot;","block_context":{"text":"Blogu i Udh\u00ebtarit","link":"https:\/\/www.shqiperia.com\/blog\/category\/blogu-i-udhetarit\/"},"img":{"alt_text":"","src":"https:\/\/i0.wp.com\/www.shqiperia.com\/blog\/wp-content\/uploads\/2026\/02\/foto-9-11.jpg?fit=880%2C550&ssl=1&resize=350%2C200","width":350,"height":200,"srcset":"https:\/\/i0.wp.com\/www.shqiperia.com\/blog\/wp-content\/uploads\/2026\/02\/foto-9-11.jpg?fit=880%2C550&ssl=1&resize=350%2C200 1x, https:\/\/i0.wp.com\/www.shqiperia.com\/blog\/wp-content\/uploads\/2026\/02\/foto-9-11.jpg?fit=880%2C550&ssl=1&resize=525%2C300 1.5x, https:\/\/i0.wp.com\/www.shqiperia.com\/blog\/wp-content\/uploads\/2026\/02\/foto-9-11.jpg?fit=880%2C550&ssl=1&resize=700%2C400 2x"},"classes":[]},{"id":63803,"url":"https:\/\/www.shqiperia.com\/blog\/evi-kokalari-perleshet-me-kandidatet-e-primareve\/","url_meta":{"origin":88536,"position":5},"title":"Evi Kokalari \u201cp\u00ebrleshet\u201d me kandidat\u00ebt e Primareve","author":"Kurt Farka","date":"November 1, 2022","format":false,"excerpt":"31 Tetor 2022 Evi Kokalari tashm\u00eb po vazhdon misionin e saj, si nj\u00eb sh\u00ebrbim pa asnj\u00eb diskutim ndaj Erion Veliaj Nuk mund t\u00eb ndodhte ndryshe, nuk kishte si t\u00eb mos shikonim, q\u00eb konservatorja, e cila ka premtuar se \u00ebsht\u00eb t\u00ebrhequr nga politika n\u00eb Shqip\u00ebri, dhe do t\u00eb shoh\u00eb pun\u00ebt dhe\u2026","rel":"","context":"In &quot;Blogu i Udh\u00ebtarit&quot;","block_context":{"text":"Blogu i Udh\u00ebtarit","link":"https:\/\/www.shqiperia.com\/blog\/category\/blogu-i-udhetarit\/"},"img":{"alt_text":"","src":"https:\/\/i0.wp.com\/www.shqiperia.com\/blog\/wp-content\/uploads\/2022\/11\/Evi-Kokalari.jpg?fit=640%2C393&ssl=1&resize=350%2C200","width":350,"height":200,"srcset":"https:\/\/i0.wp.com\/www.shqiperia.com\/blog\/wp-content\/uploads\/2022\/11\/Evi-Kokalari.jpg?fit=640%2C393&ssl=1&resize=350%2C200 1x, https:\/\/i0.wp.com\/www.shqiperia.com\/blog\/wp-content\/uploads\/2022\/11\/Evi-Kokalari.jpg?fit=640%2C393&ssl=1&resize=525%2C300 1.5x"},"classes":[]}],"_links":{"self":[{"href":"https:\/\/www.shqiperia.com\/blog\/wp-json\/wp\/v2\/posts\/88536","targetHints":{"allow":["GET"]}}],"collection":[{"href":"https:\/\/www.shqiperia.com\/blog\/wp-json\/wp\/v2\/posts"}],"about":[{"href":"https:\/\/www.shqiperia.com\/blog\/wp-json\/wp\/v2\/types\/post"}],"author":[{"embeddable":true,"href":"https:\/\/www.shqiperia.com\/blog\/wp-json\/wp\/v2\/users\/9"}],"replies":[{"embeddable":true,"href":"https:\/\/www.shqiperia.com\/blog\/wp-json\/wp\/v2\/comments?post=88536"}],"version-history":[{"count":3,"href":"https:\/\/www.shqiperia.com\/blog\/wp-json\/wp\/v2\/posts\/88536\/revisions"}],"predecessor-version":[{"id":88540,"href":"https:\/\/www.shqiperia.com\/blog\/wp-json\/wp\/v2\/posts\/88536\/revisions\/88540"}],"wp:featuredmedia":[{"embeddable":true,"href":"https:\/\/www.shqiperia.com\/blog\/wp-json\/wp\/v2\/media\/88537"}],"wp:attachment":[{"href":"https:\/\/www.shqiperia.com\/blog\/wp-json\/wp\/v2\/media?parent=88536"}],"wp:term":[{"taxonomy":"category","embeddable":true,"href":"https:\/\/www.shqiperia.com\/blog\/wp-json\/wp\/v2\/categories?post=88536"},{"taxonomy":"post_tag","embeddable":true,"href":"https:\/\/www.shqiperia.com\/blog\/wp-json\/wp\/v2\/tags?post=88536"}],"curies":[{"name":"wp","href":"https:\/\/api.w.org\/{rel}","templated":true}]}}