{"id":88529,"date":"2025-01-18T06:10:32","date_gmt":"2025-01-18T06:10:32","guid":{"rendered":"https:\/\/www.shqiperia.com\/blog\/?p=88529"},"modified":"2025-01-18T06:10:32","modified_gmt":"2025-01-18T06:10:32","slug":"sazani-ka-pasur-vetem-ferra-dhe-gjarperinj-deputetja-e-ps-komenton-investimin-e-dhendrit-te-trump-ne-ishull","status":"publish","type":"post","link":"https:\/\/www.shqiperia.com\/blog\/sazani-ka-pasur-vetem-ferra-dhe-gjarperinj-deputetja-e-ps-komenton-investimin-e-dhendrit-te-trump-ne-ishull\/","title":{"rendered":"\u201cSazani ka pasur vet\u00ebm ferra dhe gjarp\u00ebrinj\u201d- Deputetja e PS komenton investimin e dh\u00ebndrit t\u00eb Trump n\u00eb ishull"},"content":{"rendered":"<p><img data-recalc-dims=\"1\" loading=\"lazy\" decoding=\"async\" data-attachment-id=\"88530\" data-permalink=\"https:\/\/www.shqiperia.com\/blog\/sazani-ka-pasur-vetem-ferra-dhe-gjarperinj-deputetja-e-ps-komenton-investimin-e-dhendrit-te-trump-ne-ishull\/kodheli\/\" data-orig-file=\"https:\/\/i0.wp.com\/www.shqiperia.com\/blog\/wp-content\/uploads\/2025\/01\/kodheli.jpg?fit=940%2C554&amp;ssl=1\" data-orig-size=\"940,554\" data-comments-opened=\"1\" data-image-meta=\"{&quot;aperture&quot;:&quot;0&quot;,&quot;credit&quot;:&quot;Panorama Live&quot;,&quot;camera&quot;:&quot;&quot;,&quot;caption&quot;:&quot;&quot;,&quot;created_timestamp&quot;:&quot;1737152363&quot;,&quot;copyright&quot;:&quot;&quot;,&quot;focal_length&quot;:&quot;0&quot;,&quot;iso&quot;:&quot;0&quot;,&quot;shutter_speed&quot;:&quot;0&quot;,&quot;title&quot;:&quot;&quot;,&quot;orientation&quot;:&quot;0&quot;}\" data-image-title=\"kodheli\" data-image-description=\"\" data-image-caption=\"\" data-medium-file=\"https:\/\/i0.wp.com\/www.shqiperia.com\/blog\/wp-content\/uploads\/2025\/01\/kodheli.jpg?fit=300%2C177&amp;ssl=1\" data-large-file=\"https:\/\/i0.wp.com\/www.shqiperia.com\/blog\/wp-content\/uploads\/2025\/01\/kodheli.jpg?fit=940%2C554&amp;ssl=1\" class=\"alignnone  wp-image-88530\" alt=\"\" src=\"https:\/\/i0.wp.com\/www.shqiperia.com\/blog\/wp-content\/uploads\/2025\/01\/kodheli.jpg?resize=676%2C399&#038;ssl=1\" width=\"676\" height=\"399\" srcset=\"https:\/\/i0.wp.com\/www.shqiperia.com\/blog\/wp-content\/uploads\/2025\/01\/kodheli.jpg?resize=300%2C177&amp;ssl=1 300w, https:\/\/i0.wp.com\/www.shqiperia.com\/blog\/wp-content\/uploads\/2025\/01\/kodheli.jpg?resize=768%2C453&amp;ssl=1 768w, https:\/\/i0.wp.com\/www.shqiperia.com\/blog\/wp-content\/uploads\/2025\/01\/kodheli.jpg?resize=450%2C265&amp;ssl=1 450w, https:\/\/i0.wp.com\/www.shqiperia.com\/blog\/wp-content\/uploads\/2025\/01\/kodheli.jpg?resize=600%2C354&amp;ssl=1 600w, https:\/\/i0.wp.com\/www.shqiperia.com\/blog\/wp-content\/uploads\/2025\/01\/kodheli.jpg?resize=400%2C236&amp;ssl=1 400w, https:\/\/i0.wp.com\/www.shqiperia.com\/blog\/wp-content\/uploads\/2025\/01\/kodheli.jpg?w=940&amp;ssl=1 940w\" sizes=\"auto, (max-width: 676px) 100vw, 676px\" \/><\/p>\n<p><strong>18 Janar 2025<\/strong><\/p>\n<p><strong>Ish Ministerja e Mbrojtjes Mimi Kodheli, n\u00eb studion e emisionit \u2018Log.\u2019 n\u00eb News24, ka komentuar investimin strategjik q\u00eb do t\u00eb b\u00ebhet nga Jared Kushner, dh\u00ebndri i Donald Trump, n\u00eb ishullin e Sazanit.<\/strong><\/p>\n<p>Kodheli u shpreh se Sazani ka pasur vet\u00ebm ferra dhe gjarp\u00ebrinj dhe se tani \u00ebsht\u00eb koha q\u00eb t\u00eb zhvillohet.<\/p>\n<p><em>\u201cUn\u00eb kam qen\u00eb n\u00eb Sazan. Kur b\u00ebm\u00eb transformimin e ushtris\u00eb shqiptare, shum\u00eb\u00e7ka nuk na duhej sepse na than\u00eb. Sazanin q\u00eb e kemi fal\u00eb qeverisjes italiane si pron\u00eb ton\u00ebn. Ka pasur vet\u00ebm ferra dhe gjarp\u00ebrinj dhe nd\u00ebrkoh\u00eb duam t\u00eb zhvillojm\u00eb k\u00ebt\u00eb vend? Apo do ti l\u00ebm\u00eb k\u00ebto enklavat k\u00ebshtu\u2026<\/em>\u201d, tha ish-ministrja e Mbrojtjes.<\/p>\n<p>E pyetur nga gazetari dhe moderatori i emisionit, Endri Xhafo, PS do t\u2019i fitoj\u00eb zgjedhjet n\u00eb raste se Berish\u00ebs i hiqet non grata nga SHBA, deputetja u shprehen e bindur se po.<\/p>\n<p><em>\u201cAbsolutisht po<\/em>\u201d, deklaroi ajo.<\/p>\n","protected":false},"excerpt":{"rendered":"<p>18 Janar 2025 Ish Ministerja e Mbrojtjes Mimi Kodheli, n\u00eb studion e emisionit \u2018Log.\u2019 n\u00eb News24, ka komentuar investimin strategjik q\u00eb do t\u00eb b\u00ebhet nga Jared Kushner, dh\u00ebndri i Donald Trump, n\u00eb ishullin e Sazanit. Kodheli u shpreh se Sazani ka pasur vet\u00ebm ferra dhe gjarp\u00ebrinj dhe se tani \u00ebsht\u00eb koha q\u00eb t\u00eb zhvillohet. \u201cUn\u00eb [&hellip;]<\/p>\n","protected":false},"author":9,"featured_media":88530,"comment_status":"open","ping_status":"open","sticky":false,"template":"","format":"standard","meta":{"jetpack_post_was_ever_published":false,"_jetpack_newsletter_access":"","_jetpack_dont_email_post_to_subs":false,"_jetpack_newsletter_tier_id":0,"_jetpack_memberships_contains_paywalled_content":false,"_jetpack_memberships_contains_paid_content":false,"footnotes":"","jetpack_publicize_message":"","jetpack_publicize_feature_enabled":true,"jetpack_social_post_already_shared":true,"jetpack_social_options":{"image_generator_settings":{"template":"highway","default_image_id":0,"font":"","enabled":false},"version":2}},"categories":[27,2],"tags":[],"class_list":["post-88529","post","type-post","status-publish","format-standard","has-post-thumbnail","hentry","category-blogu-i-udhetarit","category-politika"],"jetpack_publicize_connections":[],"jetpack_featured_media_url":"https:\/\/i0.wp.com\/www.shqiperia.com\/blog\/wp-content\/uploads\/2025\/01\/kodheli.jpg?fit=940%2C554&ssl=1","jetpack_sharing_enabled":true,"jetpack_shortlink":"https:\/\/wp.me\/p5Z6wp-n1T","jetpack-related-posts":[{"id":45124,"url":"https:\/\/www.shqiperia.com\/blog\/levizjet-e-fundit-brenda-ps-kodheli-majko-dhe-xhafaj-te-pakenaqur-mesazhi-qe-bushati-i-dha-kryeministrit-rama\/","url_meta":{"origin":88529,"position":0},"title":"L\u00ebvizjet e fundit brenda PS: &#8211; Kodheli, Majko dhe Xhafaj t\u00eb pak\u00ebnaqur. Mesazhi q\u00eb Bushati i dha kryeministrit Rama","author":"Kurt Farka","date":"March 9, 2021","format":false,"excerpt":"L\u00ebvizjet e fundit brenda PS: - Kodheli, Majko dhe Xhafaj t\u00eb pak\u00ebnaqur. Mesazhi q\u00eb Bushati i dha kryeministrit Rama - 09.03.21 N\u00eb nj\u00eb lidhje direkte p\u00ebr studion e lajmeve n\u00eb \u201cNews 24\u201d, gazetari Arestir Lumezi komentoi l\u00ebvizjet e or\u00ebve t\u00eb fundit n\u00eb kampin socialist, pak\u00ebnaq\u00ebsit\u00eb dhe debatet e ndodhura. Sipas\u2026","rel":"","context":"In &quot;Blogu i Udh\u00ebtarit&quot;","block_context":{"text":"Blogu i Udh\u00ebtarit","link":"https:\/\/www.shqiperia.com\/blog\/category\/blogu-i-udhetarit\/"},"img":{"alt_text":"","src":"https:\/\/i0.wp.com\/www.shqiperia.com\/blog\/wp-content\/uploads\/2021\/03\/b8ae0d1fa1f646de97b62345f454ab1d.jpeg?fit=1200%2C692&ssl=1&resize=350%2C200","width":350,"height":200,"srcset":"https:\/\/i0.wp.com\/www.shqiperia.com\/blog\/wp-content\/uploads\/2021\/03\/b8ae0d1fa1f646de97b62345f454ab1d.jpeg?fit=1200%2C692&ssl=1&resize=350%2C200 1x, https:\/\/i0.wp.com\/www.shqiperia.com\/blog\/wp-content\/uploads\/2021\/03\/b8ae0d1fa1f646de97b62345f454ab1d.jpeg?fit=1200%2C692&ssl=1&resize=525%2C300 1.5x, https:\/\/i0.wp.com\/www.shqiperia.com\/blog\/wp-content\/uploads\/2021\/03\/b8ae0d1fa1f646de97b62345f454ab1d.jpeg?fit=1200%2C692&ssl=1&resize=700%2C400 2x, https:\/\/i0.wp.com\/www.shqiperia.com\/blog\/wp-content\/uploads\/2021\/03\/b8ae0d1fa1f646de97b62345f454ab1d.jpeg?fit=1200%2C692&ssl=1&resize=1050%2C600 3x"},"classes":[]},{"id":58628,"url":"https:\/\/www.shqiperia.com\/blog\/riaktivizohet-zjarri-ne-sazan-ministria-e-mbrojtjes-jep-alarmin-rrezikohet-shperthim-municionesh\/","url_meta":{"origin":88529,"position":1},"title":"Riaktivizohet Zjarri n\u00eb Sazan. &#8211; Ministria e Mbrojtjes jep alarmin: Rrezikohet shp\u00ebrthim municionesh","author":"Kurt Farka","date":"June 5, 2022","format":false,"excerpt":"5 Qershor 2022 Ishulli i Sazanit prej disa or\u00ebsh ndodhet n\u00ebn pushtetin e zjarrit. Ministria e Mbrojtjes njofton se\u00a0 zona si\u00a0 paraqet rrezik, pasi\u00a0 i nj\u00eb ish-repart ushtarak n\u00eb vendin ku ka shp\u00ebrthyer zjarri ka municione t\u00eb pashp\u00ebrthyera. Nd\u00ebrkoh\u00eb q\u00eb n\u00eb terren ndodhet ushtria dhe punonj\u00ebsit e ADZM-s\u00eb, t\u00eb cil\u00ebt\u2026","rel":"","context":"In &quot;Blogu i Udh\u00ebtarit&quot;","block_context":{"text":"Blogu i Udh\u00ebtarit","link":"https:\/\/www.shqiperia.com\/blog\/category\/blogu-i-udhetarit\/"},"img":{"alt_text":"","src":"https:\/\/i0.wp.com\/www.shqiperia.com\/blog\/wp-content\/uploads\/2022\/06\/800-0-629cffaaa5293.jpg?fit=800%2C413&ssl=1&resize=350%2C200","width":350,"height":200,"srcset":"https:\/\/i0.wp.com\/www.shqiperia.com\/blog\/wp-content\/uploads\/2022\/06\/800-0-629cffaaa5293.jpg?fit=800%2C413&ssl=1&resize=350%2C200 1x, https:\/\/i0.wp.com\/www.shqiperia.com\/blog\/wp-content\/uploads\/2022\/06\/800-0-629cffaaa5293.jpg?fit=800%2C413&ssl=1&resize=525%2C300 1.5x, https:\/\/i0.wp.com\/www.shqiperia.com\/blog\/wp-content\/uploads\/2022\/06\/800-0-629cffaaa5293.jpg?fit=800%2C413&ssl=1&resize=700%2C400 2x"},"classes":[]},{"id":84817,"url":"https:\/\/www.shqiperia.com\/blog\/ishulli-i-rrezikshem-ku-nuk-lejohet-te-shkele-njeriu\/","url_meta":{"origin":88529,"position":2},"title":"Ishulli i rreziksh\u00ebm ku nuk lejohet t\u00eb shkel\u00eb njeriu","author":"Kurt Farka","date":"September 21, 2024","format":false,"excerpt":"21 Shtator 2024 Ndodhet rreth 30 kilometra nga Sao Paulo, n\u00eb Brazil, dhe ka nj\u00eb sip\u00ebrfaqe prej rreth 430 000 metra katror\u00eb. Quhet Queimada Grande dhe nuk ka asnj\u00eb qenie t\u00eb vetme njer\u00ebzore q\u00eb jeton n\u00eb t\u00eb. \u00cbsht\u00eb nj\u00eb nga vendet m\u00eb t\u00eb rrezikshme n\u00eb bot\u00eb dhe nuk \u00ebsht\u00eb p\u00ebr\u2026","rel":"","context":"In &quot;Blogu i Udh\u00ebtarit&quot;","block_context":{"text":"Blogu i Udh\u00ebtarit","link":"https:\/\/www.shqiperia.com\/blog\/category\/blogu-i-udhetarit\/"},"img":{"alt_text":"","src":"https:\/\/i0.wp.com\/www.shqiperia.com\/blog\/wp-content\/uploads\/2024\/09\/640-0-screenshot-12-1726917647.jpg?fit=640%2C338&ssl=1&resize=350%2C200","width":350,"height":200,"srcset":"https:\/\/i0.wp.com\/www.shqiperia.com\/blog\/wp-content\/uploads\/2024\/09\/640-0-screenshot-12-1726917647.jpg?fit=640%2C338&ssl=1&resize=350%2C200 1x, https:\/\/i0.wp.com\/www.shqiperia.com\/blog\/wp-content\/uploads\/2024\/09\/640-0-screenshot-12-1726917647.jpg?fit=640%2C338&ssl=1&resize=525%2C300 1.5x"},"classes":[]},{"id":37396,"url":"https:\/\/www.shqiperia.com\/blog\/kane-ardhur-perfaqesuesit-e-ministrise-ketu-e-bejne-degjesa-fshehurazi-neper-ferra-situate-e-tensionuar-ne-bajkaj-delvine\/","url_meta":{"origin":88529,"position":3},"title":"\u201cKan\u00eb ardhur p\u00ebrfaq\u00ebsuesit e ministris\u00eb k\u00ebtu e b\u00ebjn\u00eb d\u00ebgjesa fshehurazi n\u00ebp\u00ebr ferra\u201d. &#8211; Situate e tensionuar ne Bajkaj Delvine.","author":"Kurt Farka","date":"August 19, 2020","format":false,"excerpt":"\u201cKan\u00eb ardhur p\u00ebrfaq\u00ebsuesit e ministris\u00eb k\u00ebtu e b\u00ebjn\u00eb d\u00ebgjesa fshehurazi n\u00ebp\u00ebr ferra\u201d. - Situate e tensionuar ne Bajkaj Delvine. 19 GUSHT 2020 \u00cbsht\u00eb tensionuar dhe ka arritur n\u00eb p\u00ebrplasje fizike situata n\u00eb Bajkaj t\u00eb Delvin\u00ebs, mes banor\u00ebve t\u00eb fshatit dhe p\u00ebrfaq\u00ebsuesve t\u00eb firm\u00ebs q\u00eb kan\u00eb marr\u00eb p\u00ebrsip\u00ebr t\u00eb hapin guroren\u2026","rel":"","context":"In &quot;Blogu i Udh\u00ebtarit&quot;","block_context":{"text":"Blogu i Udh\u00ebtarit","link":"https:\/\/www.shqiperia.com\/blog\/category\/blogu-i-udhetarit\/"},"img":{"alt_text":"","src":"https:\/\/i0.wp.com\/www.shqiperia.com\/blog\/wp-content\/uploads\/2020\/08\/Fshati-Bajkaj-Delvine.png?fit=800%2C447&ssl=1&resize=350%2C200","width":350,"height":200,"srcset":"https:\/\/i0.wp.com\/www.shqiperia.com\/blog\/wp-content\/uploads\/2020\/08\/Fshati-Bajkaj-Delvine.png?fit=800%2C447&ssl=1&resize=350%2C200 1x, https:\/\/i0.wp.com\/www.shqiperia.com\/blog\/wp-content\/uploads\/2020\/08\/Fshati-Bajkaj-Delvine.png?fit=800%2C447&ssl=1&resize=525%2C300 1.5x, https:\/\/i0.wp.com\/www.shqiperia.com\/blog\/wp-content\/uploads\/2020\/08\/Fshati-Bajkaj-Delvine.png?fit=800%2C447&ssl=1&resize=700%2C400 2x"},"classes":[]},{"id":58676,"url":"https:\/\/www.shqiperia.com\/blog\/sazani-ne-flake-turistet-turq-zbresin-nga-jahti-luksoz-per-te-fikur-zjarrin\/","url_meta":{"origin":88529,"position":4},"title":"Sazani n\u00eb flak\u00eb: &#8211; Turist\u00ebt turq zbresin nga jahti Luksoz per te fikur zjarrin","author":"Kurt Farka","date":"June 6, 2022","format":false,"excerpt":"6 QERSHOR 2022 Ishulli i Sazanit \u00ebsht\u00eb p\u00ebrfshir\u00eb nga flak\u00ebt mesdit\u00ebn e kaluar. Zjarri vijon t\u00eb jet\u00eb aktiv prej thuajse 24 or\u00ebsh dhe deri m\u00eb tani nuk ka asnj\u00eb nd\u00ebrhyrje nga ajri. Kjo pasi dy helikopter\u00ebt q\u00eb Shqip\u00ebria ka n\u00eb dispozicion p\u00ebr raste t\u00eb tilla jan\u00eb n\u00eb servis q\u00eb nga\u2026","rel":"","context":"In &quot;Kultura&quot;","block_context":{"text":"Kultura","link":"https:\/\/www.shqiperia.com\/blog\/category\/kultura\/"},"img":{"alt_text":"","src":"https:\/\/i0.wp.com\/www.shqiperia.com\/blog\/wp-content\/uploads\/2022\/06\/Sazani-ne-flake-Turistet-turq-zbresin-nga-jahti-per-te-fikur-zjarrin.jpg?fit=800%2C420&ssl=1&resize=350%2C200","width":350,"height":200,"srcset":"https:\/\/i0.wp.com\/www.shqiperia.com\/blog\/wp-content\/uploads\/2022\/06\/Sazani-ne-flake-Turistet-turq-zbresin-nga-jahti-per-te-fikur-zjarrin.jpg?fit=800%2C420&ssl=1&resize=350%2C200 1x, https:\/\/i0.wp.com\/www.shqiperia.com\/blog\/wp-content\/uploads\/2022\/06\/Sazani-ne-flake-Turistet-turq-zbresin-nga-jahti-per-te-fikur-zjarrin.jpg?fit=800%2C420&ssl=1&resize=525%2C300 1.5x, https:\/\/i0.wp.com\/www.shqiperia.com\/blog\/wp-content\/uploads\/2022\/06\/Sazani-ne-flake-Turistet-turq-zbresin-nga-jahti-per-te-fikur-zjarrin.jpg?fit=800%2C420&ssl=1&resize=700%2C400 2x"},"classes":[]},{"id":39774,"url":"https:\/\/www.shqiperia.com\/blog\/mori-750-milione-leke-nga-shteti-pa-pasur-asnje-punonjes-thellohet-skandali-i-inceneratorit-te-fierit-gazetarja-zbardh-detajet\/","url_meta":{"origin":88529,"position":5},"title":"\u201cMori 750 milion\u00eb lek\u00eb nga shteti, pa pasur asnj\u00eb punonj\u00ebs\u201d. &#8211; Thellohet skandali i inceneratorit t\u00eb Fierit, gazetarja zbardh detajet","author":"Kurt Farka","date":"October 17, 2020","format":false,"excerpt":"\u201cMori 750 milion\u00eb lek\u00eb nga shteti, pa pasur asnj\u00eb punonj\u00ebs\u201d. - Thellohet skandali i inceneratorit t\u00eb Fierit, gazetarja zbardh detajet 17 Tetor, 2020 CNA.al\u00a0ka publikuar nj\u00eb dosje t\u00eb plot\u00eb investigimi p\u00ebr koncensionet e incenerator\u00ebve, ku p\u00ebrfshihet edhe ai i\u00a0Fierit. Inceneratori i Fierit, \u00ebsht\u00eb dh\u00ebn\u00eb me koncesion nga qeveria shqiptare sipas\u2026","rel":"","context":"In &quot;Blogu i Udh\u00ebtarit&quot;","block_context":{"text":"Blogu i Udh\u00ebtarit","link":"https:\/\/www.shqiperia.com\/blog\/category\/blogu-i-udhetarit\/"},"img":{"alt_text":"","src":"https:\/\/i0.wp.com\/www.shqiperia.com\/blog\/wp-content\/uploads\/2020\/10\/inceneratori-590x354-1.jpg?fit=590%2C354&ssl=1&resize=350%2C200","width":350,"height":200,"srcset":"https:\/\/i0.wp.com\/www.shqiperia.com\/blog\/wp-content\/uploads\/2020\/10\/inceneratori-590x354-1.jpg?fit=590%2C354&ssl=1&resize=350%2C200 1x, https:\/\/i0.wp.com\/www.shqiperia.com\/blog\/wp-content\/uploads\/2020\/10\/inceneratori-590x354-1.jpg?fit=590%2C354&ssl=1&resize=525%2C300 1.5x"},"classes":[]}],"_links":{"self":[{"href":"https:\/\/www.shqiperia.com\/blog\/wp-json\/wp\/v2\/posts\/88529","targetHints":{"allow":["GET"]}}],"collection":[{"href":"https:\/\/www.shqiperia.com\/blog\/wp-json\/wp\/v2\/posts"}],"about":[{"href":"https:\/\/www.shqiperia.com\/blog\/wp-json\/wp\/v2\/types\/post"}],"author":[{"embeddable":true,"href":"https:\/\/www.shqiperia.com\/blog\/wp-json\/wp\/v2\/users\/9"}],"replies":[{"embeddable":true,"href":"https:\/\/www.shqiperia.com\/blog\/wp-json\/wp\/v2\/comments?post=88529"}],"version-history":[{"count":1,"href":"https:\/\/www.shqiperia.com\/blog\/wp-json\/wp\/v2\/posts\/88529\/revisions"}],"predecessor-version":[{"id":88531,"href":"https:\/\/www.shqiperia.com\/blog\/wp-json\/wp\/v2\/posts\/88529\/revisions\/88531"}],"wp:featuredmedia":[{"embeddable":true,"href":"https:\/\/www.shqiperia.com\/blog\/wp-json\/wp\/v2\/media\/88530"}],"wp:attachment":[{"href":"https:\/\/www.shqiperia.com\/blog\/wp-json\/wp\/v2\/media?parent=88529"}],"wp:term":[{"taxonomy":"category","embeddable":true,"href":"https:\/\/www.shqiperia.com\/blog\/wp-json\/wp\/v2\/categories?post=88529"},{"taxonomy":"post_tag","embeddable":true,"href":"https:\/\/www.shqiperia.com\/blog\/wp-json\/wp\/v2\/tags?post=88529"}],"curies":[{"name":"wp","href":"https:\/\/api.w.org\/{rel}","templated":true}]}}