{"id":88517,"date":"2025-01-18T04:50:54","date_gmt":"2025-01-18T04:50:54","guid":{"rendered":"https:\/\/www.shqiperia.com\/blog\/?p=88517"},"modified":"2025-01-18T04:50:54","modified_gmt":"2025-01-18T04:50:54","slug":"meta-per-ora-news-shqetesimi-kryesor-11-maji-rrembimi-im-banditesk-u-be-nga-te-vertetat-qe-thoja","status":"publish","type":"post","link":"https:\/\/www.shqiperia.com\/blog\/meta-per-ora-news-shqetesimi-kryesor-11-maji-rrembimi-im-banditesk-u-be-nga-te-vertetat-qe-thoja\/","title":{"rendered":"Meta p\u00ebr \u201cOra News\u201d: &#8211; Shqet\u00ebsimi kryesor 11 maji, rr\u00ebmbimi im banditesk u b\u00eb nga t\u00eb v\u00ebrtetat q\u00eb thoja"},"content":{"rendered":"<p><img data-recalc-dims=\"1\" loading=\"lazy\" decoding=\"async\" data-attachment-id=\"88518\" data-permalink=\"https:\/\/www.shqiperia.com\/blog\/meta-per-ora-news-shqetesimi-kryesor-11-maji-rrembimi-im-banditesk-u-be-nga-te-vertetat-qe-thoja\/640-0-a43e0966d3e1778eb93f72fd85d89662\/\" data-orig-file=\"https:\/\/i0.wp.com\/www.shqiperia.com\/blog\/wp-content\/uploads\/2025\/01\/640-0-a43e0966d3e1778eb93f72fd85d89662.jpg?fit=640%2C392&amp;ssl=1\" data-orig-size=\"640,392\" data-comments-opened=\"1\" data-image-meta=\"{&quot;aperture&quot;:&quot;0&quot;,&quot;credit&quot;:&quot;&quot;,&quot;camera&quot;:&quot;&quot;,&quot;caption&quot;:&quot;&quot;,&quot;created_timestamp&quot;:&quot;0&quot;,&quot;copyright&quot;:&quot;&quot;,&quot;focal_length&quot;:&quot;0&quot;,&quot;iso&quot;:&quot;0&quot;,&quot;shutter_speed&quot;:&quot;0&quot;,&quot;title&quot;:&quot;&quot;,&quot;orientation&quot;:&quot;0&quot;}\" data-image-title=\"-640-0-a43e0966d3e1778eb93f72fd85d89662\" data-image-description=\"\" data-image-caption=\"\" data-medium-file=\"https:\/\/i0.wp.com\/www.shqiperia.com\/blog\/wp-content\/uploads\/2025\/01\/640-0-a43e0966d3e1778eb93f72fd85d89662.jpg?fit=300%2C184&amp;ssl=1\" data-large-file=\"https:\/\/i0.wp.com\/www.shqiperia.com\/blog\/wp-content\/uploads\/2025\/01\/640-0-a43e0966d3e1778eb93f72fd85d89662.jpg?fit=640%2C392&amp;ssl=1\" class=\"alignnone  wp-image-88518\" alt=\"\" src=\"https:\/\/i0.wp.com\/www.shqiperia.com\/blog\/wp-content\/uploads\/2025\/01\/640-0-a43e0966d3e1778eb93f72fd85d89662.jpg?resize=688%2C422&#038;ssl=1\" width=\"688\" height=\"422\" srcset=\"https:\/\/i0.wp.com\/www.shqiperia.com\/blog\/wp-content\/uploads\/2025\/01\/640-0-a43e0966d3e1778eb93f72fd85d89662.jpg?resize=300%2C184&amp;ssl=1 300w, https:\/\/i0.wp.com\/www.shqiperia.com\/blog\/wp-content\/uploads\/2025\/01\/640-0-a43e0966d3e1778eb93f72fd85d89662.jpg?resize=450%2C276&amp;ssl=1 450w, https:\/\/i0.wp.com\/www.shqiperia.com\/blog\/wp-content\/uploads\/2025\/01\/640-0-a43e0966d3e1778eb93f72fd85d89662.jpg?resize=600%2C368&amp;ssl=1 600w, https:\/\/i0.wp.com\/www.shqiperia.com\/blog\/wp-content\/uploads\/2025\/01\/640-0-a43e0966d3e1778eb93f72fd85d89662.jpg?resize=400%2C245&amp;ssl=1 400w, https:\/\/i0.wp.com\/www.shqiperia.com\/blog\/wp-content\/uploads\/2025\/01\/640-0-a43e0966d3e1778eb93f72fd85d89662.jpg?w=640&amp;ssl=1 640w\" sizes=\"auto, (max-width: 688px) 100vw, 688px\" \/><\/p>\n<p>18 Janar 2025<\/p>\n<p>P\u00ebrmes nj\u00eb Interviste \u00a0p\u00ebr \u201cOra News\u201d dh\u00ebn\u00eb gazetarit Andi Kurti Presidentit i Partis\u00eb s\u00eb Liris\u00eb Ilir Meta tha se 11 Maji \u00ebsht\u00eb nj\u00eb dit\u00eb vendimtare sepse ka t\u00eb b\u00ebj\u00eb me ekzistenc\u00ebn e kombit ton\u00eb, me forcimin apo zhb\u00ebrjen e identitetit komb\u00ebtar e kulturor.<\/p>\n<p>Ai shtoi se t\u00eb v\u00ebrtetat q\u00eb thoshte dhe thot\u00eb Partia e Liris\u00eb jan\u00eb t\u00eb padurueshme nga regjimi kleptokratik n\u00eb fuqi dhe tutor\u00ebt e tij sepse ato u hapin syt\u00eb qytetar\u00ebve shqiptar\u00eb t\u00eb cil\u00ebt bombardohen me g\u00ebnjeshtra,<\/p>\n<p><strong><em>Z. Meta po b\u00ebhen tre muaj q\u00eb nga arrestimi i juaj dhe kan\u00eb mbetur m\u00eb pak se 4 muaj nga 11 Maji, dita e zgjedhjeve. Si ndiheni dhe a nuk jeni i shqet\u00ebsuar p\u00ebr fatin e Partis\u00eb s\u00eb Liris\u00eb n\u00eb k\u00ebto zgjedhje?<\/em><\/strong><\/p>\n<p>Personalisht ndihem shum\u00eb mir\u00eb si nga aspekti i sh\u00ebndetit dhe parametrat fizik\u00eb dhe po k\u00ebshtu optimist p\u00ebr t\u00eb ardhmen edhe pse ajo nuk \u00ebsht\u00eb m\u00eb ajo q\u00eb ishte prej shum\u00eb vitesh q\u00eb at\u00ebher\u00eb kur Kushtetuta e Shqip\u00ebris\u00eb u shnd\u00ebrrua n\u00eb nj\u00eb dokument t\u00eb par\u00ebnd\u00ebsish\u00ebm q\u00ebllimisht, pik\u00ebrisht p\u00ebr t\u2019i hapur rrug\u00ebn realizimit gradual t\u00eb nj\u00eb grushti shteti, produkti i t\u00eb cilit \u00ebsht\u00eb pik\u00ebrisht instalimi i arbitraritetit dhe kleptokracis\u00eb, q\u00eb e kan\u00eb shnd\u00ebrruar Shqip\u00ebrin\u00eb n\u00eb vendin m\u00eb t\u00eb korruptuar t\u00eb Evrop\u00ebs dhe t\u00eb dytin n\u00eb bot\u00eb p\u00ebr ryshfetet.<\/p>\n<p>Shqet\u00ebsimi im kryesor \u00ebsht\u00eb e ardhmja e vendit dhe 11 Maji \u00ebsht\u00eb nj\u00eb dit\u00eb vendimtare sepse ka t\u00eb b\u00ebj\u00eb me ekzistenc\u00ebn e kombit ton\u00eb, me forcimin apo zhb\u00ebrjen e identitetit komb\u00ebtar e kulturor, me forcimin apo zhb\u00ebrjen dhe degradimin e familjes shqiptare, n\u00eb thellimin e luft\u00ebs s\u00eb re t\u00eb klasave q\u00eb zbaton \u201cRilindja\u201d duke asgj\u00ebsuar shtres\u00ebn e mesme dhe varf\u00ebruar edhe m\u00eb skajsh\u00ebm shtresat m\u00eb vulnerab\u00ebl dhe t\u00eb pambrojtura t\u00eb shoq\u00ebris\u00eb ton\u00eb apo me rind\u00ebrtimin e nj\u00eb kohezioni social dhe nisjen e nj\u00eb modeli t\u00eb ri ekonomik q\u00eb garanton jo vet\u00ebm ndalimin e shpopullimit, por edhe shnd\u00ebrrimin e Shqip\u00ebris\u00eb n\u00eb nj\u00eb fuqi eksportuese t\u00eb pakt\u00ebn n\u00eb nivel rajonal.<\/p>\n<p><strong><em>Sa e d\u00ebmton Partin\u00eb e Liris\u00eb burgosja juaj?<\/em><\/strong><\/p>\n<p>Kjo varet nga vet\u00eb Partia e Liris\u00eb dhe lidershipi i saj t\u00eb cil\u00ebt jan\u00eb p\u00ebrball\u00eb nj\u00eb sprove historike. \u00cbsht\u00eb e qart\u00eb se rr\u00ebmbimi im banditesk u b\u00eb sipas nj\u00eb regjie mafioze t\u00eb planifikuar prej koh\u00ebsh q\u00eb synonte asgj\u00ebsimin e Partis\u00eb s\u00eb Liris\u00eb si nj\u00eb faktor politik i pavarur dhe me integritet q\u00eb \u00e7do vendim e merr n\u00eb interes t\u00eb vendit n\u00eb radh\u00eb t\u00eb par\u00eb dhe n\u00eb mbrojtje t\u00eb Kushtetut\u00ebs dhe sovranitetit t\u00eb tij.<\/p>\n<p>T\u00eb v\u00ebrtetat q\u00eb thoshte dhe thot\u00eb Partia e Liris\u00eb jan\u00eb t\u00eb padurueshme nga regjimi kleptokratik n\u00eb fuqi dhe tutor\u00ebt e tij sepse ato u hapin syt\u00eb qytetar\u00ebve shqiptar\u00eb t\u00eb cil\u00ebt bombardohen me g\u00ebnjeshtra, mashtrime dhe sigurisht edhe me taksa t\u00eb reja gjithnj\u00eb e m\u00eb shum\u00eb, si n\u00eb nivel vendor dhe komb\u00ebtar.<\/p>\n<p>Po k\u00ebshtu beteja e Partis\u00eb s\u00eb Liris\u00eb p\u00ebr rikthimin e llogaridh\u00ebnies \u00ebsht\u00eb e papranueshme nga regjimi sepse ajo sjell p\u00ebrmbytjen e kleptokracis\u00eb e bashk\u00eb me t\u00eb edhe nd\u00ebshkueshm\u00ebrin\u00eb. Kryeministri Rama, por edhe t\u00eb tjer\u00eb thon\u00eb se arrestimi juaj apo ai i Berish\u00ebs, tregojn\u00eb se ka iku koha e t\u00eb paprekshm\u00ebve dhe se drejt\u00ebsia m\u00eb n\u00eb fund po vepron<\/p>\n<p>Kur kleptokrati Rama flet p\u00ebr paprekshm\u00ebrin\u00eb time ka gjithmon\u00eb parasysh pashtantazhueshm\u00ebrin\u00eb time nga regjimi i tij dhe tutor\u00ebt e tij q\u00eb e mb\u00ebshtesin p\u00ebr t\u00eb pla\u00e7kitur copa Shqip\u00ebrie. E theksoj k\u00ebt\u00eb sepse un\u00eb gjithmon\u00eb kam qen\u00eb i hapur ndaj drejt\u00ebsis\u00eb madje edhe Padrejt\u00ebsis\u00eb, si\u00e7 ka ndodhur nga tetori 1992 kur m\u00eb \u00ebsht\u00eb hequr imuniteti p\u00ebr her\u00eb t\u00eb par\u00eb n\u00eb mosh\u00ebn 23-vje\u00e7are e deri tani q\u00eb po ju p\u00ebrgjigjem ju nga qelia Nr.5.<\/p>\n<p>Asnj\u00ebher\u00eb nuk i jam shmangur drejt\u00ebsis\u00eb apo kurr\u00eb nuk kam tentuar t\u00eb mbyll \u00e7\u00ebshtje me procedur\u00eb. Nd\u00ebrsa Rama \u00ebsht\u00eb varrmih\u00ebsi i Reform\u00ebs n\u00eb Drejt\u00ebsi duke e kapur at\u00eb p\u00ebr fyti me shkelje t\u00eb r\u00ebnda t\u00eb Kushtetut\u00ebs, si\u00e7 un\u00eb e kam provuar bot\u00ebrisht edhe n\u00eb Komisionin e Venecias kur isha President.<\/p>\n<p>\u00cbsht\u00eb kjo drejt\u00ebsi e Ram\u00ebs p\u00ebrgjegj\u00ebse p\u00ebr rritjen n\u00eb progression gjeometrik t\u00eb korrupsionit n\u00eb Shqip\u00ebri sidomos q\u00eb nga 2017 kur ky mori i vet\u00ebm edhe timonin edhe tepsin\u00eb. A ka gj\u00eb m\u00eb t\u00eb turpshme se fakti q\u00eb nx\u00ebn\u00ebsit shqiptar\u00eb renditen t\u00eb fundit n\u00eb bot\u00eb p\u00ebrsa i takon nivelit t\u00eb kreativitetit?<\/p>\n<p>Ky \u00ebsht\u00eb treguesi m\u00eb ogurzi p\u00ebr t\u00eb ardhmen e nj\u00eb vendi, shoq\u00ebrie dhe kombi. Sepse diktaturave u duhet uniformiteti dhe jo kreativiteti. Ndaj duhet asgj\u00ebsuar opozita dhe \u00e7do mendim kritik, ndaj duhet bler\u00eb shoq\u00ebria civile, ndaj duhen bler\u00eb apo n\u00ebnshtruar mediat dhe ndaj duhet politizuar n\u00eb ekstrem sistemi arsimor dhe eliminuar liria akademike dhe autonomia universitare.<\/p>\n<p><span class=\"c-writers_name\">Nga OraNews<\/span><span class=\"divider\"><\/span><\/p>\n","protected":false},"excerpt":{"rendered":"<p>18 Janar 2025 P\u00ebrmes nj\u00eb Interviste \u00a0p\u00ebr \u201cOra News\u201d dh\u00ebn\u00eb gazetarit Andi Kurti Presidentit i Partis\u00eb s\u00eb Liris\u00eb Ilir Meta tha se 11 Maji \u00ebsht\u00eb nj\u00eb dit\u00eb vendimtare sepse ka t\u00eb b\u00ebj\u00eb me ekzistenc\u00ebn e kombit ton\u00eb, me forcimin apo zhb\u00ebrjen e identitetit komb\u00ebtar e kulturor. Ai shtoi se t\u00eb v\u00ebrtetat q\u00eb thoshte dhe thot\u00eb [&hellip;]<\/p>\n","protected":false},"author":9,"featured_media":88518,"comment_status":"open","ping_status":"open","sticky":false,"template":"","format":"standard","meta":{"jetpack_post_was_ever_published":false,"_jetpack_newsletter_access":"","_jetpack_dont_email_post_to_subs":false,"_jetpack_newsletter_tier_id":0,"_jetpack_memberships_contains_paywalled_content":false,"_jetpack_memberships_contains_paid_content":false,"footnotes":"","jetpack_publicize_message":"","jetpack_publicize_feature_enabled":true,"jetpack_social_post_already_shared":true,"jetpack_social_options":{"image_generator_settings":{"template":"highway","default_image_id":0,"font":"","enabled":false},"version":2}},"categories":[27,1,2,35],"tags":[],"class_list":["post-88517","post","type-post","status-publish","format-standard","has-post-thumbnail","hentry","category-blogu-i-udhetarit","category-njoftime-shtypi","category-politika","category-shoqerore"],"jetpack_publicize_connections":[],"jetpack_featured_media_url":"https:\/\/i0.wp.com\/www.shqiperia.com\/blog\/wp-content\/uploads\/2025\/01\/640-0-a43e0966d3e1778eb93f72fd85d89662.jpg?fit=640%2C392&ssl=1","jetpack_sharing_enabled":true,"jetpack_shortlink":"https:\/\/wp.me\/p5Z6wp-n1H","jetpack-related-posts":[{"id":69233,"url":"https:\/\/www.shqiperia.com\/blog\/takimi-40-minuta-me-yuri-kim-meta-zbardh-detajet-situata-eshte-shume-e-rende-ne\/","url_meta":{"origin":88517,"position":0},"title":"Takimi 40 minuta me Yuri Kim. &#8211; Meta zbardh detajet: &#8211; Situata \u00ebsht\u00eb shum\u00eb e r\u00ebnd\u00eb n\u00eb&#8230;","author":"Kurt Farka","date":"March 8, 2023","format":false,"excerpt":"8 Mars 2023 Kryetari i Partis\u00eb s\u00eb Liris\u00eb Ilir Meta priti n\u00eb nj\u00eb takim Ambasadoren e SHBA-ve, Yuri Kim. N\u00eb takim, Meta n\u00ebnvizoi n\u00eb m\u00ebnyr\u00eb t\u00eb ve\u00e7ant\u00eb situat\u00ebn shum\u00eb t\u00eb r\u00ebnd\u00eb t\u00eb krijuar n\u00eb Parlamentin e Shqip\u00ebris\u00eb, p\u00ebr shkak t\u00eb bllokimit antikushtetues dhe t\u00eb paligjsh\u00ebm nga ana e qeveris\u00eb. \u201cBllokimi\u2026","rel":"","context":"In &quot;Blogu i Udh\u00ebtarit&quot;","block_context":{"text":"Blogu i Udh\u00ebtarit","link":"https:\/\/www.shqiperia.com\/blog\/category\/blogu-i-udhetarit\/"},"img":{"alt_text":"","src":"https:\/\/i0.wp.com\/www.shqiperia.com\/blog\/wp-content\/uploads\/2023\/03\/800-0-71ad4aad4c554660efc5be7ecc246d52-1.jpg?fit=800%2C420&ssl=1&resize=350%2C200","width":350,"height":200,"srcset":"https:\/\/i0.wp.com\/www.shqiperia.com\/blog\/wp-content\/uploads\/2023\/03\/800-0-71ad4aad4c554660efc5be7ecc246d52-1.jpg?fit=800%2C420&ssl=1&resize=350%2C200 1x, https:\/\/i0.wp.com\/www.shqiperia.com\/blog\/wp-content\/uploads\/2023\/03\/800-0-71ad4aad4c554660efc5be7ecc246d52-1.jpg?fit=800%2C420&ssl=1&resize=525%2C300 1.5x, https:\/\/i0.wp.com\/www.shqiperia.com\/blog\/wp-content\/uploads\/2023\/03\/800-0-71ad4aad4c554660efc5be7ecc246d52-1.jpg?fit=800%2C420&ssl=1&resize=700%2C400 2x"},"classes":[]},{"id":67764,"url":"https:\/\/www.shqiperia.com\/blog\/deputeteve-te-opozites-ju-lejohet-vetem-nga-nga-1-min-e-gjysem-e-deri-3-minuta-per-te-folur\/","url_meta":{"origin":88517,"position":1},"title":"&#8211; Deputeteve te opozites ju lejohet vetem nga nga 1 min e gjysem e deri 3 minuta per te folur.","author":"Kurt Farka","date":"February 11, 2023","format":false,"excerpt":"11 Shkurt 2023 Deputeti i Partis\u00eb s\u00eb Liris\u00eb Petrit Vasili ka nxjerr\u00eb sot rendin e dit\u00ebs p\u00ebr seanc\u00ebn e s\u00eb h\u00ebn\u00ebs. Duke e quajtur skandal ai shkruan se deputet\u00ebve t\u00eb opozit\u00ebs u vendosin vet\u00ebm nga nj\u00eb minut\u00eb e gjysm\u00eb p\u00ebr t\u00eb folur dhe Berish\u00ebs vet\u00ebm 3 minuta. \u201cSKANDALI! Deputeteve te\u2026","rel":"","context":"In &quot;Blogu i Udh\u00ebtarit&quot;","block_context":{"text":"Blogu i Udh\u00ebtarit","link":"https:\/\/www.shqiperia.com\/blog\/category\/blogu-i-udhetarit\/"},"img":{"alt_text":"","src":"https:\/\/i0.wp.com\/www.shqiperia.com\/blog\/wp-content\/uploads\/2023\/02\/rama-lindita-nikolla.jpg?fit=615%2C397&ssl=1&resize=350%2C200","width":350,"height":200,"srcset":"https:\/\/i0.wp.com\/www.shqiperia.com\/blog\/wp-content\/uploads\/2023\/02\/rama-lindita-nikolla.jpg?fit=615%2C397&ssl=1&resize=350%2C200 1x, https:\/\/i0.wp.com\/www.shqiperia.com\/blog\/wp-content\/uploads\/2023\/02\/rama-lindita-nikolla.jpg?fit=615%2C397&ssl=1&resize=525%2C300 1.5x"},"classes":[]},{"id":78116,"url":"https:\/\/www.shqiperia.com\/blog\/meta-ne-shkoder-qeveria-punon-per-shpopullimin-koha-per-organizim-te-fuqishem-te-opozites\/","url_meta":{"origin":88517,"position":2},"title":"Meta n\u00eb Shkod\u00ebr: &#8211; Qeveria punon p\u00ebr shpopullimin, koha p\u00ebr organizim t\u00eb fuqish\u00ebm t\u00eb opozit\u00ebs!","author":"Kurt Farka","date":"February 10, 2024","format":false,"excerpt":"10 Shkurt 2024 Kreu i Partis\u00eb s\u00eb Liris\u00eb Ilir Meta zhvilloi k\u00ebt\u00eb t\u00eb shtun\u00eb nj\u00eb takim me strukturat dhe k\u00ebshilltar\u00ebt e Partis\u00eb s\u00eb Liris\u00eb n\u00eb Qarkun Shkod\u00ebr. Gjat\u00eb fjal\u00ebs s\u00eb tij, Meta u shpreh se vendi po shpopullohet dhe shqiptar\u00ebt po z\u00ebvend\u00ebsohen nga t\u00eb huajt. \u201cKjo sepse qeveria nuk ka\u2026","rel":"","context":"In &quot;Blogu i Udh\u00ebtarit&quot;","block_context":{"text":"Blogu i Udh\u00ebtarit","link":"https:\/\/www.shqiperia.com\/blog\/category\/blogu-i-udhetarit\/"},"img":{"alt_text":"","src":"https:\/\/i0.wp.com\/www.shqiperia.com\/blog\/wp-content\/uploads\/2024\/02\/600-388-ab532d77710ae6b08f28cad62222905d.jpg?fit=600%2C388&ssl=1&resize=350%2C200","width":350,"height":200,"srcset":"https:\/\/i0.wp.com\/www.shqiperia.com\/blog\/wp-content\/uploads\/2024\/02\/600-388-ab532d77710ae6b08f28cad62222905d.jpg?fit=600%2C388&ssl=1&resize=350%2C200 1x, https:\/\/i0.wp.com\/www.shqiperia.com\/blog\/wp-content\/uploads\/2024\/02\/600-388-ab532d77710ae6b08f28cad62222905d.jpg?fit=600%2C388&ssl=1&resize=525%2C300 1.5x"},"classes":[]},{"id":71334,"url":"https:\/\/www.shqiperia.com\/blog\/meta-kerkon-mbeshtetjen-per-kandidatin-rrok-doda-ne-puke\/","url_meta":{"origin":88517,"position":3},"title":"Meta k\u00ebrkon mb\u00ebshtetjen p\u00ebr kandidatin Rrok Doda n\u00eb Puk\u00eb","author":"Kurt Farka","date":"May 11, 2023","format":false,"excerpt":"11 Maji 2023 Kryetari i Partis\u00eb s\u00eb Liris\u00eb, Ilir Meta, zhvilloi nj\u00eb takim n\u00eb Puk\u00eb ku k\u00ebrkoi mb\u00ebshtetjen e banor\u00ebve p\u00ebr kandidatin e koalicionit \u201cBashk\u00eb Fitojm\u00eb\u201d Rrok Doda. Gjat\u00eb fjal\u00ebs s\u00eb tij, Meta premtoi se pas zgjedhjeve t\u00eb 14 majit, do t\u00eb organizojn\u00eb referendum popullor n\u00eb bashkit\u00eb q\u00eb do t\u00eb\u2026","rel":"","context":"In &quot;Blogu i Udh\u00ebtarit&quot;","block_context":{"text":"Blogu i Udh\u00ebtarit","link":"https:\/\/www.shqiperia.com\/blog\/category\/blogu-i-udhetarit\/"},"img":{"alt_text":"","src":"https:\/\/i0.wp.com\/www.shqiperia.com\/blog\/wp-content\/uploads\/2023\/05\/640-0-1-1683801111.jpg?fit=640%2C350&ssl=1&resize=350%2C200","width":350,"height":200,"srcset":"https:\/\/i0.wp.com\/www.shqiperia.com\/blog\/wp-content\/uploads\/2023\/05\/640-0-1-1683801111.jpg?fit=640%2C350&ssl=1&resize=350%2C200 1x, https:\/\/i0.wp.com\/www.shqiperia.com\/blog\/wp-content\/uploads\/2023\/05\/640-0-1-1683801111.jpg?fit=640%2C350&ssl=1&resize=525%2C300 1.5x"},"classes":[]},{"id":88052,"url":"https:\/\/www.shqiperia.com\/blog\/spak-do-ta-pyese-si-person-nen-hetim-reagon-meta-qenkam-thirrur-per-tu-pyetur-nga-organizata-kriminale-qe-firmosi-rrembimin-tim\/","url_meta":{"origin":88517,"position":4},"title":"SPAK do ta pyes\u00eb si person n\u00ebn hetim, reagon Meta: &#8211; Qenkam thirrur p\u00ebr t\u2019u pyetur nga organizata kriminale q\u00eb firmosi rr\u00ebmbimin tim","author":"Kurt Farka","date":"January 6, 2025","format":false,"excerpt":"6 Janar 2025 Presidenti i Partis\u00eb s\u00eb Liris\u00eb dhe ish-presidenti Ilir Meta ka reaguar p\u00ebrmes nj\u00eb deklarate pas lajmeve t\u00eb publikuara nga media se \u00ebsht\u00eb thirrur nga SPAK p\u00ebr t\u2019u marr\u00eb n\u00eb pyetje. Meta e cil\u00ebsoi k\u00ebt\u00eb zhvillim si nj\u00eb akt t\u00eb organizuar nga \u201corganizata kriminale SPAK\u201d dhe deklaroi se\u2026","rel":"","context":"In &quot;Blogu i Udh\u00ebtarit&quot;","block_context":{"text":"Blogu i Udh\u00ebtarit","link":"https:\/\/www.shqiperia.com\/blog\/category\/blogu-i-udhetarit\/"},"img":{"alt_text":"","src":"https:\/\/i0.wp.com\/www.shqiperia.com\/blog\/wp-content\/uploads\/2025\/01\/ilir-meta-1.png?fit=635%2C471&ssl=1&resize=350%2C200","width":350,"height":200,"srcset":"https:\/\/i0.wp.com\/www.shqiperia.com\/blog\/wp-content\/uploads\/2025\/01\/ilir-meta-1.png?fit=635%2C471&ssl=1&resize=350%2C200 1x, https:\/\/i0.wp.com\/www.shqiperia.com\/blog\/wp-content\/uploads\/2025\/01\/ilir-meta-1.png?fit=635%2C471&ssl=1&resize=525%2C300 1.5x"},"classes":[]},{"id":84780,"url":"https:\/\/www.shqiperia.com\/blog\/pl-prezanton-programin-per-pensionet-meta-mazhoranca-e-tmerruar-nga-kjo-opozite-do-kandidoj-ne-tirane\/","url_meta":{"origin":88517,"position":5},"title":"PL prezanton programin p\u00ebr pensionet, Meta: &#8211; Mazhoranca e tmerruar nga kjo opozit\u00eb. &#8211; Do kandidoj n\u00eb Tiran\u00eb","author":"Kurt Farka","date":"September 21, 2024","format":false,"excerpt":"21 Shtator 2024 Presidenti i Partis\u00eb s\u00eb Liris\u00eb Ilir Meta prezantoi programin ekonomik p\u00ebr pensionet. Teksa iu p\u00ebrgjigj gazetar\u00ebve n\u00eb konferenc\u00eb Meta u shpreh se mazhoranca \u00ebsht\u00eb e tmerruar nga kjo opozit\u00eb. Ilir Meta pohoi se do t\u00eb kandidoje p\u00ebr deputet n\u00eb Qarkun e Tiran\u00ebs, ku do t\u00eb kemi nj\u00eb\u2026","rel":"","context":"In &quot;Blogu i Udh\u00ebtarit&quot;","block_context":{"text":"Blogu i Udh\u00ebtarit","link":"https:\/\/www.shqiperia.com\/blog\/category\/blogu-i-udhetarit\/"},"img":{"alt_text":"","src":"https:\/\/i0.wp.com\/www.shqiperia.com\/blog\/wp-content\/uploads\/2024\/09\/1603652087_metae1505069863936.jpg?fit=780%2C440&ssl=1&resize=350%2C200","width":350,"height":200,"srcset":"https:\/\/i0.wp.com\/www.shqiperia.com\/blog\/wp-content\/uploads\/2024\/09\/1603652087_metae1505069863936.jpg?fit=780%2C440&ssl=1&resize=350%2C200 1x, https:\/\/i0.wp.com\/www.shqiperia.com\/blog\/wp-content\/uploads\/2024\/09\/1603652087_metae1505069863936.jpg?fit=780%2C440&ssl=1&resize=525%2C300 1.5x, https:\/\/i0.wp.com\/www.shqiperia.com\/blog\/wp-content\/uploads\/2024\/09\/1603652087_metae1505069863936.jpg?fit=780%2C440&ssl=1&resize=700%2C400 2x"},"classes":[]}],"_links":{"self":[{"href":"https:\/\/www.shqiperia.com\/blog\/wp-json\/wp\/v2\/posts\/88517","targetHints":{"allow":["GET"]}}],"collection":[{"href":"https:\/\/www.shqiperia.com\/blog\/wp-json\/wp\/v2\/posts"}],"about":[{"href":"https:\/\/www.shqiperia.com\/blog\/wp-json\/wp\/v2\/types\/post"}],"author":[{"embeddable":true,"href":"https:\/\/www.shqiperia.com\/blog\/wp-json\/wp\/v2\/users\/9"}],"replies":[{"embeddable":true,"href":"https:\/\/www.shqiperia.com\/blog\/wp-json\/wp\/v2\/comments?post=88517"}],"version-history":[{"count":1,"href":"https:\/\/www.shqiperia.com\/blog\/wp-json\/wp\/v2\/posts\/88517\/revisions"}],"predecessor-version":[{"id":88519,"href":"https:\/\/www.shqiperia.com\/blog\/wp-json\/wp\/v2\/posts\/88517\/revisions\/88519"}],"wp:featuredmedia":[{"embeddable":true,"href":"https:\/\/www.shqiperia.com\/blog\/wp-json\/wp\/v2\/media\/88518"}],"wp:attachment":[{"href":"https:\/\/www.shqiperia.com\/blog\/wp-json\/wp\/v2\/media?parent=88517"}],"wp:term":[{"taxonomy":"category","embeddable":true,"href":"https:\/\/www.shqiperia.com\/blog\/wp-json\/wp\/v2\/categories?post=88517"},{"taxonomy":"post_tag","embeddable":true,"href":"https:\/\/www.shqiperia.com\/blog\/wp-json\/wp\/v2\/tags?post=88517"}],"curies":[{"name":"wp","href":"https:\/\/api.w.org\/{rel}","templated":true}]}}