{"id":88514,"date":"2025-01-18T04:35:56","date_gmt":"2025-01-18T04:35:56","guid":{"rendered":"https:\/\/www.shqiperia.com\/blog\/?p=88514"},"modified":"2025-01-18T04:35:56","modified_gmt":"2025-01-18T04:35:56","slug":"kompania-e-elon-musk-nuk-paguan-taksat-ne-shqiperi-tatimet-e-vendosin-nen-sekuestro","status":"publish","type":"post","link":"https:\/\/www.shqiperia.com\/blog\/kompania-e-elon-musk-nuk-paguan-taksat-ne-shqiperi-tatimet-e-vendosin-nen-sekuestro\/","title":{"rendered":"Kompania e Elon Musk nuk paguan taksat n\u00eb Shqip\u00ebri, Tatimet e vendosin n\u00ebn sekuestro"},"content":{"rendered":"<div class=\"l-shared-sec-outer show-mobile\">\n<div class=\"l-shared-sec\">\n<div><img data-recalc-dims=\"1\" loading=\"lazy\" decoding=\"async\" data-attachment-id=\"88515\" data-permalink=\"https:\/\/www.shqiperia.com\/blog\/kompania-e-elon-musk-nuk-paguan-taksat-ne-shqiperi-tatimet-e-vendosin-nen-sekuestro\/elon_musk\/\" data-orig-file=\"https:\/\/i0.wp.com\/www.shqiperia.com\/blog\/wp-content\/uploads\/2025\/01\/elon_musk-scaled.webp?fit=2560%2C1707&amp;ssl=1\" data-orig-size=\"2560,1707\" data-comments-opened=\"1\" data-image-meta=\"{&quot;aperture&quot;:&quot;0&quot;,&quot;credit&quot;:&quot;&quot;,&quot;camera&quot;:&quot;&quot;,&quot;caption&quot;:&quot;&quot;,&quot;created_timestamp&quot;:&quot;0&quot;,&quot;copyright&quot;:&quot;&quot;,&quot;focal_length&quot;:&quot;0&quot;,&quot;iso&quot;:&quot;0&quot;,&quot;shutter_speed&quot;:&quot;0&quot;,&quot;title&quot;:&quot;&quot;,&quot;orientation&quot;:&quot;0&quot;}\" data-image-title=\"elon_musk\" data-image-description=\"\" data-image-caption=\"\" data-medium-file=\"https:\/\/i0.wp.com\/www.shqiperia.com\/blog\/wp-content\/uploads\/2025\/01\/elon_musk-scaled.webp?fit=300%2C200&amp;ssl=1\" data-large-file=\"https:\/\/i0.wp.com\/www.shqiperia.com\/blog\/wp-content\/uploads\/2025\/01\/elon_musk-scaled.webp?fit=1024%2C683&amp;ssl=1\" class=\"alignnone  wp-image-88515\" alt=\"\" src=\"https:\/\/i0.wp.com\/www.shqiperia.com\/blog\/wp-content\/uploads\/2025\/01\/elon_musk.webp?resize=557%2C371&#038;ssl=1\" width=\"557\" height=\"371\" srcset=\"https:\/\/i0.wp.com\/www.shqiperia.com\/blog\/wp-content\/uploads\/2025\/01\/elon_musk-scaled.webp?resize=300%2C200&amp;ssl=1 300w, https:\/\/i0.wp.com\/www.shqiperia.com\/blog\/wp-content\/uploads\/2025\/01\/elon_musk-scaled.webp?resize=1024%2C683&amp;ssl=1 1024w, https:\/\/i0.wp.com\/www.shqiperia.com\/blog\/wp-content\/uploads\/2025\/01\/elon_musk-scaled.webp?resize=768%2C512&amp;ssl=1 768w, https:\/\/i0.wp.com\/www.shqiperia.com\/blog\/wp-content\/uploads\/2025\/01\/elon_musk-scaled.webp?resize=1536%2C1024&amp;ssl=1 1536w, https:\/\/i0.wp.com\/www.shqiperia.com\/blog\/wp-content\/uploads\/2025\/01\/elon_musk-scaled.webp?resize=2048%2C1365&amp;ssl=1 2048w, https:\/\/i0.wp.com\/www.shqiperia.com\/blog\/wp-content\/uploads\/2025\/01\/elon_musk-scaled.webp?resize=2000%2C1333&amp;ssl=1 2000w, https:\/\/i0.wp.com\/www.shqiperia.com\/blog\/wp-content\/uploads\/2025\/01\/elon_musk-scaled.webp?resize=600%2C400&amp;ssl=1 600w, https:\/\/i0.wp.com\/www.shqiperia.com\/blog\/wp-content\/uploads\/2025\/01\/elon_musk-scaled.webp?resize=450%2C300&amp;ssl=1 450w, https:\/\/i0.wp.com\/www.shqiperia.com\/blog\/wp-content\/uploads\/2025\/01\/elon_musk-scaled.webp?resize=1500%2C1000&amp;ssl=1 1500w, https:\/\/i0.wp.com\/www.shqiperia.com\/blog\/wp-content\/uploads\/2025\/01\/elon_musk-scaled.webp?resize=1300%2C867&amp;ssl=1 1300w, https:\/\/i0.wp.com\/www.shqiperia.com\/blog\/wp-content\/uploads\/2025\/01\/elon_musk-scaled.webp?resize=400%2C267&amp;ssl=1 400w\" sizes=\"auto, (max-width: 557px) 100vw, 557px\" \/><\/div>\n<div><\/div>\n<div class=\"l-shared-items effect-fadeout is-color\"><a class=\"share-action share-trigger icon-facebook\" href=\"https:\/\/www.facebook.com\/sharer.php?u=https%3A%2F%2Fgazetadita.al%2Fkompania-e-elon-musk-nuk-paguan-taksat-ne-shqiperi-tatimet-e-vendosin-nen-sekuestro%2F\" rel=\"nofollow\" aria-label=\"Share on Facebook\" data-title=\"Facebook\" data-gravity=\"w\"><i class=\"rbi rbi-facebook\" aria-hidden=\"true\"><\/i><\/a><a class=\"share-action share-trigger icon-twitter\" href=\"https:\/\/twitter.com\/intent\/tweet?text=Kompania+e+Elon+Musk+nuk+paguan+taksat+n%C3%AB+Shqip%C3%ABri%2C+Tatimet+e+vendosin+n%C3%ABn+sekuestro&amp;url=https%3A%2F%2Fgazetadita.al%2Fkompania-e-elon-musk-nuk-paguan-taksat-ne-shqiperi-tatimet-e-vendosin-nen-sekuestro%2F&amp;via=Gazeta+Dita\" rel=\"nofollow\" aria-label=\"Share on X\" data-title=\"X\" data-gravity=\"w\"><i class=\"rbi rbi-twitter\" aria-hidden=\"true\"><\/i><\/a><a class=\"share-action icon-email\" href=\"mailto:?subject=Kompania%20e%20Elon%20Musk%20nuk%20paguan%20taksat%20n%C3%AB%20Shqip%C3%ABri,%20Tatimet%20e%20vendosin%20n%C3%ABn%20sekuestro%20|%20Gazeta%20Dita&amp;body=I%20found%20this%20article%20interesting%20and%20thought%20of%20sharing%20it%20with%20you.%20Check%20it%20out:%0A%0Ahttps%3A%2F%2Fgazetadita.al%2Fkompania-e-elon-musk-nuk-paguan-taksat-ne-shqiperi-tatimet-e-vendosin-nen-sekuestro%2F\" rel=\"nofollow\" aria-label=\"Email\" data-title=\"Email\" data-gravity=\"w\"><i class=\"rbi rbi-email\" aria-hidden=\"true\"><\/i><\/a><a class=\"share-action icon-print\" rel=\"nofollow\" aria-label=\"Print\" data-title=\"Printo\" data-gravity=\"w\"><i class=\"rbi rbi-print\" aria-hidden=\"true\"><\/i><\/a><a class=\"share-action native-share-trigger more-icon\" href=\"https:\/\/gazetadita.al\/kompania-e-elon-musk-nuk-paguan-taksat-ne-shqiperi-tatimet-e-vendosin-nen-sekuestro\/#\" rel=\"nofollow\" aria-label=\"More\" data-link=\"https:\/\/gazetadita.al\/kompania-e-elon-musk-nuk-paguan-taksat-ne-shqiperi-tatimet-e-vendosin-nen-sekuestro\/\" data-ptitle=\"Kompania e Elon Musk nuk paguan taksat n\u00eb Shqip\u00ebri, Tatimet e vendosin n\u00ebn sekuestro\" data-title=\"M\u00eb tepvr\" data-gravity=\"w\"><i class=\"rbi rbi-more\" aria-hidden=\"true\"><\/i><\/a>18 Janar 2025<\/div>\n<\/div>\n<\/div>\n<div class=\"e-ct-outer\">\n<div class=\"entry-content rbct clearfix is-highlight-shares\">\n<p class=\"p1\"><span class=\"s1\"><a href=\"https:\/\/www.opencorporates.al\/sq\/nipt\/m21705037b\">Starlink Albania<\/a><\/span><span class=\"s2\">, kompania q\u00eb ofron sh\u00ebrbim interneti p\u00ebrmes satelitit \u00ebsht\u00eb n\u00eb telashe me zyr\u00ebn e taksave.<\/span><\/p>\n<p class=\"p1\"><span class=\"s2\">Administrata Tatimore ka vendosur sekuestro mbi kompanin\u00eb me p\u00ebrfitues fundor<span>\u00a0<\/span><\/span><span class=\"s1\">Elon Musk<\/span><span class=\"s2\">, p\u00ebr shkak se ka detyrime t\u00eb papaguara tatimore.<\/span><\/p>\n<p class=\"p1\"><span class=\"s2\">\u201cK\u00ebrkes\u00eb p\u00ebr vendosjen e mas\u00ebs s\u00eb sigurimit tatimor\u201d, ardhur nga Drejtoria e mbledhjes se detyrimeve tatimore te papaguara Rajoni Qendror , Tirane , ku eshte kerkuar: Vendosja e mas\u00ebs s\u00eb sigurimit tatimor mbi pasurit\u00eb e tatimpaguesit \u201cSTARLINK ALBANIA\u201d pajisur me NUIS (NIPT) M21705037B , duke moslejuar tjet\u00ebrsimin mbi pasurin\u00eb dhe t\u00eb drejtat pasurore q\u00eb i p\u00ebrkasin k\u00ebtij subjekti,\u201d thuhet n\u00eb dokumentacionin e depozituar n\u00eb Qendr\u00ebn Komb\u00ebtare t\u00eb Biznesit.<\/span><\/p>\n<p class=\"p1\"><span class=\"s2\">Starlink \u00ebsht\u00eb nj\u00eb kompani q\u00eb ofron sh\u00ebrbim t\u00eb shpejt\u00eb internetit p\u00ebrmes satelitit, pa patur nevoj\u00eb p\u00ebr lidhje fizike.<\/span><\/p>\n<p class=\"p1\"><span class=\"s2\">Aktualisht kompania \u00ebsht\u00eb prezente n\u00eb mbi 70 vende t\u00eb bot\u00ebs.<\/span><\/p>\n<p class=\"p1\"><span class=\"s2\">N\u00eb Shqip\u00ebri, ajo \u00ebsht\u00eb prezente p\u00ebrmes Starlink Albania, e cila \u00ebsht\u00eb themeluar n\u00eb maj t\u00eb vitit 2022.<\/span><\/p>\n<p class=\"p1\"><span class=\"s2\">Aksionet e<span>\u00a0<\/span><a href=\"https:\/\/www.opencorporates.al\/sq\/nipt\/m21705037b\"><span class=\"s1\">Starlink Albania<\/span><\/a><span>\u00a0<\/span>zot\u00ebrohen n\u00eb mas\u00ebn 100 p\u00ebr qind nga Starlink Holding Netherlands B.V, q\u00eb ka p\u00ebrfitues fundor miliarderin amerikan Elon Musk.<\/span><\/p>\n<p class=\"p1\"><span class=\"s2\">Sipas t\u00eb dh\u00ebnave nga bilance zyrtare t\u00eb dor\u00ebzuara n\u00eb Qendr\u00ebn Komb\u00ebtare t\u00eb Biznesit, n\u00eb vitet 2022 dhe 2023 kompania nuk ka patur asnj\u00eb t\u00eb ardhur nga aktiviteti i saj n\u00eb Shqip\u00ebri.<\/span><\/p>\n<p class=\"p1\"><span class=\"s2\">Sh\u00ebrbimi i internetit satelitor q\u00eb ofrohet nga Starlink funksionon p\u00ebrmes nj\u00eb pajisje t\u00eb posa\u00e7me, e ngjashme me nj\u00eb antent\u00eb, e cila ka nj\u00eb kosto rreth 450 dollar\u00eb.<\/span><\/p>\n<p class=\"p1\"><span class=\"s2\">Me instalimin e saj, qytetar\u00ebt ose bizneset mund t\u00eb abonohen tek kompania Starlink me nj\u00eb tarif\u00eb mujore prej rreth 60 dollar\u00ebsh dhe t\u00eb ken\u00eb sh\u00ebrbim t\u00eb shpejt\u00eb interneti pa kufi.<\/span><\/p>\n<p class=\"p1\"><span class=\"s2\">Avantazhi kryesor i Starlink \u00ebsht\u00eb se ajo ofron sh\u00ebrbim interneti edhe n\u00eb zonat m\u00eb t\u00eb thella, t\u00eb cilat nuk kan\u00eb infrastruktur\u00eb fizike p\u00ebr mbulim me internet.<\/span><\/p>\n<p class=\"p1\"><span class=\"s2\">Edhe pajisja q\u00eb mund\u00ebson sh\u00ebrbimin \u00ebsht\u00eb e l\u00ebvizshme dhe praktike, ndaj mund t\u00eb merret leht\u00ebsisht kudo edhe at\u00ebher\u00eb kur qytetar\u00ebve u duhet t\u00eb l\u00ebvizin.\/Kapitali.al<\/span><\/p>\n<p>Gazeta Dita<\/p>\n<\/div>\n<\/div>\n","protected":false},"excerpt":{"rendered":"<p>18 Janar 2025 Starlink Albania, kompania q\u00eb ofron sh\u00ebrbim interneti p\u00ebrmes satelitit \u00ebsht\u00eb n\u00eb telashe me zyr\u00ebn e taksave. Administrata Tatimore ka vendosur sekuestro mbi kompanin\u00eb me p\u00ebrfitues fundor\u00a0Elon Musk, p\u00ebr shkak se ka detyrime t\u00eb papaguara tatimore. \u201cK\u00ebrkes\u00eb p\u00ebr vendosjen e mas\u00ebs s\u00eb sigurimit tatimor\u201d, ardhur nga Drejtoria e mbledhjes se detyrimeve tatimore te [&hellip;]<\/p>\n","protected":false},"author":9,"featured_media":88515,"comment_status":"open","ping_status":"open","sticky":false,"template":"","format":"standard","meta":{"jetpack_post_was_ever_published":false,"_jetpack_newsletter_access":"","_jetpack_dont_email_post_to_subs":false,"_jetpack_newsletter_tier_id":0,"_jetpack_memberships_contains_paywalled_content":false,"_jetpack_memberships_contains_paid_content":false,"footnotes":"","jetpack_publicize_message":"","jetpack_publicize_feature_enabled":true,"jetpack_social_post_already_shared":true,"jetpack_social_options":{"image_generator_settings":{"template":"highway","default_image_id":0,"font":"","enabled":false},"version":2}},"categories":[27,1],"tags":[],"class_list":["post-88514","post","type-post","status-publish","format-standard","has-post-thumbnail","hentry","category-blogu-i-udhetarit","category-njoftime-shtypi"],"jetpack_publicize_connections":[],"jetpack_featured_media_url":"https:\/\/i0.wp.com\/www.shqiperia.com\/blog\/wp-content\/uploads\/2025\/01\/elon_musk-scaled.webp?fit=2560%2C1707&ssl=1","jetpack_sharing_enabled":true,"jetpack_shortlink":"https:\/\/wp.me\/p5Z6wp-n1E","jetpack-related-posts":[{"id":90838,"url":"https:\/\/www.shqiperia.com\/blog\/kompania-dimal-hodhi-ne-tregun-shqiptar-13-1-ton-fileto-pule-me-salmonele\/","url_meta":{"origin":88514,"position":0},"title":"Kompania \u201cdiMal\u201d hodhi n\u00eb tregun shqiptar 13.1 ton fileto pule me salmonel\u00eb","author":"Kurt Farka","date":"March 28, 2025","format":false,"excerpt":"28 Mars 2025 Burime b\u00ebjn\u00eb me dije se kompania q\u00eb hedhur n\u00eb treg fileton e pul\u00ebs me salonel\u00eb \u00ebsht\u00eb \u201cAmg Food\u201d, e njohur me emrin tregtar \u201cdiMal\u201d. Kompania n\u00eb fjal\u00eb \u00ebsht\u00eb n\u00eb administrim dhe n\u00eb pron\u00ebsi 100% t\u00eb shtetasit Mondi Goxha. N\u00eb total jan\u00eb mbi 18 ton, nga t\u00eb cilat\u00a013.1\u2026","rel":"","context":"In &quot;Blogu i Udh\u00ebtarit&quot;","block_context":{"text":"Blogu i Udh\u00ebtarit","link":"https:\/\/www.shqiperia.com\/blog\/category\/blogu-i-udhetarit\/"},"img":{"alt_text":"","src":"https:\/\/i0.wp.com\/www.shqiperia.com\/blog\/wp-content\/uploads\/2025\/03\/fileto-1.jpg?fit=936%2C528&ssl=1&resize=350%2C200","width":350,"height":200,"srcset":"https:\/\/i0.wp.com\/www.shqiperia.com\/blog\/wp-content\/uploads\/2025\/03\/fileto-1.jpg?fit=936%2C528&ssl=1&resize=350%2C200 1x, https:\/\/i0.wp.com\/www.shqiperia.com\/blog\/wp-content\/uploads\/2025\/03\/fileto-1.jpg?fit=936%2C528&ssl=1&resize=525%2C300 1.5x, https:\/\/i0.wp.com\/www.shqiperia.com\/blog\/wp-content\/uploads\/2025\/03\/fileto-1.jpg?fit=936%2C528&ssl=1&resize=700%2C400 2x"},"classes":[]},{"id":89293,"url":"https:\/\/www.shqiperia.com\/blog\/ju-do-jeni-aksioneret-e-transformimit-te-vendit-berisha-premton-nga-roma-zero-taksa-per-kedo-qe-rikthehet-ne-shqiperi\/","url_meta":{"origin":88514,"position":1},"title":"\u201cJu do jeni aksioner\u00ebt e transformimit t\u00eb vendit\u201d, Berisha premton nga Roma: &#8211; Zero taksa p\u00ebr k\u00ebdo q\u00eb rikthehet n\u00eb Shqip\u00ebri","author":"Kurt Farka","date":"February 9, 2025","format":false,"excerpt":"9 Shkurt 2025 Kryetari i PD, Sali Berisha zhvilloi sot nj\u00eb takim me diaspor\u00ebn shqiptare t\u00eb Rom\u00ebs. \u201cJu do jeni aksioner\u00ebt e transformimit t\u00eb vendit\u201d, iu drejtua Berisha shqiptar\u00ebve t\u00eb Italis\u00eb. Ai premtoi nga Roma se n\u00ebse PD fiton zgjedhjet e 11 majit, qeveria e ardhshme do t\u00eb heq\u00eb taksat\u2026","rel":"","context":"In &quot;Blogu i Udh\u00ebtarit&quot;","block_context":{"text":"Blogu i Udh\u00ebtarit","link":"https:\/\/www.shqiperia.com\/blog\/category\/blogu-i-udhetarit\/"},"img":{"alt_text":"","src":"https:\/\/i0.wp.com\/www.shqiperia.com\/blog\/wp-content\/uploads\/2025\/02\/Berisha-ne-Rome.jpg?fit=990%2C561&ssl=1&resize=350%2C200","width":350,"height":200,"srcset":"https:\/\/i0.wp.com\/www.shqiperia.com\/blog\/wp-content\/uploads\/2025\/02\/Berisha-ne-Rome.jpg?fit=990%2C561&ssl=1&resize=350%2C200 1x, https:\/\/i0.wp.com\/www.shqiperia.com\/blog\/wp-content\/uploads\/2025\/02\/Berisha-ne-Rome.jpg?fit=990%2C561&ssl=1&resize=525%2C300 1.5x, https:\/\/i0.wp.com\/www.shqiperia.com\/blog\/wp-content\/uploads\/2025\/02\/Berisha-ne-Rome.jpg?fit=990%2C561&ssl=1&resize=700%2C400 2x"},"classes":[]},{"id":91423,"url":"https:\/\/www.shqiperia.com\/blog\/kreu-i-spak-altin-dumani-asnje-denoncim-nga-doganat-dhe-tatimet-nuk-besoj-qe-niveli-i-korrupsionit-eshte-zero\/","url_meta":{"origin":88514,"position":2},"title":"Kreu i SPAK, Altin Dumani: &#8211; Asnj\u00eb denoncim nga Doganat dhe Tatimet! &#8211; Nuk besoj q\u00eb niveli i korrupsionit \u00ebsht\u00eb zero!","author":"Kurt Farka","date":"April 14, 2025","format":false,"excerpt":"14 Prill 2025 \u201cDuke marr\u00eb n\u00eb konsiderat\u00eb kall\u00ebzimet e qytetar\u00ebve, rritjen e numrit t\u00eb kall\u00ebzimeve t\u00eb tyre, rritjen e numrit t\u00eb procedimeve penale t\u00eb regjistruara kryesisht nga SPAK, vler\u00ebsoj se nuk mund t\u00eb b\u00ebjm\u00eb nj\u00eb lexim t\u00eb till\u00eb q\u00eb ka r\u00ebn\u00eb kriminaliteti e korrupsioni. Po marr institucione t\u00eb r\u00ebnd\u00ebsishme, Doganat\u2026","rel":"","context":"In &quot;Blogu i Udh\u00ebtarit&quot;","block_context":{"text":"Blogu i Udh\u00ebtarit","link":"https:\/\/www.shqiperia.com\/blog\/category\/blogu-i-udhetarit\/"},"img":{"alt_text":"","src":"https:\/\/i0.wp.com\/www.shqiperia.com\/blog\/wp-content\/uploads\/2025\/04\/900-0-1710514787xaltin-dumani-1-257.jpg?fit=900%2C550&ssl=1&resize=350%2C200","width":350,"height":200,"srcset":"https:\/\/i0.wp.com\/www.shqiperia.com\/blog\/wp-content\/uploads\/2025\/04\/900-0-1710514787xaltin-dumani-1-257.jpg?fit=900%2C550&ssl=1&resize=350%2C200 1x, https:\/\/i0.wp.com\/www.shqiperia.com\/blog\/wp-content\/uploads\/2025\/04\/900-0-1710514787xaltin-dumani-1-257.jpg?fit=900%2C550&ssl=1&resize=525%2C300 1.5x, https:\/\/i0.wp.com\/www.shqiperia.com\/blog\/wp-content\/uploads\/2025\/04\/900-0-1710514787xaltin-dumani-1-257.jpg?fit=900%2C550&ssl=1&resize=700%2C400 2x"},"classes":[]},{"id":88825,"url":"https:\/\/www.shqiperia.com\/blog\/jorita-tabaku-pakete-anti-shqiperi-qeveria-fal-taksat-per-oligarket-ndeshkon-qytetaret\/","url_meta":{"origin":88514,"position":3},"title":"Jorita Tabaku : &#8211; Paket\u00eb anti-Shqip\u00ebri. Qeveria fal taksat p\u00ebr oligark\u00ebt, nd\u00ebshkon qytetar\u00ebt","author":"Kurt Farka","date":"January 30, 2025","format":false,"excerpt":"30 Janar 2025 Deputetja e Partis\u00eb Demokratike, Jorida Tabaku, ka denoncuar ashp\u00ebr n\u00eb nj\u00eb postim n\u00eb rrjetet sociale skem\u00ebn e re fiskale t\u00eb qeveris\u00eb, e cila, sipas saj, favorizon oligark\u00ebt dhe nd\u00ebshkon qytetar\u00ebt e ndersh\u00ebm. Sipas Tabakut, n\u00eb nj\u00eb koh\u00eb kur Shqip\u00ebria ndodhet n\u00eb nj\u00eb kriz\u00eb t\u00eb thell\u00eb ekonomike, ku\u2026","rel":"","context":"In &quot;Blogu i Udh\u00ebtarit&quot;","block_context":{"text":"Blogu i Udh\u00ebtarit","link":"https:\/\/www.shqiperia.com\/blog\/category\/blogu-i-udhetarit\/"},"img":{"alt_text":"","src":"https:\/\/i0.wp.com\/www.shqiperia.com\/blog\/wp-content\/uploads\/2025\/01\/jorida-tabaku-1.jpg?fit=1200%2C764&ssl=1&resize=350%2C200","width":350,"height":200,"srcset":"https:\/\/i0.wp.com\/www.shqiperia.com\/blog\/wp-content\/uploads\/2025\/01\/jorida-tabaku-1.jpg?fit=1200%2C764&ssl=1&resize=350%2C200 1x, https:\/\/i0.wp.com\/www.shqiperia.com\/blog\/wp-content\/uploads\/2025\/01\/jorida-tabaku-1.jpg?fit=1200%2C764&ssl=1&resize=525%2C300 1.5x, https:\/\/i0.wp.com\/www.shqiperia.com\/blog\/wp-content\/uploads\/2025\/01\/jorida-tabaku-1.jpg?fit=1200%2C764&ssl=1&resize=700%2C400 2x, https:\/\/i0.wp.com\/www.shqiperia.com\/blog\/wp-content\/uploads\/2025\/01\/jorida-tabaku-1.jpg?fit=1200%2C764&ssl=1&resize=1050%2C600 3x"},"classes":[]},{"id":95492,"url":"https:\/\/www.shqiperia.com\/blog\/mehmeti-pagat-e-mesuesve-me-te-uleta-se-te-sanitareve\/","url_meta":{"origin":88514,"position":4},"title":"Mehmeti: &#8211; Pagat e m\u00ebsuesve m\u00eb t\u00eb ul\u00ebta se t\u00eb sanitareve","author":"Kurt Farka","date":"December 10, 2025","format":false,"excerpt":"10 Dhjetor 2025 Eksperti i arsimit, Ndri\u00e7im Mehmeti, ka ngritur shqet\u00ebsimin p\u00ebr mosbalancimin e pagave n\u00eb institucionet arsimore gjat\u00eb intervist\u00ebs s\u00eb tij n\u00eb emisionin \u201cEpiqend\u00ebr\u201d t\u00eb moderatores s\u00eb Ora News, Sonila Musai. Ai theksoi se situata aktuale krijon nj\u00eb situat\u00eb paradoksale dhe demotivon m\u00ebsuesit e rinj: \u201cN\u00ebse paguan 52 mij\u00eb\u2026","rel":"","context":"In &quot;Blogu i Udh\u00ebtarit&quot;","block_context":{"text":"Blogu i Udh\u00ebtarit","link":"https:\/\/www.shqiperia.com\/blog\/category\/blogu-i-udhetarit\/"},"img":{"alt_text":"","src":"https:\/\/i0.wp.com\/www.shqiperia.com\/blog\/wp-content\/uploads\/2025\/12\/600-388-whatsapp-image-2025-12-09-at-71323-pm-2-1765306528.jpeg?fit=600%2C388&ssl=1&resize=350%2C200","width":350,"height":200,"srcset":"https:\/\/i0.wp.com\/www.shqiperia.com\/blog\/wp-content\/uploads\/2025\/12\/600-388-whatsapp-image-2025-12-09-at-71323-pm-2-1765306528.jpeg?fit=600%2C388&ssl=1&resize=350%2C200 1x, https:\/\/i0.wp.com\/www.shqiperia.com\/blog\/wp-content\/uploads\/2025\/12\/600-388-whatsapp-image-2025-12-09-at-71323-pm-2-1765306528.jpeg?fit=600%2C388&ssl=1&resize=525%2C300 1.5x"},"classes":[]},{"id":88990,"url":"https:\/\/www.shqiperia.com\/blog\/lekundje-termeti-ne-shqiperi-ja-ku-ishte-epiqendra\/","url_meta":{"origin":88514,"position":5},"title":"L\u00ebkundje t\u00ebrmeti n\u00eb Shqip\u00ebri, ja ku ishte epiqendra","author":"Kurt Farka","date":"February 4, 2025","format":false,"excerpt":"4 Shkurt 2025 L\u00ebkundje t\u00ebrmeti jan\u00eb regjistruar n\u00eb vendin ton\u00eb k\u00ebt\u00eb pasdite. Sipas t\u00eb dh\u00ebnave, epiqendra e t\u00ebrmetit ka qen\u00eb n\u00eb af\u00ebrsi t\u00eb Puk\u00ebs. S\u2019dihet ende magnituda e l\u00ebkundjes sizmike, por paraprakisht nuk raportohet p\u00ebr d\u00ebme.","rel":"","context":"In &quot;Blogu i Udh\u00ebtarit&quot;","block_context":{"text":"Blogu i Udh\u00ebtarit","link":"https:\/\/www.shqiperia.com\/blog\/category\/blogu-i-udhetarit\/"},"img":{"alt_text":"","src":"https:\/\/i0.wp.com\/www.shqiperia.com\/blog\/wp-content\/uploads\/2025\/02\/termet-1-1.jpg?fit=850%2C478&ssl=1&resize=350%2C200","width":350,"height":200,"srcset":"https:\/\/i0.wp.com\/www.shqiperia.com\/blog\/wp-content\/uploads\/2025\/02\/termet-1-1.jpg?fit=850%2C478&ssl=1&resize=350%2C200 1x, https:\/\/i0.wp.com\/www.shqiperia.com\/blog\/wp-content\/uploads\/2025\/02\/termet-1-1.jpg?fit=850%2C478&ssl=1&resize=525%2C300 1.5x, https:\/\/i0.wp.com\/www.shqiperia.com\/blog\/wp-content\/uploads\/2025\/02\/termet-1-1.jpg?fit=850%2C478&ssl=1&resize=700%2C400 2x"},"classes":[]}],"_links":{"self":[{"href":"https:\/\/www.shqiperia.com\/blog\/wp-json\/wp\/v2\/posts\/88514","targetHints":{"allow":["GET"]}}],"collection":[{"href":"https:\/\/www.shqiperia.com\/blog\/wp-json\/wp\/v2\/posts"}],"about":[{"href":"https:\/\/www.shqiperia.com\/blog\/wp-json\/wp\/v2\/types\/post"}],"author":[{"embeddable":true,"href":"https:\/\/www.shqiperia.com\/blog\/wp-json\/wp\/v2\/users\/9"}],"replies":[{"embeddable":true,"href":"https:\/\/www.shqiperia.com\/blog\/wp-json\/wp\/v2\/comments?post=88514"}],"version-history":[{"count":1,"href":"https:\/\/www.shqiperia.com\/blog\/wp-json\/wp\/v2\/posts\/88514\/revisions"}],"predecessor-version":[{"id":88516,"href":"https:\/\/www.shqiperia.com\/blog\/wp-json\/wp\/v2\/posts\/88514\/revisions\/88516"}],"wp:featuredmedia":[{"embeddable":true,"href":"https:\/\/www.shqiperia.com\/blog\/wp-json\/wp\/v2\/media\/88515"}],"wp:attachment":[{"href":"https:\/\/www.shqiperia.com\/blog\/wp-json\/wp\/v2\/media?parent=88514"}],"wp:term":[{"taxonomy":"category","embeddable":true,"href":"https:\/\/www.shqiperia.com\/blog\/wp-json\/wp\/v2\/categories?post=88514"},{"taxonomy":"post_tag","embeddable":true,"href":"https:\/\/www.shqiperia.com\/blog\/wp-json\/wp\/v2\/tags?post=88514"}],"curies":[{"name":"wp","href":"https:\/\/api.w.org\/{rel}","templated":true}]}}