{"id":88510,"date":"2025-01-18T04:30:11","date_gmt":"2025-01-18T04:30:11","guid":{"rendered":"https:\/\/www.shqiperia.com\/blog\/?p=88510"},"modified":"2025-01-18T04:30:11","modified_gmt":"2025-01-18T04:30:11","slug":"ka-edhe-nje-emer-te-cuditshem-gazetari-zbardh-hetimet-per-veliajn-prova-te-reja-lidhin-kryebashkiakun-me","status":"publish","type":"post","link":"https:\/\/www.shqiperia.com\/blog\/ka-edhe-nje-emer-te-cuditshem-gazetari-zbardh-hetimet-per-veliajn-prova-te-reja-lidhin-kryebashkiakun-me\/","title":{"rendered":"\u201cKa edhe nj\u00eb em\u00ebr t\u00eb \u00e7uditsh\u00ebm\u201d, gazetari zbardh hetimet p\u00ebr Veliajn: Prova t\u00eb reja lidhin kryebashkiakun me\u2026"},"content":{"rendered":"<p><img data-recalc-dims=\"1\" loading=\"lazy\" decoding=\"async\" data-attachment-id=\"88512\" data-permalink=\"https:\/\/www.shqiperia.com\/blog\/ka-edhe-nje-emer-te-cuditshem-gazetari-zbardh-hetimet-per-veliajn-prova-te-reja-lidhin-kryebashkiakun-me\/600-388-vel-1733556909-4\/\" data-orig-file=\"https:\/\/i0.wp.com\/www.shqiperia.com\/blog\/wp-content\/uploads\/2025\/01\/600-388-vel-1733556909-2.jpg?fit=600%2C388&amp;ssl=1\" data-orig-size=\"600,388\" data-comments-opened=\"1\" data-image-meta=\"{&quot;aperture&quot;:&quot;0&quot;,&quot;credit&quot;:&quot;&quot;,&quot;camera&quot;:&quot;&quot;,&quot;caption&quot;:&quot;&quot;,&quot;created_timestamp&quot;:&quot;0&quot;,&quot;copyright&quot;:&quot;&quot;,&quot;focal_length&quot;:&quot;0&quot;,&quot;iso&quot;:&quot;0&quot;,&quot;shutter_speed&quot;:&quot;0&quot;,&quot;title&quot;:&quot;&quot;,&quot;orientation&quot;:&quot;0&quot;}\" data-image-title=\"-600-388-vel-1733556909\" data-image-description=\"\" data-image-caption=\"\" data-medium-file=\"https:\/\/i0.wp.com\/www.shqiperia.com\/blog\/wp-content\/uploads\/2025\/01\/600-388-vel-1733556909-2.jpg?fit=300%2C194&amp;ssl=1\" data-large-file=\"https:\/\/i0.wp.com\/www.shqiperia.com\/blog\/wp-content\/uploads\/2025\/01\/600-388-vel-1733556909-2.jpg?fit=600%2C388&amp;ssl=1\" class=\"alignnone  wp-image-88512\" alt=\"\" src=\"https:\/\/i0.wp.com\/www.shqiperia.com\/blog\/wp-content\/uploads\/2025\/01\/600-388-vel-1733556909-2.jpg?resize=656%2C424&#038;ssl=1\" width=\"656\" height=\"424\" srcset=\"https:\/\/i0.wp.com\/www.shqiperia.com\/blog\/wp-content\/uploads\/2025\/01\/600-388-vel-1733556909-2.jpg?resize=300%2C194&amp;ssl=1 300w, https:\/\/i0.wp.com\/www.shqiperia.com\/blog\/wp-content\/uploads\/2025\/01\/600-388-vel-1733556909-2.jpg?resize=450%2C291&amp;ssl=1 450w, https:\/\/i0.wp.com\/www.shqiperia.com\/blog\/wp-content\/uploads\/2025\/01\/600-388-vel-1733556909-2.jpg?resize=400%2C259&amp;ssl=1 400w, https:\/\/i0.wp.com\/www.shqiperia.com\/blog\/wp-content\/uploads\/2025\/01\/600-388-vel-1733556909-2.jpg?w=600&amp;ssl=1 600w\" sizes=\"auto, (max-width: 656px) 100vw, 656px\" \/><\/p>\n<p>18 Janar 2025<\/p>\n<p>N\u00eb nj\u00eb intervist\u00eb t\u00eb zhvilluar n\u00eb nj\u00eb emision televiziv gazetari Basir \u00c7ollaku ka dh\u00ebn\u00eb nj\u00eb pasqyr\u00eb t\u00eb thell\u00eb t\u00eb hetimeve q\u00eb po zhvillohen mbi veprimtarin\u00eb e kryetarit t\u00eb bashkis\u00eb s\u00eb Tiran\u00ebs, Erion Veliaj. Ai ka zbuluar informacione t\u00eb reja q\u00eb lidhin k\u00ebt\u00eb hetim me korrupsionin dhe pastrimin e parave, duke theksuar se \u00e7\u00ebshtja \u00ebsht\u00eb shum\u00eb m\u00eb e gjer\u00eb se sa duket n\u00eb sip\u00ebrfaqe.<\/p>\n<p>\u00c7ollaku ka p\u00ebrmendur se \u00e7do dit\u00eb po dalin prova t\u00eb reja, duke p\u00ebrfshir\u00eb gjetje t\u00eb parave dhe kontratave t\u00eb dyshimta. Ai ka theksuar gjithashtu lidhjet e ngushta mes Veliajt dhe biznesmen\u00ebve q\u00eb jan\u00eb pjes\u00eb e fushatave elektorale. Hetimi q\u00eb po zhvillohet p\u00ebrfshin edhe pasuri t\u00eb fshehura dhe pastrim parash p\u00ebrmes investimeve n\u00eb pasuri t\u00eb paluajtshme dhe veprat e artit. N\u00eb intervist\u00eb, ai ka lidhur k\u00ebto fakte me fjal\u00ebt e kryeministrit dhe kryebashkiakut, duke th\u00ebn\u00eb se ata jan\u00eb t\u00eb lidhur direkt p\u00ebrball\u00eb p\u00ebrgjegj\u00ebsis\u00eb penale. Sipas tij, kjo \u00e7\u00ebshtje \u00ebsht\u00eb nj\u00eb emergjenc\u00eb p\u00ebr besueshm\u00ebrin\u00eb e institucioneve dhe k\u00ebrkon hetime t\u00eb thella p\u00ebr t\u00eb zbuluar t\u00eb v\u00ebrtet\u00ebn.<\/p>\n<p>\u2018Ne kemi nj\u00eb 5D brenda sht\u00ebpis\u00eb s\u00eb Veliajt, kemi n\u00eb \u00e7do banes\u00eb t\u00eb kontrolluar, apartament apo zyr\u00eb, dhe apartamente sekrete. Po na del nj\u00eb \u00e7do dit\u00eb, gjejm\u00eb para, gjejm\u00eb kontrata, gjejm\u00eb materiale komprometuese p\u00ebr kryetarin e bashkis\u00eb, p\u00ebr familjen e tij, p\u00ebr sip\u00ebrmarr\u00ebs dhe biznesmen\u00eb t\u00eb cil\u00ebt kan\u00eb qen\u00eb n\u00eb nj\u00eb far\u00eb m\u00ebnyre dhe t\u00eb kontraktuar p\u00ebr fushatat elektorale. Ky ka qen\u00eb ekipi q\u00eb ka dhunuar vullnetin e qytetar\u00ebve t\u00eb Tiran\u00ebs, \u00e7ka e b\u00ebn nj\u00eb emergjenc\u00eb edhe p\u00ebr besueshm\u00ebrin\u00eb e policis\u00eb, me k\u00ebto akuza dhe k\u00ebto prova t\u00eb shumta t\u00eb gjetura, jo vet\u00ebm p\u00ebr Veliajn, por edhe p\u00ebr familjar\u00ebt e tij.<\/p>\n<p>Kujtojm\u00eb k\u00ebtu q\u00eb jo vet\u00ebm 100 mij\u00eb eurot e gjetura her\u00ebn e fundit n\u00eb apartamentin \u201ckesh\u201d, ka edhe nj\u00eb em\u00ebr t\u00eb \u00e7uditsh\u00ebm, mbase ka qen\u00eb i mbushur gjith\u00eb apartamenti, por edhe veprat e artit q\u00eb jan\u00eb nj\u00eb nga destinacionet e pastrimit t\u00eb parave.<\/p>\n<p>Ky hetim do t\u00eb na \u00e7oj\u00eb n\u00eb t\u00eb tjera afera, do t\u00eb na \u00e7oj\u00eb n\u00eb t\u00eb tjera seli t\u00eb fshehjes s\u00eb parave, mund t\u00eb jen\u00eb offshore, mund t\u00eb jen\u00eb biznese jasht\u00eb vendit. E gjith\u00eb kjo, nuk mund t\u00eb jet\u00eb e ndar\u00eb, nuk mund t\u00eb jet\u00eb e shk\u00ebputur nga kryeministri i vendit, sepse gjith\u00eb k\u00ebto pallate shum\u00ebkat\u00ebshe, gjith\u00eb k\u00ebto investime strategjike, sidomos n\u00eb kryeqytet, nuk mund t\u00eb menjanohen dhe t\u00eb shk\u00ebputen pa firm\u00ebn, n\u00ebnshkrimin, p\u00ebrgatitjen s\u00eb dosjes nga kryebashkiaku i Tiran\u00ebs dhe nga ekipi i tij.<\/p>\n<p>Pra, kryeministri dhe kryebashkiaku e kan\u00eb t\u00eb lidhur fatin penal dhe fatin e faj\u00ebsis\u00eb s\u00eb tyre s\u00eb bashku, sepse n\u00ebnshkrimet, bizneset dhe gjith\u00eb k\u00ebto dosje t\u00eb shumta q\u00eb gjenden tani n\u00eb hetim nga prokuroria e posa\u00e7me, kemi 5D, kemi EcoTirana, kemi Ndraghet\u00ebn, kemi Teatrin Komb\u00ebtar, kemi mbjelljen e pem\u00ebve, nuk e di sa dosje kemi q\u00eb nuk jan\u00eb aty.<\/p>\n<p>Kemi nj\u00eb dosje t\u00eb cil\u00ebn antimafia italiane dhe gjykata me nj\u00eb vendim t\u00eb form\u00ebs s\u00eb prer\u00eb denuan biznesmen\u00ebt q\u00eb kan\u00eb punuar n\u00eb Bashkin\u00eb e Tiran\u00ebs.\u2019- u shpreh \u00c7ollaku.<\/p>\n","protected":false},"excerpt":{"rendered":"<p>18 Janar 2025 N\u00eb nj\u00eb intervist\u00eb t\u00eb zhvilluar n\u00eb nj\u00eb emision televiziv gazetari Basir \u00c7ollaku ka dh\u00ebn\u00eb nj\u00eb pasqyr\u00eb t\u00eb thell\u00eb t\u00eb hetimeve q\u00eb po zhvillohen mbi veprimtarin\u00eb e kryetarit t\u00eb bashkis\u00eb s\u00eb Tiran\u00ebs, Erion Veliaj. Ai ka zbuluar informacione t\u00eb reja q\u00eb lidhin k\u00ebt\u00eb hetim me korrupsionin dhe pastrimin e parave, duke theksuar se [&hellip;]<\/p>\n","protected":false},"author":9,"featured_media":88512,"comment_status":"open","ping_status":"open","sticky":false,"template":"","format":"standard","meta":{"jetpack_post_was_ever_published":false,"_jetpack_newsletter_access":"","_jetpack_dont_email_post_to_subs":false,"_jetpack_newsletter_tier_id":0,"_jetpack_memberships_contains_paywalled_content":false,"_jetpack_memberships_contains_paid_content":false,"footnotes":"","jetpack_publicize_message":"","jetpack_publicize_feature_enabled":true,"jetpack_social_post_already_shared":true,"jetpack_social_options":{"image_generator_settings":{"template":"highway","default_image_id":0,"font":"","enabled":false},"version":2}},"categories":[27,1,2],"tags":[],"class_list":["post-88510","post","type-post","status-publish","format-standard","has-post-thumbnail","hentry","category-blogu-i-udhetarit","category-njoftime-shtypi","category-politika"],"jetpack_publicize_connections":[],"jetpack_featured_media_url":"https:\/\/i0.wp.com\/www.shqiperia.com\/blog\/wp-content\/uploads\/2025\/01\/600-388-vel-1733556909-2.jpg?fit=600%2C388&ssl=1","jetpack_sharing_enabled":true,"jetpack_shortlink":"https:\/\/wp.me\/p5Z6wp-n1A","jetpack-related-posts":[{"id":81579,"url":"https:\/\/www.shqiperia.com\/blog\/rama-kreu-i-mafies-gazetari-i-njohur-ben-deklaraten-e-forte-godina-e-kryeministrise-eshte-marre-me-qira-nga\/","url_meta":{"origin":88510,"position":0},"title":"&#8220;Rama kreu i mafies&#8221;, gazetari i njohur b\u00ebn deklarat\u00ebn e fort\u00eb: &#8211; Godina e Kryeministris\u00eb \u00ebsht\u00eb marr\u00eb me qira nga&#8230;","author":"Kurt Farka","date":"June 3, 2024","format":false,"excerpt":"3 Qershor 2024 Gazetari Basir \u00c7ollaku ka komentuar takimin e kryeministrit Edi Rama me Luftar Hys\u00ebn, t\u00eb akuzuar nga mediat meksikane dhe ato kanadeze si pastrues i parave t\u00eb kartelit t\u00eb Sinaloas. \u00c7ollaku theksoi se sipas deklaratave t\u00eb ish-z\u00ebvend\u00ebskryeministrit Ahmetaj, Rama i takon mafioz\u00ebt n\u00eb zyr\u00eb, ku b\u00ebn mbledhje me\u2026","rel":"","context":"In &quot;Blogu i Udh\u00ebtarit&quot;","block_context":{"text":"Blogu i Udh\u00ebtarit","link":"https:\/\/www.shqiperia.com\/blog\/category\/blogu-i-udhetarit\/"},"img":{"alt_text":"","src":"https:\/\/i0.wp.com\/www.shqiperia.com\/blog\/wp-content\/uploads\/2024\/06\/images.jpg?resize=350%2C200&ssl=1","width":350,"height":200,"srcset":"https:\/\/i0.wp.com\/www.shqiperia.com\/blog\/wp-content\/uploads\/2024\/06\/images.jpg?resize=350%2C200&ssl=1 1x, https:\/\/i0.wp.com\/www.shqiperia.com\/blog\/wp-content\/uploads\/2024\/06\/images.jpg?resize=525%2C300&ssl=1 1.5x, https:\/\/i0.wp.com\/www.shqiperia.com\/blog\/wp-content\/uploads\/2024\/06\/images.jpg?resize=700%2C400&ssl=1 2x"},"classes":[]},{"id":8024,"url":"https:\/\/www.shqiperia.com\/blog\/gazetari-xhaxhiu-ja-emri-i-deputetit-qe-ka-1-8-milione-euro-pasuri-fate-velaj-dhe-merr-ndihme-ekonomike\/","url_meta":{"origin":88510,"position":1},"title":"Gazetari Xhaxhiu: Ja emri i deputetit q\u00eb ka 1.8 milion\u00eb euro pasuri: Fate Velaj dhe merr ndihm\u00eb ekonomike.-","author":"Kurt Farka","date":"May 29, 2018","format":false,"excerpt":"Gazetari Xhaxhiu: Ja emri i deputetit q\u00eb ka 1.8 milion\u00eb euro pasuri Fate Velaj dhe merr ndihm\u00eb ekonomike Fate Velaj, deputet i PS, pasuria 1.8 milion\u00eb euro dhe merr ndihm\u00eb ekonomike, N\u00eb emisionin e m\u00ebngjesit t\u00eb Xhaxhiut n\u00eb\u00a0\u201cFax News\u201d\u00a0sot ishte i ftuar pedagogu Erion Kristo p\u00ebr t\u00eb diskutuar n\u00eb lidhje\u2026","rel":"","context":"In &quot;Njoftime Shtypi&quot;","block_context":{"text":"Njoftime Shtypi","link":"https:\/\/www.shqiperia.com\/blog\/category\/njoftime-shtypi\/"},"img":{"alt_text":"","src":"https:\/\/i0.wp.com\/www.shqiperia.com\/blog\/wp-content\/uploads\/2018\/05\/FATE-VELAJ.jpg?fit=1024%2C611&ssl=1&resize=350%2C200","width":350,"height":200,"srcset":"https:\/\/i0.wp.com\/www.shqiperia.com\/blog\/wp-content\/uploads\/2018\/05\/FATE-VELAJ.jpg?fit=1024%2C611&ssl=1&resize=350%2C200 1x, https:\/\/i0.wp.com\/www.shqiperia.com\/blog\/wp-content\/uploads\/2018\/05\/FATE-VELAJ.jpg?fit=1024%2C611&ssl=1&resize=525%2C300 1.5x, https:\/\/i0.wp.com\/www.shqiperia.com\/blog\/wp-content\/uploads\/2018\/05\/FATE-VELAJ.jpg?fit=1024%2C611&ssl=1&resize=700%2C400 2x"},"classes":[]},{"id":98401,"url":"https:\/\/www.shqiperia.com\/blog\/copjat-pasuri-8-mld-euro-pothuajse-sa-buxheti-i-shtetit-deputeti-i-pd-prezanton-projektligjin-e-administrimit-te-pasurive-te-konfiskuara-apartamentet-e-krimit-per-familjet-e-poli\/","url_meta":{"origin":88510,"position":2},"title":"\u201c\u00c7opjat pasuri 8 mld euro, pothuajse sa buxheti i shtetit!\u201d- Deputeti i PD prezanton projektligjin e administrimit t\u00eb pasurive t\u00eb konfiskuara: Apartamentet e krimit p\u00ebr familjet e polic\u00ebve t\u00eb vrar\u00eb dhe\u2026","author":"Kurt Farka","date":"March 14, 2026","format":false,"excerpt":"14 Mars 2026 Deputeti i Partis\u00eb Demokratike, Klevis Balliu, foli p\u00ebr projektligjin e ri q\u00eb synon administrimin dhe p\u00ebrdorimin e pasurive t\u00eb sekuestruara dhe konfiskuara nga aktivitetet kriminale, p\u00ebr q\u00ebllime sociale. N\u00eb emisionin \u201cKjo jav\u00eb\u201d n\u00eb \u201cNews 24\u201d mbr\u00ebmjen e sotme, n\u00eb cil\u00ebsin\u00eb e propozuesit dhe n\u00ebnkryetarit t\u00eb Komisionit p\u00ebr\u2026","rel":"","context":"In &quot;Blogu i Udh\u00ebtarit&quot;","block_context":{"text":"Blogu i Udh\u00ebtarit","link":"https:\/\/www.shqiperia.com\/blog\/category\/blogu-i-udhetarit\/"},"img":{"alt_text":"","src":"https:\/\/i0.wp.com\/www.shqiperia.com\/blog\/wp-content\/uploads\/2026\/03\/1000-0-buxheti.jpg?fit=1000%2C531&ssl=1&resize=350%2C200","width":350,"height":200,"srcset":"https:\/\/i0.wp.com\/www.shqiperia.com\/blog\/wp-content\/uploads\/2026\/03\/1000-0-buxheti.jpg?fit=1000%2C531&ssl=1&resize=350%2C200 1x, https:\/\/i0.wp.com\/www.shqiperia.com\/blog\/wp-content\/uploads\/2026\/03\/1000-0-buxheti.jpg?fit=1000%2C531&ssl=1&resize=525%2C300 1.5x, https:\/\/i0.wp.com\/www.shqiperia.com\/blog\/wp-content\/uploads\/2026\/03\/1000-0-buxheti.jpg?fit=1000%2C531&ssl=1&resize=700%2C400 2x"},"classes":[]},{"id":74235,"url":"https:\/\/www.shqiperia.com\/blog\/nje-tjeter-liste-me-non-grata-ka-mberritur-nga-britania-ministra-dhe-anetare-te-grupit-te-ps\/","url_meta":{"origin":88510,"position":3},"title":"Nj\u00eb tjet\u00ebr list\u00eb me non grata ka mb\u00ebrritur nga Britania, ministra dhe an\u00ebtar\u00eb t\u00eb grupit t\u00eb PS","author":"Kurt Farka","date":"September 13, 2023","format":false,"excerpt":"13 Shtator 2023 \"... \u201cLajmi para pak dit\u00ebsh se nga nj\u00eb alet strategjik jan\u00eb sanksionuar mbi 13 deputet\u00eb p\u00ebrfshir\u00eb dhe an\u00ebtar\u00eb t\u00eb k\u00ebsaj qeverie askush nuk flet p\u00ebr k\u00ebt\u00eb. A \u00ebsht\u00eb e v\u00ebrtet\u00eb\"? N\u00ebnkryetari i Partis\u00eb Demokratike, Kreshnik \u00c7ollaku thot\u00eb se nj\u00eb tjet\u00ebr list\u00eb me non grata nga Britania e\u2026","rel":"","context":"In &quot;Blogu i Udh\u00ebtarit&quot;","block_context":{"text":"Blogu i Udh\u00ebtarit","link":"https:\/\/www.shqiperia.com\/blog\/category\/blogu-i-udhetarit\/"},"img":{"alt_text":"","src":"https:\/\/i0.wp.com\/www.shqiperia.com\/blog\/wp-content\/uploads\/2023\/09\/800-0-6501daf1ef74c.jpg?fit=800%2C513&ssl=1&resize=350%2C200","width":350,"height":200,"srcset":"https:\/\/i0.wp.com\/www.shqiperia.com\/blog\/wp-content\/uploads\/2023\/09\/800-0-6501daf1ef74c.jpg?fit=800%2C513&ssl=1&resize=350%2C200 1x, https:\/\/i0.wp.com\/www.shqiperia.com\/blog\/wp-content\/uploads\/2023\/09\/800-0-6501daf1ef74c.jpg?fit=800%2C513&ssl=1&resize=525%2C300 1.5x, https:\/\/i0.wp.com\/www.shqiperia.com\/blog\/wp-content\/uploads\/2023\/09\/800-0-6501daf1ef74c.jpg?fit=800%2C513&ssl=1&resize=700%2C400 2x"},"classes":[]},{"id":33817,"url":"https:\/\/www.shqiperia.com\/blog\/tiede-rames-po-ndjek-gjurmet-ku-i-gjete-parate-per-avokatin-me-te-shtrenjte-ne-gjermani\/","url_meta":{"origin":88510,"position":4},"title":"Tiede-Ram\u00ebs: &#8211; Po ndjek gjurm\u00ebt ku i gjete parat\u00eb p\u00ebr avokatin m\u00eb t\u00eb shtrenjt\u00eb n\u00eb Gjermani","author":"Kurt Farka","date":"April 27, 2020","format":false,"excerpt":"Tiede-Ram\u00ebs: - Po ndjek gjurm\u00ebt ku i gjete parat\u00eb p\u00ebr avokatin m\u00eb t\u00eb shtrenjt\u00eb n\u00eb Gjermani - 21\/04\/20 Gazetari i Bild n\u00eb Gjermani, Peter Tiede, ka l\u00ebn\u00eb t\u00eb kuptoj\u00eb n\u00eb emisionin A-Krasta Show n\u00eb Syri Tv, se ka filluar t\u00eb ndjek\u00eb gjurm\u00ebt e parave t\u00eb cilat Rama ka paguar avokatin\u2026","rel":"","context":"In &quot;Politika&quot;","block_context":{"text":"Politika","link":"https:\/\/www.shqiperia.com\/blog\/category\/politika\/"},"img":{"alt_text":"","src":"https:\/\/i0.wp.com\/www.shqiperia.com\/blog\/wp-content\/uploads\/2020\/04\/peter-tiede1.jpg?fit=648%2C369&ssl=1&resize=350%2C200","width":350,"height":200,"srcset":"https:\/\/i0.wp.com\/www.shqiperia.com\/blog\/wp-content\/uploads\/2020\/04\/peter-tiede1.jpg?fit=648%2C369&ssl=1&resize=350%2C200 1x, https:\/\/i0.wp.com\/www.shqiperia.com\/blog\/wp-content\/uploads\/2020\/04\/peter-tiede1.jpg?fit=648%2C369&ssl=1&resize=525%2C300 1.5x"},"classes":[]},{"id":99639,"url":"https:\/\/www.shqiperia.com\/blog\/spak-zbulon-grup-kriminal-ne-zemer-te-akshi-t-bushkolaj-rama-i-lidhur-indirekt-me-skemen-e-pastrimit-te\/","url_meta":{"origin":88510,"position":5},"title":"\u201cSPAK zbulon grup kriminal n\u00eb zem\u00ebr t\u00eb AKSHI-t\u201d, Bushkolaj: Rama i lidhur indirekt me skem\u00ebn e pastrimit t\u00eb\u2026","author":"Kurt Farka","date":"April 22, 2026","format":false,"excerpt":"22 Prill 026 Nj\u00eb dosje e Prokuroris\u00eb s\u00eb Posa\u00e7me (SPAK) ka zbardhur ekzistenc\u00ebn e nj\u00eb grupi t\u00eb mir\u00ebfillt\u00eb t\u00eb strukturuar kriminal q\u00eb operonte vet\u00ebm pak metra larg zyr\u00ebs s\u00eb kryeministrit, i lidhur me Agjencin\u00eb Komb\u00ebtare t\u00eb Shoq\u00ebris\u00eb s\u00eb Informacionit (AKSHI). I ftuar n\u00eb nj\u00eb interviste televizive, gazetari Elkier Bushkolaj, u\u2026","rel":"","context":"In &quot;Blogu i Udh\u00ebtarit&quot;","block_context":{"text":"Blogu i Udh\u00ebtarit","link":"https:\/\/www.shqiperia.com\/blog\/category\/blogu-i-udhetarit\/"},"img":{"alt_text":"","src":"https:\/\/i0.wp.com\/www.shqiperia.com\/blog\/wp-content\/uploads\/2026\/04\/Elkier-Bushkolaj.jpg?fit=640%2C424&ssl=1&resize=350%2C200","width":350,"height":200,"srcset":"https:\/\/i0.wp.com\/www.shqiperia.com\/blog\/wp-content\/uploads\/2026\/04\/Elkier-Bushkolaj.jpg?fit=640%2C424&ssl=1&resize=350%2C200 1x, https:\/\/i0.wp.com\/www.shqiperia.com\/blog\/wp-content\/uploads\/2026\/04\/Elkier-Bushkolaj.jpg?fit=640%2C424&ssl=1&resize=525%2C300 1.5x"},"classes":[]}],"_links":{"self":[{"href":"https:\/\/www.shqiperia.com\/blog\/wp-json\/wp\/v2\/posts\/88510","targetHints":{"allow":["GET"]}}],"collection":[{"href":"https:\/\/www.shqiperia.com\/blog\/wp-json\/wp\/v2\/posts"}],"about":[{"href":"https:\/\/www.shqiperia.com\/blog\/wp-json\/wp\/v2\/types\/post"}],"author":[{"embeddable":true,"href":"https:\/\/www.shqiperia.com\/blog\/wp-json\/wp\/v2\/users\/9"}],"replies":[{"embeddable":true,"href":"https:\/\/www.shqiperia.com\/blog\/wp-json\/wp\/v2\/comments?post=88510"}],"version-history":[{"count":1,"href":"https:\/\/www.shqiperia.com\/blog\/wp-json\/wp\/v2\/posts\/88510\/revisions"}],"predecessor-version":[{"id":88513,"href":"https:\/\/www.shqiperia.com\/blog\/wp-json\/wp\/v2\/posts\/88510\/revisions\/88513"}],"wp:featuredmedia":[{"embeddable":true,"href":"https:\/\/www.shqiperia.com\/blog\/wp-json\/wp\/v2\/media\/88512"}],"wp:attachment":[{"href":"https:\/\/www.shqiperia.com\/blog\/wp-json\/wp\/v2\/media?parent=88510"}],"wp:term":[{"taxonomy":"category","embeddable":true,"href":"https:\/\/www.shqiperia.com\/blog\/wp-json\/wp\/v2\/categories?post=88510"},{"taxonomy":"post_tag","embeddable":true,"href":"https:\/\/www.shqiperia.com\/blog\/wp-json\/wp\/v2\/tags?post=88510"}],"curies":[{"name":"wp","href":"https:\/\/api.w.org\/{rel}","templated":true}]}}