{"id":88507,"date":"2025-01-17T15:53:08","date_gmt":"2025-01-17T15:53:08","guid":{"rendered":"https:\/\/www.shqiperia.com\/blog\/?p=88507"},"modified":"2025-01-17T15:53:08","modified_gmt":"2025-01-17T15:53:08","slug":"rekord-historik-deficiti-tregtar-arrin-ne-52-mld-euro","status":"publish","type":"post","link":"https:\/\/www.shqiperia.com\/blog\/rekord-historik-deficiti-tregtar-arrin-ne-52-mld-euro\/","title":{"rendered":"Rekord historik, deficiti tregtar arrin n\u00eb 5,2 mld euro"},"content":{"rendered":"<p><img data-recalc-dims=\"1\" loading=\"lazy\" decoding=\"async\" data-attachment-id=\"88508\" data-permalink=\"https:\/\/www.shqiperia.com\/blog\/rekord-historik-deficiti-tregtar-arrin-ne-52-mld-euro\/defi\/\" data-orig-file=\"https:\/\/i0.wp.com\/www.shqiperia.com\/blog\/wp-content\/uploads\/2025\/01\/defi.jpg?fit=640%2C427&amp;ssl=1\" data-orig-size=\"640,427\" data-comments-opened=\"1\" data-image-meta=\"{&quot;aperture&quot;:&quot;0&quot;,&quot;credit&quot;:&quot;&quot;,&quot;camera&quot;:&quot;&quot;,&quot;caption&quot;:&quot;&quot;,&quot;created_timestamp&quot;:&quot;0&quot;,&quot;copyright&quot;:&quot;&quot;,&quot;focal_length&quot;:&quot;0&quot;,&quot;iso&quot;:&quot;0&quot;,&quot;shutter_speed&quot;:&quot;0&quot;,&quot;title&quot;:&quot;&quot;,&quot;orientation&quot;:&quot;0&quot;}\" data-image-title=\"defi\" data-image-description=\"\" data-image-caption=\"\" data-medium-file=\"https:\/\/i0.wp.com\/www.shqiperia.com\/blog\/wp-content\/uploads\/2025\/01\/defi.jpg?fit=300%2C200&amp;ssl=1\" data-large-file=\"https:\/\/i0.wp.com\/www.shqiperia.com\/blog\/wp-content\/uploads\/2025\/01\/defi.jpg?fit=640%2C427&amp;ssl=1\" class=\"alignnone  wp-image-88508\" alt=\"\" src=\"https:\/\/i0.wp.com\/www.shqiperia.com\/blog\/wp-content\/uploads\/2025\/01\/defi.jpg?resize=614%2C409&#038;ssl=1\" width=\"614\" height=\"409\" srcset=\"https:\/\/i0.wp.com\/www.shqiperia.com\/blog\/wp-content\/uploads\/2025\/01\/defi.jpg?resize=300%2C200&amp;ssl=1 300w, https:\/\/i0.wp.com\/www.shqiperia.com\/blog\/wp-content\/uploads\/2025\/01\/defi.jpg?resize=600%2C400&amp;ssl=1 600w, https:\/\/i0.wp.com\/www.shqiperia.com\/blog\/wp-content\/uploads\/2025\/01\/defi.jpg?resize=450%2C300&amp;ssl=1 450w, https:\/\/i0.wp.com\/www.shqiperia.com\/blog\/wp-content\/uploads\/2025\/01\/defi.jpg?resize=400%2C267&amp;ssl=1 400w, https:\/\/i0.wp.com\/www.shqiperia.com\/blog\/wp-content\/uploads\/2025\/01\/defi.jpg?w=640&amp;ssl=1 640w\" sizes=\"auto, (max-width: 614px) 100vw, 614px\" \/><\/p>\n<p>17 Janar 2025<\/p>\n<p>Shqip\u00ebris\u00eb ju desh\u00ebn gati tre dekada t\u00eb ngrinte sektorin e prodhimit dhe mark\u00ebn \u201cMade in Albania\u201d p\u00ebr tregjet e Europ\u00ebs, por kursi i k\u00ebmbimit dhe disa faktor\u00eb bashk\u00ebshoq\u00ebrues si rritja e kostove te brendshme dhe r\u00ebnia e k\u00ebrkes\u00ebs nga jasht\u00eb kan\u00eb rr\u00ebnuar n\u00eb p\u00ebr vite at\u00eb q\u00eb u ngrit me mund p\u00ebr shum\u00eb vite.<\/p>\n<p>T\u00eb dh\u00ebnat zyrtare nga tregtia e jashtme tregojn\u00eb se deficiti tregtar i vendit arriti n\u00eb 521,7 miliard\u00eb lek\u00eb ose 5,2 miliard\u00eb euro n\u00eb 2024, duke sh\u00ebnuar nj\u00eb rekord historik q\u00eb kur mbahen t\u00eb dh\u00ebnat zyrtare duke p\u00ebrfshir\u00eb vitet e tranzicionit, por edhe para k\u00ebsaj periudhe. Ky p\u00ebrkeq\u00ebsim n\u00eb vitin 2024 ndodhi p\u00ebr shkak t\u00eb r\u00ebnies s\u00eb fort\u00eb t\u00eb eksporteve me rreth 15 p\u00ebr qind n\u00eb krahasim me vitin 2023, teksa nga ana tjet\u00ebr importet u rriten me tej me 2.5 p\u00ebr qind.<img loading=\"lazy\" decoding=\"async\" alt=\"\" src=\"https:\/\/ads1.medium.al\/www\/delivery\/lg.php?bannerid=2453&amp;campaignid=184&amp;zoneid=392&amp;loc=https%3A%2F%2Fwww.dosja.al%2Fekonomi%2Fdeficiti-tregtar-52-mld-euro-me-2024-rekord-historik-i413935&amp;referer=https%3A%2F%2Fwww.dosja.al%2Fcategory%2Fekonomi&amp;cb=ee95639064\" width=\"0\" height=\"0\" data-pin-no-hover=\"true\" \/><\/p>\n<p>Vitin e kaluar ekonomia shqiptare nxori jasht\u00eb vendit 21,7 miliard\u00eb lek\u00eb (210 milion\u00eb euro) m\u00eb shum\u00eb p\u00ebr importin e mallrave se me 2023, nd\u00ebrsa te ardhurat nga eksportet p\u00ebsuan r\u00ebnie -67,7 miliard\u00eb lek\u00eb (670 milion\u00eb euro). Deficiti tregtar u thellua me tej -89 miliard\u00eb lek\u00eb ose 890 milion\u00eb euro n\u00eb 2024.<\/p>\n<p>Zgjerimi i deficitit tregtar p\u00ebrkeq\u00ebsoi raportin e mbulimit t\u00eb eksporteve me importe. N\u00eb vitin 2023 importet ishin 2.4 her\u00eb m\u00eb t\u00eb larta se eksportet nga 2 her\u00eb q\u00eb ishte me 2023. Raportet e mbulimit u kthyen edhe nj\u00eb her\u00eb si para vitit 2012. Sektori i prodhimit, ve\u00e7an\u00ebrisht industria p\u00ebrpunuese, po tkurret me shpejt\u00ebsi nga disa faktor\u00eb q\u00eb po e b\u00ebjn\u00eb r\u00ebnien t\u00eb q\u00ebndrueshme.<\/p>\n<p>N\u00eb tremujorin e tret\u00eb 2024, industria u reduktua me 48.2% sipas te dh\u00ebnave nga PBB. Faktor\u00ebt e r\u00ebnies nuk jan\u00eb sezonale dhe tashme fabrikat po mbyllen dhe po ristrukturohen n\u00eb sektor\u00ebve t\u00eb tjer\u00eb. Kjo situat\u00eb po sjell pasoja zinxhir q\u00eb nga pun\u00ebsimi, pagat, eksporti dhe n\u00eb afatgjat\u00eb do t\u00eb zgjeroj\u00eb ndikimin negativ q\u00eb nga cil\u00ebsia arsimore, t\u00eb ardhurat buxhetore, var\u00ebsia nga importi dhe kostot n\u00eb ekonomi, sipas bizneseve dhe ekspert\u00ebve t\u00eb fush\u00ebs.<\/p>\n<p>M\u00eb n\u00eb v\u00ebshtir\u00ebsi jan\u00eb fabrikat e k\u00ebpuc\u00ebve pasi kriza pas luft\u00ebs n\u00eb Ukrain\u00eb b\u00ebri q\u00eb konsumi n\u00eb k\u00ebto produkte t\u00eb sh\u00ebnoj\u00eb r\u00ebnie. T\u00eb gjendur pa mb\u00ebshtetje me politika dhe fonde fabrikat jan\u00eb duke gjetur m\u00ebnyra p\u00ebr tu p\u00ebrshtatur me kriz\u00ebn q\u00eb ka krijuar r\u00ebnia e euros dhe rritja e pagave. Kalimi n\u00eb import, reduktimi i aktivitetit, ikja n\u00eb sektor\u00eb t\u00eb tjer\u00eb, mbyllja e ciklit, prodhimi me vler\u00eb t\u00eb lart\u00eb, zhvendosja nga eksporti n\u00eb tregun vendas dhe investimet n\u00eb teknologji jan\u00eb disa nga m\u00ebnyrat e reja q\u00eb prodhuesit kan\u00eb gjetur p\u00ebr t\u00eb mbijetuar N\u00eb dy vitet e fundit prodhuesit shqiptar\u00eb po kalojn\u00eb periudh\u00ebn m\u00eb t\u00eb v\u00ebshtir\u00eb t\u00eb dekad\u00ebs s\u00eb fundit, ku p\u00ebrzierja e shum\u00eb faktor\u00ebve me ndikim negativ e ka b\u00ebr\u00eb t\u00eb paqart\u00eb perspektiv\u00ebn.\/ Monitor<\/p>\n","protected":false},"excerpt":{"rendered":"<p>17 Janar 2025 Shqip\u00ebris\u00eb ju desh\u00ebn gati tre dekada t\u00eb ngrinte sektorin e prodhimit dhe mark\u00ebn \u201cMade in Albania\u201d p\u00ebr tregjet e Europ\u00ebs, por kursi i k\u00ebmbimit dhe disa faktor\u00eb bashk\u00ebshoq\u00ebrues si rritja e kostove te brendshme dhe r\u00ebnia e k\u00ebrkes\u00ebs nga jasht\u00eb kan\u00eb rr\u00ebnuar n\u00eb p\u00ebr vite at\u00eb q\u00eb u ngrit me mund p\u00ebr [&hellip;]<\/p>\n","protected":false},"author":9,"featured_media":88508,"comment_status":"open","ping_status":"open","sticky":false,"template":"","format":"standard","meta":{"jetpack_post_was_ever_published":false,"_jetpack_newsletter_access":"","_jetpack_dont_email_post_to_subs":false,"_jetpack_newsletter_tier_id":0,"_jetpack_memberships_contains_paywalled_content":false,"_jetpack_memberships_contains_paid_content":false,"footnotes":"","jetpack_publicize_message":"","jetpack_publicize_feature_enabled":true,"jetpack_social_post_already_shared":true,"jetpack_social_options":{"image_generator_settings":{"template":"highway","default_image_id":0,"font":"","enabled":false},"version":2}},"categories":[27,1,2],"tags":[],"class_list":["post-88507","post","type-post","status-publish","format-standard","has-post-thumbnail","hentry","category-blogu-i-udhetarit","category-njoftime-shtypi","category-politika"],"jetpack_publicize_connections":[],"jetpack_featured_media_url":"https:\/\/i0.wp.com\/www.shqiperia.com\/blog\/wp-content\/uploads\/2025\/01\/defi.jpg?fit=640%2C427&ssl=1","jetpack_sharing_enabled":true,"jetpack_shortlink":"https:\/\/wp.me\/p5Z6wp-n1x","jetpack-related-posts":[{"id":88883,"url":"https:\/\/www.shqiperia.com\/blog\/analiza-humnera-e-eksporteve-deficiti-tregtar-thyen-rekordet-hendeku-52-mld-euro-fasoni-drejt-falimentit\/","url_meta":{"origin":88507,"position":0},"title":"ANALIZA\/ Humnera e eksporteve &#8211; Deficiti tregtar thyen rekordet, hendeku 5,2 mld euro! Fasoni drejt falimentit","author":"Kurt Farka","date":"February 2, 2025","format":false,"excerpt":"2 Shkurt 2025 Gjat\u00eb vitit t\u00eb kaluar, deficiti i tregtis\u00eb me jasht\u00eb sh\u00ebnoi rekord historik, teksa eksportet ran\u00eb me ritmin m\u00eb t\u00eb lart\u00eb n\u00eb 20 vjet. Raporti i mbulimit t\u00eb importeve me eksporte ra n\u00eb 41.7% n\u00eb vitin 2024 nga 51.7% n\u00eb 2023. R\u00ebnia e lir\u00eb e eksporteve n\u00eb 8\u2026","rel":"","context":"In &quot;Blogu i Udh\u00ebtarit&quot;","block_context":{"text":"Blogu i Udh\u00ebtarit","link":"https:\/\/www.shqiperia.com\/blog\/category\/blogu-i-udhetarit\/"},"img":{"alt_text":"","src":"https:\/\/i0.wp.com\/www.shqiperia.com\/blog\/wp-content\/uploads\/2025\/02\/640-0-eksportet-nga-kina-1738498647.jpg?fit=640%2C480&ssl=1&resize=350%2C200","width":350,"height":200,"srcset":"https:\/\/i0.wp.com\/www.shqiperia.com\/blog\/wp-content\/uploads\/2025\/02\/640-0-eksportet-nga-kina-1738498647.jpg?fit=640%2C480&ssl=1&resize=350%2C200 1x, https:\/\/i0.wp.com\/www.shqiperia.com\/blog\/wp-content\/uploads\/2025\/02\/640-0-eksportet-nga-kina-1738498647.jpg?fit=640%2C480&ssl=1&resize=525%2C300 1.5x"},"classes":[]},{"id":94414,"url":"https:\/\/www.shqiperia.com\/blog\/shqiperia-thuajse-nuk-prodhon-me-asgje-bien-eksportet-rritet-importi-deficiti-tregtar-arrin-ne-48-miliarde-leke\/","url_meta":{"origin":88507,"position":1},"title":"Shqip\u00ebria thuajse nuk prodhon m\u00eb asgj\u00eb, bien eksportet, rritet importi: Defi\u00e7iti tregtar arrin n\u00eb 48-miliard\u00eb lek\u00eb","author":"Kurt Farka","date":"October 26, 2025","format":false,"excerpt":"26 Tetor 2025 Shqip\u00ebria thuajse nuk prodhon m\u00eb asgj\u00eb, bien eksporti, rritet importi: Defi\u00e7iti tregtar arrin n\u00eb 48-miliard\u00eb lek\u00eb Shqip\u00ebria regjistroi nj\u00eb r\u00ebnie t\u00eb konsiderueshme t\u00eb eksporteve n\u00eb muajin shtator, duke arritur n\u00eb 27.2 miliard\u00eb lek\u00eb (rreth 204 milion\u00eb USD), nj\u00eb ulje prej 10.7% krahasuar me t\u00eb nj\u00ebjt\u00ebn periudh\u00eb t\u00eb\u2026","rel":"","context":"In &quot;Blogu i Udh\u00ebtarit&quot;","block_context":{"text":"Blogu i Udh\u00ebtarit","link":"https:\/\/www.shqiperia.com\/blog\/category\/blogu-i-udhetarit\/"},"img":{"alt_text":"","src":"https:\/\/i0.wp.com\/www.shqiperia.com\/blog\/wp-content\/uploads\/2025\/10\/Shqiperia-thuajse-nuk-prodhon-me-asgje-bien-eksportet-rritet-importi.jpg?fit=900%2C546&ssl=1&resize=350%2C200","width":350,"height":200,"srcset":"https:\/\/i0.wp.com\/www.shqiperia.com\/blog\/wp-content\/uploads\/2025\/10\/Shqiperia-thuajse-nuk-prodhon-me-asgje-bien-eksportet-rritet-importi.jpg?fit=900%2C546&ssl=1&resize=350%2C200 1x, https:\/\/i0.wp.com\/www.shqiperia.com\/blog\/wp-content\/uploads\/2025\/10\/Shqiperia-thuajse-nuk-prodhon-me-asgje-bien-eksportet-rritet-importi.jpg?fit=900%2C546&ssl=1&resize=525%2C300 1.5x, https:\/\/i0.wp.com\/www.shqiperia.com\/blog\/wp-content\/uploads\/2025\/10\/Shqiperia-thuajse-nuk-prodhon-me-asgje-bien-eksportet-rritet-importi.jpg?fit=900%2C546&ssl=1&resize=700%2C400 2x"},"classes":[]},{"id":24967,"url":"https:\/\/www.shqiperia.com\/blog\/zgjedhjet-nxoren-shpenzimet-buxhetore-nga-frenat-ja-sa-eshte-deficiti-ne-arken-e-shtetit\/","url_meta":{"origin":88507,"position":2},"title":"Zgjedhjet nxor\u00ebn shpenzimet buxhetore nga frenat, ja sa \u00ebsht\u00eb defi\u00e7iti n\u00eb ark\u00ebn e shtetit. &#8211;","author":"Kurt Farka","date":"August 22, 2019","format":false,"excerpt":"Zgjedhjet nxor\u00ebn shpenzimet buxhetore nga frenat, ja sa \u00ebsht\u00eb defi\u00e7iti n\u00eb ark\u00ebn e shtetit. - Aug 22, 2019 Treguesit kryesor\u00eb t\u00eb buxhetit p\u00ebr periudh\u00ebn 7-mujore paraqiten t\u00eb zhbalancuara p\u00ebr arsye se, shpenzimet u rriten me ritme m\u00eb t\u00eb shpejta se t\u00eb ardhurat. Por, shpenzimet p\u00ebr investime u p\u00ebrkeq\u00ebsuan n\u00eb raport\u2026","rel":"","context":"In &quot;Blogu i Udh\u00ebtarit&quot;","block_context":{"text":"Blogu i Udh\u00ebtarit","link":"https:\/\/www.shqiperia.com\/blog\/category\/blogu-i-udhetarit\/"},"img":{"alt_text":"","src":"https:\/\/i0.wp.com\/www.shqiperia.com\/blog\/wp-content\/uploads\/2019\/08\/1-7-1.jpg?fit=634%2C422&ssl=1&resize=350%2C200","width":350,"height":200,"srcset":"https:\/\/i0.wp.com\/www.shqiperia.com\/blog\/wp-content\/uploads\/2019\/08\/1-7-1.jpg?fit=634%2C422&ssl=1&resize=350%2C200 1x, https:\/\/i0.wp.com\/www.shqiperia.com\/blog\/wp-content\/uploads\/2019\/08\/1-7-1.jpg?fit=634%2C422&ssl=1&resize=525%2C300 1.5x"},"classes":[]},{"id":75035,"url":"https:\/\/www.shqiperia.com\/blog\/shqiperia-drejt-plakjes-rritje-rekord-ja-sa-pensioniste-u-shtuan-brenda-nje-viti\/","url_meta":{"origin":88507,"position":3},"title":"Shqip\u00ebria drejt \u201cplakjes\u201d, rritje rekord! &#8211; Ja sa pensionist\u00eb u shtuan brenda nj\u00eb viti","author":"Kurt Farka","date":"October 26, 2023","format":false,"excerpt":"26 Tetor 2023 Numri i personave q\u00eb trajtohen me pension pleq\u00ebrie arriti n\u00eb 491,504 n\u00eb 6 mujorin e par\u00eb t\u00eb vitit 2023, gati 23 mij\u00eb m\u00eb shum\u00eb se n\u00eb t\u00eb nj\u00ebjt\u00ebn periudhe t\u00eb nj\u00eb viti m\u00eb par\u00eb. Q\u00eb nga fundi i vitit skema u zgjerua m\u00eb rreth 10 mij\u00eb pensionist\u00eb\u2026","rel":"","context":"In &quot;Blogu i Udh\u00ebtarit&quot;","block_context":{"text":"Blogu i Udh\u00ebtarit","link":"https:\/\/www.shqiperia.com\/blog\/category\/blogu-i-udhetarit\/"},"img":{"alt_text":"","src":"https:\/\/i0.wp.com\/www.shqiperia.com\/blog\/wp-content\/uploads\/2023\/10\/Pension-pensione-private-pensionist-4-1102-e1698302261681-1536x1213-1.jpg?fit=1200%2C948&ssl=1&resize=350%2C200","width":350,"height":200,"srcset":"https:\/\/i0.wp.com\/www.shqiperia.com\/blog\/wp-content\/uploads\/2023\/10\/Pension-pensione-private-pensionist-4-1102-e1698302261681-1536x1213-1.jpg?fit=1200%2C948&ssl=1&resize=350%2C200 1x, https:\/\/i0.wp.com\/www.shqiperia.com\/blog\/wp-content\/uploads\/2023\/10\/Pension-pensione-private-pensionist-4-1102-e1698302261681-1536x1213-1.jpg?fit=1200%2C948&ssl=1&resize=525%2C300 1.5x, https:\/\/i0.wp.com\/www.shqiperia.com\/blog\/wp-content\/uploads\/2023\/10\/Pension-pensione-private-pensionist-4-1102-e1698302261681-1536x1213-1.jpg?fit=1200%2C948&ssl=1&resize=700%2C400 2x, https:\/\/i0.wp.com\/www.shqiperia.com\/blog\/wp-content\/uploads\/2023\/10\/Pension-pensione-private-pensionist-4-1102-e1698302261681-1536x1213-1.jpg?fit=1200%2C948&ssl=1&resize=1050%2C600 3x"},"classes":[]},{"id":21289,"url":"https:\/\/www.shqiperia.com\/blog\/prape-do-paguajme-shqiptaret-paguane-160-milione-euro-taksa-per-rruget-ne-vitin-2018\/","url_meta":{"origin":88507,"position":4},"title":"Prape do paguajme? &#8211; Shqiptar\u00ebt paguajn\u00eb 160 milion\u00eb euro taksa p\u00ebr rrug\u00ebt. &#8211;","author":"Kurt Farka","date":"May 17, 2019","format":false,"excerpt":"Prape do paguajme? - Shqiptaret paguane 160 milion\u00eb euro taksa p\u00ebr rrug\u00ebt ne vitin 2018. - 17\/05\/19 Nga: mapo.al Shqiptar\u00ebt paguajn\u00eb taksa direkte p\u00ebr rrug\u00ebt gjat\u00eb nj\u00eb viti fiskal m\u00eb shum\u00eb se sa qeveria shpenzon p\u00ebr mir\u00ebmbajtjen dhe nd\u00ebrtimin e tyre. N\u00eb vitin 2018 qytetar\u00ebt paguan 19 miliard\u00eb lek\u00eb ose\u2026","rel":"","context":"In &quot;Blogu i Udh\u00ebtarit&quot;","block_context":{"text":"Blogu i Udh\u00ebtarit","link":"https:\/\/www.shqiperia.com\/blog\/category\/blogu-i-udhetarit\/"},"img":{"alt_text":"","src":"https:\/\/i0.wp.com\/www.shqiperia.com\/blog\/wp-content\/uploads\/2019\/05\/Tirana-1.jpg?fit=720%2C368&ssl=1&resize=350%2C200","width":350,"height":200,"srcset":"https:\/\/i0.wp.com\/www.shqiperia.com\/blog\/wp-content\/uploads\/2019\/05\/Tirana-1.jpg?fit=720%2C368&ssl=1&resize=350%2C200 1x, https:\/\/i0.wp.com\/www.shqiperia.com\/blog\/wp-content\/uploads\/2019\/05\/Tirana-1.jpg?fit=720%2C368&ssl=1&resize=525%2C300 1.5x, https:\/\/i0.wp.com\/www.shqiperia.com\/blog\/wp-content\/uploads\/2019\/05\/Tirana-1.jpg?fit=720%2C368&ssl=1&resize=700%2C400 2x"},"classes":[]},{"id":91910,"url":"https:\/\/www.shqiperia.com\/blog\/tregtia-me-rajonin-shqiperia-humbi-terren-ne-vitin-2024-produktet-vendase-po-behen-jokonkurruese\/","url_meta":{"origin":88507,"position":5},"title":"Tregtia me Rajonin. &#8211; Shqip\u00ebria humbi terren n\u00eb vitin 2024. &#8211; Produktet vendase po b\u00ebhen jokonkurruese","author":"Kurt Farka","date":"April 27, 2025","format":false,"excerpt":"27 Prill 2025 Vitin e kaluar, Shqip\u00ebria humbi terren n\u00eb tregun e eksporteve n\u00eb vendet e Ballkanit Per\u00ebndimor, Serbi, Kosov\u00eb, Maqedonin\u00eb e Veriut, Bosnj\u00eb dhe Malin e Zi. Produktet shqiptare po b\u00ebhen jokonkurruese me vendet e Ballkanit, por edhe m\u00eb gjer\u00eb, si rrjedhoj\u00eb e r\u00ebnies s\u00eb vler\u00ebs s\u00eb Euros, rritjes\u2026","rel":"","context":"In &quot;Blogu i Udh\u00ebtarit&quot;","block_context":{"text":"Blogu i Udh\u00ebtarit","link":"https:\/\/www.shqiperia.com\/blog\/category\/blogu-i-udhetarit\/"},"img":{"alt_text":"","src":"https:\/\/i0.wp.com\/www.shqiperia.com\/blog\/wp-content\/uploads\/2025\/04\/tregeti-eksport-import.jpeg?fit=1024%2C677&ssl=1&resize=350%2C200","width":350,"height":200,"srcset":"https:\/\/i0.wp.com\/www.shqiperia.com\/blog\/wp-content\/uploads\/2025\/04\/tregeti-eksport-import.jpeg?fit=1024%2C677&ssl=1&resize=350%2C200 1x, https:\/\/i0.wp.com\/www.shqiperia.com\/blog\/wp-content\/uploads\/2025\/04\/tregeti-eksport-import.jpeg?fit=1024%2C677&ssl=1&resize=525%2C300 1.5x, https:\/\/i0.wp.com\/www.shqiperia.com\/blog\/wp-content\/uploads\/2025\/04\/tregeti-eksport-import.jpeg?fit=1024%2C677&ssl=1&resize=700%2C400 2x"},"classes":[]}],"_links":{"self":[{"href":"https:\/\/www.shqiperia.com\/blog\/wp-json\/wp\/v2\/posts\/88507","targetHints":{"allow":["GET"]}}],"collection":[{"href":"https:\/\/www.shqiperia.com\/blog\/wp-json\/wp\/v2\/posts"}],"about":[{"href":"https:\/\/www.shqiperia.com\/blog\/wp-json\/wp\/v2\/types\/post"}],"author":[{"embeddable":true,"href":"https:\/\/www.shqiperia.com\/blog\/wp-json\/wp\/v2\/users\/9"}],"replies":[{"embeddable":true,"href":"https:\/\/www.shqiperia.com\/blog\/wp-json\/wp\/v2\/comments?post=88507"}],"version-history":[{"count":1,"href":"https:\/\/www.shqiperia.com\/blog\/wp-json\/wp\/v2\/posts\/88507\/revisions"}],"predecessor-version":[{"id":88509,"href":"https:\/\/www.shqiperia.com\/blog\/wp-json\/wp\/v2\/posts\/88507\/revisions\/88509"}],"wp:featuredmedia":[{"embeddable":true,"href":"https:\/\/www.shqiperia.com\/blog\/wp-json\/wp\/v2\/media\/88508"}],"wp:attachment":[{"href":"https:\/\/www.shqiperia.com\/blog\/wp-json\/wp\/v2\/media?parent=88507"}],"wp:term":[{"taxonomy":"category","embeddable":true,"href":"https:\/\/www.shqiperia.com\/blog\/wp-json\/wp\/v2\/categories?post=88507"},{"taxonomy":"post_tag","embeddable":true,"href":"https:\/\/www.shqiperia.com\/blog\/wp-json\/wp\/v2\/tags?post=88507"}],"curies":[{"name":"wp","href":"https:\/\/api.w.org\/{rel}","templated":true}]}}