{"id":88504,"date":"2025-01-17T15:48:00","date_gmt":"2025-01-17T15:48:00","guid":{"rendered":"https:\/\/www.shqiperia.com\/blog\/?p=88504"},"modified":"2025-01-17T15:48:00","modified_gmt":"2025-01-17T15:48:00","slug":"pajisja-e-ngrohjes-shkakton-zjarr-ne-nje-pallat-ne-elbasan-evakuohen-banoret","status":"publish","type":"post","link":"https:\/\/www.shqiperia.com\/blog\/pajisja-e-ngrohjes-shkakton-zjarr-ne-nje-pallat-ne-elbasan-evakuohen-banoret\/","title":{"rendered":"Pajisja e ngrohjes shkakton zjarr n\u00eb nj\u00eb pallat n\u00eb Elbasan, evakuohen banor\u00ebt"},"content":{"rendered":"<p><img data-recalc-dims=\"1\" loading=\"lazy\" decoding=\"async\" data-attachment-id=\"88505\" data-permalink=\"https:\/\/www.shqiperia.com\/blog\/pajisja-e-ngrohjes-shkakton-zjarr-ne-nje-pallat-ne-elbasan-evakuohen-banoret\/zjarrfikese\/\" data-orig-file=\"https:\/\/i0.wp.com\/www.shqiperia.com\/blog\/wp-content\/uploads\/2025\/01\/zjarrfikese.jpg?fit=1000%2C569&amp;ssl=1\" data-orig-size=\"1000,569\" data-comments-opened=\"1\" data-image-meta=\"{&quot;aperture&quot;:&quot;0&quot;,&quot;credit&quot;:&quot;&quot;,&quot;camera&quot;:&quot;&quot;,&quot;caption&quot;:&quot;&quot;,&quot;created_timestamp&quot;:&quot;0&quot;,&quot;copyright&quot;:&quot;&quot;,&quot;focal_length&quot;:&quot;0&quot;,&quot;iso&quot;:&quot;0&quot;,&quot;shutter_speed&quot;:&quot;0&quot;,&quot;title&quot;:&quot;&quot;,&quot;orientation&quot;:&quot;0&quot;}\" data-image-title=\"zjarrfikese\" data-image-description=\"\" data-image-caption=\"\" data-medium-file=\"https:\/\/i0.wp.com\/www.shqiperia.com\/blog\/wp-content\/uploads\/2025\/01\/zjarrfikese.jpg?fit=300%2C171&amp;ssl=1\" data-large-file=\"https:\/\/i0.wp.com\/www.shqiperia.com\/blog\/wp-content\/uploads\/2025\/01\/zjarrfikese.jpg?fit=1000%2C569&amp;ssl=1\" class=\"alignnone  wp-image-88505\" alt=\"\" src=\"https:\/\/i0.wp.com\/www.shqiperia.com\/blog\/wp-content\/uploads\/2025\/01\/zjarrfikese.jpg?resize=768%2C438&#038;ssl=1\" width=\"768\" height=\"438\" srcset=\"https:\/\/i0.wp.com\/www.shqiperia.com\/blog\/wp-content\/uploads\/2025\/01\/zjarrfikese.jpg?resize=300%2C171&amp;ssl=1 300w, https:\/\/i0.wp.com\/www.shqiperia.com\/blog\/wp-content\/uploads\/2025\/01\/zjarrfikese.jpg?resize=768%2C437&amp;ssl=1 768w, https:\/\/i0.wp.com\/www.shqiperia.com\/blog\/wp-content\/uploads\/2025\/01\/zjarrfikese.jpg?resize=450%2C256&amp;ssl=1 450w, https:\/\/i0.wp.com\/www.shqiperia.com\/blog\/wp-content\/uploads\/2025\/01\/zjarrfikese.jpg?resize=600%2C341&amp;ssl=1 600w, https:\/\/i0.wp.com\/www.shqiperia.com\/blog\/wp-content\/uploads\/2025\/01\/zjarrfikese.jpg?resize=400%2C228&amp;ssl=1 400w, https:\/\/i0.wp.com\/www.shqiperia.com\/blog\/wp-content\/uploads\/2025\/01\/zjarrfikese.jpg?w=1000&amp;ssl=1 1000w\" sizes=\"auto, (max-width: 768px) 100vw, 768px\" \/><\/p>\n<p>17 Janar 2025<\/p>\n<p>Nj\u00eb zjarr ka p\u00ebrfshir\u00eb nj\u00eb banes\u00eb n\u00eb katin e kat\u00ebrt t\u00eb nj\u00eb pallati n\u00eb lagjen \u201c5 Maji\u201d n\u00eb Elbasan. Fatmir\u00ebsisht, nuk raportohen persona t\u00eb l\u00ebnduar, por d\u00ebmet materiale jan\u00eb t\u00eb konsiderueshme.<\/p>\n<p>Dyshohet se shkak i zjarrit ka qen\u00eb nj\u00eb pajisje p\u00ebr ngrohje, e cila \u00ebsht\u00eb harruar ndezur. Autoritetet kan\u00eb nisur hetimet p\u00ebr t\u00eb konfirmuar shkaqet e incidentit, nd\u00ebrsa banor\u00ebt e pallatit jan\u00eb evakuuar p\u00ebr arsye sigurie.<\/p>\n","protected":false},"excerpt":{"rendered":"<p>17 Janar 2025 Nj\u00eb zjarr ka p\u00ebrfshir\u00eb nj\u00eb banes\u00eb n\u00eb katin e kat\u00ebrt t\u00eb nj\u00eb pallati n\u00eb lagjen \u201c5 Maji\u201d n\u00eb Elbasan. Fatmir\u00ebsisht, nuk raportohen persona t\u00eb l\u00ebnduar, por d\u00ebmet materiale jan\u00eb t\u00eb konsiderueshme. Dyshohet se shkak i zjarrit ka qen\u00eb nj\u00eb pajisje p\u00ebr ngrohje, e cila \u00ebsht\u00eb harruar ndezur. Autoritetet kan\u00eb nisur hetimet p\u00ebr [&hellip;]<\/p>\n","protected":false},"author":9,"featured_media":88505,"comment_status":"open","ping_status":"open","sticky":false,"template":"","format":"standard","meta":{"jetpack_post_was_ever_published":false,"_jetpack_newsletter_access":"","_jetpack_dont_email_post_to_subs":false,"_jetpack_newsletter_tier_id":0,"_jetpack_memberships_contains_paywalled_content":false,"_jetpack_memberships_contains_paid_content":false,"footnotes":"","jetpack_publicize_message":"","jetpack_publicize_feature_enabled":true,"jetpack_social_post_already_shared":true,"jetpack_social_options":{"image_generator_settings":{"template":"highway","default_image_id":0,"font":"","enabled":false},"version":2}},"categories":[27,35],"tags":[],"class_list":["post-88504","post","type-post","status-publish","format-standard","has-post-thumbnail","hentry","category-blogu-i-udhetarit","category-shoqerore"],"jetpack_publicize_connections":[],"jetpack_featured_media_url":"https:\/\/i0.wp.com\/www.shqiperia.com\/blog\/wp-content\/uploads\/2025\/01\/zjarrfikese.jpg?fit=1000%2C569&ssl=1","jetpack_sharing_enabled":true,"jetpack_shortlink":"https:\/\/wp.me\/p5Z6wp-n1u","jetpack-related-posts":[{"id":102964,"url":"https:\/\/www.shqiperia.com\/blog\/flaket-pushtojne-pyjet-e-iballes-kerkohet-nderhyrja-me-helikopter\/","url_meta":{"origin":88504,"position":0},"title":"Flak\u00ebt pushtojn\u00eb pyjet e Iball\u00ebs! K\u00ebrkohet nd\u00ebrhyrja me helikopter","author":"Kurt Farka","date":"July 20, 2026","format":false,"excerpt":"20 Korrik 2026 Nj\u00eb zjarr i p\u00ebrmasave t\u00eb m\u00ebdha ka p\u00ebrfshir\u00eb nj\u00eb sip\u00ebrfaqe pyjore n\u00eb Iballe t\u00eb Fush\u00eb-Arr\u00ebzit, mbi lagjen Gere, duke v\u00ebshtir\u00ebsuar nd\u00ebrhyrjen e forcave zjarrfik\u00ebse. P\u00ebr shkak t\u00eb terrenit t\u00eb thyer malor, zjarrfik\u00ebsit e Fush\u00eb-Arr\u00ebzit nuk kan\u00eb mundur t\u00eb dep\u00ebrtojn\u00eb n\u00eb vatr\u00ebn e zjarrit dhe jan\u00eb stacionuar n\u00eb\u2026","rel":"","context":"In &quot;Blogu i Udh\u00ebtarit&quot;","block_context":{"text":"Blogu i Udh\u00ebtarit","link":"https:\/\/www.shqiperia.com\/blog\/category\/blogu-i-udhetarit\/"},"img":{"alt_text":"","src":"https:\/\/i0.wp.com\/www.shqiperia.com\/blog\/wp-content\/uploads\/2026\/07\/zjarr-mal-skenderaj.jpg?fit=1200%2C900&ssl=1&resize=350%2C200","width":350,"height":200,"srcset":"https:\/\/i0.wp.com\/www.shqiperia.com\/blog\/wp-content\/uploads\/2026\/07\/zjarr-mal-skenderaj.jpg?fit=1200%2C900&ssl=1&resize=350%2C200 1x, https:\/\/i0.wp.com\/www.shqiperia.com\/blog\/wp-content\/uploads\/2026\/07\/zjarr-mal-skenderaj.jpg?fit=1200%2C900&ssl=1&resize=525%2C300 1.5x, https:\/\/i0.wp.com\/www.shqiperia.com\/blog\/wp-content\/uploads\/2026\/07\/zjarr-mal-skenderaj.jpg?fit=1200%2C900&ssl=1&resize=700%2C400 2x, https:\/\/i0.wp.com\/www.shqiperia.com\/blog\/wp-content\/uploads\/2026\/07\/zjarr-mal-skenderaj.jpg?fit=1200%2C900&ssl=1&resize=1050%2C600 3x"},"classes":[]},{"id":104838,"url":"https:\/\/www.shqiperia.com\/blog\/zjarr-ne-masivin-pyjor-prane-qytetit-te-milotit-rrezikohen-banesat-prane-tij\/","url_meta":{"origin":88504,"position":1},"title":"Zjarr n\u00eb masivin pyjor pran\u00eb qytetit t\u00eb Milotit, rrezikohen banesat pran\u00eb tij","author":"Kurt Farka","date":"August 20, 2026","format":false,"excerpt":"20 Gusht 2026 Nj\u00eb vat\u00ebr zjarri ka p\u00ebrfshir\u00eb masivin pyjor mbi qytetin e Milotit, n\u00eb Bashkin\u00eb Kurbin, duke shkaktuar shqet\u00ebsim p\u00ebr shkak t\u00eb p\u00ebrhapjes s\u00eb shpejt\u00eb t\u00eb flak\u00ebve. Bim\u00ebsia e dendur po favorizon avancimin e zjarrit, nd\u00ebrsa tymi dhe flak\u00ebt jan\u00eb afruar drejt zon\u00ebs s\u00eb banuar, duke rritur rrezikun p\u00ebr\u2026","rel":"","context":"In &quot;Blogu i Udh\u00ebtarit&quot;","block_context":{"text":"Blogu i Udh\u00ebtarit","link":"https:\/\/www.shqiperia.com\/blog\/category\/blogu-i-udhetarit\/"},"img":{"alt_text":"","src":"https:\/\/i0.wp.com\/www.shqiperia.com\/blog\/wp-content\/uploads\/2026\/08\/zjarr-6a87098cb1ce2.jpg?fit=980%2C560&ssl=1&resize=350%2C200","width":350,"height":200,"srcset":"https:\/\/i0.wp.com\/www.shqiperia.com\/blog\/wp-content\/uploads\/2026\/08\/zjarr-6a87098cb1ce2.jpg?fit=980%2C560&ssl=1&resize=350%2C200 1x, https:\/\/i0.wp.com\/www.shqiperia.com\/blog\/wp-content\/uploads\/2026\/08\/zjarr-6a87098cb1ce2.jpg?fit=980%2C560&ssl=1&resize=525%2C300 1.5x, https:\/\/i0.wp.com\/www.shqiperia.com\/blog\/wp-content\/uploads\/2026\/08\/zjarr-6a87098cb1ce2.jpg?fit=980%2C560&ssl=1&resize=700%2C400 2x"},"classes":[]},{"id":103535,"url":"https:\/\/www.shqiperia.com\/blog\/zjarr-prane-xhamise-se-namazgjase-xhamia-e-re-ne-tirane-flaket-perfshijne-parkimin-nentokesor\/","url_meta":{"origin":88504,"position":2},"title":"Zjarr pran\u00eb Xhamis\u00eb s\u00eb Namazgjas\u00eb (Xhamia e Re) n\u00eb Tiran\u00eb! Flak\u00ebt p\u00ebrfshijn\u00eb parkimin n\u00ebntok\u00ebsor","author":"Kurt Farka","date":"July 31, 2026","format":false,"excerpt":"31 Korrik 2026 Nj\u00eb zjarr ka shkaktuar alarm pasditen e sotme n\u00eb nj\u00eb nga zonat qendrore t\u00eb Tiran\u00ebs. Flak\u00ebt jan\u00eb shfaqur pran\u00eb Xhamis\u00eb s\u00eb Namazgjas\u00eb, ku dyshohet se \u00ebsht\u00eb p\u00ebrfshir\u00eb nj\u00eb pjes\u00eb e nj\u00eb parkimi n\u00ebntok\u00ebsor. Sipas t\u00eb dh\u00ebnave paraprake, zjarri ka r\u00ebn\u00eb n\u00eb ambientet e parkimit pran\u00eb zon\u00ebs, nd\u00ebrsa\u2026","rel":"","context":"In &quot;Blogu i Udh\u00ebtarit&quot;","block_context":{"text":"Blogu i Udh\u00ebtarit","link":"https:\/\/www.shqiperia.com\/blog\/category\/blogu-i-udhetarit\/"},"img":{"alt_text":"","src":"https:\/\/i0.wp.com\/www.shqiperia.com\/blog\/wp-content\/uploads\/2026\/07\/640-0-iujhytg5r432-ezremove-1785510036.png?fit=640%2C380&ssl=1&resize=350%2C200","width":350,"height":200,"srcset":"https:\/\/i0.wp.com\/www.shqiperia.com\/blog\/wp-content\/uploads\/2026\/07\/640-0-iujhytg5r432-ezremove-1785510036.png?fit=640%2C380&ssl=1&resize=350%2C200 1x, https:\/\/i0.wp.com\/www.shqiperia.com\/blog\/wp-content\/uploads\/2026\/07\/640-0-iujhytg5r432-ezremove-1785510036.png?fit=640%2C380&ssl=1&resize=525%2C300 1.5x"},"classes":[]},{"id":103982,"url":"https:\/\/www.shqiperia.com\/blog\/zjarr-i-permasave-te-medha-ne-klos-flaket-perhapen-ne-zonen-pyjore-rrezikohen-edhe-linjat-e-tensionit-te-larte\/","url_meta":{"origin":88504,"position":3},"title":"Zjarr i p\u00ebrmasave t\u00eb m\u00ebdha n\u00eb Klos, flak\u00ebt p\u00ebrhapen n\u00eb zon\u00ebn pyjore, rrezikohen edhe linjat e tensionit t\u00eb lart\u00eb","author":"Kurt Farka","date":"August 8, 2026","format":false,"excerpt":"8 Gusht 2026 Nj\u00eb zjarr i p\u00ebrmasave t\u00eb m\u00ebdha ka p\u00ebrfshir\u00eb dit\u00ebn e sotme zon\u00ebn n\u00eb Plan t\u00eb Bardh\u00eb t\u00eb Bashkis\u00eb Klos, duke djegur nj\u00eb sip\u00ebrfaqe t\u00eb konsiderueshme toke dhe duke u p\u00ebrhapur edhe n\u00eb nj\u00eb pjes\u00eb pyjore. Si\u00e7 shihet edhe nga pamjet, flak\u00ebt e m\u00ebdha, t\u00eb favorizuara nga era,\u2026","rel":"","context":"In &quot;Blogu i Udh\u00ebtarit&quot;","block_context":{"text":"Blogu i Udh\u00ebtarit","link":"https:\/\/www.shqiperia.com\/blog\/category\/blogu-i-udhetarit\/"},"img":{"alt_text":"","src":"https:\/\/i0.wp.com\/www.shqiperia.com\/blog\/wp-content\/uploads\/2026\/08\/ffjff-350x250-1.jpg?fit=350%2C250&ssl=1&resize=350%2C200","width":350,"height":200},"classes":[]},{"id":103625,"url":"https:\/\/www.shqiperia.com\/blog\/zjarr-ne-katedralen-ikonike-te-shen-vasilit-ne-moske\/","url_meta":{"origin":88504,"position":4},"title":"Zjarr n\u00eb Katedralen ikonike t\u00eb Sh\u00ebn Vasilit n\u00eb Mosk\u00eb","author":"Kurt Farka","date":"August 1, 2026","format":false,"excerpt":"1 Gusht 2026 Nj\u00eb zjarr shp\u00ebrtheu t\u00eb premten n\u00eb mbr\u00ebmje n\u00eb Katedralen ikonike t\u00eb Sh\u00ebn Vasilit, n\u00eb Sheshin e Kuq t\u00eb Mosk\u00ebs, por u vu shpejt n\u00ebn kontroll fal\u00eb nd\u00ebrhyrjes s\u00eb menj\u00ebhershme t\u00eb zjarrfik\u00ebsve. Sipas agjencis\u00eb shtet\u00ebrore ruse t\u00eb lajmeve TASS, zjarri p\u00ebrfshiu nj\u00eb sip\u00ebrfaqe prej rreth 10 metrash katror\u00eb\u2026","rel":"","context":"In &quot;Blogu i Udh\u00ebtarit&quot;","block_context":{"text":"Blogu i Udh\u00ebtarit","link":"https:\/\/www.shqiperia.com\/blog\/category\/blogu-i-udhetarit\/"},"img":{"alt_text":"","src":"https:\/\/i0.wp.com\/www.shqiperia.com\/blog\/wp-content\/uploads\/2026\/08\/moske_sd-1140x570-1.webp?fit=1140%2C570&ssl=1&resize=350%2C200","width":350,"height":200,"srcset":"https:\/\/i0.wp.com\/www.shqiperia.com\/blog\/wp-content\/uploads\/2026\/08\/moske_sd-1140x570-1.webp?fit=1140%2C570&ssl=1&resize=350%2C200 1x, https:\/\/i0.wp.com\/www.shqiperia.com\/blog\/wp-content\/uploads\/2026\/08\/moske_sd-1140x570-1.webp?fit=1140%2C570&ssl=1&resize=525%2C300 1.5x, https:\/\/i0.wp.com\/www.shqiperia.com\/blog\/wp-content\/uploads\/2026\/08\/moske_sd-1140x570-1.webp?fit=1140%2C570&ssl=1&resize=700%2C400 2x, https:\/\/i0.wp.com\/www.shqiperia.com\/blog\/wp-content\/uploads\/2026\/08\/moske_sd-1140x570-1.webp?fit=1140%2C570&ssl=1&resize=1050%2C600 3x"},"classes":[]},{"id":104980,"url":"https:\/\/www.shqiperia.com\/blog\/zjarr-ne-malin-e-cikes-flaket-afrohen-drejt-fshatit-turistik-te-dhermiut\/","url_meta":{"origin":88504,"position":5},"title":"Zjarr n\u00eb malin e \u00c7ik\u00ebs\/ Flak\u00ebt afrohen drejt fshatit turistik t\u00eb Dh\u00ebrmiut","author":"Kurt Farka","date":"August 22, 2026","format":false,"excerpt":"22 Gusht 2026 Nj\u00eb zjarr ka r\u00ebn\u00eb n\u00eb Malin e \u00c7ik\u00ebs, nd\u00ebrsa i \u00ebsht\u00eb afruar fshatit turistik t\u00eb Dh\u00ebrmiut. Vatra \u00ebsht\u00eb aktivizuar para dy dit\u00ebsh dhe ka p\u00ebrshkuar nj\u00eb sip\u00ebrfaqe t\u00eb konsiderueshme n\u00eb an\u00ebn e malit n\u00eb drejtim t\u00eb Dukatit. Forcat zjarrfik\u00ebse kan\u00eb shkuar n\u00eb terren dhe po punojn\u00eb p\u00ebr\u2026","rel":"","context":"In &quot;Blogu i Udh\u00ebtarit&quot;","block_context":{"text":"Blogu i Udh\u00ebtarit","link":"https:\/\/www.shqiperia.com\/blog\/category\/blogu-i-udhetarit\/"},"img":{"alt_text":"","src":"https:\/\/i0.wp.com\/www.shqiperia.com\/blog\/wp-content\/uploads\/2026\/08\/800-0-mali-i-cikes-6a8a00782300d.jpg?fit=800%2C450&ssl=1&resize=350%2C200","width":350,"height":200,"srcset":"https:\/\/i0.wp.com\/www.shqiperia.com\/blog\/wp-content\/uploads\/2026\/08\/800-0-mali-i-cikes-6a8a00782300d.jpg?fit=800%2C450&ssl=1&resize=350%2C200 1x, https:\/\/i0.wp.com\/www.shqiperia.com\/blog\/wp-content\/uploads\/2026\/08\/800-0-mali-i-cikes-6a8a00782300d.jpg?fit=800%2C450&ssl=1&resize=525%2C300 1.5x, https:\/\/i0.wp.com\/www.shqiperia.com\/blog\/wp-content\/uploads\/2026\/08\/800-0-mali-i-cikes-6a8a00782300d.jpg?fit=800%2C450&ssl=1&resize=700%2C400 2x"},"classes":[]}],"_links":{"self":[{"href":"https:\/\/www.shqiperia.com\/blog\/wp-json\/wp\/v2\/posts\/88504","targetHints":{"allow":["GET"]}}],"collection":[{"href":"https:\/\/www.shqiperia.com\/blog\/wp-json\/wp\/v2\/posts"}],"about":[{"href":"https:\/\/www.shqiperia.com\/blog\/wp-json\/wp\/v2\/types\/post"}],"author":[{"embeddable":true,"href":"https:\/\/www.shqiperia.com\/blog\/wp-json\/wp\/v2\/users\/9"}],"replies":[{"embeddable":true,"href":"https:\/\/www.shqiperia.com\/blog\/wp-json\/wp\/v2\/comments?post=88504"}],"version-history":[{"count":1,"href":"https:\/\/www.shqiperia.com\/blog\/wp-json\/wp\/v2\/posts\/88504\/revisions"}],"predecessor-version":[{"id":88506,"href":"https:\/\/www.shqiperia.com\/blog\/wp-json\/wp\/v2\/posts\/88504\/revisions\/88506"}],"wp:featuredmedia":[{"embeddable":true,"href":"https:\/\/www.shqiperia.com\/blog\/wp-json\/wp\/v2\/media\/88505"}],"wp:attachment":[{"href":"https:\/\/www.shqiperia.com\/blog\/wp-json\/wp\/v2\/media?parent=88504"}],"wp:term":[{"taxonomy":"category","embeddable":true,"href":"https:\/\/www.shqiperia.com\/blog\/wp-json\/wp\/v2\/categories?post=88504"},{"taxonomy":"post_tag","embeddable":true,"href":"https:\/\/www.shqiperia.com\/blog\/wp-json\/wp\/v2\/tags?post=88504"}],"curies":[{"name":"wp","href":"https:\/\/api.w.org\/{rel}","templated":true}]}}