{"id":88270,"date":"2025-01-12T02:14:03","date_gmt":"2025-01-12T02:14:03","guid":{"rendered":"https:\/\/www.shqiperia.com\/blog\/?p=88270"},"modified":"2025-01-12T02:19:05","modified_gmt":"2025-01-12T02:19:05","slug":"numeron-700-mije-viktima-shba-ben-bilancin-rusia-ka-humbur-ne-ukraine-2-3-e-forces-ushtarake-qe-kishte-ne-fillim-te-luftes","status":"publish","type":"post","link":"https:\/\/www.shqiperia.com\/blog\/numeron-700-mije-viktima-shba-ben-bilancin-rusia-ka-humbur-ne-ukraine-2-3-e-forces-ushtarake-qe-kishte-ne-fillim-te-luftes\/","title":{"rendered":"Humbjet e Rusis\u00eb n\u00eb Ukrain\u00eb \u201ctejkaluan dy t\u00eb tretat e forc\u00ebs totale ushtarake\u201d q\u00eb kishte Moska n\u00eb fillim t\u00eb luft\u00ebs."},"content":{"rendered":"<p><img data-recalc-dims=\"1\" loading=\"lazy\" decoding=\"async\" data-attachment-id=\"88271\" data-permalink=\"https:\/\/www.shqiperia.com\/blog\/numeron-700-mije-viktima-shba-ben-bilancin-rusia-ka-humbur-ne-ukraine-2-3-e-forces-ushtarake-qe-kishte-ne-fillim-te-luftes\/putin-ushtria\/\" data-orig-file=\"https:\/\/i0.wp.com\/www.shqiperia.com\/blog\/wp-content\/uploads\/2025\/01\/Putin-ushtria.jpg?fit=1280%2C720&amp;ssl=1\" data-orig-size=\"1280,720\" data-comments-opened=\"1\" data-image-meta=\"{&quot;aperture&quot;:&quot;0&quot;,&quot;credit&quot;:&quot;&quot;,&quot;camera&quot;:&quot;&quot;,&quot;caption&quot;:&quot;&quot;,&quot;created_timestamp&quot;:&quot;0&quot;,&quot;copyright&quot;:&quot;&quot;,&quot;focal_length&quot;:&quot;0&quot;,&quot;iso&quot;:&quot;0&quot;,&quot;shutter_speed&quot;:&quot;0&quot;,&quot;title&quot;:&quot;&quot;,&quot;orientation&quot;:&quot;0&quot;}\" data-image-title=\"Putin-ushtria\" data-image-description=\"\" data-image-caption=\"\" data-medium-file=\"https:\/\/i0.wp.com\/www.shqiperia.com\/blog\/wp-content\/uploads\/2025\/01\/Putin-ushtria.jpg?fit=300%2C169&amp;ssl=1\" data-large-file=\"https:\/\/i0.wp.com\/www.shqiperia.com\/blog\/wp-content\/uploads\/2025\/01\/Putin-ushtria.jpg?fit=1024%2C576&amp;ssl=1\" class=\"alignnone wp-image-88271\" alt=\"\" src=\"https:\/\/i0.wp.com\/www.shqiperia.com\/blog\/wp-content\/uploads\/2025\/01\/Putin-ushtria.jpg?resize=671%2C378&#038;ssl=1\" width=\"671\" height=\"378\" srcset=\"https:\/\/i0.wp.com\/www.shqiperia.com\/blog\/wp-content\/uploads\/2025\/01\/Putin-ushtria.jpg?resize=300%2C169&amp;ssl=1 300w, https:\/\/i0.wp.com\/www.shqiperia.com\/blog\/wp-content\/uploads\/2025\/01\/Putin-ushtria.jpg?resize=1024%2C576&amp;ssl=1 1024w, https:\/\/i0.wp.com\/www.shqiperia.com\/blog\/wp-content\/uploads\/2025\/01\/Putin-ushtria.jpg?resize=768%2C432&amp;ssl=1 768w, https:\/\/i0.wp.com\/www.shqiperia.com\/blog\/wp-content\/uploads\/2025\/01\/Putin-ushtria.jpg?resize=450%2C253&amp;ssl=1 450w, https:\/\/i0.wp.com\/www.shqiperia.com\/blog\/wp-content\/uploads\/2025\/01\/Putin-ushtria.jpg?resize=600%2C338&amp;ssl=1 600w, https:\/\/i0.wp.com\/www.shqiperia.com\/blog\/wp-content\/uploads\/2025\/01\/Putin-ushtria.jpg?resize=400%2C225&amp;ssl=1 400w, https:\/\/i0.wp.com\/www.shqiperia.com\/blog\/wp-content\/uploads\/2025\/01\/Putin-ushtria.jpg?w=1280&amp;ssl=1 1280w\" sizes=\"auto, (max-width: 671px) 100vw, 671px\" \/><\/p>\n<p>12 Janar 2025<\/p>\n<p>Humbjet e Rusis\u00eb n\u00eb Ukrain\u00eb \u201ctejkaluan dy t\u00eb tretat e forc\u00ebs totale ushtarake\u201d q\u00eb kishte Moska n\u00eb fillim t\u00eb luft\u00ebs.<\/p>\n<p>K\u00ebshtu u shpreh Sekretari Amerikan i Mbrojtjes, Lloyd Austin gjat\u00eb nj\u00eb konference p\u00ebr shtyp t\u00eb organizuar n\u00eb fund t\u00eb takimit me Grupin e Kontaktit t\u00eb Mbrojtjes s\u00eb Ukrain\u00ebs n\u00eb baz\u00ebn ushtarake Ramstein n\u00eb Gjermani, nj\u00eb dit\u00eb m\u00eb par\u00eb.<\/p>\n<p>\u201cNjer\u00ebzit e lir\u00eb nuk mund t\u00eb pranojn\u00eb z\u00ebvend\u00ebsimin e nj\u00eb rendi t\u00eb bazuar n\u00eb rregulla dhe t\u00eb drejta me nj\u00eb bot\u00eb t\u00eb dhunshme t\u00eb bazuar n\u00eb forc\u00eb dhe frik\u00eb\u201d, tha ai, duke shtuar se humbjet e forcave ruse n\u00eb Ukrain\u00eb jan\u00eb \u201cm\u00eb t\u00eb m\u00ebdha se ato q\u00eb ka p\u00ebsuar Moska n\u00eb t\u00eb gjitha konfliktet n\u00eb t\u00eb cilat mori pjes\u00eb pas Luft\u00ebs s\u00eb Dyt\u00eb Bot\u00ebrore\u201d.<\/p>\n<p>Sekretari i Mbrojtjes i k\u00ebrkoi Ukrain\u00ebs t\u00eb vazhdoj\u00eb t\u2019i rezistoj\u00eb pushtimit rus, duke shtuar se \u201cforcat e Mosk\u00ebs kan\u00eb regjistruar 700,000 viktima q\u00eb nga viti 2022\u201d.<\/p>\n<p>Austin iu drejtua drejtp\u00ebrdrejt me nj\u00eb mesazh: \u201ckoleg\u00ebve t\u00eb mi t\u00eb guximsh\u00ebm ukrainas dhe miqve t\u00eb mi q\u00eb tashm\u00eb kan\u00eb sakrifikuar shum\u00eb: vazhdoni t\u00eb luftoni\u201d<\/p>\n<p>.<strong>BalkanWeb<\/strong><\/p>\n","protected":false},"excerpt":{"rendered":"<p>12 Janar 2025 Humbjet e Rusis\u00eb n\u00eb Ukrain\u00eb \u201ctejkaluan dy t\u00eb tretat e forc\u00ebs totale ushtarake\u201d q\u00eb kishte Moska n\u00eb fillim t\u00eb luft\u00ebs. K\u00ebshtu u shpreh Sekretari Amerikan i Mbrojtjes, Lloyd Austin gjat\u00eb nj\u00eb konference p\u00ebr shtyp t\u00eb organizuar n\u00eb fund t\u00eb takimit me Grupin e Kontaktit t\u00eb Mbrojtjes s\u00eb Ukrain\u00ebs n\u00eb baz\u00ebn ushtarake Ramstein [&hellip;]<\/p>\n","protected":false},"author":9,"featured_media":88271,"comment_status":"open","ping_status":"open","sticky":false,"template":"","format":"standard","meta":{"jetpack_post_was_ever_published":false,"_jetpack_newsletter_access":"","_jetpack_dont_email_post_to_subs":false,"_jetpack_newsletter_tier_id":0,"_jetpack_memberships_contains_paywalled_content":false,"_jetpack_memberships_contains_paid_content":false,"footnotes":"","jetpack_publicize_message":"","jetpack_publicize_feature_enabled":true,"jetpack_social_post_already_shared":true,"jetpack_social_options":{"image_generator_settings":{"template":"highway","default_image_id":0,"font":"","enabled":false},"version":2}},"categories":[27,1,2],"tags":[],"class_list":["post-88270","post","type-post","status-publish","format-standard","has-post-thumbnail","hentry","category-blogu-i-udhetarit","category-njoftime-shtypi","category-politika"],"jetpack_publicize_connections":[],"jetpack_featured_media_url":"https:\/\/i0.wp.com\/www.shqiperia.com\/blog\/wp-content\/uploads\/2025\/01\/Putin-ushtria.jpg?fit=1280%2C720&ssl=1","jetpack_sharing_enabled":true,"jetpack_shortlink":"https:\/\/wp.me\/p5Z6wp-mXI","jetpack-related-posts":[{"id":100120,"url":"https:\/\/www.shqiperia.com\/blog\/pse-putin-e-sinjalizoi-tani-fundin-e-luftes-ne-ukraine\/","url_meta":{"origin":88270,"position":0},"title":"Pse Putin e sinjalizoi tani fundin e luft\u00ebs n\u00eb Ukrain\u00eb?","author":"Kurt Farka","date":"May 11, 2026","format":false,"excerpt":"11 Maji 2026 Presidenti rus Vladimir Putin ka b\u00ebr\u00eb deklarata t\u00eb forta s\u00eb fundmi, q\u00eb l\u00ebn\u00eb t\u00eb kuptohet se lufta e Rusis\u00eb me Ukrain\u00ebn mund t\u00eb jet\u00eb \u201cduke u afruar drejt fundit\u201d. Por, nj\u00eb shqyrtim m\u00eb i thell\u00eb i kontekstit tregon se ky nuk \u00ebsht\u00eb nj\u00eb sinjal i qart\u00eb p\u00ebr\u2026","rel":"","context":"In &quot;Njoftime Shtypi&quot;","block_context":{"text":"Njoftime Shtypi","link":"https:\/\/www.shqiperia.com\/blog\/category\/njoftime-shtypi\/"},"img":{"alt_text":"","src":"https:\/\/i0.wp.com\/www.shqiperia.com\/blog\/wp-content\/uploads\/2026\/05\/putin.jpg?fit=768%2C432&ssl=1&resize=350%2C200","width":350,"height":200,"srcset":"https:\/\/i0.wp.com\/www.shqiperia.com\/blog\/wp-content\/uploads\/2026\/05\/putin.jpg?fit=768%2C432&ssl=1&resize=350%2C200 1x, https:\/\/i0.wp.com\/www.shqiperia.com\/blog\/wp-content\/uploads\/2026\/05\/putin.jpg?fit=768%2C432&ssl=1&resize=525%2C300 1.5x, https:\/\/i0.wp.com\/www.shqiperia.com\/blog\/wp-content\/uploads\/2026\/05\/putin.jpg?fit=768%2C432&ssl=1&resize=700%2C400 2x"},"classes":[]},{"id":104089,"url":"https:\/\/www.shqiperia.com\/blog\/ishim-krah-ukraines-qe-diten-e-pare-kosova-i-pergjigjet-zelenskyt-pas-deklarates-ne-takimin-me-vucic\/","url_meta":{"origin":88270,"position":1},"title":"\u201cIshim krah Ukrain\u00ebs q\u00eb dit\u00ebn e par\u00eb\u201d \u2013 Kosova i p\u00ebrgjigjet Zelenskyt, pas deklarat\u00ebs n\u00eb takimin me Vu\u00e7i\u00e7","author":"Kurt Farka","date":"August 9, 2026","format":false,"excerpt":"9 Gusht 2026 Ministri i Jasht\u00ebm n\u00eb detyr\u00eb i Kosov\u00ebs, Glauk Konjufca, ka reaguar ndaj deklarat\u00ebs s\u00eb presidentit ukrainas, Volodymyr Zelensky n\u00eb Beograd, se Ukraina nuk do ta njoh\u00eb Republik\u00ebn e Kosov\u00ebs. Konjufca ka shprehur keqardhje p\u00ebr k\u00ebt\u00eb q\u00ebndrim, duke theksuar se Kosova, q\u00eb nga dita e par\u00eb e agresionit\u2026","rel":"","context":"In &quot;Blogu i Udh\u00ebtarit&quot;","block_context":{"text":"Blogu i Udh\u00ebtarit","link":"https:\/\/www.shqiperia.com\/blog\/category\/blogu-i-udhetarit\/"},"img":{"alt_text":"","src":"https:\/\/i0.wp.com\/www.shqiperia.com\/blog\/wp-content\/uploads\/2026\/08\/2018-02-flamur-jpg.webp?fit=1200%2C675&ssl=1&resize=350%2C200","width":350,"height":200,"srcset":"https:\/\/i0.wp.com\/www.shqiperia.com\/blog\/wp-content\/uploads\/2026\/08\/2018-02-flamur-jpg.webp?fit=1200%2C675&ssl=1&resize=350%2C200 1x, https:\/\/i0.wp.com\/www.shqiperia.com\/blog\/wp-content\/uploads\/2026\/08\/2018-02-flamur-jpg.webp?fit=1200%2C675&ssl=1&resize=525%2C300 1.5x, https:\/\/i0.wp.com\/www.shqiperia.com\/blog\/wp-content\/uploads\/2026\/08\/2018-02-flamur-jpg.webp?fit=1200%2C675&ssl=1&resize=700%2C400 2x, https:\/\/i0.wp.com\/www.shqiperia.com\/blog\/wp-content\/uploads\/2026\/08\/2018-02-flamur-jpg.webp?fit=1200%2C675&ssl=1&resize=1050%2C600 3x"},"classes":[]},{"id":100853,"url":"https:\/\/www.shqiperia.com\/blog\/irani-ka-goditur-20-baza-ushtarake-amerikane-ne-lindjen-e-mesme-demet-jane-me-te-medha-se-sa-pranohet-zyrtarisht\/","url_meta":{"origin":88270,"position":2},"title":"Irani ka goditur 20 baza ushtarake amerikane n\u00eb Lindjen e Mesme, d\u00ebmet jan\u00eb m\u00eb t\u00eb m\u00ebdha se sa pranohet zyrtarisht","author":"Kurt Farka","date":"June 1, 2026","format":false,"excerpt":"1 Qershor 2026 Irani ka shkaktuar d\u00ebme n\u00eb t\u00eb pakt\u00ebn 20 objekte ushtarake amerikane n\u00eb Lindjen e Mesme q\u00eb nga fillimi i luft\u00ebs, sipas nj\u00eb analize t\u00eb publikuar nga BBC Verify bazuar n\u00eb imazhe satelitore dhe video t\u00eb verifikuara. Sulmet iraniane kan\u00eb sh\u00ebnjestruar baza dhe instalime ushtarake amerikane n\u00eb tet\u00eb\u2026","rel":"","context":"In &quot;Njoftime Shtypi&quot;","block_context":{"text":"Njoftime Shtypi","link":"https:\/\/www.shqiperia.com\/blog\/category\/njoftime-shtypi\/"},"img":{"alt_text":"","src":"https:\/\/i0.wp.com\/www.shqiperia.com\/blog\/wp-content\/uploads\/2026\/06\/iran-2.webp?fit=1024%2C576&ssl=1&resize=350%2C200","width":350,"height":200,"srcset":"https:\/\/i0.wp.com\/www.shqiperia.com\/blog\/wp-content\/uploads\/2026\/06\/iran-2.webp?fit=1024%2C576&ssl=1&resize=350%2C200 1x, https:\/\/i0.wp.com\/www.shqiperia.com\/blog\/wp-content\/uploads\/2026\/06\/iran-2.webp?fit=1024%2C576&ssl=1&resize=525%2C300 1.5x, https:\/\/i0.wp.com\/www.shqiperia.com\/blog\/wp-content\/uploads\/2026\/06\/iran-2.webp?fit=1024%2C576&ssl=1&resize=700%2C400 2x"},"classes":[]},{"id":102857,"url":"https:\/\/www.shqiperia.com\/blog\/shefi-i-cia-trupat-e-putin-nuk-rezistojne-me-shume-se-30-minuta-ne-fushen-e-betejes\/","url_meta":{"origin":88270,"position":3},"title":"Shefi i CIA: &#8211; Trupat e Putin nuk rezistojn\u00eb m\u00eb shum\u00eb se 30 minuta n\u00eb fush\u00ebn e betej\u00ebs","author":"Kurt Farka","date":"July 18, 2026","format":false,"excerpt":"18 Korrok 2026 Jet\u00ebgjat\u00ebsia mesatare p\u00ebr nj\u00eb ushtar rus n\u00eb Ukrain\u00eb \u00ebsht\u00eb midis 20-30 minutash, sipas drejtoriy t\u00eb CIA-s, John Ratcliffe. Duke folur n\u00eb nj\u00eb samit t\u00eb mbrojtjes n\u00eb Pensilvani, ai ia atribuoi kushtet vdekjeprur\u00ebse p\u00ebr forcat e Vladimir Putinit dron\u00ebve luftarak\u00eb t\u00eb Ukrain\u00ebs t\u00eb pajisur me inteligjenc\u00eb artificiale. \u201cAjo\u2026","rel":"","context":"In &quot;Blogu i Udh\u00ebtarit&quot;","block_context":{"text":"Blogu i Udh\u00ebtarit","link":"https:\/\/www.shqiperia.com\/blog\/category\/blogu-i-udhetarit\/"},"img":{"alt_text":"","src":"https:\/\/i0.wp.com\/www.shqiperia.com\/blog\/wp-content\/uploads\/2026\/07\/640-0-97e9a7731bb37e1f1202cb20d23e5cb3.jpeg?fit=640%2C422&ssl=1&resize=350%2C200","width":350,"height":200,"srcset":"https:\/\/i0.wp.com\/www.shqiperia.com\/blog\/wp-content\/uploads\/2026\/07\/640-0-97e9a7731bb37e1f1202cb20d23e5cb3.jpeg?fit=640%2C422&ssl=1&resize=350%2C200 1x, https:\/\/i0.wp.com\/www.shqiperia.com\/blog\/wp-content\/uploads\/2026\/07\/640-0-97e9a7731bb37e1f1202cb20d23e5cb3.jpeg?fit=640%2C422&ssl=1&resize=525%2C300 1.5x"},"classes":[]},{"id":100195,"url":"https:\/\/www.shqiperia.com\/blog\/trump-drejtuar-iranit-udheheqesit-e-tij-ose-do-te-bejne-gjene-e-duhur-ose-ne-do-ta-perfundojme-punen\/","url_meta":{"origin":88270,"position":4},"title":"Trump drejtuar Iranit: &#8211; Udh\u00ebheq\u00ebsit e tij ose do t\u00eb b\u00ebjn\u00eb gj\u00ebn\u00eb e duhur, ose ne do ta p\u00ebrfundojm\u00eb pun\u00ebn","author":"Kurt Farka","date":"May 13, 2026","format":false,"excerpt":"13 Maji 2026 Me mesazhe n\u00eb \u00e7do drejtim, Donald Trump niset p\u00ebr n\u00eb Kin\u00eb ku do t\u00eb takohet me homologun e tij, Xi Jinping. N\u00eb deklaratat p\u00ebr gazetar\u00ebt t\u00eb mart\u00ebn nga Sht\u00ebpia e Bardh\u00eb, presidenti amerikan, pasi e lajkatoi Pekinin duke th\u00ebn\u00eb se \u201cne dhe Kina jemi dy superfuqit\u00eb e\u2026","rel":"","context":"In &quot;Blogu i Udh\u00ebtarit&quot;","block_context":{"text":"Blogu i Udh\u00ebtarit","link":"https:\/\/www.shqiperia.com\/blog\/category\/blogu-i-udhetarit\/"},"img":{"alt_text":"","src":"https:\/\/i0.wp.com\/www.shqiperia.com\/blog\/wp-content\/uploads\/2026\/05\/Trump.webp?fit=1168%2C656&ssl=1&resize=350%2C200","width":350,"height":200,"srcset":"https:\/\/i0.wp.com\/www.shqiperia.com\/blog\/wp-content\/uploads\/2026\/05\/Trump.webp?fit=1168%2C656&ssl=1&resize=350%2C200 1x, https:\/\/i0.wp.com\/www.shqiperia.com\/blog\/wp-content\/uploads\/2026\/05\/Trump.webp?fit=1168%2C656&ssl=1&resize=525%2C300 1.5x, https:\/\/i0.wp.com\/www.shqiperia.com\/blog\/wp-content\/uploads\/2026\/05\/Trump.webp?fit=1168%2C656&ssl=1&resize=700%2C400 2x, https:\/\/i0.wp.com\/www.shqiperia.com\/blog\/wp-content\/uploads\/2026\/05\/Trump.webp?fit=1168%2C656&ssl=1&resize=1050%2C600 3x"},"classes":[]},{"id":100641,"url":"https:\/\/www.shqiperia.com\/blog\/pershkallezim-i-pamatur-evropa-denon-perdorimin-e-raketes-oreshnik-nga-rusia\/","url_meta":{"origin":88270,"position":5},"title":"\u201cP\u00ebrshkall\u00ebzim i pamatur\u201d\/ Evropa d\u00ebnon p\u00ebrdorimin e raket\u00ebs \u2018Oreshnik\u2019 nga Rusia","author":"Kurt Farka","date":"May 25, 2026","format":false,"excerpt":"25 Maji 2026 P\u00ebrdorimi nga Rusia i raket\u00ebs balistike me rreze t\u00eb mesme veprimi \u201cOreshnik\u201d ka t\u00ebrhequr v\u00ebmendjen nd\u00ebrkomb\u00ebtare dhe ka nxitur reagime t\u00eb forta nga lider\u00ebt europian\u00eb, t\u00eb cil\u00ebt paralajm\u00ebrojn\u00eb p\u00ebr nj\u00eb p\u00ebrshkall\u00ebzim t\u00eb rreziksh\u00ebm t\u00eb luft\u00ebs n\u00eb Ukrain\u00eb. Presidenti ukrainas Volodymyr Zelensky deklaroi t\u00eb diel\u00ebn se Rusia ka\u2026","rel":"","context":"In &quot;Blogu i Udh\u00ebtarit&quot;","block_context":{"text":"Blogu i Udh\u00ebtarit","link":"https:\/\/www.shqiperia.com\/blog\/category\/blogu-i-udhetarit\/"},"img":{"alt_text":"","src":"https:\/\/i0.wp.com\/www.shqiperia.com\/blog\/wp-content\/uploads\/2026\/05\/640-0-5683dcac740cda5830981450847710fa.webp?fit=640%2C360&ssl=1&resize=350%2C200","width":350,"height":200,"srcset":"https:\/\/i0.wp.com\/www.shqiperia.com\/blog\/wp-content\/uploads\/2026\/05\/640-0-5683dcac740cda5830981450847710fa.webp?fit=640%2C360&ssl=1&resize=350%2C200 1x, https:\/\/i0.wp.com\/www.shqiperia.com\/blog\/wp-content\/uploads\/2026\/05\/640-0-5683dcac740cda5830981450847710fa.webp?fit=640%2C360&ssl=1&resize=525%2C300 1.5x"},"classes":[]}],"_links":{"self":[{"href":"https:\/\/www.shqiperia.com\/blog\/wp-json\/wp\/v2\/posts\/88270","targetHints":{"allow":["GET"]}}],"collection":[{"href":"https:\/\/www.shqiperia.com\/blog\/wp-json\/wp\/v2\/posts"}],"about":[{"href":"https:\/\/www.shqiperia.com\/blog\/wp-json\/wp\/v2\/types\/post"}],"author":[{"embeddable":true,"href":"https:\/\/www.shqiperia.com\/blog\/wp-json\/wp\/v2\/users\/9"}],"replies":[{"embeddable":true,"href":"https:\/\/www.shqiperia.com\/blog\/wp-json\/wp\/v2\/comments?post=88270"}],"version-history":[{"count":4,"href":"https:\/\/www.shqiperia.com\/blog\/wp-json\/wp\/v2\/posts\/88270\/revisions"}],"predecessor-version":[{"id":88275,"href":"https:\/\/www.shqiperia.com\/blog\/wp-json\/wp\/v2\/posts\/88270\/revisions\/88275"}],"wp:featuredmedia":[{"embeddable":true,"href":"https:\/\/www.shqiperia.com\/blog\/wp-json\/wp\/v2\/media\/88271"}],"wp:attachment":[{"href":"https:\/\/www.shqiperia.com\/blog\/wp-json\/wp\/v2\/media?parent=88270"}],"wp:term":[{"taxonomy":"category","embeddable":true,"href":"https:\/\/www.shqiperia.com\/blog\/wp-json\/wp\/v2\/categories?post=88270"},{"taxonomy":"post_tag","embeddable":true,"href":"https:\/\/www.shqiperia.com\/blog\/wp-json\/wp\/v2\/tags?post=88270"}],"curies":[{"name":"wp","href":"https:\/\/api.w.org\/{rel}","templated":true}]}}