{"id":87394,"date":"2024-12-14T05:13:05","date_gmt":"2024-12-14T05:13:05","guid":{"rendered":"https:\/\/www.shqiperia.com\/blog\/?p=87394"},"modified":"2024-12-14T05:38:12","modified_gmt":"2024-12-14T05:38:12","slug":"kendi-i-fotografise-fshati-shqiptar-qe-banorin-me-te-ri-e-ka-60-vjec","status":"publish","type":"post","link":"https:\/\/www.shqiperia.com\/blog\/kendi-i-fotografise-fshati-shqiptar-qe-banorin-me-te-ri-e-ka-60-vjec\/","title":{"rendered":"Kendi i Fotografise: &#8211; Fshati Shqiptar qe banorin me te ri e ka 60 Vjec."},"content":{"rendered":"<div class=\"style-scope ytd-watch-metadata\" id=\"title\">\n<h1><img data-recalc-dims=\"1\" loading=\"lazy\" decoding=\"async\" data-attachment-id=\"87396\" data-permalink=\"https:\/\/www.shqiperia.com\/blog\/kendi-i-fotografise-fshati-shqiptar-qe-banorin-me-te-ri-e-ka-60-vjec\/fterre-featured-image-proper-size\/\" data-orig-file=\"https:\/\/i0.wp.com\/www.shqiperia.com\/blog\/wp-content\/uploads\/2024\/12\/Fterre-Featured-Image-Proper-Size.jpg?fit=989%2C767&amp;ssl=1\" data-orig-size=\"989,767\" data-comments-opened=\"1\" data-image-meta=\"{&quot;aperture&quot;:&quot;0&quot;,&quot;credit&quot;:&quot;&quot;,&quot;camera&quot;:&quot;&quot;,&quot;caption&quot;:&quot;&quot;,&quot;created_timestamp&quot;:&quot;0&quot;,&quot;copyright&quot;:&quot;&quot;,&quot;focal_length&quot;:&quot;0&quot;,&quot;iso&quot;:&quot;0&quot;,&quot;shutter_speed&quot;:&quot;0&quot;,&quot;title&quot;:&quot;&quot;,&quot;orientation&quot;:&quot;0&quot;}\" data-image-title=\"Fterre-Featured-Image-Proper-Size.\" data-image-description=\"\" data-image-caption=\"\" data-medium-file=\"https:\/\/i0.wp.com\/www.shqiperia.com\/blog\/wp-content\/uploads\/2024\/12\/Fterre-Featured-Image-Proper-Size.jpg?fit=300%2C233&amp;ssl=1\" data-large-file=\"https:\/\/i0.wp.com\/www.shqiperia.com\/blog\/wp-content\/uploads\/2024\/12\/Fterre-Featured-Image-Proper-Size.jpg?fit=989%2C767&amp;ssl=1\" class=\"alignnone wp-image-87396\" alt=\"\" src=\"https:\/\/i0.wp.com\/www.shqiperia.com\/blog\/wp-content\/uploads\/2024\/12\/Fterre-Featured-Image-Proper-Size.jpg?resize=604%2C469&#038;ssl=1\" width=\"604\" height=\"469\" srcset=\"https:\/\/i0.wp.com\/www.shqiperia.com\/blog\/wp-content\/uploads\/2024\/12\/Fterre-Featured-Image-Proper-Size.jpg?resize=300%2C233&amp;ssl=1 300w, https:\/\/i0.wp.com\/www.shqiperia.com\/blog\/wp-content\/uploads\/2024\/12\/Fterre-Featured-Image-Proper-Size.jpg?resize=768%2C596&amp;ssl=1 768w, https:\/\/i0.wp.com\/www.shqiperia.com\/blog\/wp-content\/uploads\/2024\/12\/Fterre-Featured-Image-Proper-Size.jpg?resize=450%2C349&amp;ssl=1 450w, https:\/\/i0.wp.com\/www.shqiperia.com\/blog\/wp-content\/uploads\/2024\/12\/Fterre-Featured-Image-Proper-Size.jpg?resize=600%2C465&amp;ssl=1 600w, https:\/\/i0.wp.com\/www.shqiperia.com\/blog\/wp-content\/uploads\/2024\/12\/Fterre-Featured-Image-Proper-Size.jpg?resize=400%2C310&amp;ssl=1 400w, https:\/\/i0.wp.com\/www.shqiperia.com\/blog\/wp-content\/uploads\/2024\/12\/Fterre-Featured-Image-Proper-Size.jpg?w=989&amp;ssl=1 989w\" sizes=\"auto, (max-width: 604px) 100vw, 604px\" \/><\/h1>\n<h1 class=\"style-scope ytd-watch-metadata\"><span style=\"color: #333333;font-family: 'Open Sans', 'Helvetica Neue', Helvetica, Arial, sans-serif;font-size: 19px\">14 Dhjetor 2024<\/span><\/h1>\n<h1 class=\"style-scope ytd-watch-metadata\"><span style=\"color: #333333;font-family: 'Open Sans', 'Helvetica Neue', Helvetica, Arial, sans-serif;font-size: 19px\">N\u00eb Fterr\u00ebn e bukur nuk lindin m\u00eb f\u00ebmij\u00eb prej 3 vitesh! <\/span><\/h1>\n<h1 class=\"style-scope ytd-watch-metadata\"><span style=\"color: #333333;font-family: 'Open Sans', 'Helvetica Neue', Helvetica, Arial, sans-serif;font-size: 19px\">&#8211; M\u00eb i riu \u00ebsht\u00eb 60 vje\u00e7! Ik\u00ebn se s&#8217;ka rrug\u00eb!<\/span><\/h1>\n<p><span>Gazetari Erjon Sk\u00ebndajna njofton ne\u00a0 nj\u00eb emision krejt ndryshe, mes njer\u00ebzve dhe p\u00ebr njer\u00ebzit.<\/span><\/p>\n<p><img data-recalc-dims=\"1\" loading=\"lazy\" decoding=\"async\" data-attachment-id=\"87397\" data-permalink=\"https:\/\/www.shqiperia.com\/blog\/kendi-i-fotografise-fshati-shqiptar-qe-banorin-me-te-ri-e-ka-60-vjec\/attachment\/15100490723930657734\/\" data-orig-file=\"https:\/\/i0.wp.com\/www.shqiperia.com\/blog\/wp-content\/uploads\/2024\/12\/15100490723930657734.jpg?fit=1280%2C668&amp;ssl=1\" data-orig-size=\"1280,668\" data-comments-opened=\"1\" data-image-meta=\"{&quot;aperture&quot;:&quot;0&quot;,&quot;credit&quot;:&quot;&quot;,&quot;camera&quot;:&quot;&quot;,&quot;caption&quot;:&quot;&quot;,&quot;created_timestamp&quot;:&quot;0&quot;,&quot;copyright&quot;:&quot;&quot;,&quot;focal_length&quot;:&quot;0&quot;,&quot;iso&quot;:&quot;0&quot;,&quot;shutter_speed&quot;:&quot;0&quot;,&quot;title&quot;:&quot;&quot;,&quot;orientation&quot;:&quot;0&quot;}\" data-image-title=\"15100490723930657734\" data-image-description=\"\" data-image-caption=\"\" data-medium-file=\"https:\/\/i0.wp.com\/www.shqiperia.com\/blog\/wp-content\/uploads\/2024\/12\/15100490723930657734.jpg?fit=300%2C157&amp;ssl=1\" data-large-file=\"https:\/\/i0.wp.com\/www.shqiperia.com\/blog\/wp-content\/uploads\/2024\/12\/15100490723930657734.jpg?fit=1024%2C534&amp;ssl=1\" class=\"alignnone wp-image-87397\" alt=\"\" src=\"https:\/\/i0.wp.com\/www.shqiperia.com\/blog\/wp-content\/uploads\/2024\/12\/15100490723930657734.jpg?resize=533%2C279&#038;ssl=1\" width=\"533\" height=\"279\" srcset=\"https:\/\/i0.wp.com\/www.shqiperia.com\/blog\/wp-content\/uploads\/2024\/12\/15100490723930657734.jpg?resize=300%2C157&amp;ssl=1 300w, https:\/\/i0.wp.com\/www.shqiperia.com\/blog\/wp-content\/uploads\/2024\/12\/15100490723930657734.jpg?resize=1024%2C534&amp;ssl=1 1024w, https:\/\/i0.wp.com\/www.shqiperia.com\/blog\/wp-content\/uploads\/2024\/12\/15100490723930657734.jpg?resize=768%2C401&amp;ssl=1 768w, https:\/\/i0.wp.com\/www.shqiperia.com\/blog\/wp-content\/uploads\/2024\/12\/15100490723930657734.jpg?resize=450%2C235&amp;ssl=1 450w, https:\/\/i0.wp.com\/www.shqiperia.com\/blog\/wp-content\/uploads\/2024\/12\/15100490723930657734.jpg?resize=600%2C313&amp;ssl=1 600w, https:\/\/i0.wp.com\/www.shqiperia.com\/blog\/wp-content\/uploads\/2024\/12\/15100490723930657734.jpg?resize=400%2C209&amp;ssl=1 400w, https:\/\/i0.wp.com\/www.shqiperia.com\/blog\/wp-content\/uploads\/2024\/12\/15100490723930657734.jpg?w=1280&amp;ssl=1 1280w\" sizes=\"auto, (max-width: 533px) 100vw, 533px\" \/><\/p>\n<p><img data-recalc-dims=\"1\" loading=\"lazy\" decoding=\"async\" data-attachment-id=\"87398\" data-permalink=\"https:\/\/www.shqiperia.com\/blog\/kendi-i-fotografise-fshati-shqiptar-qe-banorin-me-te-ri-e-ka-60-vjec\/fterra-village-beautiful-in-text-image\/\" data-orig-file=\"https:\/\/i0.wp.com\/www.shqiperia.com\/blog\/wp-content\/uploads\/2024\/12\/Fterra-Village-Beautiful-In-Text-Image.jpg?fit=750%2C495&amp;ssl=1\" data-orig-size=\"750,495\" data-comments-opened=\"1\" data-image-meta=\"{&quot;aperture&quot;:&quot;0&quot;,&quot;credit&quot;:&quot;&quot;,&quot;camera&quot;:&quot;&quot;,&quot;caption&quot;:&quot;&quot;,&quot;created_timestamp&quot;:&quot;0&quot;,&quot;copyright&quot;:&quot;&quot;,&quot;focal_length&quot;:&quot;0&quot;,&quot;iso&quot;:&quot;0&quot;,&quot;shutter_speed&quot;:&quot;0&quot;,&quot;title&quot;:&quot;&quot;,&quot;orientation&quot;:&quot;0&quot;}\" data-image-title=\"Fterra-Village-Beautiful-In-Text-Image.\" data-image-description=\"\" data-image-caption=\"\" data-medium-file=\"https:\/\/i0.wp.com\/www.shqiperia.com\/blog\/wp-content\/uploads\/2024\/12\/Fterra-Village-Beautiful-In-Text-Image.jpg?fit=300%2C198&amp;ssl=1\" data-large-file=\"https:\/\/i0.wp.com\/www.shqiperia.com\/blog\/wp-content\/uploads\/2024\/12\/Fterra-Village-Beautiful-In-Text-Image.jpg?fit=750%2C495&amp;ssl=1\" class=\"alignnone wp-image-87398\" alt=\"\" src=\"https:\/\/i0.wp.com\/www.shqiperia.com\/blog\/wp-content\/uploads\/2024\/12\/Fterra-Village-Beautiful-In-Text-Image.jpg?resize=521%2C344&#038;ssl=1\" width=\"521\" height=\"344\" srcset=\"https:\/\/i0.wp.com\/www.shqiperia.com\/blog\/wp-content\/uploads\/2024\/12\/Fterra-Village-Beautiful-In-Text-Image.jpg?resize=300%2C198&amp;ssl=1 300w, https:\/\/i0.wp.com\/www.shqiperia.com\/blog\/wp-content\/uploads\/2024\/12\/Fterra-Village-Beautiful-In-Text-Image.jpg?resize=450%2C297&amp;ssl=1 450w, https:\/\/i0.wp.com\/www.shqiperia.com\/blog\/wp-content\/uploads\/2024\/12\/Fterra-Village-Beautiful-In-Text-Image.jpg?resize=600%2C396&amp;ssl=1 600w, https:\/\/i0.wp.com\/www.shqiperia.com\/blog\/wp-content\/uploads\/2024\/12\/Fterra-Village-Beautiful-In-Text-Image.jpg?resize=400%2C264&amp;ssl=1 400w, https:\/\/i0.wp.com\/www.shqiperia.com\/blog\/wp-content\/uploads\/2024\/12\/Fterra-Village-Beautiful-In-Text-Image.jpg?w=750&amp;ssl=1 750w\" sizes=\"auto, (max-width: 521px) 100vw, 521px\" \/><\/p>\n<p><img data-recalc-dims=\"1\" loading=\"lazy\" decoding=\"async\" data-attachment-id=\"87399\" data-permalink=\"https:\/\/www.shqiperia.com\/blog\/kendi-i-fotografise-fshati-shqiptar-qe-banorin-me-te-ri-e-ka-60-vjec\/fterre-village-fshati-fterre-albania-39627700-500-332\/\" data-orig-file=\"https:\/\/i0.wp.com\/www.shqiperia.com\/blog\/wp-content\/uploads\/2024\/12\/Fterre-Village-Fshati-Fterre-albania-39627700-500-332.jpg?fit=500%2C332&amp;ssl=1\" data-orig-size=\"500,332\" data-comments-opened=\"1\" data-image-meta=\"{&quot;aperture&quot;:&quot;0&quot;,&quot;credit&quot;:&quot;&quot;,&quot;camera&quot;:&quot;&quot;,&quot;caption&quot;:&quot;&quot;,&quot;created_timestamp&quot;:&quot;0&quot;,&quot;copyright&quot;:&quot;&quot;,&quot;focal_length&quot;:&quot;0&quot;,&quot;iso&quot;:&quot;0&quot;,&quot;shutter_speed&quot;:&quot;0&quot;,&quot;title&quot;:&quot;&quot;,&quot;orientation&quot;:&quot;0&quot;}\" data-image-title=\"-Fterre-Village-Fshati-Fterre-albania-39627700-500-332\" data-image-description=\"\" data-image-caption=\"\" data-medium-file=\"https:\/\/i0.wp.com\/www.shqiperia.com\/blog\/wp-content\/uploads\/2024\/12\/Fterre-Village-Fshati-Fterre-albania-39627700-500-332.jpg?fit=300%2C199&amp;ssl=1\" data-large-file=\"https:\/\/i0.wp.com\/www.shqiperia.com\/blog\/wp-content\/uploads\/2024\/12\/Fterre-Village-Fshati-Fterre-albania-39627700-500-332.jpg?fit=500%2C332&amp;ssl=1\" class=\"alignnone wp-image-87399\" alt=\"\" src=\"https:\/\/i0.wp.com\/www.shqiperia.com\/blog\/wp-content\/uploads\/2024\/12\/Fterre-Village-Fshati-Fterre-albania-39627700-500-332.jpg?resize=538%2C357&#038;ssl=1\" width=\"538\" height=\"357\" srcset=\"https:\/\/i0.wp.com\/www.shqiperia.com\/blog\/wp-content\/uploads\/2024\/12\/Fterre-Village-Fshati-Fterre-albania-39627700-500-332.jpg?resize=300%2C199&amp;ssl=1 300w, https:\/\/i0.wp.com\/www.shqiperia.com\/blog\/wp-content\/uploads\/2024\/12\/Fterre-Village-Fshati-Fterre-albania-39627700-500-332.jpg?resize=450%2C299&amp;ssl=1 450w, https:\/\/i0.wp.com\/www.shqiperia.com\/blog\/wp-content\/uploads\/2024\/12\/Fterre-Village-Fshati-Fterre-albania-39627700-500-332.jpg?resize=400%2C266&amp;ssl=1 400w, https:\/\/i0.wp.com\/www.shqiperia.com\/blog\/wp-content\/uploads\/2024\/12\/Fterre-Village-Fshati-Fterre-albania-39627700-500-332.jpg?w=500&amp;ssl=1 500w\" sizes=\"auto, (max-width: 538px) 100vw, 538px\" \/><\/p>\n<\/div>\n<div class=\"style-scope ytd-watch-metadata\" id=\"top-row\">\n<div class=\"item style-scope ytd-watch-metadata\" id=\"actions\">\n<div class=\"style-scope ytd-watch-metadata\" id=\"actions-inner\">\n<div class=\"style-scope ytd-watch-metadata\" id=\"menu\">\n<div class=\"top-level-buttons style-scope ytd-menu-renderer\" id=\"top-level-buttons-computed\">\n<div class=\"yt-spec-button-shape-next__icon\" aria-hidden=\"true\">\n<div><\/div>\n<\/div>\n<\/div>\n<\/div>\n<\/div>\n<\/div>\n<\/div>\n","protected":false},"excerpt":{"rendered":"<p>14 Dhjetor 2024 N\u00eb Fterr\u00ebn e bukur nuk lindin m\u00eb f\u00ebmij\u00eb prej 3 vitesh! &#8211; M\u00eb i riu \u00ebsht\u00eb 60 vje\u00e7! Ik\u00ebn se s&#8217;ka rrug\u00eb! Gazetari Erjon Sk\u00ebndajna njofton ne\u00a0 nj\u00eb emision krejt ndryshe, mes njer\u00ebzve dhe p\u00ebr njer\u00ebzit.<\/p>\n","protected":false},"author":9,"featured_media":87396,"comment_status":"open","ping_status":"open","sticky":false,"template":"","format":"standard","meta":{"jetpack_post_was_ever_published":false,"_jetpack_newsletter_access":"","_jetpack_dont_email_post_to_subs":false,"_jetpack_newsletter_tier_id":0,"_jetpack_memberships_contains_paywalled_content":false,"_jetpack_memberships_contains_paid_content":false,"footnotes":"","jetpack_publicize_message":"","jetpack_publicize_feature_enabled":true,"jetpack_social_post_already_shared":true,"jetpack_social_options":{"image_generator_settings":{"template":"highway","default_image_id":0,"font":"","enabled":false},"version":2}},"categories":[27,1,35,86],"tags":[],"class_list":["post-87394","post","type-post","status-publish","format-standard","has-post-thumbnail","hentry","category-blogu-i-udhetarit","category-njoftime-shtypi","category-shoqerore","category-trashegimi-kulturore"],"jetpack_publicize_connections":[],"jetpack_featured_media_url":"https:\/\/i0.wp.com\/www.shqiperia.com\/blog\/wp-content\/uploads\/2024\/12\/Fterre-Featured-Image-Proper-Size.jpg?fit=989%2C767&ssl=1","jetpack_sharing_enabled":true,"jetpack_shortlink":"https:\/\/wp.me\/p5Z6wp-mJA","jetpack-related-posts":[{"id":50111,"url":"https:\/\/www.shqiperia.com\/blog\/10-qytetar-humbin-jeten-nga-covid19\/","url_meta":{"origin":87394,"position":0},"title":"10 qytetar humbin jeten nga Covid19.","author":"Kurt Farka","date":"September 25, 2021","format":false,"excerpt":"10 qytetar humbin jeten nga Covid19. 25 shtator 2021 N\u00eb 24 or\u00ebt e fundit nuk e kan\u00eb fituar betej\u00ebn me COVID19 10 qytetar\u00eb: 4 qytetar\u00eb nga Tirana t\u00eb moshave 56-83 vje\u00e7, 4 qytetar\u00eb nga Durr\u00ebsi t\u00eb moshave 68-82 vje\u00e7, 1 qytetar nga Vlora 36 vje\u00e7, 1 qytetar nga Fieri 60\u2026","rel":"","context":"In &quot;Njoftime Shtypi&quot;","block_context":{"text":"Njoftime Shtypi","link":"https:\/\/www.shqiperia.com\/blog\/category\/njoftime-shtypi\/"},"img":{"alt_text":"","src":"https:\/\/i0.wp.com\/www.shqiperia.com\/blog\/wp-content\/uploads\/2021\/09\/640-0-25da69b1258de9859ec6c8be8fc9bfb7.jpg?fit=640%2C374&ssl=1&resize=350%2C200","width":350,"height":200,"srcset":"https:\/\/i0.wp.com\/www.shqiperia.com\/blog\/wp-content\/uploads\/2021\/09\/640-0-25da69b1258de9859ec6c8be8fc9bfb7.jpg?fit=640%2C374&ssl=1&resize=350%2C200 1x, https:\/\/i0.wp.com\/www.shqiperia.com\/blog\/wp-content\/uploads\/2021\/09\/640-0-25da69b1258de9859ec6c8be8fc9bfb7.jpg?fit=640%2C374&ssl=1&resize=525%2C300 1.5x"},"classes":[]},{"id":50227,"url":"https:\/\/www.shqiperia.com\/blog\/shtate-qytetare-ne-24-oret-e-fundit-nuk-e-kane-fituar-betejen-me-covid19\/","url_meta":{"origin":87394,"position":1},"title":"Shtat\u00eb qytetar\u00eb n\u00eb 24 or\u00ebt e fundit nuk e kan\u00eb fituar betej\u00ebn me COVID19.","author":"Kurt Farka","date":"October 1, 2021","format":false,"excerpt":"Shtat\u00eb qytetar\u00eb n\u00eb 24 or\u00ebt e fundit nuk e kan\u00eb fituar betej\u00ebn me COVID19. 1 tetor 2019 Ministria e Sh\u00ebndet\u00ebsis\u00eb dhe Mbrojtjes Sociale u shpreh ngush\u00ebllimet familjar\u00ebve. - Nj\u00eb qytetare 47 vje\u00e7 nga Burreli, dy qytetar\u00eb nga Fieri 58 dhe 60 vje\u00e7, nj\u00eb qytetar 61 vje\u00e7 nga Gjirokastra, nj\u00eb qytetar\u2026","rel":"","context":"In &quot;Njoftime Shtypi&quot;","block_context":{"text":"Njoftime Shtypi","link":"https:\/\/www.shqiperia.com\/blog\/category\/njoftime-shtypi\/"},"img":{"alt_text":"","src":"https:\/\/i0.wp.com\/www.shqiperia.com\/blog\/wp-content\/uploads\/2021\/10\/COVID-19.jpeg?fit=810%2C455&ssl=1&resize=350%2C200","width":350,"height":200,"srcset":"https:\/\/i0.wp.com\/www.shqiperia.com\/blog\/wp-content\/uploads\/2021\/10\/COVID-19.jpeg?fit=810%2C455&ssl=1&resize=350%2C200 1x, https:\/\/i0.wp.com\/www.shqiperia.com\/blog\/wp-content\/uploads\/2021\/10\/COVID-19.jpeg?fit=810%2C455&ssl=1&resize=525%2C300 1.5x, https:\/\/i0.wp.com\/www.shqiperia.com\/blog\/wp-content\/uploads\/2021\/10\/COVID-19.jpeg?fit=810%2C455&ssl=1&resize=700%2C400 2x"},"classes":[]},{"id":50791,"url":"https:\/\/www.shqiperia.com\/blog\/femijet-qe-jane-16-plus-do-ftohen-per-vaksinim-tha-mira-rakacolli\/","url_meta":{"origin":87394,"position":2},"title":"F\u00ebmij\u00ebt q\u00eb jan\u00eb 16 plus do ftohen p\u00ebr vaksinim\u201d, tha Mira Rakacolli.","author":"Kurt Farka","date":"October 22, 2021","format":false,"excerpt":"F\u00ebmij\u00ebt q\u00eb jan\u00eb 16 plus do ftohen p\u00ebr vaksinim\u201d, tha Mira Rakacolli. E fundit! Komiteti Teknik i Ekspert\u00ebve: Miratohet doza e tret\u00eb, vaksinim edhe f\u00ebmij\u00ebt +16 vje\u00e7 22 TETOR 2021 Komiteti Teknik i Ekspert\u00ebve gjat\u00eb nj\u00eb mbledhje t\u00eb sotme ka vendosur q\u00eb t\u00eb miratoj\u00eb rekomandimin e b\u00ebr\u00eb nga Komiteti i\u2026","rel":"","context":"In &quot;Blogu i Udh\u00ebtarit&quot;","block_context":{"text":"Blogu i Udh\u00ebtarit","link":"https:\/\/www.shqiperia.com\/blog\/category\/blogu-i-udhetarit\/"},"img":{"alt_text":"","src":"https:\/\/i0.wp.com\/www.shqiperia.com\/blog\/wp-content\/uploads\/2021\/10\/unnamed-2.jpg?fit=512%2C328&ssl=1&resize=350%2C200","width":350,"height":200},"classes":[]},{"id":53427,"url":"https:\/\/www.shqiperia.com\/blog\/rendohet-situate-tete-humbje-jete-me-sars-cov2\/","url_meta":{"origin":87394,"position":3},"title":"R\u00ebndohet situata: &#8211; Tet\u00eb humbje jete me SARS-COV2","author":"Kurt Farka","date":"January 23, 2022","format":false,"excerpt":"R\u00ebndohet situata: - Tet\u00eb humbje jete me SARS-COV2 23 JANAR 2022 N\u00eb 24 or\u00ebt e fundit me gjith\u00eb p\u00ebrpjekjet e stafit mjek\u00ebsor ka tet\u00eb humbje jete me SARS-COV2 - Nj\u00eb qytetar nga Ballshi 59 vje\u00e7, kat\u00ebr qytetar\u00eb nga Tirana 62-84 vje\u00e7,\u00a0 nj\u00eb qytetar nga Durr\u00ebsi 75 vje\u00e7, nj\u00eb qytetar nga\u2026","rel":"","context":"In &quot;Blogu i Udh\u00ebtarit&quot;","block_context":{"text":"Blogu i Udh\u00ebtarit","link":"https:\/\/www.shqiperia.com\/blog\/category\/blogu-i-udhetarit\/"},"img":{"alt_text":"","src":"https:\/\/i0.wp.com\/www.shqiperia.com\/blog\/wp-content\/uploads\/2022\/01\/640-0-25da69b1258de9859ec6c8be8fc9bfb7.jpg?fit=640%2C352&ssl=1&resize=350%2C200","width":350,"height":200,"srcset":"https:\/\/i0.wp.com\/www.shqiperia.com\/blog\/wp-content\/uploads\/2022\/01\/640-0-25da69b1258de9859ec6c8be8fc9bfb7.jpg?fit=640%2C352&ssl=1&resize=350%2C200 1x, https:\/\/i0.wp.com\/www.shqiperia.com\/blog\/wp-content\/uploads\/2022\/01\/640-0-25da69b1258de9859ec6c8be8fc9bfb7.jpg?fit=640%2C352&ssl=1&resize=525%2C300 1.5x"},"classes":[]},{"id":29753,"url":"https:\/\/www.shqiperia.com\/blog\/te-gjithe-njerezit-qe-jane-mbi-50-ose-60-vjec-duhet-te-pijne-patjeter-caj-me-lekure-mandarine-ja-se-cfare-pro-blemi-sheron\/","url_meta":{"origin":87394,"position":4},"title":"Te gjithe njerezit qe jane mbi 50 ose 60 vjec duhet te pijne patjeter \u00e7aj me lekure mandarine, ja se cfare pro\/blemi sheron","author":"Kurt Farka","date":"December 27, 2019","format":false,"excerpt":"Te gjithe njerezit qe jane mbi 50 ose 60 vjec duhet te pijne patjeter \u00e7aj me lekure mandarine, ja se cfare pro\/blemi sheron \u2018\u2019Fli gjum\u00eb, se duhet t\u00eb rritesh\u201d, me siguri kjo \u00ebsht\u00eb nj\u00eb nga ato k\u00ebshilla q\u00eb keni d\u00ebgjuar m\u00eb s\u00eb shumti kur ishit f\u00ebmij\u00eb, nga mamaja ose gjyshja.\u2026","rel":"","context":"In &quot;Blogu i Udh\u00ebtarit&quot;","block_context":{"text":"Blogu i Udh\u00ebtarit","link":"https:\/\/www.shqiperia.com\/blog\/category\/blogu-i-udhetarit\/"},"img":{"alt_text":"","src":"https:\/\/i0.wp.com\/www.shqiperia.com\/blog\/wp-content\/uploads\/2019\/12\/bgfdsggn.png?fit=653%2C374&ssl=1&resize=350%2C200","width":350,"height":200,"srcset":"https:\/\/i0.wp.com\/www.shqiperia.com\/blog\/wp-content\/uploads\/2019\/12\/bgfdsggn.png?fit=653%2C374&ssl=1&resize=350%2C200 1x, https:\/\/i0.wp.com\/www.shqiperia.com\/blog\/wp-content\/uploads\/2019\/12\/bgfdsggn.png?fit=653%2C374&ssl=1&resize=525%2C300 1.5x"},"classes":[]},{"id":95816,"url":"https:\/\/www.shqiperia.com\/blog\/70-perqind-e-emigranteve-tane-ne-europe-jane-nen-45-vjec\/","url_meta":{"origin":87394,"position":5},"title":"70 p\u00ebrqind e emigrant\u00ebve tan\u00eb n\u00eb Europ\u00eb jan\u00eb n\u00ebn 45 vje\u00e7","author":"Kurt Farka","date":"December 22, 2025","format":false,"excerpt":"22 Dhjetor 2025 Mosha e 2,2 milion\u00eb shqiptar\u00ebve q\u00eb jetojn\u00eb jasht\u00eb vendit \u00ebsht\u00eb mjaft e re sipas t\u00eb dh\u00ebnave nga Ces Hub i Bashkimit Europian. Shumica e vendeve t\u00eb BE zhvilloi censet e popullsis\u00eb m\u00eb 2021, nga t\u00eb cilat u evidentua popullata e emigrant\u00ebve sipas vendeve t\u00eb origjin\u00ebs dhe mosha\u2026","rel":"","context":"In &quot;Blogu i Udh\u00ebtarit&quot;","block_context":{"text":"Blogu i Udh\u00ebtarit","link":"https:\/\/www.shqiperia.com\/blog\/category\/blogu-i-udhetarit\/"},"img":{"alt_text":"","src":"https:\/\/i0.wp.com\/www.shqiperia.com\/blog\/wp-content\/uploads\/2025\/12\/auto_-900-0-1728887199xshpopullimi-rama-9071728887599.jpg?fit=850%2C498&ssl=1&resize=350%2C200","width":350,"height":200,"srcset":"https:\/\/i0.wp.com\/www.shqiperia.com\/blog\/wp-content\/uploads\/2025\/12\/auto_-900-0-1728887199xshpopullimi-rama-9071728887599.jpg?fit=850%2C498&ssl=1&resize=350%2C200 1x, https:\/\/i0.wp.com\/www.shqiperia.com\/blog\/wp-content\/uploads\/2025\/12\/auto_-900-0-1728887199xshpopullimi-rama-9071728887599.jpg?fit=850%2C498&ssl=1&resize=525%2C300 1.5x, https:\/\/i0.wp.com\/www.shqiperia.com\/blog\/wp-content\/uploads\/2025\/12\/auto_-900-0-1728887199xshpopullimi-rama-9071728887599.jpg?fit=850%2C498&ssl=1&resize=700%2C400 2x"},"classes":[]}],"_links":{"self":[{"href":"https:\/\/www.shqiperia.com\/blog\/wp-json\/wp\/v2\/posts\/87394","targetHints":{"allow":["GET"]}}],"collection":[{"href":"https:\/\/www.shqiperia.com\/blog\/wp-json\/wp\/v2\/posts"}],"about":[{"href":"https:\/\/www.shqiperia.com\/blog\/wp-json\/wp\/v2\/types\/post"}],"author":[{"embeddable":true,"href":"https:\/\/www.shqiperia.com\/blog\/wp-json\/wp\/v2\/users\/9"}],"replies":[{"embeddable":true,"href":"https:\/\/www.shqiperia.com\/blog\/wp-json\/wp\/v2\/comments?post=87394"}],"version-history":[{"count":2,"href":"https:\/\/www.shqiperia.com\/blog\/wp-json\/wp\/v2\/posts\/87394\/revisions"}],"predecessor-version":[{"id":87401,"href":"https:\/\/www.shqiperia.com\/blog\/wp-json\/wp\/v2\/posts\/87394\/revisions\/87401"}],"wp:featuredmedia":[{"embeddable":true,"href":"https:\/\/www.shqiperia.com\/blog\/wp-json\/wp\/v2\/media\/87396"}],"wp:attachment":[{"href":"https:\/\/www.shqiperia.com\/blog\/wp-json\/wp\/v2\/media?parent=87394"}],"wp:term":[{"taxonomy":"category","embeddable":true,"href":"https:\/\/www.shqiperia.com\/blog\/wp-json\/wp\/v2\/categories?post=87394"},{"taxonomy":"post_tag","embeddable":true,"href":"https:\/\/www.shqiperia.com\/blog\/wp-json\/wp\/v2\/tags?post=87394"}],"curies":[{"name":"wp","href":"https:\/\/api.w.org\/{rel}","templated":true}]}}