{"id":87391,"date":"2024-12-14T04:49:42","date_gmt":"2024-12-14T04:49:42","guid":{"rendered":"https:\/\/www.shqiperia.com\/blog\/?p=87391"},"modified":"2024-12-14T04:49:42","modified_gmt":"2024-12-14T04:49:42","slug":"faktori-shqiptar-ne-maqedoni-njezeri-prekja-e-gjuhes-eshte-vija","status":"publish","type":"post","link":"https:\/\/www.shqiperia.com\/blog\/faktori-shqiptar-ne-maqedoni-njezeri-prekja-e-gjuhes-eshte-vija\/","title":{"rendered":"Faktori shqiptar ne Maqedoni nj\u00ebz\u00ebri: &#8211; Prekja e gjuh\u00ebs \u00ebsht\u00eb vija &#8230;"},"content":{"rendered":"<div class=\"firstP\">\n<p><img data-recalc-dims=\"1\" loading=\"lazy\" decoding=\"async\" data-attachment-id=\"87392\" data-permalink=\"https:\/\/www.shqiperia.com\/blog\/faktori-shqiptar-ne-maqedoni-njezeri-prekja-e-gjuhes-eshte-vija\/shkupi-foto-kualitet\/\" data-orig-file=\"https:\/\/i0.wp.com\/www.shqiperia.com\/blog\/wp-content\/uploads\/2024\/12\/Shkupi-foto-kualitet.jpg?fit=780%2C520&amp;ssl=1\" data-orig-size=\"780,520\" data-comments-opened=\"1\" data-image-meta=\"{&quot;aperture&quot;:&quot;10&quot;,&quot;credit&quot;:&quot;&quot;,&quot;camera&quot;:&quot;Canon EOS 5D&quot;,&quot;caption&quot;:&quot;&quot;,&quot;created_timestamp&quot;:&quot;987050958&quot;,&quot;copyright&quot;:&quot;&quot;,&quot;focal_length&quot;:&quot;40&quot;,&quot;iso&quot;:&quot;160&quot;,&quot;shutter_speed&quot;:&quot;0.004&quot;,&quot;title&quot;:&quot;&quot;,&quot;orientation&quot;:&quot;1&quot;}\" data-image-title=\"Shkupi-foto-kualitet\" data-image-description=\"\" data-image-caption=\"\" data-medium-file=\"https:\/\/i0.wp.com\/www.shqiperia.com\/blog\/wp-content\/uploads\/2024\/12\/Shkupi-foto-kualitet.jpg?fit=300%2C200&amp;ssl=1\" data-large-file=\"https:\/\/i0.wp.com\/www.shqiperia.com\/blog\/wp-content\/uploads\/2024\/12\/Shkupi-foto-kualitet.jpg?fit=780%2C520&amp;ssl=1\" class=\"alignnone  wp-image-87392\" alt=\"\" src=\"https:\/\/i0.wp.com\/www.shqiperia.com\/blog\/wp-content\/uploads\/2024\/12\/Shkupi-foto-kualitet.jpg?resize=714%2C476&#038;ssl=1\" width=\"714\" height=\"476\" srcset=\"https:\/\/i0.wp.com\/www.shqiperia.com\/blog\/wp-content\/uploads\/2024\/12\/Shkupi-foto-kualitet.jpg?resize=300%2C200&amp;ssl=1 300w, https:\/\/i0.wp.com\/www.shqiperia.com\/blog\/wp-content\/uploads\/2024\/12\/Shkupi-foto-kualitet.jpg?resize=768%2C512&amp;ssl=1 768w, https:\/\/i0.wp.com\/www.shqiperia.com\/blog\/wp-content\/uploads\/2024\/12\/Shkupi-foto-kualitet.jpg?resize=600%2C400&amp;ssl=1 600w, https:\/\/i0.wp.com\/www.shqiperia.com\/blog\/wp-content\/uploads\/2024\/12\/Shkupi-foto-kualitet.jpg?resize=450%2C300&amp;ssl=1 450w, https:\/\/i0.wp.com\/www.shqiperia.com\/blog\/wp-content\/uploads\/2024\/12\/Shkupi-foto-kualitet.jpg?resize=400%2C267&amp;ssl=1 400w, https:\/\/i0.wp.com\/www.shqiperia.com\/blog\/wp-content\/uploads\/2024\/12\/Shkupi-foto-kualitet.jpg?w=780&amp;ssl=1 780w\" sizes=\"auto, (max-width: 714px) 100vw, 714px\" \/><\/p>\n<p>14 Dhjetor 2024<\/p>\n<p>Tensionet n\u00eb rritje mes shqiptar\u00ebve dhe maqedonasve i kan\u00eb dh\u00ebn\u00eb sinjalet prej muajsh. N\u00ebn pretendimin e nd\u00ebrhyrjeve n\u00eb rrug\u00eb, n\u00eb fillim t\u00eb shtatorit 2024, u hoq mbishkrimi shqip n\u00eb tabel\u00ebn e autostrad\u00ebs Bllac\u00eb- Shkup.<\/p>\n<\/div>\n<p>Ndryshe nga sinjalistika e vjet\u00ebr, tabela e re p\u00ebrmbante mbishkrime n\u00eb maqedonisht, anglisht dhe fr\u00ebngjisht por jo shqip. P\u00ebr shkak t\u00eb reagimeve t\u00eb forta, ajo u hoq vet\u00ebm disa or\u00eb m\u00eb pas p\u00ebr tu rivendosur s\u00ebrish edhe me mbishkrimin n\u00eb shqip.<\/p>\n<p>\u2018Ne e kemi b\u00ebr\u00eb me dije se prekja e gjuh\u00ebs shqipe \u00ebsht\u00eb prekja e m\u00eb t\u00eb shenjt\u00ebs son\u00eb q\u00eb e kemi si popull. Aty tejkalohen vijat e kuqe\u2019 u shpreh ish-ministri i jasht\u00ebm, Bujar Osmani.<\/p>\n<p>\u2018Cilado parti maqedonase do t\u00eb tentoj\u00eb q\u00eb shqipen ta kthej\u00eb n\u00eb gjuh\u00eb t\u00eb dyt\u00eb do t\u00eb ket\u00eb probleme serioze, pasi lufta e vitit 2001 u ndal dhe gjuha shqipe ishte nj\u00eb nga pikat kryesore\u2019 u shpreh Arsim Sinani, ekspert i \u00e7\u00ebshtjeve t\u00eb gjuh\u00ebve<\/p>\n<p>Ligji p\u00ebr p\u00ebrdorimin e gjuh\u00ebve buron nga Marr\u00ebveshja e Ohrit, q\u00eb njihet ndryshe edhe si kushtetuta politike. Ajo i dha fund konfliktit t\u00eb armatosur midis kryengrit\u00ebsve shqiptar\u00eb dhe forcave ushtarake e policore maqedonase n\u00eb vitin 2001.<\/p>\n<p>Pavar\u00ebsisht ndasive politike mes shqiptar\u00ebve t\u00eb Maqedonis\u00eb, pal\u00ebt bien dakord kur thon\u00eb se ligji nuk \u00ebsht\u00eb i p\u00ebrkryer, por ai shtroi themelet p\u00ebr t\u00eb ushtruar nj\u00eb t\u00eb drejt\u00eb themelore t\u00eb shqiptar\u00ebve.<\/p>\n<p>\u2018Ne nuk mund t\u00eb presim nga pala maqedonase q\u00eb me vullnetin e tyre t\u00eb lir\u00eb t\u00eb lejojn\u00eb p\u00ebrdorimin e gjuh\u00ebs shqipe, dhe t\u00eb drejtat fitohen dhe nuk dhurohen. Ndaj e shoh m\u00eb shum\u00eb si munges\u00eb t\u00eb vullnetit t\u00eb politikan\u00ebve shqiptar\u00eb n\u00eb qeverisjet e deritanishme q\u00eb t\u00eb insistojn\u00eb deri n\u00eb fund q\u00eb s\u00eb paku ky ligj t\u00eb implementohej k\u00ebshtu si\u00e7 ishte miratuar\u2019 u shpreh Bilall Kasami, Kryetar\/ Komuna Tetov\u00eb.<\/p>\n<p>\u2018Gjuha shqipe me ligj \u00ebsht\u00eb b\u00ebr\u00eb gjuh\u00eb e barabart\u00eb me maqedonishten n\u00eb t\u00eb gjitha nivelet, nga vula e presidentit t\u00eb shtetit deri tek institucioni m\u00eb lokal \u00ebsht\u00eb zyrtare n\u00eb Maqedonin\u00eb e veriut\u2019 u shpreh ish-ministri i jasht\u00ebm, Bujar Osmani.<\/p>\n<p class=\"last\"><strong>Top Channel<\/strong><\/p>\n","protected":false},"excerpt":{"rendered":"<p>14 Dhjetor 2024 Tensionet n\u00eb rritje mes shqiptar\u00ebve dhe maqedonasve i kan\u00eb dh\u00ebn\u00eb sinjalet prej muajsh. N\u00ebn pretendimin e nd\u00ebrhyrjeve n\u00eb rrug\u00eb, n\u00eb fillim t\u00eb shtatorit 2024, u hoq mbishkrimi shqip n\u00eb tabel\u00ebn e autostrad\u00ebs Bllac\u00eb- Shkup. Ndryshe nga sinjalistika e vjet\u00ebr, tabela e re p\u00ebrmbante mbishkrime n\u00eb maqedonisht, anglisht dhe fr\u00ebngjisht por jo shqip. [&hellip;]<\/p>\n","protected":false},"author":9,"featured_media":87392,"comment_status":"open","ping_status":"open","sticky":false,"template":"","format":"standard","meta":{"jetpack_post_was_ever_published":false,"_jetpack_newsletter_access":"","_jetpack_dont_email_post_to_subs":false,"_jetpack_newsletter_tier_id":0,"_jetpack_memberships_contains_paywalled_content":false,"_jetpack_memberships_contains_paid_content":false,"footnotes":"","jetpack_publicize_message":"","jetpack_publicize_feature_enabled":true,"jetpack_social_post_already_shared":true,"jetpack_social_options":{"image_generator_settings":{"template":"highway","default_image_id":0,"font":"","enabled":false},"version":2}},"categories":[27,1,2,35,86],"tags":[],"class_list":["post-87391","post","type-post","status-publish","format-standard","has-post-thumbnail","hentry","category-blogu-i-udhetarit","category-njoftime-shtypi","category-politika","category-shoqerore","category-trashegimi-kulturore"],"jetpack_publicize_connections":[],"jetpack_featured_media_url":"https:\/\/i0.wp.com\/www.shqiperia.com\/blog\/wp-content\/uploads\/2024\/12\/Shkupi-foto-kualitet.jpg?fit=780%2C520&ssl=1","jetpack_sharing_enabled":true,"jetpack_shortlink":"https:\/\/wp.me\/p5Z6wp-mJx","jetpack-related-posts":[{"id":16598,"url":"https:\/\/www.shqiperia.com\/blog\/thaci-e-rama-te-terhiqen-ish-kryenegociatorja-e-kosoves-prekja-e-kufijve-con-ne-lufte\/","url_meta":{"origin":87391,"position":0},"title":"Tha\u00e7i e Rama t\u00eb t\u00ebrhiqen. &#8211;  Ish-kryenegociatorja e Kosov\u00ebs: Prekja e kufijve \u00e7on n\u00eb luft\u00eb.-","author":"Kurt Farka","date":"January 26, 2019","format":false,"excerpt":"Tha\u00e7i e Rama t\u00eb t\u00ebrhiqen. - Ish-kryenegociatorja e Kosov\u00ebs: Prekja e kufijve \u00e7on n\u00eb luft\u00eb.- 25 janar 2019. \u00a0 Ish-kryenegociatorja Edita Tahiri \u00ebsht\u00eb shprehur se ideja e shk\u00ebmbimit t\u00eb territoreve mes Kosov\u00ebs dhe Serbis\u00eb ka p\u00ebr synim krijimin e \u201cSerbis\u00eb s\u00eb Madhe\u201d dhe mund ta \u00e7oj\u00eb Ballkanin n\u00eb luft\u00eb. \u00a0\u2026","rel":"","context":"In &quot;Blogu i Udh\u00ebtarit&quot;","block_context":{"text":"Blogu i Udh\u00ebtarit","link":"https:\/\/www.shqiperia.com\/blog\/category\/blogu-i-udhetarit\/"},"img":{"alt_text":"","src":"https:\/\/i0.wp.com\/www.shqiperia.com\/blog\/wp-content\/uploads\/2019\/01\/kufijte-433x300.jpg?fit=433%2C285&ssl=1&resize=350%2C200","width":350,"height":200},"classes":[]},{"id":35714,"url":"https:\/\/www.shqiperia.com\/blog\/zbulohet-e-verteta-e-tezes-se-gjuhes-turi-i-famshem-qe-revoltoi-dhe-i-nxori-maturantet-ne-proteste-u-perkthye-nga-anglishtja-ja-si-quhej-ne-origjinal\/","url_meta":{"origin":87391,"position":1},"title":"Zbulohet e v\u00ebrteta e tez\u00ebs s\u00eb Gjuh\u00ebs, \u201cTuri\u201d i famsh\u00ebm q\u00eb revoltoi dhe i nxori maturant\u00ebt n\u00eb protest\u00eb u p\u00ebrkthye nga anglishtja, ja si quhej n\u00eb origjinal","author":"Kurt Farka","date":"June 15, 2020","format":false,"excerpt":"Zbulohet e v\u00ebrteta e tez\u00ebs s\u00eb Gjuh\u00ebs, \u201cTuri\u201d i famsh\u00ebm q\u00eb revoltoi dhe i nxori maturant\u00ebt n\u00eb protest\u00eb u p\u00ebrkthye nga anglishtja, ja si quhej n\u00eb origjinal 15 QERSHOR 2020 Teza e provimit n\u00eb l\u00ebnd\u00ebn e Gjuh\u00ebs Shqipe dhe Let\u00ebrsis\u00eb \u00ebsht\u00eb pjes\u00ebrisht e kopjuar nga teste standarde t\u00eb gjuh\u00ebs angleze.\u2026","rel":"","context":"In &quot;Blogu i Udh\u00ebtarit&quot;","block_context":{"text":"Blogu i Udh\u00ebtarit","link":"https:\/\/www.shqiperia.com\/blog\/category\/blogu-i-udhetarit\/"},"img":{"alt_text":"","src":"https:\/\/i0.wp.com\/www.shqiperia.com\/blog\/wp-content\/uploads\/2020\/06\/640-0-5321a0b1d149f86ad42eb9b3bc1a91e2-1.jpg?fit=597%2C279&ssl=1&resize=350%2C200","width":350,"height":200,"srcset":"https:\/\/i0.wp.com\/www.shqiperia.com\/blog\/wp-content\/uploads\/2020\/06\/640-0-5321a0b1d149f86ad42eb9b3bc1a91e2-1.jpg?fit=597%2C279&ssl=1&resize=350%2C200 1x, https:\/\/i0.wp.com\/www.shqiperia.com\/blog\/wp-content\/uploads\/2020\/06\/640-0-5321a0b1d149f86ad42eb9b3bc1a91e2-1.jpg?fit=597%2C279&ssl=1&resize=525%2C300 1.5x"},"classes":[]},{"id":84015,"url":"https:\/\/www.shqiperia.com\/blog\/historiania-e-gjuhes-mimoza-kore-numri-uno-i-italishtes-vjen-nga-une-e-shqipes-historiania-e-gjuhes-po-behemi-qesharake\/","url_meta":{"origin":87391,"position":2},"title":"Historiania e gjuh\u00ebs Mimoza Kore: &#8211; Numri \u201cuno\u201d i italishtes vjen nga \u201cun\u00eb\u201d e shqipes, historiania e gjuh\u00ebs: Po b\u00ebhemi qesharak\u00eb!","author":"Kurt Farka","date":"September 3, 2024","format":false,"excerpt":"3 Shtator 2024Historiania e gjuh\u00ebs Mimoza Kore foli n\u00eb emisionin Shqip nga Rudina Xhunga n\u00eb Dritare TV, p\u00ebr lasht\u00ebsin\u00eb e gjuh\u00ebs shqipe dhe historin\u00eb e emrit shqiptar! Zonja Kore tha se gjuh\u00ebsia \u00ebsht\u00eb nj\u00eb shkenc\u00eb, ndaj jo \u00e7do kush, mund t\u00eb flas\u00eb apo merret si referenc\u00eb, p\u00ebr at\u00eb \u00e7far\u00eb thot\u00eb\u2026","rel":"","context":"In &quot;Blogu i Udh\u00ebtarit&quot;","block_context":{"text":"Blogu i Udh\u00ebtarit","link":"https:\/\/www.shqiperia.com\/blog\/category\/blogu-i-udhetarit\/"},"img":{"alt_text":"","src":"https:\/\/i0.wp.com\/www.shqiperia.com\/blog\/wp-content\/uploads\/2024\/09\/Screenshot_1-9.jpg?fit=713%2C390&ssl=1&resize=350%2C200","width":350,"height":200,"srcset":"https:\/\/i0.wp.com\/www.shqiperia.com\/blog\/wp-content\/uploads\/2024\/09\/Screenshot_1-9.jpg?fit=713%2C390&ssl=1&resize=350%2C200 1x, https:\/\/i0.wp.com\/www.shqiperia.com\/blog\/wp-content\/uploads\/2024\/09\/Screenshot_1-9.jpg?fit=713%2C390&ssl=1&resize=525%2C300 1.5x, https:\/\/i0.wp.com\/www.shqiperia.com\/blog\/wp-content\/uploads\/2024\/09\/Screenshot_1-9.jpg?fit=713%2C390&ssl=1&resize=700%2C400 2x"},"classes":[]},{"id":35326,"url":"https:\/\/www.shqiperia.com\/blog\/shuhet-ne-moshen-86-vjecare-studiuesi-i-njohur-agron-fico-profesori-qe-u-mesoi-shqip-kinezeve-dhe-amerikaneve\/","url_meta":{"origin":87391,"position":3},"title":"Shuhet n\u00eb mosh\u00ebn 86-vje\u00e7are studiuesi i njohur Agron Fico, profesori q\u00eb u m\u00ebsoi shqip kinez\u00ebve dhe amerikan\u00ebve","author":"Kurt Farka","date":"June 2, 2020","format":false,"excerpt":"Shuhet n\u00eb mosh\u00ebn 86-vje\u00e7are studiuesi i njohur Agron Fico, profesori q\u00eb u m\u00ebsoi shqip kinez\u00ebve dhe amerikan\u00ebve. Shuhet n\u00eb mosh\u00ebn 86-vje\u00e7are albanologu dhe studiuesi i njohur Agron Fico. Lajmin e ka dh\u00ebn\u00eb Akademia e Shkenca, teksa vler\u00ebson maksimalisht figur\u00ebn e Ficos, p\u00ebr kontributin e vyer t\u00eb dh\u00ebn\u00eb n\u00eb trash\u00ebgimit shpirt\u00ebror\u2026","rel":"","context":"In &quot;Njoftime Shtypi&quot;","block_context":{"text":"Njoftime Shtypi","link":"https:\/\/www.shqiperia.com\/blog\/category\/njoftime-shtypi\/"},"img":{"alt_text":"","src":"https:\/\/i0.wp.com\/www.shqiperia.com\/blog\/wp-content\/uploads\/2020\/06\/Agron-Fico.jpg?fit=780%2C440&ssl=1&resize=350%2C200","width":350,"height":200,"srcset":"https:\/\/i0.wp.com\/www.shqiperia.com\/blog\/wp-content\/uploads\/2020\/06\/Agron-Fico.jpg?fit=780%2C440&ssl=1&resize=350%2C200 1x, https:\/\/i0.wp.com\/www.shqiperia.com\/blog\/wp-content\/uploads\/2020\/06\/Agron-Fico.jpg?fit=780%2C440&ssl=1&resize=525%2C300 1.5x, https:\/\/i0.wp.com\/www.shqiperia.com\/blog\/wp-content\/uploads\/2020\/06\/Agron-Fico.jpg?fit=780%2C440&ssl=1&resize=700%2C400 2x"},"classes":[]},{"id":84362,"url":"https:\/\/www.shqiperia.com\/blog\/gjuha-shqipe-paralajmerimi-i-gjuhetarit-rrezikon-te-kete-fatin-e-latinishtes\/","url_meta":{"origin":87391,"position":4},"title":"\u201cGjuha shqipe\u201d, paralajm\u00ebrimi i gjuh\u00ebtarit: &#8211; Rrezikon t\u00eb ket\u00eb fatin e latinishtes","author":"Kurt Farka","date":"September 12, 2024","format":false,"excerpt":"12 Shtator 2024 \u201cStandardi i gjuh\u00ebs shqipe duhet t\u00eb reformohet pa prekur baz\u00ebn e tosk\u00ebrishtes nga dijetar\u00eb t\u00eb men\u00e7ur q\u00eb iu rreh zemra shqip\u201d, k\u00ebshtu deklaroi n\u00eb nj\u00eb intervist\u00ebn p\u00ebr Merita Haklajn gjuh\u00ebtari Mehmet Elezi, pasi n\u00eb t\u00eb kund\u00ebrt gjuha shqipe \u00ebsht\u00eb e rrezikuar.\u201cNuk jam kurrsesi p\u00ebr p\u00ebrmbysjen. Ky standard\u2026","rel":"","context":"In &quot;Blogu i Udh\u00ebtarit&quot;","block_context":{"text":"Blogu i Udh\u00ebtarit","link":"https:\/\/www.shqiperia.com\/blog\/category\/blogu-i-udhetarit\/"},"img":{"alt_text":"","src":"https:\/\/i0.wp.com\/www.shqiperia.com\/blog\/wp-content\/uploads\/2024\/09\/Mehmet-Elezi.jpg?fit=975%2C523&ssl=1&resize=350%2C200","width":350,"height":200,"srcset":"https:\/\/i0.wp.com\/www.shqiperia.com\/blog\/wp-content\/uploads\/2024\/09\/Mehmet-Elezi.jpg?fit=975%2C523&ssl=1&resize=350%2C200 1x, https:\/\/i0.wp.com\/www.shqiperia.com\/blog\/wp-content\/uploads\/2024\/09\/Mehmet-Elezi.jpg?fit=975%2C523&ssl=1&resize=525%2C300 1.5x, https:\/\/i0.wp.com\/www.shqiperia.com\/blog\/wp-content\/uploads\/2024\/09\/Mehmet-Elezi.jpg?fit=975%2C523&ssl=1&resize=700%2C400 2x"},"classes":[]},{"id":9447,"url":"https:\/\/www.shqiperia.com\/blog\/deshmi-e-lashtesise-e-gjuhes-shqipe-diskutim\/","url_meta":{"origin":87391,"position":5},"title":"Deshmi e lashtesise e gjuhes shqipe. (diskutim). &#8211;","author":"Kurt Farka","date":"July 5, 2018","format":false,"excerpt":"Deshmi e lashtesise e gjuhes shqipe.(diskutim). - Nga: Ilir Mati. Fjalen chara e Jul Qezarit erdhi sot me nyjen shquese La Chara. Botanisti Baldaci e kerkoi ne Shqiperi dhe me ndihmen e miqve te tij shqiptare u ndaluan te k\u00eblkaza. Un\u00eb duke kerkuar nga Palasa ku kishte zbritur Qezari e\u2026","rel":"","context":"In &quot;Histori&quot;","block_context":{"text":"Histori","link":"https:\/\/www.shqiperia.com\/blog\/category\/histori\/"},"img":{"alt_text":"","src":"https:\/\/i0.wp.com\/www.shqiperia.com\/blog\/wp-content\/uploads\/2018\/07\/Ilir-Mati-Copy.jpg?fit=850%2C566&ssl=1&resize=350%2C200","width":350,"height":200,"srcset":"https:\/\/i0.wp.com\/www.shqiperia.com\/blog\/wp-content\/uploads\/2018\/07\/Ilir-Mati-Copy.jpg?fit=850%2C566&ssl=1&resize=350%2C200 1x, https:\/\/i0.wp.com\/www.shqiperia.com\/blog\/wp-content\/uploads\/2018\/07\/Ilir-Mati-Copy.jpg?fit=850%2C566&ssl=1&resize=525%2C300 1.5x, https:\/\/i0.wp.com\/www.shqiperia.com\/blog\/wp-content\/uploads\/2018\/07\/Ilir-Mati-Copy.jpg?fit=850%2C566&ssl=1&resize=700%2C400 2x"},"classes":[]}],"_links":{"self":[{"href":"https:\/\/www.shqiperia.com\/blog\/wp-json\/wp\/v2\/posts\/87391","targetHints":{"allow":["GET"]}}],"collection":[{"href":"https:\/\/www.shqiperia.com\/blog\/wp-json\/wp\/v2\/posts"}],"about":[{"href":"https:\/\/www.shqiperia.com\/blog\/wp-json\/wp\/v2\/types\/post"}],"author":[{"embeddable":true,"href":"https:\/\/www.shqiperia.com\/blog\/wp-json\/wp\/v2\/users\/9"}],"replies":[{"embeddable":true,"href":"https:\/\/www.shqiperia.com\/blog\/wp-json\/wp\/v2\/comments?post=87391"}],"version-history":[{"count":1,"href":"https:\/\/www.shqiperia.com\/blog\/wp-json\/wp\/v2\/posts\/87391\/revisions"}],"predecessor-version":[{"id":87393,"href":"https:\/\/www.shqiperia.com\/blog\/wp-json\/wp\/v2\/posts\/87391\/revisions\/87393"}],"wp:featuredmedia":[{"embeddable":true,"href":"https:\/\/www.shqiperia.com\/blog\/wp-json\/wp\/v2\/media\/87392"}],"wp:attachment":[{"href":"https:\/\/www.shqiperia.com\/blog\/wp-json\/wp\/v2\/media?parent=87391"}],"wp:term":[{"taxonomy":"category","embeddable":true,"href":"https:\/\/www.shqiperia.com\/blog\/wp-json\/wp\/v2\/categories?post=87391"},{"taxonomy":"post_tag","embeddable":true,"href":"https:\/\/www.shqiperia.com\/blog\/wp-json\/wp\/v2\/tags?post=87391"}],"curies":[{"name":"wp","href":"https:\/\/api.w.org\/{rel}","templated":true}]}}