{"id":87384,"date":"2024-12-14T04:13:34","date_gmt":"2024-12-14T04:13:34","guid":{"rendered":"https:\/\/www.shqiperia.com\/blog\/?p=87384"},"modified":"2024-12-14T04:19:23","modified_gmt":"2024-12-14T04:19:23","slug":"lorenc-vangjeli-presionet-ndaj-kryetares-se-gjykates-kushtetuese-2-3-anetare-te-gjykates-kushtetuese-mundet-te-japin-doreheqjen-rrezikojme-krize","status":"publish","type":"post","link":"https:\/\/www.shqiperia.com\/blog\/lorenc-vangjeli-presionet-ndaj-kryetares-se-gjykates-kushtetuese-2-3-anetare-te-gjykates-kushtetuese-mundet-te-japin-doreheqjen-rrezikojme-krize\/","title":{"rendered":"Lorenc Vangjeli: &#8211; Presionet ndaj kryetares s\u00eb Gjykat\u00ebs Kushtetuese. &#8211;  2-3 an\u00ebtar\u00eb t\u00eb Gjykat\u00ebs Kushtetuese mundet t\u00eb japin dor\u00ebheqjen &#8211; Rrezikojm\u00eb kriz\u00eb"},"content":{"rendered":"<p><img data-recalc-dims=\"1\" loading=\"lazy\" decoding=\"async\" data-attachment-id=\"87388\" data-permalink=\"https:\/\/www.shqiperia.com\/blog\/lorenc-vangjeli-presionet-ndaj-kryetares-se-gjykates-kushtetuese-2-3-anetare-te-gjykates-kushtetuese-mundet-te-japin-doreheqjen-rrezikojme-krize\/1612010433_rama-1\/\" data-orig-file=\"https:\/\/i0.wp.com\/www.shqiperia.com\/blog\/wp-content\/uploads\/2024\/12\/1612010433_rama-1.jpg?fit=780%2C440&amp;ssl=1\" data-orig-size=\"780,440\" data-comments-opened=\"1\" data-image-meta=\"{&quot;aperture&quot;:&quot;0&quot;,&quot;credit&quot;:&quot;&quot;,&quot;camera&quot;:&quot;&quot;,&quot;caption&quot;:&quot;&quot;,&quot;created_timestamp&quot;:&quot;0&quot;,&quot;copyright&quot;:&quot;&quot;,&quot;focal_length&quot;:&quot;0&quot;,&quot;iso&quot;:&quot;0&quot;,&quot;shutter_speed&quot;:&quot;0&quot;,&quot;title&quot;:&quot;&quot;,&quot;orientation&quot;:&quot;0&quot;}\" data-image-title=\"1612010433_rama (1)\" data-image-description=\"\" data-image-caption=\"\" data-medium-file=\"https:\/\/i0.wp.com\/www.shqiperia.com\/blog\/wp-content\/uploads\/2024\/12\/1612010433_rama-1.jpg?fit=300%2C169&amp;ssl=1\" data-large-file=\"https:\/\/i0.wp.com\/www.shqiperia.com\/blog\/wp-content\/uploads\/2024\/12\/1612010433_rama-1.jpg?fit=780%2C440&amp;ssl=1\" class=\"alignnone  wp-image-87388\" alt=\"\" src=\"https:\/\/i0.wp.com\/www.shqiperia.com\/blog\/wp-content\/uploads\/2024\/12\/1612010433_rama-1.jpg?resize=824%2C464&#038;ssl=1\" width=\"824\" height=\"464\" srcset=\"https:\/\/i0.wp.com\/www.shqiperia.com\/blog\/wp-content\/uploads\/2024\/12\/1612010433_rama-1.jpg?resize=300%2C169&amp;ssl=1 300w, https:\/\/i0.wp.com\/www.shqiperia.com\/blog\/wp-content\/uploads\/2024\/12\/1612010433_rama-1.jpg?resize=768%2C433&amp;ssl=1 768w, https:\/\/i0.wp.com\/www.shqiperia.com\/blog\/wp-content\/uploads\/2024\/12\/1612010433_rama-1.jpg?resize=450%2C254&amp;ssl=1 450w, https:\/\/i0.wp.com\/www.shqiperia.com\/blog\/wp-content\/uploads\/2024\/12\/1612010433_rama-1.jpg?resize=600%2C338&amp;ssl=1 600w, https:\/\/i0.wp.com\/www.shqiperia.com\/blog\/wp-content\/uploads\/2024\/12\/1612010433_rama-1.jpg?resize=400%2C226&amp;ssl=1 400w, https:\/\/i0.wp.com\/www.shqiperia.com\/blog\/wp-content\/uploads\/2024\/12\/1612010433_rama-1.jpg?w=780&amp;ssl=1 780w\" sizes=\"auto, (max-width: 824px) 100vw, 824px\" \/><\/p>\n<p>14 Dhjetor 2024<\/p>\n<p><strong>Analisti Lorenc Vangjeli thot\u00eb se k\u00ebrc\u00ebnimet ndaj kryetares s\u00eb Gjykat\u00ebs Kushtuese Holta Za\u00e7aj jan\u00eb nj\u00eb kamban\u00eb e fort\u00eb alarmi.<\/strong><\/p>\n<p>Ky alarm \u2013 u shpreh Vangjeli- \u00a0duhet t\u00eb ngrihet mbi shoq\u00ebrin\u00eb shqiptare dhe duhet t\u00eb na trondis\u00eb m\u00eb shum\u00eb sesa nj\u00eb t\u00ebrmet.<\/p>\n<p>&#8221; &#8230;foli edhe p\u00ebr nj\u00eb sekret q\u00eb po qarkullon n\u00eb Tiran\u00eb, se 2-3 an\u00ebtar\u00eb t\u00eb Gjykat\u00ebs Kushtetuese do t\u00eb japin dor\u00ebheqjen&#8221;.<\/p>\n<p>I ftuar n\u00eb emisionin \u201cLog\u201d n\u00eb News24, Vangjeli u shpreh se rrezikohet q\u00eb Gjykata Kushtetuese t\u00eb futet n\u00eb nj\u00eb kriz\u00eb.<\/p>\n<p>\u201cE para, pjesa m\u00eb e r\u00ebnd\u00ebsishme e k\u00ebsaj historie \u00ebsht\u00eb q\u00eb kryetari i Gjykat\u00ebs Kushtetuese pretendon se mbi t\u00eb ka pasur presion politik, mediatik, ekonomik. N\u00ebse kjo \u00ebsht\u00eb e v\u00ebrtet\u00eb \u00ebsht\u00eb kambana m\u00eb e frikshme e alarmit q\u00eb duhet t\u00eb ngrihet mbi shoq\u00ebrin\u00eb shqiptare dhe duhet t\u00eb na trondis\u00eb m\u00eb shum\u00eb sesa nj\u00eb t\u00ebrmet. T\u00eb jesh n\u00ebpun\u00ebs publik dhe sidomos n\u00eb nj\u00eb lart\u00ebsi t\u00eb ep\u00ebrme t\u00eb nj\u00eb institucioni kaq t\u00eb r\u00ebnd\u00ebsish\u00ebm, por edhe delikat, p\u00ebrve\u00e7 t\u00eb tjerave t\u00eb jep detyrimin, nuk t\u00eb mund t\u00eb flitet me fjal\u00eb t\u00eb p\u00ebrgjithshme. Por duhet th\u00ebn\u00eb presioni politik m\u00eb vjen nga\u2026presioni ekonomik ma b\u00ebn cili dhe kush\u2026? Dhe presioni mediatik, edhe ky duhet identifikuar. Tjetra kam frik\u00eb se k\u00ebtu nuk p\u00ebrfundon, por k\u00ebtu fillon. Dh\u00ebnt\u00eb zoti q\u00eb titullit tuaj t\u00eb pjes\u00ebs s\u00eb par\u00eb t\u00eb emisionit \u201cKriza Kushtetuese?\u201d mund t\u2019i hiqet pik\u00ebpyetja dhe mund t\u00eb themi q\u00eb n\u00eb rrezikojm\u00eb t\u00eb hyjm\u00eb n\u00eb nj\u00eb kriz\u00eb kushtetuese, pra GJK mund t\u00eb p\u00ebrfshihet n\u00eb nj\u00eb kriz\u00eb t\u00eb till\u00eb\u201d, tha analisti.<\/p>\n<p>Po ashtu, Lorenc Vangjeli foli edhe p\u00ebr nj\u00eb sekret q\u00eb po qarkullon n\u00eb Tiran\u00eb, se 2-3 an\u00ebtar\u00eb t\u00eb Gjykat\u00ebs Kushtetuese do t\u00eb japin dor\u00ebheqjen.<\/p>\n<p>\u201c\u00cbsht\u00eb edhe nj\u00eb sekret publik q\u00eb qarkullon n\u00eb Tiran\u00eb q\u00eb thot\u00eb se 2-3 an\u00ebtar\u00eb t\u00eb GJK, q\u00eb nuk ka lidhje me mandatin, mund t\u00eb nd\u00ebrpresin mandatin e tyre me dor\u00ebheqje\u201d, tha ai.<\/p>\n","protected":false},"excerpt":{"rendered":"<p>14 Dhjetor 2024 Analisti Lorenc Vangjeli thot\u00eb se k\u00ebrc\u00ebnimet ndaj kryetares s\u00eb Gjykat\u00ebs Kushtuese Holta Za\u00e7aj jan\u00eb nj\u00eb kamban\u00eb e fort\u00eb alarmi. Ky alarm \u2013 u shpreh Vangjeli- \u00a0duhet t\u00eb ngrihet mbi shoq\u00ebrin\u00eb shqiptare dhe duhet t\u00eb na trondis\u00eb m\u00eb shum\u00eb sesa nj\u00eb t\u00ebrmet. &#8221; &#8230;foli edhe p\u00ebr nj\u00eb sekret q\u00eb po qarkullon n\u00eb Tiran\u00eb, [&hellip;]<\/p>\n","protected":false},"author":9,"featured_media":87388,"comment_status":"open","ping_status":"open","sticky":false,"template":"","format":"standard","meta":{"jetpack_post_was_ever_published":false,"_jetpack_newsletter_access":"","_jetpack_dont_email_post_to_subs":false,"_jetpack_newsletter_tier_id":0,"_jetpack_memberships_contains_paywalled_content":false,"_jetpack_memberships_contains_paid_content":false,"footnotes":"","jetpack_publicize_message":"","jetpack_publicize_feature_enabled":true,"jetpack_social_post_already_shared":true,"jetpack_social_options":{"image_generator_settings":{"template":"highway","default_image_id":0,"font":"","enabled":false},"version":2}},"categories":[27,1,2,35],"tags":[],"class_list":["post-87384","post","type-post","status-publish","format-standard","has-post-thumbnail","hentry","category-blogu-i-udhetarit","category-njoftime-shtypi","category-politika","category-shoqerore"],"jetpack_publicize_connections":[],"jetpack_featured_media_url":"https:\/\/i0.wp.com\/www.shqiperia.com\/blog\/wp-content\/uploads\/2024\/12\/1612010433_rama-1.jpg?fit=780%2C440&ssl=1","jetpack_sharing_enabled":true,"jetpack_shortlink":"https:\/\/wp.me\/p5Z6wp-mJq","jetpack-related-posts":[{"id":78082,"url":"https:\/\/www.shqiperia.com\/blog\/lorenc-vangjeli-vendi-ne-sinjal-alarmi-kemi-numrin-me-te-larte-te-paraburgosurve-ne-europe\/","url_meta":{"origin":87384,"position":0},"title":"Lorenc Vangjeli:- Vendi n\u00eb sinjal alarmi. &#8211; Kemi numrin m\u00eb t\u00eb lart\u00eb t\u00eb paraburgosurve n\u00eb Europ\u00eb.","author":"Kurt Farka","date":"February 9, 2024","format":false,"excerpt":"9 Shkurt 2024 Analisti Lorenc Vangjeli n\u00eb nj\u00eb studio televizive \u00ebsht\u00eb shprehur se koh\u00ebt e fundit ka nj\u00eb presion t\u00eb shtuar dhe nj\u00eb vet\u00ebdij\u00ebsim t\u00eb politik\u00ebs lidhur me sinjalin e alarmit ku Shqip\u00ebria \u00ebsht\u00eb n\u00eb Europ\u00eb vendi me p\u00ebrqindjen m\u00eb t\u00eb madhe t\u00eb t\u00eb paraburgosurve. Gazetari:\u00a0Si do t\u00eb shkoj\u00eb tendenca\u2026","rel":"","context":"In &quot;Blogu i Udh\u00ebtarit&quot;","block_context":{"text":"Blogu i Udh\u00ebtarit","link":"https:\/\/www.shqiperia.com\/blog\/category\/blogu-i-udhetarit\/"},"img":{"alt_text":"","src":"https:\/\/i0.wp.com\/www.shqiperia.com\/blog\/wp-content\/uploads\/2024\/02\/800-0-koridalos-780x405-1.jpg?fit=725%2C415&ssl=1&resize=350%2C200","width":350,"height":200,"srcset":"https:\/\/i0.wp.com\/www.shqiperia.com\/blog\/wp-content\/uploads\/2024\/02\/800-0-koridalos-780x405-1.jpg?fit=725%2C415&ssl=1&resize=350%2C200 1x, https:\/\/i0.wp.com\/www.shqiperia.com\/blog\/wp-content\/uploads\/2024\/02\/800-0-koridalos-780x405-1.jpg?fit=725%2C415&ssl=1&resize=525%2C300 1.5x, https:\/\/i0.wp.com\/www.shqiperia.com\/blog\/wp-content\/uploads\/2024\/02\/800-0-koridalos-780x405-1.jpg?fit=725%2C415&ssl=1&resize=700%2C400 2x"},"classes":[]},{"id":13548,"url":"https:\/\/www.shqiperia.com\/blog\/13548-2\/","url_meta":{"origin":87384,"position":1},"title":"Lorenc Vangjeli: &#8211; Nj\u00eb ushtarak aktiv nuk mund t\u00eb jet\u00eb as minist\u00ebr i mbrojtjes dhe as minist\u00ebr i brendsh\u00ebm. &#8211;","author":"Kurt Farka","date":"November 10, 2018","format":false,"excerpt":"Lorenc Vangjeli: - Nj\u00eb ushtarak aktiv nuk mund t\u00eb jet\u00eb as minist\u00ebr i mbrojtjes dhe as minist\u00ebr i brendsh\u00ebm. - Emisioni Java n\u00eb RTSH vihet n\u00eb zot\u00ebrim t\u00eb nj\u00eb dokumenti q\u00eb mund t\u00eb jet\u00eb arsyeja e refuzimit t\u00eb presidentit p\u00ebr t\u00eb dekretuar ministrin e brendsh\u00ebm, edhe pse kryeministri e ka\u2026","rel":"","context":"In &quot;Blogu i Udh\u00ebtarit&quot;","block_context":{"text":"Blogu i Udh\u00ebtarit","link":"https:\/\/www.shqiperia.com\/blog\/category\/blogu-i-udhetarit\/"},"img":{"alt_text":"","src":"https:\/\/i0.wp.com\/www.shqiperia.com\/blog\/wp-content\/uploads\/2018\/11\/Sander-Lleshi-1.jpg?fit=710%2C362&ssl=1&resize=350%2C200","width":350,"height":200,"srcset":"https:\/\/i0.wp.com\/www.shqiperia.com\/blog\/wp-content\/uploads\/2018\/11\/Sander-Lleshi-1.jpg?fit=710%2C362&ssl=1&resize=350%2C200 1x, https:\/\/i0.wp.com\/www.shqiperia.com\/blog\/wp-content\/uploads\/2018\/11\/Sander-Lleshi-1.jpg?fit=710%2C362&ssl=1&resize=525%2C300 1.5x, https:\/\/i0.wp.com\/www.shqiperia.com\/blog\/wp-content\/uploads\/2018\/11\/Sander-Lleshi-1.jpg?fit=710%2C362&ssl=1&resize=700%2C400 2x"},"classes":[]},{"id":64325,"url":"https:\/\/www.shqiperia.com\/blog\/lorenc-vangjeli-plas-deklaraten-e-forte-basha-i-kishte-vene-cmim-opozites-blihej-nga-qeveria\/","url_meta":{"origin":87384,"position":2},"title":"Lorenc Vangjeli plas deklarat\u00ebn e fort\u00eb: &#8211; Basha i kishte v\u00ebn\u00eb \u00e7mim opozit\u00ebs, blihej nga qeveria","author":"Kurt Farka","date":"November 14, 2022","format":false,"excerpt":"14 Nentor 2022 Analisti Lorenc Vangjeli ka b\u00ebr\u00eb nj\u00eb deklarat\u00eb t\u00eb fort\u00eb mbr\u00ebmjen e sotme p\u00ebr opozit\u00ebn, n\u00eb koh\u00ebn kur drejtohej nga Lulzi m Basha. Vangjeli tha se Basha i kishte v\u00ebn\u00eb nj\u00eb \u00e7mim opozit\u00ebs, ndonj\u00ebher\u00eb t\u00eb lir\u00eb dhe ndodnj\u00ebher\u00eb m\u00eb t\u00eb shtrenjt\u00eb p\u00ebr t\u00eb shitur kauza dhe opozitarizmin. Ai\u2026","rel":"","context":"In &quot;Blogu i Udh\u00ebtarit&quot;","block_context":{"text":"Blogu i Udh\u00ebtarit","link":"https:\/\/www.shqiperia.com\/blog\/category\/blogu-i-udhetarit\/"},"img":{"alt_text":"","src":"https:\/\/i0.wp.com\/www.shqiperia.com\/blog\/wp-content\/uploads\/2022\/11\/800-0-3d6898cda6800834ff1d648abc4885b5-1.jpg?fit=800%2C420&ssl=1&resize=350%2C200","width":350,"height":200,"srcset":"https:\/\/i0.wp.com\/www.shqiperia.com\/blog\/wp-content\/uploads\/2022\/11\/800-0-3d6898cda6800834ff1d648abc4885b5-1.jpg?fit=800%2C420&ssl=1&resize=350%2C200 1x, https:\/\/i0.wp.com\/www.shqiperia.com\/blog\/wp-content\/uploads\/2022\/11\/800-0-3d6898cda6800834ff1d648abc4885b5-1.jpg?fit=800%2C420&ssl=1&resize=525%2C300 1.5x, https:\/\/i0.wp.com\/www.shqiperia.com\/blog\/wp-content\/uploads\/2022\/11\/800-0-3d6898cda6800834ff1d648abc4885b5-1.jpg?fit=800%2C420&ssl=1&resize=700%2C400 2x"},"classes":[]},{"id":74197,"url":"https:\/\/www.shqiperia.com\/blog\/gjykata-kushtetuese-7-deri-8-milione-leke-rroge-debatet-ne-komisionin-e-ligjeve\/","url_meta":{"origin":87384,"position":3},"title":"Gjykata Kushtetuese 7 deri 8 milion\u00eb lek\u00eb rrog\u00eb. &#8211; Debatet n\u00eb Komisionin e Ligjeve","author":"Kurt Farka","date":"September 13, 2023","format":false,"excerpt":"13 Shtator 2023 Nj\u00eb projektligj i Ministris\u00eb s\u00eb Drejt\u00ebsis\u00eb p\u00ebr rritjen e pagave t\u00eb gjyqtar\u00ebve kushtetues u miratua n\u00eb Komisionin e Ligjeve, nd\u00ebrsa u ngrit\u00ebn pik\u00ebpyetje p\u00ebr diferenc\u00ebn e madhe me pjes\u00ebn tjet\u00ebr t\u00eb gjyq\u00ebsorit dhe konfliktin e mundsh\u00ebm t\u00eb interesit me qeverin\u00eb. Komisioni p\u00ebr C\u00ebshtjet Ligjore miratoi t\u00eb mart\u00ebn\u2026","rel":"","context":"In &quot;Blogu i Udh\u00ebtarit&quot;","block_context":{"text":"Blogu i Udh\u00ebtarit","link":"https:\/\/www.shqiperia.com\/blog\/category\/blogu-i-udhetarit\/"},"img":{"alt_text":"","src":"https:\/\/i0.wp.com\/www.shqiperia.com\/blog\/wp-content\/uploads\/2023\/09\/Gjykata-Kushtetuese-1-1.jpg?fit=700%2C467&ssl=1&resize=350%2C200","width":350,"height":200,"srcset":"https:\/\/i0.wp.com\/www.shqiperia.com\/blog\/wp-content\/uploads\/2023\/09\/Gjykata-Kushtetuese-1-1.jpg?fit=700%2C467&ssl=1&resize=350%2C200 1x, https:\/\/i0.wp.com\/www.shqiperia.com\/blog\/wp-content\/uploads\/2023\/09\/Gjykata-Kushtetuese-1-1.jpg?fit=700%2C467&ssl=1&resize=525%2C300 1.5x, https:\/\/i0.wp.com\/www.shqiperia.com\/blog\/wp-content\/uploads\/2023\/09\/Gjykata-Kushtetuese-1-1.jpg?fit=700%2C467&ssl=1&resize=700%2C400 2x"},"classes":[]},{"id":84740,"url":"https:\/\/www.shqiperia.com\/blog\/doreheqja-e-gjyqtares-se-kushtetueses-nga-presioni-i-rames-apo-berishes-analistet-ngrene-hipotezat\/","url_meta":{"origin":87384,"position":4},"title":"Dor\u00ebheqja e gjyqtares s\u00eb Kushtetueses nga presioni i Ram\u00ebs apo Berish\u00ebs? &#8211; Analist\u00ebt ngren\u00eb hipotezat","author":"Kurt Farka","date":"September 20, 2024","format":false,"excerpt":"20 Shtator 2024 Dor\u00ebheqja e gjyqtares s\u00eb Gjykat\u00ebs Kushtetuese Elona Toska \u00ebsht\u00eb b\u00ebr\u00eb pjes\u00eb e Debatit n\u00eb nj\u00eb emision televiziv\u00a0 me analist\u00ebt Martin Leka, Plator Nesturi, Erald Kapri dhe Bledian Koka. Edhe pse motiv t\u00eb dor\u00ebheqjes, gjyqtarja parashtron arsyet personale, analist\u00ebt ngren\u00eb dyshime dhe hipoteza, n\u00eb nj\u00eb koh\u00eb kur ky\u2026","rel":"","context":"In &quot;Blogu i Udh\u00ebtarit&quot;","block_context":{"text":"Blogu i Udh\u00ebtarit","link":"https:\/\/www.shqiperia.com\/blog\/category\/blogu-i-udhetarit\/"},"img":{"alt_text":"","src":"https:\/\/i0.wp.com\/www.shqiperia.com\/blog\/wp-content\/uploads\/2024\/09\/1726758025_elsatoska-1.jpg?fit=780%2C440&ssl=1&resize=350%2C200","width":350,"height":200,"srcset":"https:\/\/i0.wp.com\/www.shqiperia.com\/blog\/wp-content\/uploads\/2024\/09\/1726758025_elsatoska-1.jpg?fit=780%2C440&ssl=1&resize=350%2C200 1x, https:\/\/i0.wp.com\/www.shqiperia.com\/blog\/wp-content\/uploads\/2024\/09\/1726758025_elsatoska-1.jpg?fit=780%2C440&ssl=1&resize=525%2C300 1.5x, https:\/\/i0.wp.com\/www.shqiperia.com\/blog\/wp-content\/uploads\/2024\/09\/1726758025_elsatoska-1.jpg?fit=780%2C440&ssl=1&resize=700%2C400 2x"},"classes":[]},{"id":97445,"url":"https:\/\/www.shqiperia.com\/blog\/anetare-te-kushtetueses-jane-blere-nga-politika-4-jane-ne-lupen-e-nderkombetareve-llabanispak-ka-leshuar-urdher\/","url_meta":{"origin":87384,"position":5},"title":"\u201cAn\u00ebtar\u00eb t\u00eb Kushtetueses jan\u00eb bler\u00eb nga politika, 4 jan\u00eb n\u00eb \u2018lup\u00ebn e nd\u00ebrkomb\u00ebtareve\u201d\/ Llabani:SPAK ka l\u00ebshuar urdh\u00ebr..","author":"Kurt Farka","date":"February 6, 2026","format":false,"excerpt":"6 Shkurt 2026 Gazetarja Anduena Llabani n\u00eb nj\u00eb intervist\u00eb televizive, deklaroi se kat\u00ebr an\u00ebtar\u00eb t\u00eb Gjykat\u00ebs Kushtetuese jan\u00eb n\u00eb lup\u00ebn e nd\u00ebrkomb\u00ebtar\u00ebve por edhe t\u00eb SPAK. Gjithashtu ajo theksoi se kryeprokurori Klodian Braho ka l\u00ebshuar nj\u00eb urdh\u00ebr p\u00ebr survejimin e nj\u00eb prej an\u00ebtar\u00ebve t\u00eb Gjykat\u00ebs Kushtetuese. \u201cAn\u00ebtar\u00eb t\u00eb Kushtetueses jan\u00eb\u2026","rel":"","context":"In &quot;Blogu i Udh\u00ebtarit&quot;","block_context":{"text":"Blogu i Udh\u00ebtarit","link":"https:\/\/www.shqiperia.com\/blog\/category\/blogu-i-udhetarit\/"},"img":{"alt_text":"","src":"https:\/\/i0.wp.com\/www.shqiperia.com\/blog\/wp-content\/uploads\/2026\/02\/Gjykata-Kushtetuese-1.jpg?fit=700%2C467&ssl=1&resize=350%2C200","width":350,"height":200,"srcset":"https:\/\/i0.wp.com\/www.shqiperia.com\/blog\/wp-content\/uploads\/2026\/02\/Gjykata-Kushtetuese-1.jpg?fit=700%2C467&ssl=1&resize=350%2C200 1x, https:\/\/i0.wp.com\/www.shqiperia.com\/blog\/wp-content\/uploads\/2026\/02\/Gjykata-Kushtetuese-1.jpg?fit=700%2C467&ssl=1&resize=525%2C300 1.5x, https:\/\/i0.wp.com\/www.shqiperia.com\/blog\/wp-content\/uploads\/2026\/02\/Gjykata-Kushtetuese-1.jpg?fit=700%2C467&ssl=1&resize=700%2C400 2x"},"classes":[]}],"_links":{"self":[{"href":"https:\/\/www.shqiperia.com\/blog\/wp-json\/wp\/v2\/posts\/87384","targetHints":{"allow":["GET"]}}],"collection":[{"href":"https:\/\/www.shqiperia.com\/blog\/wp-json\/wp\/v2\/posts"}],"about":[{"href":"https:\/\/www.shqiperia.com\/blog\/wp-json\/wp\/v2\/types\/post"}],"author":[{"embeddable":true,"href":"https:\/\/www.shqiperia.com\/blog\/wp-json\/wp\/v2\/users\/9"}],"replies":[{"embeddable":true,"href":"https:\/\/www.shqiperia.com\/blog\/wp-json\/wp\/v2\/comments?post=87384"}],"version-history":[{"count":4,"href":"https:\/\/www.shqiperia.com\/blog\/wp-json\/wp\/v2\/posts\/87384\/revisions"}],"predecessor-version":[{"id":87390,"href":"https:\/\/www.shqiperia.com\/blog\/wp-json\/wp\/v2\/posts\/87384\/revisions\/87390"}],"wp:featuredmedia":[{"embeddable":true,"href":"https:\/\/www.shqiperia.com\/blog\/wp-json\/wp\/v2\/media\/87388"}],"wp:attachment":[{"href":"https:\/\/www.shqiperia.com\/blog\/wp-json\/wp\/v2\/media?parent=87384"}],"wp:term":[{"taxonomy":"category","embeddable":true,"href":"https:\/\/www.shqiperia.com\/blog\/wp-json\/wp\/v2\/categories?post=87384"},{"taxonomy":"post_tag","embeddable":true,"href":"https:\/\/www.shqiperia.com\/blog\/wp-json\/wp\/v2\/tags?post=87384"}],"curies":[{"name":"wp","href":"https:\/\/api.w.org\/{rel}","templated":true}]}}