{"id":87155,"date":"2024-12-06T13:18:03","date_gmt":"2024-12-06T13:18:03","guid":{"rendered":"https:\/\/www.shqiperia.com\/blog\/?p=87155"},"modified":"2024-12-06T13:20:29","modified_gmt":"2024-12-06T13:20:29","slug":"sekuestroi-telefonin-e-ajola-xoxes-spak-njoftim-zyrtar-hetimet-ndodhen-ende-ne-fazen-paraprake","status":"publish","type":"post","link":"https:\/\/www.shqiperia.com\/blog\/sekuestroi-telefonin-e-ajola-xoxes-spak-njoftim-zyrtar-hetimet-ndodhen-ende-ne-fazen-paraprake\/","title":{"rendered":"Sekuestroi telefonin e Ajola Xox\u00ebs, SPAK njoftim zyrtar: Hetimet ndodhen ende n\u00eb faz\u00ebn paraprake"},"content":{"rendered":"<p><img data-recalc-dims=\"1\" loading=\"lazy\" decoding=\"async\" data-attachment-id=\"86560\" data-permalink=\"https:\/\/www.shqiperia.com\/blog\/kellici-pronarit-faktik-te-inceneratorit-te-tiranes-e-kreut-te-5d-i-eshte-prere-bileta-por-vetem-vajtje-ka-ngrene-fiq-e-banane-pas-kurrizit-te\/640-0-1712673229xerion-veliaj-505\/\" data-orig-file=\"https:\/\/i0.wp.com\/www.shqiperia.com\/blog\/wp-content\/uploads\/2024\/11\/640-0-1712673229xerion-veliaj-505.jpg?fit=640%2C438&amp;ssl=1\" data-orig-size=\"640,438\" data-comments-opened=\"1\" data-image-meta=\"{&quot;aperture&quot;:&quot;0&quot;,&quot;credit&quot;:&quot;&quot;,&quot;camera&quot;:&quot;&quot;,&quot;caption&quot;:&quot;&quot;,&quot;created_timestamp&quot;:&quot;0&quot;,&quot;copyright&quot;:&quot;&quot;,&quot;focal_length&quot;:&quot;0&quot;,&quot;iso&quot;:&quot;0&quot;,&quot;shutter_speed&quot;:&quot;0&quot;,&quot;title&quot;:&quot;&quot;,&quot;orientation&quot;:&quot;0&quot;}\" data-image-title=\"-640-0-1712673229xerion-veliaj-505\" data-image-description=\"\" data-image-caption=\"\" data-medium-file=\"https:\/\/i0.wp.com\/www.shqiperia.com\/blog\/wp-content\/uploads\/2024\/11\/640-0-1712673229xerion-veliaj-505.jpg?fit=300%2C205&amp;ssl=1\" data-large-file=\"https:\/\/i0.wp.com\/www.shqiperia.com\/blog\/wp-content\/uploads\/2024\/11\/640-0-1712673229xerion-veliaj-505.jpg?fit=640%2C438&amp;ssl=1\" class=\"alignnone wp-image-86560\" alt=\"\" src=\"https:\/\/i0.wp.com\/www.shqiperia.com\/blog\/wp-content\/uploads\/2024\/11\/640-0-1712673229xerion-veliaj-505.jpg?resize=710%2C485&#038;ssl=1\" width=\"710\" height=\"485\" srcset=\"https:\/\/i0.wp.com\/www.shqiperia.com\/blog\/wp-content\/uploads\/2024\/11\/640-0-1712673229xerion-veliaj-505.jpg?resize=300%2C205&amp;ssl=1 300w, https:\/\/i0.wp.com\/www.shqiperia.com\/blog\/wp-content\/uploads\/2024\/11\/640-0-1712673229xerion-veliaj-505.jpg?resize=450%2C308&amp;ssl=1 450w, https:\/\/i0.wp.com\/www.shqiperia.com\/blog\/wp-content\/uploads\/2024\/11\/640-0-1712673229xerion-veliaj-505.jpg?resize=600%2C411&amp;ssl=1 600w, https:\/\/i0.wp.com\/www.shqiperia.com\/blog\/wp-content\/uploads\/2024\/11\/640-0-1712673229xerion-veliaj-505.jpg?resize=235%2C160&amp;ssl=1 235w, https:\/\/i0.wp.com\/www.shqiperia.com\/blog\/wp-content\/uploads\/2024\/11\/640-0-1712673229xerion-veliaj-505.jpg?resize=400%2C274&amp;ssl=1 400w, https:\/\/i0.wp.com\/www.shqiperia.com\/blog\/wp-content\/uploads\/2024\/11\/640-0-1712673229xerion-veliaj-505.jpg?w=640&amp;ssl=1 640w\" sizes=\"auto, (max-width: 710px) 100vw, 710px\" \/><\/p>\n<p>6 Dhjetor 2024<\/p>\n<p>Prokuroria e Posa\u00e7me ka reaguar n\u00eb lidhje me lajmin e raportuar pak m\u00eb par\u00eb ku GJKKO kishte dh\u00ebn\u00eb autorizimin p\u00ebr kontrollin e telefonit t\u00eb Ajola Xox\u00ebs.<\/p>\n<p>N\u00eb nj\u00eb njoftim p\u00ebr media thuhet se hetimet ndodhen ende n\u00eb faz\u00ebn paraprake dhe nuk mund t\u00eb jepen detaje n\u00eb lidhje me procesin.<\/p>\n<p>\u201cProkuroria e Posa\u00e7me kund\u00ebr Korrupsionit dhe Krimit t\u00eb Organizuar informon se jan\u00eb nd\u00ebrmarr\u00eb disa veprime hetimore n\u00eb kuad\u00ebr t\u00eb nj\u00eb procedimi penal. Duke qen\u00eb se hetimi ndodhet ende n\u00eb faz\u00ebn paraprake nuk mund t\u00eb publikojm\u00eb t\u00eb dh\u00ebna apo informacion t\u00eb m\u00ebtejsh\u00ebm n\u00eb k\u00ebt\u00eb moment\u201d, thuhet n\u00eb njoftim.<\/p>\n","protected":false},"excerpt":{"rendered":"<p>6 Dhjetor 2024 Prokuroria e Posa\u00e7me ka reaguar n\u00eb lidhje me lajmin e raportuar pak m\u00eb par\u00eb ku GJKKO kishte dh\u00ebn\u00eb autorizimin p\u00ebr kontrollin e telefonit t\u00eb Ajola Xox\u00ebs. N\u00eb nj\u00eb njoftim p\u00ebr media thuhet se hetimet ndodhen ende n\u00eb faz\u00ebn paraprake dhe nuk mund t\u00eb jepen detaje n\u00eb lidhje me procesin. \u201cProkuroria e Posa\u00e7me [&hellip;]<\/p>\n","protected":false},"author":9,"featured_media":0,"comment_status":"open","ping_status":"open","sticky":false,"template":"","format":"standard","meta":{"jetpack_post_was_ever_published":false,"_jetpack_newsletter_access":"","_jetpack_dont_email_post_to_subs":false,"_jetpack_newsletter_tier_id":0,"_jetpack_memberships_contains_paywalled_content":false,"_jetpack_memberships_contains_paid_content":false,"footnotes":"","jetpack_publicize_message":"","jetpack_publicize_feature_enabled":true,"jetpack_social_post_already_shared":true,"jetpack_social_options":{"image_generator_settings":{"template":"highway","default_image_id":0,"font":"","enabled":false},"version":2}},"categories":[27,2,35],"tags":[],"class_list":["post-87155","post","type-post","status-publish","format-standard","hentry","category-blogu-i-udhetarit","category-politika","category-shoqerore"],"jetpack_publicize_connections":[],"jetpack_featured_media_url":"","jetpack_sharing_enabled":true,"jetpack_shortlink":"https:\/\/wp.me\/p5Z6wp-mFJ","jetpack-related-posts":[{"id":87168,"url":"https:\/\/www.shqiperia.com\/blog\/hetimet-e-spak-reagon-veliaj-jane-te-mirepritura-dhe-i-mbeshtes-ne-cdo-hap\/","url_meta":{"origin":87155,"position":0},"title":"Hetimet e SPAK, reagon Veliaj: &#8211; Jan\u00eb t\u00eb mir\u00ebpritura dhe i mb\u00ebshtes n\u00eb \u00e7do hap.","author":"Kurt Farka","date":"December 7, 2024","format":false,"excerpt":"7 Dhjetor 2024 Kryetari i Bashkis\u00eb s\u00eb Tiran\u00ebs, Erion Veliaj ka reaguar lidhur me hetimin e nisur nga SPAK dhe zhvillimet e dit\u00ebs s\u00eb sotme. N\u00eb nj\u00eb reagim n\u00eb rrjetet sociale, Veliaj n\u00ebnvizon se i mir\u00ebpret dhe i mb\u00ebshtet hapat procedurale t\u00eb kryera nga prokuroria e posa\u00e7me n\u00eb lidhje me\u2026","rel":"","context":"In &quot;Blogu i Udh\u00ebtarit&quot;","block_context":{"text":"Blogu i Udh\u00ebtarit","link":"https:\/\/www.shqiperia.com\/blog\/category\/blogu-i-udhetarit\/"},"img":{"alt_text":"","src":"https:\/\/i0.wp.com\/www.shqiperia.com\/blog\/wp-content\/uploads\/2024\/12\/3e57b6cd-faad-4f32-946a-16f9ecd2069e.jpeg?fit=1200%2C630&ssl=1&resize=350%2C200","width":350,"height":200,"srcset":"https:\/\/i0.wp.com\/www.shqiperia.com\/blog\/wp-content\/uploads\/2024\/12\/3e57b6cd-faad-4f32-946a-16f9ecd2069e.jpeg?fit=1200%2C630&ssl=1&resize=350%2C200 1x, https:\/\/i0.wp.com\/www.shqiperia.com\/blog\/wp-content\/uploads\/2024\/12\/3e57b6cd-faad-4f32-946a-16f9ecd2069e.jpeg?fit=1200%2C630&ssl=1&resize=525%2C300 1.5x, https:\/\/i0.wp.com\/www.shqiperia.com\/blog\/wp-content\/uploads\/2024\/12\/3e57b6cd-faad-4f32-946a-16f9ecd2069e.jpeg?fit=1200%2C630&ssl=1&resize=700%2C400 2x, https:\/\/i0.wp.com\/www.shqiperia.com\/blog\/wp-content\/uploads\/2024\/12\/3e57b6cd-faad-4f32-946a-16f9ecd2069e.jpeg?fit=1200%2C630&ssl=1&resize=1050%2C600 3x"},"classes":[]},{"id":87158,"url":"https:\/\/www.shqiperia.com\/blog\/vellai-i-lalit-arber-veliaj-aludohet-per-transferta-jashte-vendit-gjithcka-rreth-e-rrotull-po-hetohet\/","url_meta":{"origin":87155,"position":1},"title":"V\u00ebllai i \u201cLalit\u201d, Arb\u00ebr Veliaj aludohet p\u00ebr transferta jasht\u00eb vendit. Gjith\u00e7ka rreth e rrotull po hetohet","author":"Kurt Farka","date":"December 6, 2024","format":false,"excerpt":"6 Dhjetor 2024 E premte e zez\u00eb ishte kjo e sotmja p\u00ebr familjen Veliaj, por jo p\u00ebr qytetar\u00ebt e Tiran\u00ebs. Kjo pasi, me vendim t\u00eb GJKKO-s\u00eb, oficer\u00eb t\u00eb BKH-s\u00eb dhe prokuror\u00eb t\u00eb SPAK-ut q\u00eb prej or\u00ebve t\u00eb para t\u00eb m\u00ebngjesit t\u00eb sot\u00ebm kan\u00eb zbarkuar p\u00ebr kontrolle n\u00eb banesat e familjar\u00ebve\u2026","rel":"","context":"In &quot;Blogu i Udh\u00ebtarit&quot;","block_context":{"text":"Blogu i Udh\u00ebtarit","link":"https:\/\/www.shqiperia.com\/blog\/category\/blogu-i-udhetarit\/"},"img":{"alt_text":"","src":"https:\/\/i0.wp.com\/www.shqiperia.com\/blog\/wp-content\/uploads\/2024\/12\/bashkohem-fjale-e-presje-me-deklaraten-e-veliajt-rama-reagon-per-arrestimet-e-ish-drejtoreve-kush-shkel-misionin-tone.jpg?fit=840%2C460&ssl=1&resize=350%2C200","width":350,"height":200,"srcset":"https:\/\/i0.wp.com\/www.shqiperia.com\/blog\/wp-content\/uploads\/2024\/12\/bashkohem-fjale-e-presje-me-deklaraten-e-veliajt-rama-reagon-per-arrestimet-e-ish-drejtoreve-kush-shkel-misionin-tone.jpg?fit=840%2C460&ssl=1&resize=350%2C200 1x, https:\/\/i0.wp.com\/www.shqiperia.com\/blog\/wp-content\/uploads\/2024\/12\/bashkohem-fjale-e-presje-me-deklaraten-e-veliajt-rama-reagon-per-arrestimet-e-ish-drejtoreve-kush-shkel-misionin-tone.jpg?fit=840%2C460&ssl=1&resize=525%2C300 1.5x, https:\/\/i0.wp.com\/www.shqiperia.com\/blog\/wp-content\/uploads\/2024\/12\/bashkohem-fjale-e-presje-me-deklaraten-e-veliajt-rama-reagon-per-arrestimet-e-ish-drejtoreve-kush-shkel-misionin-tone.jpg?fit=840%2C460&ssl=1&resize=700%2C400 2x"},"classes":[]},{"id":98954,"url":"https:\/\/www.shqiperia.com\/blog\/ambasada-amerikane-njoftim-paralajmerues-grupe-te-lidhura-me-iranin-mund-te-synojne-amerikanet-ne-shqiperi\/","url_meta":{"origin":87155,"position":2},"title":"Ambasada amerikane njoftim paralajm\u00ebrues: Grupe t\u00eb lidhura me Iranin, mund t\u00eb synojn\u00eb amerikan\u00ebt n\u00eb Shqip\u00ebri","author":"Kurt Farka","date":"April 1, 2026","format":false,"excerpt":"1 Prill 2026 Ambasada e Shteteve t\u00eb Bashkuara n\u00eb Tiran\u00eb ka l\u00ebshuar nj\u00eb njoftim paralajm\u00ebrues, duke informuar se grupet e lidhura me Iranin mund t\u00eb sh\u00ebnjestrojn\u00eb subjekte t\u00eb lidhura me Shtetet e Bashkuara, si dhe element\u00eb t\u00eb opozit\u00ebs iraniane q\u00eb ndodhen n\u00eb Shqip\u00ebri. Sipas ambasad\u00ebs, k\u00ebto grupe mund t\u00eb synojn\u00eb\u2026","rel":"","context":"In &quot;Blogu i Udh\u00ebtarit&quot;","block_context":{"text":"Blogu i Udh\u00ebtarit","link":"https:\/\/www.shqiperia.com\/blog\/category\/blogu-i-udhetarit\/"},"img":{"alt_text":"","src":"https:\/\/i0.wp.com\/www.shqiperia.com\/blog\/wp-content\/uploads\/2026\/04\/Ambasada-e-SHBA.jpg?fit=1140%2C570&ssl=1&resize=350%2C200","width":350,"height":200,"srcset":"https:\/\/i0.wp.com\/www.shqiperia.com\/blog\/wp-content\/uploads\/2026\/04\/Ambasada-e-SHBA.jpg?fit=1140%2C570&ssl=1&resize=350%2C200 1x, https:\/\/i0.wp.com\/www.shqiperia.com\/blog\/wp-content\/uploads\/2026\/04\/Ambasada-e-SHBA.jpg?fit=1140%2C570&ssl=1&resize=525%2C300 1.5x, https:\/\/i0.wp.com\/www.shqiperia.com\/blog\/wp-content\/uploads\/2026\/04\/Ambasada-e-SHBA.jpg?fit=1140%2C570&ssl=1&resize=700%2C400 2x, https:\/\/i0.wp.com\/www.shqiperia.com\/blog\/wp-content\/uploads\/2026\/04\/Ambasada-e-SHBA.jpg?fit=1140%2C570&ssl=1&resize=1050%2C600 3x"},"classes":[]},{"id":88742,"url":"https:\/\/www.shqiperia.com\/blog\/berisha-ne-garazhin-e-ajola-xoxes-jane-gjetur-300-mije-euro-apartamenti-i-tyre-sekret-ishte-ne-emer-te\/","url_meta":{"origin":87155,"position":3},"title":"Berisha: N\u00eb garazhin e Ajola Xox\u00ebs jan\u00eb gjetur 300 mij\u00eb euro. &#8211; Apartamenti i tyre sekret ishte n\u00eb em\u00ebr t\u00eb&#8230;","author":"Kurt Farka","date":"January 27, 2025","format":false,"excerpt":"27 Janar 2025 Kryetari i PD-s\u00eb, Sali Berisha u shpreh se n\u00eb garazhin e Ajola Xox\u00ebs jan\u00eb gjetur 300 mij\u00eb euro dhe se apartamenti i tyre sekret ishte n\u00eb em\u00ebr t\u00eb Dabull\u00ebve. Berisha:\u00a0S\u00eb fundmi, dua t\u00eb informoj qytetar\u00ebt se n\u00eb kontrollin e fundit q\u00eb iu b\u00eb Velic\u00ebs, minier\u00eb floriri \u00ebsht\u00eb.\u2026","rel":"","context":"In &quot;Njoftime Shtypi&quot;","block_context":{"text":"Njoftime Shtypi","link":"https:\/\/www.shqiperia.com\/blog\/category\/njoftime-shtypi\/"},"img":{"alt_text":"","src":"https:\/\/i0.wp.com\/www.shqiperia.com\/blog\/wp-content\/uploads\/2025\/01\/600-388-whatsapp-image-2025-01-27-at-115005-1737978660-1.jpeg?fit=600%2C388&ssl=1&resize=350%2C200","width":350,"height":200,"srcset":"https:\/\/i0.wp.com\/www.shqiperia.com\/blog\/wp-content\/uploads\/2025\/01\/600-388-whatsapp-image-2025-01-27-at-115005-1737978660-1.jpeg?fit=600%2C388&ssl=1&resize=350%2C200 1x, https:\/\/i0.wp.com\/www.shqiperia.com\/blog\/wp-content\/uploads\/2025\/01\/600-388-whatsapp-image-2025-01-27-at-115005-1737978660-1.jpeg?fit=600%2C388&ssl=1&resize=525%2C300 1.5x"},"classes":[]},{"id":87756,"url":"https:\/\/www.shqiperia.com\/blog\/thirrja-e-xoxes-ne-spak-ishte-e-pritshme-eshte-vertetuar-akuza-per-veliajn\/","url_meta":{"origin":87155,"position":4},"title":"Thirrja e Xox\u00ebs n\u00eb SPAK: &#8211; Ishte e pritshme, \u00ebsht\u00eb v\u00ebrtetuar akuza p\u00ebr Veliajn","author":"Kurt Farka","date":"December 23, 2024","format":false,"excerpt":"23 Dhjetor 2024 P\u00ebr avokatin Genc Gjokutaj, thirrja n\u00eb SPAK e bashk\u00ebshortes s\u00eb kryebashkiakut t\u00eb Tiran\u00ebs, Erion Veliaj, Ajola Xoxa, ishte e pritshme, teksa iu referua kontrollit t\u00eb agjent\u00ebve t\u00eb BKH n\u00eb banes\u00ebn e \u00e7iftit Velia-Xoxa. P\u00ebrmes nj\u00eb interviste televizive, Gjokutaj e konsideron hetimin e SPAK p\u00ebr Veliaj, n\u00eb kah\u2026","rel":"","context":"In &quot;Blogu i Udh\u00ebtarit&quot;","block_context":{"text":"Blogu i Udh\u00ebtarit","link":"https:\/\/www.shqiperia.com\/blog\/category\/blogu-i-udhetarit\/"},"img":{"alt_text":"","src":"https:\/\/i0.wp.com\/www.shqiperia.com\/blog\/wp-content\/uploads\/2024\/12\/600-388-vel-1733556909.jpg?fit=600%2C388&ssl=1&resize=350%2C200","width":350,"height":200,"srcset":"https:\/\/i0.wp.com\/www.shqiperia.com\/blog\/wp-content\/uploads\/2024\/12\/600-388-vel-1733556909.jpg?fit=600%2C388&ssl=1&resize=350%2C200 1x, https:\/\/i0.wp.com\/www.shqiperia.com\/blog\/wp-content\/uploads\/2024\/12\/600-388-vel-1733556909.jpg?fit=600%2C388&ssl=1&resize=525%2C300 1.5x"},"classes":[]},{"id":87728,"url":"https:\/\/www.shqiperia.com\/blog\/erion-veliaj-ia-mbath-nga-bashkia-me-kapuc-ne-koke-dhe-valixhe-ne-dore-frike-nga-spak-apo-protesta\/","url_meta":{"origin":87155,"position":5},"title":"Erion Veliaj ia mbath nga Bashkia me kapu\u00e7 n\u00eb kok\u00eb dhe valixhe n\u00eb dor\u00eb, frik\u00eb nga SPAK apo protesta?","author":"Kurt Farka","date":"December 23, 2024","format":false,"excerpt":"23 Dhjetor 2024 Nga Edison Vatnikaj Teksa bashk\u00ebshortja e tij, Ajola Xoxa \u00ebsht\u00eb duke u marr\u00eb n\u00eb pyetje lidhur me hetimin e pasuris\u00eb s\u00eb familjes Veliaj, ky i fundit ka dal\u00eb nga bashkia. Ai \u00ebsht\u00eb filmuar duke dal\u00eb nga bashkia me nj\u00eb kapu\u00e7 n\u00eb kok\u00eb dhe me nj\u00eb valixhe n\u00eb\u2026","rel":"","context":"In &quot;Blogu i Udh\u00ebtarit&quot;","block_context":{"text":"Blogu i Udh\u00ebtarit","link":"https:\/\/www.shqiperia.com\/blog\/category\/blogu-i-udhetarit\/"},"img":{"alt_text":"","src":"https:\/\/i0.wp.com\/www.shqiperia.com\/blog\/wp-content\/uploads\/2024\/12\/600-388-ed5ccfe9-6419-4eba-94e4-159390ba6f86-1734968069-1.jpeg?fit=600%2C388&ssl=1&resize=350%2C200","width":350,"height":200,"srcset":"https:\/\/i0.wp.com\/www.shqiperia.com\/blog\/wp-content\/uploads\/2024\/12\/600-388-ed5ccfe9-6419-4eba-94e4-159390ba6f86-1734968069-1.jpeg?fit=600%2C388&ssl=1&resize=350%2C200 1x, https:\/\/i0.wp.com\/www.shqiperia.com\/blog\/wp-content\/uploads\/2024\/12\/600-388-ed5ccfe9-6419-4eba-94e4-159390ba6f86-1734968069-1.jpeg?fit=600%2C388&ssl=1&resize=525%2C300 1.5x"},"classes":[]}],"_links":{"self":[{"href":"https:\/\/www.shqiperia.com\/blog\/wp-json\/wp\/v2\/posts\/87155","targetHints":{"allow":["GET"]}}],"collection":[{"href":"https:\/\/www.shqiperia.com\/blog\/wp-json\/wp\/v2\/posts"}],"about":[{"href":"https:\/\/www.shqiperia.com\/blog\/wp-json\/wp\/v2\/types\/post"}],"author":[{"embeddable":true,"href":"https:\/\/www.shqiperia.com\/blog\/wp-json\/wp\/v2\/users\/9"}],"replies":[{"embeddable":true,"href":"https:\/\/www.shqiperia.com\/blog\/wp-json\/wp\/v2\/comments?post=87155"}],"version-history":[{"count":1,"href":"https:\/\/www.shqiperia.com\/blog\/wp-json\/wp\/v2\/posts\/87155\/revisions"}],"predecessor-version":[{"id":87157,"href":"https:\/\/www.shqiperia.com\/blog\/wp-json\/wp\/v2\/posts\/87155\/revisions\/87157"}],"wp:attachment":[{"href":"https:\/\/www.shqiperia.com\/blog\/wp-json\/wp\/v2\/media?parent=87155"}],"wp:term":[{"taxonomy":"category","embeddable":true,"href":"https:\/\/www.shqiperia.com\/blog\/wp-json\/wp\/v2\/categories?post=87155"},{"taxonomy":"post_tag","embeddable":true,"href":"https:\/\/www.shqiperia.com\/blog\/wp-json\/wp\/v2\/tags?post=87155"}],"curies":[{"name":"wp","href":"https:\/\/api.w.org\/{rel}","templated":true}]}}