{"id":86862,"date":"2024-11-29T12:13:46","date_gmt":"2024-11-29T12:13:46","guid":{"rendered":"https:\/\/www.shqiperia.com\/blog\/?p=86862"},"modified":"2024-11-29T12:13:46","modified_gmt":"2024-11-29T12:13:46","slug":"nje-ekip-shkencetaresh-vezhguan-dy-galaktika-qe-perplaseshin-me-njera-tjetren","status":"publish","type":"post","link":"https:\/\/www.shqiperia.com\/blog\/nje-ekip-shkencetaresh-vezhguan-dy-galaktika-qe-perplaseshin-me-njera-tjetren\/","title":{"rendered":"Nj\u00eb ekip shkenc\u00ebtar\u00ebsh v\u00ebzhguan dy galaktika q\u00eb p\u00ebrplaseshin me nj\u00ebra-tjetr\u00ebn"},"content":{"rendered":"<p><img data-recalc-dims=\"1\" loading=\"lazy\" decoding=\"async\" data-attachment-id=\"86863\" data-permalink=\"https:\/\/www.shqiperia.com\/blog\/nje-ekip-shkencetaresh-vezhguan-dy-galaktika-qe-perplaseshin-me-njera-tjetren\/640-0-1732862584xedfsedfszedjpg-146\/\" data-orig-file=\"https:\/\/i0.wp.com\/www.shqiperia.com\/blog\/wp-content\/uploads\/2024\/11\/640-0-1732862584xedfsedfszedjpg-146.webp?fit=640%2C358&amp;ssl=1\" data-orig-size=\"640,358\" data-comments-opened=\"1\" data-image-meta=\"{&quot;aperture&quot;:&quot;0&quot;,&quot;credit&quot;:&quot;&quot;,&quot;camera&quot;:&quot;&quot;,&quot;caption&quot;:&quot;&quot;,&quot;created_timestamp&quot;:&quot;0&quot;,&quot;copyright&quot;:&quot;&quot;,&quot;focal_length&quot;:&quot;0&quot;,&quot;iso&quot;:&quot;0&quot;,&quot;shutter_speed&quot;:&quot;0&quot;,&quot;title&quot;:&quot;&quot;,&quot;orientation&quot;:&quot;0&quot;}\" data-image-title=\"640-0-1732862584xedfsedfszedjpg-146\" data-image-description=\"\" data-image-caption=\"\" data-medium-file=\"https:\/\/i0.wp.com\/www.shqiperia.com\/blog\/wp-content\/uploads\/2024\/11\/640-0-1732862584xedfsedfszedjpg-146.webp?fit=300%2C168&amp;ssl=1\" data-large-file=\"https:\/\/i0.wp.com\/www.shqiperia.com\/blog\/wp-content\/uploads\/2024\/11\/640-0-1732862584xedfsedfszedjpg-146.webp?fit=640%2C358&amp;ssl=1\" class=\"alignnone  wp-image-86863\" alt=\"\" src=\"https:\/\/i0.wp.com\/www.shqiperia.com\/blog\/wp-content\/uploads\/2024\/11\/640-0-1732862584xedfsedfszedjpg-146.webp?resize=679%2C380&#038;ssl=1\" width=\"679\" height=\"380\" srcset=\"https:\/\/i0.wp.com\/www.shqiperia.com\/blog\/wp-content\/uploads\/2024\/11\/640-0-1732862584xedfsedfszedjpg-146.webp?resize=300%2C168&amp;ssl=1 300w, https:\/\/i0.wp.com\/www.shqiperia.com\/blog\/wp-content\/uploads\/2024\/11\/640-0-1732862584xedfsedfszedjpg-146.webp?resize=450%2C252&amp;ssl=1 450w, https:\/\/i0.wp.com\/www.shqiperia.com\/blog\/wp-content\/uploads\/2024\/11\/640-0-1732862584xedfsedfszedjpg-146.webp?resize=600%2C336&amp;ssl=1 600w, https:\/\/i0.wp.com\/www.shqiperia.com\/blog\/wp-content\/uploads\/2024\/11\/640-0-1732862584xedfsedfszedjpg-146.webp?resize=400%2C224&amp;ssl=1 400w, https:\/\/i0.wp.com\/www.shqiperia.com\/blog\/wp-content\/uploads\/2024\/11\/640-0-1732862584xedfsedfszedjpg-146.webp?w=640&amp;ssl=1 640w\" sizes=\"auto, (max-width: 679px) 100vw, 679px\" \/><\/p>\n<p>29 Nentor 2024<\/p>\n<p>Duke p\u00ebrdorur nj\u00eb nga teleskop\u00ebt m\u00eb t\u00eb fuqish\u00ebm n\u00eb\u00a0<a href=\"https:\/\/www.cnn.gr\/kosmos\/story\/450774\/epistimones-kategrapsan-ti-sygkrousi-dyo-galaksion-me-taxytita-3-2-ekat-xiliometron-tin-ora\">Tok\u00eb<\/a>, nj\u00eb ekip shkenc\u00ebtar\u00ebsh v\u00ebzhguan dy galaktika\u00a0q\u00eb p\u00ebrplaseshin\u00a0me nj\u00ebra-tjetr\u00ebn me nj\u00eb shpejt\u00ebsi prej 3.2 milion\u00eb kilometrash n\u00eb or\u00eb. Kur galaktikat u p\u00ebrplas\u00ebn, ato l\u00ebshuan nj\u00eb val\u00eb trondit\u00ebse t\u00eb ngjashme me at\u00eb q\u00eb krijon nj\u00eb avion luftarak kur arrin shpejt\u00ebsin\u00eb e z\u00ebrit. \u00cbsht\u00eb nj\u00eb nga fenomenet m\u00eb t\u00eb fuqishme n\u00eb univers. Ai u v\u00ebzhgua n\u00eb Kuintetin Stephane, nj\u00eb grup prej pes\u00eb galaktikash n\u00eb konstelacionin Pegasus, i zbuluar gati 150 vjet m\u00eb par\u00eb nga astronomi francez \u00c9douard Stephane.<\/p>\n<p>T\u00eb dh\u00ebnat nga WEAVE mbivendosin nj\u00eb imazh t\u00eb Kuintetit Stefan nga Teleskopi Hap\u00ebsinor James Webb, me konturet e gjelbra q\u00eb p\u00ebrfaq\u00ebsojn\u00eb t\u00eb dh\u00ebnat nga radio teleskopi LOFAR. Nj\u00eb ekip shkenc\u00ebtar\u00ebsh t\u00eb udh\u00ebhequr nga Universiteti i Hertfordshire kap\u00ebn ngjarjen duke p\u00ebrdorur spektrografin e ri t\u00eb fush\u00ebs s\u00eb gjer\u00eb t\u00eb teleskopit William Herschel (WEAVE) prej 20 milion\u00eb eurosh n\u00eb La Palma, Spanj\u00eb.<\/p>\n<p><em>\u201cQ\u00eb nga zbulimi i tij n\u00eb 1877, Kuintet i Stephanit ka magjepsur astronom\u00ebt sepse p\u00ebrfaq\u00ebson nj\u00eb udh\u00ebkryq galaktik ku p\u00ebrplasjet e kaluara midis galaktikave kan\u00eb l\u00ebn\u00eb pas nj\u00eb fush\u00eb komplekse mbeturinash\u201d,<\/em> tha Dr. Marina Arnaudova.<\/p>\n<p><em>\u201cAktiviteti dinamik n\u00eb k\u00ebt\u00eb grup galaktikash tani \u00ebsht\u00eb rindezur nga nj\u00eb galaktik\u00eb q\u00eb po e p\u00ebrshkon at\u00eb me nj\u00eb shpejt\u00ebsi t\u00eb pabesueshme prej 3.2 milion\u00eb. kilometra n\u00eb or\u00eb, duke \u00e7uar n\u00eb nj\u00eb tronditje tep\u00ebr t\u00eb fuqishme, q\u00eb i ngjan nj\u00eb bumi zanor nga nj\u00eb avion luftarak,\u201d<\/em>\u00a0tha ai.<\/p>\n<p>Studiuesit zbuluan se nd\u00ebrsa vala e goditjes l\u00ebviz n\u00ebp\u00ebr xhepat e gazit t\u00eb ftoht\u00eb, ajo udh\u00ebton me shpejt\u00ebsi supersonike, mjaft t\u00eb forta p\u00ebr t\u00eb shk\u00ebputur elektronet nga atomet, duke l\u00ebn\u00eb pas nj\u00eb gjurm\u00eb t\u00eb ndezur gazi t\u00eb ngarkuar.<\/p>\n<p>Ngjyrat blu tregojn\u00eb plazm\u00ebn m\u00eb t\u00eb vjet\u00ebr dhe me energji t\u00eb ul\u00ebt, nd\u00ebrsa zonat portokalli dhe t\u00eb kuqe sh\u00ebnojn\u00eb rajone t\u00eb aktivizuara fort. Megjithat\u00eb, kur kalon p\u00ebrmes gazit t\u00eb nxeht\u00eb q\u00eb e rrethon, ai b\u00ebhet shum\u00eb m\u00eb i dob\u00ebt. Imazhi i ri dhe detajet e paprecedent\u00eb erdh\u00ebn nga WEAVE, duke kombinuar t\u00eb dh\u00ebna nga instrumente t\u00eb tjera m\u00eb t\u00eb avancuara, dhe teleskopi hap\u00ebsinor James Webb.<\/p>\n<p>Gjetjet jan\u00eb publikuar n\u00eb\u00a0revist\u00ebn\u00a0Monthly\u00a0Notices\u00a0of\u00a0the\u00a0Royal\u00a0Astronomical\u00a0Society\u00a0dhe studiuesit besojn\u00eb se WEAVE \u00ebsht\u00eb vendosur t\u00eb revolucionarizoj\u00eb t\u00eb kuptuarit ton\u00eb p\u00ebr Universin.<\/p>\n<p>Gazeta Dita<\/p>\n","protected":false},"excerpt":{"rendered":"<p>29 Nentor 2024 Duke p\u00ebrdorur nj\u00eb nga teleskop\u00ebt m\u00eb t\u00eb fuqish\u00ebm n\u00eb\u00a0Tok\u00eb, nj\u00eb ekip shkenc\u00ebtar\u00ebsh v\u00ebzhguan dy galaktika\u00a0q\u00eb p\u00ebrplaseshin\u00a0me nj\u00ebra-tjetr\u00ebn me nj\u00eb shpejt\u00ebsi prej 3.2 milion\u00eb kilometrash n\u00eb or\u00eb. Kur galaktikat u p\u00ebrplas\u00ebn, ato l\u00ebshuan nj\u00eb val\u00eb trondit\u00ebse t\u00eb ngjashme me at\u00eb q\u00eb krijon nj\u00eb avion luftarak kur arrin shpejt\u00ebsin\u00eb e z\u00ebrit. \u00cbsht\u00eb nj\u00eb nga [&hellip;]<\/p>\n","protected":false},"author":9,"featured_media":86863,"comment_status":"open","ping_status":"open","sticky":false,"template":"","format":"standard","meta":{"jetpack_post_was_ever_published":false,"_jetpack_newsletter_access":"","_jetpack_dont_email_post_to_subs":false,"_jetpack_newsletter_tier_id":0,"_jetpack_memberships_contains_paywalled_content":false,"_jetpack_memberships_contains_paid_content":false,"footnotes":"","jetpack_publicize_message":"","jetpack_publicize_feature_enabled":true,"jetpack_social_post_already_shared":true,"jetpack_social_options":{"image_generator_settings":{"template":"highway","default_image_id":0,"font":"","enabled":false},"version":2}},"categories":[27,1,14],"tags":[],"class_list":["post-86862","post","type-post","status-publish","format-standard","has-post-thumbnail","hentry","category-blogu-i-udhetarit","category-njoftime-shtypi","category-press-releases"],"jetpack_publicize_connections":[],"jetpack_featured_media_url":"https:\/\/i0.wp.com\/www.shqiperia.com\/blog\/wp-content\/uploads\/2024\/11\/640-0-1732862584xedfsedfszedjpg-146.webp?fit=640%2C358&ssl=1","jetpack_sharing_enabled":true,"jetpack_shortlink":"https:\/\/wp.me\/p5Z6wp-mB0","jetpack-related-posts":[{"id":105682,"url":"https:\/\/www.shqiperia.com\/blog\/shkretetira-dikur-ishte-det-zbulimi-i-shkencetareve-ne-dunat-e-egjiptit-do-tju-habis\/","url_meta":{"origin":86862,"position":0},"title":"Shkret\u00ebtira dikur ishte det? Zbulimi i shkenc\u00ebtar\u00ebve n\u00eb dunat e Egjiptit do t&#8217;ju HABIS","author":"Kurt Farka","date":"September 1, 2026","format":false,"excerpt":"1 Shtator 2026 Nj\u00eb zbulim paleontologjik n\u00eb shkret\u00ebtir\u00ebn e Egjiptit po u jep shkenc\u00ebtar\u00ebve t\u00eb dh\u00ebna t\u00eb reja p\u00ebr jet\u00ebn detare q\u00eb ekzistonte n\u00eb k\u00ebt\u00eb territor miliona vite m\u00eb par\u00eb. N\u00eb Rrafshnalt\u00ebn Abu Tartur, rreth 650 kilometra nga Kajro, nj\u00eb ekip paleontolog\u00ebsh ka gjetur 14 dh\u00ebmb\u00eb t\u00eb fosilizuar peshkaqen\u00ebsh, q\u00eb\u2026","rel":"","context":"In &quot;Blogu i Udh\u00ebtarit&quot;","block_context":{"text":"Blogu i Udh\u00ebtarit","link":"https:\/\/www.shqiperia.com\/blog\/category\/blogu-i-udhetarit\/"},"img":{"alt_text":"","src":"https:\/\/i0.wp.com\/www.shqiperia.com\/blog\/wp-content\/uploads\/2026\/09\/640-0-ijuhyg5tr43ewjpg-1788248377.jpg?fit=640%2C370&ssl=1&resize=350%2C200","width":350,"height":200,"srcset":"https:\/\/i0.wp.com\/www.shqiperia.com\/blog\/wp-content\/uploads\/2026\/09\/640-0-ijuhyg5tr43ewjpg-1788248377.jpg?fit=640%2C370&ssl=1&resize=350%2C200 1x, https:\/\/i0.wp.com\/www.shqiperia.com\/blog\/wp-content\/uploads\/2026\/09\/640-0-ijuhyg5tr43ewjpg-1788248377.jpg?fit=640%2C370&ssl=1&resize=525%2C300 1.5x"},"classes":[]},{"id":100123,"url":"https:\/\/www.shqiperia.com\/blog\/fundi-i-nje-perandorie-roma-nuk-u-shkaterrua-nga-barbaret-thone-te-dhenat-nga-antropologjia-molekulare\/","url_meta":{"origin":86862,"position":1},"title":"Fundi i nj\u00eb Perandorie &#8211; Roma nuk u shkat\u00ebrrua nga barbar\u00ebt, thon\u00eb t\u00eb dh\u00ebnat nga antropologjia molekulare","author":"Kurt Farka","date":"May 11, 2026","format":false,"excerpt":"11 Maji 2026 Fundi i Perandoris\u00eb Romake t\u00eb Per\u00ebndimit u verifikua n\u00eb vitin 476 dhe gjithnj\u00eb \u00ebsht\u00eb lidhur me migrimet n\u00eb mas\u00eb t\u00eb popullsive t\u00eb evrop\u00ebs veriore. Pushtimet barbare dhe momenti i mb\u00ebrritjes s\u00eb klaneve sh\u00ebnoi fundin e dominimit romak duke ndryshuar asetet shoq\u00ebrore dhe demografike t\u00eb gjith\u00eb konintentit. Por\u2026","rel":"","context":"In &quot;Blogu i Udh\u00ebtarit&quot;","block_context":{"text":"Blogu i Udh\u00ebtarit","link":"https:\/\/www.shqiperia.com\/blog\/category\/blogu-i-udhetarit\/"},"img":{"alt_text":"","src":"https:\/\/i0.wp.com\/www.shqiperia.com\/blog\/wp-content\/uploads\/2026\/05\/perandoria-romake.jpg?fit=1024%2C684&ssl=1&resize=350%2C200","width":350,"height":200,"srcset":"https:\/\/i0.wp.com\/www.shqiperia.com\/blog\/wp-content\/uploads\/2026\/05\/perandoria-romake.jpg?fit=1024%2C684&ssl=1&resize=350%2C200 1x, https:\/\/i0.wp.com\/www.shqiperia.com\/blog\/wp-content\/uploads\/2026\/05\/perandoria-romake.jpg?fit=1024%2C684&ssl=1&resize=525%2C300 1.5x, https:\/\/i0.wp.com\/www.shqiperia.com\/blog\/wp-content\/uploads\/2026\/05\/perandoria-romake.jpg?fit=1024%2C684&ssl=1&resize=700%2C400 2x"},"classes":[]},{"id":104931,"url":"https:\/\/www.shqiperia.com\/blog\/fati-i-operes-rozafa-ironikisht-i-njejte-me-ate-te-legjendes-se-kalase\/","url_meta":{"origin":86862,"position":2},"title":"Fati i oper\u00ebs &#8220;Rozafa&#8221;, ironikisht i nj\u00ebjt\u00eb me at\u00eb t\u00eb legjend\u00ebs s\u00eb kalas\u00eb","author":"Kurt Farka","date":"August 22, 2026","format":false,"excerpt":"22 Gusht 2026 Rozafa nuk \u00ebsht\u00eb vet\u00ebm gruaja e murosur n\u00eb themelet e nj\u00eb kalaje. Ajo \u00ebsht\u00eb vet\u00eb metafora e sakrific\u00ebs q\u00eb e b\u00ebn t\u00eb mundur krijimin, vet\u00eb d\u00ebshmia se asgj\u00eb e madhe nuk ngrihet pa dhimbje dhe se \u00e7do vep\u00ebr e destinuar t\u00eb sfidoj\u00eb koh\u00ebn duhet t\u00eb paguaj\u00eb \u00e7mimin\u2026","rel":"","context":"In &quot;Blogu i Udh\u00ebtarit&quot;","block_context":{"text":"Blogu i Udh\u00ebtarit","link":"https:\/\/www.shqiperia.com\/blog\/category\/blogu-i-udhetarit\/"},"img":{"alt_text":"","src":"https:\/\/i0.wp.com\/www.shqiperia.com\/blog\/wp-content\/uploads\/2026\/08\/640-0-r1jpg-1787304573.jpg?fit=640%2C638&ssl=1&resize=350%2C200","width":350,"height":200,"srcset":"https:\/\/i0.wp.com\/www.shqiperia.com\/blog\/wp-content\/uploads\/2026\/08\/640-0-r1jpg-1787304573.jpg?fit=640%2C638&ssl=1&resize=350%2C200 1x, https:\/\/i0.wp.com\/www.shqiperia.com\/blog\/wp-content\/uploads\/2026\/08\/640-0-r1jpg-1787304573.jpg?fit=640%2C638&ssl=1&resize=525%2C300 1.5x"},"classes":[]},{"id":100475,"url":"https:\/\/www.shqiperia.com\/blog\/nje-zbulim-historik-ne-siri-punetori-i-ndertimit-gjen-varre-te-lashta-1500-vjecare\/","url_meta":{"origin":86862,"position":3},"title":"Nj\u00eb zbulim historik n\u00eb Siri\/ Pun\u00ebtori i nd\u00ebrtimit gjen varre t\u00eb lashta 1500-vje\u00e7are","author":"Kurt Farka","date":"May 20, 2026","format":false,"excerpt":"20 Maji 2026 Nj\u00eb pun\u00ebtor nd\u00ebrtimi zbuloi nj\u00eb kompleks varresh 1,500-vje\u00e7ar, nd\u00ebrsa po hiqte rr\u00ebnojat e shkat\u00ebrruara nga lufta. Zbulimi i pabesuesh\u00ebm i nj\u00eb kompleksi t\u00eb lasht\u00eb varresh bizantine u gjet n\u00eb provinc\u00ebn siriane t\u00eb Idlibit n\u00eb veri t\u00eb vendit. Ato u gjet\u00ebn nga nj\u00eb pun\u00ebtor nd\u00ebrtimi i cili po\u2026","rel":"","context":"In &quot;Arte&quot;","block_context":{"text":"Arte","link":"https:\/\/www.shqiperia.com\/blog\/category\/arte\/"},"img":{"alt_text":"","src":"https:\/\/i0.wp.com\/www.shqiperia.com\/blog\/wp-content\/uploads\/2026\/05\/image-2-3.webp?fit=800%2C533&ssl=1&resize=350%2C200","width":350,"height":200,"srcset":"https:\/\/i0.wp.com\/www.shqiperia.com\/blog\/wp-content\/uploads\/2026\/05\/image-2-3.webp?fit=800%2C533&ssl=1&resize=350%2C200 1x, https:\/\/i0.wp.com\/www.shqiperia.com\/blog\/wp-content\/uploads\/2026\/05\/image-2-3.webp?fit=800%2C533&ssl=1&resize=525%2C300 1.5x, https:\/\/i0.wp.com\/www.shqiperia.com\/blog\/wp-content\/uploads\/2026\/05\/image-2-3.webp?fit=800%2C533&ssl=1&resize=700%2C400 2x"},"classes":[]},{"id":102854,"url":"https:\/\/www.shqiperia.com\/blog\/motra-tone-e-kole-idromenos-dhe-shqiptarja-e-jean-baptiste-camille-corot-nje-perballje-e-bukurise-ne-dy-pasqyrime-te-te-njejtave-tipare\/","url_meta":{"origin":86862,"position":4},"title":"\u201cMotra Tone\u201d e Kol\u00eb Idromenos dhe \u201cShqiptarja\u201d e Jean-Baptiste Camille Corot, nj\u00eb p\u00ebrballje e bukuris\u00eb n\u00eb dy pasqyrime t\u00eb t\u00eb nj\u00ebjtave tipare","author":"Kurt Farka","date":"July 18, 2026","format":false,"excerpt":"18 Korrik 2026 N\u00eb muzeumin e kujtes\u00ebs s\u00eb artit shqiptar dhe atij europian, rrijn\u00eb ball\u00eb p\u00ebr ball\u00eb dy portrete, t\u00eb heshtura, por rr\u00ebfimtar\u00eb t\u00eb fuqish\u00ebm, \u201cMotra Tone\u201d e Kol\u00eb Idromenos dhe \u201cShqiptarja\u201d e Jean-Baptiste Camille Corot. T\u00eb ndara nga kufij koh\u00ebsh dhe p\u00ebrfytytimesh, k\u00ebto dy figura fem\u00ebrore, t\u00eb skalitura me\u2026","rel":"","context":"In &quot;Arte&quot;","block_context":{"text":"Arte","link":"https:\/\/www.shqiperia.com\/blog\/category\/arte\/"},"img":{"alt_text":"","src":"https:\/\/i0.wp.com\/www.shqiperia.com\/blog\/wp-content\/uploads\/2026\/07\/640-0-tonejpg-1784295349.jpg?fit=640%2C325&ssl=1&resize=350%2C200","width":350,"height":200,"srcset":"https:\/\/i0.wp.com\/www.shqiperia.com\/blog\/wp-content\/uploads\/2026\/07\/640-0-tonejpg-1784295349.jpg?fit=640%2C325&ssl=1&resize=350%2C200 1x, https:\/\/i0.wp.com\/www.shqiperia.com\/blog\/wp-content\/uploads\/2026\/07\/640-0-tonejpg-1784295349.jpg?fit=640%2C325&ssl=1&resize=525%2C300 1.5x"},"classes":[]},{"id":103800,"url":"https:\/\/www.shqiperia.com\/blog\/shkencetaret-zbulojne-nje-pershpejtim-te-mprehte-te-ngrohjes-globale\/","url_meta":{"origin":86862,"position":5},"title":"Shkenc\u00ebtar\u00ebt zbulojn\u00eb nj\u00eb p\u00ebrshpejtim t\u00eb mpreht\u00eb t\u00eb ngrohjes globale","author":"Kurt Farka","date":"August 4, 2026","format":false,"excerpt":"4 Gusht 2026 Ngrohja globale \u00ebsht\u00eb p\u00ebrshpejtuar q\u00eb nga viti 2015, sipas nj\u00eb analize t\u00eb re nga Instituti i Potsdamit p\u00ebr K\u00ebrkimet mbi Ndikimin Klimatik (PIK). Pasi hoq\u00ebn efektet e luhatjeve natyrore t\u00eb temperatur\u00ebs, studiuesit gjet\u00ebn prov\u00ebn e par\u00eb statistikisht dometh\u00ebn\u00ebse se ritmi afatgjat\u00eb i ngrohjes s\u00eb planetit po p\u00ebrshpejtohet.\u2026","rel":"","context":"In &quot;Blogu i Udh\u00ebtarit&quot;","block_context":{"text":"Blogu i Udh\u00ebtarit","link":"https:\/\/www.shqiperia.com\/blog\/category\/blogu-i-udhetarit\/"},"img":{"alt_text":"","src":"https:\/\/i0.wp.com\/www.shqiperia.com\/blog\/wp-content\/uploads\/2026\/08\/640-0-80a8f8d967447b6bf334795cfcddb40f.webp?fit=640%2C360&ssl=1&resize=350%2C200","width":350,"height":200,"srcset":"https:\/\/i0.wp.com\/www.shqiperia.com\/blog\/wp-content\/uploads\/2026\/08\/640-0-80a8f8d967447b6bf334795cfcddb40f.webp?fit=640%2C360&ssl=1&resize=350%2C200 1x, https:\/\/i0.wp.com\/www.shqiperia.com\/blog\/wp-content\/uploads\/2026\/08\/640-0-80a8f8d967447b6bf334795cfcddb40f.webp?fit=640%2C360&ssl=1&resize=525%2C300 1.5x"},"classes":[]}],"_links":{"self":[{"href":"https:\/\/www.shqiperia.com\/blog\/wp-json\/wp\/v2\/posts\/86862","targetHints":{"allow":["GET"]}}],"collection":[{"href":"https:\/\/www.shqiperia.com\/blog\/wp-json\/wp\/v2\/posts"}],"about":[{"href":"https:\/\/www.shqiperia.com\/blog\/wp-json\/wp\/v2\/types\/post"}],"author":[{"embeddable":true,"href":"https:\/\/www.shqiperia.com\/blog\/wp-json\/wp\/v2\/users\/9"}],"replies":[{"embeddable":true,"href":"https:\/\/www.shqiperia.com\/blog\/wp-json\/wp\/v2\/comments?post=86862"}],"version-history":[{"count":1,"href":"https:\/\/www.shqiperia.com\/blog\/wp-json\/wp\/v2\/posts\/86862\/revisions"}],"predecessor-version":[{"id":86864,"href":"https:\/\/www.shqiperia.com\/blog\/wp-json\/wp\/v2\/posts\/86862\/revisions\/86864"}],"wp:featuredmedia":[{"embeddable":true,"href":"https:\/\/www.shqiperia.com\/blog\/wp-json\/wp\/v2\/media\/86863"}],"wp:attachment":[{"href":"https:\/\/www.shqiperia.com\/blog\/wp-json\/wp\/v2\/media?parent=86862"}],"wp:term":[{"taxonomy":"category","embeddable":true,"href":"https:\/\/www.shqiperia.com\/blog\/wp-json\/wp\/v2\/categories?post=86862"},{"taxonomy":"post_tag","embeddable":true,"href":"https:\/\/www.shqiperia.com\/blog\/wp-json\/wp\/v2\/tags?post=86862"}],"curies":[{"name":"wp","href":"https:\/\/api.w.org\/{rel}","templated":true}]}}