{"id":86859,"date":"2024-11-29T11:30:22","date_gmt":"2024-11-29T11:30:22","guid":{"rendered":"https:\/\/www.shqiperia.com\/blog\/?p=86859"},"modified":"2024-11-29T11:30:22","modified_gmt":"2024-11-29T11:30:22","slug":"shkolla-kthehet-ne-shtepi-bari-me-578-bime-kanabisi-arrestohet-vetem-elektricisti-i-zones","status":"publish","type":"post","link":"https:\/\/www.shqiperia.com\/blog\/shkolla-kthehet-ne-shtepi-bari-me-578-bime-kanabisi-arrestohet-vetem-elektricisti-i-zones\/","title":{"rendered":"Shkolla kthehet n\u00eb \u201csht\u00ebpi bari\u201d me 578 bim\u00eb kanabisi, arrestohet vet\u00ebm elektricisti i zon\u00ebs"},"content":{"rendered":"<p><img data-recalc-dims=\"1\" loading=\"lazy\" decoding=\"async\" data-attachment-id=\"86860\" data-permalink=\"https:\/\/www.shqiperia.com\/blog\/shkolla-kthehet-ne-shtepi-bari-me-578-bime-kanabisi-arrestohet-vetem-elektricisti-i-zones\/600-388-hdfhsfhsfhsfh-1732871896\/\" data-orig-file=\"https:\/\/i0.wp.com\/www.shqiperia.com\/blog\/wp-content\/uploads\/2024\/11\/600-388-hdfhsfhsfhsfh-1732871896.png?fit=600%2C388&amp;ssl=1\" data-orig-size=\"600,388\" data-comments-opened=\"1\" data-image-meta=\"{&quot;aperture&quot;:&quot;0&quot;,&quot;credit&quot;:&quot;&quot;,&quot;camera&quot;:&quot;&quot;,&quot;caption&quot;:&quot;&quot;,&quot;created_timestamp&quot;:&quot;0&quot;,&quot;copyright&quot;:&quot;&quot;,&quot;focal_length&quot;:&quot;0&quot;,&quot;iso&quot;:&quot;0&quot;,&quot;shutter_speed&quot;:&quot;0&quot;,&quot;title&quot;:&quot;&quot;,&quot;orientation&quot;:&quot;0&quot;}\" data-image-title=\"-600-388-hdfhsfhsfhsfh-1732871896\" data-image-description=\"\" data-image-caption=\"\" data-medium-file=\"https:\/\/i0.wp.com\/www.shqiperia.com\/blog\/wp-content\/uploads\/2024\/11\/600-388-hdfhsfhsfhsfh-1732871896.png?fit=300%2C194&amp;ssl=1\" data-large-file=\"https:\/\/i0.wp.com\/www.shqiperia.com\/blog\/wp-content\/uploads\/2024\/11\/600-388-hdfhsfhsfhsfh-1732871896.png?fit=600%2C388&amp;ssl=1\" class=\"alignnone  wp-image-86860\" alt=\"\" src=\"https:\/\/i0.wp.com\/www.shqiperia.com\/blog\/wp-content\/uploads\/2024\/11\/600-388-hdfhsfhsfhsfh-1732871896.png?resize=670%2C433&#038;ssl=1\" width=\"670\" height=\"433\" srcset=\"https:\/\/i0.wp.com\/www.shqiperia.com\/blog\/wp-content\/uploads\/2024\/11\/600-388-hdfhsfhsfhsfh-1732871896.png?resize=300%2C194&amp;ssl=1 300w, https:\/\/i0.wp.com\/www.shqiperia.com\/blog\/wp-content\/uploads\/2024\/11\/600-388-hdfhsfhsfhsfh-1732871896.png?resize=450%2C291&amp;ssl=1 450w, https:\/\/i0.wp.com\/www.shqiperia.com\/blog\/wp-content\/uploads\/2024\/11\/600-388-hdfhsfhsfhsfh-1732871896.png?resize=400%2C259&amp;ssl=1 400w, https:\/\/i0.wp.com\/www.shqiperia.com\/blog\/wp-content\/uploads\/2024\/11\/600-388-hdfhsfhsfhsfh-1732871896.png?w=600&amp;ssl=1 600w\" sizes=\"auto, (max-width: 670px) 100vw, 670px\" \/><\/p>\n<p>29 Nentor 2024<\/p>\n<p>Nj\u00eb \u201csht\u00ebpi bari\u201d \u00ebsht\u00eb zbuluar nga autoritetet policore n\u00eb Vaun e Dej\u00ebs e nd\u00ebrtuar n\u00eb nj\u00eb pron\u00eb publike. M\u00eb konkretisht, b\u00ebhet fjal\u00eb p\u00ebr nj\u00eb godin\u00eb publike t\u00eb braktisur prej vitesh n\u00eb fshatin Dush, e cila ishte p\u00ebrshtatur p\u00ebr kultivim t\u00eb bim\u00ebve narkotike<\/p>\n<p>Aty \u00ebsht\u00eb ushtruar kontroll nga uniformat blu n\u00eb kuad\u00ebr t\u00eb operacionit policor t\u00eb koduar \u201cGodina\u201d dhe si rezultat brenda saj jan\u00eb gjetur 578 fidan\u00eb kanabis sativa n\u00eb kubik\u00eb dhe n\u00eb vazo si dhe 103 llamba elektrike q\u00eb sh\u00ebrbenin p\u00ebr realizmin e k\u00ebsaj veprimtarie kriminale.<\/p>\n<p>Burime b\u00ebjn\u00eb me dije se godina e cila ishte kthyer n\u00eb sht\u00ebpi bari vite m\u00eb par\u00eb ka sh\u00ebrbyer si shkoll\u00eb 9-vje\u00e7are p\u00ebr fshatin dhe zon\u00ebn p\u00ebr rreth.<\/p>\n<p>Nd\u00ebrkoh\u00eb, n\u00eb vijim t\u00eb operacionit, Policia b\u00ebn me dije se ka arrestuar vet\u00ebm elektricistin e zon\u00ebs dhe ka proceduar penalisht tre punonj\u00ebsit e tjer\u00eb t\u00eb OSHEE-s\u00eb q\u00eb mbulonin zon\u00ebn, teksa ende nuk dihet se kush jan\u00eb autor\u00ebt.<\/p>\n<p><strong>Njoftimi i policis\u00eb:<\/strong><\/p>\n<p><em>Vau i Dej\u00ebs\/ Finalizohet operacioni policor i koduar &#8220;Godina&#8221;.<\/em><\/p>\n<p><em>Evidentohet nj\u00eb ambient i p\u00ebrshtatur p\u00ebr kultivimit t\u00eb bim\u00ebve narkotike me an\u00eb t\u00eb llambave.<\/em><\/p>\n<p><em>Gjenden brenda ambientit 578 fidan\u00eb t\u00eb dyshuar si cannabis sativa n\u00eb kubik\u00eb dhe n\u00eb vazo si dhe 103 llamba elektrike q\u00eb sh\u00ebrbenin p\u00ebr realizmin e k\u00ebsaj veprimtarie kriminale.<\/em><\/p>\n<p><em>Vihet n\u00eb pranga elektricisti i zon\u00ebs dhe procedohen penalisht tre pjes\u00ebtar\u00eb t\u00eb grupit t\u00eb pun\u00ebs s\u00eb OSHEE-s\u00eb q\u00eb mbulojn\u00eb zon\u00ebn.<\/em><\/p>\n<p><em>Vijon puna intensive p\u00ebr identifikimin dhe kapjen e autor\u00ebve<\/em><\/p>\n<p><em>N\u00eb zbatim t\u00eb porosive t\u00eb d\u00ebrguara nga Drejtori i P\u00ebrgjithsh\u00ebm i Policis\u00eb s\u00eb Shtetit p\u00ebr intensifikimin e kontrolleve n\u00eb ambiente t\u00eb mbyllura p\u00ebr parandalimin e kultivimit t\u00eb bim\u00ebve narkotike me an\u00eb t\u00eb llambave, sh\u00ebrbimet e Komisariatit t\u00eb Policis\u00eb Vau i Dej\u00ebs kan\u00eb intensifikuar kontrollet n\u00eb ambiente t\u00eb mbyllura.<\/em><\/p>\n<p><em>Bazuar n\u00eb informacionet e siguruara nga inteligjenca policore, se n\u00eb fshatin Dush, n\u00eb nj\u00eb godin\u00eb t\u00eb braktisur prej vitesh (pron\u00eb publike) mund t\u00eb ishte p\u00ebrshtatur p\u00ebr kultivim t\u00eb bim\u00ebve narkotike, n\u00eb kuad\u00ebr t\u00eb operacionit policor t\u00eb koduar \u201cGodina\u201d, sh\u00ebrbimet e Policis\u00eb ushtruan kontroll.<\/em><\/p>\n<p><em>Gjat\u00eb kontrollit n\u00eb godin\u00ebn e braktisur, nj\u00eb nga ambientet e k\u00ebsaj godine ishte p\u00ebrshtatur p\u00ebr kultivimit t\u00eb bim\u00ebve narkotike me an\u00eb t\u00eb llambave, ku n\u00eb brend\u00ebsi t\u00eb k\u00ebtij ambienti jan\u00eb gjetur 578 fidan\u00eb t\u00eb dyshuara cannabis sativa n\u00eb kubik\u00eb dhe n\u00eb vazo si dhe 103 llamba elektrike e pajisje t\u00eb tjera elektrike q\u00eb sh\u00ebrbenin p\u00ebr realizmin k\u00ebsaj veprimtarie kriminale.<\/em><\/p>\n<p><em>N\u00eb vijim t\u00eb veprimeve u arrestua n\u00eb flagranc\u00eb shtetasi F. M., 62 vje\u00e7, banues n\u00eb La\u00e7, elektricisti i zon\u00ebs, dhe u proceduan penalisht n\u00eb gjendje t\u00eb lir\u00eb shtetasit J. D., 41 vje\u00e7, banues n\u00eb Fush\u00eb- Arr\u00ebz, I. M., 32 vje\u00e7, banues n\u00eb Shkod\u00ebr dhe A. B., 32 vje\u00e7, banues n\u00eb fshatin Hajmel, (grup i pun\u00ebs i OSHEE-s\u00eb q\u00eb mbulon zon\u00ebn) p\u00ebr veprat penale \u201cShp\u00ebrdorim i detyr\u00ebs\u201d, &#8220;Kultivimi i bim\u00ebve narkotike&#8221; dhe \u201cVjedhja e energjis\u00eb elektrike\u201d.<\/em><\/p>\n<p><em>N\u00ebn drejtimin Prokuroris\u00eb , strukturat hetimore t\u00eb Komisariatit t\u00eb Policis\u00eb Vau i Dej\u00ebs dhe ato t\u00eb DVP Shkod\u00ebr vijojn\u00eb pun\u00ebn intensive p\u00ebr identifikimin dhe kapjen e autor\u00ebve.<\/em><\/p>\n<p><em>Materialet i kaluan Prokuroris\u00eb p\u00ebr veprime t\u00eb m\u00ebtejshme.<\/em><\/p>\n","protected":false},"excerpt":{"rendered":"<p>29 Nentor 2024 Nj\u00eb \u201csht\u00ebpi bari\u201d \u00ebsht\u00eb zbuluar nga autoritetet policore n\u00eb Vaun e Dej\u00ebs e nd\u00ebrtuar n\u00eb nj\u00eb pron\u00eb publike. M\u00eb konkretisht, b\u00ebhet fjal\u00eb p\u00ebr nj\u00eb godin\u00eb publike t\u00eb braktisur prej vitesh n\u00eb fshatin Dush, e cila ishte p\u00ebrshtatur p\u00ebr kultivim t\u00eb bim\u00ebve narkotike Aty \u00ebsht\u00eb ushtruar kontroll nga uniformat blu n\u00eb kuad\u00ebr t\u00eb [&hellip;]<\/p>\n","protected":false},"author":9,"featured_media":86860,"comment_status":"open","ping_status":"open","sticky":false,"template":"","format":"standard","meta":{"jetpack_post_was_ever_published":false,"_jetpack_newsletter_access":"","_jetpack_dont_email_post_to_subs":false,"_jetpack_newsletter_tier_id":0,"_jetpack_memberships_contains_paywalled_content":false,"_jetpack_memberships_contains_paid_content":false,"footnotes":"","jetpack_publicize_message":"","jetpack_publicize_feature_enabled":true,"jetpack_social_post_already_shared":true,"jetpack_social_options":{"image_generator_settings":{"template":"highway","default_image_id":0,"font":"","enabled":false},"version":2}},"categories":[27,1,35],"tags":[],"class_list":["post-86859","post","type-post","status-publish","format-standard","has-post-thumbnail","hentry","category-blogu-i-udhetarit","category-njoftime-shtypi","category-shoqerore"],"jetpack_publicize_connections":[],"jetpack_featured_media_url":"https:\/\/i0.wp.com\/www.shqiperia.com\/blog\/wp-content\/uploads\/2024\/11\/600-388-hdfhsfhsfhsfh-1732871896.png?fit=600%2C388&ssl=1","jetpack_sharing_enabled":true,"jetpack_shortlink":"https:\/\/wp.me\/p5Z6wp-mAX","jetpack-related-posts":[{"id":103767,"url":"https:\/\/www.shqiperia.com\/blog\/krim-kunder-mjedisit-devijohet-nga-shtrati-lumi-devoll-ne-cerrik\/","url_meta":{"origin":86859,"position":0},"title":"Krim kunder mjedisit: &#8211; Devijohet nga shtrati lumi Devoll ne C\u00ebrrik","author":"Kurt Farka","date":"August 4, 2026","format":false,"excerpt":"4 Gusht 2026 Policia e C\u00ebrrikut ka goditur nj\u00eb rast t\u00eb krimeve kund\u00ebr mjedisit, ku g\u00ebrryerja e paligjshme e shtratit t\u00eb lumit Devoll ka sjell\u00eb devijimin e rrjedh\u00ebs s\u00eb tij dhe ka rrezikuar p\u00ebrmbytjen e tokave bujq\u00ebsore n\u00eb fshatin Gostim\u00eb Si rezultat i operacionit, jan\u00eb arrestuar n\u00eb flagranc\u00eb L. X.,\u2026","rel":"","context":"In &quot;Blogu i Udh\u00ebtarit&quot;","block_context":{"text":"Blogu i Udh\u00ebtarit","link":"https:\/\/www.shqiperia.com\/blog\/category\/blogu-i-udhetarit\/"},"img":{"alt_text":"","src":"https:\/\/i0.wp.com\/www.shqiperia.com\/blog\/wp-content\/uploads\/2026\/08\/WhatsApp-Image-2026-08-04-at-12_sd-1.jpg?fit=1129%2C703&ssl=1&resize=350%2C200","width":350,"height":200,"srcset":"https:\/\/i0.wp.com\/www.shqiperia.com\/blog\/wp-content\/uploads\/2026\/08\/WhatsApp-Image-2026-08-04-at-12_sd-1.jpg?fit=1129%2C703&ssl=1&resize=350%2C200 1x, https:\/\/i0.wp.com\/www.shqiperia.com\/blog\/wp-content\/uploads\/2026\/08\/WhatsApp-Image-2026-08-04-at-12_sd-1.jpg?fit=1129%2C703&ssl=1&resize=525%2C300 1.5x, https:\/\/i0.wp.com\/www.shqiperia.com\/blog\/wp-content\/uploads\/2026\/08\/WhatsApp-Image-2026-08-04-at-12_sd-1.jpg?fit=1129%2C703&ssl=1&resize=700%2C400 2x, https:\/\/i0.wp.com\/www.shqiperia.com\/blog\/wp-content\/uploads\/2026\/08\/WhatsApp-Image-2026-08-04-at-12_sd-1.jpg?fit=1129%2C703&ssl=1&resize=1050%2C600 3x"},"classes":[]},{"id":102691,"url":"https:\/\/www.shqiperia.com\/blog\/edhe-nje-tjeter-pikez-e-vockel-mbushet-me-shtepi\/","url_meta":{"origin":86859,"position":1},"title":"Edhe nj\u00eb tjet\u00ebr \u201cpik\u00ebz e vo\u00e7k\u00ebl\u201d mbushet me sht\u00ebpi!","author":"Kurt Farka","date":"July 14, 2026","format":false,"excerpt":"14 Korrik 2026 Nga Mentor Kikia Edhe nj\u00eb tjet\u00ebr \u201cpik\u00ebz e vo\u00e7k\u00ebl\u201d mbushet me sht\u00ebpi! Nj\u00eb kod\u00ebr pran\u00eb Gjirit t\u00eb Llamanit n\u00eb Himar\u00eb u dogj dje dhe gjat\u00eb nat\u00ebs s\u00eb mbr\u00ebmshme. Mediat raportojn\u00eb se gjurma e zjarrti p\u00ebrputhet me gjurm\u00ebn e nj\u00eb lejeje nd\u00ebrtimi dhen\u00eb nga qeveria p\u00ebr nj\u00eb kompani,\u2026","rel":"","context":"In &quot;Blogu i Udh\u00ebtarit&quot;","block_context":{"text":"Blogu i Udh\u00ebtarit","link":"https:\/\/www.shqiperia.com\/blog\/category\/blogu-i-udhetarit\/"},"img":{"alt_text":"","src":"https:\/\/i0.wp.com\/www.shqiperia.com\/blog\/wp-content\/uploads\/2026\/07\/747613371_2803003820105248_6699254000567700576_n.jpg?fit=590%2C332&ssl=1&resize=350%2C200","width":350,"height":200,"srcset":"https:\/\/i0.wp.com\/www.shqiperia.com\/blog\/wp-content\/uploads\/2026\/07\/747613371_2803003820105248_6699254000567700576_n.jpg?fit=590%2C332&ssl=1&resize=350%2C200 1x, https:\/\/i0.wp.com\/www.shqiperia.com\/blog\/wp-content\/uploads\/2026\/07\/747613371_2803003820105248_6699254000567700576_n.jpg?fit=590%2C332&ssl=1&resize=525%2C300 1.5x"},"classes":[]},{"id":103313,"url":"https:\/\/www.shqiperia.com\/blog\/kabareja-rilindase-e-idiotesise-se-zyrtarizuar\/","url_meta":{"origin":86859,"position":2},"title":"Kabareja rilindase e idiot\u00ebsis\u00eb s\u00eb zyrtarizuar","author":"Kurt Farka","date":"July 28, 2026","format":false,"excerpt":"Nga Ilir Dako ... Kryeministri shqiptar, sikur t\u00eb ishte duke lexuar kuponat e lotaris\u00eb komb\u00ebtare. \u201cLigji 2000, ligji 1701, ligji 1501, ligji 3501, ligji 2055, ligji 1755\u2026\u201d Ziqinisaracakerrizimi \u00ebsht\u00eb b\u00ebr\u00eb diagnoza e re e politik\u00ebs shqiptare, nj\u00eb epidemi q\u00eb ka kapluar jo vet\u00ebm tuf\u00ebn e deputet\u00ebve, por edhe vet\u00eb kryerilindasin\u2026","rel":"","context":"In &quot;Histori&quot;","block_context":{"text":"Histori","link":"https:\/\/www.shqiperia.com\/blog\/category\/histori\/"},"img":{"alt_text":"","src":"https:\/\/i0.wp.com\/www.shqiperia.com\/blog\/wp-content\/uploads\/2026\/07\/bd9433a8-f2b6-452e-b4a8-7d65d13c603e-Copy.jpg?fit=820%2C601&ssl=1&resize=350%2C200","width":350,"height":200,"srcset":"https:\/\/i0.wp.com\/www.shqiperia.com\/blog\/wp-content\/uploads\/2026\/07\/bd9433a8-f2b6-452e-b4a8-7d65d13c603e-Copy.jpg?fit=820%2C601&ssl=1&resize=350%2C200 1x, https:\/\/i0.wp.com\/www.shqiperia.com\/blog\/wp-content\/uploads\/2026\/07\/bd9433a8-f2b6-452e-b4a8-7d65d13c603e-Copy.jpg?fit=820%2C601&ssl=1&resize=525%2C300 1.5x, https:\/\/i0.wp.com\/www.shqiperia.com\/blog\/wp-content\/uploads\/2026\/07\/bd9433a8-f2b6-452e-b4a8-7d65d13c603e-Copy.jpg?fit=820%2C601&ssl=1&resize=700%2C400 2x"},"classes":[]},{"id":104334,"url":"https:\/\/www.shqiperia.com\/blog\/historia-e-shnderruar-ne-legjende-e-3-motrave-qe-mbajten-ne-krahe-nje-piano-per-27-kilometra-qe-e-ema-te-vdiste-ne-shtepi-ne-magjine-e-tingujve\/","url_meta":{"origin":86859,"position":3},"title":"Historia e shnd\u00ebrruar n\u00eb legjend\u00eb e 3 motrave q\u00eb mbajt\u00ebn n\u00eb krah\u00eb nj\u00eb piano p\u00ebr 27 kilometra, q\u00eb e \u00ebma t\u00eb vdiste n\u00eb sht\u00ebpi n\u00eb magjin\u00eb e tingujve","author":"Kurt Farka","date":"August 13, 2026","format":false,"excerpt":"13 Gusht 2026 Tetor, viti 1903, malet Siskiyou, Oregon. N\u00ebna e familjes, Ellie Cooper, 61 vje\u00e7, po jepte shpirt n\u00eb nj\u00eb spital t\u00eb Medfordit, e tretur nga tuberkulozi. E nd\u00ebrgjegjshme se dit\u00ebt e saj ishin t\u00eb num\u00ebruara, ajo p\u00ebshp\u00ebriti d\u00ebshir\u00ebn e saj t\u00eb fundit: \"Dua t'i d\u00ebgjoj vajzat e mia\u2026","rel":"","context":"In &quot;Arte&quot;","block_context":{"text":"Arte","link":"https:\/\/www.shqiperia.com\/blog\/category\/arte\/"},"img":{"alt_text":"","src":"https:\/\/i0.wp.com\/www.shqiperia.com\/blog\/wp-content\/uploads\/2026\/08\/640-0-pia-1786537974-1.jpg?fit=640%2C422&ssl=1&resize=350%2C200","width":350,"height":200,"srcset":"https:\/\/i0.wp.com\/www.shqiperia.com\/blog\/wp-content\/uploads\/2026\/08\/640-0-pia-1786537974-1.jpg?fit=640%2C422&ssl=1&resize=350%2C200 1x, https:\/\/i0.wp.com\/www.shqiperia.com\/blog\/wp-content\/uploads\/2026\/08\/640-0-pia-1786537974-1.jpg?fit=640%2C422&ssl=1&resize=525%2C300 1.5x"},"classes":[]},{"id":105236,"url":"https:\/\/www.shqiperia.com\/blog\/grate-e-martuara-si-i-kontrollonin-burrat-dhe-mbronin-martesen-nje-histori-nga-mesjeta\/","url_meta":{"origin":86859,"position":4},"title":"Grat\u00eb e martuara, si i \u201ckontrollonin\u201d burrat dhe mbronin martes\u00ebn? Nj\u00eb histori nga mesjeta","author":"Kurt Farka","date":"August 26, 2026","format":false,"excerpt":"26 Gusht 2026 Ka histori q\u00eb mbijetojn\u00eb jo sepse jan\u00eb domosdoshm\u00ebrisht t\u00eb v\u00ebrteta, por sepse jan\u00eb tep\u00ebr t\u00eb bukura, t\u00eb \u00e7uditshme ose ironike p\u00ebr t\u2019u harruar. Mes tyre qarkullon edhe nj\u00eb rr\u00ebfim i pazakont\u00eb, q\u00eb pretendon se disa gra n\u00eb Mesjet\u00eb p\u00ebrdornin nj\u00eb m\u00ebnyr\u00eb t\u00eb fsheht\u00eb p\u00ebr t\u2019i mbajtur burrat\u2026","rel":"","context":"In &quot;Blogu i Udh\u00ebtarit&quot;","block_context":{"text":"Blogu i Udh\u00ebtarit","link":"https:\/\/www.shqiperia.com\/blog\/category\/blogu-i-udhetarit\/"},"img":{"alt_text":"","src":"https:\/\/i0.wp.com\/www.shqiperia.com\/blog\/wp-content\/uploads\/2026\/08\/640-0-gr-1787642714.jpg?fit=640%2C515&ssl=1&resize=350%2C200","width":350,"height":200,"srcset":"https:\/\/i0.wp.com\/www.shqiperia.com\/blog\/wp-content\/uploads\/2026\/08\/640-0-gr-1787642714.jpg?fit=640%2C515&ssl=1&resize=350%2C200 1x, https:\/\/i0.wp.com\/www.shqiperia.com\/blog\/wp-content\/uploads\/2026\/08\/640-0-gr-1787642714.jpg?fit=640%2C515&ssl=1&resize=525%2C300 1.5x"},"classes":[]},{"id":104774,"url":"https:\/\/www.shqiperia.com\/blog\/bashkia-e-durresit-eshte-nje-5d-e-madhe-publike-por-qe-cuditerisht-nuk-e-prek-askush\/","url_meta":{"origin":86859,"position":5},"title":"Bashkia e Durr\u00ebsit \u00ebsht\u00eb nj\u00eb 5D e madhe publike, por q\u00eb \u00e7udit\u00ebrisht nuk e prek askush","author":"Kurt Farka","date":"August 20, 2026","format":false,"excerpt":"20 Gusht 2026 Nj\u00eb muaj m\u00eb par\u00eb, Bashkia e Durr\u00ebsit zhvilloi nj\u00eb tender p\u00ebr rehabilitimin e rrug\u00ebve dyt\u00ebsore n\u00eb zon\u00ebn e Durr\u00ebsit t\u00eb ri me fond limit 137 milion\u00eb lek\u00eb ose gati 1.5 milion\u00eb euro me kursin aktual. Sot Emirjana Sako shpalli fituesin. Nuk ishte oferta m\u00eb e ul\u00ebt, as\u2026","rel":"","context":"In &quot;Blogu i Udh\u00ebtarit&quot;","block_context":{"text":"Blogu i Udh\u00ebtarit","link":"https:\/\/www.shqiperia.com\/blog\/category\/blogu-i-udhetarit\/"},"img":{"alt_text":"","src":"https:\/\/i0.wp.com\/www.shqiperia.com\/blog\/wp-content\/uploads\/2026\/08\/auto-900-0-1787135537xsako-6731787140537-6a85f5d59c6e3.jpg?fit=900%2C596&ssl=1&resize=350%2C200","width":350,"height":200,"srcset":"https:\/\/i0.wp.com\/www.shqiperia.com\/blog\/wp-content\/uploads\/2026\/08\/auto-900-0-1787135537xsako-6731787140537-6a85f5d59c6e3.jpg?fit=900%2C596&ssl=1&resize=350%2C200 1x, https:\/\/i0.wp.com\/www.shqiperia.com\/blog\/wp-content\/uploads\/2026\/08\/auto-900-0-1787135537xsako-6731787140537-6a85f5d59c6e3.jpg?fit=900%2C596&ssl=1&resize=525%2C300 1.5x, https:\/\/i0.wp.com\/www.shqiperia.com\/blog\/wp-content\/uploads\/2026\/08\/auto-900-0-1787135537xsako-6731787140537-6a85f5d59c6e3.jpg?fit=900%2C596&ssl=1&resize=700%2C400 2x"},"classes":[]}],"_links":{"self":[{"href":"https:\/\/www.shqiperia.com\/blog\/wp-json\/wp\/v2\/posts\/86859","targetHints":{"allow":["GET"]}}],"collection":[{"href":"https:\/\/www.shqiperia.com\/blog\/wp-json\/wp\/v2\/posts"}],"about":[{"href":"https:\/\/www.shqiperia.com\/blog\/wp-json\/wp\/v2\/types\/post"}],"author":[{"embeddable":true,"href":"https:\/\/www.shqiperia.com\/blog\/wp-json\/wp\/v2\/users\/9"}],"replies":[{"embeddable":true,"href":"https:\/\/www.shqiperia.com\/blog\/wp-json\/wp\/v2\/comments?post=86859"}],"version-history":[{"count":1,"href":"https:\/\/www.shqiperia.com\/blog\/wp-json\/wp\/v2\/posts\/86859\/revisions"}],"predecessor-version":[{"id":86861,"href":"https:\/\/www.shqiperia.com\/blog\/wp-json\/wp\/v2\/posts\/86859\/revisions\/86861"}],"wp:featuredmedia":[{"embeddable":true,"href":"https:\/\/www.shqiperia.com\/blog\/wp-json\/wp\/v2\/media\/86860"}],"wp:attachment":[{"href":"https:\/\/www.shqiperia.com\/blog\/wp-json\/wp\/v2\/media?parent=86859"}],"wp:term":[{"taxonomy":"category","embeddable":true,"href":"https:\/\/www.shqiperia.com\/blog\/wp-json\/wp\/v2\/categories?post=86859"},{"taxonomy":"post_tag","embeddable":true,"href":"https:\/\/www.shqiperia.com\/blog\/wp-json\/wp\/v2\/tags?post=86859"}],"curies":[{"name":"wp","href":"https:\/\/api.w.org\/{rel}","templated":true}]}}