{"id":86538,"date":"2024-11-20T05:59:30","date_gmt":"2024-11-20T05:59:30","guid":{"rendered":"https:\/\/www.shqiperia.com\/blog\/?p=86538"},"modified":"2024-11-20T05:59:30","modified_gmt":"2024-11-20T05:59:30","slug":"britania-e-madhe-perfshihet-nga-moti-i-keq-dhe-bora-nderprerje-te-energjise-elektrike-ne-disa-zona-per-shkak-te-akullit","status":"publish","type":"post","link":"https:\/\/www.shqiperia.com\/blog\/britania-e-madhe-perfshihet-nga-moti-i-keq-dhe-bora-nderprerje-te-energjise-elektrike-ne-disa-zona-per-shkak-te-akullit\/","title":{"rendered":"Britania e Madhe p\u00ebrfshihet nga moti i keq dhe bora, nd\u00ebrprerje t\u00eb energjis\u00eb elektrike n\u00eb disa zona p\u00ebr shkak t\u00eb akullit"},"content":{"rendered":"<p><img data-recalc-dims=\"1\" loading=\"lazy\" decoding=\"async\" data-attachment-id=\"86539\" data-permalink=\"https:\/\/www.shqiperia.com\/blog\/britania-e-madhe-perfshihet-nga-moti-i-keq-dhe-bora-nderprerje-te-energjise-elektrike-ne-disa-zona-per-shkak-te-akullit\/snowstorm_arthrou\/\" data-orig-file=\"https:\/\/i0.wp.com\/www.shqiperia.com\/blog\/wp-content\/uploads\/2024\/11\/snowstorm_arthrou.jpg?fit=1360%2C764&amp;ssl=1\" data-orig-size=\"1360,764\" data-comments-opened=\"1\" data-image-meta=\"{&quot;aperture&quot;:&quot;0&quot;,&quot;credit&quot;:&quot;&quot;,&quot;camera&quot;:&quot;&quot;,&quot;caption&quot;:&quot;&quot;,&quot;created_timestamp&quot;:&quot;0&quot;,&quot;copyright&quot;:&quot;&quot;,&quot;focal_length&quot;:&quot;0&quot;,&quot;iso&quot;:&quot;0&quot;,&quot;shutter_speed&quot;:&quot;0&quot;,&quot;title&quot;:&quot;&quot;,&quot;orientation&quot;:&quot;0&quot;}\" data-image-title=\"snowstorm_arthrou\" data-image-description=\"\" data-image-caption=\"\" data-medium-file=\"https:\/\/i0.wp.com\/www.shqiperia.com\/blog\/wp-content\/uploads\/2024\/11\/snowstorm_arthrou.jpg?fit=300%2C169&amp;ssl=1\" data-large-file=\"https:\/\/i0.wp.com\/www.shqiperia.com\/blog\/wp-content\/uploads\/2024\/11\/snowstorm_arthrou.jpg?fit=1024%2C575&amp;ssl=1\" class=\"alignnone  wp-image-86539\" alt=\"\" src=\"https:\/\/i0.wp.com\/www.shqiperia.com\/blog\/wp-content\/uploads\/2024\/11\/snowstorm_arthrou.jpg?resize=792%2C446&#038;ssl=1\" width=\"792\" height=\"446\" srcset=\"https:\/\/i0.wp.com\/www.shqiperia.com\/blog\/wp-content\/uploads\/2024\/11\/snowstorm_arthrou.jpg?resize=300%2C169&amp;ssl=1 300w, https:\/\/i0.wp.com\/www.shqiperia.com\/blog\/wp-content\/uploads\/2024\/11\/snowstorm_arthrou.jpg?resize=1024%2C575&amp;ssl=1 1024w, https:\/\/i0.wp.com\/www.shqiperia.com\/blog\/wp-content\/uploads\/2024\/11\/snowstorm_arthrou.jpg?resize=768%2C431&amp;ssl=1 768w, https:\/\/i0.wp.com\/www.shqiperia.com\/blog\/wp-content\/uploads\/2024\/11\/snowstorm_arthrou.jpg?resize=450%2C253&amp;ssl=1 450w, https:\/\/i0.wp.com\/www.shqiperia.com\/blog\/wp-content\/uploads\/2024\/11\/snowstorm_arthrou.jpg?resize=600%2C337&amp;ssl=1 600w, https:\/\/i0.wp.com\/www.shqiperia.com\/blog\/wp-content\/uploads\/2024\/11\/snowstorm_arthrou.jpg?resize=1300%2C730&amp;ssl=1 1300w, https:\/\/i0.wp.com\/www.shqiperia.com\/blog\/wp-content\/uploads\/2024\/11\/snowstorm_arthrou.jpg?resize=400%2C225&amp;ssl=1 400w, https:\/\/i0.wp.com\/www.shqiperia.com\/blog\/wp-content\/uploads\/2024\/11\/snowstorm_arthrou.jpg?w=1360&amp;ssl=1 1360w\" sizes=\"auto, (max-width: 792px) 100vw, 792px\" \/><\/p>\n<p>20 Nentor 2024<\/p>\n<p>Trafiku \u00ebsht\u00eb bllokuar n\u00eb Britanin\u00eb e Madhe p\u00ebr shkak t\u00eb motit t\u00eb r\u00ebnd\u00eb dhe bor\u00ebs, m\u00eb shum\u00eb se 200 shkolla t\u00eb bllokuara dhe paralajm\u00ebrime p\u00ebr kushte t\u00eb r\u00ebnda t\u00eb vazhdueshme.<\/p>\n<p>Meteorolog\u00ebt kan\u00eb l\u00ebshuar kat\u00ebr paralajm\u00ebrime t\u00eb verdha p\u00ebr bor\u00eb dhe akull si dhe nd\u00ebrprerjet e pritshme t\u00eb energjis\u00eb elektrike.<\/p>\n<p>K\u00ebto jan\u00eb reshjet e para t\u00eb bor\u00ebs n\u00eb k\u00ebt\u00eb dim\u00ebr 2024, n\u00eb Mbret\u00ebrin\u00eb e Bashkuar.<\/p>\n<p>Nj\u00eb nga paralajm\u00ebrimet \u00ebsht\u00eb l\u00ebshuar edhe p\u00ebr Uellsin jugor dhe do t\u00eb jet\u00eb n\u00eb fuqi deri n\u00eb mesnat\u00ebn e s\u00eb mart\u00ebs, nd\u00ebrsa nj\u00eb tjet\u00ebr p\u00ebrfshin Skocin\u00eb jugore deri n\u00eb or\u00ebn 10 t\u00eb m\u00ebngjesit t\u00eb s\u00eb m\u00ebrkur\u00ebs.<\/p>\n<p>Paralajm\u00ebrimi i tret\u00eb, i cili do t\u00eb jet\u00eb n\u00eb fuqi deri n\u00eb mesdit\u00ebn e s\u00eb m\u00ebrkur\u00ebs, ka t\u00eb b\u00ebj\u00eb me Skocin\u00eb dhe lindjen e Anglis\u00eb.<\/p>\n<p>Ekziston gjithashtu nj\u00eb paralajm\u00ebrim i m\u00ebtejsh\u00ebm q\u00eb mbulon zon\u00ebn e Irland\u00ebs s\u00eb Veriut deri n\u00eb or\u00ebn 10 t\u00eb m\u00ebngjesit t\u00eb s\u00eb m\u00ebrkur\u00ebs.<\/p>\n","protected":false},"excerpt":{"rendered":"<p>20 Nentor 2024 Trafiku \u00ebsht\u00eb bllokuar n\u00eb Britanin\u00eb e Madhe p\u00ebr shkak t\u00eb motit t\u00eb r\u00ebnd\u00eb dhe bor\u00ebs, m\u00eb shum\u00eb se 200 shkolla t\u00eb bllokuara dhe paralajm\u00ebrime p\u00ebr kushte t\u00eb r\u00ebnda t\u00eb vazhdueshme. Meteorolog\u00ebt kan\u00eb l\u00ebshuar kat\u00ebr paralajm\u00ebrime t\u00eb verdha p\u00ebr bor\u00eb dhe akull si dhe nd\u00ebrprerjet e pritshme t\u00eb energjis\u00eb elektrike. K\u00ebto jan\u00eb reshjet [&hellip;]<\/p>\n","protected":false},"author":9,"featured_media":86539,"comment_status":"open","ping_status":"open","sticky":false,"template":"","format":"standard","meta":{"jetpack_post_was_ever_published":false,"_jetpack_newsletter_access":"","_jetpack_dont_email_post_to_subs":false,"_jetpack_newsletter_tier_id":0,"_jetpack_memberships_contains_paywalled_content":false,"_jetpack_memberships_contains_paid_content":false,"footnotes":"","jetpack_publicize_message":"","jetpack_publicize_feature_enabled":true,"jetpack_social_post_already_shared":true,"jetpack_social_options":{"image_generator_settings":{"template":"highway","default_image_id":0,"font":"","enabled":false},"version":2}},"categories":[27,1],"tags":[],"class_list":["post-86538","post","type-post","status-publish","format-standard","has-post-thumbnail","hentry","category-blogu-i-udhetarit","category-njoftime-shtypi"],"jetpack_publicize_connections":[],"jetpack_featured_media_url":"https:\/\/i0.wp.com\/www.shqiperia.com\/blog\/wp-content\/uploads\/2024\/11\/snowstorm_arthrou.jpg?fit=1360%2C764&ssl=1","jetpack_sharing_enabled":true,"jetpack_shortlink":"https:\/\/wp.me\/p5Z6wp-mvM","jetpack-related-posts":[{"id":77480,"url":"https:\/\/www.shqiperia.com\/blog\/gjendje-e-jashtezakonshme-ne-fushe-arrez-bllokohen-rruget-nga-reshjet-e-dendura\/","url_meta":{"origin":86538,"position":0},"title":"Gjendje e jasht\u00ebzakonshme n\u00eb Fush\u00eb Arr\u00ebz! &#8211; Bllokohen rrug\u00ebt nga reshjet e dendura","author":"Kurt Farka","date":"January 21, 2024","format":false,"excerpt":"21 Janar 2024 Bashkia Fush\u00eb-Arr\u00ebz dje (20 Janar) ka shpallur gjendjen e jasht\u00ebzakonshme p\u00ebr shkak t\u00eb reshjeve t\u00eb denduara t\u00eb bores. Ekipi i Emergjencave Civile t\u00eb bashkis\u00eb po punon me t\u00eb gjith\u00eb sektor\u00ebt p\u00ebr p\u00ebrballimin e situat\u00ebs. Gjendje t\u00eb r\u00ebnd\u00eb n\u00eb bashkin\u00eb e Fush\u00eb-Arr\u00ebzit. Disa nj\u00ebsi administrative dhe disa fshatra\u2026","rel":"","context":"In &quot;Blogu i Udh\u00ebtarit&quot;","block_context":{"text":"Blogu i Udh\u00ebtarit","link":"https:\/\/www.shqiperia.com\/blog\/category\/blogu-i-udhetarit\/"},"img":{"alt_text":"","src":"https:\/\/i0.wp.com\/www.shqiperia.com\/blog\/wp-content\/uploads\/2024\/01\/moti-i-keq-debore-1.jpg?fit=783%2C494&ssl=1&resize=350%2C200","width":350,"height":200,"srcset":"https:\/\/i0.wp.com\/www.shqiperia.com\/blog\/wp-content\/uploads\/2024\/01\/moti-i-keq-debore-1.jpg?fit=783%2C494&ssl=1&resize=350%2C200 1x, https:\/\/i0.wp.com\/www.shqiperia.com\/blog\/wp-content\/uploads\/2024\/01\/moti-i-keq-debore-1.jpg?fit=783%2C494&ssl=1&resize=525%2C300 1.5x, https:\/\/i0.wp.com\/www.shqiperia.com\/blog\/wp-content\/uploads\/2024\/01\/moti-i-keq-debore-1.jpg?fit=783%2C494&ssl=1&resize=700%2C400 2x"},"classes":[]},{"id":56657,"url":"https:\/\/www.shqiperia.com\/blog\/rritet-tarifa-e-energjise-elektrike-per-te-gjithe-kategorite\/","url_meta":{"origin":86538,"position":1},"title":"Rritet tarifa e energjis\u00eb elektrike p\u00ebr t\u00eb gjith\u00eb kategorit\u00eb.","author":"Kurt Farka","date":"April 13, 2022","format":false,"excerpt":"Rritet tarifa e energjis\u00eb elektrike p\u00ebr t\u00eb gjith\u00eb kategorit\u00eb. 13 PRILL 2022 Rritet tarifa e energjis\u00eb elektrike p\u00ebr t\u00eb gjith\u00eb kategorit\u00eb, do t\u00eb jet\u00eb n\u00eb fuqi deri me 31 dhjetor 2024. Vendimi i Bordi i Entit Rregullator t\u00eb Energjis\u00eb. Kjo rritje erdhi pas k\u00ebrkes\u00ebs s\u00eb OST p\u00ebr t\u00eb rishikuar tarif\u00ebn\u2026","rel":"","context":"In &quot;Blogu i Udh\u00ebtarit&quot;","block_context":{"text":"Blogu i Udh\u00ebtarit","link":"https:\/\/www.shqiperia.com\/blog\/category\/blogu-i-udhetarit\/"},"img":{"alt_text":"","src":"https:\/\/i0.wp.com\/www.shqiperia.com\/blog\/wp-content\/uploads\/2022\/04\/800-0-62568828055f3.jpg?fit=800%2C421&ssl=1&resize=350%2C200","width":350,"height":200,"srcset":"https:\/\/i0.wp.com\/www.shqiperia.com\/blog\/wp-content\/uploads\/2022\/04\/800-0-62568828055f3.jpg?fit=800%2C421&ssl=1&resize=350%2C200 1x, https:\/\/i0.wp.com\/www.shqiperia.com\/blog\/wp-content\/uploads\/2022\/04\/800-0-62568828055f3.jpg?fit=800%2C421&ssl=1&resize=525%2C300 1.5x, https:\/\/i0.wp.com\/www.shqiperia.com\/blog\/wp-content\/uploads\/2022\/04\/800-0-62568828055f3.jpg?fit=800%2C421&ssl=1&resize=700%2C400 2x"},"classes":[]},{"id":44203,"url":"https:\/\/www.shqiperia.com\/blog\/vendi-i-mbuluar-nga-bora-fshatra-te-bllokuara-rruge-te-pakalueshme-probleme-me-energjine-elektrike\/","url_meta":{"origin":86538,"position":2},"title":"Vendi i mbuluar nga bora \u2013 Fshatra t\u00eb bllokuara, rrug\u00eb t\u00eb pakalueshme, probleme me energjin\u00eb elektrike","author":"Kurt Farka","date":"February 14, 2021","format":false,"excerpt":"Vendi i mbuluar nga bora \u2013 Fshatra t\u00eb bllokuara, rrug\u00eb t\u00eb pakalueshme, probleme me energjin\u00eb elektrike - 14\/02\/21 Shqip\u00ebria \u00ebsht\u00eb zbardhur k\u00ebt\u00eb t\u00eb diel nga d\u00ebbora, nd\u00ebrsa ka shkaktuar problematika t\u00eb m\u00ebdha n\u00eb mjaft qarqe. Kruj\u00eb 3000 banor\u00eb jan\u00eb bllokuar n\u00eb Mal\u00ebsin\u00eb e Kruj\u00ebs, pasi d\u00ebbora n\u00eb rrug\u00eb ka shkuar\u2026","rel":"","context":"In &quot;Blogu i Udh\u00ebtarit&quot;","block_context":{"text":"Blogu i Udh\u00ebtarit","link":"https:\/\/www.shqiperia.com\/blog\/category\/blogu-i-udhetarit\/"},"img":{"alt_text":"","src":"https:\/\/i0.wp.com\/www.shqiperia.com\/blog\/wp-content\/uploads\/2021\/02\/697DCB1A-F3CE-4131-AEB2-9AD2405C2B7B-750x375-1.jpeg?fit=750%2C375&ssl=1&resize=350%2C200","width":350,"height":200,"srcset":"https:\/\/i0.wp.com\/www.shqiperia.com\/blog\/wp-content\/uploads\/2021\/02\/697DCB1A-F3CE-4131-AEB2-9AD2405C2B7B-750x375-1.jpeg?fit=750%2C375&ssl=1&resize=350%2C200 1x, https:\/\/i0.wp.com\/www.shqiperia.com\/blog\/wp-content\/uploads\/2021\/02\/697DCB1A-F3CE-4131-AEB2-9AD2405C2B7B-750x375-1.jpeg?fit=750%2C375&ssl=1&resize=525%2C300 1.5x, https:\/\/i0.wp.com\/www.shqiperia.com\/blog\/wp-content\/uploads\/2021\/02\/697DCB1A-F3CE-4131-AEB2-9AD2405C2B7B-750x375-1.jpeg?fit=750%2C375&ssl=1&resize=700%2C400 2x"},"classes":[]},{"id":91975,"url":"https:\/\/www.shqiperia.com\/blog\/nderprerja-e-energjise-elektrike-ne-spanje-autoritetet-shpallin-gjendjen-e-emergjences\/","url_meta":{"origin":86538,"position":3},"title":"Nd\u00ebrprerja e energjis\u00eb elektrike n\u00eb Spanj\u00eb, autoritetet shpallin gjendjen e emergjenc\u00ebs","author":"Kurt Farka","date":"April 28, 2025","format":false,"excerpt":"28 Prill 2025 Ministria e Brendshme e Spanj\u00ebs ka shpallur sot gjendjen e emergjenc\u00ebs, pas nj\u00eb nd\u00ebrprerjeje t\u00eb madhe t\u00eb energjis\u00eb elektrike q\u00eb ka p\u00ebrfshir\u00eb t\u00eb gjith\u00eb vendin, duke l\u00ebn\u00eb miliona qytetar\u00eb pa energji dhe duke paralizuar sektor\u00eb jetik\u00eb si transporti dhe telekomunikacioni. Sipas deklarat\u00ebs zyrtare, gjendja e emergjenc\u00ebs do\u2026","rel":"","context":"In &quot;Blogu i Udh\u00ebtarit&quot;","block_context":{"text":"Blogu i Udh\u00ebtarit","link":"https:\/\/www.shqiperia.com\/blog\/category\/blogu-i-udhetarit\/"},"img":{"alt_text":"","src":"https:\/\/i0.wp.com\/www.shqiperia.com\/blog\/wp-content\/uploads\/2025\/04\/spanje-1.jpg?fit=882%2C457&ssl=1&resize=350%2C200","width":350,"height":200,"srcset":"https:\/\/i0.wp.com\/www.shqiperia.com\/blog\/wp-content\/uploads\/2025\/04\/spanje-1.jpg?fit=882%2C457&ssl=1&resize=350%2C200 1x, https:\/\/i0.wp.com\/www.shqiperia.com\/blog\/wp-content\/uploads\/2025\/04\/spanje-1.jpg?fit=882%2C457&ssl=1&resize=525%2C300 1.5x, https:\/\/i0.wp.com\/www.shqiperia.com\/blog\/wp-content\/uploads\/2025\/04\/spanje-1.jpg?fit=882%2C457&ssl=1&resize=700%2C400 2x"},"classes":[]},{"id":61136,"url":"https:\/\/www.shqiperia.com\/blog\/kosova-nis-kufizimet-e-energjise-elektrike-autoritetet-nuk-kemi-mundesi-financiare-ta-blejme-nga-jashte\/","url_meta":{"origin":86538,"position":4},"title":"Kosova nis kufizimet e energjis\u00eb elektrike, autoritetet: &#8211; Nuk kemi mund\u00ebsi financiare ta blejm\u00eb nga jasht\u00eb","author":"Kurt Farka","date":"August 15, 2022","format":false,"excerpt":"15 Gusht 2022 Duke filluar nga sot qytetar\u00ebt e Kosov\u00ebs do t\u00eb p\u00ebrballen me reduktime t\u00eb energjis\u00eb elektrike, ka b\u00ebr\u00eb t\u00eb ditur Kompania Kosovare p\u00ebr Shp\u00ebrndarjen e Energjis\u00eb Elektrike (KEDS). Reduktimet, sipas KEDS-it, do t\u00eb nisi nga ora 08:00 dhe konsumator\u00ebt do t\u00eb ken\u00eb gjasht\u00eb or\u00eb energji elektrike dhe dy\u2026","rel":"","context":"In &quot;Blogu i Udh\u00ebtarit&quot;","block_context":{"text":"Blogu i Udh\u00ebtarit","link":"https:\/\/www.shqiperia.com\/blog\/category\/blogu-i-udhetarit\/"},"img":{"alt_text":"","src":"https:\/\/i0.wp.com\/www.shqiperia.com\/blog\/wp-content\/uploads\/2022\/08\/640-0-57229a7adaaa3b50b9dc996300b6e737.jpg?fit=640%2C384&ssl=1&resize=350%2C200","width":350,"height":200,"srcset":"https:\/\/i0.wp.com\/www.shqiperia.com\/blog\/wp-content\/uploads\/2022\/08\/640-0-57229a7adaaa3b50b9dc996300b6e737.jpg?fit=640%2C384&ssl=1&resize=350%2C200 1x, https:\/\/i0.wp.com\/www.shqiperia.com\/blog\/wp-content\/uploads\/2022\/08\/640-0-57229a7adaaa3b50b9dc996300b6e737.jpg?fit=640%2C384&ssl=1&resize=525%2C300 1.5x"},"classes":[]},{"id":50392,"url":"https:\/\/www.shqiperia.com\/blog\/shpallet-gjendja-e-emergjences-ne-furnizimin-me-energji-kesh-ost-dhe-oshee-pezullojne-investimet-zgjat-deri-ne-prill-2020\/","url_meta":{"origin":86538,"position":5},"title":"Shpallet gjendja e emergjenc\u00ebs n\u00eb furnizimin me energji: KESH, OST dhe OSHEE pezullojn\u00eb investimet. Zgjat deri n\u00eb prill 2020","author":"Kurt Farka","date":"October 8, 2021","format":false,"excerpt":"Shpallet gjendja e emergjenc\u00ebs n\u00eb furnizimin me energji: KESH, OST dhe OSHEE pezullojn\u00eb investimet. Zgjat deri n\u00eb prill 2020 8 TETOR 2021 \u00cbsht\u00eb publikuar n\u00eb faqen zyrtare t\u00eb kryeministris\u00eb, vendimi i qeveris\u00eb p\u00ebr shpalljen e gjendjes s\u00eb emergjenc\u00ebs n\u00eb furnizimin me energji elektrike. M\u00ebsohet se edhe kjo kriz\u00eb do t\u00eb\u2026","rel":"","context":"In &quot;Blogu i Udh\u00ebtarit&quot;","block_context":{"text":"Blogu i Udh\u00ebtarit","link":"https:\/\/www.shqiperia.com\/blog\/category\/blogu-i-udhetarit\/"},"img":{"alt_text":"","src":"https:\/\/i0.wp.com\/www.shqiperia.com\/blog\/wp-content\/uploads\/2021\/10\/energjia-elektrike.jpg?fit=1200%2C612&ssl=1&resize=350%2C200","width":350,"height":200,"srcset":"https:\/\/i0.wp.com\/www.shqiperia.com\/blog\/wp-content\/uploads\/2021\/10\/energjia-elektrike.jpg?fit=1200%2C612&ssl=1&resize=350%2C200 1x, https:\/\/i0.wp.com\/www.shqiperia.com\/blog\/wp-content\/uploads\/2021\/10\/energjia-elektrike.jpg?fit=1200%2C612&ssl=1&resize=525%2C300 1.5x, https:\/\/i0.wp.com\/www.shqiperia.com\/blog\/wp-content\/uploads\/2021\/10\/energjia-elektrike.jpg?fit=1200%2C612&ssl=1&resize=700%2C400 2x, https:\/\/i0.wp.com\/www.shqiperia.com\/blog\/wp-content\/uploads\/2021\/10\/energjia-elektrike.jpg?fit=1200%2C612&ssl=1&resize=1050%2C600 3x"},"classes":[]}],"_links":{"self":[{"href":"https:\/\/www.shqiperia.com\/blog\/wp-json\/wp\/v2\/posts\/86538","targetHints":{"allow":["GET"]}}],"collection":[{"href":"https:\/\/www.shqiperia.com\/blog\/wp-json\/wp\/v2\/posts"}],"about":[{"href":"https:\/\/www.shqiperia.com\/blog\/wp-json\/wp\/v2\/types\/post"}],"author":[{"embeddable":true,"href":"https:\/\/www.shqiperia.com\/blog\/wp-json\/wp\/v2\/users\/9"}],"replies":[{"embeddable":true,"href":"https:\/\/www.shqiperia.com\/blog\/wp-json\/wp\/v2\/comments?post=86538"}],"version-history":[{"count":1,"href":"https:\/\/www.shqiperia.com\/blog\/wp-json\/wp\/v2\/posts\/86538\/revisions"}],"predecessor-version":[{"id":86540,"href":"https:\/\/www.shqiperia.com\/blog\/wp-json\/wp\/v2\/posts\/86538\/revisions\/86540"}],"wp:featuredmedia":[{"embeddable":true,"href":"https:\/\/www.shqiperia.com\/blog\/wp-json\/wp\/v2\/media\/86539"}],"wp:attachment":[{"href":"https:\/\/www.shqiperia.com\/blog\/wp-json\/wp\/v2\/media?parent=86538"}],"wp:term":[{"taxonomy":"category","embeddable":true,"href":"https:\/\/www.shqiperia.com\/blog\/wp-json\/wp\/v2\/categories?post=86538"},{"taxonomy":"post_tag","embeddable":true,"href":"https:\/\/www.shqiperia.com\/blog\/wp-json\/wp\/v2\/tags?post=86538"}],"curies":[{"name":"wp","href":"https:\/\/api.w.org\/{rel}","templated":true}]}}