{"id":86528,"date":"2024-11-20T04:51:58","date_gmt":"2024-11-20T04:51:58","guid":{"rendered":"https:\/\/www.shqiperia.com\/blog\/?p=86528"},"modified":"2024-11-20T04:51:58","modified_gmt":"2024-11-20T04:51:58","slug":"dorezohet-shqiperia-kuqezinjte-pesojne-disfate-ndaj-ukraines-dhe-bien-nga-liga-b","status":"publish","type":"post","link":"https:\/\/www.shqiperia.com\/blog\/dorezohet-shqiperia-kuqezinjte-pesojne-disfate-ndaj-ukraines-dhe-bien-nga-liga-b\/","title":{"rendered":"Dor\u00ebzohet Shqip\u00ebria, kuqezinjt\u00eb p\u00ebsojn\u00eb disfat\u00eb ndaj Ukrain\u00ebs dhe bien nga Liga B"},"content":{"rendered":"<p><img data-recalc-dims=\"1\" loading=\"lazy\" decoding=\"async\" data-attachment-id=\"86529\" data-permalink=\"https:\/\/www.shqiperia.com\/blog\/dorezohet-shqiperia-kuqezinjte-pesojne-disfate-ndaj-ukraines-dhe-bien-nga-liga-b\/2d1e6f72-ac3a-4fac-b3c2-2f45fdbd57b3-1536x1115\/\" data-orig-file=\"https:\/\/i0.wp.com\/www.shqiperia.com\/blog\/wp-content\/uploads\/2024\/11\/2d1e6f72-ac3a-4fac-b3c2-2f45fdbd57b3-1536x1115-1.jpg?fit=1536%2C1115&amp;ssl=1\" data-orig-size=\"1536,1115\" data-comments-opened=\"1\" data-image-meta=\"{&quot;aperture&quot;:&quot;0&quot;,&quot;credit&quot;:&quot;&quot;,&quot;camera&quot;:&quot;&quot;,&quot;caption&quot;:&quot;&quot;,&quot;created_timestamp&quot;:&quot;0&quot;,&quot;copyright&quot;:&quot;&quot;,&quot;focal_length&quot;:&quot;0&quot;,&quot;iso&quot;:&quot;0&quot;,&quot;shutter_speed&quot;:&quot;0&quot;,&quot;title&quot;:&quot;&quot;,&quot;orientation&quot;:&quot;0&quot;}\" data-image-title=\"2d1e6f72-ac3a-4fac-b3c2-2f45fdbd57b3-1536&#215;1115\" data-image-description=\"\" data-image-caption=\"\" data-medium-file=\"https:\/\/i0.wp.com\/www.shqiperia.com\/blog\/wp-content\/uploads\/2024\/11\/2d1e6f72-ac3a-4fac-b3c2-2f45fdbd57b3-1536x1115-1.jpg?fit=300%2C218&amp;ssl=1\" data-large-file=\"https:\/\/i0.wp.com\/www.shqiperia.com\/blog\/wp-content\/uploads\/2024\/11\/2d1e6f72-ac3a-4fac-b3c2-2f45fdbd57b3-1536x1115-1.jpg?fit=1024%2C743&amp;ssl=1\" class=\"alignnone  wp-image-86529\" alt=\"\" src=\"https:\/\/i0.wp.com\/www.shqiperia.com\/blog\/wp-content\/uploads\/2024\/11\/2d1e6f72-ac3a-4fac-b3c2-2f45fdbd57b3-1536x1115-1.jpg?resize=729%2C530&#038;ssl=1\" width=\"729\" height=\"530\" srcset=\"https:\/\/i0.wp.com\/www.shqiperia.com\/blog\/wp-content\/uploads\/2024\/11\/2d1e6f72-ac3a-4fac-b3c2-2f45fdbd57b3-1536x1115-1.jpg?resize=300%2C218&amp;ssl=1 300w, https:\/\/i0.wp.com\/www.shqiperia.com\/blog\/wp-content\/uploads\/2024\/11\/2d1e6f72-ac3a-4fac-b3c2-2f45fdbd57b3-1536x1115-1.jpg?resize=1024%2C743&amp;ssl=1 1024w, https:\/\/i0.wp.com\/www.shqiperia.com\/blog\/wp-content\/uploads\/2024\/11\/2d1e6f72-ac3a-4fac-b3c2-2f45fdbd57b3-1536x1115-1.jpg?resize=768%2C558&amp;ssl=1 768w, https:\/\/i0.wp.com\/www.shqiperia.com\/blog\/wp-content\/uploads\/2024\/11\/2d1e6f72-ac3a-4fac-b3c2-2f45fdbd57b3-1536x1115-1.jpg?resize=450%2C327&amp;ssl=1 450w, https:\/\/i0.wp.com\/www.shqiperia.com\/blog\/wp-content\/uploads\/2024\/11\/2d1e6f72-ac3a-4fac-b3c2-2f45fdbd57b3-1536x1115-1.jpg?resize=600%2C436&amp;ssl=1 600w, https:\/\/i0.wp.com\/www.shqiperia.com\/blog\/wp-content\/uploads\/2024\/11\/2d1e6f72-ac3a-4fac-b3c2-2f45fdbd57b3-1536x1115-1.jpg?resize=1500%2C1089&amp;ssl=1 1500w, https:\/\/i0.wp.com\/www.shqiperia.com\/blog\/wp-content\/uploads\/2024\/11\/2d1e6f72-ac3a-4fac-b3c2-2f45fdbd57b3-1536x1115-1.jpg?resize=1300%2C944&amp;ssl=1 1300w, https:\/\/i0.wp.com\/www.shqiperia.com\/blog\/wp-content\/uploads\/2024\/11\/2d1e6f72-ac3a-4fac-b3c2-2f45fdbd57b3-1536x1115-1.jpg?resize=400%2C290&amp;ssl=1 400w, https:\/\/i0.wp.com\/www.shqiperia.com\/blog\/wp-content\/uploads\/2024\/11\/2d1e6f72-ac3a-4fac-b3c2-2f45fdbd57b3-1536x1115-1.jpg?w=1536&amp;ssl=1 1536w\" sizes=\"auto, (max-width: 729px) 100vw, 729px\" \/><\/p>\n<p>20 Nentor 2024<\/p>\n<p>Shqip\u00ebria p\u00ebsoi disfat\u00eb 1-2 ndaj Ukrain\u00ebs n\u00eb \u201cStadiumin Komb\u00ebtar\u201d, duke u renditur n\u00eb vendin e fundit n\u00eb Nations League n\u00eb League B dhe duke r\u00ebn\u00eb k\u00ebshtu nga liga.<\/p>\n<p>Ndeshja nisi me nj\u00eb minut\u00eb heshtje, n\u00eb nderim t\u00eb djaloshit t\u00eb mitur 14 vje\u00e7ar Martin Cani, i cili humbi jet\u00ebn dit\u00ebn e djeshme, pran\u00eb shkoll\u00ebs \u201cFan Noli\u201d, pas nj\u00eb konflikti me nj\u00eb bashk\u00ebmoshatarin e tij.<\/p>\n<p>Ndeshja nisi n\u00eb m\u00ebnyr\u00ebn m\u00eb t\u00eb keqe t\u00eb mundshme p\u00ebr skuadr\u00ebn ton\u00eb p\u00ebrfaq\u00ebsuese. Ishte minuta e 5, kur nj\u00eb aksion n\u00eb dukje pa pretendime i miqve u konkludua me gol. Ishte nj\u00eb goditje brenda zon\u00ebs e Yaremchuk q\u00eb u devijua nga Ismajli dhe m\u00eb pas Zinchenko me t\u00eb majt\u00ebn e ndali n\u00eb cepin e djatht\u00eb, duke mposhtur Strakosh\u00ebn.<\/p>\n<p>Por makthi i fillimit p\u00ebr kuqezinjt\u00eb nuk u ndal k\u00ebtu, pasi 5 minuta m\u00eb pas miqt\u00eb b\u00ebjn\u00eb \u00e7\u2019t\u00eb duan n\u00eb zon\u00ebn ton\u00eb, teksa ishte vet\u00eb Yaremchuk, q\u00eb asistohet me kok\u00eb nga Konoplya dhe e shef veten t\u00eb \u00e7\u2019markuar p\u00ebr t\u00eb sh\u00ebnuar nj\u00eb gol shum\u00eb t\u00eb thjesht\u00eb. 10 minuta loj\u00eb dhe tan\u00ebt e shohin veten n\u00eb disavantazh t\u00eb dy golave.<br \/>\nReagimi i par\u00eb i skuadr\u00ebs ton\u00eb erdhi pas nj\u00eb godtije nga La\u00e7i, n\u00eb nj\u00eb pozicion diagonal me port\u00ebn, por goditja e mesfushorit preku rrjet\u00ebn e jashtme. Pjesa e par\u00eb u mbyll me shifrat 0-2 n\u00eb favor t\u00eb ukrainasve, me nj\u00eb loj\u00eb tep\u00ebr t\u00eb vak\u00ebt t\u00eb kuqezinjve.<\/p>\n<p>Pjesa e dyt\u00eb nis menj\u00ebher\u00eb me ndryshime n\u00eb formacion, me Sylvinhon q\u00eb largon Asanin e Dakun t\u00ebr\u00ebsisht n\u00eb hije dhe aktivizon Bajramin e Uzunin, p\u00ebr t\u2019i dh\u00ebn\u00eb m\u00eb shum\u00eb freski sulmit nga krah\u00ebt. 7 minuta m\u00eb von\u00eb edhe Muci i cili ndjen nj\u00eb shqet\u00ebsim z\u00ebvend\u00ebsohet, me Arb\u00ebr Hoxh\u00ebn q\u00eb merr vendin e tij. Uzuni ishte i pari q\u00eb provoi n\u00eb minut\u00ebn e 58 por goditja e tij me t\u00eb majt\u00ebn p\u00ebrfundoi pak mbi kuadrat. Minuta e 74 ishte de\u00e7izive teksa Uzuni mb\u00ebrrin para Trubin tek topi, me k\u00ebt\u00eb t\u00eb fundit q\u00eb shkaktoi nj\u00eb 11 met\u00ebrsh. Penalltin\u00eb e mori p\u00ebrsip\u00ebr Bajrami, i cili u tregua gjakftoht\u00eb p\u00ebr golin e 1-2. Ishte s\u00ebrish Bajrami q\u00eb i\u2019u afrua golit t\u00eb barazimit 3 minuta m\u00eb von\u00eb, por e majta e numrit 10 p\u00ebrfundoi pak mbi kuadrat.<\/p>\n<p>5 minutat shtes\u00eb t\u00eb akorduara nga arbitri portugez Pinheiro nuk dhuruan asgj\u00eb, me miqt\u00eb q\u00eb i\u2019u afruan golit t\u00eb tret\u00eb, por Strakosha neutralizoi gjith\u00e7ka.<\/p>\n<p>P\u00ebrfundimisht n\u00eb kryeqytet mundemi 1-2 ndaj Ukrain\u00ebs, q\u00eb na parakalon n\u00eb renditjen p\u00ebrfundimtare t\u00eb Grupit B1, duke b\u00ebr\u00eb q\u00eb kuqezinjt\u00eb tan\u00eb t\u00eb bien n\u00eb Lig\u00ebn C t\u00eb k\u00ebtij kompeticioni.<\/p>\n<p>Gazeta Panorama<\/p>\n","protected":false},"excerpt":{"rendered":"<p>20 Nentor 2024 Shqip\u00ebria p\u00ebsoi disfat\u00eb 1-2 ndaj Ukrain\u00ebs n\u00eb \u201cStadiumin Komb\u00ebtar\u201d, duke u renditur n\u00eb vendin e fundit n\u00eb Nations League n\u00eb League B dhe duke r\u00ebn\u00eb k\u00ebshtu nga liga. Ndeshja nisi me nj\u00eb minut\u00eb heshtje, n\u00eb nderim t\u00eb djaloshit t\u00eb mitur 14 vje\u00e7ar Martin Cani, i cili humbi jet\u00ebn dit\u00ebn e djeshme, pran\u00eb [&hellip;]<\/p>\n","protected":false},"author":9,"featured_media":86529,"comment_status":"open","ping_status":"open","sticky":false,"template":"","format":"standard","meta":{"jetpack_post_was_ever_published":false,"_jetpack_newsletter_access":"","_jetpack_dont_email_post_to_subs":false,"_jetpack_newsletter_tier_id":0,"_jetpack_memberships_contains_paywalled_content":false,"_jetpack_memberships_contains_paid_content":false,"footnotes":"","jetpack_publicize_message":"","jetpack_publicize_feature_enabled":true,"jetpack_social_post_already_shared":true,"jetpack_social_options":{"image_generator_settings":{"template":"highway","default_image_id":0,"font":"","enabled":false},"version":2}},"categories":[27,35],"tags":[],"class_list":["post-86528","post","type-post","status-publish","format-standard","has-post-thumbnail","hentry","category-blogu-i-udhetarit","category-shoqerore"],"jetpack_publicize_connections":[],"jetpack_featured_media_url":"https:\/\/i0.wp.com\/www.shqiperia.com\/blog\/wp-content\/uploads\/2024\/11\/2d1e6f72-ac3a-4fac-b3c2-2f45fdbd57b3-1536x1115-1.jpg?fit=1536%2C1115&ssl=1","jetpack_sharing_enabled":true,"jetpack_shortlink":"https:\/\/wp.me\/p5Z6wp-mvC","jetpack-related-posts":[{"id":94936,"url":"https:\/\/www.shqiperia.com\/blog\/shqiperia-i-reziston-anglise-per-74-minuta-por-thyhet-nga-nje-gol-i-vonshem\/","url_meta":{"origin":86528,"position":0},"title":"Shqip\u00ebria i reziston Anglis\u00eb p\u00ebr 74 minuta, por thyhet pas disa rasteve t\u00eb pastra","author":"Armand B","date":"November 16, 2025","format":false,"excerpt":"Shqip\u00ebria zhvilloi nj\u00eb nga paraqitjet m\u00eb luftarake n\u00eb fush\u00eb, duke e mbajtur Anglin\u00eb n\u00eb barazim pa gola p\u00ebr 74 minuta n\u00eb \u201cAir Albania\u201d, p\u00ebrpara se nj\u00eb rast i pafat t'i hapte rrug\u00ebn e fitores 2-0 ekipit Anglez. Kuqezinjt\u00eb hyn\u00eb n\u00eb fush\u00eb me vendosm\u00ebri, disiplin\u00eb dhe nj\u00eb organizim mbres\u00ebl\u00ebn\u00ebs n\u00eb mbrojtje.\u2026","rel":"","context":"In &quot;Shoqerore&quot;","block_context":{"text":"Shoqerore","link":"https:\/\/www.shqiperia.com\/blog\/category\/shoqerore\/"},"img":{"alt_text":"Anglia shenon ndaj Shqiperise Creidt Getty","src":"https:\/\/i0.wp.com\/www.shqiperia.com\/blog\/wp-content\/uploads\/2025\/11\/harry-kane-england-scores-teams.jpg?fit=960%2C640&ssl=1&resize=350%2C200","width":350,"height":200,"srcset":"https:\/\/i0.wp.com\/www.shqiperia.com\/blog\/wp-content\/uploads\/2025\/11\/harry-kane-england-scores-teams.jpg?fit=960%2C640&ssl=1&resize=350%2C200 1x, https:\/\/i0.wp.com\/www.shqiperia.com\/blog\/wp-content\/uploads\/2025\/11\/harry-kane-england-scores-teams.jpg?fit=960%2C640&ssl=1&resize=525%2C300 1.5x, https:\/\/i0.wp.com\/www.shqiperia.com\/blog\/wp-content\/uploads\/2025\/11\/harry-kane-england-scores-teams.jpg?fit=960%2C640&ssl=1&resize=700%2C400 2x"},"classes":[]},{"id":94925,"url":"https:\/\/www.shqiperia.com\/blog\/kosova-ndryshe-nga-shqiperia-ka-edhe-nje-shans-per-te-shkuar-direkt-ne-boteror-ja-cfare-thone-perllogaritjet\/","url_meta":{"origin":86528,"position":1},"title":"Kosova ndryshe nga Shqip\u00ebria, ka edhe nj\u00eb shans p\u00ebr t\u00eb shkuar direkt n\u00eb Bot\u00ebror, ja \u00e7far\u00eb thon\u00eb p\u00ebrllogaritjet\u2026","author":"Kurt Farka","date":"November 16, 2025","format":false,"excerpt":"16 Nentor 2025 Pas fitore 2-0 ndaj Sllovenis\u00eb n\u00eb Lubjan\u00eb, Kosova ka siguruar matematikisht play-offin p\u00ebr Kup\u00ebn e Bot\u00ebs 2026, nj\u00eb sukses historik edhe p\u00ebr ta. Megjithat\u00eb, \u00ebndrra p\u00ebr nj\u00eb kualifikim direkt n\u00eb Bot\u00ebror mbetet aty p\u00ebr Dardan\u00ebt, ndryshe nga kuqezinjt\u00eb q\u00eb nuk kan\u00eb asnj\u00eb shpres\u00eb p\u00ebr vendin e pare.\u2026","rel":"","context":"In &quot;Blogu i Udh\u00ebtarit&quot;","block_context":{"text":"Blogu i Udh\u00ebtarit","link":"https:\/\/www.shqiperia.com\/blog\/category\/blogu-i-udhetarit\/"},"img":{"alt_text":"","src":"https:\/\/i0.wp.com\/www.shqiperia.com\/blog\/wp-content\/uploads\/2025\/11\/asllani_sd-1.jpg?fit=1200%2C675&ssl=1&resize=350%2C200","width":350,"height":200,"srcset":"https:\/\/i0.wp.com\/www.shqiperia.com\/blog\/wp-content\/uploads\/2025\/11\/asllani_sd-1.jpg?fit=1200%2C675&ssl=1&resize=350%2C200 1x, https:\/\/i0.wp.com\/www.shqiperia.com\/blog\/wp-content\/uploads\/2025\/11\/asllani_sd-1.jpg?fit=1200%2C675&ssl=1&resize=525%2C300 1.5x, https:\/\/i0.wp.com\/www.shqiperia.com\/blog\/wp-content\/uploads\/2025\/11\/asllani_sd-1.jpg?fit=1200%2C675&ssl=1&resize=700%2C400 2x, https:\/\/i0.wp.com\/www.shqiperia.com\/blog\/wp-content\/uploads\/2025\/11\/asllani_sd-1.jpg?fit=1200%2C675&ssl=1&resize=1050%2C600 3x"},"classes":[]},{"id":94232,"url":"https:\/\/www.shqiperia.com\/blog\/shqiponjat-fluturojne-ne-serbi-fitore-historike-e-kuqezinjve-manaj-hakmerret-mbajme-gjalle-endrren-per-ne-boteror\/","url_meta":{"origin":86528,"position":2},"title":"Shqiponjat fluturojn\u00eb n\u00eb Serbi, fitore historike e kuqezinjve. Manaj \u201chakmerret\u201d, mbajm\u00eb gjall\u00eb \u00ebndrr\u00ebn p\u00ebr n\u00eb Bot\u00ebror","author":"Kurt Farka","date":"October 12, 2025","format":false,"excerpt":"12 Tetor 2025 Hakmarrja \u00ebsht\u00eb nj\u00eb pjat\u00eb q\u00eb sh\u00ebrbehet e ftoht\u00eb. Shqip\u00ebria mori hak p\u00ebr at\u00eb dhun\u00eb t\u00eb paprecedent\u00eb 11 vite m\u00eb par\u00eb. Manaj mori hak p\u00ebr at\u00eb penallti t\u00eb humbur. Kuqezinjt\u00eb marrin nj\u00eb fitore historike dhe mbajn\u00eb gjall\u00eb \u00ebndrr\u00ebn p\u00ebr n\u00eb Bot\u00ebror. Sfida e luajtur n\u00eb tok\u00ebn serbe solli\u2026","rel":"","context":"In &quot;Blogu i Udh\u00ebtarit&quot;","block_context":{"text":"Blogu i Udh\u00ebtarit","link":"https:\/\/www.shqiperia.com\/blog\/category\/blogu-i-udhetarit\/"},"img":{"alt_text":"","src":"https:\/\/i0.wp.com\/www.shqiperia.com\/blog\/wp-content\/uploads\/2025\/10\/560544793_1241240831371755_7321518889391426916_n_sd.jpg?fit=1200%2C675&ssl=1&resize=350%2C200","width":350,"height":200,"srcset":"https:\/\/i0.wp.com\/www.shqiperia.com\/blog\/wp-content\/uploads\/2025\/10\/560544793_1241240831371755_7321518889391426916_n_sd.jpg?fit=1200%2C675&ssl=1&resize=350%2C200 1x, https:\/\/i0.wp.com\/www.shqiperia.com\/blog\/wp-content\/uploads\/2025\/10\/560544793_1241240831371755_7321518889391426916_n_sd.jpg?fit=1200%2C675&ssl=1&resize=525%2C300 1.5x, https:\/\/i0.wp.com\/www.shqiperia.com\/blog\/wp-content\/uploads\/2025\/10\/560544793_1241240831371755_7321518889391426916_n_sd.jpg?fit=1200%2C675&ssl=1&resize=700%2C400 2x, https:\/\/i0.wp.com\/www.shqiperia.com\/blog\/wp-content\/uploads\/2025\/10\/560544793_1241240831371755_7321518889391426916_n_sd.jpg?fit=1200%2C675&ssl=1&resize=1050%2C600 3x"},"classes":[]},{"id":93670,"url":"https:\/\/www.shqiperia.com\/blog\/shqiperia-jo-ne-beograd-federata-serbe-kerkese-ne-uefa-te-luajme-ne-leskovac\/","url_meta":{"origin":86528,"position":3},"title":"Shqip\u00ebria jo n\u00eb Beograd\/ Federata Serbe k\u00ebrkes\u00eb n\u00eb UEFA: T\u00eb luajm\u00eb n\u00eb Leskovac","author":"Kurt Farka","date":"September 12, 2025","format":false,"excerpt":"12 Shtator 2025 Alarmi tashm\u00eb \u00ebsht\u00eb n\u00eb kulm. Federata Serbe e Futbollit nuk d\u00ebshiron n\u00eb asnj\u00eb m\u00ebnyr\u00eb q\u00eb ndeshja ndaj Shqip\u00ebris\u00eb n\u00eb 11 tetor, p\u00ebr eliminatoret e Kup\u00ebs s\u00eb Bot\u00ebs, t\u00eb luhet n\u00eb Beograd. Edhe pse ishte vet\u00eb kjo Federat\u00eb q\u00eb vendosi q\u00eb duelet kund\u00ebr Anglis\u00eb e Shqip\u00ebris\u00eb t\u00eb zhvendoseshin\u2026","rel":"","context":"In &quot;Blogu i Udh\u00ebtarit&quot;","block_context":{"text":"Blogu i Udh\u00ebtarit","link":"https:\/\/www.shqiperia.com\/blog\/category\/blogu-i-udhetarit\/"},"img":{"alt_text":"","src":"https:\/\/i0.wp.com\/www.shqiperia.com\/blog\/wp-content\/uploads\/2025\/09\/IMG_0498-1140x570-1.jpeg?fit=1140%2C570&ssl=1&resize=350%2C200","width":350,"height":200,"srcset":"https:\/\/i0.wp.com\/www.shqiperia.com\/blog\/wp-content\/uploads\/2025\/09\/IMG_0498-1140x570-1.jpeg?fit=1140%2C570&ssl=1&resize=350%2C200 1x, https:\/\/i0.wp.com\/www.shqiperia.com\/blog\/wp-content\/uploads\/2025\/09\/IMG_0498-1140x570-1.jpeg?fit=1140%2C570&ssl=1&resize=525%2C300 1.5x, https:\/\/i0.wp.com\/www.shqiperia.com\/blog\/wp-content\/uploads\/2025\/09\/IMG_0498-1140x570-1.jpeg?fit=1140%2C570&ssl=1&resize=700%2C400 2x, https:\/\/i0.wp.com\/www.shqiperia.com\/blog\/wp-content\/uploads\/2025\/09\/IMG_0498-1140x570-1.jpeg?fit=1140%2C570&ssl=1&resize=1050%2C600 3x"},"classes":[]},{"id":94921,"url":"https:\/\/www.shqiperia.com\/blog\/kosova-mund-sllovenine-dhe-i-bashkohet-shqiperise-ne-play-off-in-e-boterorit\/","url_meta":{"origin":86528,"position":4},"title":"Kosova mund Sllovenin\u00eb dhe i bashkohet Shqip\u00ebris\u00eb n\u00eb play off-in e Bot\u00ebrorit","author":"Kurt Farka","date":"November 16, 2025","format":false,"excerpt":"16 Nentor 2025 Shqiptar\u00ebt vijojn\u00eb t\u00eb shkruajn\u00eb historin\u00eb. Dy dit\u00eb pas arritjes s\u00eb Shqip\u00ebris\u00eb n\u00eb play off-in e Bot\u00ebrorit, t\u00eb nj\u00ebjt\u00ebn arritje e b\u00ebri dhe Kosova. \u201cDardan\u00ebve\u201d u mjaftonte vet\u00ebm nj\u00eb pik\u00eb p\u00ebrball\u00eb Slovenis\u00eb, por ata shkuan n\u00eb Ljubljan\u00eb dhe mor\u00ebn maksimumin, duke triumfuar 0-2. Sfida nisi n\u00eb m\u00ebnyr\u00eb t\u00eb\u2026","rel":"","context":"In &quot;Blogu i Udh\u00ebtarit&quot;","block_context":{"text":"Blogu i Udh\u00ebtarit","link":"https:\/\/www.shqiperia.com\/blog\/category\/blogu-i-udhetarit\/"},"img":{"alt_text":"","src":"https:\/\/i0.wp.com\/www.shqiperia.com\/blog\/wp-content\/uploads\/2025\/11\/Slloveni-Kosove-0-2-Boterori-2026.webp?fit=900%2C521&ssl=1&resize=350%2C200","width":350,"height":200,"srcset":"https:\/\/i0.wp.com\/www.shqiperia.com\/blog\/wp-content\/uploads\/2025\/11\/Slloveni-Kosove-0-2-Boterori-2026.webp?fit=900%2C521&ssl=1&resize=350%2C200 1x, https:\/\/i0.wp.com\/www.shqiperia.com\/blog\/wp-content\/uploads\/2025\/11\/Slloveni-Kosove-0-2-Boterori-2026.webp?fit=900%2C521&ssl=1&resize=525%2C300 1.5x, https:\/\/i0.wp.com\/www.shqiperia.com\/blog\/wp-content\/uploads\/2025\/11\/Slloveni-Kosove-0-2-Boterori-2026.webp?fit=900%2C521&ssl=1&resize=700%2C400 2x"},"classes":[]},{"id":54278,"url":"https:\/\/www.shqiperia.com\/blog\/putin-sfidon-perendimin-njeh-pavaresine-e-dy-rajoneve-ukraina-u-krijua-nga-lenini-pas-renies-se-bllokut-rusia-u-grabit\/","url_meta":{"origin":86528,"position":5},"title":"Putin sfidon Per\u00ebndimin njeh pavar\u00ebsin\u00eb e dy rajoneve: Ukraina u krijua nga Lenini, pas r\u00ebnies s\u00eb bllokut Rusia u grabit","author":"Kurt Farka","date":"February 21, 2022","format":false,"excerpt":"Putin sfidon Per\u00ebndimin njeh pavar\u00ebsin\u00eb e dy rajoneve: Ukraina u krijua nga Lenini, pas r\u00ebnies s\u00eb bllokut Rusia u grabit 21 SHKURT 2022 Vladimir Putin n\u00eb nj\u00eb fjalim t\u00eb gjat\u00eb p\u00ebrpara kombit ka sifduar Per\u00ebndimin duke u shpreh se i ka k\u00ebrkuar Asambles\u00eb njohjen e pavar\u00ebsis\u00eb s\u00eb rajonit Donbasit. Ky\u2026","rel":"","context":"In &quot;Blogu i Udh\u00ebtarit&quot;","block_context":{"text":"Blogu i Udh\u00ebtarit","link":"https:\/\/www.shqiperia.com\/blog\/category\/blogu-i-udhetarit\/"},"img":{"alt_text":"","src":"https:\/\/i0.wp.com\/www.shqiperia.com\/blog\/wp-content\/uploads\/2022\/02\/Putini.jpg?fit=640%2C324&ssl=1&resize=350%2C200","width":350,"height":200,"srcset":"https:\/\/i0.wp.com\/www.shqiperia.com\/blog\/wp-content\/uploads\/2022\/02\/Putini.jpg?fit=640%2C324&ssl=1&resize=350%2C200 1x, https:\/\/i0.wp.com\/www.shqiperia.com\/blog\/wp-content\/uploads\/2022\/02\/Putini.jpg?fit=640%2C324&ssl=1&resize=525%2C300 1.5x"},"classes":[]}],"_links":{"self":[{"href":"https:\/\/www.shqiperia.com\/blog\/wp-json\/wp\/v2\/posts\/86528","targetHints":{"allow":["GET"]}}],"collection":[{"href":"https:\/\/www.shqiperia.com\/blog\/wp-json\/wp\/v2\/posts"}],"about":[{"href":"https:\/\/www.shqiperia.com\/blog\/wp-json\/wp\/v2\/types\/post"}],"author":[{"embeddable":true,"href":"https:\/\/www.shqiperia.com\/blog\/wp-json\/wp\/v2\/users\/9"}],"replies":[{"embeddable":true,"href":"https:\/\/www.shqiperia.com\/blog\/wp-json\/wp\/v2\/comments?post=86528"}],"version-history":[{"count":1,"href":"https:\/\/www.shqiperia.com\/blog\/wp-json\/wp\/v2\/posts\/86528\/revisions"}],"predecessor-version":[{"id":86530,"href":"https:\/\/www.shqiperia.com\/blog\/wp-json\/wp\/v2\/posts\/86528\/revisions\/86530"}],"wp:featuredmedia":[{"embeddable":true,"href":"https:\/\/www.shqiperia.com\/blog\/wp-json\/wp\/v2\/media\/86529"}],"wp:attachment":[{"href":"https:\/\/www.shqiperia.com\/blog\/wp-json\/wp\/v2\/media?parent=86528"}],"wp:term":[{"taxonomy":"category","embeddable":true,"href":"https:\/\/www.shqiperia.com\/blog\/wp-json\/wp\/v2\/categories?post=86528"},{"taxonomy":"post_tag","embeddable":true,"href":"https:\/\/www.shqiperia.com\/blog\/wp-json\/wp\/v2\/tags?post=86528"}],"curies":[{"name":"wp","href":"https:\/\/api.w.org\/{rel}","templated":true}]}}