{"id":85932,"date":"2024-10-31T01:51:25","date_gmt":"2024-10-31T01:51:25","guid":{"rendered":"https:\/\/www.shqiperia.com\/blog\/?p=85932"},"modified":"2024-10-31T01:51:25","modified_gmt":"2024-10-31T01:51:25","slug":"nga-banakierja-e-don-boskos-te-kamarieri-i-memaliajt-dhe-gruaja-e-shkodres-viktimat-e-pafajshme-qe-krimi-u-ka-marre-jeten","status":"publish","type":"post","link":"https:\/\/www.shqiperia.com\/blog\/nga-banakierja-e-don-boskos-te-kamarieri-i-memaliajt-dhe-gruaja-e-shkodres-viktimat-e-pafajshme-qe-krimi-u-ka-marre-jeten\/","title":{"rendered":"Nga banakierja e Don Boskos te kamarieri i Memaliajt dhe gruaja e Shkodr\u00ebs, viktimat e pafajshme q\u00eb krimi u ka marr\u00eb jet\u00ebn"},"content":{"rendered":"<p><img data-recalc-dims=\"1\" loading=\"lazy\" decoding=\"async\" data-attachment-id=\"85933\" data-permalink=\"https:\/\/www.shqiperia.com\/blog\/nga-banakierja-e-don-boskos-te-kamarieri-i-memaliajt-dhe-gruaja-e-shkodres-viktimat-e-pafajshme-qe-krimi-u-ka-marre-jeten\/atentati-ne-dobrac1\/\" data-orig-file=\"https:\/\/i0.wp.com\/www.shqiperia.com\/blog\/wp-content\/uploads\/2024\/10\/atentati-ne-Dobrac1.jpg?fit=903%2C591&amp;ssl=1\" data-orig-size=\"903,591\" data-comments-opened=\"1\" data-image-meta=\"{&quot;aperture&quot;:&quot;0&quot;,&quot;credit&quot;:&quot;&quot;,&quot;camera&quot;:&quot;&quot;,&quot;caption&quot;:&quot;&quot;,&quot;created_timestamp&quot;:&quot;0&quot;,&quot;copyright&quot;:&quot;&quot;,&quot;focal_length&quot;:&quot;0&quot;,&quot;iso&quot;:&quot;0&quot;,&quot;shutter_speed&quot;:&quot;0&quot;,&quot;title&quot;:&quot;&quot;,&quot;orientation&quot;:&quot;0&quot;}\" data-image-title=\"atentati-ne-Dobrac1\" data-image-description=\"\" data-image-caption=\"\" data-medium-file=\"https:\/\/i0.wp.com\/www.shqiperia.com\/blog\/wp-content\/uploads\/2024\/10\/atentati-ne-Dobrac1.jpg?fit=300%2C196&amp;ssl=1\" data-large-file=\"https:\/\/i0.wp.com\/www.shqiperia.com\/blog\/wp-content\/uploads\/2024\/10\/atentati-ne-Dobrac1.jpg?fit=903%2C591&amp;ssl=1\" class=\"alignnone  wp-image-85933\" alt=\"\" src=\"https:\/\/i0.wp.com\/www.shqiperia.com\/blog\/wp-content\/uploads\/2024\/10\/atentati-ne-Dobrac1.jpg?resize=693%2C453&#038;ssl=1\" width=\"693\" height=\"453\" srcset=\"https:\/\/i0.wp.com\/www.shqiperia.com\/blog\/wp-content\/uploads\/2024\/10\/atentati-ne-Dobrac1.jpg?resize=300%2C196&amp;ssl=1 300w, https:\/\/i0.wp.com\/www.shqiperia.com\/blog\/wp-content\/uploads\/2024\/10\/atentati-ne-Dobrac1.jpg?resize=768%2C503&amp;ssl=1 768w, https:\/\/i0.wp.com\/www.shqiperia.com\/blog\/wp-content\/uploads\/2024\/10\/atentati-ne-Dobrac1.jpg?resize=450%2C295&amp;ssl=1 450w, https:\/\/i0.wp.com\/www.shqiperia.com\/blog\/wp-content\/uploads\/2024\/10\/atentati-ne-Dobrac1.jpg?resize=600%2C393&amp;ssl=1 600w, https:\/\/i0.wp.com\/www.shqiperia.com\/blog\/wp-content\/uploads\/2024\/10\/atentati-ne-Dobrac1.jpg?resize=400%2C262&amp;ssl=1 400w, https:\/\/i0.wp.com\/www.shqiperia.com\/blog\/wp-content\/uploads\/2024\/10\/atentati-ne-Dobrac1.jpg?w=903&amp;ssl=1 903w\" sizes=\"auto, (max-width: 693px) 100vw, 693px\" \/><\/p>\n<p>31 Tetor 2024<\/p>\n<p>Krimi nuk kursen as t\u00eb pafajshmit. Nj\u00eb tjet\u00ebr atentat mafioz n\u00eb Shqip\u00ebri shkaktoi nj\u00eb viktim\u00eb q\u00eb nuk ka lidhje me larjen e hesapeve mes grupeve kriminale, por u gjend n\u00eb vendin dhe koh\u00ebn e gabuar. Flutra Basha humbi jet\u00ebn pasi nj\u00eb automjet i b\u00ebr\u00eb \u201cshosh\u00eb\u201d nga plumbat doli jasht\u00eb kontrollit dhe goditi motorin ku udh\u00ebtonte ajo s\u00eb bashku me bashk\u00ebshortin. Goditja rezultoi fatale p\u00ebr gruan, nd\u00ebrsa burri i saj, Bashkim Basha p\u00ebrfundoi n\u00eb spital n\u00eb gjendje t\u00eb r\u00ebnd\u00eb. Bilanci i masakr\u00ebs mund t\u00eb r\u00ebndohet or\u00ebt n\u00eb vijim\u2026<\/p>\n<p>Dinamika e k\u00ebsaj ngjarje \u00ebsht\u00eb tragjike. Dy t\u00eb rinj, Hamza Lici dhe Arlind Bushati humb\u00ebn jet\u00ebn, i pari n\u00eb vendin e ngjarjes prej plag\u00ebve t\u00eb marra nga bresh\u00ebria e kallashnikovit dhe i dyti n\u00eb spital ku kishte kaluar disa or\u00eb i ndihmuar nga mjek\u00ebt n\u00eb \u201cluft\u00ebn\u201d me vdekjen, por t\u00eb cil\u00ebn e humbi p\u00ebrfundimisht n\u00eb or\u00ebt e mbr\u00ebmjes s\u00eb k\u00ebsaj t\u00eb m\u00ebrkure. Atentati mafioz rezultoi me nj\u00eb bilanc tragjik, tre viktima dhe nj\u00eb t\u00eb plagosur r\u00ebnd\u00eb.<\/p>\n<p><strong>Flutra Basha, viktim\u00eb e pafajshme<\/strong><br \/>\nFlutra Basha i shtohet k\u00ebshtu emrave t\u00eb tjer\u00eb q\u00eb krimi nuk i ka kursyer gjat\u00eb hakmarrjes s\u00eb pam\u00ebshirshme mes bandave. Jet\u00ebt e pafajshme q\u00eb po k\u00ebputen n\u00eb mes nga bresh\u00ebria e plumbave mes atyre q\u00eb kan\u00eb kusure ndaj nj\u00ebri-tjetrit, sa vin\u00eb dhe rriten, \u00e7\u2019ka ngre alarmin se rendi dhe siguria n\u00eb vend po b\u00ebhet gjithnj\u00eb e m\u00eb e brisht\u00eb. Gruaja e moshuar e Shkodr\u00ebs \u00ebsht\u00eb d\u00ebshmia konkrete se si jeta e gjithsecilit \u00ebsht\u00eb n\u00eb fije t\u00eb perit sa koh\u00eb qarkullojn\u00eb lirisht persona t\u00eb armatosur apo planifikojn\u00eb atentate ndaj kund\u00ebrshtar\u00ebve t\u00eb tyre n\u00eb sip\u00ebrmarrjen kriminale. Por k\u00ebto plane djall\u00ebzore q\u00eb i p\u00ebrkasin bot\u00ebs s\u00eb err\u00ebt t\u00eb krimit nuk pyesin p\u00ebr jet\u00ebt e pafajshme q\u00eb nuk e din\u00eb se n\u00eb X apo Y vend, rrug\u00eb, rrugic\u00eb, bar kafe, restorant apo kinema do t\u00eb l\u00ebshohet batareja e t\u00eb sht\u00ebnave thjesht e vet\u00ebm se aty pran\u00eb gjendet objektivi.<\/p>\n<p><strong>Vrasja e kamarierit n\u00eb Memaliaj<\/strong><br \/>\nJo m\u00eb larg se 4 muaj m\u00eb par\u00eb nj\u00eb atentat tipik i vrasjeve n\u00eb mas\u00eb rezultoi me nj\u00eb bilanc po ashtu dramatik, tre t\u00eb vdekur. Mbr\u00ebmjen e 21 korrikut 2024 n\u00eb nj\u00eb lokal n\u00eb Memaliaj mbet\u00ebn t\u00eb vrar\u00eb Shyqyri Kalemi, babai i Andrea Kalemit i dyshuar p\u00ebr vrasjen e biznesmenit Edmond Papa, kamarieri Gledio Muka dhe klienti Marsel \u00c7ela. Si\u00e7 u m\u00ebsua m\u00eb pas, sh\u00ebnjest\u00ebr e atentatit ishte Shyqyri Kalemi, por krahas tij plumbat nuk fal\u00ebn as Gledio Muk\u00ebn q\u00eb punonte p\u00ebr buk\u00ebn e goj\u00ebs dhe as klientin e lokalit i cili kishte zgjedhur q\u00eb at\u00eb mbr\u00ebmje t\u00eb ngroht\u00eb korriku ta kalonte jasht\u00eb sht\u00ebpis\u00eb, deri n\u00eb or\u00ebt e vona. I ndodhur n\u00eb vendin dhe koh\u00ebn e gabuar i kushtoi jet\u00ebn.<\/p>\n<p><strong>Bresh\u00ebri plumbash mbi banakieren e lokalit n\u00eb Don Bosko\u00a0<\/strong><br \/>\nPor p\u00ebr ta kuptuar m\u00eb mir\u00eb se si krimi i organizuar gabon n\u00eb sh\u00ebnjest\u00ebr duke vrar\u00eb t\u00eb pafajsh\u00ebm mjafton t\u00eb kujtojm\u00eb atentatin e Don Boskos, n\u00eb Tiran\u00eb, 12 marsin e vitit 2023. Nj\u00eb grua u q\u00ebllua p\u00ebr vdekje n\u00eb vendin e saj t\u00eb pun\u00ebs, n\u00eb ambientet e nj\u00eb lokali. Nj\u00eb bresh\u00ebri kallashnikovi nga nj\u00eb automjet n\u00eb l\u00ebvizje nuk ka p\u00ebr q\u00ebllim t\u00eb frik\u00ebsoj\u00eb, por plumbat p\u00ebrqendrohen t\u00eb gjith\u00eb n\u00eb nj\u00eb perimet\u00ebr t\u00eb vog\u00ebl. 58-vje\u00e7arja Mimoza Paja ishte n\u00eb vendin e saj t\u00eb pun\u00ebs kur iu mor jeta pabesisht. Nga kjo ngjarje nuk u kursye as mbesa e saj e mitur e cila mori l\u00ebndime nga thyerja e xhamave. Nd\u00ebrsa 5 persona t\u00eb tjer\u00eb mor\u00ebn plag\u00eb n\u00eb pjes\u00eb t\u00eb ndryshme t\u00eb trupit nga plumbat, por fatmir\u00ebsisht nuk rezultuan n\u00eb fatalitet.<\/p>\n<p>At\u00eb pasdite t\u00eb 12 marsit u q\u00ebllua me bresh\u00ebri plumbash lokali i Fatjon Muratit, person i shum\u00ebk\u00ebrkuar nga autoritetet. Ky i fundit \u00ebsht\u00eb nj\u00eb personazh i njohur p\u00ebr policin\u00eb. Fatjon Murati dyshohet i p\u00ebrfshir\u00eb n\u00eb masakr\u00ebn e Fush\u00eb Kruj\u00ebs u ekzekutuan Brilant Martinaj, Besmir Haxhia dhe Diklen Vata. Gjithashtu, Fatjon Murati ka qen\u00eb i d\u00ebnuar p\u00ebr arm\u00ebmbajtje dhe posedim t\u00eb municioneve pa leje. Prokuroria e Tiran\u00ebs i ka sekuestruar Fatjon Muratit nj\u00eb pasuri me vler\u00eb 5 mln euro.<\/p>\n<p><em><strong>BalkanWeb<\/strong><\/em><\/p>\n","protected":false},"excerpt":{"rendered":"<p>31 Tetor 2024 Krimi nuk kursen as t\u00eb pafajshmit. Nj\u00eb tjet\u00ebr atentat mafioz n\u00eb Shqip\u00ebri shkaktoi nj\u00eb viktim\u00eb q\u00eb nuk ka lidhje me larjen e hesapeve mes grupeve kriminale, por u gjend n\u00eb vendin dhe koh\u00ebn e gabuar. Flutra Basha humbi jet\u00ebn pasi nj\u00eb automjet i b\u00ebr\u00eb \u201cshosh\u00eb\u201d nga plumbat doli jasht\u00eb kontrollit dhe goditi [&hellip;]<\/p>\n","protected":false},"author":9,"featured_media":85933,"comment_status":"open","ping_status":"open","sticky":false,"template":"","format":"standard","meta":{"jetpack_post_was_ever_published":false,"_jetpack_newsletter_access":"","_jetpack_dont_email_post_to_subs":false,"_jetpack_newsletter_tier_id":0,"_jetpack_memberships_contains_paywalled_content":false,"_jetpack_memberships_contains_paid_content":false,"footnotes":"","jetpack_publicize_message":"","jetpack_publicize_feature_enabled":true,"jetpack_social_post_already_shared":true,"jetpack_social_options":{"image_generator_settings":{"template":"highway","default_image_id":0,"font":"","enabled":false},"version":2}},"categories":[27,1,2,35],"tags":[],"class_list":["post-85932","post","type-post","status-publish","format-standard","has-post-thumbnail","hentry","category-blogu-i-udhetarit","category-njoftime-shtypi","category-politika","category-shoqerore"],"jetpack_publicize_connections":[],"jetpack_featured_media_url":"https:\/\/i0.wp.com\/www.shqiperia.com\/blog\/wp-content\/uploads\/2024\/10\/atentati-ne-Dobrac1.jpg?fit=903%2C591&ssl=1","jetpack_sharing_enabled":true,"jetpack_shortlink":"https:\/\/wp.me\/p5Z6wp-mm0","jetpack-related-posts":[{"id":52189,"url":"https:\/\/www.shqiperia.com\/blog\/kuvend-i-hajnise-basha-akuzon-berisha-po-mbeshtetet-nga-rama-meta-oligarket-dhe-krimi-i-organizuar\/","url_meta":{"origin":85932,"position":0},"title":"\u201cKuvend i Hajnis\u00eb\u201d . Basha akuzon: &#8211; Berisha po mb\u00ebshtetet nga Rama-Meta, oligark\u00ebt dhe krimi i organizuar","author":"Kurt Farka","date":"December 10, 2021","format":false,"excerpt":"\u201cKuvend i Hajnis\u00eb\u201d . Basha akuzon: - Berisha po mb\u00ebshtetet nga Rama-Meta, oligark\u00ebt dhe krimi i organizuar 9 DHJETOR 2021 Lulzim Basha e quajti \u201cKuvendi i Hajnis\u00eb\u201d Kuvendin e thirrur nga Sali Berisha m\u00eb 11 dhjetor dhe akuzoi Edi Ram\u00ebn se po e mb\u00ebshtet ish-Kryeministrin s\u00eb bashku me Ilir Met\u00ebn.\u2026","rel":"","context":"In &quot;Blogu i Udh\u00ebtarit&quot;","block_context":{"text":"Blogu i Udh\u00ebtarit","link":"https:\/\/www.shqiperia.com\/blog\/category\/blogu-i-udhetarit\/"},"img":{"alt_text":"","src":"https:\/\/i0.wp.com\/www.shqiperia.com\/blog\/wp-content\/uploads\/2021\/12\/640-0-373802825f33fa05d9228cb207f42a3e.jpg?fit=640%2C389&ssl=1&resize=350%2C200","width":350,"height":200,"srcset":"https:\/\/i0.wp.com\/www.shqiperia.com\/blog\/wp-content\/uploads\/2021\/12\/640-0-373802825f33fa05d9228cb207f42a3e.jpg?fit=640%2C389&ssl=1&resize=350%2C200 1x, https:\/\/i0.wp.com\/www.shqiperia.com\/blog\/wp-content\/uploads\/2021\/12\/640-0-373802825f33fa05d9228cb207f42a3e.jpg?fit=640%2C389&ssl=1&resize=525%2C300 1.5x"},"classes":[]},{"id":40689,"url":"https:\/\/www.shqiperia.com\/blog\/basha-ultimatum-kryeministrit-rama-i-kerkoj-urgjentisht-te\/","url_meta":{"origin":85932,"position":1},"title":"Basha ultimatum kryeministrit Rama: I k\u00ebrkoj urgjentisht t\u00eb&#8230;","author":"Kurt Farka","date":"November 9, 2020","format":false,"excerpt":"Basha ultimatum kryeministrit Rama: I k\u00ebrkoj urgjentisht t\u00eb... 9 N\u00cbNTOR 2020 Kreu demokrat Lulzim Basha i ka dh\u00ebn\u00eb ultimatum kryeministrit Edi Rama \u2018q\u00eb t\u00eb shkulet\u2019 nga ekranet dhe t\u00eb punoj\u00eb p\u00ebr situat\u00ebn e pandemis\u00eb n\u00eb vendin ton\u00eb pasi sipas Bash\u00ebs sistemi sh\u00ebndet\u00ebsor ka hyr\u00eb n\u00eb kolaps. Ai\u00a0 e ka humbur\u2026","rel":"","context":"In &quot;Blogu i Udh\u00ebtarit&quot;","block_context":{"text":"Blogu i Udh\u00ebtarit","link":"https:\/\/www.shqiperia.com\/blog\/category\/blogu-i-udhetarit\/"},"img":{"alt_text":"","src":"https:\/\/i0.wp.com\/www.shqiperia.com\/blog\/wp-content\/uploads\/2020\/11\/Edi-Rama-2.jpg?fit=480%2C264&ssl=1&resize=350%2C200","width":350,"height":200},"classes":[]},{"id":17063,"url":"https:\/\/www.shqiperia.com\/blog\/para-protestes-basha-paralajmeron-qeverine-populli-do-marre-ne-dore-institucionet\/","url_meta":{"origin":85932,"position":2},"title":"Para protest\u00ebs, Basha paralajm\u00ebron qeverin\u00eb: Populli do marr\u00eb n\u00eb dor\u00eb institucionet\u2026-","author":"Kurt Farka","date":"February 7, 2019","format":false,"excerpt":"Para protest\u00ebs, Basha paralajm\u00ebron qeverin\u00eb: Populli do marr\u00eb n\u00eb dor\u00eb institucionet\u2026- 7 shkurt 2019 \u00a0 Nga foltorja e Kuvendit, kreu i opozit\u00ebs, Lulzim Basha, u shpreh sot se Kuvendi nuk ka asnj\u00eb lidhje me kriz\u00ebn dhe situat\u00ebn aktuale t\u00eb vendit dhe zgjidhja q\u00eb i duhet vendit, \u00ebsht\u00eb nj\u00eb qeveri tranzitore\u2026","rel":"","context":"In &quot;Blogu i Udh\u00ebtarit&quot;","block_context":{"text":"Blogu i Udh\u00ebtarit","link":"https:\/\/www.shqiperia.com\/blog\/category\/blogu-i-udhetarit\/"},"img":{"alt_text":"","src":"https:\/\/i0.wp.com\/www.shqiperia.com\/blog\/wp-content\/uploads\/2019\/02\/basha21.jpg?fit=820%2C430&ssl=1&resize=350%2C200","width":350,"height":200,"srcset":"https:\/\/i0.wp.com\/www.shqiperia.com\/blog\/wp-content\/uploads\/2019\/02\/basha21.jpg?fit=820%2C430&ssl=1&resize=350%2C200 1x, https:\/\/i0.wp.com\/www.shqiperia.com\/blog\/wp-content\/uploads\/2019\/02\/basha21.jpg?fit=820%2C430&ssl=1&resize=525%2C300 1.5x, https:\/\/i0.wp.com\/www.shqiperia.com\/blog\/wp-content\/uploads\/2019\/02\/basha21.jpg?fit=820%2C430&ssl=1&resize=700%2C400 2x"},"classes":[]},{"id":80129,"url":"https:\/\/www.shqiperia.com\/blog\/krimi-ka-kapur-shtetin-juristi-romeo-karaj-per-ta-luftuar-ka-dy-rruge-denim-me-vdekje-ose-revolucion-nga-populli\/","url_meta":{"origin":85932,"position":3},"title":"\u201cKrimi ka kapur shtetin\u201d, Juristi Romeo Karaj: &#8211; P\u00ebr ta luftuar ka dy rrug\u00eb, d\u00ebnim me vdekje ose revolucion nga populli","author":"Kurt Farka","date":"April 15, 2024","format":false,"excerpt":"15 Prill 2024 Juristi Romeo Karaj duke folur n\u00eb emisionin \u201cBilardo\u201d tha se duhet kthyer d\u00ebnimi me vdekje p\u00ebr t\u00eb luftuar krimin, ose populli duhet t\u00eb reagoj\u00eb p\u00ebrmes nj\u00eb revolucioni. Sipas Karajt kur persona t\u00eb caktuar e kthejn\u00eb krimin n\u00eb biznes dhe ndikime e pushtet, ata nuk meritojn\u00eb t\u00eb jetojn\u00eb.\u2026","rel":"","context":"In &quot;Blogu i Udh\u00ebtarit&quot;","block_context":{"text":"Blogu i Udh\u00ebtarit","link":"https:\/\/www.shqiperia.com\/blog\/category\/blogu-i-udhetarit\/"},"img":{"alt_text":"","src":"https:\/\/i0.wp.com\/www.shqiperia.com\/blog\/wp-content\/uploads\/2024\/04\/RRRR.jpg?fit=951%2C510&ssl=1&resize=350%2C200","width":350,"height":200,"srcset":"https:\/\/i0.wp.com\/www.shqiperia.com\/blog\/wp-content\/uploads\/2024\/04\/RRRR.jpg?fit=951%2C510&ssl=1&resize=350%2C200 1x, https:\/\/i0.wp.com\/www.shqiperia.com\/blog\/wp-content\/uploads\/2024\/04\/RRRR.jpg?fit=951%2C510&ssl=1&resize=525%2C300 1.5x, https:\/\/i0.wp.com\/www.shqiperia.com\/blog\/wp-content\/uploads\/2024\/04\/RRRR.jpg?fit=951%2C510&ssl=1&resize=700%2C400 2x"},"classes":[]},{"id":14952,"url":"https:\/\/www.shqiperia.com\/blog\/ylli-rakipi-ka-marre-mesazhe-kercenuese-per-jeten\/","url_meta":{"origin":85932,"position":4},"title":"Ylli Rakipi ka marr\u00eb mesazhe k\u00ebrc\u00ebnuese p\u00ebr jet\u00ebn. &#8211;","author":"Kurt Farka","date":"December 18, 2018","format":false,"excerpt":"Ylli Rakipi ka marr\u00eb mesazhe k\u00ebrc\u00ebnuese p\u00ebr jet\u00ebn. - 18\/12\/2018, Pas lajmit t\u00eb publikuar dit\u00ebn e sotme n\u00eb lidhje me faktin se drejtuesi i emisionit \u201cT\u00eb Paekspozuarit\u201d, Ylli Rakipi ka marr\u00eb mesazhe k\u00ebrc\u00ebnuese p\u00ebr jet\u00ebn, vjen nj\u00eb reagim nga Partia Demokratike. P\u00ebrmes nj\u00eb deklarate PD ka d\u00ebnuar k\u00ebrc\u00ebnimet e b\u00ebra\u2026","rel":"","context":"In &quot;Blogu i Udh\u00ebtarit&quot;","block_context":{"text":"Blogu i Udh\u00ebtarit","link":"https:\/\/www.shqiperia.com\/blog\/category\/blogu-i-udhetarit\/"},"img":{"alt_text":"","src":"https:\/\/i0.wp.com\/www.shqiperia.com\/blog\/wp-content\/uploads\/2018\/12\/Ylli-Rakipi-.jpg?fit=596%2C339&ssl=1&resize=350%2C200","width":350,"height":200,"srcset":"https:\/\/i0.wp.com\/www.shqiperia.com\/blog\/wp-content\/uploads\/2018\/12\/Ylli-Rakipi-.jpg?fit=596%2C339&ssl=1&resize=350%2C200 1x, https:\/\/i0.wp.com\/www.shqiperia.com\/blog\/wp-content\/uploads\/2018\/12\/Ylli-Rakipi-.jpg?fit=596%2C339&ssl=1&resize=525%2C300 1.5x"},"classes":[]},{"id":9097,"url":"https:\/\/www.shqiperia.com\/blog\/bllokohen-1-5-milione-euro-te-toyota-yaris-a-eshte-makina-qe-foli-basha\/","url_meta":{"origin":85932,"position":5},"title":"Bllokohen 1.5 milion\u00eb euro te \u201cToyota Yaris\u201d, a \u00ebsht\u00eb makina q\u00eb foli Basha? &#8211;","author":"Kurt Farka","date":"June 24, 2018","format":false,"excerpt":"Bllokohen 1.5 milion\u00eb euro te \u201cToyota Yaris\u201d, a \u00ebsht\u00eb makina q\u00eb foli Basha? - Lulzim Basha, kreu i Partis\u00eb Demokratike, t\u00eb enjten n\u00eb foltoren e Kuvendit, tha se jan\u00eb kapur 1.5 milion\u00eb euro n\u00eb nj\u00eb \u201cToyota Yaris\u201d. Pik\u00ebrisht, sot , n\u00eb Portin e Durr\u00ebsit jan\u00eb bllokuar fiks 1.5 milion\u00eb euro\u2026","rel":"","context":"In &quot;Njoftime Shtypi&quot;","block_context":{"text":"Njoftime Shtypi","link":"https:\/\/www.shqiperia.com\/blog\/category\/njoftime-shtypi\/"},"img":{"alt_text":"","src":"https:\/\/i0.wp.com\/www.shqiperia.com\/blog\/wp-content\/uploads\/2018\/06\/taulantballatoyotabasha.png?fit=567%2C278&ssl=1&resize=350%2C200","width":350,"height":200,"srcset":"https:\/\/i0.wp.com\/www.shqiperia.com\/blog\/wp-content\/uploads\/2018\/06\/taulantballatoyotabasha.png?fit=567%2C278&ssl=1&resize=350%2C200 1x, https:\/\/i0.wp.com\/www.shqiperia.com\/blog\/wp-content\/uploads\/2018\/06\/taulantballatoyotabasha.png?fit=567%2C278&ssl=1&resize=525%2C300 1.5x"},"classes":[]}],"_links":{"self":[{"href":"https:\/\/www.shqiperia.com\/blog\/wp-json\/wp\/v2\/posts\/85932","targetHints":{"allow":["GET"]}}],"collection":[{"href":"https:\/\/www.shqiperia.com\/blog\/wp-json\/wp\/v2\/posts"}],"about":[{"href":"https:\/\/www.shqiperia.com\/blog\/wp-json\/wp\/v2\/types\/post"}],"author":[{"embeddable":true,"href":"https:\/\/www.shqiperia.com\/blog\/wp-json\/wp\/v2\/users\/9"}],"replies":[{"embeddable":true,"href":"https:\/\/www.shqiperia.com\/blog\/wp-json\/wp\/v2\/comments?post=85932"}],"version-history":[{"count":1,"href":"https:\/\/www.shqiperia.com\/blog\/wp-json\/wp\/v2\/posts\/85932\/revisions"}],"predecessor-version":[{"id":85934,"href":"https:\/\/www.shqiperia.com\/blog\/wp-json\/wp\/v2\/posts\/85932\/revisions\/85934"}],"wp:featuredmedia":[{"embeddable":true,"href":"https:\/\/www.shqiperia.com\/blog\/wp-json\/wp\/v2\/media\/85933"}],"wp:attachment":[{"href":"https:\/\/www.shqiperia.com\/blog\/wp-json\/wp\/v2\/media?parent=85932"}],"wp:term":[{"taxonomy":"category","embeddable":true,"href":"https:\/\/www.shqiperia.com\/blog\/wp-json\/wp\/v2\/categories?post=85932"},{"taxonomy":"post_tag","embeddable":true,"href":"https:\/\/www.shqiperia.com\/blog\/wp-json\/wp\/v2\/tags?post=85932"}],"curies":[{"name":"wp","href":"https:\/\/api.w.org\/{rel}","templated":true}]}}