{"id":8562,"date":"2018-06-08T17:48:41","date_gmt":"2018-06-08T17:48:41","guid":{"rendered":"http:\/\/www.shqiperia.com\/blog\/?p=8562"},"modified":"2018-06-08T17:48:41","modified_gmt":"2018-06-08T17:48:41","slug":"kumbaro-ne-paris-kosova-duhet-te-anetaresohet-ne-unesco","status":"publish","type":"post","link":"https:\/\/www.shqiperia.com\/blog\/kumbaro-ne-paris-kosova-duhet-te-anetaresohet-ne-unesco\/","title":{"rendered":"Kumbaro n\u00eb Paris: Kosova duhet t\u00eb an\u00ebtar\u00ebsohet n\u00eb UNESCO, &#8211;"},"content":{"rendered":"<p><img data-recalc-dims=\"1\" loading=\"lazy\" decoding=\"async\" data-attachment-id=\"8563\" data-permalink=\"https:\/\/www.shqiperia.com\/blog\/kumbaro-ne-paris-kosova-duhet-te-anetaresohet-ne-unesco\/mirela_kumbaro\/\" data-orig-file=\"https:\/\/i0.wp.com\/www.shqiperia.com\/blog\/wp-content\/uploads\/2018\/06\/mirela_kumbaro.jpg?fit=976%2C694&amp;ssl=1\" data-orig-size=\"976,694\" data-comments-opened=\"1\" data-image-meta=\"{&quot;aperture&quot;:&quot;0&quot;,&quot;credit&quot;:&quot;WEB4_HD&quot;,&quot;camera&quot;:&quot;&quot;,&quot;caption&quot;:&quot;&quot;,&quot;created_timestamp&quot;:&quot;1528456806&quot;,&quot;copyright&quot;:&quot;&quot;,&quot;focal_length&quot;:&quot;0&quot;,&quot;iso&quot;:&quot;0&quot;,&quot;shutter_speed&quot;:&quot;0&quot;,&quot;title&quot;:&quot;&quot;,&quot;orientation&quot;:&quot;0&quot;}\" data-image-title=\"mirela_kumbaro\" data-image-description=\"\" data-image-caption=\"\" data-medium-file=\"https:\/\/i0.wp.com\/www.shqiperia.com\/blog\/wp-content\/uploads\/2018\/06\/mirela_kumbaro.jpg?fit=300%2C213&amp;ssl=1\" data-large-file=\"https:\/\/i0.wp.com\/www.shqiperia.com\/blog\/wp-content\/uploads\/2018\/06\/mirela_kumbaro.jpg?fit=976%2C694&amp;ssl=1\" class=\"alignnone size-medium wp-image-8563\" alt=\"\" src=\"https:\/\/i0.wp.com\/www.shqiperia.com\/blog\/wp-content\/uploads\/2018\/06\/mirela_kumbaro-300x213.jpg?resize=300%2C213\" width=\"300\" height=\"213\" srcset=\"https:\/\/i0.wp.com\/www.shqiperia.com\/blog\/wp-content\/uploads\/2018\/06\/mirela_kumbaro.jpg?resize=300%2C213&amp;ssl=1 300w, https:\/\/i0.wp.com\/www.shqiperia.com\/blog\/wp-content\/uploads\/2018\/06\/mirela_kumbaro.jpg?resize=768%2C546&amp;ssl=1 768w, https:\/\/i0.wp.com\/www.shqiperia.com\/blog\/wp-content\/uploads\/2018\/06\/mirela_kumbaro.jpg?w=976&amp;ssl=1 976w\" sizes=\"auto, (max-width: 300px) 100vw, 300px\" \/><\/p>\n<p><strong>Kumbaro n\u00eb Paris: Kosova duhet t\u00eb an\u00ebtar\u00ebsohet n\u00eb UNESC. &#8211; <\/strong><\/p>\n<p>Ministrja e Kultur\u00ebs, Mirela Kumbaro gjat\u00eb nj\u00eb vizite n\u00eb selin\u00eb e UNESCO preku \u00e7\u00ebshtjen e an\u00ebtar\u00ebsimit t\u00eb Kosov\u00ebs n\u00eb k\u00ebt\u00eb organizat\u00eb.<\/p>\n<p>Kumbaro n\u00ebnzizoi se kjo duhet par\u00eb si nj\u00eb \u00e7\u00ebshje kulturore e ndar\u00eb ve\u00e7mas nga politika.<\/p>\n<p><em>\u201cNe mb\u00ebshtesim kontributin kulturor t\u00eb Kosov\u00ebs, krahas t\u00eb gjitha vendeve t\u00eb tjera, n\u00eb UNESCO, si n\u00eb nj\u00eb familje t\u00eb madhe kulturore ku secili \u00ebsht\u00eb pjes\u00eb e mozaikut t\u00eb k\u00ebsaj hap\u00ebsire pa kufi, ku sidomos t\u00eb rinjt\u00eb duhet t\u00eb jen\u00eb prioritet,&#8221;-<\/em> theksoi Kumbaro.<\/p>\n<p><em>&#8220;Kjo nuk duhet par\u00eb si akt politik p\u00ebr t\u00eb sfiduar ndok\u00ebnd, por vet\u00ebm si nevoj\u00eb e natyrshme p\u00ebr t\u2019i dh\u00ebn\u00eb kultur\u00ebs, arsimit, shkenc\u00ebs dhe rinis\u00eb n\u00eb Kosov\u00eb t\u00eb nj\u00ebjtat mund\u00ebsi p\u00ebr bashk\u00ebpunim dhe nd\u00ebrveprim si n\u00eb vendet e tjera t\u00eb rajonit dhe bot\u00ebs\u201d.<\/em><\/p>\n<p>Kumbaro gjat\u00eb vizit\u00ebs n\u00eb Paris prezantoi zyrtarisht kandidatur\u00ebn e sopranos shqiptare me fam\u00eb bot\u00ebrore, Ermonela Jaho, si Ambasadore e Vullnetit t\u00eb Mir\u00eb ne UNESCO.<\/p>\n<p>Ministrja theksoi edhe Ermonela Jahos p\u00ebr t\u00eb v\u00ebn\u00eb emrin, z\u00ebrin dhe fam\u00ebn e saj n\u00eb sh\u00ebrbim t\u00eb kauzave dhe projekteve t\u00eb UNESCO-s.<\/p>\n<p><img data-recalc-dims=\"1\" loading=\"lazy\" decoding=\"async\" data-attachment-id=\"8564\" data-permalink=\"https:\/\/www.shqiperia.com\/blog\/kumbaro-ne-paris-kosova-duhet-te-anetaresohet-ne-unesco\/mirela_kumbaro-2\/\" data-orig-file=\"https:\/\/i0.wp.com\/www.shqiperia.com\/blog\/wp-content\/uploads\/2018\/06\/mirela_kumbaro-1.jpg?fit=976%2C694&amp;ssl=1\" data-orig-size=\"976,694\" data-comments-opened=\"1\" data-image-meta=\"{&quot;aperture&quot;:&quot;0&quot;,&quot;credit&quot;:&quot;WEB4_HD&quot;,&quot;camera&quot;:&quot;&quot;,&quot;caption&quot;:&quot;&quot;,&quot;created_timestamp&quot;:&quot;1528456806&quot;,&quot;copyright&quot;:&quot;&quot;,&quot;focal_length&quot;:&quot;0&quot;,&quot;iso&quot;:&quot;0&quot;,&quot;shutter_speed&quot;:&quot;0&quot;,&quot;title&quot;:&quot;&quot;,&quot;orientation&quot;:&quot;0&quot;}\" data-image-title=\"mirela_kumbaro\" data-image-description=\"\" data-image-caption=\"\" data-medium-file=\"https:\/\/i0.wp.com\/www.shqiperia.com\/blog\/wp-content\/uploads\/2018\/06\/mirela_kumbaro-1.jpg?fit=300%2C213&amp;ssl=1\" data-large-file=\"https:\/\/i0.wp.com\/www.shqiperia.com\/blog\/wp-content\/uploads\/2018\/06\/mirela_kumbaro-1.jpg?fit=976%2C694&amp;ssl=1\" class=\"alignnone  wp-image-8564\" alt=\"\" src=\"https:\/\/i0.wp.com\/www.shqiperia.com\/blog\/wp-content\/uploads\/2018\/06\/mirela_kumbaro-1-300x213.jpg?resize=697%2C495\" width=\"697\" height=\"495\" srcset=\"https:\/\/i0.wp.com\/www.shqiperia.com\/blog\/wp-content\/uploads\/2018\/06\/mirela_kumbaro-1.jpg?resize=300%2C213&amp;ssl=1 300w, https:\/\/i0.wp.com\/www.shqiperia.com\/blog\/wp-content\/uploads\/2018\/06\/mirela_kumbaro-1.jpg?resize=768%2C546&amp;ssl=1 768w, https:\/\/i0.wp.com\/www.shqiperia.com\/blog\/wp-content\/uploads\/2018\/06\/mirela_kumbaro-1.jpg?w=976&amp;ssl=1 976w\" sizes=\"auto, (max-width: 697px) 100vw, 697px\" \/><\/p>\n<p><em>&#8220;Do t\u00eb ishte n\u00eb nderin e Organizat\u00ebs q\u00eb t\u00eb angazhoj\u00eb nj\u00eb grua dhe nj\u00eb artiste t\u00eb k\u00ebtij niveli p\u00ebr t\u00eb punuar e ndikuar q\u00eb kultura t\u00eb mbetet ur\u00eb komunikimi mes t\u00eb rinjv\u00eb n\u00eb mbar\u00eb bot\u00ebn dhe t\u00eb luaj\u00eb rolin q\u00eb i takon n\u00eb paqen dhe emancipimin e shoq\u00ebrive n\u00eb bot\u00eb,&#8221;<\/em>-shprehet Kumbaro.<\/p>\n","protected":false},"excerpt":{"rendered":"<p>Kumbaro n\u00eb Paris: Kosova duhet t\u00eb an\u00ebtar\u00ebsohet n\u00eb UNESC. &#8211; Ministrja e Kultur\u00ebs, Mirela Kumbaro gjat\u00eb nj\u00eb vizite n\u00eb selin\u00eb e UNESCO preku \u00e7\u00ebshtjen e an\u00ebtar\u00ebsimit t\u00eb Kosov\u00ebs n\u00eb k\u00ebt\u00eb organizat\u00eb. Kumbaro n\u00ebnzizoi se kjo duhet par\u00eb si nj\u00eb \u00e7\u00ebshje kulturore e ndar\u00eb ve\u00e7mas nga politika. \u201cNe mb\u00ebshtesim kontributin kulturor t\u00eb Kosov\u00ebs, krahas t\u00eb gjitha [&hellip;]<\/p>\n","protected":false},"author":9,"featured_media":8563,"comment_status":"open","ping_status":"open","sticky":false,"template":"","format":"standard","meta":{"jetpack_post_was_ever_published":false,"_jetpack_newsletter_access":"","_jetpack_dont_email_post_to_subs":false,"_jetpack_newsletter_tier_id":0,"_jetpack_memberships_contains_paywalled_content":false,"_jetpack_memberships_contains_paid_content":false,"footnotes":"","jetpack_publicize_message":"","jetpack_publicize_feature_enabled":true,"jetpack_social_post_already_shared":true,"jetpack_social_options":{"image_generator_settings":{"template":"highway","default_image_id":0,"font":"","enabled":false},"version":2}},"categories":[27,10,86],"tags":[],"class_list":["post-8562","post","type-post","status-publish","format-standard","has-post-thumbnail","hentry","category-blogu-i-udhetarit","category-kultura","category-trashegimi-kulturore"],"jetpack_publicize_connections":[],"jetpack_featured_media_url":"https:\/\/i0.wp.com\/www.shqiperia.com\/blog\/wp-content\/uploads\/2018\/06\/mirela_kumbaro.jpg?fit=976%2C694&ssl=1","jetpack_sharing_enabled":true,"jetpack_shortlink":"https:\/\/wp.me\/p5Z6wp-2e6","jetpack-related-posts":[{"id":9534,"url":"https:\/\/www.shqiperia.com\/blog\/berati-10-vjet-ne-unesco-specialistet-kumbaro-tregon-fasadat-ne-facebook-ne-monumente-nje-makabritet\/","url_meta":{"origin":8562,"position":0},"title":"Berati 10 vjet n\u00eb UNESCO, specialist\u00ebt: -Kumbaro tregon fasadat n\u00eb Facebook, n\u00eb monumente nj\u00eb makabritet. &#8211;","author":"Kurt Farka","date":"July 10, 2018","format":false,"excerpt":"Berati 10 vjet n\u00eb UNESCO, specialist\u00ebt: -Kumbaro tregon fasadat n\u00eb Facebook, n\u00eb monumente nj\u00eb makabritet. - Berati dhjet\u00eb vjet n\u00eb UNESCO, specialist\u00ebt e trash\u00ebgimis\u00eb pohojn\u00eb gjendja n\u00eb qendr\u00ebn historike l\u00eb p\u00ebr t\u00eb d\u00ebshiruar. P\u00ebrball\u00eb pohimeve q\u00eb b\u00ebn Ministria e Kultur\u00ebs specialist\u00eb t\u00eb fush\u00ebs pohojn\u00eb se gjendja sot \u00ebsht\u00eb m\u00eb problematike\u2026","rel":"","context":"In &quot;Arte&quot;","block_context":{"text":"Arte","link":"https:\/\/www.shqiperia.com\/blog\/category\/arte\/"},"img":{"alt_text":"","src":"https:\/\/i0.wp.com\/www.shqiperia.com\/blog\/wp-content\/uploads\/2018\/07\/beratiii_faqe_18-1-1-300x200.jpg?resize=350%2C200","width":350,"height":200},"classes":[]},{"id":10078,"url":"https:\/\/www.shqiperia.com\/blog\/kumbaro-ministre-e-fasadave-dhe-fotove-ne-facebook-monumentet-jane-ne-rrenim-interviste-me-restaurator-pavli-shkarpa-2\/","url_meta":{"origin":8562,"position":1},"title":"Kumbaro ministre e fasadave dhe fotove n\u00eb Facebook, monumentet jan\u00eb n\u00eb rr\u00ebnim. Interviste me restaurator Pavli Shkarpa. &#8211;","author":"Kurt Farka","date":"July 21, 2018","format":false,"excerpt":"Kumbaro ministre e fasadave dhe fotove n\u00eb Facebook, monumentet jan\u00eb n\u00eb rr\u00ebnim. Interviste me restaurator Pavli Shkarpa. - Inxhinieri dhe restauratori Pavlo Shkarpa pohon se n\u00eb trash\u00ebgimin\u00eb kulturore mungojn\u00eb nd\u00ebrhyrjet restauruese, mungojn\u00eb projektet dhe ato q\u00eb publikon Ministria e Kultur\u00ebs jan\u00eb shum\u00eb pak krahasuar me gjendjen q\u00eb kan\u00eb sot monumentet.\u2026","rel":"","context":"In &quot;Arte&quot;","block_context":{"text":"Arte","link":"https:\/\/www.shqiperia.com\/blog\/category\/arte\/"},"img":{"alt_text":"","src":"https:\/\/i0.wp.com\/www.shqiperia.com\/blog\/wp-content\/uploads\/2018\/07\/Ministria-e-Kultures.jpg?fit=900%2C598&ssl=1&resize=350%2C200","width":350,"height":200,"srcset":"https:\/\/i0.wp.com\/www.shqiperia.com\/blog\/wp-content\/uploads\/2018\/07\/Ministria-e-Kultures.jpg?fit=900%2C598&ssl=1&resize=350%2C200 1x, https:\/\/i0.wp.com\/www.shqiperia.com\/blog\/wp-content\/uploads\/2018\/07\/Ministria-e-Kultures.jpg?fit=900%2C598&ssl=1&resize=525%2C300 1.5x, https:\/\/i0.wp.com\/www.shqiperia.com\/blog\/wp-content\/uploads\/2018\/07\/Ministria-e-Kultures.jpg?fit=900%2C598&ssl=1&resize=700%2C400 2x"},"classes":[]},{"id":16244,"url":"https:\/\/www.shqiperia.com\/blog\/forumi-per-trashegimine-kumbaro-u-largua-me-ndjenje-turpi\/","url_meta":{"origin":8562,"position":2},"title":"Forumi p\u00ebr Trash\u00ebgimin\u00eb: Kumbaro u largua me ndjenj\u00eb turpi. &#8211;","author":"Kurt Farka","date":"January 17, 2019","format":false,"excerpt":"Forumi p\u00ebr Trash\u00ebgimin\u00eb: Kumbaro u largua me ndjenj\u00eb turpi. - 17\/01\/2019. \u00a0Forumi p\u00ebr Mbrojtjen e Trash\u00ebgimis\u00eb Kulturore shkruan se Mirela Kumbaro u largua nga drejtimi i Ministris\u00eb s\u00eb Kultur\u00ebs duke l\u00ebn\u00eb pas pun\u00ebn e dob\u00ebt n\u00eb trash\u00ebgimin\u00eb kulturore. Forumi jo pak kritik gjat\u00eb mandatit t\u00eb par\u00eb dhe n\u00eb vijim t\u00eb\u2026","rel":"","context":"In &quot;Histori&quot;","block_context":{"text":"Histori","link":"https:\/\/www.shqiperia.com\/blog\/category\/histori\/"},"img":{"alt_text":"","src":"https:\/\/i0.wp.com\/www.shqiperia.com\/blog\/wp-content\/uploads\/2019\/01\/gjirokastra.jpg?fit=900%2C500&ssl=1&resize=350%2C200","width":350,"height":200,"srcset":"https:\/\/i0.wp.com\/www.shqiperia.com\/blog\/wp-content\/uploads\/2019\/01\/gjirokastra.jpg?fit=900%2C500&ssl=1&resize=350%2C200 1x, https:\/\/i0.wp.com\/www.shqiperia.com\/blog\/wp-content\/uploads\/2019\/01\/gjirokastra.jpg?fit=900%2C500&ssl=1&resize=525%2C300 1.5x, https:\/\/i0.wp.com\/www.shqiperia.com\/blog\/wp-content\/uploads\/2019\/01\/gjirokastra.jpg?fit=900%2C500&ssl=1&resize=700%2C400 2x"},"classes":[]},{"id":10452,"url":"https:\/\/www.shqiperia.com\/blog\/gka-eshte-kthyer-nje-institucion-anemik-kumbaro-ben-gjera-te-reja-por-te-deshtuara-pjese-e-intervistes-me-ardian-isufin\/","url_meta":{"origin":8562,"position":3},"title":"GKA \u00ebsht\u00eb kthyer nj\u00eb institucion anemik, Kumbaro b\u00ebn gj\u00ebra t\u00eb reja por t\u00eb d\u00ebshtuara   Pjese e Intervistes  me Ardian Isufin. &#8211;","author":"Kurt Farka","date":"August 1, 2018","format":false,"excerpt":"\u00a0GKA \u00ebsht\u00eb kthyer nj\u00eb institucion anemik, Kumbaro b\u00ebn gj\u00ebra t\u00eb reja por t\u00eb d\u00ebshtuara Pjese e Intervistes \u00a0me Ardian Isufin 01\/08\/2018 Galeria Komb\u00ebtare e Arteve sipas artist\u00ebve \u00ebsht\u00eb kthyer n\u00eb nj\u00eb institucioni anemik p\u00ebr sa i p\u00ebrket promovimit t\u00eb vlerave artistike kulturore n\u00eb vend. Prof. asc. Ardian Isufi dekani i\u2026","rel":"","context":"In &quot;Arte&quot;","block_context":{"text":"Arte","link":"https:\/\/www.shqiperia.com\/blog\/category\/arte\/"},"img":{"alt_text":"","src":"https:\/\/i0.wp.com\/www.shqiperia.com\/blog\/wp-content\/uploads\/2018\/08\/ardian-isufi-300x250.jpg?resize=350%2C200","width":350,"height":200},"classes":[]},{"id":8948,"url":"https:\/\/www.shqiperia.com\/blog\/firmoset-kalendari-kulturor-kosove-shqiperi\/","url_meta":{"origin":8562,"position":4},"title":"Firmoset Kalendari kulturor Kosov\u00eb \u2013Shqip\u00ebri. &#8211;","author":"Kurt Farka","date":"June 21, 2018","format":false,"excerpt":"Firmoset Kalendari kulturor Kosov\u00eb \u2013Shqip\u00ebri. - Ministrat e Kultur\u00ebs, Mirela Kumbaro Furxhi dhe Kujtim Gashi n\u00ebnshkruajn\u00eb kalendarin kulturor Shqip\u00ebri- Kosov\u00eb n\u00eb Prizren. N\u00eb 140-vjetorin e Lidhjes s\u00eb Prizrenit dhe n\u00eb Vitin Mbar\u00ebkomb\u00ebtar t\u00eb Sk\u00ebnderbeut, Ministrja e Kultur\u00ebs Mirela Kumbaro Furxhi dhe ministri i Kultur\u00ebs, Rinis\u00eb dhe Sportit i Republik\u00ebs s\u00eb\u2026","rel":"","context":"In &quot;Kultura&quot;","block_context":{"text":"Kultura","link":"https:\/\/www.shqiperia.com\/blog\/category\/kultura\/"},"img":{"alt_text":"","src":"https:\/\/i0.wp.com\/www.shqiperia.com\/blog\/wp-content\/uploads\/2018\/06\/35548078_2107895112756320_4598223336063893504_n.jpg?fit=960%2C639&ssl=1&resize=350%2C200","width":350,"height":200,"srcset":"https:\/\/i0.wp.com\/www.shqiperia.com\/blog\/wp-content\/uploads\/2018\/06\/35548078_2107895112756320_4598223336063893504_n.jpg?fit=960%2C639&ssl=1&resize=350%2C200 1x, https:\/\/i0.wp.com\/www.shqiperia.com\/blog\/wp-content\/uploads\/2018\/06\/35548078_2107895112756320_4598223336063893504_n.jpg?fit=960%2C639&ssl=1&resize=525%2C300 1.5x, https:\/\/i0.wp.com\/www.shqiperia.com\/blog\/wp-content\/uploads\/2018\/06\/35548078_2107895112756320_4598223336063893504_n.jpg?fit=960%2C639&ssl=1&resize=700%2C400 2x"},"classes":[]},{"id":10251,"url":"https:\/\/www.shqiperia.com\/blog\/restaurimet-e-gabuara-po-shkaterrojne-monumentet-e-kultures-specialistet-denoncojne-skandalet-nga-viti-2013-2018\/","url_meta":{"origin":8562,"position":5},"title":"Restaurimet e gabuara po shkat\u00ebrrojn\u00eb monumentet e kultur\u00ebs, specialist\u00ebt denoncojn\u00eb skandalet nga viti 2013-2018","author":"Kurt Farka","date":"July 25, 2018","format":false,"excerpt":"Restaurimet e gabuara po shkat\u00ebrrojn\u00eb monumentet e kultur\u00ebs, specialist\u00ebt denoncojn\u00eb skandalet nga viti 2013-2018 Punimet restauruese dhe nd\u00ebrhyrjet e gabuara n\u00eb monumentet e kultur\u00ebs p\u00ebr specialist\u00ebt e trash\u00ebgimis\u00eb kulturore jan\u00eb p\u00ebrgjegj\u00ebsi e\u00a0 Ministris\u00eb s\u00eb Kultur\u00ebs. Nga veriu n\u00eb jug t\u00eb vendit nd\u00ebrhyrjet e gabuara n\u00eb monumentet e kultur\u00ebs n\u00eb 5\u2026","rel":"","context":"In &quot;Histori&quot;","block_context":{"text":"Histori","link":"https:\/\/www.shqiperia.com\/blog\/category\/histori\/"},"img":{"alt_text":"","src":"https:\/\/i0.wp.com\/www.shqiperia.com\/blog\/wp-content\/uploads\/2018\/07\/kruja.jpg?fit=700%2C523&ssl=1&resize=350%2C200","width":350,"height":200,"srcset":"https:\/\/i0.wp.com\/www.shqiperia.com\/blog\/wp-content\/uploads\/2018\/07\/kruja.jpg?fit=700%2C523&ssl=1&resize=350%2C200 1x, https:\/\/i0.wp.com\/www.shqiperia.com\/blog\/wp-content\/uploads\/2018\/07\/kruja.jpg?fit=700%2C523&ssl=1&resize=525%2C300 1.5x, https:\/\/i0.wp.com\/www.shqiperia.com\/blog\/wp-content\/uploads\/2018\/07\/kruja.jpg?fit=700%2C523&ssl=1&resize=700%2C400 2x"},"classes":[]}],"_links":{"self":[{"href":"https:\/\/www.shqiperia.com\/blog\/wp-json\/wp\/v2\/posts\/8562","targetHints":{"allow":["GET"]}}],"collection":[{"href":"https:\/\/www.shqiperia.com\/blog\/wp-json\/wp\/v2\/posts"}],"about":[{"href":"https:\/\/www.shqiperia.com\/blog\/wp-json\/wp\/v2\/types\/post"}],"author":[{"embeddable":true,"href":"https:\/\/www.shqiperia.com\/blog\/wp-json\/wp\/v2\/users\/9"}],"replies":[{"embeddable":true,"href":"https:\/\/www.shqiperia.com\/blog\/wp-json\/wp\/v2\/comments?post=8562"}],"version-history":[{"count":1,"href":"https:\/\/www.shqiperia.com\/blog\/wp-json\/wp\/v2\/posts\/8562\/revisions"}],"predecessor-version":[{"id":8565,"href":"https:\/\/www.shqiperia.com\/blog\/wp-json\/wp\/v2\/posts\/8562\/revisions\/8565"}],"wp:featuredmedia":[{"embeddable":true,"href":"https:\/\/www.shqiperia.com\/blog\/wp-json\/wp\/v2\/media\/8563"}],"wp:attachment":[{"href":"https:\/\/www.shqiperia.com\/blog\/wp-json\/wp\/v2\/media?parent=8562"}],"wp:term":[{"taxonomy":"category","embeddable":true,"href":"https:\/\/www.shqiperia.com\/blog\/wp-json\/wp\/v2\/categories?post=8562"},{"taxonomy":"post_tag","embeddable":true,"href":"https:\/\/www.shqiperia.com\/blog\/wp-json\/wp\/v2\/tags?post=8562"}],"curies":[{"name":"wp","href":"https:\/\/api.w.org\/{rel}","templated":true}]}}