{"id":8555,"date":"2018-06-08T14:29:28","date_gmt":"2018-06-08T14:29:28","guid":{"rendered":"http:\/\/www.shqiperia.com\/blog\/?p=8555"},"modified":"2018-06-08T14:29:38","modified_gmt":"2018-06-08T14:29:38","slug":"qeveria-e-fshehu-ne-shqiperi-do-strehohen-luftetaret-e-isis-vasili-tradheti-ndaj-shqiptareve","status":"publish","type":"post","link":"https:\/\/www.shqiperia.com\/blog\/qeveria-e-fshehu-ne-shqiperi-do-strehohen-luftetaret-e-isis-vasili-tradheti-ndaj-shqiptareve\/","title":{"rendered":"Qeveria e fshehu\/ N\u00eb Shqip\u00ebri do strehohen luft\u00ebtar\u00ebt e ISIS, Vasili: \u201cTradh\u00ebti ndaj shqiptar\u00ebve\u201d. &#8211;"},"content":{"rendered":"<p><img data-recalc-dims=\"1\" loading=\"lazy\" decoding=\"async\" data-attachment-id=\"8556\" data-permalink=\"https:\/\/www.shqiperia.com\/blog\/qeveria-e-fshehu-ne-shqiperi-do-strehohen-luftetaret-e-isis-vasili-tradheti-ndaj-shqiptareve\/images-19\/\" data-orig-file=\"https:\/\/i0.wp.com\/www.shqiperia.com\/blog\/wp-content\/uploads\/2018\/06\/images-3.jpg?fit=300%2C168&amp;ssl=1\" data-orig-size=\"300,168\" data-comments-opened=\"1\" data-image-meta=\"{&quot;aperture&quot;:&quot;0&quot;,&quot;credit&quot;:&quot;&quot;,&quot;camera&quot;:&quot;&quot;,&quot;caption&quot;:&quot;&quot;,&quot;created_timestamp&quot;:&quot;0&quot;,&quot;copyright&quot;:&quot;&quot;,&quot;focal_length&quot;:&quot;0&quot;,&quot;iso&quot;:&quot;0&quot;,&quot;shutter_speed&quot;:&quot;0&quot;,&quot;title&quot;:&quot;&quot;,&quot;orientation&quot;:&quot;0&quot;}\" data-image-title=\"images\" data-image-description=\"\" data-image-caption=\"\" data-medium-file=\"https:\/\/i0.wp.com\/www.shqiperia.com\/blog\/wp-content\/uploads\/2018\/06\/images-3.jpg?fit=300%2C168&amp;ssl=1\" data-large-file=\"https:\/\/i0.wp.com\/www.shqiperia.com\/blog\/wp-content\/uploads\/2018\/06\/images-3.jpg?fit=300%2C168&amp;ssl=1\" class=\"alignnone wp-image-8556\" alt=\"\" src=\"https:\/\/i0.wp.com\/www.shqiperia.com\/blog\/wp-content\/uploads\/2018\/06\/images-3-300x168.jpg?resize=405%2C227\" width=\"405\" height=\"227\" \/><\/p>\n<p><strong>Qeveria e fshehu\/ N\u00eb Shqip\u00ebri do strehohen luft\u00ebtar\u00ebt e ISIS, Vasili: \u201cTradh\u00ebti ndaj shqiptar\u00ebve\u201d. &#8211;<br \/>\n<\/strong><\/p>\n<p>Kaloi pa marr\u00eb shum\u00eb v\u00ebmendje aty p\u00ebr aty, deklarata e kryeministrit t\u00eb Bullgaris\u00eb Boyko Borissov n\u00eb Tiran\u00eb, ku mori pjes\u00eb n\u00eb nj\u00eb konference kund\u00ebr Ekstramizmit t\u00eb Dhunsh\u00ebm. N\u00eb fjal\u00ebn e tij , kryeministri bullgar, vendi i t\u00eb cilit mban edhe Presidenc\u00ebn e rradh\u00ebs s\u00eb BE , theksoi se n\u00eb Shqip\u00ebri mund t\u00eb nd\u00ebrtohet nj\u00eb qend\u00ebr p\u00ebr koordinimin e luft\u00ebtar\u00ebve t\u00eb ISIS q\u00eb kthehen n\u00eb territorin e Ballkanit. \u201cN\u00eb Shqip\u00ebri do t\u00eb b\u00ebhet nj\u00eb qend\u00ebr koordinimi p\u00ebr luft\u00ebtar\u00ebt q\u00eb kthehen nga ISIS n\u00eb territorin e Ballkanit. Propozova q\u00eb \u00e7do nj\u00ebri prej shteteve t\u00eb d\u00ebrgoj\u00eb nj\u00eb oficer p\u00ebr lidhjet q\u00eb t\u00eb jet\u00eb m\u00eb e organizuar lufta e p\u00ebrbashk\u00ebt\u201d- tha ai.<\/p>\n<p><img data-recalc-dims=\"1\" loading=\"lazy\" decoding=\"async\" data-attachment-id=\"8557\" data-permalink=\"https:\/\/www.shqiperia.com\/blog\/qeveria-e-fshehu-ne-shqiperi-do-strehohen-luftetaret-e-isis-vasili-tradheti-ndaj-shqiptareve\/index-32\/\" data-orig-file=\"https:\/\/i0.wp.com\/www.shqiperia.com\/blog\/wp-content\/uploads\/2018\/06\/index-2.jpg?fit=300%2C168&amp;ssl=1\" data-orig-size=\"300,168\" data-comments-opened=\"1\" data-image-meta=\"{&quot;aperture&quot;:&quot;0&quot;,&quot;credit&quot;:&quot;&quot;,&quot;camera&quot;:&quot;&quot;,&quot;caption&quot;:&quot;&quot;,&quot;created_timestamp&quot;:&quot;0&quot;,&quot;copyright&quot;:&quot;&quot;,&quot;focal_length&quot;:&quot;0&quot;,&quot;iso&quot;:&quot;0&quot;,&quot;shutter_speed&quot;:&quot;0&quot;,&quot;title&quot;:&quot;&quot;,&quot;orientation&quot;:&quot;0&quot;}\" data-image-title=\"index\" data-image-description=\"\" data-image-caption=\"\" data-medium-file=\"https:\/\/i0.wp.com\/www.shqiperia.com\/blog\/wp-content\/uploads\/2018\/06\/index-2.jpg?fit=300%2C168&amp;ssl=1\" data-large-file=\"https:\/\/i0.wp.com\/www.shqiperia.com\/blog\/wp-content\/uploads\/2018\/06\/index-2.jpg?fit=300%2C168&amp;ssl=1\" class=\"alignnone wp-image-8557\" alt=\"\" src=\"https:\/\/i0.wp.com\/www.shqiperia.com\/blog\/wp-content\/uploads\/2018\/06\/index-2-300x168.jpg?resize=604%2C338\" width=\"604\" height=\"338\" \/><\/p>\n<p>Padyshim q\u00eb nj\u00eb deklarat\u00eb e till\u00eb vjen pasi kryeministri bullgar e ka kosnultuar m\u00eb par\u00eb iden\u00eb me homologun e tij shqiptar, dhe nga m\u00ebnyra si e deklaroi n\u00eb konferenc\u00eb, duket se e ka marr\u00eb tashm\u00eb dakord\u00ebsin\u00eb e qeveris\u00eb shqiptare. Por me cfar\u00eb \u00e7mimi? Dhe mbi t\u00eb gjitha, a i ka Shqip\u00ebria mund\u00ebsit\u00eb p\u00ebr nj\u00eb mision t\u00eb till\u00eb?<\/p>\n<p>Duket se kjo situat\u00eb \u00ebsht\u00eb shum\u00eb e ngjashme me muxhehedin\u00ebt e mb\u00ebrritur tashm\u00eb n\u00eb Shqip\u00ebri. Edhe n\u00eb at\u00eb koh\u00eb, kryeministri Rama e mohoi q\u00eb ta kishte diskutuar nj\u00eb \u00e7\u00ebshtje t\u00eb till\u00eb me sekretarin amerikan t\u00eb koh\u00ebs John Kerry , i cili vizitoi Tiran\u00ebn. Por vet\u00ebm pas pak koh\u00ebsh rezultoi q\u00eb Shqip\u00ebria u b\u00eb vend strehimi p\u00ebr 3 mij\u00eb muxhahedin\u00eb. Kujtojm\u00eb se k\u00ebto t\u00eb fundit nuk kishte pranuar ti strehonte asnj\u00eb vend n\u00eb Evrop\u00eb, madje kund\u00ebrshti kishte pasur edhe n\u00eb Rajon. Dhe n\u00eb at\u00eb koh\u00eb u fol se ky veprim i qeveris\u00eb erdhi p\u00ebr interesa politike t\u00eb partis\u00eb n\u00eb pushtet. Ashtu sic duket, edhe ky vendim i prtish\u00ebm lidhur me luft\u00ebtar\u00ebt e ISIS, i cili sigurisht mbart n\u00eb vetvete rrisqe m\u00eb t\u00eb madhe.<\/p>\n<p><img data-recalc-dims=\"1\" loading=\"lazy\" decoding=\"async\" data-attachment-id=\"8558\" data-permalink=\"https:\/\/www.shqiperia.com\/blog\/qeveria-e-fshehu-ne-shqiperi-do-strehohen-luftetaret-e-isis-vasili-tradheti-ndaj-shqiptareve\/de3dn3nx0aipmyu-768x575\/\" data-orig-file=\"https:\/\/i0.wp.com\/www.shqiperia.com\/blog\/wp-content\/uploads\/2018\/06\/De3dn3NX0AIpMyu-768x575.jpg?fit=768%2C575&amp;ssl=1\" data-orig-size=\"768,575\" data-comments-opened=\"1\" data-image-meta=\"{&quot;aperture&quot;:&quot;0&quot;,&quot;credit&quot;:&quot;&quot;,&quot;camera&quot;:&quot;&quot;,&quot;caption&quot;:&quot;&quot;,&quot;created_timestamp&quot;:&quot;0&quot;,&quot;copyright&quot;:&quot;&quot;,&quot;focal_length&quot;:&quot;0&quot;,&quot;iso&quot;:&quot;0&quot;,&quot;shutter_speed&quot;:&quot;0&quot;,&quot;title&quot;:&quot;&quot;,&quot;orientation&quot;:&quot;0&quot;}\" data-image-title=\"De3dn3NX0AIpMyu-768&#215;575\" data-image-description=\"\" data-image-caption=\"\" data-medium-file=\"https:\/\/i0.wp.com\/www.shqiperia.com\/blog\/wp-content\/uploads\/2018\/06\/De3dn3NX0AIpMyu-768x575.jpg?fit=300%2C225&amp;ssl=1\" data-large-file=\"https:\/\/i0.wp.com\/www.shqiperia.com\/blog\/wp-content\/uploads\/2018\/06\/De3dn3NX0AIpMyu-768x575.jpg?fit=768%2C575&amp;ssl=1\" class=\"alignnone wp-image-8558\" alt=\"\" src=\"https:\/\/i0.wp.com\/www.shqiperia.com\/blog\/wp-content\/uploads\/2018\/06\/De3dn3NX0AIpMyu-768x575-300x225.jpg?resize=595%2C446\" width=\"595\" height=\"446\" srcset=\"https:\/\/i0.wp.com\/www.shqiperia.com\/blog\/wp-content\/uploads\/2018\/06\/De3dn3NX0AIpMyu-768x575.jpg?resize=300%2C225&amp;ssl=1 300w, https:\/\/i0.wp.com\/www.shqiperia.com\/blog\/wp-content\/uploads\/2018\/06\/De3dn3NX0AIpMyu-768x575.jpg?resize=768%2C575&amp;ssl=1 768w\" sizes=\"auto, (max-width: 595px) 100vw, 595px\" \/><\/p>\n<p>Kjo pasi vendi yn\u00eb aktualisht ka problem t\u00eb r\u00ebnda me sigurin\u00eb e padyshim nuk i ka kapacitet e duhura p\u00ebr t\u2019u kthyer n\u00eb nj\u00eb qend\u00ebr koordinimi p\u00ebr luft\u00ebtar\u00ebt e ISIS q\u00eb kthehen n\u00eb Ballkan.<\/p>\n<p>N\u00eb Shqip\u00ebri ende ka shqet\u00ebsime t\u00eb m\u00ebdha lidhur me krimin, duke mos l\u00ebn\u00eb pas akuzat p\u00ebr lidhje t\u00eb strukturave shtet\u00ebrore me trafikant\u00ebt e drog\u00ebs. N\u00eb k\u00ebto kushte, kur vendi ka nj\u00eb situiat\u00eb t\u00eb till\u00eb, a thua \u00ebsht\u00eb koha t\u00eb marrim p\u00ebrsip\u00ebr nj\u00eb mision t\u00eb till\u00eb? Aq m\u00eb tep\u00ebr q\u00eb e gjitha kjo duket paradoksale, n\u00eb kushtet kur Shqip\u00ebris\u00eb po ikin nga vitit n\u00eb vit mij\u00ebra shqiptar\u00eb, t\u00eb cil\u00ebt nuk e shohin t\u00eb ardhmen e tyre n\u00eb k\u00ebt\u00eb vend. Mij\u00ebrat e shqiptar\u00ebve q\u00eb ikin, duket se qeveria po tento t\u2019i z\u00ebvend\u00ebsoj\u00eb me muxhahedin\u00eb e luft\u00ebtar\u00eb t\u00eb ISIS!<\/p>\n<p><img data-recalc-dims=\"1\" loading=\"lazy\" decoding=\"async\" data-attachment-id=\"8559\" data-permalink=\"https:\/\/www.shqiperia.com\/blog\/qeveria-e-fshehu-ne-shqiperi-do-strehohen-luftetaret-e-isis-vasili-tradheti-ndaj-shqiptareve\/vasili-rama-isi\/\" data-orig-file=\"https:\/\/i0.wp.com\/www.shqiperia.com\/blog\/wp-content\/uploads\/2018\/06\/vasili-rama-isi.jpg?fit=800%2C600&amp;ssl=1\" data-orig-size=\"800,600\" data-comments-opened=\"1\" data-image-meta=\"{&quot;aperture&quot;:&quot;0&quot;,&quot;credit&quot;:&quot;&quot;,&quot;camera&quot;:&quot;&quot;,&quot;caption&quot;:&quot;&quot;,&quot;created_timestamp&quot;:&quot;0&quot;,&quot;copyright&quot;:&quot;&quot;,&quot;focal_length&quot;:&quot;0&quot;,&quot;iso&quot;:&quot;0&quot;,&quot;shutter_speed&quot;:&quot;0&quot;,&quot;title&quot;:&quot;&quot;,&quot;orientation&quot;:&quot;1&quot;}\" data-image-title=\"vasili-rama-isi\" data-image-description=\"\" data-image-caption=\"\" data-medium-file=\"https:\/\/i0.wp.com\/www.shqiperia.com\/blog\/wp-content\/uploads\/2018\/06\/vasili-rama-isi.jpg?fit=300%2C225&amp;ssl=1\" data-large-file=\"https:\/\/i0.wp.com\/www.shqiperia.com\/blog\/wp-content\/uploads\/2018\/06\/vasili-rama-isi.jpg?fit=800%2C600&amp;ssl=1\" class=\"alignnone wp-image-8559\" alt=\"\" src=\"https:\/\/i0.wp.com\/www.shqiperia.com\/blog\/wp-content\/uploads\/2018\/06\/vasili-rama-isi-300x225.jpg?resize=467%2C350\" width=\"467\" height=\"350\" srcset=\"https:\/\/i0.wp.com\/www.shqiperia.com\/blog\/wp-content\/uploads\/2018\/06\/vasili-rama-isi.jpg?resize=300%2C225&amp;ssl=1 300w, https:\/\/i0.wp.com\/www.shqiperia.com\/blog\/wp-content\/uploads\/2018\/06\/vasili-rama-isi.jpg?resize=768%2C576&amp;ssl=1 768w, https:\/\/i0.wp.com\/www.shqiperia.com\/blog\/wp-content\/uploads\/2018\/06\/vasili-rama-isi.jpg?w=800&amp;ssl=1 800w\" sizes=\"auto, (max-width: 467px) 100vw, 467px\" \/><\/p>\n<p><strong>INTERVISTA E PETRIT VASILIT<\/strong><\/p>\n<p>Kreu i grupit parlamentar t\u00eb LSI, Petrit Vasili ishte i pari nga klasa politike q\u00eb reagoi mbi mund\u00ebsin\u00eb e ngritjes n\u00eb Shqip\u00ebri t\u00eb nj\u00eb qendre koordinimi p\u00ebr luft\u00ebtar\u00ebt e ISIS q\u00eb kthehen n\u00eb Ballkan. Lidhur me q\u00ebndrimet e tij mbi k\u00ebt\u00eb \u00e7\u00ebshtje, Vasili foli n\u00eb nj\u00eb intervist\u00eb p\u00ebr \u201cstandard\u201d , ku theksoi se nj\u00eb vendim i till\u00eb i qeveris\u00eb shkon n\u00eb kund\u00ebrshti me interesat e qytetar\u00ebve shqiptar\u00eb dhe n\u00eb favor t\u00eb interesave politike t\u00eb \u00e7astit t\u00eb mazhoranc\u00ebs. Po ashtu Vasili duke marr\u00eb parasysh situat\u00ebn e krimit dhe siguris\u00eb n\u00eb vend, pohoi se qeveria shqiptare \u00ebsht\u00eb nj\u00eb partner i gabuar p\u00ebr k\u00ebto detyra delikate.<\/p>\n<p>N\u00eb nj\u00eb intervist\u00eb p\u00ebr gazet\u00ebn \u201cStandard\u201d, Vasili thot\u00eb se\u00a0Shqip\u00ebria \u00ebsht\u00eb nj\u00eb vend i pap\u00ebrshtatsh\u00ebm p\u00ebr k\u00ebto detyra delikate.<\/p>\n<p><strong>Intervistoi: G\u00cbZIM SALIU\u00a0<\/strong><\/p>\n<p><strong>Duke marr\u00eb shkas nga deklaratat e kryeministrit bullgar n\u00eb Tiran\u00eb, cili \u00ebsht\u00eb mendimi juaj p\u00ebr mund\u00ebsin\u00eb e ngritjes n\u00eb Shqip\u00ebri t\u00eb nj\u00eb qendre koordinimi p\u00ebr luft\u00ebtar\u00ebt q\u00eb kthehen nga ISIS? <\/strong><\/p>\n<p>\u00cbsht\u00eb anormale q\u00eb nj\u00eb lajm i till\u00eb p\u00ebr ngritjen e nj\u00eb qendre koordinimi p\u00ebr luft\u00ebtaret q\u00eb kthehen nga ISIS, t\u2019u jepet shqiptar\u00ebve nga kryeministri i nj\u00eb vendi tjet\u00ebr. \u00cbshte e papranueshme q\u00eb p\u00ebr nj\u00eb strukture q\u00eb do t\u00eb vendoset n\u00eb Shqip\u00ebri t\u00eb tjer\u00ebt nga jasht\u00eb t\u00eb na e thon\u00eb dhe ky \u00ebsht\u00eb nj\u00eb skandal i v\u00ebrtet\u00eb. K\u00ebrkush nuk di sot asgj\u00eb me shum\u00eb nga \u00e7\u2019d\u00ebgjoi nga nj\u00eb kryeminist\u00ebr i huaj n\u00eb nj\u00eb konference shtypi, thuajse po i b\u00ebnin nj\u00eb dhurat\u00eb Shqip\u00ebris\u00eb dhe po b\u00ebhej nj\u00eb gar\u00eb se kush e kush do ta thoshte m\u00eb par\u00eb k\u00ebt\u00eb sihariq t\u00eb madh.<\/p>\n<p>Ndaj sot cdo gj\u00eb \u00ebsht\u00eb e paqart\u00eb , \u00ebsht\u00eb e qart\u00eb vet\u00ebm qe kryeministri shqiptar u fshihet shqiptar\u00ebve, k\u00ebrkon t\u00eb ver\u00eb ata p\u00ebrpara faktit t\u00eb kryer sic tentoi t\u00eb b\u00ebnte edhe me arm\u00ebt kimike ku sjellja e tij ishte po e nj\u00ebjt\u00eb si dy pika uji me k\u00ebt\u00eb t\u00eb sotmen.<\/p>\n<p><strong>N\u00eb Shqip\u00ebri jan\u00eb tashm\u00eb t\u00eb strehuar 3 mij\u00eb muxhahedin\u00eb iranian\u00eb, an\u00ebtar\u00eb t\u00eb opozit\u00ebs s\u00eb Iranit dhe tani mund\u00ebsia \u00ebsht\u00eb, q\u00eb t\u00eb vijn\u00eb edhe luft\u00ebtar\u00eb t\u00eb ISIS. A i ka kapacitetet vendi yn\u00eb p\u00ebr t\u00eb marr\u00eb p\u00ebrsip\u00ebr nj\u00eb mision t\u00eb till\u00eb? Duke mbetur n\u00eb k\u00ebt\u00eb pik\u00eb, sa sipas jush rrezikohet siguria e vendit?<\/strong><\/p>\n<p>\u00cbshte e qart\u00eb p\u00ebr k\u00ebdo q\u00eb p\u00ebr shkak t\u00eb nj\u00eb qeverisje thell\u00ebsisht t\u00eb inkriminuar,\u00a0 Shqip\u00ebria ka sot me pak siguri dhe institucione t\u00eb siguris\u00eb komb\u00ebtare, q\u00eb nuk g\u00ebzojne aspak besim, q\u00eb jan\u00eb t\u00eb p\u00ebrfshira n\u00eb trafiqe, q\u00eb jan\u00eb dekonsipruese edhe t\u00eb aksioneve q\u00eb nisin nga jasht\u00eb nga sh\u00ebrbimet partnere dhe n\u00eb vend se t\u00eb jene bashk\u00ebluftetare n\u00eb betej\u00ebn ndaj trafiqeve dhe krimit,\u00a0 jan\u00eb instrument n\u00eb duart e tyre.<\/p>\n<p>P\u00ebr k\u00ebto arsye t\u00eb m\u00ebdha qeveria \u00ebsht\u00eb nj\u00eb partner i gabuar dhe Shqip\u00ebria \u00ebsht\u00eb nj\u00eb vend i pap\u00ebrshtatsh\u00ebm p\u00ebr k\u00ebto detyra delikate, pasi qeveria e cila ka detyr\u00eb q\u00eb t\u00eb prodhoj\u00eb siguri publike t\u00eb lart\u00eb p\u00ebr qytetar\u00ebt e saj, nj\u00eb detyr\u00eb t\u00eb cil\u00ebs i ka munguar thell\u00ebsisht dhe me dashje, k\u00ebsisoj cdo ngarkes\u00eb e m\u00ebtejshme me \u00e7\u00ebhtje te tilla delikate do t\u00eb ishte nj\u00eb problem m\u00eb shum\u00eb p\u00ebr qytetar\u00ebt shqiptar\u00eb.<\/p>\n<p><strong>Si n\u00eb rastin e muxhahedin\u00ebve, por sidomos tani t\u00eb luft\u00ebtar\u00ebve t\u00eb ISIS, vendimmarja \u00ebsht\u00eb n\u00eb dor\u00ebn e qeveris\u00eb. Mendoni se vendime t\u00eb tilla me r\u00ebnd\u00ebsi p\u00ebr sigurin\u00eb e t\u00eb ardhmen e vendit duhet t\u00eb jen\u00eb n\u00eb dor\u00eb t\u00eb Parlamentit?<\/strong><\/p>\n<p>Ashtu si ne rastin e muhaxhedin\u00ebve vendime t\u00eb tilla q\u00eb shtrihen n\u00eb koh\u00eb t\u00eb gjat\u00eb ,q\u00eb jan\u00eb tep\u00ebr delikate p\u00ebr specifik\u00ebn e tyre dhe q\u00eb kan\u00eb t\u00eb b\u00ebjn\u00eb drejtp\u00ebrs\u00ebdrejti me sigurin\u00eb publike t\u00eb qytetar\u00ebve duhet t\u00eb jen\u00eb atribut i vendimarrjes s\u00eb parlamentit ku t\u00eb sqarohet qart\u00eb : 1. Pse vende t\u00eb tjera m\u00eb t\u00eb fuqishme se Shqip\u00ebria n\u00eb cdo pik\u00ebpamje nuk i marrin p\u00ebrsiper k\u00ebto probleme ; 2. A jan\u00eb shqiptar\u00ebt t\u00eb gatsh\u00ebm t\u00eb pranojn\u00eb probleme t\u00eb tilla delikate dhe m\u00eb shum\u00eb t\u00eb panjohura; 3.Cili \u00ebsht\u00eb bilanci pas analiz\u00ebs mes efekteve dhe negative t\u00eb k\u00ebtyre sip\u00ebrmarjeve politike; 4. Pse qeveria sistematikisht i shmanget trasparenc\u00ebs me publikun dhe vecan\u00ebrisht me Parlamentin. Pa asnj\u00eb diskutim q\u00eb vendimarrje t\u00eb tilla duhet t\u00eb jen\u00eb n\u00eb m\u00ebnyr\u00eb t\u00eb padiskutueshme vendimmarrje e Parlamentit si p\u00ebrfaqesuesit i vullnetit t\u00eb t\u00eb gjith\u00eb popullit.<\/p>\n<p><strong>\u00a0<\/strong><\/p>\n<p><strong>Duket paradoksale n\u00eb fakt, kur mendon se vendit i ikin cdo vit mij\u00ebra qytetar\u00eb, nj\u00eb pjes\u00eb me llotari amerikane e nj\u00eb pjese p\u00ebrmes emigrimit illegal e nd\u00ebrsa s\u00eb fundmi po i bashkohen muxhahedin\u00eb e luft\u00ebtar\u00eb t\u00eb ISIS. \u00c7\u2019po ndodh sipas jush me Shqip\u00ebrin\u00eb? <\/strong><\/p>\n<p>\u00cbsht\u00eb v\u00ebrtet paradoksale dhe pjes\u00eb e nj\u00eb strategjie t\u00eb lig\u00eb q\u00eb Shqiperia qeveritare \u00e7faqet mikprit\u00ebse dhe zem\u00ebrdhembshur p\u00ebr k\u00ebdo, por paraqitet n\u00eb t\u00eb njejt\u00ebn koh\u00eb tep\u00ebr e eg\u00ebr vete qeveria me shqiptar\u00ebt\u00a0 t\u00eb cil\u00ebt ikin me dhjet\u00ebra mijra nga vendi p\u00ebr shkak t\u00eb nj\u00eb qeverisje t\u00eb keqe dhe t\u00eb nj\u00eb kryeministri q\u00eb ngaz\u00ebllehet e thot\u00eb se s\u2019ka asnj\u00eb problem se qindra mijra shqiptar\u00eb braktisin vendin dhe ku p\u00ebr emigracionin nga 7 n\u00eb 17 vje\u00e7, jemi vendi i par\u00eb n\u00eb Europe dhe ku 56% e shqiptar\u00ebve duan t\u00eb ikin shum\u00eb m\u00eb shum\u00eb se sa sirian\u00ebt q\u00eb po p\u00ebrballen me nj\u00eb luft\u00eb shum\u00eb t\u00eb eg\u00ebr.<\/p>\n<p><strong>I shihni k\u00ebto l\u00ebvizje t\u00eb qeveris\u00eb si veprime q\u00eb synojn\u00eb faktorizimin e Shqip\u00ebris\u00eb ne Evrop\u00eb e m\u00eb gjer\u00eb apo si l\u00ebvizje taktike me interesa t\u00eb qarta politike n\u00eb favor t\u00eb mazhoranc\u00ebs e n\u00eb kurriz t\u00eb qytetar\u00ebve?<\/strong><\/p>\n<p>Pa asnj\u00eb dilem\u00eb do t\u2019u thosha se k\u00ebto l\u00ebvizje jane produkt i nj\u00eb taktike p\u00ebr interesa politike t\u00eb \u00e7astit t\u00eb qeveris\u00eb, pasi nj\u00eb qeveri q\u00eb ka q\u00ebllime t\u00eb mira ja b\u00ebn trasparente problemin popullit t\u00eb saj dhe vecan\u00ebrisht Parlamentit, nga ku edhe lind cdo qeveri, dhe nuk ka pse fshihet dhe nuk ka pse vepron me strategjin\u00eb e faktit t\u00eb kryer.<\/p>\n<p><img data-recalc-dims=\"1\" loading=\"lazy\" decoding=\"async\" data-attachment-id=\"8560\" data-permalink=\"https:\/\/www.shqiperia.com\/blog\/qeveria-e-fshehu-ne-shqiperi-do-strehohen-luftetaret-e-isis-vasili-tradheti-ndaj-shqiptareve\/34741155_10212262285456732_7535230459647623168_n\/\" data-orig-file=\"https:\/\/i0.wp.com\/www.shqiperia.com\/blog\/wp-content\/uploads\/2018\/06\/34741155_10212262285456732_7535230459647623168_n.png?fit=936%2C558&amp;ssl=1\" data-orig-size=\"936,558\" data-comments-opened=\"1\" data-image-meta=\"{&quot;aperture&quot;:&quot;0&quot;,&quot;credit&quot;:&quot;&quot;,&quot;camera&quot;:&quot;&quot;,&quot;caption&quot;:&quot;&quot;,&quot;created_timestamp&quot;:&quot;0&quot;,&quot;copyright&quot;:&quot;&quot;,&quot;focal_length&quot;:&quot;0&quot;,&quot;iso&quot;:&quot;0&quot;,&quot;shutter_speed&quot;:&quot;0&quot;,&quot;title&quot;:&quot;&quot;,&quot;orientation&quot;:&quot;0&quot;}\" data-image-title=\"34741155_10212262285456732_7535230459647623168_n\" data-image-description=\"\" data-image-caption=\"\" data-medium-file=\"https:\/\/i0.wp.com\/www.shqiperia.com\/blog\/wp-content\/uploads\/2018\/06\/34741155_10212262285456732_7535230459647623168_n.png?fit=300%2C179&amp;ssl=1\" data-large-file=\"https:\/\/i0.wp.com\/www.shqiperia.com\/blog\/wp-content\/uploads\/2018\/06\/34741155_10212262285456732_7535230459647623168_n.png?fit=936%2C558&amp;ssl=1\" class=\"alignnone wp-image-8560\" alt=\"\" src=\"https:\/\/i0.wp.com\/www.shqiperia.com\/blog\/wp-content\/uploads\/2018\/06\/34741155_10212262285456732_7535230459647623168_n-300x179.png?resize=607%2C362\" width=\"607\" height=\"362\" srcset=\"https:\/\/i0.wp.com\/www.shqiperia.com\/blog\/wp-content\/uploads\/2018\/06\/34741155_10212262285456732_7535230459647623168_n.png?resize=300%2C179&amp;ssl=1 300w, https:\/\/i0.wp.com\/www.shqiperia.com\/blog\/wp-content\/uploads\/2018\/06\/34741155_10212262285456732_7535230459647623168_n.png?resize=768%2C458&amp;ssl=1 768w, https:\/\/i0.wp.com\/www.shqiperia.com\/blog\/wp-content\/uploads\/2018\/06\/34741155_10212262285456732_7535230459647623168_n.png?w=936&amp;ssl=1 936w\" sizes=\"auto, (max-width: 607px) 100vw, 607px\" \/><\/p>\n<p>Kryeministri \u00ebsht\u00eb thjesht administratori i radh\u00ebs s\u00eb qeverisjes s\u00eb radhes, nd\u00ebrsa interesat e Shqiperis\u00eb jan\u00eb afatgjata ato tejkalojn\u00eb shum\u00eb mandatet e qeverive ndaj edhe kryeministri duke marr\u00eb vendime t\u00eb tilla t\u00eb nj\u00ebanshme, fshehurazi nga shqiptar\u00ebt, \u00a0thjesht po i tradh\u00ebton ata dhe atdheun e tyre. Ka vet\u00ebm nj\u00eb zgjidhje kjo situat\u00eb paradoksale q\u00eb t\u00eb gjitha mekanizmat parlamentare,\u00a0 por edhe ato t\u00eb shoq\u00ebrise civile dhe opinionit t\u00eb gjer\u00eb publik tq njihen dhe t\u00eb thon\u00eb t\u00eb tyren p\u00ebr ato q\u00eb do t\u00eb ndodhin n\u00eb atdheun e tyre. Kryeministri q\u00eb i fshihet popullit, vepron kund\u00ebr popullit.<\/p>\n<p>STANDARD.Al<\/p>\n","protected":false},"excerpt":{"rendered":"<p>Qeveria e fshehu\/ N\u00eb Shqip\u00ebri do strehohen luft\u00ebtar\u00ebt e ISIS, Vasili: \u201cTradh\u00ebti ndaj shqiptar\u00ebve\u201d. &#8211; Kaloi pa marr\u00eb shum\u00eb v\u00ebmendje aty p\u00ebr aty, deklarata e kryeministrit t\u00eb Bullgaris\u00eb Boyko Borissov n\u00eb Tiran\u00eb, ku mori pjes\u00eb n\u00eb nj\u00eb konference kund\u00ebr Ekstramizmit t\u00eb Dhunsh\u00ebm. N\u00eb fjal\u00ebn e tij , kryeministri bullgar, vendi i t\u00eb cilit mban edhe [&hellip;]<\/p>\n","protected":false},"author":9,"featured_media":8556,"comment_status":"open","ping_status":"open","sticky":false,"template":"","format":"standard","meta":{"jetpack_post_was_ever_published":false,"_jetpack_newsletter_access":"","_jetpack_dont_email_post_to_subs":false,"_jetpack_newsletter_tier_id":0,"_jetpack_memberships_contains_paywalled_content":false,"_jetpack_memberships_contains_paid_content":false,"footnotes":"","jetpack_publicize_message":"","jetpack_publicize_feature_enabled":true,"jetpack_social_post_already_shared":true,"jetpack_social_options":{"image_generator_settings":{"template":"highway","default_image_id":0,"font":"","enabled":false},"version":2}},"categories":[1,2,35],"tags":[],"class_list":["post-8555","post","type-post","status-publish","format-standard","has-post-thumbnail","hentry","category-njoftime-shtypi","category-politika","category-shoqerore"],"jetpack_publicize_connections":[],"jetpack_featured_media_url":"https:\/\/i0.wp.com\/www.shqiperia.com\/blog\/wp-content\/uploads\/2018\/06\/images-3.jpg?fit=300%2C168&ssl=1","jetpack_sharing_enabled":true,"jetpack_shortlink":"https:\/\/wp.me\/p5Z6wp-2dZ","jetpack-related-posts":[{"id":8581,"url":"https:\/\/www.shqiperia.com\/blog\/vasili-rama-genjen-per-ish-luftetaret-e-isis\/","url_meta":{"origin":8555,"position":0},"title":"Vasili: Rama g\u00ebnjen p\u00ebr ish-luft\u00ebtar\u00ebt e ISIS. &#8211;","author":"Kurt Farka","date":"June 9, 2018","format":false,"excerpt":"Vasili: Rama g\u00ebnjen p\u00ebr ish-luft\u00ebtar\u00ebt e ISIS.- 8 Qershor, 2018 Kreu i deputet\u00ebve t\u00eb LSI-s\u00eb, Petrit Vasili reagoi sot pas deklarat\u00ebs s\u00eb Kryeministris\u00eb, e cili i cil\u00ebsoi spekulime idet\u00eb p\u00ebr ngritjen e nj\u00eb qendre p\u00ebr rehabilitimin e ish-terrorist\u00ebve t\u00eb ISIS nga rajoni i Ballkanit. Petrit Vasili risjell\u00eb edhe nj\u00eb her\u00eb\u2026","rel":"","context":"In &quot;Njoftime Shtypi&quot;","block_context":{"text":"Njoftime Shtypi","link":"https:\/\/www.shqiperia.com\/blog\/category\/njoftime-shtypi\/"},"img":{"alt_text":"","src":"https:\/\/i0.wp.com\/www.shqiperia.com\/blog\/wp-content\/uploads\/2018\/06\/Petrit-Vasili.jpg?fit=768%2C479&ssl=1&resize=350%2C200","width":350,"height":200,"srcset":"https:\/\/i0.wp.com\/www.shqiperia.com\/blog\/wp-content\/uploads\/2018\/06\/Petrit-Vasili.jpg?fit=768%2C479&ssl=1&resize=350%2C200 1x, https:\/\/i0.wp.com\/www.shqiperia.com\/blog\/wp-content\/uploads\/2018\/06\/Petrit-Vasili.jpg?fit=768%2C479&ssl=1&resize=525%2C300 1.5x, https:\/\/i0.wp.com\/www.shqiperia.com\/blog\/wp-content\/uploads\/2018\/06\/Petrit-Vasili.jpg?fit=768%2C479&ssl=1&resize=700%2C400 2x"},"classes":[]},{"id":8535,"url":"https:\/\/www.shqiperia.com\/blog\/pse-edi-rama-po-merr-ish-luftetaret-e-isis-ne-tirane\/","url_meta":{"origin":8555,"position":1},"title":"Pse Edi Rama po merr ish-luft\u00ebtar\u00ebt e ISIS n\u00eb Tiran\u00eb? &#8211;","author":"Kurt Farka","date":"June 7, 2018","format":false,"excerpt":"Pse Edi Rama po merr ish-luft\u00ebtar\u00ebt e ISIS n\u00eb Tiran\u00eb? E pse t\u00eb mos e lavd\u00ebrojn\u00eb kryeministrin Rama, shtetet e Rajonit dhe n\u00eb BE?! I largojn\u00eb nga vetja ish-terrorist\u00ebt dhe na i rrasin ne si Shqip\u00ebri. Nga Qamil Xhani \u2013 Qeveria shqiptare ka planifikuar nd\u00ebrtimin e nj\u00eb qendre rajonale p\u00ebr\u2026","rel":"","context":"In &quot;Blogu i Udh\u00ebtarit&quot;","block_context":{"text":"Blogu i Udh\u00ebtarit","link":"https:\/\/www.shqiperia.com\/blog\/category\/blogu-i-udhetarit\/"},"img":{"alt_text":"","src":"https:\/\/i0.wp.com\/www.shqiperia.com\/blog\/wp-content\/uploads\/2018\/06\/Islamic-State-front-cover-696x385.jpg?fit=696%2C385&ssl=1&resize=350%2C200","width":350,"height":200,"srcset":"https:\/\/i0.wp.com\/www.shqiperia.com\/blog\/wp-content\/uploads\/2018\/06\/Islamic-State-front-cover-696x385.jpg?fit=696%2C385&ssl=1&resize=350%2C200 1x, https:\/\/i0.wp.com\/www.shqiperia.com\/blog\/wp-content\/uploads\/2018\/06\/Islamic-State-front-cover-696x385.jpg?fit=696%2C385&ssl=1&resize=525%2C300 1.5x"},"classes":[]},{"id":8644,"url":"https:\/\/www.shqiperia.com\/blog\/ekspertet-e-huaj-shqiperia-nuk-po-lufton-dot-mafian-e-saj-tani-do-strehoje-edhe-luftetaret-e-shtetit-islamik\/","url_meta":{"origin":8555,"position":2},"title":"Ekspert\u00ebt e huaj: Shqip\u00ebria nuk po lufton dot mafian e saj, tani do strehoj\u00eb edhe luft\u00ebtar\u00ebt e Shtetit Islamik. &#8211;","author":"Kurt Farka","date":"June 11, 2018","format":false,"excerpt":"Ekspert\u00ebt e huaj: Shqip\u00ebria nuk po lufton dot mafian e saj, tani do strehoj\u00eb edhe luft\u00ebtar\u00ebt e Shtetit Islamik Shqip\u00ebria do t\u00eb b\u00ebhet nj\u00eb qend\u00ebr e koordinimit p\u00ebr luft\u00ebtar\u00ebt e kthyer t\u00eb Shtetit Islamik. K\u00ebshtu deklaroi kryeministri bullgar, Boyko Borissov gjat\u00eb nj\u00eb konference p\u00ebr shtyp n\u00eb Tiran\u00eb, duke trazuar opinionin\u2026","rel":"","context":"In &quot;Blogu i Udh\u00ebtarit&quot;","block_context":{"text":"Blogu i Udh\u00ebtarit","link":"https:\/\/www.shqiperia.com\/blog\/category\/blogu-i-udhetarit\/"},"img":{"alt_text":"","src":"https:\/\/i0.wp.com\/www.shqiperia.com\/blog\/wp-content\/uploads\/2018\/06\/rama-7.jpg?fit=640%2C427&ssl=1&resize=350%2C200","width":350,"height":200,"srcset":"https:\/\/i0.wp.com\/www.shqiperia.com\/blog\/wp-content\/uploads\/2018\/06\/rama-7.jpg?fit=640%2C427&ssl=1&resize=350%2C200 1x, https:\/\/i0.wp.com\/www.shqiperia.com\/blog\/wp-content\/uploads\/2018\/06\/rama-7.jpg?fit=640%2C427&ssl=1&resize=525%2C300 1.5x"},"classes":[]},{"id":80741,"url":"https:\/\/www.shqiperia.com\/blog\/luftetaret-shqiptare-te-isis-identifikon-19-persona-ne-burgjet-kurde-dhe-ne-siri\/","url_meta":{"origin":8555,"position":3},"title":"Luft\u00ebtar\u00ebt shqiptar\u00eb t\u00eb ISIS, identifikon 19 persona n\u00eb burgjet kurde dhe n\u00eb Siri","author":"Kurt Farka","date":"May 7, 2024","format":false,"excerpt":"7 Maji 2024 Shqiptar\u00ebt t\u00eb cil\u00ebt nd\u00ebr vite i jan\u00eb bashkuar organizat\u00ebs terroriste Isis jan\u00eb n\u00eb v\u00ebmendje t\u00eb drejtoris\u00eb s\u00eb antiterrorit n\u00eb policin\u00eb e shtetit e cila po b\u00ebn nj\u00eb pun\u00eb voluminoze n\u00eb bashk\u00ebpunim dhe me partner\u00eb t\u00eb huaj p\u00ebr t\u00eb identifikuar t\u00eb gjith\u00eb shqiptar\u00ebt q\u00eb jan\u00eb ende gjall\u00eb n\u00eb\u2026","rel":"","context":"In &quot;Blogu i Udh\u00ebtarit&quot;","block_context":{"text":"Blogu i Udh\u00ebtarit","link":"https:\/\/www.shqiperia.com\/blog\/category\/blogu-i-udhetarit\/"},"img":{"alt_text":"","src":"https:\/\/i0.wp.com\/www.shqiperia.com\/blog\/wp-content\/uploads\/2024\/05\/640-0-048509f2015b3ff9655d981fbfc5d6c1.jpg?fit=640%2C336&ssl=1&resize=350%2C200","width":350,"height":200,"srcset":"https:\/\/i0.wp.com\/www.shqiperia.com\/blog\/wp-content\/uploads\/2024\/05\/640-0-048509f2015b3ff9655d981fbfc5d6c1.jpg?fit=640%2C336&ssl=1&resize=350%2C200 1x, https:\/\/i0.wp.com\/www.shqiperia.com\/blog\/wp-content\/uploads\/2024\/05\/640-0-048509f2015b3ff9655d981fbfc5d6c1.jpg?fit=640%2C336&ssl=1&resize=525%2C300 1.5x"},"classes":[]},{"id":57108,"url":"https:\/\/www.shqiperia.com\/blog\/kemi-kohe-pa-e-pare-diellin-gra-dhe-femije-strehohen-ne-uzinen-e-celikut-ne-mariupol-apeli-per-ndihme\/","url_meta":{"origin":8555,"position":4},"title":"&#8220;Kemi koh\u00eb pa e par\u00eb diellin. &#8211; \u00a0Gra dhe f\u00ebmij\u00eb strehohen n\u00eb uzin\u00ebn e \u00e7elikut n\u00eb Mariupol, apeli p\u00ebr ndihm\u00eb","author":"Kurt Farka","date":"April 23, 2022","format":false,"excerpt":"\"Kemi koh\u00eb pa e par\u00eb diellin. - \u00a0Gra dhe f\u00ebmij\u00eb strehohen n\u00eb uzin\u00ebn e \u00e7elikut n\u00eb Mariupol, apeli p\u00ebr ndihm\u00eb 23 PRILL 2022 Uzina e \u00e7elikut n\u00eb Mariupol \u00ebsht\u00eb e vetmja zon\u00eb n\u00eb k\u00ebt\u00eb qytet q\u00eb vijon rezistenc\u00ebn ndaj rus\u00ebve, teksa pjesa tjet\u00ebr \u00ebsht\u00eb pushtuar. Gra dhe f\u00ebmij\u00eb t\u00eb strehuar\u2026","rel":"","context":"In &quot;Blogu i Udh\u00ebtarit&quot;","block_context":{"text":"Blogu i Udh\u00ebtarit","link":"https:\/\/www.shqiperia.com\/blog\/category\/blogu-i-udhetarit\/"},"img":{"alt_text":"","src":"https:\/\/i0.wp.com\/www.shqiperia.com\/blog\/wp-content\/uploads\/2022\/04\/640-0-626403bcd6782.jpeg?fit=640%2C363&ssl=1&resize=350%2C200","width":350,"height":200,"srcset":"https:\/\/i0.wp.com\/www.shqiperia.com\/blog\/wp-content\/uploads\/2022\/04\/640-0-626403bcd6782.jpeg?fit=640%2C363&ssl=1&resize=350%2C200 1x, https:\/\/i0.wp.com\/www.shqiperia.com\/blog\/wp-content\/uploads\/2022\/04\/640-0-626403bcd6782.jpeg?fit=640%2C363&ssl=1&resize=525%2C300 1.5x"},"classes":[]},{"id":19244,"url":"https:\/\/www.shqiperia.com\/blog\/femijet-shqiptare-te-ngujuar-ne-kampin-sirian-oj-sare\/","url_meta":{"origin":8555,"position":5},"title":"F\u00ebmij\u00ebt shqiptar\u00eb t\u00eb ngujuar n\u00eb kampin sirian: Oj Sar\u00eb\u2026","author":"Kurt Farka","date":"April 6, 2019","format":false,"excerpt":"F\u00ebmij\u00ebt shqiptar\u00eb t\u00eb ngujuar n\u00eb kampin sirian: Oj Sar\u00eb\u2026 Nga: Alma Nikolli Nga: Gazeta Shqiptare. \u201cHaxhi\u201d, \u201cOj Sar\u00eb\u201d, \u201cku o Sara\u201d, jan\u00eb fjal\u00ebt shqip q\u00eb d\u00ebgjohen trishtuesh\u00ebm n\u00eb nj\u00eb kamp t\u00eb izoluar n\u00eb Siri. Aty jan\u00eb strehuar t\u00eb af\u00ebrm t\u00eb luft\u00ebtar\u00ebve t\u00eb ISIS-it, e nj\u00eb video e publikuar nga The\u2026","rel":"","context":"In &quot;Histori&quot;","block_context":{"text":"Histori","link":"https:\/\/www.shqiperia.com\/blog\/category\/histori\/"},"img":{"alt_text":"","src":"https:\/\/i0.wp.com\/www.shqiperia.com\/blog\/wp-content\/uploads\/2019\/04\/F%C3%ABmij%C3%ABt-shqiptar%C3%AB-t%C3%AB-ngujuar-n%C3%AB-kampin-sirian.png?fit=770%2C433&ssl=1&resize=350%2C200","width":350,"height":200,"srcset":"https:\/\/i0.wp.com\/www.shqiperia.com\/blog\/wp-content\/uploads\/2019\/04\/F%C3%ABmij%C3%ABt-shqiptar%C3%AB-t%C3%AB-ngujuar-n%C3%AB-kampin-sirian.png?fit=770%2C433&ssl=1&resize=350%2C200 1x, https:\/\/i0.wp.com\/www.shqiperia.com\/blog\/wp-content\/uploads\/2019\/04\/F%C3%ABmij%C3%ABt-shqiptar%C3%AB-t%C3%AB-ngujuar-n%C3%AB-kampin-sirian.png?fit=770%2C433&ssl=1&resize=525%2C300 1.5x, https:\/\/i0.wp.com\/www.shqiperia.com\/blog\/wp-content\/uploads\/2019\/04\/F%C3%ABmij%C3%ABt-shqiptar%C3%AB-t%C3%AB-ngujuar-n%C3%AB-kampin-sirian.png?fit=770%2C433&ssl=1&resize=700%2C400 2x"},"classes":[]}],"_links":{"self":[{"href":"https:\/\/www.shqiperia.com\/blog\/wp-json\/wp\/v2\/posts\/8555","targetHints":{"allow":["GET"]}}],"collection":[{"href":"https:\/\/www.shqiperia.com\/blog\/wp-json\/wp\/v2\/posts"}],"about":[{"href":"https:\/\/www.shqiperia.com\/blog\/wp-json\/wp\/v2\/types\/post"}],"author":[{"embeddable":true,"href":"https:\/\/www.shqiperia.com\/blog\/wp-json\/wp\/v2\/users\/9"}],"replies":[{"embeddable":true,"href":"https:\/\/www.shqiperia.com\/blog\/wp-json\/wp\/v2\/comments?post=8555"}],"version-history":[{"count":1,"href":"https:\/\/www.shqiperia.com\/blog\/wp-json\/wp\/v2\/posts\/8555\/revisions"}],"predecessor-version":[{"id":8561,"href":"https:\/\/www.shqiperia.com\/blog\/wp-json\/wp\/v2\/posts\/8555\/revisions\/8561"}],"wp:featuredmedia":[{"embeddable":true,"href":"https:\/\/www.shqiperia.com\/blog\/wp-json\/wp\/v2\/media\/8556"}],"wp:attachment":[{"href":"https:\/\/www.shqiperia.com\/blog\/wp-json\/wp\/v2\/media?parent=8555"}],"wp:term":[{"taxonomy":"category","embeddable":true,"href":"https:\/\/www.shqiperia.com\/blog\/wp-json\/wp\/v2\/categories?post=8555"},{"taxonomy":"post_tag","embeddable":true,"href":"https:\/\/www.shqiperia.com\/blog\/wp-json\/wp\/v2\/tags?post=8555"}],"curies":[{"name":"wp","href":"https:\/\/api.w.org\/{rel}","templated":true}]}}