{"id":8547,"date":"2018-06-08T12:59:17","date_gmt":"2018-06-08T12:59:17","guid":{"rendered":"http:\/\/www.shqiperia.com\/blog\/?p=8547"},"modified":"2018-06-08T12:59:26","modified_gmt":"2018-06-08T12:59:26","slug":"briri-dhe-perdorimi-i-tij-ne-shqiperi","status":"publish","type":"post","link":"https:\/\/www.shqiperia.com\/blog\/briri-dhe-perdorimi-i-tij-ne-shqiperi\/","title":{"rendered":"Briri dhe p\u00ebrdorimi i tij n\u00eb Shqip\u00ebri . &#8211;"},"content":{"rendered":"<p><img data-recalc-dims=\"1\" loading=\"lazy\" decoding=\"async\" data-attachment-id=\"8548\" data-permalink=\"https:\/\/www.shqiperia.com\/blog\/briri-dhe-perdorimi-i-tij-ne-shqiperi\/briri-brini-i-zumares-2\/\" data-orig-file=\"https:\/\/i0.wp.com\/www.shqiperia.com\/blog\/wp-content\/uploads\/2018\/06\/Briri-brini-i-zumares-2.jpg?fit=960%2C604&amp;ssl=1\" data-orig-size=\"960,604\" data-comments-opened=\"1\" data-image-meta=\"{&quot;aperture&quot;:&quot;0&quot;,&quot;credit&quot;:&quot;&quot;,&quot;camera&quot;:&quot;&quot;,&quot;caption&quot;:&quot;&quot;,&quot;created_timestamp&quot;:&quot;0&quot;,&quot;copyright&quot;:&quot;&quot;,&quot;focal_length&quot;:&quot;0&quot;,&quot;iso&quot;:&quot;0&quot;,&quot;shutter_speed&quot;:&quot;0&quot;,&quot;title&quot;:&quot;&quot;,&quot;orientation&quot;:&quot;0&quot;}\" data-image-title=\"Briri (brini) i zumares (2)\" data-image-description=\"\" data-image-caption=\"\" data-medium-file=\"https:\/\/i0.wp.com\/www.shqiperia.com\/blog\/wp-content\/uploads\/2018\/06\/Briri-brini-i-zumares-2.jpg?fit=300%2C189&amp;ssl=1\" data-large-file=\"https:\/\/i0.wp.com\/www.shqiperia.com\/blog\/wp-content\/uploads\/2018\/06\/Briri-brini-i-zumares-2.jpg?fit=960%2C604&amp;ssl=1\" class=\"alignnone size-medium wp-image-8548\" alt=\"\" src=\"https:\/\/i0.wp.com\/www.shqiperia.com\/blog\/wp-content\/uploads\/2018\/06\/Briri-brini-i-zumares-2-300x189.jpg?resize=300%2C189\" width=\"300\" height=\"189\" srcset=\"https:\/\/i0.wp.com\/www.shqiperia.com\/blog\/wp-content\/uploads\/2018\/06\/Briri-brini-i-zumares-2.jpg?resize=300%2C189&amp;ssl=1 300w, https:\/\/i0.wp.com\/www.shqiperia.com\/blog\/wp-content\/uploads\/2018\/06\/Briri-brini-i-zumares-2.jpg?resize=768%2C483&amp;ssl=1 768w, https:\/\/i0.wp.com\/www.shqiperia.com\/blog\/wp-content\/uploads\/2018\/06\/Briri-brini-i-zumares-2.jpg?w=960&amp;ssl=1 960w\" sizes=\"auto, (max-width: 300px) 100vw, 300px\" \/><\/p>\n<p><span class=\"_5yl5\"><span>Briri dhe p\u00ebrdorimi i tij n\u00eb Shqip\u00ebri . &#8211;<br \/>\n<\/span><\/span><\/p>\n<p>Nga: Ermal Sela.<\/p>\n<p><span class=\"_5yl5\"><span> Briri i Zymares ( Zana Mare ) Brrir\u00ebt e kafsh\u00ebve mud ti hasim kudo t\u00eb varura n\u00eb hyrje t\u00eb sht\u00ebpive , me q\u00ebllimin largimin e syrit t\u00eb keq , mbar\u00ebsi , si zbukurime etj . Por briri \u00ebsht\u00eb p\u00ebrdorur dhe si intrument lajm\u00ebtar , rituale magjike , si en\u00eb p\u00ebr mbajtjen e krip\u00ebs dhe pjes\u00eb p\u00ebrb\u00ebr\u00ebse t\u00eb veglave muzikore tradicionale Shqip\u00ebtare , si p.sh gajdeja dhe zumarja . Briri q\u00eb shikojm\u00eb n\u00eb foto \u00ebsht\u00eb m\u00eb shum\u00eb se Nj\u00ebqind vjecar dhe \u00ebsht\u00eb punuar me metod\u00ebn e gdhendjes , p\u00ebrshtatur p\u00ebr nj\u00eb Zumare teke . <\/span><\/span><\/p>\n<p><span class=\"_5yl5\"><span><img data-recalc-dims=\"1\" loading=\"lazy\" decoding=\"async\" data-attachment-id=\"8549\" data-permalink=\"https:\/\/www.shqiperia.com\/blog\/briri-dhe-perdorimi-i-tij-ne-shqiperi\/34670862_10156338726998150_2154828355608772608_n\/\" data-orig-file=\"https:\/\/i0.wp.com\/www.shqiperia.com\/blog\/wp-content\/uploads\/2018\/06\/34670862_10156338726998150_2154828355608772608_n.jpg?fit=2048%2C1138&amp;ssl=1\" data-orig-size=\"2048,1138\" data-comments-opened=\"1\" data-image-meta=\"{&quot;aperture&quot;:&quot;0&quot;,&quot;credit&quot;:&quot;&quot;,&quot;camera&quot;:&quot;&quot;,&quot;caption&quot;:&quot;&quot;,&quot;created_timestamp&quot;:&quot;0&quot;,&quot;copyright&quot;:&quot;&quot;,&quot;focal_length&quot;:&quot;0&quot;,&quot;iso&quot;:&quot;0&quot;,&quot;shutter_speed&quot;:&quot;0&quot;,&quot;title&quot;:&quot;&quot;,&quot;orientation&quot;:&quot;0&quot;}\" data-image-title=\"34670862_10156338726998150_2154828355608772608_n\" data-image-description=\"\" data-image-caption=\"\" data-medium-file=\"https:\/\/i0.wp.com\/www.shqiperia.com\/blog\/wp-content\/uploads\/2018\/06\/34670862_10156338726998150_2154828355608772608_n.jpg?fit=300%2C167&amp;ssl=1\" data-large-file=\"https:\/\/i0.wp.com\/www.shqiperia.com\/blog\/wp-content\/uploads\/2018\/06\/34670862_10156338726998150_2154828355608772608_n.jpg?fit=1024%2C569&amp;ssl=1\" class=\"alignnone wp-image-8549\" alt=\"\" src=\"https:\/\/i0.wp.com\/www.shqiperia.com\/blog\/wp-content\/uploads\/2018\/06\/34670862_10156338726998150_2154828355608772608_n-300x167.jpg?resize=564%2C314\" width=\"564\" height=\"314\" srcset=\"https:\/\/i0.wp.com\/www.shqiperia.com\/blog\/wp-content\/uploads\/2018\/06\/34670862_10156338726998150_2154828355608772608_n.jpg?resize=300%2C167&amp;ssl=1 300w, https:\/\/i0.wp.com\/www.shqiperia.com\/blog\/wp-content\/uploads\/2018\/06\/34670862_10156338726998150_2154828355608772608_n.jpg?resize=768%2C427&amp;ssl=1 768w, https:\/\/i0.wp.com\/www.shqiperia.com\/blog\/wp-content\/uploads\/2018\/06\/34670862_10156338726998150_2154828355608772608_n.jpg?resize=1024%2C569&amp;ssl=1 1024w, https:\/\/i0.wp.com\/www.shqiperia.com\/blog\/wp-content\/uploads\/2018\/06\/34670862_10156338726998150_2154828355608772608_n.jpg?w=2048&amp;ssl=1 2048w\" sizes=\"auto, (max-width: 564px) 100vw, 564px\" \/> <img data-recalc-dims=\"1\" loading=\"lazy\" decoding=\"async\" data-attachment-id=\"8550\" data-permalink=\"https:\/\/www.shqiperia.com\/blog\/briri-dhe-perdorimi-i-tij-ne-shqiperi\/34752183_10156338726923150_4475850827218550784_n\/\" data-orig-file=\"https:\/\/i0.wp.com\/www.shqiperia.com\/blog\/wp-content\/uploads\/2018\/06\/34752183_10156338726923150_4475850827218550784_n.jpg?fit=960%2C586&amp;ssl=1\" data-orig-size=\"960,586\" data-comments-opened=\"1\" data-image-meta=\"{&quot;aperture&quot;:&quot;0&quot;,&quot;credit&quot;:&quot;&quot;,&quot;camera&quot;:&quot;&quot;,&quot;caption&quot;:&quot;&quot;,&quot;created_timestamp&quot;:&quot;0&quot;,&quot;copyright&quot;:&quot;&quot;,&quot;focal_length&quot;:&quot;0&quot;,&quot;iso&quot;:&quot;0&quot;,&quot;shutter_speed&quot;:&quot;0&quot;,&quot;title&quot;:&quot;&quot;,&quot;orientation&quot;:&quot;0&quot;}\" data-image-title=\"34752183_10156338726923150_4475850827218550784_n\" data-image-description=\"\" data-image-caption=\"\" data-medium-file=\"https:\/\/i0.wp.com\/www.shqiperia.com\/blog\/wp-content\/uploads\/2018\/06\/34752183_10156338726923150_4475850827218550784_n.jpg?fit=300%2C183&amp;ssl=1\" data-large-file=\"https:\/\/i0.wp.com\/www.shqiperia.com\/blog\/wp-content\/uploads\/2018\/06\/34752183_10156338726923150_4475850827218550784_n.jpg?fit=960%2C586&amp;ssl=1\" class=\"alignnone wp-image-8550\" alt=\"\" src=\"https:\/\/i0.wp.com\/www.shqiperia.com\/blog\/wp-content\/uploads\/2018\/06\/34752183_10156338726923150_4475850827218550784_n-300x183.jpg?resize=605%2C369\" width=\"605\" height=\"369\" srcset=\"https:\/\/i0.wp.com\/www.shqiperia.com\/blog\/wp-content\/uploads\/2018\/06\/34752183_10156338726923150_4475850827218550784_n.jpg?resize=300%2C183&amp;ssl=1 300w, https:\/\/i0.wp.com\/www.shqiperia.com\/blog\/wp-content\/uploads\/2018\/06\/34752183_10156338726923150_4475850827218550784_n.jpg?resize=768%2C469&amp;ssl=1 768w, https:\/\/i0.wp.com\/www.shqiperia.com\/blog\/wp-content\/uploads\/2018\/06\/34752183_10156338726923150_4475850827218550784_n.jpg?w=960&amp;ssl=1 960w\" sizes=\"auto, (max-width: 605px) 100vw, 605px\" \/> <img data-recalc-dims=\"1\" loading=\"lazy\" decoding=\"async\" data-attachment-id=\"8551\" data-permalink=\"https:\/\/www.shqiperia.com\/blog\/briri-dhe-perdorimi-i-tij-ne-shqiperi\/34773290_10156338726963150_8133067749514543104_n\/\" data-orig-file=\"https:\/\/i0.wp.com\/www.shqiperia.com\/blog\/wp-content\/uploads\/2018\/06\/34773290_10156338726963150_8133067749514543104_n.jpg?fit=960%2C710&amp;ssl=1\" data-orig-size=\"960,710\" data-comments-opened=\"1\" data-image-meta=\"{&quot;aperture&quot;:&quot;0&quot;,&quot;credit&quot;:&quot;&quot;,&quot;camera&quot;:&quot;&quot;,&quot;caption&quot;:&quot;&quot;,&quot;created_timestamp&quot;:&quot;0&quot;,&quot;copyright&quot;:&quot;&quot;,&quot;focal_length&quot;:&quot;0&quot;,&quot;iso&quot;:&quot;0&quot;,&quot;shutter_speed&quot;:&quot;0&quot;,&quot;title&quot;:&quot;&quot;,&quot;orientation&quot;:&quot;0&quot;}\" data-image-title=\"34773290_10156338726963150_8133067749514543104_n\" data-image-description=\"\" data-image-caption=\"\" data-medium-file=\"https:\/\/i0.wp.com\/www.shqiperia.com\/blog\/wp-content\/uploads\/2018\/06\/34773290_10156338726963150_8133067749514543104_n.jpg?fit=300%2C222&amp;ssl=1\" data-large-file=\"https:\/\/i0.wp.com\/www.shqiperia.com\/blog\/wp-content\/uploads\/2018\/06\/34773290_10156338726963150_8133067749514543104_n.jpg?fit=960%2C710&amp;ssl=1\" class=\"alignnone wp-image-8551\" alt=\"\" src=\"https:\/\/i0.wp.com\/www.shqiperia.com\/blog\/wp-content\/uploads\/2018\/06\/34773290_10156338726963150_8133067749514543104_n-300x222.jpg?resize=582%2C431\" width=\"582\" height=\"431\" srcset=\"https:\/\/i0.wp.com\/www.shqiperia.com\/blog\/wp-content\/uploads\/2018\/06\/34773290_10156338726963150_8133067749514543104_n.jpg?resize=300%2C222&amp;ssl=1 300w, https:\/\/i0.wp.com\/www.shqiperia.com\/blog\/wp-content\/uploads\/2018\/06\/34773290_10156338726963150_8133067749514543104_n.jpg?resize=768%2C568&amp;ssl=1 768w, https:\/\/i0.wp.com\/www.shqiperia.com\/blog\/wp-content\/uploads\/2018\/06\/34773290_10156338726963150_8133067749514543104_n.jpg?w=960&amp;ssl=1 960w\" sizes=\"auto, (max-width: 582px) 100vw, 582px\" \/><\/span><\/span><\/p>\n<p><span class=\"_5yl5\"><span>Brir\u00ebt zbukuroheshin me pirografi , gdh\u00ebndje , ngjyra dhe shpesh her\u00eb dhe me tuf\u00ebza . P\u00ebr shkak te fort\u00ebsis\u00eb s\u00eb tij , briri ka nj\u00eb proces jo t\u00eb leht\u00eb t\u00eb punimin t\u00eb tij p\u00ebr tu pershtatur p\u00ebr pordorime t\u00eb p\u00ebrdicme , por p\u00ebr fat t\u00eb keq kjo dijeb\u00ebrje sot ka humbur . N\u00eb koleksionin tim un kam disa eksemplar t\u00eb cil\u00ebt na tregojn\u00eb m\u00eb shum\u00eb p\u00ebr p\u00ebrdorimin e brir\u00ebve dhe punimin e tyre .<\/span><\/span><\/p>\n<p><span class=\"_5yl5\"><span> <img data-recalc-dims=\"1\" loading=\"lazy\" decoding=\"async\" data-attachment-id=\"8553\" data-permalink=\"https:\/\/www.shqiperia.com\/blog\/briri-dhe-perdorimi-i-tij-ne-shqiperi\/briri-brini-i-zumares\/\" data-orig-file=\"https:\/\/i0.wp.com\/www.shqiperia.com\/blog\/wp-content\/uploads\/2018\/06\/Briri-brini-i-zumares.jpg?fit=678%2C378&amp;ssl=1\" data-orig-size=\"678,378\" data-comments-opened=\"1\" data-image-meta=\"{&quot;aperture&quot;:&quot;0&quot;,&quot;credit&quot;:&quot;&quot;,&quot;camera&quot;:&quot;&quot;,&quot;caption&quot;:&quot;&quot;,&quot;created_timestamp&quot;:&quot;0&quot;,&quot;copyright&quot;:&quot;&quot;,&quot;focal_length&quot;:&quot;0&quot;,&quot;iso&quot;:&quot;0&quot;,&quot;shutter_speed&quot;:&quot;0&quot;,&quot;title&quot;:&quot;&quot;,&quot;orientation&quot;:&quot;0&quot;}\" data-image-title=\"Briri (brini) i zumares\" data-image-description=\"\" data-image-caption=\"\" data-medium-file=\"https:\/\/i0.wp.com\/www.shqiperia.com\/blog\/wp-content\/uploads\/2018\/06\/Briri-brini-i-zumares.jpg?fit=300%2C167&amp;ssl=1\" data-large-file=\"https:\/\/i0.wp.com\/www.shqiperia.com\/blog\/wp-content\/uploads\/2018\/06\/Briri-brini-i-zumares.jpg?fit=678%2C378&amp;ssl=1\" class=\"alignnone wp-image-8553\" alt=\"\" src=\"https:\/\/i0.wp.com\/www.shqiperia.com\/blog\/wp-content\/uploads\/2018\/06\/Briri-brini-i-zumares-300x167.jpg?resize=598%2C333\" width=\"598\" height=\"333\" srcset=\"https:\/\/i0.wp.com\/www.shqiperia.com\/blog\/wp-content\/uploads\/2018\/06\/Briri-brini-i-zumares.jpg?resize=300%2C167&amp;ssl=1 300w, https:\/\/i0.wp.com\/www.shqiperia.com\/blog\/wp-content\/uploads\/2018\/06\/Briri-brini-i-zumares.jpg?w=678&amp;ssl=1 678w\" sizes=\"auto, (max-width: 598px) 100vw, 598px\" \/><\/span><\/span><\/p>\n<p><img data-recalc-dims=\"1\" loading=\"lazy\" decoding=\"async\" data-attachment-id=\"8552\" data-permalink=\"https:\/\/www.shqiperia.com\/blog\/briri-dhe-perdorimi-i-tij-ne-shqiperi\/briri-brini-i-zumares-3\/\" data-orig-file=\"https:\/\/i0.wp.com\/www.shqiperia.com\/blog\/wp-content\/uploads\/2018\/06\/Briri-brini-i-zumares-3.jpg?fit=960%2C737&amp;ssl=1\" data-orig-size=\"960,737\" data-comments-opened=\"1\" data-image-meta=\"{&quot;aperture&quot;:&quot;0&quot;,&quot;credit&quot;:&quot;&quot;,&quot;camera&quot;:&quot;&quot;,&quot;caption&quot;:&quot;&quot;,&quot;created_timestamp&quot;:&quot;0&quot;,&quot;copyright&quot;:&quot;&quot;,&quot;focal_length&quot;:&quot;0&quot;,&quot;iso&quot;:&quot;0&quot;,&quot;shutter_speed&quot;:&quot;0&quot;,&quot;title&quot;:&quot;&quot;,&quot;orientation&quot;:&quot;0&quot;}\" data-image-title=\"Briri (brini) i zumares (3)\" data-image-description=\"\" data-image-caption=\"\" data-medium-file=\"https:\/\/i0.wp.com\/www.shqiperia.com\/blog\/wp-content\/uploads\/2018\/06\/Briri-brini-i-zumares-3.jpg?fit=300%2C230&amp;ssl=1\" data-large-file=\"https:\/\/i0.wp.com\/www.shqiperia.com\/blog\/wp-content\/uploads\/2018\/06\/Briri-brini-i-zumares-3.jpg?fit=960%2C737&amp;ssl=1\" class=\"alignnone wp-image-8552\" alt=\"\" src=\"https:\/\/i0.wp.com\/www.shqiperia.com\/blog\/wp-content\/uploads\/2018\/06\/Briri-brini-i-zumares-3-300x230.jpg?resize=627%2C481\" width=\"627\" height=\"481\" srcset=\"https:\/\/i0.wp.com\/www.shqiperia.com\/blog\/wp-content\/uploads\/2018\/06\/Briri-brini-i-zumares-3.jpg?resize=300%2C230&amp;ssl=1 300w, https:\/\/i0.wp.com\/www.shqiperia.com\/blog\/wp-content\/uploads\/2018\/06\/Briri-brini-i-zumares-3.jpg?resize=768%2C590&amp;ssl=1 768w, https:\/\/i0.wp.com\/www.shqiperia.com\/blog\/wp-content\/uploads\/2018\/06\/Briri-brini-i-zumares-3.jpg?w=960&amp;ssl=1 960w\" sizes=\"auto, (max-width: 627px) 100vw, 627px\" \/><\/p>\n","protected":false},"excerpt":{"rendered":"<p>Briri dhe p\u00ebrdorimi i tij n\u00eb Shqip\u00ebri . &#8211; Nga: Ermal Sela. Briri i Zymares ( Zana Mare ) Brrir\u00ebt e kafsh\u00ebve mud ti hasim kudo t\u00eb varura n\u00eb hyrje t\u00eb sht\u00ebpive , me q\u00ebllimin largimin e syrit t\u00eb keq , mbar\u00ebsi , si zbukurime etj . Por briri \u00ebsht\u00eb p\u00ebrdorur dhe si intrument lajm\u00ebtar [&hellip;]<\/p>\n","protected":false},"author":9,"featured_media":8548,"comment_status":"open","ping_status":"open","sticky":false,"template":"","format":"standard","meta":{"jetpack_post_was_ever_published":false,"_jetpack_newsletter_access":"","_jetpack_dont_email_post_to_subs":false,"_jetpack_newsletter_tier_id":0,"_jetpack_memberships_contains_paywalled_content":false,"_jetpack_memberships_contains_paid_content":false,"footnotes":"","jetpack_publicize_message":"","jetpack_publicize_feature_enabled":true,"jetpack_social_post_already_shared":true,"jetpack_social_options":{"image_generator_settings":{"template":"highway","default_image_id":0,"font":"","enabled":false},"version":2}},"categories":[10,35,86],"tags":[],"class_list":["post-8547","post","type-post","status-publish","format-standard","has-post-thumbnail","hentry","category-kultura","category-shoqerore","category-trashegimi-kulturore"],"jetpack_publicize_connections":[],"jetpack_featured_media_url":"https:\/\/i0.wp.com\/www.shqiperia.com\/blog\/wp-content\/uploads\/2018\/06\/Briri-brini-i-zumares-2.jpg?fit=960%2C604&ssl=1","jetpack_sharing_enabled":true,"jetpack_shortlink":"https:\/\/wp.me\/p5Z6wp-2dR","jetpack-related-posts":[{"id":77110,"url":"https:\/\/www.shqiperia.com\/blog\/muzeu-i-apolonise-ekspozon-perendine-ilire-te-bollekut\/","url_meta":{"origin":8547,"position":0},"title":"Muzeu i Apolonis\u00eb ekspozon per\u00ebndin\u00eb ilire t\u00eb boll\u00ebkut","author":"Kurt Farka","date":"January 9, 2024","format":false,"excerpt":"9 Janar 2024 Muzeu Arkeologjik Apoloni ndau online objektin e par\u00eb p\u00ebr k\u00ebt\u00eb vit: nj\u00eb per\u00ebndi dhe shoq\u00ebruesen e saj. B\u00ebhet fjal\u00eb p\u00ebr objektin e njohur edhe si \u201cGjeniu i mir\u00eb me kornokopia\u201d, ose per\u00ebndia e boll\u00ebkut, e gjetur n\u00eb Apoloni. Objekti \u00ebsht\u00eb i materialit gur g\u00eblqeror, me p\u00ebrmasa: lart\u00ebsia\u2026","rel":"","context":"In &quot;Arte&quot;","block_context":{"text":"Arte","link":"https:\/\/www.shqiperia.com\/blog\/category\/arte\/"},"img":{"alt_text":"","src":"https:\/\/i0.wp.com\/www.shqiperia.com\/blog\/wp-content\/uploads\/2024\/01\/perendi-ilire-te-pjellorise-Vidasus-Thana.jpg?fit=1080%2C616&ssl=1&resize=350%2C200","width":350,"height":200,"srcset":"https:\/\/i0.wp.com\/www.shqiperia.com\/blog\/wp-content\/uploads\/2024\/01\/perendi-ilire-te-pjellorise-Vidasus-Thana.jpg?fit=1080%2C616&ssl=1&resize=350%2C200 1x, https:\/\/i0.wp.com\/www.shqiperia.com\/blog\/wp-content\/uploads\/2024\/01\/perendi-ilire-te-pjellorise-Vidasus-Thana.jpg?fit=1080%2C616&ssl=1&resize=525%2C300 1.5x, https:\/\/i0.wp.com\/www.shqiperia.com\/blog\/wp-content\/uploads\/2024\/01\/perendi-ilire-te-pjellorise-Vidasus-Thana.jpg?fit=1080%2C616&ssl=1&resize=700%2C400 2x, https:\/\/i0.wp.com\/www.shqiperia.com\/blog\/wp-content\/uploads\/2024\/01\/perendi-ilire-te-pjellorise-Vidasus-Thana.jpg?fit=1080%2C616&ssl=1&resize=1050%2C600 3x"},"classes":[]},{"id":33050,"url":"https:\/\/www.shqiperia.com\/blog\/hajmalia-besim-dhe-frike\/","url_meta":{"origin":8547,"position":1},"title":"Hajmalia: &#8211; Besim dhe frik\u00eb","author":"Kurt Farka","date":"April 4, 2020","format":false,"excerpt":"Hajmalia: - Besim dhe frik\u00eb Nga Ermal Sela Nj\u00eb bot\u00eb e mbushur me simbole, me besime dhe frik\u00eb, me d\u00ebshira dhe urime q\u00eb kan\u00eb ardhur nga thell\u00ebsit\u00eb e shekujve deri n\u00eb dit\u00ebt tona . Nj\u00eb pjes\u00eb e shoqeris\u00eb beson tek hajmalit\u00eb, t\u00eb cilat i sjellin atij q\u00eb e mban, lumturi,\u2026","rel":"","context":"In &quot;Press Releases&quot;","block_context":{"text":"Press Releases","link":"https:\/\/www.shqiperia.com\/blog\/category\/press-releases\/"},"img":{"alt_text":"","src":"https:\/\/i0.wp.com\/www.shqiperia.com\/blog\/wp-content\/uploads\/2020\/04\/Hajmalia-Besim-dhe-frik%C3%AB-nga-Ermal-Sela.jpg?fit=960%2C456&ssl=1&resize=350%2C200","width":350,"height":200,"srcset":"https:\/\/i0.wp.com\/www.shqiperia.com\/blog\/wp-content\/uploads\/2020\/04\/Hajmalia-Besim-dhe-frik%C3%AB-nga-Ermal-Sela.jpg?fit=960%2C456&ssl=1&resize=350%2C200 1x, https:\/\/i0.wp.com\/www.shqiperia.com\/blog\/wp-content\/uploads\/2020\/04\/Hajmalia-Besim-dhe-frik%C3%AB-nga-Ermal-Sela.jpg?fit=960%2C456&ssl=1&resize=525%2C300 1.5x, https:\/\/i0.wp.com\/www.shqiperia.com\/blog\/wp-content\/uploads\/2020\/04\/Hajmalia-Besim-dhe-frik%C3%AB-nga-Ermal-Sela.jpg?fit=960%2C456&ssl=1&resize=700%2C400 2x"},"classes":[]},{"id":79601,"url":"https:\/\/www.shqiperia.com\/blog\/cilat-dhe-sa-nga-ngjarjet-biblike-kane-ndodhur-vertet\/","url_meta":{"origin":8547,"position":2},"title":"Cilat dhe sa nga ngjarjet biblike kan\u00eb ndodhur v\u00ebrtet?","author":"Kurt Farka","date":"March 25, 2024","format":false,"excerpt":"25 Mars 2024 A kan\u00eb ndodhur v\u00ebrtet fushatat ushtarake t\u00eb p\u00ebrshkruara n\u00eb Bib\u00ebl? Dhe kur ndodh\u00ebn sakt\u00ebsishtato? Kjo \u00ebsht\u00eb nj\u00eb \u00e7\u00ebshtje shum\u00eb komplekse e debatuar p\u00ebr nj\u00eb koh\u00eb t\u00eb gjat\u00eb, edhe sepse teknikat e p\u00ebrcaktimit t\u00eb datave t\u00eb ngjarjeve q\u00eb jan\u00eb m\u00eb t\u00eb p\u00ebrdorura aktualisht nuk jan\u00eb shum\u00eb t\u00eb sakta.\u2026","rel":"","context":"In &quot;Blogu i Udh\u00ebtarit&quot;","block_context":{"text":"Blogu i Udh\u00ebtarit","link":"https:\/\/www.shqiperia.com\/blog\/category\/blogu-i-udhetarit\/"},"img":{"alt_text":"","src":"https:\/\/i0.wp.com\/www.shqiperia.com\/blog\/wp-content\/uploads\/2024\/03\/640-0-c732a736c78796c1ffa0d282dcef7ea5.jpeg?fit=640%2C364&ssl=1&resize=350%2C200","width":350,"height":200,"srcset":"https:\/\/i0.wp.com\/www.shqiperia.com\/blog\/wp-content\/uploads\/2024\/03\/640-0-c732a736c78796c1ffa0d282dcef7ea5.jpeg?fit=640%2C364&ssl=1&resize=350%2C200 1x, https:\/\/i0.wp.com\/www.shqiperia.com\/blog\/wp-content\/uploads\/2024\/03\/640-0-c732a736c78796c1ffa0d282dcef7ea5.jpeg?fit=640%2C364&ssl=1&resize=525%2C300 1.5x"},"classes":[]},{"id":45669,"url":"https:\/\/www.shqiperia.com\/blog\/perdorimi-i-vaksines-ruse-dhe-kineze-ne-shqiperi-mjeku-ilir-alimehmeti-del-kunder-duhet-te-prisnim\/","url_meta":{"origin":8547,"position":3},"title":"P\u00ebrdorimi i vaksin\u00ebs ruse dhe kineze n\u00eb Shqip\u00ebri, mjeku Ilir Alimehmeti del kund\u00ebr: Duhet t\u00eb prisnim&#8230;","author":"Kurt Farka","date":"March 23, 2021","format":false,"excerpt":"P\u00ebrdorimi i vaksin\u00ebs ruse dhe kineze n\u00eb Shqip\u00ebri, mjeku Ilir Alimehmeti del kund\u00ebr: Duhet t\u00eb prisnim... 23 MARS 2021 Mjeku Ilir Alimehmeti \u00ebsht\u00eb shprehur se \u00ebsht\u00eb skeptik n\u00eb lidhje me p\u00ebrdorimin e vaksin\u00ebs ruse n\u00eb vendin ton\u00eb. N\u00eb emisionin \u201cOpen\u201d, thot\u00eb se i beson fort certifikimit, ndaj duhet t\u00eb kishim\u2026","rel":"","context":"In &quot;Blogu i Udh\u00ebtarit&quot;","block_context":{"text":"Blogu i Udh\u00ebtarit","link":"https:\/\/www.shqiperia.com\/blog\/category\/blogu-i-udhetarit\/"},"img":{"alt_text":"","src":"https:\/\/i0.wp.com\/www.shqiperia.com\/blog\/wp-content\/uploads\/2021\/03\/Vaksina-Sputnik-V.jpg?fit=1200%2C674&ssl=1&resize=350%2C200","width":350,"height":200,"srcset":"https:\/\/i0.wp.com\/www.shqiperia.com\/blog\/wp-content\/uploads\/2021\/03\/Vaksina-Sputnik-V.jpg?fit=1200%2C674&ssl=1&resize=350%2C200 1x, https:\/\/i0.wp.com\/www.shqiperia.com\/blog\/wp-content\/uploads\/2021\/03\/Vaksina-Sputnik-V.jpg?fit=1200%2C674&ssl=1&resize=525%2C300 1.5x, https:\/\/i0.wp.com\/www.shqiperia.com\/blog\/wp-content\/uploads\/2021\/03\/Vaksina-Sputnik-V.jpg?fit=1200%2C674&ssl=1&resize=700%2C400 2x, https:\/\/i0.wp.com\/www.shqiperia.com\/blog\/wp-content\/uploads\/2021\/03\/Vaksina-Sputnik-V.jpg?fit=1200%2C674&ssl=1&resize=1050%2C600 3x"},"classes":[]},{"id":47319,"url":"https:\/\/www.shqiperia.com\/blog\/masaker-elektorale-pd-dorezon-ne-kqz-10-dosjet-e-zeza-per-zgjedhjet-e-25-prillit\/","url_meta":{"origin":8547,"position":4},"title":"\u201cMasak\u00ebr elektorale\u201d\/ PD dor\u00ebzon n\u00eb KQZ 10 dosjet e \u201czeza\u201d p\u00ebr zgjedhjet e 25 prillit","author":"Kurt Farka","date":"May 9, 2021","format":false,"excerpt":"PD dor\u00ebzon n\u00eb KQZ 10 dosjet e \u201czeza\u201d p\u00ebr zgjedhjet e 25 prillit 9 Maji 2021 Partia Demokratike ka depozituar k\u00ebt\u00eb t\u00eb diel 10 dosje voluminoze me fakte sipas saj n\u00eb Komisionin Qendror t\u00eb Zgjedhjeve n\u00eb lidhje me votimet e 25 prillit. Sipas demokrat\u00ebve, k\u00ebto dosje p\u00ebrmbajn\u00eb fakte q\u00eb provojn\u00eb\u2026","rel":"","context":"In &quot;Blogu i Udh\u00ebtarit&quot;","block_context":{"text":"Blogu i Udh\u00ebtarit","link":"https:\/\/www.shqiperia.com\/blog\/category\/blogu-i-udhetarit\/"},"img":{"alt_text":"","src":"https:\/\/i0.wp.com\/www.shqiperia.com\/blog\/wp-content\/uploads\/2021\/05\/selia-pd-1100x620-1.jpg?fit=1100%2C620&ssl=1&resize=350%2C200","width":350,"height":200,"srcset":"https:\/\/i0.wp.com\/www.shqiperia.com\/blog\/wp-content\/uploads\/2021\/05\/selia-pd-1100x620-1.jpg?fit=1100%2C620&ssl=1&resize=350%2C200 1x, https:\/\/i0.wp.com\/www.shqiperia.com\/blog\/wp-content\/uploads\/2021\/05\/selia-pd-1100x620-1.jpg?fit=1100%2C620&ssl=1&resize=525%2C300 1.5x, https:\/\/i0.wp.com\/www.shqiperia.com\/blog\/wp-content\/uploads\/2021\/05\/selia-pd-1100x620-1.jpg?fit=1100%2C620&ssl=1&resize=700%2C400 2x, https:\/\/i0.wp.com\/www.shqiperia.com\/blog\/wp-content\/uploads\/2021\/05\/selia-pd-1100x620-1.jpg?fit=1100%2C620&ssl=1&resize=1050%2C600 3x"},"classes":[]},{"id":25552,"url":"https:\/\/www.shqiperia.com\/blog\/pse-njeriu-njerezimi-ka-kujtese\/","url_meta":{"origin":8547,"position":5},"title":"Pse njeriu (njer\u00ebzimi) ka kujtes\u00eb?","author":"Kurt Farka","date":"September 6, 2019","format":false,"excerpt":"Pse njeriu (njer\u00ebzimi) ka kujtes\u00eb? P\u00ebr shkak t\u00eb imagjinat\u00ebs, thot\u00eb Marksi. \u201cKoncepti, q\u00eb kemi ne p\u00ebr nj\u00eb subjekt \u00ebsht\u00eb \u00e7far\u00eb jemi vet\u00eb ne\u201d, ka th\u00ebn\u00eb filozofi\u00a0Bertrand Rasell,\u00a0nj\u00eb nga mendimtar\u00ebt m\u00eb t\u00eb qart\u00eb t\u00eb bot\u00ebs. Ne mund t\u00eb flasim p\u00ebr kujtes\u00ebn, sipas njohjes dhe bot\u00ebkuptimit, prirjes shkencore, apo mistike. Kujtesa nuk\u2026","rel":"","context":"In &quot;Blogu i Udh\u00ebtarit&quot;","block_context":{"text":"Blogu i Udh\u00ebtarit","link":"https:\/\/www.shqiperia.com\/blog\/category\/blogu-i-udhetarit\/"},"img":{"alt_text":"","src":"https:\/\/i0.wp.com\/www.shqiperia.com\/blog\/wp-content\/uploads\/2019\/09\/AAAAA.jpg?fit=513%2C282&ssl=1&resize=350%2C200","width":350,"height":200},"classes":[]}],"_links":{"self":[{"href":"https:\/\/www.shqiperia.com\/blog\/wp-json\/wp\/v2\/posts\/8547","targetHints":{"allow":["GET"]}}],"collection":[{"href":"https:\/\/www.shqiperia.com\/blog\/wp-json\/wp\/v2\/posts"}],"about":[{"href":"https:\/\/www.shqiperia.com\/blog\/wp-json\/wp\/v2\/types\/post"}],"author":[{"embeddable":true,"href":"https:\/\/www.shqiperia.com\/blog\/wp-json\/wp\/v2\/users\/9"}],"replies":[{"embeddable":true,"href":"https:\/\/www.shqiperia.com\/blog\/wp-json\/wp\/v2\/comments?post=8547"}],"version-history":[{"count":1,"href":"https:\/\/www.shqiperia.com\/blog\/wp-json\/wp\/v2\/posts\/8547\/revisions"}],"predecessor-version":[{"id":8554,"href":"https:\/\/www.shqiperia.com\/blog\/wp-json\/wp\/v2\/posts\/8547\/revisions\/8554"}],"wp:featuredmedia":[{"embeddable":true,"href":"https:\/\/www.shqiperia.com\/blog\/wp-json\/wp\/v2\/media\/8548"}],"wp:attachment":[{"href":"https:\/\/www.shqiperia.com\/blog\/wp-json\/wp\/v2\/media?parent=8547"}],"wp:term":[{"taxonomy":"category","embeddable":true,"href":"https:\/\/www.shqiperia.com\/blog\/wp-json\/wp\/v2\/categories?post=8547"},{"taxonomy":"post_tag","embeddable":true,"href":"https:\/\/www.shqiperia.com\/blog\/wp-json\/wp\/v2\/tags?post=8547"}],"curies":[{"name":"wp","href":"https:\/\/api.w.org\/{rel}","templated":true}]}}