{"id":8543,"date":"2018-06-08T08:44:25","date_gmt":"2018-06-08T08:44:25","guid":{"rendered":"http:\/\/www.shqiperia.com\/blog\/?p=8543"},"modified":"2018-06-08T08:44:25","modified_gmt":"2018-06-08T08:44:25","slug":"at-antonio-belushi-njohesi-kurajoz-i-shpirtit-arberor-kontributi-i-tij-vlen-sa-10-ministri-diaspore","status":"publish","type":"post","link":"https:\/\/www.shqiperia.com\/blog\/at-antonio-belushi-njohesi-kurajoz-i-shpirtit-arberor-kontributi-i-tij-vlen-sa-10-ministri-diaspore\/","title":{"rendered":"At Antonio Belushi, njoh\u00ebsi kurajoz i shpirtit arb\u00ebror, kontributi i tij vlen sa 10 Ministri Diaspore. &#8211;"},"content":{"rendered":"<p><img data-recalc-dims=\"1\" loading=\"lazy\" decoding=\"async\" data-attachment-id=\"8544\" data-permalink=\"https:\/\/www.shqiperia.com\/blog\/at-antonio-belushi-njohesi-kurajoz-i-shpirtit-arberor-kontributi-i-tij-vlen-sa-10-ministri-diaspore\/antonio-belluci\/\" data-orig-file=\"https:\/\/i0.wp.com\/www.shqiperia.com\/blog\/wp-content\/uploads\/2018\/06\/antonio-belluci.jpg?fit=780%2C440&amp;ssl=1\" data-orig-size=\"780,440\" data-comments-opened=\"1\" data-image-meta=\"{&quot;aperture&quot;:&quot;0&quot;,&quot;credit&quot;:&quot;&quot;,&quot;camera&quot;:&quot;&quot;,&quot;caption&quot;:&quot;&quot;,&quot;created_timestamp&quot;:&quot;0&quot;,&quot;copyright&quot;:&quot;&quot;,&quot;focal_length&quot;:&quot;0&quot;,&quot;iso&quot;:&quot;0&quot;,&quot;shutter_speed&quot;:&quot;0&quot;,&quot;title&quot;:&quot;&quot;,&quot;orientation&quot;:&quot;0&quot;}\" data-image-title=\"antonio belluci\" data-image-description=\"\" data-image-caption=\"\" data-medium-file=\"https:\/\/i0.wp.com\/www.shqiperia.com\/blog\/wp-content\/uploads\/2018\/06\/antonio-belluci.jpg?fit=300%2C169&amp;ssl=1\" data-large-file=\"https:\/\/i0.wp.com\/www.shqiperia.com\/blog\/wp-content\/uploads\/2018\/06\/antonio-belluci.jpg?fit=780%2C440&amp;ssl=1\" class=\"alignnone  wp-image-8544\" alt=\"\" src=\"https:\/\/i0.wp.com\/www.shqiperia.com\/blog\/wp-content\/uploads\/2018\/06\/antonio-belluci-300x169.jpg?resize=362%2C204\" width=\"362\" height=\"204\" srcset=\"https:\/\/i0.wp.com\/www.shqiperia.com\/blog\/wp-content\/uploads\/2018\/06\/antonio-belluci.jpg?resize=300%2C169&amp;ssl=1 300w, https:\/\/i0.wp.com\/www.shqiperia.com\/blog\/wp-content\/uploads\/2018\/06\/antonio-belluci.jpg?resize=768%2C433&amp;ssl=1 768w, https:\/\/i0.wp.com\/www.shqiperia.com\/blog\/wp-content\/uploads\/2018\/06\/antonio-belluci.jpg?w=780&amp;ssl=1 780w\" sizes=\"auto, (max-width: 362px) 100vw, 362px\" \/><\/p>\n<p><strong>At Antonio Belushi, njoh\u00ebsi kurajoz i shpirtit arb\u00ebror, kontributi i tij vlen sa 10 Ministri Diaspore. &#8211;<br \/>\n<\/strong><\/p>\n<p>At Antonio Belushi i dat\u00eblindjes 1934 nga Frashineto i Kalabris\u00eb \u00ebsht\u00eb nj\u00eb nd\u00ebr Rilindasit e fundit do e quaja un\u00eb. Ai mbas diplomimit n\u00eb Universitetin Gregorian t\u00eb Rom\u00ebs, ka sh\u00ebrbyer si Prift n\u00eb disa katunde arb\u00ebresh\u00eb n\u00eb Itali.<\/p>\n<p>Nga: Brisida Gjikondi<\/p>\n<p>At Antonio Belushi i dat\u00eblindjes 1934 nga Frashineto i Kalabris\u00eb \u00ebsht\u00eb nj\u00eb nd\u00ebr Rilindasit e fundit do e quaja un\u00eb. Ai mbas diplomimit n\u00eb Universitetin Gregorian t\u00eb Rom\u00ebs, ka sh\u00ebrbyer si Prift n\u00eb disa katunde arb\u00ebresh\u00eb n\u00eb Itali, si Sh\u00ebn Sofia e Epirit, Sh\u00ebn Kostandini Shqiptar, Sh\u00ebn Pali Shqiptar, Falkonara Shqiptare, dhe n\u00eb Kozenca t\u00eb Kalabris\u00eb.<\/p>\n<p>Ai si nj\u00eb njoh\u00ebs kurajoz i shpirtit arb\u00ebror ka kryer nj\u00eb pun\u00eb gjigande k\u00ebrkimore, kulturore, etnografike dhe studimore, n\u00eb katundet arb\u00ebreshe n\u00eb Itali, n\u00eb katundet arvanitase n\u00eb Greqi e shum\u00eb shtete t\u00eb tjera.<\/p>\n<p>N\u00eb vitin 1966 ai themeloi Revist\u00ebn Vatra Jon\u00eb dhe n\u00eb vitin 1980 revisten italo-greke-shqiptare LIDHJA.<\/p>\n<p>Gjithashtu At Antonio Belushi eshte autor i shume veprave me vler\u00eb shkencore dhe komb\u00ebtare si<\/p>\n<p>Fjalor Frazeologjik i shqiptarve te Italise dhe Greqise<\/p>\n<p>Arbereshet-Arvanitas, nj\u00eb popull i paduksh\u00ebm<\/p>\n<p>K\u00ebng\u00eb t\u00eb shenjta tradicionale shqiptare<\/p>\n<p>Tezgjahu<\/p>\n<p>Magjia, mite dhe besime popullore<\/p>\n<p>At Antonio Belushi dhe shqiptaret e medhenj si ai, punetor te dijes dhe kultur\u00ebs kombetare, fatkeqesisht jane njer\u00ebz t\u00eb heshtur, q\u00eb rrin\u00eb larg prozhektorve, titujve, dekoratave, pagesave dhe pompozitetit bosh. Ai dhe bota e tij arb\u00ebrore, ku k\u00ebtu e kam fjal\u00ebn p\u00ebr Sht\u00ebpin\u00eb, Kish\u00ebn dhe Biblotek\u00ebn e tij legjendare n\u00eb Frashineto, jan\u00eb p\u00ebr mua shum\u00eb m\u00eb frytdh\u00ebn\u00ebse n\u00eb planin komb\u00ebtar se shum\u00eb institucione shtet\u00ebrore q\u00eb paguhen p\u00ebr t\u00eb b\u00ebr\u00eb at\u00eb pun\u00eb.<\/p>\n<p>Pik\u00ebrisht tani n\u00eb k\u00ebt\u00eb epok\u00eb q\u00eb Shqip\u00ebria dhe shqiptar\u00ebt mund t\u00eb ken\u00eb boll\u00ebk m\u00eb t\u00eb madh material por nj\u00eb kriz\u00eb t\u00eb madhe shpirt\u00ebrore n\u00eb vlerat identitare t\u00eb Kombit, un\u00eb mendoj se figura si At Antonio Belushi, sh\u00ebrbejn\u00eb si nj\u00eb frym\u00ebzim dhe monument i gjall\u00eb I vlerave komb\u00ebtare nd\u00ebr shqiptar\u00eb.<\/p>\n<p>Un\u00eb e ndjej q\u00eb jo shum\u00eb shqiptar\u00eb njohin pun\u00ebn kolosale t\u00eb At Antonio Belushit, pun\u00eb me vler\u00eb komb\u00ebtare q\u00eb daton prej 1965 e deri m\u00eb sot.<\/p>\n<p>Ashtu sic nuk njohim edhe pun\u00ebn e shqiptarve t\u00eb tjer\u00eb t\u00eb mir\u00eb, t\u00eb cil\u00ebt kan\u00eb kuptuar kahersh\u00ebm vler\u00ebn e madhe q\u00eb ka p\u00ebr kombin ton\u00eb, mbijetesa e shpirtit t\u00eb arbrit n\u00eb katundet arb\u00ebreshe n\u00eb Itali, k\u00ebtu do vecoja shoqat\u00ebn e Pal Engjellit, krijuar prej 2006 e cila, ne modestine me te thelle, ka dhene nje kontribut te cmuar ndaj ketyre katundeve, duke vendosur buste t\u00eb Sk\u00ebnderbeut dhe Pal Engjellit ne sheshet kryesore t\u00eb tyre, duke dhuruar libra, fonde, kostume popullore dhe cdo gje tjeter q\u00eb con p\u00ebrpara frym\u00ebn komb\u00ebtare nd\u00ebr arb\u00ebreshet e Italis\u00eb, nd\u00ebr ta do vecoja intelektualet, Ardian Visha, Edmond Islamaj, Ilirjan Celibashin, Perparim Gollin, Agron Gaxhon, Igli Tosken etj, kontributi I t\u00eb cil\u00ebve totalisht vullnetar, per mua vlen sa 10 Ministri Diaspore qe bejne vakanca neper bote.<\/p>\n<p><img data-recalc-dims=\"1\" loading=\"lazy\" decoding=\"async\" data-attachment-id=\"8545\" data-permalink=\"https:\/\/www.shqiperia.com\/blog\/at-antonio-belushi-njohesi-kurajoz-i-shpirtit-arberor-kontributi-i-tij-vlen-sa-10-ministri-diaspore\/antonio-belluci-2\/\" data-orig-file=\"https:\/\/i0.wp.com\/www.shqiperia.com\/blog\/wp-content\/uploads\/2018\/06\/antonio-belluci-1.jpg?fit=780%2C440&amp;ssl=1\" data-orig-size=\"780,440\" data-comments-opened=\"1\" data-image-meta=\"{&quot;aperture&quot;:&quot;0&quot;,&quot;credit&quot;:&quot;&quot;,&quot;camera&quot;:&quot;&quot;,&quot;caption&quot;:&quot;&quot;,&quot;created_timestamp&quot;:&quot;0&quot;,&quot;copyright&quot;:&quot;&quot;,&quot;focal_length&quot;:&quot;0&quot;,&quot;iso&quot;:&quot;0&quot;,&quot;shutter_speed&quot;:&quot;0&quot;,&quot;title&quot;:&quot;&quot;,&quot;orientation&quot;:&quot;0&quot;}\" data-image-title=\"antonio belluci\" data-image-description=\"\" data-image-caption=\"\" data-medium-file=\"https:\/\/i0.wp.com\/www.shqiperia.com\/blog\/wp-content\/uploads\/2018\/06\/antonio-belluci-1.jpg?fit=300%2C169&amp;ssl=1\" data-large-file=\"https:\/\/i0.wp.com\/www.shqiperia.com\/blog\/wp-content\/uploads\/2018\/06\/antonio-belluci-1.jpg?fit=780%2C440&amp;ssl=1\" class=\"alignnone  wp-image-8545\" alt=\"\" src=\"https:\/\/i0.wp.com\/www.shqiperia.com\/blog\/wp-content\/uploads\/2018\/06\/antonio-belluci-1-300x169.jpg?resize=698%2C393\" width=\"698\" height=\"393\" srcset=\"https:\/\/i0.wp.com\/www.shqiperia.com\/blog\/wp-content\/uploads\/2018\/06\/antonio-belluci-1.jpg?resize=300%2C169&amp;ssl=1 300w, https:\/\/i0.wp.com\/www.shqiperia.com\/blog\/wp-content\/uploads\/2018\/06\/antonio-belluci-1.jpg?resize=768%2C433&amp;ssl=1 768w, https:\/\/i0.wp.com\/www.shqiperia.com\/blog\/wp-content\/uploads\/2018\/06\/antonio-belluci-1.jpg?w=780&amp;ssl=1 780w\" sizes=\"auto, (max-width: 698px) 100vw, 698px\" \/><\/p>\n<p>Bota arb\u00ebrore, ka q\u00ebn\u00eb pararend\u00ebse e Rilindjes son\u00eb kombetare, Jul Variboba, Jeronim De Rada, Domeniko Belushi, I madhi Vincenco Dorsa dhe ketu prezenti Antonio Belushi, i dhane trajte dhe forme, shpirtit ton\u00eb rebel, ja paraqit\u00ebn bot\u00ebs n\u00eb nivelin elitar t\u00eb simotrave europiane.<\/p>\n<p>Une nuk do t\u00eb doja t\u00eb zgjatesha, por do ju lutesha vetem per dicka, kush ka mundesi te shkoj n\u00eb jugun e bukur te Italis\u00eb, do b\u00ebnte mir\u00eb t\u00eb mbante hapin n\u00eb katundet arb\u00ebrore, aty koha ka mbetur nd\u00ebr periudhat m\u00eb t\u00eb lavdishme t\u00eb kombit ton\u00eb, aty udh\u00ebt quhen shqip, katundet po ashtu, dhe po shkuat n\u00eb Frash\u00ebr ndryshe quhet Frashineto, mbani k\u00ebmb\u00ebt tek Bibloteka e bukur me mbi 6 mij\u00eb tituj t\u00eb At Belushit por dhe n\u00eb Gjimnazin e Frashinetos q\u00eb quhet Gjimnazi Ernest Koliqi\u2026 aty do kuptoni q\u00eb ashtu si vargjet e Koliqit<\/p>\n<p>Misteri i vjeter q\u00eb mberthen fjal`t t`uaja,<\/p>\n<p>Zanin na e dridh` me nji krenari t`pashoqe,<\/p>\n<p>O ghuhe e folun per trimij pranvera,<\/p>\n<p>E tok na mbajte nder pushtime t`hueja<\/p>\n<p>Sepse prej gojve arbnore nuk u hoqe<\/p>\n<p>As kur u ndam n`besime e doke tjera;<\/p>\n<p>E shekujve potera<\/p>\n<p>Kombi yn\u00eb \u00ebsht\u00eb aty, k\u00ebtu, atje, n\u00eb shk\u00eblqimin e tij t\u00eb fshehur, thjesht duhet zbuluar.<\/p>\n","protected":false},"excerpt":{"rendered":"<p>At Antonio Belushi, njoh\u00ebsi kurajoz i shpirtit arb\u00ebror, kontributi i tij vlen sa 10 Ministri Diaspore. &#8211; At Antonio Belushi i dat\u00eblindjes 1934 nga Frashineto i Kalabris\u00eb \u00ebsht\u00eb nj\u00eb nd\u00ebr Rilindasit e fundit do e quaja un\u00eb. Ai mbas diplomimit n\u00eb Universitetin Gregorian t\u00eb Rom\u00ebs, ka sh\u00ebrbyer si Prift n\u00eb disa katunde arb\u00ebresh\u00eb n\u00eb Itali. [&hellip;]<\/p>\n","protected":false},"author":9,"featured_media":8544,"comment_status":"open","ping_status":"open","sticky":false,"template":"","format":"standard","meta":{"jetpack_post_was_ever_published":false,"_jetpack_newsletter_access":"","_jetpack_dont_email_post_to_subs":false,"_jetpack_newsletter_tier_id":0,"_jetpack_memberships_contains_paywalled_content":false,"_jetpack_memberships_contains_paid_content":false,"footnotes":"","jetpack_publicize_message":"","jetpack_publicize_feature_enabled":true,"jetpack_social_post_already_shared":true,"jetpack_social_options":{"image_generator_settings":{"template":"highway","default_image_id":0,"font":"","enabled":false},"version":2}},"categories":[85,10,35],"tags":[],"class_list":["post-8543","post","type-post","status-publish","format-standard","has-post-thumbnail","hentry","category-histori","category-kultura","category-shoqerore"],"jetpack_publicize_connections":[],"jetpack_featured_media_url":"https:\/\/i0.wp.com\/www.shqiperia.com\/blog\/wp-content\/uploads\/2018\/06\/antonio-belluci.jpg?fit=780%2C440&ssl=1","jetpack_sharing_enabled":true,"jetpack_shortlink":"https:\/\/wp.me\/p5Z6wp-2dN","jetpack-related-posts":[{"id":4874,"url":"https:\/\/www.shqiperia.com\/blog\/intervista-njihuni-arbereshin-qe-ben-te-gjithe-shqiptaret-te-ndihen-krenare\/","url_meta":{"origin":8543,"position":0},"title":"INTERVISTA: Njihuni me arb\u00ebreshin q\u00eb b\u00ebn t\u00eb gjith\u00eb shqiptar\u00ebt t\u00eb ndihen krenar\u00eb. &#8211;","author":"Kurt Farka","date":"March 15, 2018","format":false,"excerpt":"\u00a0 Ky bashk\u00ebbisedim dhe njohja nga af\u00ebr e Priftit arb\u00ebresh Imzot Antonio Belushi\u00a0mendoj se \u00ebsht\u00eb nj\u00eb eksperienc\u00eb q\u00eb cdo shqptar i mir\u00eb duhet tja krijoj\u00eb mund\u00ebsin\u00eb\u00a0vetes q\u00eb ta ket\u00eb. Veprimtaria komb\u00ebtare e k\u00ebtij Prifti arb\u00ebresh \u00ebsht\u00eb e\u00a0jasht\u00ebzakonshme, larg dritave t\u00eb reklamave dhe zhurm\u00ebs boshe ky shqiptar i madh i\u00a0ka l\u00ebn\u00eb\u2026","rel":"","context":"In &quot;Blogu i Udh\u00ebtarit&quot;","block_context":{"text":"Blogu i Udh\u00ebtarit","link":"https:\/\/www.shqiperia.com\/blog\/category\/blogu-i-udhetarit\/"},"img":{"alt_text":"","src":"https:\/\/i0.wp.com\/www.shqiperia.com\/blog\/wp-content\/uploads\/2018\/03\/Antonio-Bellushi.jpg?fit=700%2C524&ssl=1&resize=350%2C200","width":350,"height":200,"srcset":"https:\/\/i0.wp.com\/www.shqiperia.com\/blog\/wp-content\/uploads\/2018\/03\/Antonio-Bellushi.jpg?fit=700%2C524&ssl=1&resize=350%2C200 1x, https:\/\/i0.wp.com\/www.shqiperia.com\/blog\/wp-content\/uploads\/2018\/03\/Antonio-Bellushi.jpg?fit=700%2C524&ssl=1&resize=525%2C300 1.5x, https:\/\/i0.wp.com\/www.shqiperia.com\/blog\/wp-content\/uploads\/2018\/03\/Antonio-Bellushi.jpg?fit=700%2C524&ssl=1&resize=700%2C400 2x"},"classes":[]},{"id":93772,"url":"https:\/\/www.shqiperia.com\/blog\/perurohet-ne-kalabri-shtatorja-e-kryepriftit-arberesh-antonio-belushi\/","url_meta":{"origin":8543,"position":1},"title":"P\u00ebrurohet n\u00eb Kalabri, shtatorja e kryepriftit arb\u00ebresh Antonio Belushi","author":"Kurt Farka","date":"September 16, 2025","format":false,"excerpt":"16 Shtator 2025 Prifti arb\u00ebresh Antonio Belushi (Antonio Bellusci) \u00ebsht\u00eb nderuar n\u00eb 91-vjetorin e lindjes p\u00ebrmes nj\u00eb shtatoreje madh\u00ebshtore t\u00eb vendosur n\u00eb zem\u00ebr t\u00eb Frasnit\u00ebs, n\u00eb Kalabri. Shtatorja e At Antonio Belushit u realizua me mjesht\u00ebri nga skulptori i njohur G\u00ebzim Muriqi dhe u vendos n\u00eb Frasnita \u2013 si\u00e7 e\u2026","rel":"","context":"In &quot;Blogu i Udh\u00ebtarit&quot;","block_context":{"text":"Blogu i Udh\u00ebtarit","link":"https:\/\/www.shqiperia.com\/blog\/category\/blogu-i-udhetarit\/"},"img":{"alt_text":"","src":"https:\/\/i0.wp.com\/www.shqiperia.com\/blog\/wp-content\/uploads\/2025\/09\/640-0-shtat-1758004750-1.jpg?fit=640%2C426&ssl=1&resize=350%2C200","width":350,"height":200,"srcset":"https:\/\/i0.wp.com\/www.shqiperia.com\/blog\/wp-content\/uploads\/2025\/09\/640-0-shtat-1758004750-1.jpg?fit=640%2C426&ssl=1&resize=350%2C200 1x, https:\/\/i0.wp.com\/www.shqiperia.com\/blog\/wp-content\/uploads\/2025\/09\/640-0-shtat-1758004750-1.jpg?fit=640%2C426&ssl=1&resize=525%2C300 1.5x"},"classes":[]},{"id":30900,"url":"https:\/\/www.shqiperia.com\/blog\/libri-i-ri-rrugetimi-i-nje-arbereshi\/","url_meta":{"origin":8543,"position":2},"title":"Libri i Ri: \u201cRrug\u00ebtimi i nj\u00eb Arb\u00ebreshi\u201d","author":"Kurt Farka","date":"January 31, 2020","format":false,"excerpt":"Libri i Ri: \u201cRrug\u00ebtimi i nj\u00eb Arb\u00ebreshi\u201d \u201cRrug\u00ebtimi i nj\u00eb Arb\u00ebreshi\u201d \u00ebsht\u00eb libri i autores Ornela Radovicka mbi jet\u00ebn dhe veprimtarin\u00eb e arb\u00ebreshit At Antonio Bellusci i publikuar nga shoqata \u201cPal Engj\u00eblli\u201d. Z. Bellusci me arkivin e tij krijoi nj\u00eb tablo t\u00eb pasur mbi jet\u00ebn reale t\u00eb arb\u00ebresh\u00ebve t\u00eb Kalabris\u00eb\u2026","rel":"","context":"In &quot;Histori&quot;","block_context":{"text":"Histori","link":"https:\/\/www.shqiperia.com\/blog\/category\/histori\/"},"img":{"alt_text":"","src":"https:\/\/i0.wp.com\/www.shqiperia.com\/blog\/wp-content\/uploads\/2020\/01\/81203748_524721774810076_5138133749174632448_n.jpg?fit=480%2C286&ssl=1&resize=350%2C200","width":350,"height":200},"classes":[]},{"id":81998,"url":"https:\/\/www.shqiperia.com\/blog\/ndahet-nga-jata-ai-qe-shetiti-me-kembe-dhe-dokumentoi-se-ne-greqi-ka-695-fshatra-shqiptare\/","url_meta":{"origin":8543,"position":3},"title":"Ndahet nga jata Ai qe shetiti me kemb\u00eb\u00a0 dhe dokumentoi se n\u00eb GREQI ka 695 FSHATRA SHQIPTARE","author":"Kurt Farka","date":"June 21, 2024","format":false,"excerpt":"21 Qershor 2024 Vepra themelore e Bellushit - Titulli: - \"K\u00ebrkime dhe Studime nd\u00ebr Arb\u00ebror\u00ebt t\u00eb Elladhes \/ Ricerche e Studi tra gli Arberori dell\u2019Ellad\u00eb\" Antonio Bellushi, prift arb\u00ebresh, gazetar, shkrimtar, pedagog, etnolog, lindur n\u00eb vitin\u00a01934\u00a0n\u00eb Frashinet\u00eb t\u00eb Kozenc\u00ebs, (Itali). Diplomuar p\u00ebr filozofi e teologji. Ka sh\u00ebrbyer si prift famullitar\u2026","rel":"","context":"In &quot;Blogu i Udh\u00ebtarit&quot;","block_context":{"text":"Blogu i Udh\u00ebtarit","link":"https:\/\/www.shqiperia.com\/blog\/category\/blogu-i-udhetarit\/"},"img":{"alt_text":"","src":"https:\/\/i0.wp.com\/www.shqiperia.com\/blog\/wp-content\/uploads\/2024\/06\/maxresdefault-3.jpg?fit=1200%2C675&ssl=1&resize=350%2C200","width":350,"height":200,"srcset":"https:\/\/i0.wp.com\/www.shqiperia.com\/blog\/wp-content\/uploads\/2024\/06\/maxresdefault-3.jpg?fit=1200%2C675&ssl=1&resize=350%2C200 1x, https:\/\/i0.wp.com\/www.shqiperia.com\/blog\/wp-content\/uploads\/2024\/06\/maxresdefault-3.jpg?fit=1200%2C675&ssl=1&resize=525%2C300 1.5x, https:\/\/i0.wp.com\/www.shqiperia.com\/blog\/wp-content\/uploads\/2024\/06\/maxresdefault-3.jpg?fit=1200%2C675&ssl=1&resize=700%2C400 2x, https:\/\/i0.wp.com\/www.shqiperia.com\/blog\/wp-content\/uploads\/2024\/06\/maxresdefault-3.jpg?fit=1200%2C675&ssl=1&resize=1050%2C600 3x"},"classes":[]},{"id":64902,"url":"https:\/\/www.shqiperia.com\/blog\/akademia-e-shkencave-te-distancohet-prej-sigurimsave-ose-te-shpalle-publikisht-se-eshte-pale-me-ta-flet-gjuhetarja-ledi-shamku-shkreli\/","url_meta":{"origin":8543,"position":4},"title":"Akademia e Shkencave te distancohet prej sigurimsave ose te shpalle publikisht se eshte pal\u00eb me ta\u2026 &#8211; Flet gjuh\u00ebtarja Ledi Shamku Shkreli","author":"Kurt Farka","date":"November 29, 2022","format":false,"excerpt":"29 Nentor 2022 Gjuh\u00ebtarja e njohur Ledi Shamku Shkreli, k\u00ebrkon nga Akademia e Shkencave q\u00eb t\u00eb distancohet nga \u201csigurimsat\u201d, pas nj\u00eb rasti t\u00eb publikuar n\u00eb Newsbomb.al, p\u00ebr ish-Atasheun e Kultur\u00ebs dhe gjuh\u00ebtarin Gjovalin Shkurtaj. Ky i fundit, n\u00eb korrik \u201990 raportonte nga Roma p\u00ebr shqiptar\u00ebt q\u00eb i iknin diktatur\u00ebs, edhe\u2026","rel":"","context":"In &quot;Blogu i Udh\u00ebtarit&quot;","block_context":{"text":"Blogu i Udh\u00ebtarit","link":"https:\/\/www.shqiperia.com\/blog\/category\/blogu-i-udhetarit\/"},"img":{"alt_text":"","src":"https:\/\/i0.wp.com\/www.shqiperia.com\/blog\/wp-content\/uploads\/2022\/11\/Ledi-Shamku-Shkreli.jpg?fit=696%2C448&ssl=1&resize=350%2C200","width":350,"height":200,"srcset":"https:\/\/i0.wp.com\/www.shqiperia.com\/blog\/wp-content\/uploads\/2022\/11\/Ledi-Shamku-Shkreli.jpg?fit=696%2C448&ssl=1&resize=350%2C200 1x, https:\/\/i0.wp.com\/www.shqiperia.com\/blog\/wp-content\/uploads\/2022\/11\/Ledi-Shamku-Shkreli.jpg?fit=696%2C448&ssl=1&resize=525%2C300 1.5x"},"classes":[]},{"id":82012,"url":"https:\/\/www.shqiperia.com\/blog\/antonio-bellusci-zeri-i-arberesheve-e-arvanitasve-miku-i-te-gjitheve\/","url_meta":{"origin":8543,"position":5},"title":"Antonio Bellusci \u2013 Z\u00ebri i arb\u00ebresh\u00ebve e arvanitasve, miku i t\u00eb gjith\u00ebve","author":"Kurt Farka","date":"June 21, 2024","format":false,"excerpt":"21 Qershor 2024 Antonio Bellusci qe prift arb\u00ebresh, gazetar, shkrimtar, pedagog, etnolog (N\u00eb foto: Bellusci n\u00eb shtator t\u00eb vitit 2018, gjat\u00eb intervist\u00ebs p\u00ebr \u201cKoh\u00ebn Ditore) Adresa e tij nuk ishte thjesht e nj\u00eb prifti a studiuesi, por adres\u00eb e arb\u00ebresh\u00ebve, pasi ata q\u00eb ia m\u00ebsynin asaj ane i vinte n\u00eb\u2026","rel":"","context":"In &quot;Blogu i Udh\u00ebtarit&quot;","block_context":{"text":"Blogu i Udh\u00ebtarit","link":"https:\/\/www.shqiperia.com\/blog\/category\/blogu-i-udhetarit\/"},"img":{"alt_text":"","src":"https:\/\/i0.wp.com\/www.shqiperia.com\/blog\/wp-content\/uploads\/2024\/06\/Antonio-Bellushi.jpg?fit=819%2C550&ssl=1&resize=350%2C200","width":350,"height":200,"srcset":"https:\/\/i0.wp.com\/www.shqiperia.com\/blog\/wp-content\/uploads\/2024\/06\/Antonio-Bellushi.jpg?fit=819%2C550&ssl=1&resize=350%2C200 1x, https:\/\/i0.wp.com\/www.shqiperia.com\/blog\/wp-content\/uploads\/2024\/06\/Antonio-Bellushi.jpg?fit=819%2C550&ssl=1&resize=525%2C300 1.5x, https:\/\/i0.wp.com\/www.shqiperia.com\/blog\/wp-content\/uploads\/2024\/06\/Antonio-Bellushi.jpg?fit=819%2C550&ssl=1&resize=700%2C400 2x"},"classes":[]}],"_links":{"self":[{"href":"https:\/\/www.shqiperia.com\/blog\/wp-json\/wp\/v2\/posts\/8543","targetHints":{"allow":["GET"]}}],"collection":[{"href":"https:\/\/www.shqiperia.com\/blog\/wp-json\/wp\/v2\/posts"}],"about":[{"href":"https:\/\/www.shqiperia.com\/blog\/wp-json\/wp\/v2\/types\/post"}],"author":[{"embeddable":true,"href":"https:\/\/www.shqiperia.com\/blog\/wp-json\/wp\/v2\/users\/9"}],"replies":[{"embeddable":true,"href":"https:\/\/www.shqiperia.com\/blog\/wp-json\/wp\/v2\/comments?post=8543"}],"version-history":[{"count":1,"href":"https:\/\/www.shqiperia.com\/blog\/wp-json\/wp\/v2\/posts\/8543\/revisions"}],"predecessor-version":[{"id":8546,"href":"https:\/\/www.shqiperia.com\/blog\/wp-json\/wp\/v2\/posts\/8543\/revisions\/8546"}],"wp:featuredmedia":[{"embeddable":true,"href":"https:\/\/www.shqiperia.com\/blog\/wp-json\/wp\/v2\/media\/8544"}],"wp:attachment":[{"href":"https:\/\/www.shqiperia.com\/blog\/wp-json\/wp\/v2\/media?parent=8543"}],"wp:term":[{"taxonomy":"category","embeddable":true,"href":"https:\/\/www.shqiperia.com\/blog\/wp-json\/wp\/v2\/categories?post=8543"},{"taxonomy":"post_tag","embeddable":true,"href":"https:\/\/www.shqiperia.com\/blog\/wp-json\/wp\/v2\/tags?post=8543"}],"curies":[{"name":"wp","href":"https:\/\/api.w.org\/{rel}","templated":true}]}}