{"id":8538,"date":"2018-06-07T20:18:04","date_gmt":"2018-06-07T20:18:04","guid":{"rendered":"http:\/\/www.shqiperia.com\/blog\/?p=8538"},"modified":"2018-06-07T20:18:39","modified_gmt":"2018-06-07T20:18:39","slug":"ballkani-po-interesohet-per-bimen-qe-mund-ta-mbillni-edhe-ne-oborr-ne-nje-hektar-fitohet-12-mije-euro","status":"publish","type":"post","link":"https:\/\/www.shqiperia.com\/blog\/ballkani-po-interesohet-per-bimen-qe-mund-ta-mbillni-edhe-ne-oborr-ne-nje-hektar-fitohet-12-mije-euro\/","title":{"rendered":"Ballkani po interesohet per bimen q\u00eb mund ta mbillni edhe n\u00eb oborr: N\u00eb nj\u00eb hektar fitohet 12 mij\u00eb euro. &#8211;"},"content":{"rendered":"<p><img data-recalc-dims=\"1\" loading=\"lazy\" decoding=\"async\" data-attachment-id=\"8539\" data-permalink=\"https:\/\/www.shqiperia.com\/blog\/ballkani-po-interesohet-per-bimen-qe-mund-ta-mbillni-edhe-ne-oborr-ne-nje-hektar-fitohet-12-mije-euro\/aroni-640x394\/\" data-orig-file=\"https:\/\/i0.wp.com\/www.shqiperia.com\/blog\/wp-content\/uploads\/2018\/06\/ARONI-640x394.jpg?fit=487%2C294&amp;ssl=1\" data-orig-size=\"487,294\" data-comments-opened=\"1\" data-image-meta=\"{&quot;aperture&quot;:&quot;0&quot;,&quot;credit&quot;:&quot;&quot;,&quot;camera&quot;:&quot;&quot;,&quot;caption&quot;:&quot;&quot;,&quot;created_timestamp&quot;:&quot;0&quot;,&quot;copyright&quot;:&quot;&quot;,&quot;focal_length&quot;:&quot;0&quot;,&quot;iso&quot;:&quot;0&quot;,&quot;shutter_speed&quot;:&quot;0&quot;,&quot;title&quot;:&quot;&quot;,&quot;orientation&quot;:&quot;0&quot;}\" data-image-title=\"ARONI-640&#215;394\" data-image-description=\"\" data-image-caption=\"\" data-medium-file=\"https:\/\/i0.wp.com\/www.shqiperia.com\/blog\/wp-content\/uploads\/2018\/06\/ARONI-640x394.jpg?fit=300%2C181&amp;ssl=1\" data-large-file=\"https:\/\/i0.wp.com\/www.shqiperia.com\/blog\/wp-content\/uploads\/2018\/06\/ARONI-640x394.jpg?fit=487%2C294&amp;ssl=1\" class=\"alignnone wp-image-8539\" alt=\"\" src=\"https:\/\/i0.wp.com\/www.shqiperia.com\/blog\/wp-content\/uploads\/2018\/06\/ARONI-640x394-300x181.jpg?resize=366%2C221\" width=\"366\" height=\"221\" srcset=\"https:\/\/i0.wp.com\/www.shqiperia.com\/blog\/wp-content\/uploads\/2018\/06\/ARONI-640x394.jpg?resize=300%2C181&amp;ssl=1 300w, https:\/\/i0.wp.com\/www.shqiperia.com\/blog\/wp-content\/uploads\/2018\/06\/ARONI-640x394.jpg?w=487&amp;ssl=1 487w\" sizes=\"auto, (max-width: 366px) 100vw, 366px\" \/><\/p>\n<p><strong>Ballkani po interesohet per bimen q\u00eb mund ta mbillni edhe n\u00eb oborr: N\u00eb nj\u00eb hektar fitohet 12 mij\u00eb euro. &#8211;<br \/>\n<\/strong><\/p>\n<p><strong>Kjo zon\u00eb \u00ebsht\u00eb ideale p\u00ebr rritjen e k\u00ebsaj bime q\u00eb prodhon fitime t\u00eb m\u00ebdha. Koh\u00ebt e fundit, aronia \u00ebsht\u00eb b\u00ebr\u00eb jasht\u00ebzakonisht popullore dhe m\u00eb e k\u00ebrkuar, dhe sipas ekspert\u00ebve, rajoni yn\u00eb \u00ebsht\u00eb ideal p\u00ebr kultivimin e saj.<\/strong><\/p>\n<p>\u00cbsht\u00eb ushqim i shk\u00eblqyesh\u00ebm sepse p\u00ebrmban nj\u00eb sasi t\u00eb vog\u00ebl t\u00eb kalorive dhe nj\u00eb nivel t\u00eb lart\u00eb t\u00eb vitaminave dhe mineraleve. Dhe p\u00ebrve\u00e7 k\u00ebsaj, ajo \u00ebsht\u00eb e pasur me antioksidant\u00eb, e cila ka nj\u00eb shtrirje m\u00eb t\u00eb madhe sesa n\u00eb boronic\u00eb, mjed\u00ebr dhe rrush pa but\u00eb t\u00eb zi.<\/p>\n<p>Bima e Aronias arrijn\u00eb lart\u00ebsin\u00eb e tyre t\u00eb plot\u00eb n\u00eb vitin e tet\u00eb, duke i dh\u00ebn\u00eb 10 kilogram p\u00ebr nje \u00a0rr\u00ebnj\u00eb.<\/p>\n<p>Nj\u00eb kilogram aroni nga klasa e par\u00eb paguhet deri n\u00eb 1 euro. Sipas disa llogaritjeve, p\u00ebr prodhim n\u00eb nj\u00eb hektar mund t\u00eb arrij\u00eb fitim deri n\u00eb 12 mij\u00eb euro.<\/p>\n<p><img data-recalc-dims=\"1\" loading=\"lazy\" decoding=\"async\" data-attachment-id=\"8540\" data-permalink=\"https:\/\/www.shqiperia.com\/blog\/ballkani-po-interesohet-per-bimen-qe-mund-ta-mbillni-edhe-ne-oborr-ne-nje-hektar-fitohet-12-mije-euro\/aroni-640x394-copy\/\" data-orig-file=\"https:\/\/i0.wp.com\/www.shqiperia.com\/blog\/wp-content\/uploads\/2018\/06\/ARONI-640x394-Copy.jpg?fit=640%2C394&amp;ssl=1\" data-orig-size=\"640,394\" data-comments-opened=\"1\" data-image-meta=\"{&quot;aperture&quot;:&quot;0&quot;,&quot;credit&quot;:&quot;&quot;,&quot;camera&quot;:&quot;&quot;,&quot;caption&quot;:&quot;&quot;,&quot;created_timestamp&quot;:&quot;0&quot;,&quot;copyright&quot;:&quot;&quot;,&quot;focal_length&quot;:&quot;0&quot;,&quot;iso&quot;:&quot;0&quot;,&quot;shutter_speed&quot;:&quot;0&quot;,&quot;title&quot;:&quot;&quot;,&quot;orientation&quot;:&quot;0&quot;}\" data-image-title=\"ARONI-640&#215;394 &#8211; Copy\" data-image-description=\"\" data-image-caption=\"\" data-medium-file=\"https:\/\/i0.wp.com\/www.shqiperia.com\/blog\/wp-content\/uploads\/2018\/06\/ARONI-640x394-Copy.jpg?fit=300%2C185&amp;ssl=1\" data-large-file=\"https:\/\/i0.wp.com\/www.shqiperia.com\/blog\/wp-content\/uploads\/2018\/06\/ARONI-640x394-Copy.jpg?fit=640%2C394&amp;ssl=1\" class=\"alignnone wp-image-8540\" alt=\"\" src=\"https:\/\/i0.wp.com\/www.shqiperia.com\/blog\/wp-content\/uploads\/2018\/06\/ARONI-640x394-Copy-300x185.jpg?resize=662%2C408\" width=\"662\" height=\"408\" srcset=\"https:\/\/i0.wp.com\/www.shqiperia.com\/blog\/wp-content\/uploads\/2018\/06\/ARONI-640x394-Copy.jpg?resize=300%2C185&amp;ssl=1 300w, https:\/\/i0.wp.com\/www.shqiperia.com\/blog\/wp-content\/uploads\/2018\/06\/ARONI-640x394-Copy.jpg?resize=348%2C215&amp;ssl=1 348w, https:\/\/i0.wp.com\/www.shqiperia.com\/blog\/wp-content\/uploads\/2018\/06\/ARONI-640x394-Copy.jpg?w=640&amp;ssl=1 640w\" sizes=\"auto, (max-width: 662px) 100vw, 662px\" \/><\/p>\n<p>Prodhuesit thon\u00eb se \u00ebsht\u00eb mjaft e leht\u00eb p\u00ebr tu rritur dhe kujdesur p\u00ebr k\u00ebt\u00eb bim\u00eb dhe \u00ebsht\u00eb e mundur q\u00eb n\u00eb oborrin e sht\u00ebpis\u00eb tuaj. E gjith\u00eb kjo \u00ebsht\u00eb e nevojshme \u00ebsht\u00eb q\u00eb t\u00eb ket\u00eb nj\u00eb hap\u00ebsir\u00eb t\u00eb vog\u00ebl t\u00eb lir\u00eb p\u00ebr rritje.<\/p>\n<p>Nuk \u00ebsht\u00eb e komplikuar p\u00ebr rritje, dhe vet\u00ebm nj\u00eb dru mund t\u00eb nxjerr\u00eb m\u00eb shum\u00eb se 17 kilogram fruta.<\/p>\n","protected":false},"excerpt":{"rendered":"<p>Ballkani po interesohet per bimen q\u00eb mund ta mbillni edhe n\u00eb oborr: N\u00eb nj\u00eb hektar fitohet 12 mij\u00eb euro. &#8211; Kjo zon\u00eb \u00ebsht\u00eb ideale p\u00ebr rritjen e k\u00ebsaj bime q\u00eb prodhon fitime t\u00eb m\u00ebdha. Koh\u00ebt e fundit, aronia \u00ebsht\u00eb b\u00ebr\u00eb jasht\u00ebzakonisht popullore dhe m\u00eb e k\u00ebrkuar, dhe sipas ekspert\u00ebve, rajoni yn\u00eb \u00ebsht\u00eb ideal p\u00ebr kultivimin [&hellip;]<\/p>\n","protected":false},"author":9,"featured_media":8539,"comment_status":"open","ping_status":"open","sticky":false,"template":"","format":"standard","meta":{"jetpack_post_was_ever_published":false,"_jetpack_newsletter_access":"","_jetpack_dont_email_post_to_subs":false,"_jetpack_newsletter_tier_id":0,"_jetpack_memberships_contains_paywalled_content":false,"_jetpack_memberships_contains_paid_content":false,"footnotes":"","jetpack_publicize_message":"","jetpack_publicize_feature_enabled":true,"jetpack_social_post_already_shared":true,"jetpack_social_options":{"image_generator_settings":{"template":"highway","default_image_id":0,"font":"","enabled":false},"version":2}},"categories":[27,35],"tags":[],"class_list":["post-8538","post","type-post","status-publish","format-standard","has-post-thumbnail","hentry","category-blogu-i-udhetarit","category-shoqerore"],"jetpack_publicize_connections":[],"jetpack_featured_media_url":"https:\/\/i0.wp.com\/www.shqiperia.com\/blog\/wp-content\/uploads\/2018\/06\/ARONI-640x394.jpg?fit=487%2C294&ssl=1","jetpack_sharing_enabled":true,"jetpack_shortlink":"https:\/\/wp.me\/p5Z6wp-2dI","jetpack-related-posts":[{"id":57713,"url":"https:\/\/www.shqiperia.com\/blog\/shqiperi-modeli-i-biznesit-te-kanabisit-qe-po-ia-kalon-bujqesise\/","url_meta":{"origin":8538,"position":0},"title":"Shqiperi &#8211; Modeli i biznesit t\u00eb kanabisit, q\u00eb po ia \u201ckalon\u201d bujq\u00ebsis\u00eb","author":"Kurt Farka","date":"May 8, 2022","format":false,"excerpt":"Shqiperi - Modeli i biznesit t\u00eb kanabisit, q\u00eb po ia \u201ckalon\u201d bujq\u00ebsis\u00eb 08.05.22 EKONOMIFarat nga Holanda, deri n\u00eb 1 mld euro t\u00eb ardhura n\u00eb vit! Modeli i biznesit t\u00eb kanabisit, q\u00eb po ia \u201ckalon\u201d bujq\u00ebsis\u00eb Kultivimi i kanabisit n\u00eb t\u00eb zez\u00eb duket se \u00ebsht\u00eb dega m\u00eb produktive e bujq\u00ebsis\u00eb dhe\u2026","rel":"","context":"In &quot;Blogu i Udh\u00ebtarit&quot;","block_context":{"text":"Blogu i Udh\u00ebtarit","link":"https:\/\/www.shqiperia.com\/blog\/category\/blogu-i-udhetarit\/"},"img":{"alt_text":"","src":"https:\/\/i0.wp.com\/www.shqiperia.com\/blog\/wp-content\/uploads\/2022\/05\/hashashi-570x410-1.jpg?fit=570%2C334&ssl=1&resize=350%2C200","width":350,"height":200,"srcset":"https:\/\/i0.wp.com\/www.shqiperia.com\/blog\/wp-content\/uploads\/2022\/05\/hashashi-570x410-1.jpg?fit=570%2C334&ssl=1&resize=350%2C200 1x, https:\/\/i0.wp.com\/www.shqiperia.com\/blog\/wp-content\/uploads\/2022\/05\/hashashi-570x410-1.jpg?fit=570%2C334&ssl=1&resize=525%2C300 1.5x"},"classes":[]},{"id":61474,"url":"https:\/\/www.shqiperia.com\/blog\/kryeministri-i-luksemburgut-ne-tirane-ballkani-nje-fuci-baruti\/","url_meta":{"origin":8538,"position":1},"title":"Kryeministri i Luksemburgut n\u00eb Tiran\u00eb: &#8211; \u201cBallkani nj\u00eb fu\u00e7i baruti\u201d","author":"Kurt Farka","date":"August 26, 2022","format":false,"excerpt":"26 Gusht 2022 Kryeministri i Luksemburgut Xavier Bettel ka folur dit\u00ebn e sotme n\u00eb nj\u00eb konferenc\u00eb t\u00eb p\u00ebrbashk\u00ebt me homologun e tij shqiptar, Edi Rama. Gjat\u00eb fjal\u00ebs s\u00eb tij, Bettel u shpreh se Shqip\u00ebria ka ecur p\u00ebrpara n\u00eb rrug\u00ebn e saj dhe se sheh mund\u00ebsi bashk\u00ebpunimi. I ndalur tek situata\u2026","rel":"","context":"In &quot;Blogu i Udh\u00ebtarit&quot;","block_context":{"text":"Blogu i Udh\u00ebtarit","link":"https:\/\/www.shqiperia.com\/blog\/category\/blogu-i-udhetarit\/"},"img":{"alt_text":"","src":"https:\/\/i0.wp.com\/www.shqiperia.com\/blog\/wp-content\/uploads\/2022\/08\/Kryeministri-i-Luksemburgut-Xavier-Bettel.jpeg?fit=640%2C381&ssl=1&resize=350%2C200","width":350,"height":200,"srcset":"https:\/\/i0.wp.com\/www.shqiperia.com\/blog\/wp-content\/uploads\/2022\/08\/Kryeministri-i-Luksemburgut-Xavier-Bettel.jpeg?fit=640%2C381&ssl=1&resize=350%2C200 1x, https:\/\/i0.wp.com\/www.shqiperia.com\/blog\/wp-content\/uploads\/2022\/08\/Kryeministri-i-Luksemburgut-Xavier-Bettel.jpeg?fit=640%2C381&ssl=1&resize=525%2C300 1.5x"},"classes":[]},{"id":17655,"url":"https:\/\/www.shqiperia.com\/blog\/kura-me-bimen-me-te-perhapur-ne-shqiperi-qe-po-ben-namin-gjithandej\/","url_meta":{"origin":8538,"position":2},"title":"Kura me bim\u00ebn m\u00eb t\u00eb p\u00ebrhapur n\u00eb Shqip\u00ebri q\u00eb po b\u00ebn namin gjithandej","author":"Kurt Farka","date":"February 19, 2019","format":false,"excerpt":"Kura me bim\u00ebn m\u00eb t\u00eb p\u00ebrhapur n\u00eb Shqip\u00ebri q\u00eb po b\u00ebn namin gjithandej Gjembgomari \u00ebsht\u00eb nj\u00eb bim\u00eb q\u00eb lul\u00ebzon dhe q\u00eb i p\u00ebrket familjes botanike t\u00eb luledeles dhe mban emrin botanik Silybum marianum. Ekstrakti i gjembgomarit, q\u00eb p\u00ebrgatitet nga farat e bim\u00ebs ndihmon me pro\u00e7esin e detoksifikimit dhe sh\u00ebrben si\u2026","rel":"","context":"In &quot;Kultura&quot;","block_context":{"text":"Kultura","link":"https:\/\/www.shqiperia.com\/blog\/category\/kultura\/"},"img":{"alt_text":"","src":"https:\/\/i0.wp.com\/www.shqiperia.com\/blog\/wp-content\/uploads\/2019\/02\/gjembgomari9901-750x500-Copy-300x175.jpg?resize=350%2C200","width":350,"height":200},"classes":[]},{"id":61240,"url":"https:\/\/www.shqiperia.com\/blog\/djali-i-miliarderit-xhorxh-soros-ndjek-kemba-kembes-treshen-rama-vucic-zaev-projektit-ballkani-i-hapur-cfare-po-thuret-ne-prapaskene\/","url_meta":{"origin":8538,"position":3},"title":"Djali i miliarderit Xhorxh Soros ndjek \u201ck\u00ebmba-k\u00ebmb\u00ebs\u201d treshen Rama-Vu\u00e7i\u00e7-Zaev. &#8211; Projektit \u201cBallkani i Hapur\u201d, \u00e7far\u00eb po thuret n\u00eb prapasken\u00eb?","author":"Kurt Farka","date":"August 17, 2022","format":false,"excerpt":"- 17 Gusht 2022. \"Edhe Ministri i Jasht\u00ebm rus Sergei Lavrov ka pranuar q\u00eb projekti i Ballkanit t\u00eb Hapur mb\u00ebshtetet qart\u00ebsisht nga rus\u00ebt, t\u00eb cil\u00ebt e konsiderojn\u00eb k\u00ebt\u00eb nj\u00eb nism\u00eb t\u00eb Serbis\u00eb...\". N\u00eb Ballkanin e Hapur shum\u00eb t\u00eb komentuar, shtetet\u00a0 e rajonit m\u00eb shum\u00eb po largohen sesa po bashkohen, duke\u2026","rel":"","context":"In &quot;Blogu i Udh\u00ebtarit&quot;","block_context":{"text":"Blogu i Udh\u00ebtarit","link":"https:\/\/www.shqiperia.com\/blog\/category\/blogu-i-udhetarit\/"},"img":{"alt_text":"","src":"https:\/\/i0.wp.com\/www.shqiperia.com\/blog\/wp-content\/uploads\/2022\/08\/Projektit-Ballkani-i-Hapur-cfare-po-thuret-ne-prapaskene.jpg?fit=800%2C448&ssl=1&resize=350%2C200","width":350,"height":200,"srcset":"https:\/\/i0.wp.com\/www.shqiperia.com\/blog\/wp-content\/uploads\/2022\/08\/Projektit-Ballkani-i-Hapur-cfare-po-thuret-ne-prapaskene.jpg?fit=800%2C448&ssl=1&resize=350%2C200 1x, https:\/\/i0.wp.com\/www.shqiperia.com\/blog\/wp-content\/uploads\/2022\/08\/Projektit-Ballkani-i-Hapur-cfare-po-thuret-ne-prapaskene.jpg?fit=800%2C448&ssl=1&resize=525%2C300 1.5x, https:\/\/i0.wp.com\/www.shqiperia.com\/blog\/wp-content\/uploads\/2022\/08\/Projektit-Ballkani-i-Hapur-cfare-po-thuret-ne-prapaskene.jpg?fit=800%2C448&ssl=1&resize=700%2C400 2x"},"classes":[]},{"id":92713,"url":"https:\/\/www.shqiperia.com\/blog\/berisha-pergjimet-tregojne-per-darkat-dhe-drekat-qe-shtronte-rama-me-pojen-dhe-agasin-me-vererat-30-40-mije-e-shishja\/","url_meta":{"origin":8538,"position":4},"title":"Berisha: &#8211; P\u00ebrgjimet tregojn\u00eb p\u00ebr darkat dhe drekat q\u00eb shtronte Rama me Poj\u00ebn dhe Agasin me ver\u00ebrat 30-40 mij\u00eb \u20ac shishja","author":"Kurt Farka","date":"May 23, 2025","format":false,"excerpt":"23 Maji 2025 Kryetari i Partis\u00eb Demokratike, Sali Berisha ka deklaruar dit\u00ebn e sotme q\u00eb PD-ja pas luft\u00ebs p\u00ebr paraqitjen nd\u00ebrkomb\u00ebtare t\u00eb fars\u00ebs pas zgjedhjeve, do b\u00ebj\u00eb t\u00eb gjith\u00eb diskutimet e brendshme p\u00ebr t\u00eb gjitt\u00eb problematikat, defektet, t\u00eb metat e gabimet. N\u00eb nj\u00eb konferenc\u00eb p\u00ebr mediat, Berisha tha se p\u00ebrgjimet\u2026","rel":"","context":"In &quot;Blogu i Udh\u00ebtarit&quot;","block_context":{"text":"Blogu i Udh\u00ebtarit","link":"https:\/\/www.shqiperia.com\/blog\/category\/blogu-i-udhetarit\/"},"img":{"alt_text":"","src":"https:\/\/i0.wp.com\/www.shqiperia.com\/blog\/wp-content\/uploads\/2025\/05\/Sali-Berisha-1.jpg?fit=675%2C393&ssl=1&resize=350%2C200","width":350,"height":200,"srcset":"https:\/\/i0.wp.com\/www.shqiperia.com\/blog\/wp-content\/uploads\/2025\/05\/Sali-Berisha-1.jpg?fit=675%2C393&ssl=1&resize=350%2C200 1x, https:\/\/i0.wp.com\/www.shqiperia.com\/blog\/wp-content\/uploads\/2025\/05\/Sali-Berisha-1.jpg?fit=675%2C393&ssl=1&resize=525%2C300 1.5x"},"classes":[]},{"id":50851,"url":"https:\/\/www.shqiperia.com\/blog\/der-spiegel-ballkani-kercenohet-nga-nje-konflikt-i-ri-be-nuk-ofron-asnje-perspektive-po-u-le-hapesire-rusise-dhe-kines\/","url_meta":{"origin":8538,"position":5},"title":"\u201cDer Spiegel\u201d: &#8211; Ballkani k\u00ebrc\u00ebnohet nga nj\u00eb konflikt i ri! BE nuk ofron asnj\u00eb perspektiv\u00eb, po u l\u00eb hap\u00ebsir\u00eb Rusis\u00eb dhe Kin\u00ebs","author":"Kurt Farka","date":"October 24, 2021","format":false,"excerpt":"\u201cDer Spiegel\u201d: - Ballkani k\u00ebrc\u00ebnohet nga nj\u00eb konflikt i ri! BE nuk ofron asnj\u00eb perspektiv\u00eb, po u l\u00eb hap\u00ebsir\u00eb Rusis\u00eb dhe Kin\u00ebs 24 Tetor 2021 Revista gjermane \u201cDer Spiegel\u201d paralajm\u00ebron se Ballkani k\u00ebrc\u00ebnohet nga nj\u00eb konflikt t\u00eb ri. P\u00ebr k\u00ebt\u00eb 'Der Spiegel\u201d ia hedh fajin BE, e cila me politik\u00ebn\u2026","rel":"","context":"In &quot;Blogu i Udh\u00ebtarit&quot;","block_context":{"text":"Blogu i Udh\u00ebtarit","link":"https:\/\/www.shqiperia.com\/blog\/category\/blogu-i-udhetarit\/"},"img":{"alt_text":"","src":"https:\/\/i0.wp.com\/www.shqiperia.com\/blog\/wp-content\/uploads\/2021\/10\/1635056940_sper687x450.jpg?fit=780%2C440&ssl=1&resize=350%2C200","width":350,"height":200,"srcset":"https:\/\/i0.wp.com\/www.shqiperia.com\/blog\/wp-content\/uploads\/2021\/10\/1635056940_sper687x450.jpg?fit=780%2C440&ssl=1&resize=350%2C200 1x, https:\/\/i0.wp.com\/www.shqiperia.com\/blog\/wp-content\/uploads\/2021\/10\/1635056940_sper687x450.jpg?fit=780%2C440&ssl=1&resize=525%2C300 1.5x, https:\/\/i0.wp.com\/www.shqiperia.com\/blog\/wp-content\/uploads\/2021\/10\/1635056940_sper687x450.jpg?fit=780%2C440&ssl=1&resize=700%2C400 2x"},"classes":[]}],"_links":{"self":[{"href":"https:\/\/www.shqiperia.com\/blog\/wp-json\/wp\/v2\/posts\/8538","targetHints":{"allow":["GET"]}}],"collection":[{"href":"https:\/\/www.shqiperia.com\/blog\/wp-json\/wp\/v2\/posts"}],"about":[{"href":"https:\/\/www.shqiperia.com\/blog\/wp-json\/wp\/v2\/types\/post"}],"author":[{"embeddable":true,"href":"https:\/\/www.shqiperia.com\/blog\/wp-json\/wp\/v2\/users\/9"}],"replies":[{"embeddable":true,"href":"https:\/\/www.shqiperia.com\/blog\/wp-json\/wp\/v2\/comments?post=8538"}],"version-history":[{"count":1,"href":"https:\/\/www.shqiperia.com\/blog\/wp-json\/wp\/v2\/posts\/8538\/revisions"}],"predecessor-version":[{"id":8541,"href":"https:\/\/www.shqiperia.com\/blog\/wp-json\/wp\/v2\/posts\/8538\/revisions\/8541"}],"wp:featuredmedia":[{"embeddable":true,"href":"https:\/\/www.shqiperia.com\/blog\/wp-json\/wp\/v2\/media\/8539"}],"wp:attachment":[{"href":"https:\/\/www.shqiperia.com\/blog\/wp-json\/wp\/v2\/media?parent=8538"}],"wp:term":[{"taxonomy":"category","embeddable":true,"href":"https:\/\/www.shqiperia.com\/blog\/wp-json\/wp\/v2\/categories?post=8538"},{"taxonomy":"post_tag","embeddable":true,"href":"https:\/\/www.shqiperia.com\/blog\/wp-json\/wp\/v2\/tags?post=8538"}],"curies":[{"name":"wp","href":"https:\/\/api.w.org\/{rel}","templated":true}]}}