{"id":8535,"date":"2018-06-07T17:15:22","date_gmt":"2018-06-07T17:15:22","guid":{"rendered":"http:\/\/www.shqiperia.com\/blog\/?p=8535"},"modified":"2018-06-07T17:15:38","modified_gmt":"2018-06-07T17:15:38","slug":"pse-edi-rama-po-merr-ish-luftetaret-e-isis-ne-tirane","status":"publish","type":"post","link":"https:\/\/www.shqiperia.com\/blog\/pse-edi-rama-po-merr-ish-luftetaret-e-isis-ne-tirane\/","title":{"rendered":"Pse Edi Rama po merr ish-luft\u00ebtar\u00ebt e ISIS n\u00eb Tiran\u00eb? &#8211;"},"content":{"rendered":"<p><img data-recalc-dims=\"1\" loading=\"lazy\" decoding=\"async\" data-attachment-id=\"8536\" data-permalink=\"https:\/\/www.shqiperia.com\/blog\/pse-edi-rama-po-merr-ish-luftetaret-e-isis-ne-tirane\/islamic-state-front-cover-696x385\/\" data-orig-file=\"https:\/\/i0.wp.com\/www.shqiperia.com\/blog\/wp-content\/uploads\/2018\/06\/Islamic-State-front-cover-696x385.jpg?fit=696%2C385&amp;ssl=1\" data-orig-size=\"696,385\" data-comments-opened=\"1\" data-image-meta=\"{&quot;aperture&quot;:&quot;0&quot;,&quot;credit&quot;:&quot;&quot;,&quot;camera&quot;:&quot;&quot;,&quot;caption&quot;:&quot;&quot;,&quot;created_timestamp&quot;:&quot;0&quot;,&quot;copyright&quot;:&quot;&quot;,&quot;focal_length&quot;:&quot;0&quot;,&quot;iso&quot;:&quot;0&quot;,&quot;shutter_speed&quot;:&quot;0&quot;,&quot;title&quot;:&quot;&quot;,&quot;orientation&quot;:&quot;0&quot;}\" data-image-title=\"Islamic-State-front-cover-696&#215;385\" data-image-description=\"\" data-image-caption=\"\" data-medium-file=\"https:\/\/i0.wp.com\/www.shqiperia.com\/blog\/wp-content\/uploads\/2018\/06\/Islamic-State-front-cover-696x385.jpg?fit=300%2C166&amp;ssl=1\" data-large-file=\"https:\/\/i0.wp.com\/www.shqiperia.com\/blog\/wp-content\/uploads\/2018\/06\/Islamic-State-front-cover-696x385.jpg?fit=696%2C385&amp;ssl=1\" class=\"alignnone wp-image-8536\" alt=\"\" src=\"https:\/\/i0.wp.com\/www.shqiperia.com\/blog\/wp-content\/uploads\/2018\/06\/Islamic-State-front-cover-696x385-300x166.jpg?resize=361%2C200\" width=\"361\" height=\"200\" srcset=\"https:\/\/i0.wp.com\/www.shqiperia.com\/blog\/wp-content\/uploads\/2018\/06\/Islamic-State-front-cover-696x385.jpg?resize=300%2C166&amp;ssl=1 300w, https:\/\/i0.wp.com\/www.shqiperia.com\/blog\/wp-content\/uploads\/2018\/06\/Islamic-State-front-cover-696x385.jpg?resize=696%2C385&amp;ssl=1 696w\" sizes=\"auto, (max-width: 361px) 100vw, 361px\" \/><\/p>\n<p><strong>Pse Edi Rama po merr ish-luft\u00ebtar\u00ebt e ISIS n\u00eb Tiran\u00eb?<\/strong><\/p>\n<p>E pse t\u00eb mos e lavd\u00ebrojn\u00eb kryeministrin Rama, shtetet e Rajonit dhe n\u00eb BE?! I largojn\u00eb nga vetja ish-terrorist\u00ebt dhe na i rrasin ne si Shqip\u00ebri.<\/p>\n<p><strong>Nga Qamil Xhani \u2013<\/strong><\/p>\n<p>Qeveria shqiptare ka planifikuar nd\u00ebrtimin e nj\u00eb qendre rajonale p\u00ebr koordinimin e ish-luft\u00ebtar\u00ebve t\u00eb ISIS n\u00eb Rajonin e Ballkanit. Projekti p\u00ebr institucionet shqiptare njihet me emrin e gjat\u00eb Qendra Rajonale e Koordinimit kund\u00ebr Ekstremizmit t\u00eb Dhunsh\u00ebm, n\u00eb fakt \u00ebsht\u00eb nj\u00eb \u201cpik\u00eb grumbullimi\u201d e gjith\u00eb ish-terrorist\u00ebve q\u00eb u b\u00ebn\u00eb pjes\u00eb e luft\u00ebs s\u00eb p\u00ebrgjakshme n\u00eb Siri, si pjes\u00eb e Shtetit Islamik. N\u00eb vitin 2015 qeveria \u201cRama\u201d vendosi zbatimin e k\u00ebtij projekti vet\u00ebm p\u00ebr shtetasit shqiptar\u00ebt q\u00eb ishin b\u00ebr\u00eb pjes\u00eb e k\u00ebsaj lufte dhe strukturave terroriste. Nd\u00ebrsa s\u00eb fundi m\u00ebsohet se qendra do t\u00eb jet\u00eb nj\u00eb projekt rajonal p\u00ebr disa shtete. Lajmi p\u00ebr ngritjen e k\u00ebsaj qendre \u00ebsht\u00eb dh\u00ebn\u00eb jo nga Edi Rama, por nga kryeministri i Bullgaris\u00eb, Boyko Borissov gjat\u00eb vizit\u00ebs q\u00eb zhvilloi n\u00eb Tiran\u00eb, n\u00eb kuad\u00ebr t\u00eb takimit kund\u00ebr ekstremizmit t\u00eb dhunsh\u00ebm. Nj\u00eb nism\u00eb e till\u00eb \u00ebsht\u00eb p\u00ebrkrahur nga shtetet e rajonit dhe ka mb\u00ebshtetje dhe t\u00eb organizatave t\u00eb tjera, sepse e largojn\u00eb nga shteti i tyre. Parimisht duket si nj\u00eb projekt i r\u00ebnd\u00ebsish\u00ebm kur prezantohet n\u00eb forume rajonale, por qytetar\u00ebve u duhet shpjeguar se \u00e7far\u00eb \u00ebsht\u00eb ky program? Dhe mbi t\u00eb gjitha a \u00ebsht\u00eb gati Shqip\u00ebria t\u00eb b\u00ebhet pjes\u00eb e nj\u00eb projekti t\u00eb till\u00eb, kur ka probleme me krimin e organizuar dhe mafien e drog\u00ebs?<\/p>\n<p>Sido q\u00eb t\u00eb prezantohet nj\u00eb strategji e till\u00eb p\u00ebr sigurin\u00eb e rajonit, faktet jan\u00eb k\u00ebto. Diku n\u00eb nj\u00eb vend t\u00eb Shqip\u00ebris\u00eb do t\u00eb ngrihet nj\u00eb kamp i ri q\u00eb do t\u00eb mbledh brenda tij gjith\u00eb ish-terrorist\u00ebt, ish-luft\u00ebtar\u00ebt apo ish-predikuesit e terrorit q\u00eb u b\u00ebn\u00eb pjes\u00eb e ISIS n\u00eb k\u00ebto vite. E th\u00ebn\u00eb ndryshe, gjith\u00eb vras\u00ebsit q\u00eb kan\u00eb marr\u00eb pjes\u00eb me d\u00ebshir\u00eb n\u00eb masakrat m\u00eb \u00e7njer\u00ebzore q\u00eb jan\u00eb b\u00ebr\u00eb n\u00eb em\u00ebr t\u00eb fes\u00eb n\u00eb Siri, Irak, e gjetk\u00eb do t\u00eb vijn\u00eb n\u00eb Shqip\u00ebri. Ky kontingjent i vler\u00ebsuar nga gjith\u00eb shtetet e bot\u00ebs si rreziku num\u00ebr nj\u00eb p\u00ebr sigurin\u00eb, do t\u00eb mblidhet n\u00eb Shqip\u00ebri vet\u00ebm q\u00eb shtetet e BE t\u00eb japin vot\u00ebn p\u00ebr statusin p\u00ebr n\u00eb Bruksel. Sigurisht nj\u00eb pjes\u00eb e tyre jan\u00eb penduar p\u00ebr luft\u00ebn ku kan\u00eb marr\u00eb pjes\u00eb apo jan\u00eb mashtruar. Por a \u00ebsht\u00eb gati Shqip\u00ebria dhe i ka kapacitetet t\u00eb rikthej\u00eb n\u00eb normalitet njer\u00ebz q\u00eb n\u00eb gjith\u00eb bot\u00ebn kan\u00eb damk\u00ebn e terrorist\u00ebve dhe vras\u00ebsve m\u00eb t\u00eb pam\u00ebshirsh\u00ebm?<\/p>\n<p>Arsyet se p\u00ebrse Shqip\u00ebria \u00ebsht\u00eb zgjedhur p\u00ebr k\u00ebt\u00eb projekt nuk jan\u00eb b\u00ebr\u00eb t\u00eb ditura nga qeveria shqiptare. Nj\u00eb variant \u00ebsht\u00eb se p\u00ebr shkak t\u00eb shumic\u00ebs myslimane t\u00eb popullsis\u00eb rehabilitimi i ish-luft\u00ebtar\u00ebve do t\u00eb jet\u00eb m\u00eb i leht\u00eb. Por fakti \u00ebsht\u00eb se Shqip\u00ebria, madje dhe Kosova, nuk kan\u00eb numrin m\u00eb t\u00eb lart\u00eb t\u00eb njer\u00ebzve q\u00eb u b\u00ebn\u00eb pjes\u00eb e ISIS. Shifrat e vitit 2015 tregojn\u00eb se nga Shqip\u00ebria dhe Kosova, pjes\u00eb e \u00e7menduris\u00eb s\u00eb ISIS u b\u00ebn\u00eb jo m\u00eb shum\u00eb se 200 shqiptar\u00eb. Nd\u00ebrkoh\u00eb n\u00eb gjith\u00eb Ballkanin llogariten m\u00eb shum\u00eb se 1 mij\u00eb. Sfida kryesore p\u00ebr njer\u00ebzit q\u00eb kthehen nga luft\u00ebra t\u00eb tilla nuk \u00ebsht\u00eb vet\u00ebm rehabilitimi, por edhe frenimi i p\u00ebrhapjes s\u00eb ideve radikale. Dhe k\u00ebtu flasim p\u00ebr terroriz\u00ebm dhe c\u00ebnim t\u00eb siguris\u00eb komb\u00ebtare dhe jo ide apo pik\u00ebpamje mbi besimet fetare.<\/p>\n<p><img data-recalc-dims=\"1\" loading=\"lazy\" decoding=\"async\" data-attachment-id=\"8536\" data-permalink=\"https:\/\/www.shqiperia.com\/blog\/pse-edi-rama-po-merr-ish-luftetaret-e-isis-ne-tirane\/islamic-state-front-cover-696x385\/\" data-orig-file=\"https:\/\/i0.wp.com\/www.shqiperia.com\/blog\/wp-content\/uploads\/2018\/06\/Islamic-State-front-cover-696x385.jpg?fit=696%2C385&amp;ssl=1\" data-orig-size=\"696,385\" data-comments-opened=\"1\" data-image-meta=\"{&quot;aperture&quot;:&quot;0&quot;,&quot;credit&quot;:&quot;&quot;,&quot;camera&quot;:&quot;&quot;,&quot;caption&quot;:&quot;&quot;,&quot;created_timestamp&quot;:&quot;0&quot;,&quot;copyright&quot;:&quot;&quot;,&quot;focal_length&quot;:&quot;0&quot;,&quot;iso&quot;:&quot;0&quot;,&quot;shutter_speed&quot;:&quot;0&quot;,&quot;title&quot;:&quot;&quot;,&quot;orientation&quot;:&quot;0&quot;}\" data-image-title=\"Islamic-State-front-cover-696&#215;385\" data-image-description=\"\" data-image-caption=\"\" data-medium-file=\"https:\/\/i0.wp.com\/www.shqiperia.com\/blog\/wp-content\/uploads\/2018\/06\/Islamic-State-front-cover-696x385.jpg?fit=300%2C166&amp;ssl=1\" data-large-file=\"https:\/\/i0.wp.com\/www.shqiperia.com\/blog\/wp-content\/uploads\/2018\/06\/Islamic-State-front-cover-696x385.jpg?fit=696%2C385&amp;ssl=1\" class=\"alignnone wp-image-8536\" alt=\"\" src=\"https:\/\/i0.wp.com\/www.shqiperia.com\/blog\/wp-content\/uploads\/2018\/06\/Islamic-State-front-cover-696x385-300x166.jpg?resize=683%2C378\" width=\"683\" height=\"378\" srcset=\"https:\/\/i0.wp.com\/www.shqiperia.com\/blog\/wp-content\/uploads\/2018\/06\/Islamic-State-front-cover-696x385.jpg?resize=300%2C166&amp;ssl=1 300w, https:\/\/i0.wp.com\/www.shqiperia.com\/blog\/wp-content\/uploads\/2018\/06\/Islamic-State-front-cover-696x385.jpg?resize=696%2C385&amp;ssl=1 696w\" sizes=\"auto, (max-width: 683px) 100vw, 683px\" \/><\/p>\n<p>Argumentet se p\u00ebrse qeveria Rama e ka pranuar nj\u00eb projekt t\u00eb till\u00eb nuk jan\u00eb b\u00ebr\u00eb publike deri m\u00eb sot. Kthimi i vendit n\u00eb nj\u00eb kamp p\u00ebr ish-terrorist\u00ebt u shtohet zellit t\u00eb qeveris\u00eb \u201cRama\u201d dhe asaj t\u00eb m\u00ebparshme \u201cBerisha\u201d p\u00ebr t\u00eb pranuar \u00e7far\u00ebdo projekti q\u00eb ka t\u00eb b\u00ebj\u00eb me ekstremizmin. Edhe pse nuk jan\u00eb raste t\u00eb ngjashme, me nj\u00eb vendim t\u00eb till\u00eb n\u00eb Shqip\u00ebri u pranuan dhe muxhahedin\u00ebt iranian\u00eb. Sigurisht muxhahedin\u00ebt dhe ish-terrorist\u00ebt e ISIS nuk jan\u00eb nj\u00eblloj, por indirekt qeveria shqiptare me k\u00ebto vendime shton rreziqet p\u00ebr sigurin\u00eb komb\u00ebtare. N\u00eb nj\u00eb shtet q\u00eb ka probleme me krimin, trafiqet dhe zbatimin e ligjit, t\u00eb vetofrohesh p\u00ebr tu b\u00ebr\u00eb kamp ish-terrorist\u00ebt \u00ebsht\u00eb nj\u00eblloj si t\u2019i ekspozohesh rrezikut. Terrorizmi dhe ekstremizmi i dhunsh\u00ebm \u00ebsht\u00eb nj\u00eb sfid\u00eb p\u00ebr shtete shum\u00eb m\u00eb t\u00eb fuqishme dhe me m\u00eb shum\u00eb kapacitete sesa Shqip\u00ebria.<\/p>\n<p>N\u00eb gjith\u00eb k\u00ebt\u00eb zell t\u00eb qeveris\u00eb p\u00ebr t\u00eb hapur portat p\u00ebr kasap\u00ebt e ISIS ajo q\u00eb nuk na \u00ebsht\u00eb th\u00ebn\u00eb deri tani \u00ebsht\u00eb \u00e7far\u00eb fiton Shqip\u00ebria? Kush do e financoj\u00eb k\u00ebt\u00eb projekt? Kush do e monitoroj\u00eb dhe si do p\u00ebrballohen kostot? Kush do t\u00eb na garantoj\u00eb q\u00eb nga vend edukimi Shqip\u00ebrin\u00eb nuk do ta kthejn\u00eb n\u00eb vend sulmi?<\/p>\n<p>Mesa duket qeveria ka menduar vet\u00ebm p\u00ebr fitimet e saj afatshkurtra. Nj\u00eb projekt i till\u00eb nuk ka si t\u00eb mos mb\u00ebshtetet nga vendet e rajonit dhe organizatat nd\u00ebrkomb\u00ebtare, pasi u heq atyre jo pak telashe. Qeveria \u201cRama\u201d me k\u00ebt\u00eb rast merr l\u00ebvdatat dhe nuk u l\u00eb vend p\u00ebr kritika q\u00eb kan\u00eb t\u00eb b\u00ebjn\u00eb me qeverisjen dhe problemet q\u00eb ka Shqip\u00ebria.<\/p>\n<p>E pse t\u00eb mos e lavd\u00ebrojn\u00eb kryeministrin Rama, shtetet e Rajonit dhe n\u00eb BE?! I largojn\u00eb nga vetja ish-terrorist\u00ebt dhe na i rrasin ne si Shqip\u00ebri.<\/p>\n<p>Nga: Gazeta Koha\u00a0 Jone.<\/p>\n","protected":false},"excerpt":{"rendered":"<p>Pse Edi Rama po merr ish-luft\u00ebtar\u00ebt e ISIS n\u00eb Tiran\u00eb? E pse t\u00eb mos e lavd\u00ebrojn\u00eb kryeministrin Rama, shtetet e Rajonit dhe n\u00eb BE?! I largojn\u00eb nga vetja ish-terrorist\u00ebt dhe na i rrasin ne si Shqip\u00ebri. Nga Qamil Xhani \u2013 Qeveria shqiptare ka planifikuar nd\u00ebrtimin e nj\u00eb qendre rajonale p\u00ebr koordinimin e ish-luft\u00ebtar\u00ebve t\u00eb ISIS [&hellip;]<\/p>\n","protected":false},"author":9,"featured_media":8536,"comment_status":"open","ping_status":"open","sticky":false,"template":"","format":"standard","meta":{"jetpack_post_was_ever_published":false,"_jetpack_newsletter_access":"","_jetpack_dont_email_post_to_subs":false,"_jetpack_newsletter_tier_id":0,"_jetpack_memberships_contains_paywalled_content":false,"_jetpack_memberships_contains_paid_content":false,"footnotes":"","jetpack_publicize_message":"","jetpack_publicize_feature_enabled":true,"jetpack_social_post_already_shared":true,"jetpack_social_options":{"image_generator_settings":{"template":"highway","default_image_id":0,"font":"","enabled":false},"version":2}},"categories":[27,1,35],"tags":[],"class_list":["post-8535","post","type-post","status-publish","format-standard","has-post-thumbnail","hentry","category-blogu-i-udhetarit","category-njoftime-shtypi","category-shoqerore"],"jetpack_publicize_connections":[],"jetpack_featured_media_url":"https:\/\/i0.wp.com\/www.shqiperia.com\/blog\/wp-content\/uploads\/2018\/06\/Islamic-State-front-cover-696x385.jpg?fit=696%2C385&ssl=1","jetpack_sharing_enabled":true,"jetpack_shortlink":"https:\/\/wp.me\/p5Z6wp-2dF","jetpack-related-posts":[{"id":8581,"url":"https:\/\/www.shqiperia.com\/blog\/vasili-rama-genjen-per-ish-luftetaret-e-isis\/","url_meta":{"origin":8535,"position":0},"title":"Vasili: Rama g\u00ebnjen p\u00ebr ish-luft\u00ebtar\u00ebt e ISIS. &#8211;","author":"Kurt Farka","date":"June 9, 2018","format":false,"excerpt":"Vasili: Rama g\u00ebnjen p\u00ebr ish-luft\u00ebtar\u00ebt e ISIS.- 8 Qershor, 2018 Kreu i deputet\u00ebve t\u00eb LSI-s\u00eb, Petrit Vasili reagoi sot pas deklarat\u00ebs s\u00eb Kryeministris\u00eb, e cili i cil\u00ebsoi spekulime idet\u00eb p\u00ebr ngritjen e nj\u00eb qendre p\u00ebr rehabilitimin e ish-terrorist\u00ebve t\u00eb ISIS nga rajoni i Ballkanit. Petrit Vasili risjell\u00eb edhe nj\u00eb her\u00eb\u2026","rel":"","context":"In &quot;Njoftime Shtypi&quot;","block_context":{"text":"Njoftime Shtypi","link":"https:\/\/www.shqiperia.com\/blog\/category\/njoftime-shtypi\/"},"img":{"alt_text":"","src":"https:\/\/i0.wp.com\/www.shqiperia.com\/blog\/wp-content\/uploads\/2018\/06\/Petrit-Vasili.jpg?fit=768%2C479&ssl=1&resize=350%2C200","width":350,"height":200,"srcset":"https:\/\/i0.wp.com\/www.shqiperia.com\/blog\/wp-content\/uploads\/2018\/06\/Petrit-Vasili.jpg?fit=768%2C479&ssl=1&resize=350%2C200 1x, https:\/\/i0.wp.com\/www.shqiperia.com\/blog\/wp-content\/uploads\/2018\/06\/Petrit-Vasili.jpg?fit=768%2C479&ssl=1&resize=525%2C300 1.5x, https:\/\/i0.wp.com\/www.shqiperia.com\/blog\/wp-content\/uploads\/2018\/06\/Petrit-Vasili.jpg?fit=768%2C479&ssl=1&resize=700%2C400 2x"},"classes":[]},{"id":8555,"url":"https:\/\/www.shqiperia.com\/blog\/qeveria-e-fshehu-ne-shqiperi-do-strehohen-luftetaret-e-isis-vasili-tradheti-ndaj-shqiptareve\/","url_meta":{"origin":8535,"position":1},"title":"Qeveria e fshehu\/ N\u00eb Shqip\u00ebri do strehohen luft\u00ebtar\u00ebt e ISIS, Vasili: \u201cTradh\u00ebti ndaj shqiptar\u00ebve\u201d. &#8211;","author":"Kurt Farka","date":"June 8, 2018","format":false,"excerpt":"Qeveria e fshehu\/ N\u00eb Shqip\u00ebri do strehohen luft\u00ebtar\u00ebt e ISIS, Vasili: \u201cTradh\u00ebti ndaj shqiptar\u00ebve\u201d. - Kaloi pa marr\u00eb shum\u00eb v\u00ebmendje aty p\u00ebr aty, deklarata e kryeministrit t\u00eb Bullgaris\u00eb Boyko Borissov n\u00eb Tiran\u00eb, ku mori pjes\u00eb n\u00eb nj\u00eb konference kund\u00ebr Ekstramizmit t\u00eb Dhunsh\u00ebm. N\u00eb fjal\u00ebn e tij , kryeministri bullgar, vendi\u2026","rel":"","context":"In &quot;Njoftime Shtypi&quot;","block_context":{"text":"Njoftime Shtypi","link":"https:\/\/www.shqiperia.com\/blog\/category\/njoftime-shtypi\/"},"img":{"alt_text":"","src":"https:\/\/i0.wp.com\/www.shqiperia.com\/blog\/wp-content\/uploads\/2018\/06\/images-3-300x168.jpg?resize=350%2C200","width":350,"height":200},"classes":[]},{"id":74011,"url":"https:\/\/www.shqiperia.com\/blog\/deutsche-welle-shuplake-rames-qeveria-u-riformatua-pas-goditjeve-nga-spak-ps-se-po-i-plasin-skandale-korrupsioni-njeri-pas-tjetrit\/","url_meta":{"origin":8535,"position":2},"title":"Deutsche Welle \u201cshuplak\u00eb\u201d Ram\u00ebs: &#8211; Qeveria u riformatua pas goditjeve nga SPAK, PS-s\u00eb po i plasin skandale korrupsioni nj\u00ebri pas tjetrit","author":"Kurt Farka","date":"September 6, 2023","format":false,"excerpt":"6 Shtator 2023 Nga Sidorela BRA\u00c7JA Media gjermane \u201cDeutsche Welle\u201d, i ka dh\u00ebn\u00eb nj\u00eb shuplak\u00eb t\u00eb fort\u00eb kryeministrit t\u00eb vendit Edi Rama. N\u00eb nj\u00eb artikull t\u00eb shkruar nga \u201cDeutsche Welle\u201d, t\u00eb cilin gazeta po e pasqyron m\u00eb posht\u00eb t\u00eb plot\u00eb, mes t\u00eb tjerash analizohet\u00a0 riformatimi i qeveris\u00eb q\u00eb kryeministri Rama\u2026","rel":"","context":"In &quot;Blogu i Udh\u00ebtarit&quot;","block_context":{"text":"Blogu i Udh\u00ebtarit","link":"https:\/\/www.shqiperia.com\/blog\/category\/blogu-i-udhetarit\/"},"img":{"alt_text":"","src":"https:\/\/i0.wp.com\/www.shqiperia.com\/blog\/wp-content\/uploads\/2023\/09\/800-0-64f5e96609e78.jpg?fit=800%2C461&ssl=1&resize=350%2C200","width":350,"height":200,"srcset":"https:\/\/i0.wp.com\/www.shqiperia.com\/blog\/wp-content\/uploads\/2023\/09\/800-0-64f5e96609e78.jpg?fit=800%2C461&ssl=1&resize=350%2C200 1x, https:\/\/i0.wp.com\/www.shqiperia.com\/blog\/wp-content\/uploads\/2023\/09\/800-0-64f5e96609e78.jpg?fit=800%2C461&ssl=1&resize=525%2C300 1.5x, https:\/\/i0.wp.com\/www.shqiperia.com\/blog\/wp-content\/uploads\/2023\/09\/800-0-64f5e96609e78.jpg?fit=800%2C461&ssl=1&resize=700%2C400 2x"},"classes":[]},{"id":50479,"url":"https:\/\/www.shqiperia.com\/blog\/cilin-paralajmeroi-basha-kur-tha-se-kemi-ish-qeveritare-te-korruptuar-edhe-ne-pd\/","url_meta":{"origin":8535,"position":3},"title":"Cilin paralajm\u00ebroi Basha kur tha se \u201ckemi ish-qeveritar\u00eb t\u00eb korruptuar edhe n\u00eb PD\u201d?","author":"Kurt Farka","date":"October 12, 2021","format":false,"excerpt":"Cilin paralajm\u00ebroi Basha kur tha se \u201ckemi ish-qeveritar\u00eb t\u00eb korruptuar edhe n\u00eb PD\u201d? 12 tetor 2021 Nga Jonida Halili Sot Lulzim Basha ishte m\u00eb i ashp\u00ebr dhe m\u00eb i vendosur se kurr\u00eb m\u00eb par\u00eb. Ai b\u00ebri nj\u00eb deklarat\u00eb para medias dhe goditi me b\u00ebrryl njer\u00ebzit e ish-kryeministrit Berisha, duke i\u2026","rel":"","context":"In &quot;Politika&quot;","block_context":{"text":"Politika","link":"https:\/\/www.shqiperia.com\/blog\/category\/politika\/"},"img":{"alt_text":"","src":"https:\/\/i0.wp.com\/www.shqiperia.com\/blog\/wp-content\/uploads\/2021\/10\/Lulzim-Basha-Foto-ilustruese.jpg?fit=442%2C265&ssl=1&resize=350%2C200","width":350,"height":200},"classes":[]},{"id":92108,"url":"https:\/\/www.shqiperia.com\/blog\/semuret-ilir-beqaj-tronditet-edi-rama-ish-ministri-gati-te-nxjerre-kompetentin-per-aferat-e-koncesioneve-ne\/","url_meta":{"origin":8535,"position":4},"title":"S\u00ebmuret Ilir Beqaj, tronditet Edi Rama, ish-ministri gati t\u00eb nxjerr\u00eb \u201ckompetentin\u201d p\u00ebr aferat e koncesioneve n\u00eb\u2026","author":"Kurt Farka","date":"May 1, 2025","format":false,"excerpt":"1 Maji 2025 Nj\u00eb furtun\u00eb e re duket se po afron mbi qeverin\u00eb \u201cRama\u201d dhe goditja vjen nga brenda burgut. Ish-ministri i Sh\u00ebndet\u00ebsis\u00eb, Ilir Beqaj, i p\u00ebrfshir\u00eb n\u00eb dy nga skandalet m\u00eb t\u00eb m\u00ebdha t\u00eb dekad\u00ebs, po p\u00ebrjeton nj\u00eb kolaps t\u00eb thell\u00eb fizik (\u00ebsht\u00eb s\u00ebmur\u00eb) dhe emocional n\u00eb qelit\u00eb e\u2026","rel":"","context":"In &quot;Blogu i Udh\u00ebtarit&quot;","block_context":{"text":"Blogu i Udh\u00ebtarit","link":"https:\/\/www.shqiperia.com\/blog\/category\/blogu-i-udhetarit\/"},"img":{"alt_text":"","src":"https:\/\/i0.wp.com\/www.shqiperia.com\/blog\/wp-content\/uploads\/2025\/05\/edi_rama_ilir_beqaj_32121.jpg?fit=726%2C428&ssl=1&resize=350%2C200","width":350,"height":200,"srcset":"https:\/\/i0.wp.com\/www.shqiperia.com\/blog\/wp-content\/uploads\/2025\/05\/edi_rama_ilir_beqaj_32121.jpg?fit=726%2C428&ssl=1&resize=350%2C200 1x, https:\/\/i0.wp.com\/www.shqiperia.com\/blog\/wp-content\/uploads\/2025\/05\/edi_rama_ilir_beqaj_32121.jpg?fit=726%2C428&ssl=1&resize=525%2C300 1.5x, https:\/\/i0.wp.com\/www.shqiperia.com\/blog\/wp-content\/uploads\/2025\/05\/edi_rama_ilir_beqaj_32121.jpg?fit=726%2C428&ssl=1&resize=700%2C400 2x"},"classes":[]},{"id":84792,"url":"https:\/\/www.shqiperia.com\/blog\/altin-dumani-ne-zvicer-per-te-marre-dosjet-e-arben-ahmetajt-kreu-i-spak-merr-deshmite-nga-ish-zv-kryeministri-me\/","url_meta":{"origin":8535,"position":5},"title":"Altin Dumani n\u00eb Zvic\u00ebr p\u00ebr t\u00eb marr\u00eb dosjet e Arben Ahmetajt, kreu i SPAK merr d\u00ebshmit\u00eb nga ish-zv.kryeministri me\u2026","author":"Kurt Farka","date":"September 21, 2024","format":false,"excerpt":"21 Shtator 2024 Nga Elmas Bogdani Kreu i SPAK, Altin Dumani u shfaq s\u00eb fundmi n\u00eb nj\u00eb vizit\u00eb t\u00eb papritur n\u00eb Zvic\u00ebr, \u201cparajs\u00ebn\u201d e politikan\u00ebve shqiptar\u00eb t\u00eb cil\u00ebt kan\u00eb fshehur atje miliona. Vet\u00eb SPAK b\u00ebri me dije se Dumani \u00ebsht\u00eb takuar me Prokurorin e P\u00ebrgjithsh\u00ebm t\u00eb Zvicr\u00ebs, Stefan Bl\u00e4ttler, me\u2026","rel":"","context":"In &quot;Blogu i Udh\u00ebtarit&quot;","block_context":{"text":"Blogu i Udh\u00ebtarit","link":"https:\/\/www.shqiperia.com\/blog\/category\/blogu-i-udhetarit\/"},"img":{"alt_text":"","src":"https:\/\/i0.wp.com\/www.shqiperia.com\/blog\/wp-content\/uploads\/2024\/09\/arben-ahmetaj-1068x582-1.jpg?fit=1068%2C582&ssl=1&resize=350%2C200","width":350,"height":200,"srcset":"https:\/\/i0.wp.com\/www.shqiperia.com\/blog\/wp-content\/uploads\/2024\/09\/arben-ahmetaj-1068x582-1.jpg?fit=1068%2C582&ssl=1&resize=350%2C200 1x, https:\/\/i0.wp.com\/www.shqiperia.com\/blog\/wp-content\/uploads\/2024\/09\/arben-ahmetaj-1068x582-1.jpg?fit=1068%2C582&ssl=1&resize=525%2C300 1.5x, https:\/\/i0.wp.com\/www.shqiperia.com\/blog\/wp-content\/uploads\/2024\/09\/arben-ahmetaj-1068x582-1.jpg?fit=1068%2C582&ssl=1&resize=700%2C400 2x, https:\/\/i0.wp.com\/www.shqiperia.com\/blog\/wp-content\/uploads\/2024\/09\/arben-ahmetaj-1068x582-1.jpg?fit=1068%2C582&ssl=1&resize=1050%2C600 3x"},"classes":[]}],"_links":{"self":[{"href":"https:\/\/www.shqiperia.com\/blog\/wp-json\/wp\/v2\/posts\/8535","targetHints":{"allow":["GET"]}}],"collection":[{"href":"https:\/\/www.shqiperia.com\/blog\/wp-json\/wp\/v2\/posts"}],"about":[{"href":"https:\/\/www.shqiperia.com\/blog\/wp-json\/wp\/v2\/types\/post"}],"author":[{"embeddable":true,"href":"https:\/\/www.shqiperia.com\/blog\/wp-json\/wp\/v2\/users\/9"}],"replies":[{"embeddable":true,"href":"https:\/\/www.shqiperia.com\/blog\/wp-json\/wp\/v2\/comments?post=8535"}],"version-history":[{"count":1,"href":"https:\/\/www.shqiperia.com\/blog\/wp-json\/wp\/v2\/posts\/8535\/revisions"}],"predecessor-version":[{"id":8537,"href":"https:\/\/www.shqiperia.com\/blog\/wp-json\/wp\/v2\/posts\/8535\/revisions\/8537"}],"wp:featuredmedia":[{"embeddable":true,"href":"https:\/\/www.shqiperia.com\/blog\/wp-json\/wp\/v2\/media\/8536"}],"wp:attachment":[{"href":"https:\/\/www.shqiperia.com\/blog\/wp-json\/wp\/v2\/media?parent=8535"}],"wp:term":[{"taxonomy":"category","embeddable":true,"href":"https:\/\/www.shqiperia.com\/blog\/wp-json\/wp\/v2\/categories?post=8535"},{"taxonomy":"post_tag","embeddable":true,"href":"https:\/\/www.shqiperia.com\/blog\/wp-json\/wp\/v2\/tags?post=8535"}],"curies":[{"name":"wp","href":"https:\/\/api.w.org\/{rel}","templated":true}]}}