{"id":8532,"date":"2018-06-07T16:36:35","date_gmt":"2018-06-07T16:36:35","guid":{"rendered":"http:\/\/www.shqiperia.com\/blog\/?p=8532"},"modified":"2018-06-07T16:37:29","modified_gmt":"2018-06-07T16:37:29","slug":"te-rinj-kafenesh-raporti-shqiptaret-klasifikohen-tek-punetoret-e-zellshem","status":"publish","type":"post","link":"https:\/\/www.shqiperia.com\/blog\/te-rinj-kafenesh-raporti-shqiptaret-klasifikohen-tek-punetoret-e-zellshem\/","title":{"rendered":"T\u00eb rinj kafenesh? Raporti: Shqiptar\u00ebt klasifikohen tek pun\u00ebtor\u00ebt e \u201czellsh\u00ebm\u201d. &#8211;"},"content":{"rendered":"<p><img data-recalc-dims=\"1\" loading=\"lazy\" decoding=\"async\" data-attachment-id=\"8533\" data-permalink=\"https:\/\/www.shqiperia.com\/blog\/te-rinj-kafenesh-raporti-shqiptaret-klasifikohen-tek-punetoret-e-zellshem\/kafene-22-650x383\/\" data-orig-file=\"https:\/\/i0.wp.com\/www.shqiperia.com\/blog\/wp-content\/uploads\/2018\/06\/Kafene-22-650x383.jpg?fit=650%2C383&amp;ssl=1\" data-orig-size=\"650,383\" data-comments-opened=\"1\" data-image-meta=\"{&quot;aperture&quot;:&quot;0&quot;,&quot;credit&quot;:&quot;&quot;,&quot;camera&quot;:&quot;&quot;,&quot;caption&quot;:&quot;&quot;,&quot;created_timestamp&quot;:&quot;0&quot;,&quot;copyright&quot;:&quot;&quot;,&quot;focal_length&quot;:&quot;0&quot;,&quot;iso&quot;:&quot;0&quot;,&quot;shutter_speed&quot;:&quot;0&quot;,&quot;title&quot;:&quot;&quot;,&quot;orientation&quot;:&quot;0&quot;}\" data-image-title=\"Kafene-22-650&#215;383\" data-image-description=\"\" data-image-caption=\"\" data-medium-file=\"https:\/\/i0.wp.com\/www.shqiperia.com\/blog\/wp-content\/uploads\/2018\/06\/Kafene-22-650x383.jpg?fit=300%2C177&amp;ssl=1\" data-large-file=\"https:\/\/i0.wp.com\/www.shqiperia.com\/blog\/wp-content\/uploads\/2018\/06\/Kafene-22-650x383.jpg?fit=650%2C383&amp;ssl=1\" class=\"alignnone wp-image-8533\" alt=\"\" src=\"https:\/\/i0.wp.com\/www.shqiperia.com\/blog\/wp-content\/uploads\/2018\/06\/Kafene-22-650x383-300x177.jpg?resize=425%2C251\" width=\"425\" height=\"251\" srcset=\"https:\/\/i0.wp.com\/www.shqiperia.com\/blog\/wp-content\/uploads\/2018\/06\/Kafene-22-650x383.jpg?resize=300%2C177&amp;ssl=1 300w, https:\/\/i0.wp.com\/www.shqiperia.com\/blog\/wp-content\/uploads\/2018\/06\/Kafene-22-650x383.jpg?resize=650%2C383&amp;ssl=1 650w\" sizes=\"auto, (max-width: 425px) 100vw, 425px\" \/><\/p>\n<p><strong>T\u00eb rinj kafenesh? Raporti: Shqiptar\u00ebt klasifikohen tek pun\u00ebtor\u00ebt e \u201czellsh\u00ebm\u201d<\/strong><\/p>\n<p>Nd\u00ebrsa ngjitur me nivelin e lart\u00eb t\u00eb papun\u00ebsis\u00eb \u00ebsht\u00eb p\u00ebrdorur shpesh her\u00eb edhe fraza se \u201ct\u00eb rinjt\u00eb shqiptar\u00eb shpenzojn\u00eb koh\u00ebn n\u00ebp\u00ebr kafene\u201d, nj\u00eb raport i Deloitte p\u00ebr tregun e pun\u00ebs, i klasifikon t\u00eb rinjt\u00eb shqiptar\u00eb si \u201cpun\u00ebtor\u00eb t\u00eb zellsh\u00ebm\u201d, duke u renditur t\u00eb dyt\u00ebt me p\u00ebrqindjen m\u00eb t\u00eb lart\u00eb n\u00eb rajon, pas Kosov\u00ebs, konkretisht me 47.5 p\u00ebr qind.<\/p>\n<p>Megjithat\u00eb s\u00ebrish problematika vijon t\u00eb mbetet lidhja midis shkollimit dhe tregut t\u00eb pun\u00ebs, dhe pretendimet e larta q\u00eb kan\u00eb t\u00eb rinjt\u00eb e sapodiplomuar p\u00ebr tregun e pun\u00ebs.<\/p>\n<p>Raporti \u201cHapat e Par\u00eb n\u00eb tregun e Pun\u00ebs \u00ebsht\u00eb realizuar n\u00eb muajt Tetor-N\u00ebntor 2017 dhe pyet\u00ebsori \u00ebsht\u00eb plot\u00ebsuar nga 965 student\u00eb dhe t\u00eb diplomuar shqiptar\u00eb.<\/p>\n<p><img data-recalc-dims=\"1\" loading=\"lazy\" decoding=\"async\" data-attachment-id=\"8533\" data-permalink=\"https:\/\/www.shqiperia.com\/blog\/te-rinj-kafenesh-raporti-shqiptaret-klasifikohen-tek-punetoret-e-zellshem\/kafene-22-650x383\/\" data-orig-file=\"https:\/\/i0.wp.com\/www.shqiperia.com\/blog\/wp-content\/uploads\/2018\/06\/Kafene-22-650x383.jpg?fit=650%2C383&amp;ssl=1\" data-orig-size=\"650,383\" data-comments-opened=\"1\" data-image-meta=\"{&quot;aperture&quot;:&quot;0&quot;,&quot;credit&quot;:&quot;&quot;,&quot;camera&quot;:&quot;&quot;,&quot;caption&quot;:&quot;&quot;,&quot;created_timestamp&quot;:&quot;0&quot;,&quot;copyright&quot;:&quot;&quot;,&quot;focal_length&quot;:&quot;0&quot;,&quot;iso&quot;:&quot;0&quot;,&quot;shutter_speed&quot;:&quot;0&quot;,&quot;title&quot;:&quot;&quot;,&quot;orientation&quot;:&quot;0&quot;}\" data-image-title=\"Kafene-22-650&#215;383\" data-image-description=\"\" data-image-caption=\"\" data-medium-file=\"https:\/\/i0.wp.com\/www.shqiperia.com\/blog\/wp-content\/uploads\/2018\/06\/Kafene-22-650x383.jpg?fit=300%2C177&amp;ssl=1\" data-large-file=\"https:\/\/i0.wp.com\/www.shqiperia.com\/blog\/wp-content\/uploads\/2018\/06\/Kafene-22-650x383.jpg?fit=650%2C383&amp;ssl=1\" class=\"alignnone wp-image-8533\" alt=\"\" src=\"https:\/\/i0.wp.com\/www.shqiperia.com\/blog\/wp-content\/uploads\/2018\/06\/Kafene-22-650x383-300x177.jpg?resize=675%2C398\" width=\"675\" height=\"398\" srcset=\"https:\/\/i0.wp.com\/www.shqiperia.com\/blog\/wp-content\/uploads\/2018\/06\/Kafene-22-650x383.jpg?resize=300%2C177&amp;ssl=1 300w, https:\/\/i0.wp.com\/www.shqiperia.com\/blog\/wp-content\/uploads\/2018\/06\/Kafene-22-650x383.jpg?resize=650%2C383&amp;ssl=1 650w\" sizes=\"auto, (max-width: 675px) 100vw, 675px\" \/><\/p>\n<p>Nd\u00ebr t\u00eb tjera, raporti evidenton se tendenca e t\u00eb rinjve shqiptar\u00eb \u00ebsht\u00eb q\u00eb t\u00eb k\u00ebrkojn\u00eb pun\u00eb n\u00eb fusha t\u00eb p\u00ebraf\u00ebrta me ato q\u00eb kan\u00eb studiuar.<\/p>\n","protected":false},"excerpt":{"rendered":"<p>T\u00eb rinj kafenesh? Raporti: Shqiptar\u00ebt klasifikohen tek pun\u00ebtor\u00ebt e \u201czellsh\u00ebm\u201d Nd\u00ebrsa ngjitur me nivelin e lart\u00eb t\u00eb papun\u00ebsis\u00eb \u00ebsht\u00eb p\u00ebrdorur shpesh her\u00eb edhe fraza se \u201ct\u00eb rinjt\u00eb shqiptar\u00eb shpenzojn\u00eb koh\u00ebn n\u00ebp\u00ebr kafene\u201d, nj\u00eb raport i Deloitte p\u00ebr tregun e pun\u00ebs, i klasifikon t\u00eb rinjt\u00eb shqiptar\u00eb si \u201cpun\u00ebtor\u00eb t\u00eb zellsh\u00ebm\u201d, duke u renditur t\u00eb dyt\u00ebt me [&hellip;]<\/p>\n","protected":false},"author":9,"featured_media":8533,"comment_status":"open","ping_status":"open","sticky":false,"template":"","format":"standard","meta":{"jetpack_post_was_ever_published":false,"_jetpack_newsletter_access":"","_jetpack_dont_email_post_to_subs":false,"_jetpack_newsletter_tier_id":0,"_jetpack_memberships_contains_paywalled_content":false,"_jetpack_memberships_contains_paid_content":false,"footnotes":"","jetpack_publicize_message":"","jetpack_publicize_feature_enabled":true,"jetpack_social_post_already_shared":true,"jetpack_social_options":{"image_generator_settings":{"template":"highway","default_image_id":0,"font":"","enabled":false},"version":2}},"categories":[1,35],"tags":[],"class_list":["post-8532","post","type-post","status-publish","format-standard","has-post-thumbnail","hentry","category-njoftime-shtypi","category-shoqerore"],"jetpack_publicize_connections":[],"jetpack_featured_media_url":"https:\/\/i0.wp.com\/www.shqiperia.com\/blog\/wp-content\/uploads\/2018\/06\/Kafene-22-650x383.jpg?fit=650%2C383&ssl=1","jetpack_sharing_enabled":true,"jetpack_shortlink":"https:\/\/wp.me\/p5Z6wp-2dC","jetpack-related-posts":[{"id":47907,"url":"https:\/\/www.shqiperia.com\/blog\/shqiperia-zbrazet-nga-te-rinjte-zevendesohet-ne-tregun-e-punes-nga-pensionistet-ja-cfare-tregojne-shifrat\/","url_meta":{"origin":8532,"position":0},"title":"Shqip\u00ebria zbrazet nga t\u00eb rinjt\u00eb, z\u00ebvend\u00ebsohet n\u00eb tregun e pun\u00ebs nga pensionist\u00ebt. &#8211; Ja \u00e7far\u00eb tregojn\u00eb shifrat","author":"Kurt Farka","date":"June 15, 2021","format":false,"excerpt":"Shqip\u00ebria zbrazet nga t\u00eb rinjt\u00eb, z\u00ebvend\u00ebsohet n\u00eb tregun e pun\u00ebs nga pensionist\u00ebt. Ja \u00e7far\u00eb tregojn\u00eb shifrat 15 qershor 2021 Nj\u00eb seri faktor\u00ebsh demografik, ku kryeson emigracioni i lart\u00eb po redukton me ritme t\u00eb p\u00ebrshpejtuara forc\u00ebn e pun\u00ebs tek t\u00eb rinjt\u00eb 15-29 vje\u00e7. N\u00eb t\u00eb kund\u00ebrt, numri i pensionist\u00ebve n\u00eb pun\u00eb\u2026","rel":"","context":"In &quot;Blogu i Udh\u00ebtarit&quot;","block_context":{"text":"Blogu i Udh\u00ebtarit","link":"https:\/\/www.shqiperia.com\/blog\/category\/blogu-i-udhetarit\/"},"img":{"alt_text":"","src":"https:\/\/i0.wp.com\/www.shqiperia.com\/blog\/wp-content\/uploads\/2021\/06\/pensionist-ne-administrate.jpg?fit=889%2C452&ssl=1&resize=350%2C200","width":350,"height":200,"srcset":"https:\/\/i0.wp.com\/www.shqiperia.com\/blog\/wp-content\/uploads\/2021\/06\/pensionist-ne-administrate.jpg?fit=889%2C452&ssl=1&resize=350%2C200 1x, https:\/\/i0.wp.com\/www.shqiperia.com\/blog\/wp-content\/uploads\/2021\/06\/pensionist-ne-administrate.jpg?fit=889%2C452&ssl=1&resize=525%2C300 1.5x, https:\/\/i0.wp.com\/www.shqiperia.com\/blog\/wp-content\/uploads\/2021\/06\/pensionist-ne-administrate.jpg?fit=889%2C452&ssl=1&resize=700%2C400 2x"},"classes":[]},{"id":42387,"url":"https:\/\/www.shqiperia.com\/blog\/raporti-pa-pune-pa-edukim-pa-besim-disa-shifra-dhe-perqindje-shume-shqetesuese-per-rinine-shqiptare-30-vjet-pas-renies-se-komunizmit\/","url_meta":{"origin":8532,"position":1},"title":"RAPORTI \/ Pa pun\u00eb, pa edukim, pa besim! Disa shifra dhe p\u00ebrqindje shum\u00eb shqet\u00ebsuese p\u00ebr rinin\u00eb shqiptare, 30 vjet pas r\u00ebnies s\u00eb komunizmit","author":"Kurt Farka","date":"December 28, 2020","format":false,"excerpt":"RAPORTI \/ Pa pun\u00eb, pa edukim, pa besim! Disa shifra dhe p\u00ebrqindje shum\u00eb shqet\u00ebsuese p\u00ebr rinin\u00eb shqiptare, 30 vjet pas r\u00ebnies s\u00eb komunizmit 26 dhjetor 2020 demokracia dhe tregues t\u00eb tjer\u00eb zhvillimor\u00eb nuk kan\u00eb p\u00ebrparuar p\u00ebr t\u2019u afruar me nivelet e rajonit dhe Europ\u00ebs edhe pas tri dekadash nga r\u00ebnia\u2026","rel":"","context":"In &quot;Blogu i Udh\u00ebtarit&quot;","block_context":{"text":"Blogu i Udh\u00ebtarit","link":"https:\/\/www.shqiperia.com\/blog\/category\/blogu-i-udhetarit\/"},"img":{"alt_text":"","src":"https:\/\/i0.wp.com\/www.shqiperia.com\/blog\/wp-content\/uploads\/2020\/12\/protest-905x450-2.jpg?fit=905%2C450&ssl=1&resize=350%2C200","width":350,"height":200,"srcset":"https:\/\/i0.wp.com\/www.shqiperia.com\/blog\/wp-content\/uploads\/2020\/12\/protest-905x450-2.jpg?fit=905%2C450&ssl=1&resize=350%2C200 1x, https:\/\/i0.wp.com\/www.shqiperia.com\/blog\/wp-content\/uploads\/2020\/12\/protest-905x450-2.jpg?fit=905%2C450&ssl=1&resize=525%2C300 1.5x, https:\/\/i0.wp.com\/www.shqiperia.com\/blog\/wp-content\/uploads\/2020\/12\/protest-905x450-2.jpg?fit=905%2C450&ssl=1&resize=700%2C400 2x"},"classes":[]},{"id":88049,"url":"https:\/\/www.shqiperia.com\/blog\/49-e-rinise-shqiptare-as-ne-pune-dhe-as-ne-shkolle-sociologia-ngre-alarmin-gjenerate-e-humbur\/","url_meta":{"origin":8532,"position":2},"title":"49% e rinis\u00eb shqiptare, as n\u00eb pun\u00eb dhe as n\u00eb shkoll\u00eb, sociologia ngre alarmin: &#8211; Gjenerat\u00eb e humbur","author":"Kurt Farka","date":"January 6, 2025","format":false,"excerpt":"6 Janar 2025 Statusi i t\u00eb rinjve shqiptar\u00eb (15-29 vje\u00e7) n\u00eb tregun e pun\u00ebs p\u00ebr vitin e shkuar tregon nj\u00eb realitet sfidues. Rreth 49.4% e t\u00eb rinjve nuk jan\u00eb as n\u00eb pun\u00eb dhe as duke ndjekur shkoll\u00ebn. Ka nj\u00eb panoram\u00eb shqet\u00ebsuese p\u00ebr t\u00eb rinjt\u00eb shqiptar\u00eb t\u00eb mosh\u00ebs 15-29 vje\u00e7. Sipas\u2026","rel":"","context":"In &quot;Blogu i Udh\u00ebtarit&quot;","block_context":{"text":"Blogu i Udh\u00ebtarit","link":"https:\/\/www.shqiperia.com\/blog\/category\/blogu-i-udhetarit\/"},"img":{"alt_text":"","src":"https:\/\/i0.wp.com\/www.shqiperia.com\/blog\/wp-content\/uploads\/2025\/01\/rinia.jpg?fit=867%2C483&ssl=1&resize=350%2C200","width":350,"height":200,"srcset":"https:\/\/i0.wp.com\/www.shqiperia.com\/blog\/wp-content\/uploads\/2025\/01\/rinia.jpg?fit=867%2C483&ssl=1&resize=350%2C200 1x, https:\/\/i0.wp.com\/www.shqiperia.com\/blog\/wp-content\/uploads\/2025\/01\/rinia.jpg?fit=867%2C483&ssl=1&resize=525%2C300 1.5x, https:\/\/i0.wp.com\/www.shqiperia.com\/blog\/wp-content\/uploads\/2025\/01\/rinia.jpg?fit=867%2C483&ssl=1&resize=700%2C400 2x"},"classes":[]},{"id":89552,"url":"https:\/\/www.shqiperia.com\/blog\/kerkojme-punonjes-edhe-me-shume-ne-2025-n-raporti-i-bsh-ska-punetore-por-as-rritje-pagash\/","url_meta":{"origin":8532,"position":3},"title":"\u201cK\u00ebrkojm\u00eb punonj\u00ebs\u201d edhe m\u00eb shum\u00eb n\u00eb 2025-n, raporti i BSH: &#8211; S\u2019ka pun\u00ebtor\u00eb por as rritje pagash","author":"Kurt Farka","date":"February 15, 2025","format":false,"excerpt":"15 Shkurt 2025 Kriza p\u00ebr punonj\u00ebs mund t\u00eb thellohet edhe m\u00eb shum\u00eb k\u00ebt\u00eb vit. \u00cbsht\u00eb ky paralajm\u00ebrim i Bank\u00ebs s\u00eb Shqip\u00ebris\u00eb n\u00eb raportin e Politik\u00ebs Monetare p\u00ebr tremujorin e par\u00eb t\u00eb k\u00ebtij viti. \u201cRritja e ngadalt\u00eb e pun\u00ebsimit gjat\u00eb tremujorit t\u00eb tret\u00eb t\u00eb vitit 2024, sipas t\u00eb dh\u00ebnave administrative, \u00ebsht\u00eb\u2026","rel":"","context":"In &quot;Blogu i Udh\u00ebtarit&quot;","block_context":{"text":"Blogu i Udh\u00ebtarit","link":"https:\/\/www.shqiperia.com\/blog\/category\/blogu-i-udhetarit\/"},"img":{"alt_text":"","src":"https:\/\/i0.wp.com\/www.shqiperia.com\/blog\/wp-content\/uploads\/2025\/02\/Banka-e-shqiperise-750x375-1.jpg?fit=750%2C375&ssl=1&resize=350%2C200","width":350,"height":200,"srcset":"https:\/\/i0.wp.com\/www.shqiperia.com\/blog\/wp-content\/uploads\/2025\/02\/Banka-e-shqiperise-750x375-1.jpg?fit=750%2C375&ssl=1&resize=350%2C200 1x, https:\/\/i0.wp.com\/www.shqiperia.com\/blog\/wp-content\/uploads\/2025\/02\/Banka-e-shqiperise-750x375-1.jpg?fit=750%2C375&ssl=1&resize=525%2C300 1.5x, https:\/\/i0.wp.com\/www.shqiperia.com\/blog\/wp-content\/uploads\/2025\/02\/Banka-e-shqiperise-750x375-1.jpg?fit=750%2C375&ssl=1&resize=700%2C400 2x"},"classes":[]},{"id":17860,"url":"https:\/\/www.shqiperia.com\/blog\/media-kanadeze-te-rinjte-shqiptare-vetem-largohen-kryeministri-rama-mohon-krizen-e-emigracionit\/","url_meta":{"origin":8532,"position":4},"title":"Media kanadeze: T\u00eb rinjt\u00eb shqiptar\u00eb vet\u00ebm largohen, kryeministri Rama mohon kriz\u00ebn e emigracionit","author":"Kurt Farka","date":"February 23, 2019","format":false,"excerpt":"Media kanadeze: T\u00eb rinjt\u00eb shqiptar\u00eb vet\u00ebm largohen, kryeministri Rama mohon kriz\u00ebn e emigracionit 23 Shkurt, 2019 Situata e v\u00ebshtir\u00eb ekonomike dhe politike n\u00eb Shqip\u00ebri po t\u00ebrheq gjithnj\u00eb e m\u00eb shum\u00eb v\u00ebmendjen e mediave nd\u00ebrkomb\u00ebtare. S\u00eb fundmi \u00ebsht\u00eb \u2018Digital Journal\u2019, media e njohur e Kanadas\u00eb, q\u00eb ka publikuar nj\u00eb artikull p\u00ebr\u2026","rel":"","context":"In &quot;Blogu i Udh\u00ebtarit&quot;","block_context":{"text":"Blogu i Udh\u00ebtarit","link":"https:\/\/www.shqiperia.com\/blog\/category\/blogu-i-udhetarit\/"},"img":{"alt_text":"","src":"https:\/\/i0.wp.com\/www.shqiperia.com\/blog\/wp-content\/uploads\/2019\/02\/j.jpg?fit=700%2C350&ssl=1&resize=350%2C200","width":350,"height":200,"srcset":"https:\/\/i0.wp.com\/www.shqiperia.com\/blog\/wp-content\/uploads\/2019\/02\/j.jpg?fit=700%2C350&ssl=1&resize=350%2C200 1x, https:\/\/i0.wp.com\/www.shqiperia.com\/blog\/wp-content\/uploads\/2019\/02\/j.jpg?fit=700%2C350&ssl=1&resize=525%2C300 1.5x, https:\/\/i0.wp.com\/www.shqiperia.com\/blog\/wp-content\/uploads\/2019\/02\/j.jpg?fit=700%2C350&ssl=1&resize=700%2C400 2x"},"classes":[]},{"id":95465,"url":"https:\/\/www.shqiperia.com\/blog\/ne-keto13-vite-rinia-u-tkurr-me-45-emigrimi-shihet-si-zgjidhje\/","url_meta":{"origin":8532,"position":5},"title":"N\u00eb keto13 vite rinia u tkurr me 45%! Emigrimi shihet si zgjidhje.","author":"Kurt Farka","date":"December 8, 2025","format":false,"excerpt":"8 Dhjetor 2025 M\u00eb shum\u00eb se nj\u00eb e kat\u00ebrta e t\u00eb rinjve shqiptar\u00eb gjenden n\u00eb t\u00eb 30-tat e tyre pa asnj\u00eb zanat, arsim profesional apo t\u00eb lart\u00eb t\u00eb p\u00ebrfunduar dhe p\u00ebr m\u00eb tep\u00ebr nuk jan\u00eb n\u00eb asnj\u00eb lloj pune. Ky trend, q\u00eb ka mbetur kok\u00ebfort\u00eb n\u00eb dy dekadat e fundit,\u2026","rel":"","context":"In &quot;Blogu i Udh\u00ebtarit&quot;","block_context":{"text":"Blogu i Udh\u00ebtarit","link":"https:\/\/www.shqiperia.com\/blog\/category\/blogu-i-udhetarit\/"},"img":{"alt_text":"","src":"https:\/\/i0.wp.com\/www.shqiperia.com\/blog\/wp-content\/uploads\/2025\/12\/Emigracion-emigrim-azilkerkues-4-1053-2-1536x960-1.webp?fit=1200%2C750&ssl=1&resize=350%2C200","width":350,"height":200,"srcset":"https:\/\/i0.wp.com\/www.shqiperia.com\/blog\/wp-content\/uploads\/2025\/12\/Emigracion-emigrim-azilkerkues-4-1053-2-1536x960-1.webp?fit=1200%2C750&ssl=1&resize=350%2C200 1x, https:\/\/i0.wp.com\/www.shqiperia.com\/blog\/wp-content\/uploads\/2025\/12\/Emigracion-emigrim-azilkerkues-4-1053-2-1536x960-1.webp?fit=1200%2C750&ssl=1&resize=525%2C300 1.5x, https:\/\/i0.wp.com\/www.shqiperia.com\/blog\/wp-content\/uploads\/2025\/12\/Emigracion-emigrim-azilkerkues-4-1053-2-1536x960-1.webp?fit=1200%2C750&ssl=1&resize=700%2C400 2x, https:\/\/i0.wp.com\/www.shqiperia.com\/blog\/wp-content\/uploads\/2025\/12\/Emigracion-emigrim-azilkerkues-4-1053-2-1536x960-1.webp?fit=1200%2C750&ssl=1&resize=1050%2C600 3x"},"classes":[]}],"_links":{"self":[{"href":"https:\/\/www.shqiperia.com\/blog\/wp-json\/wp\/v2\/posts\/8532","targetHints":{"allow":["GET"]}}],"collection":[{"href":"https:\/\/www.shqiperia.com\/blog\/wp-json\/wp\/v2\/posts"}],"about":[{"href":"https:\/\/www.shqiperia.com\/blog\/wp-json\/wp\/v2\/types\/post"}],"author":[{"embeddable":true,"href":"https:\/\/www.shqiperia.com\/blog\/wp-json\/wp\/v2\/users\/9"}],"replies":[{"embeddable":true,"href":"https:\/\/www.shqiperia.com\/blog\/wp-json\/wp\/v2\/comments?post=8532"}],"version-history":[{"count":1,"href":"https:\/\/www.shqiperia.com\/blog\/wp-json\/wp\/v2\/posts\/8532\/revisions"}],"predecessor-version":[{"id":8534,"href":"https:\/\/www.shqiperia.com\/blog\/wp-json\/wp\/v2\/posts\/8532\/revisions\/8534"}],"wp:featuredmedia":[{"embeddable":true,"href":"https:\/\/www.shqiperia.com\/blog\/wp-json\/wp\/v2\/media\/8533"}],"wp:attachment":[{"href":"https:\/\/www.shqiperia.com\/blog\/wp-json\/wp\/v2\/media?parent=8532"}],"wp:term":[{"taxonomy":"category","embeddable":true,"href":"https:\/\/www.shqiperia.com\/blog\/wp-json\/wp\/v2\/categories?post=8532"},{"taxonomy":"post_tag","embeddable":true,"href":"https:\/\/www.shqiperia.com\/blog\/wp-json\/wp\/v2\/tags?post=8532"}],"curies":[{"name":"wp","href":"https:\/\/api.w.org\/{rel}","templated":true}]}}