{"id":8517,"date":"2018-06-07T14:24:08","date_gmt":"2018-06-07T14:24:08","guid":{"rendered":"http:\/\/www.shqiperia.com\/blog\/?p=8517"},"modified":"2018-06-07T14:24:08","modified_gmt":"2018-06-07T14:24:08","slug":"veshja-myzeqare","status":"publish","type":"post","link":"https:\/\/www.shqiperia.com\/blog\/veshja-myzeqare\/","title":{"rendered":"Veshja myzeqare. &#8211;"},"content":{"rendered":"<p><img data-recalc-dims=\"1\" loading=\"lazy\" decoding=\"async\" data-attachment-id=\"8518\" data-permalink=\"https:\/\/www.shqiperia.com\/blog\/veshja-myzeqare\/veshje-myzeqare-4\/\" data-orig-file=\"https:\/\/i0.wp.com\/www.shqiperia.com\/blog\/wp-content\/uploads\/2018\/06\/Veshje-Myzeqare-4.jpg?fit=708%2C436&amp;ssl=1\" data-orig-size=\"708,436\" data-comments-opened=\"1\" data-image-meta=\"{&quot;aperture&quot;:&quot;0&quot;,&quot;credit&quot;:&quot;&quot;,&quot;camera&quot;:&quot;&quot;,&quot;caption&quot;:&quot;&quot;,&quot;created_timestamp&quot;:&quot;0&quot;,&quot;copyright&quot;:&quot;&quot;,&quot;focal_length&quot;:&quot;0&quot;,&quot;iso&quot;:&quot;0&quot;,&quot;shutter_speed&quot;:&quot;0&quot;,&quot;title&quot;:&quot;&quot;,&quot;orientation&quot;:&quot;0&quot;}\" data-image-title=\"Veshje Myzeqare (4)\" data-image-description=\"\" data-image-caption=\"\" data-medium-file=\"https:\/\/i0.wp.com\/www.shqiperia.com\/blog\/wp-content\/uploads\/2018\/06\/Veshje-Myzeqare-4.jpg?fit=300%2C185&amp;ssl=1\" data-large-file=\"https:\/\/i0.wp.com\/www.shqiperia.com\/blog\/wp-content\/uploads\/2018\/06\/Veshje-Myzeqare-4.jpg?fit=708%2C436&amp;ssl=1\" class=\"alignnone size-medium wp-image-8518\" alt=\"\" src=\"https:\/\/i0.wp.com\/www.shqiperia.com\/blog\/wp-content\/uploads\/2018\/06\/Veshje-Myzeqare-4-300x185.jpg?resize=300%2C185\" width=\"300\" height=\"185\" srcset=\"https:\/\/i0.wp.com\/www.shqiperia.com\/blog\/wp-content\/uploads\/2018\/06\/Veshje-Myzeqare-4.jpg?resize=300%2C185&amp;ssl=1 300w, https:\/\/i0.wp.com\/www.shqiperia.com\/blog\/wp-content\/uploads\/2018\/06\/Veshje-Myzeqare-4.jpg?resize=348%2C215&amp;ssl=1 348w, https:\/\/i0.wp.com\/www.shqiperia.com\/blog\/wp-content\/uploads\/2018\/06\/Veshje-Myzeqare-4.jpg?w=708&amp;ssl=1 708w\" sizes=\"auto, (max-width: 300px) 100vw, 300px\" \/><\/p>\n<p>Veshja myzeqare. &#8211;<\/p>\n<p>Nga: Adriatik Misir Rrasa.<\/p>\n<p>Veshja myzeqare e ardhur p\u00ebrmes shekujve ka hijeshuar mbret\u00ebr e princa .kostumet m\u00eb t\u00eb lashta em\u00eb t\u00eb bukura n\u00eb mbar\u00eb trojet shqipfol\u00ebse.<\/p>\n<p><img data-recalc-dims=\"1\" loading=\"lazy\" decoding=\"async\" data-attachment-id=\"8519\" data-permalink=\"https:\/\/www.shqiperia.com\/blog\/veshja-myzeqare\/13315326_516878258503178_3485085947803643810_n\/\" data-orig-file=\"https:\/\/i0.wp.com\/www.shqiperia.com\/blog\/wp-content\/uploads\/2018\/06\/13315326_516878258503178_3485085947803643810_n.jpg?fit=720%2C646&amp;ssl=1\" data-orig-size=\"720,646\" data-comments-opened=\"1\" data-image-meta=\"{&quot;aperture&quot;:&quot;0&quot;,&quot;credit&quot;:&quot;&quot;,&quot;camera&quot;:&quot;&quot;,&quot;caption&quot;:&quot;&quot;,&quot;created_timestamp&quot;:&quot;0&quot;,&quot;copyright&quot;:&quot;&quot;,&quot;focal_length&quot;:&quot;0&quot;,&quot;iso&quot;:&quot;0&quot;,&quot;shutter_speed&quot;:&quot;0&quot;,&quot;title&quot;:&quot;&quot;,&quot;orientation&quot;:&quot;0&quot;}\" data-image-title=\"13315326_516878258503178_3485085947803643810_n\" data-image-description=\"\" data-image-caption=\"\" data-medium-file=\"https:\/\/i0.wp.com\/www.shqiperia.com\/blog\/wp-content\/uploads\/2018\/06\/13315326_516878258503178_3485085947803643810_n.jpg?fit=300%2C269&amp;ssl=1\" data-large-file=\"https:\/\/i0.wp.com\/www.shqiperia.com\/blog\/wp-content\/uploads\/2018\/06\/13315326_516878258503178_3485085947803643810_n.jpg?fit=720%2C646&amp;ssl=1\" class=\"alignnone  wp-image-8519\" alt=\"\" src=\"https:\/\/i0.wp.com\/www.shqiperia.com\/blog\/wp-content\/uploads\/2018\/06\/13315326_516878258503178_3485085947803643810_n-300x269.jpg?resize=535%2C480\" width=\"535\" height=\"480\" srcset=\"https:\/\/i0.wp.com\/www.shqiperia.com\/blog\/wp-content\/uploads\/2018\/06\/13315326_516878258503178_3485085947803643810_n.jpg?resize=300%2C269&amp;ssl=1 300w, https:\/\/i0.wp.com\/www.shqiperia.com\/blog\/wp-content\/uploads\/2018\/06\/13315326_516878258503178_3485085947803643810_n.jpg?w=720&amp;ssl=1 720w\" sizes=\"auto, (max-width: 535px) 100vw, 535px\" \/> <img data-recalc-dims=\"1\" loading=\"lazy\" decoding=\"async\" data-attachment-id=\"8520\" data-permalink=\"https:\/\/www.shqiperia.com\/blog\/veshja-myzeqare\/13315642_516878315169839_3651660286332207642_n\/\" data-orig-file=\"https:\/\/i0.wp.com\/www.shqiperia.com\/blog\/wp-content\/uploads\/2018\/06\/13315642_516878315169839_3651660286332207642_n.jpg?fit=720%2C586&amp;ssl=1\" data-orig-size=\"720,586\" data-comments-opened=\"1\" data-image-meta=\"{&quot;aperture&quot;:&quot;0&quot;,&quot;credit&quot;:&quot;&quot;,&quot;camera&quot;:&quot;&quot;,&quot;caption&quot;:&quot;&quot;,&quot;created_timestamp&quot;:&quot;0&quot;,&quot;copyright&quot;:&quot;&quot;,&quot;focal_length&quot;:&quot;0&quot;,&quot;iso&quot;:&quot;0&quot;,&quot;shutter_speed&quot;:&quot;0&quot;,&quot;title&quot;:&quot;&quot;,&quot;orientation&quot;:&quot;0&quot;}\" data-image-title=\"13315642_516878315169839_3651660286332207642_n\" data-image-description=\"\" data-image-caption=\"\" data-medium-file=\"https:\/\/i0.wp.com\/www.shqiperia.com\/blog\/wp-content\/uploads\/2018\/06\/13315642_516878315169839_3651660286332207642_n.jpg?fit=300%2C244&amp;ssl=1\" data-large-file=\"https:\/\/i0.wp.com\/www.shqiperia.com\/blog\/wp-content\/uploads\/2018\/06\/13315642_516878315169839_3651660286332207642_n.jpg?fit=720%2C586&amp;ssl=1\" class=\"alignnone  wp-image-8520\" alt=\"\" src=\"https:\/\/i0.wp.com\/www.shqiperia.com\/blog\/wp-content\/uploads\/2018\/06\/13315642_516878315169839_3651660286332207642_n-300x244.jpg?resize=491%2C399\" width=\"491\" height=\"399\" srcset=\"https:\/\/i0.wp.com\/www.shqiperia.com\/blog\/wp-content\/uploads\/2018\/06\/13315642_516878315169839_3651660286332207642_n.jpg?resize=300%2C244&amp;ssl=1 300w, https:\/\/i0.wp.com\/www.shqiperia.com\/blog\/wp-content\/uploads\/2018\/06\/13315642_516878315169839_3651660286332207642_n.jpg?w=720&amp;ssl=1 720w\" sizes=\"auto, (max-width: 491px) 100vw, 491px\" \/> <img data-recalc-dims=\"1\" loading=\"lazy\" decoding=\"async\" data-attachment-id=\"8521\" data-permalink=\"https:\/\/www.shqiperia.com\/blog\/veshja-myzeqare\/13321642_516878045169866_3308507349456692864_n\/\" data-orig-file=\"https:\/\/i0.wp.com\/www.shqiperia.com\/blog\/wp-content\/uploads\/2018\/06\/13321642_516878045169866_3308507349456692864_n.jpg?fit=720%2C578&amp;ssl=1\" data-orig-size=\"720,578\" data-comments-opened=\"1\" data-image-meta=\"{&quot;aperture&quot;:&quot;0&quot;,&quot;credit&quot;:&quot;&quot;,&quot;camera&quot;:&quot;&quot;,&quot;caption&quot;:&quot;&quot;,&quot;created_timestamp&quot;:&quot;0&quot;,&quot;copyright&quot;:&quot;&quot;,&quot;focal_length&quot;:&quot;0&quot;,&quot;iso&quot;:&quot;0&quot;,&quot;shutter_speed&quot;:&quot;0&quot;,&quot;title&quot;:&quot;&quot;,&quot;orientation&quot;:&quot;0&quot;}\" data-image-title=\"13321642_516878045169866_3308507349456692864_n\" data-image-description=\"\" data-image-caption=\"\" data-medium-file=\"https:\/\/i0.wp.com\/www.shqiperia.com\/blog\/wp-content\/uploads\/2018\/06\/13321642_516878045169866_3308507349456692864_n.jpg?fit=300%2C241&amp;ssl=1\" data-large-file=\"https:\/\/i0.wp.com\/www.shqiperia.com\/blog\/wp-content\/uploads\/2018\/06\/13321642_516878045169866_3308507349456692864_n.jpg?fit=720%2C578&amp;ssl=1\" class=\"alignnone  wp-image-8521\" alt=\"\" src=\"https:\/\/i0.wp.com\/www.shqiperia.com\/blog\/wp-content\/uploads\/2018\/06\/13321642_516878045169866_3308507349456692864_n-300x241.jpg?resize=545%2C438\" width=\"545\" height=\"438\" srcset=\"https:\/\/i0.wp.com\/www.shqiperia.com\/blog\/wp-content\/uploads\/2018\/06\/13321642_516878045169866_3308507349456692864_n.jpg?resize=300%2C241&amp;ssl=1 300w, https:\/\/i0.wp.com\/www.shqiperia.com\/blog\/wp-content\/uploads\/2018\/06\/13321642_516878045169866_3308507349456692864_n.jpg?w=720&amp;ssl=1 720w\" sizes=\"auto, (max-width: 545px) 100vw, 545px\" \/> <img data-recalc-dims=\"1\" loading=\"lazy\" decoding=\"async\" data-attachment-id=\"8522\" data-permalink=\"https:\/\/www.shqiperia.com\/blog\/veshja-myzeqare\/13322037_516878218503182_1534562362100084267_n\/\" data-orig-file=\"https:\/\/i0.wp.com\/www.shqiperia.com\/blog\/wp-content\/uploads\/2018\/06\/13322037_516878218503182_1534562362100084267_n.jpg?fit=720%2C614&amp;ssl=1\" data-orig-size=\"720,614\" data-comments-opened=\"1\" data-image-meta=\"{&quot;aperture&quot;:&quot;0&quot;,&quot;credit&quot;:&quot;&quot;,&quot;camera&quot;:&quot;&quot;,&quot;caption&quot;:&quot;&quot;,&quot;created_timestamp&quot;:&quot;0&quot;,&quot;copyright&quot;:&quot;&quot;,&quot;focal_length&quot;:&quot;0&quot;,&quot;iso&quot;:&quot;0&quot;,&quot;shutter_speed&quot;:&quot;0&quot;,&quot;title&quot;:&quot;&quot;,&quot;orientation&quot;:&quot;0&quot;}\" data-image-title=\"13322037_516878218503182_1534562362100084267_n\" data-image-description=\"\" data-image-caption=\"\" data-medium-file=\"https:\/\/i0.wp.com\/www.shqiperia.com\/blog\/wp-content\/uploads\/2018\/06\/13322037_516878218503182_1534562362100084267_n.jpg?fit=300%2C256&amp;ssl=1\" data-large-file=\"https:\/\/i0.wp.com\/www.shqiperia.com\/blog\/wp-content\/uploads\/2018\/06\/13322037_516878218503182_1534562362100084267_n.jpg?fit=720%2C614&amp;ssl=1\" class=\"alignnone  wp-image-8522\" alt=\"\" src=\"https:\/\/i0.wp.com\/www.shqiperia.com\/blog\/wp-content\/uploads\/2018\/06\/13322037_516878218503182_1534562362100084267_n-300x256.jpg?resize=514%2C439\" width=\"514\" height=\"439\" srcset=\"https:\/\/i0.wp.com\/www.shqiperia.com\/blog\/wp-content\/uploads\/2018\/06\/13322037_516878218503182_1534562362100084267_n.jpg?resize=300%2C256&amp;ssl=1 300w, https:\/\/i0.wp.com\/www.shqiperia.com\/blog\/wp-content\/uploads\/2018\/06\/13322037_516878218503182_1534562362100084267_n.jpg?w=720&amp;ssl=1 720w\" sizes=\"auto, (max-width: 514px) 100vw, 514px\" \/> <img data-recalc-dims=\"1\" loading=\"lazy\" decoding=\"async\" data-attachment-id=\"8523\" data-permalink=\"https:\/\/www.shqiperia.com\/blog\/veshja-myzeqare\/veshje-myzeqare-2\/\" data-orig-file=\"https:\/\/i0.wp.com\/www.shqiperia.com\/blog\/wp-content\/uploads\/2018\/06\/Veshje-Myzeqare-2.jpg?fit=720%2C604&amp;ssl=1\" data-orig-size=\"720,604\" data-comments-opened=\"1\" data-image-meta=\"{&quot;aperture&quot;:&quot;0&quot;,&quot;credit&quot;:&quot;&quot;,&quot;camera&quot;:&quot;&quot;,&quot;caption&quot;:&quot;&quot;,&quot;created_timestamp&quot;:&quot;0&quot;,&quot;copyright&quot;:&quot;&quot;,&quot;focal_length&quot;:&quot;0&quot;,&quot;iso&quot;:&quot;0&quot;,&quot;shutter_speed&quot;:&quot;0&quot;,&quot;title&quot;:&quot;&quot;,&quot;orientation&quot;:&quot;0&quot;}\" data-image-title=\"Veshje Myzeqare (2)\" data-image-description=\"\" data-image-caption=\"\" data-medium-file=\"https:\/\/i0.wp.com\/www.shqiperia.com\/blog\/wp-content\/uploads\/2018\/06\/Veshje-Myzeqare-2.jpg?fit=300%2C252&amp;ssl=1\" data-large-file=\"https:\/\/i0.wp.com\/www.shqiperia.com\/blog\/wp-content\/uploads\/2018\/06\/Veshje-Myzeqare-2.jpg?fit=720%2C604&amp;ssl=1\" class=\"alignnone  wp-image-8523\" alt=\"\" src=\"https:\/\/i0.wp.com\/www.shqiperia.com\/blog\/wp-content\/uploads\/2018\/06\/Veshje-Myzeqare-2-300x252.jpg?resize=501%2C421\" width=\"501\" height=\"421\" srcset=\"https:\/\/i0.wp.com\/www.shqiperia.com\/blog\/wp-content\/uploads\/2018\/06\/Veshje-Myzeqare-2.jpg?resize=300%2C252&amp;ssl=1 300w, https:\/\/i0.wp.com\/www.shqiperia.com\/blog\/wp-content\/uploads\/2018\/06\/Veshje-Myzeqare-2.jpg?w=720&amp;ssl=1 720w\" sizes=\"auto, (max-width: 501px) 100vw, 501px\" \/> <img data-recalc-dims=\"1\" loading=\"lazy\" decoding=\"async\" data-attachment-id=\"8524\" data-permalink=\"https:\/\/www.shqiperia.com\/blog\/veshja-myzeqare\/veshje-myzeqare-3\/\" data-orig-file=\"https:\/\/i0.wp.com\/www.shqiperia.com\/blog\/wp-content\/uploads\/2018\/06\/Veshje-Myzeqare-3.jpg?fit=720%2C522&amp;ssl=1\" data-orig-size=\"720,522\" data-comments-opened=\"1\" data-image-meta=\"{&quot;aperture&quot;:&quot;0&quot;,&quot;credit&quot;:&quot;&quot;,&quot;camera&quot;:&quot;&quot;,&quot;caption&quot;:&quot;&quot;,&quot;created_timestamp&quot;:&quot;0&quot;,&quot;copyright&quot;:&quot;&quot;,&quot;focal_length&quot;:&quot;0&quot;,&quot;iso&quot;:&quot;0&quot;,&quot;shutter_speed&quot;:&quot;0&quot;,&quot;title&quot;:&quot;&quot;,&quot;orientation&quot;:&quot;0&quot;}\" data-image-title=\"Veshje Myzeqare (3)\" data-image-description=\"\" data-image-caption=\"\" data-medium-file=\"https:\/\/i0.wp.com\/www.shqiperia.com\/blog\/wp-content\/uploads\/2018\/06\/Veshje-Myzeqare-3.jpg?fit=300%2C218&amp;ssl=1\" data-large-file=\"https:\/\/i0.wp.com\/www.shqiperia.com\/blog\/wp-content\/uploads\/2018\/06\/Veshje-Myzeqare-3.jpg?fit=720%2C522&amp;ssl=1\" class=\"alignnone  wp-image-8524\" alt=\"\" src=\"https:\/\/i0.wp.com\/www.shqiperia.com\/blog\/wp-content\/uploads\/2018\/06\/Veshje-Myzeqare-3-300x218.jpg?resize=464%2C337\" width=\"464\" height=\"337\" srcset=\"https:\/\/i0.wp.com\/www.shqiperia.com\/blog\/wp-content\/uploads\/2018\/06\/Veshje-Myzeqare-3.jpg?resize=300%2C218&amp;ssl=1 300w, https:\/\/i0.wp.com\/www.shqiperia.com\/blog\/wp-content\/uploads\/2018\/06\/Veshje-Myzeqare-3.jpg?w=720&amp;ssl=1 720w\" sizes=\"auto, (max-width: 464px) 100vw, 464px\" \/><\/p>\n<p>Si veshjet e burrave t\u00eb grave e t\u00eb vajzave myzeqare spikasin me ngjyrat, prerjet, kodet dhe mesazhet q\u00eb p\u00ebciellin, sic\u00ebsht\u00eb simotra e xhubletes, fundi me rr\u00ebke, ardhur nga trash\u00ebgimia pellazgo ilire. Esht\u00eb krenari dhe fisnik\u00ebri ti proklamojm\u00eb k\u00ebto vlera q\u00eb rrallkush ika. Ato tregojn\u00eb klasin e lart\u00eb dhe q\u00eb vijm\u00eb nga der\u00eb e lart\u00eb fisnike .<\/p>\n<p><img data-recalc-dims=\"1\" loading=\"lazy\" decoding=\"async\" data-attachment-id=\"8525\" data-permalink=\"https:\/\/www.shqiperia.com\/blog\/veshja-myzeqare\/veshje-myzeqare-4-2\/\" data-orig-file=\"https:\/\/i0.wp.com\/www.shqiperia.com\/blog\/wp-content\/uploads\/2018\/06\/Veshje-Myzeqare-4-1.jpg?fit=708%2C436&amp;ssl=1\" data-orig-size=\"708,436\" data-comments-opened=\"1\" data-image-meta=\"{&quot;aperture&quot;:&quot;0&quot;,&quot;credit&quot;:&quot;&quot;,&quot;camera&quot;:&quot;&quot;,&quot;caption&quot;:&quot;&quot;,&quot;created_timestamp&quot;:&quot;0&quot;,&quot;copyright&quot;:&quot;&quot;,&quot;focal_length&quot;:&quot;0&quot;,&quot;iso&quot;:&quot;0&quot;,&quot;shutter_speed&quot;:&quot;0&quot;,&quot;title&quot;:&quot;&quot;,&quot;orientation&quot;:&quot;0&quot;}\" data-image-title=\"Veshje Myzeqare (4)\" data-image-description=\"\" data-image-caption=\"\" data-medium-file=\"https:\/\/i0.wp.com\/www.shqiperia.com\/blog\/wp-content\/uploads\/2018\/06\/Veshje-Myzeqare-4-1.jpg?fit=300%2C185&amp;ssl=1\" data-large-file=\"https:\/\/i0.wp.com\/www.shqiperia.com\/blog\/wp-content\/uploads\/2018\/06\/Veshje-Myzeqare-4-1.jpg?fit=708%2C436&amp;ssl=1\" class=\"alignnone  wp-image-8525\" alt=\"\" src=\"https:\/\/i0.wp.com\/www.shqiperia.com\/blog\/wp-content\/uploads\/2018\/06\/Veshje-Myzeqare-4-1-300x185.jpg?resize=540%2C333\" width=\"540\" height=\"333\" srcset=\"https:\/\/i0.wp.com\/www.shqiperia.com\/blog\/wp-content\/uploads\/2018\/06\/Veshje-Myzeqare-4-1.jpg?resize=300%2C185&amp;ssl=1 300w, https:\/\/i0.wp.com\/www.shqiperia.com\/blog\/wp-content\/uploads\/2018\/06\/Veshje-Myzeqare-4-1.jpg?resize=348%2C215&amp;ssl=1 348w, https:\/\/i0.wp.com\/www.shqiperia.com\/blog\/wp-content\/uploads\/2018\/06\/Veshje-Myzeqare-4-1.jpg?w=708&amp;ssl=1 708w\" sizes=\"auto, (max-width: 540px) 100vw, 540px\" \/> <img data-recalc-dims=\"1\" loading=\"lazy\" decoding=\"async\" data-attachment-id=\"8526\" data-permalink=\"https:\/\/www.shqiperia.com\/blog\/veshja-myzeqare\/veshje-myzeqare-5\/\" data-orig-file=\"https:\/\/i0.wp.com\/www.shqiperia.com\/blog\/wp-content\/uploads\/2018\/06\/Veshje-Myzeqare-5.jpg?fit=720%2C549&amp;ssl=1\" data-orig-size=\"720,549\" data-comments-opened=\"1\" data-image-meta=\"{&quot;aperture&quot;:&quot;0&quot;,&quot;credit&quot;:&quot;&quot;,&quot;camera&quot;:&quot;&quot;,&quot;caption&quot;:&quot;&quot;,&quot;created_timestamp&quot;:&quot;0&quot;,&quot;copyright&quot;:&quot;&quot;,&quot;focal_length&quot;:&quot;0&quot;,&quot;iso&quot;:&quot;0&quot;,&quot;shutter_speed&quot;:&quot;0&quot;,&quot;title&quot;:&quot;&quot;,&quot;orientation&quot;:&quot;0&quot;}\" data-image-title=\"Veshje Myzeqare (5)\" data-image-description=\"\" data-image-caption=\"\" data-medium-file=\"https:\/\/i0.wp.com\/www.shqiperia.com\/blog\/wp-content\/uploads\/2018\/06\/Veshje-Myzeqare-5.jpg?fit=300%2C229&amp;ssl=1\" data-large-file=\"https:\/\/i0.wp.com\/www.shqiperia.com\/blog\/wp-content\/uploads\/2018\/06\/Veshje-Myzeqare-5.jpg?fit=720%2C549&amp;ssl=1\" class=\"alignnone  wp-image-8526\" alt=\"\" src=\"https:\/\/i0.wp.com\/www.shqiperia.com\/blog\/wp-content\/uploads\/2018\/06\/Veshje-Myzeqare-5-300x229.jpg?resize=489%2C373\" width=\"489\" height=\"373\" srcset=\"https:\/\/i0.wp.com\/www.shqiperia.com\/blog\/wp-content\/uploads\/2018\/06\/Veshje-Myzeqare-5.jpg?resize=300%2C229&amp;ssl=1 300w, https:\/\/i0.wp.com\/www.shqiperia.com\/blog\/wp-content\/uploads\/2018\/06\/Veshje-Myzeqare-5.jpg?resize=290%2C220&amp;ssl=1 290w, https:\/\/i0.wp.com\/www.shqiperia.com\/blog\/wp-content\/uploads\/2018\/06\/Veshje-Myzeqare-5.jpg?w=720&amp;ssl=1 720w\" sizes=\"auto, (max-width: 489px) 100vw, 489px\" \/> <img data-recalc-dims=\"1\" loading=\"lazy\" decoding=\"async\" data-attachment-id=\"8527\" data-permalink=\"https:\/\/www.shqiperia.com\/blog\/veshja-myzeqare\/veshje-myzeqare-6\/\" data-orig-file=\"https:\/\/i0.wp.com\/www.shqiperia.com\/blog\/wp-content\/uploads\/2018\/06\/Veshje-Myzeqare-6.jpg?fit=711%2C720&amp;ssl=1\" data-orig-size=\"711,720\" data-comments-opened=\"1\" data-image-meta=\"{&quot;aperture&quot;:&quot;0&quot;,&quot;credit&quot;:&quot;&quot;,&quot;camera&quot;:&quot;&quot;,&quot;caption&quot;:&quot;&quot;,&quot;created_timestamp&quot;:&quot;0&quot;,&quot;copyright&quot;:&quot;&quot;,&quot;focal_length&quot;:&quot;0&quot;,&quot;iso&quot;:&quot;0&quot;,&quot;shutter_speed&quot;:&quot;0&quot;,&quot;title&quot;:&quot;&quot;,&quot;orientation&quot;:&quot;0&quot;}\" data-image-title=\"Veshje Myzeqare (6)\" data-image-description=\"\" data-image-caption=\"\" data-medium-file=\"https:\/\/i0.wp.com\/www.shqiperia.com\/blog\/wp-content\/uploads\/2018\/06\/Veshje-Myzeqare-6.jpg?fit=296%2C300&amp;ssl=1\" data-large-file=\"https:\/\/i0.wp.com\/www.shqiperia.com\/blog\/wp-content\/uploads\/2018\/06\/Veshje-Myzeqare-6.jpg?fit=711%2C720&amp;ssl=1\" class=\"alignnone  wp-image-8527\" alt=\"\" src=\"https:\/\/i0.wp.com\/www.shqiperia.com\/blog\/wp-content\/uploads\/2018\/06\/Veshje-Myzeqare-6-296x300.jpg?resize=490%2C497\" width=\"490\" height=\"497\" srcset=\"https:\/\/i0.wp.com\/www.shqiperia.com\/blog\/wp-content\/uploads\/2018\/06\/Veshje-Myzeqare-6.jpg?resize=296%2C300&amp;ssl=1 296w, https:\/\/i0.wp.com\/www.shqiperia.com\/blog\/wp-content\/uploads\/2018\/06\/Veshje-Myzeqare-6.jpg?w=711&amp;ssl=1 711w\" sizes=\"auto, (max-width: 490px) 100vw, 490px\" \/> <img data-recalc-dims=\"1\" loading=\"lazy\" decoding=\"async\" data-attachment-id=\"8528\" data-permalink=\"https:\/\/www.shqiperia.com\/blog\/veshja-myzeqare\/veshje-myzeqare-7\/\" data-orig-file=\"https:\/\/i0.wp.com\/www.shqiperia.com\/blog\/wp-content\/uploads\/2018\/06\/Veshje-Myzeqare-7.jpg?fit=720%2C462&amp;ssl=1\" data-orig-size=\"720,462\" data-comments-opened=\"1\" data-image-meta=\"{&quot;aperture&quot;:&quot;0&quot;,&quot;credit&quot;:&quot;&quot;,&quot;camera&quot;:&quot;&quot;,&quot;caption&quot;:&quot;&quot;,&quot;created_timestamp&quot;:&quot;0&quot;,&quot;copyright&quot;:&quot;&quot;,&quot;focal_length&quot;:&quot;0&quot;,&quot;iso&quot;:&quot;0&quot;,&quot;shutter_speed&quot;:&quot;0&quot;,&quot;title&quot;:&quot;&quot;,&quot;orientation&quot;:&quot;0&quot;}\" data-image-title=\"Veshje Myzeqare (7)\" data-image-description=\"\" data-image-caption=\"\" data-medium-file=\"https:\/\/i0.wp.com\/www.shqiperia.com\/blog\/wp-content\/uploads\/2018\/06\/Veshje-Myzeqare-7.jpg?fit=300%2C193&amp;ssl=1\" data-large-file=\"https:\/\/i0.wp.com\/www.shqiperia.com\/blog\/wp-content\/uploads\/2018\/06\/Veshje-Myzeqare-7.jpg?fit=720%2C462&amp;ssl=1\" class=\"alignnone  wp-image-8528\" alt=\"\" src=\"https:\/\/i0.wp.com\/www.shqiperia.com\/blog\/wp-content\/uploads\/2018\/06\/Veshje-Myzeqare-7-300x193.jpg?resize=595%2C383\" width=\"595\" height=\"383\" srcset=\"https:\/\/i0.wp.com\/www.shqiperia.com\/blog\/wp-content\/uploads\/2018\/06\/Veshje-Myzeqare-7.jpg?resize=300%2C193&amp;ssl=1 300w, https:\/\/i0.wp.com\/www.shqiperia.com\/blog\/wp-content\/uploads\/2018\/06\/Veshje-Myzeqare-7.jpg?w=720&amp;ssl=1 720w\" sizes=\"auto, (max-width: 595px) 100vw, 595px\" \/> <img data-recalc-dims=\"1\" loading=\"lazy\" decoding=\"async\" data-attachment-id=\"8529\" data-permalink=\"https:\/\/www.shqiperia.com\/blog\/veshja-myzeqare\/veshje-myzeqare-8\/\" data-orig-file=\"https:\/\/i0.wp.com\/www.shqiperia.com\/blog\/wp-content\/uploads\/2018\/06\/Veshje-Myzeqare-8.jpg?fit=720%2C607&amp;ssl=1\" data-orig-size=\"720,607\" data-comments-opened=\"1\" data-image-meta=\"{&quot;aperture&quot;:&quot;0&quot;,&quot;credit&quot;:&quot;&quot;,&quot;camera&quot;:&quot;&quot;,&quot;caption&quot;:&quot;&quot;,&quot;created_timestamp&quot;:&quot;0&quot;,&quot;copyright&quot;:&quot;&quot;,&quot;focal_length&quot;:&quot;0&quot;,&quot;iso&quot;:&quot;0&quot;,&quot;shutter_speed&quot;:&quot;0&quot;,&quot;title&quot;:&quot;&quot;,&quot;orientation&quot;:&quot;0&quot;}\" data-image-title=\"Veshje Myzeqare (8)\" data-image-description=\"\" data-image-caption=\"\" data-medium-file=\"https:\/\/i0.wp.com\/www.shqiperia.com\/blog\/wp-content\/uploads\/2018\/06\/Veshje-Myzeqare-8.jpg?fit=300%2C253&amp;ssl=1\" data-large-file=\"https:\/\/i0.wp.com\/www.shqiperia.com\/blog\/wp-content\/uploads\/2018\/06\/Veshje-Myzeqare-8.jpg?fit=720%2C607&amp;ssl=1\" class=\"alignnone  wp-image-8529\" alt=\"\" src=\"https:\/\/i0.wp.com\/www.shqiperia.com\/blog\/wp-content\/uploads\/2018\/06\/Veshje-Myzeqare-8-300x253.jpg?resize=503%2C424\" width=\"503\" height=\"424\" srcset=\"https:\/\/i0.wp.com\/www.shqiperia.com\/blog\/wp-content\/uploads\/2018\/06\/Veshje-Myzeqare-8.jpg?resize=300%2C253&amp;ssl=1 300w, https:\/\/i0.wp.com\/www.shqiperia.com\/blog\/wp-content\/uploads\/2018\/06\/Veshje-Myzeqare-8.jpg?w=720&amp;ssl=1 720w\" sizes=\"auto, (max-width: 503px) 100vw, 503px\" \/> <img data-recalc-dims=\"1\" loading=\"lazy\" decoding=\"async\" data-attachment-id=\"8530\" data-permalink=\"https:\/\/www.shqiperia.com\/blog\/veshja-myzeqare\/veshje-myzeqare\/\" data-orig-file=\"https:\/\/i0.wp.com\/www.shqiperia.com\/blog\/wp-content\/uploads\/2018\/06\/Veshje-Myzeqare.jpg?fit=720%2C526&amp;ssl=1\" data-orig-size=\"720,526\" data-comments-opened=\"1\" data-image-meta=\"{&quot;aperture&quot;:&quot;0&quot;,&quot;credit&quot;:&quot;&quot;,&quot;camera&quot;:&quot;&quot;,&quot;caption&quot;:&quot;&quot;,&quot;created_timestamp&quot;:&quot;0&quot;,&quot;copyright&quot;:&quot;&quot;,&quot;focal_length&quot;:&quot;0&quot;,&quot;iso&quot;:&quot;0&quot;,&quot;shutter_speed&quot;:&quot;0&quot;,&quot;title&quot;:&quot;&quot;,&quot;orientation&quot;:&quot;0&quot;}\" data-image-title=\"Veshje Myzeqare\" data-image-description=\"\" data-image-caption=\"\" data-medium-file=\"https:\/\/i0.wp.com\/www.shqiperia.com\/blog\/wp-content\/uploads\/2018\/06\/Veshje-Myzeqare.jpg?fit=300%2C219&amp;ssl=1\" data-large-file=\"https:\/\/i0.wp.com\/www.shqiperia.com\/blog\/wp-content\/uploads\/2018\/06\/Veshje-Myzeqare.jpg?fit=720%2C526&amp;ssl=1\" class=\"alignnone  wp-image-8530\" alt=\"\" src=\"https:\/\/i0.wp.com\/www.shqiperia.com\/blog\/wp-content\/uploads\/2018\/06\/Veshje-Myzeqare-300x219.jpg?resize=586%2C428\" width=\"586\" height=\"428\" srcset=\"https:\/\/i0.wp.com\/www.shqiperia.com\/blog\/wp-content\/uploads\/2018\/06\/Veshje-Myzeqare.jpg?resize=300%2C219&amp;ssl=1 300w, https:\/\/i0.wp.com\/www.shqiperia.com\/blog\/wp-content\/uploads\/2018\/06\/Veshje-Myzeqare.jpg?w=720&amp;ssl=1 720w\" sizes=\"auto, (max-width: 586px) 100vw, 586px\" \/><\/p>\n","protected":false},"excerpt":{"rendered":"<p>Veshja myzeqare. &#8211; Nga: Adriatik Misir Rrasa. Veshja myzeqare e ardhur p\u00ebrmes shekujve ka hijeshuar mbret\u00ebr e princa .kostumet m\u00eb t\u00eb lashta em\u00eb t\u00eb bukura n\u00eb mbar\u00eb trojet shqipfol\u00ebse. Si veshjet e burrave t\u00eb grave e t\u00eb vajzave myzeqare spikasin me ngjyrat, prerjet, kodet dhe mesazhet q\u00eb p\u00ebciellin, sic\u00ebsht\u00eb simotra e xhubletes, fundi me rr\u00ebke, [&hellip;]<\/p>\n","protected":false},"author":9,"featured_media":8518,"comment_status":"open","ping_status":"open","sticky":false,"template":"","format":"standard","meta":{"jetpack_post_was_ever_published":false,"_jetpack_newsletter_access":"","_jetpack_dont_email_post_to_subs":false,"_jetpack_newsletter_tier_id":0,"_jetpack_memberships_contains_paywalled_content":false,"_jetpack_memberships_contains_paid_content":false,"footnotes":"","jetpack_publicize_message":"","jetpack_publicize_feature_enabled":true,"jetpack_social_post_already_shared":true,"jetpack_social_options":{"image_generator_settings":{"template":"highway","default_image_id":0,"font":"","enabled":false},"version":2}},"categories":[87,10,86],"tags":[],"class_list":["post-8517","post","type-post","status-publish","format-standard","has-post-thumbnail","hentry","category-arte","category-kultura","category-trashegimi-kulturore"],"jetpack_publicize_connections":[],"jetpack_featured_media_url":"https:\/\/i0.wp.com\/www.shqiperia.com\/blog\/wp-content\/uploads\/2018\/06\/Veshje-Myzeqare-4.jpg?fit=708%2C436&ssl=1","jetpack_sharing_enabled":true,"jetpack_shortlink":"https:\/\/wp.me\/p5Z6wp-2dn","jetpack-related-posts":[{"id":36250,"url":"https:\/\/www.shqiperia.com\/blog\/veshja-me-e-vjeter-ne-bote\/","url_meta":{"origin":8517,"position":0},"title":"Veshja me e vjeter ne Bote.","author":"Kurt Farka","date":"July 12, 2020","format":false,"excerpt":"Veshja me e vjeter ne Bote. \u00cbsht\u00eb pothuajse e pamundur t\u00eb imagjinosh nj\u00eb k\u00ebmish\u00eb t\u00eb jet\u00eb veshur mij\u00ebra vjet m\u00eb par\u00eb dhe ka mbijetuar deri n\u00eb dit\u00ebt e sotme. - Por \"Veshja Tarkhan\", e quajtur p\u00ebr qytetin n\u00eb Egjipt, ku u gjet n\u00eb vitin 1913, tani \u00ebsht\u00eb datuar sakt\u00ebsisht duke\u2026","rel":"","context":"In &quot;Histori&quot;","block_context":{"text":"Histori","link":"https:\/\/www.shqiperia.com\/blog\/category\/histori\/"},"img":{"alt_text":"","src":"https:\/\/i0.wp.com\/www.shqiperia.com\/blog\/wp-content\/uploads\/2020\/07\/Veshja-me-e-vjeter-ne-bote-1.jpg?fit=710%2C349&ssl=1&resize=350%2C200","width":350,"height":200,"srcset":"https:\/\/i0.wp.com\/www.shqiperia.com\/blog\/wp-content\/uploads\/2020\/07\/Veshja-me-e-vjeter-ne-bote-1.jpg?fit=710%2C349&ssl=1&resize=350%2C200 1x, https:\/\/i0.wp.com\/www.shqiperia.com\/blog\/wp-content\/uploads\/2020\/07\/Veshja-me-e-vjeter-ne-bote-1.jpg?fit=710%2C349&ssl=1&resize=525%2C300 1.5x, https:\/\/i0.wp.com\/www.shqiperia.com\/blog\/wp-content\/uploads\/2020\/07\/Veshja-me-e-vjeter-ne-bote-1.jpg?fit=710%2C349&ssl=1&resize=700%2C400 2x"},"classes":[]},{"id":36243,"url":"https:\/\/www.shqiperia.com\/blog\/veshja-me-me-e-vjeter-ne-bote\/","url_meta":{"origin":8517,"position":1},"title":"Veshja me me e vjeter ne Bote.","author":"Kurt Farka","date":"July 12, 2020","format":false,"excerpt":"Veshja me me e vjeter ne Bote. \u00cbsht\u00eb pothuajse e pamundur t\u00eb imagjinosh nj\u00eb k\u00ebmish\u00eb t\u00eb jet\u00eb veshur mij\u00ebra vjet m\u00eb par\u00eb dhe ka mbijetuar deri n\u00eb dit\u00ebt e sotme. Por \"Veshja Tarkhan\", e quajtur p\u00ebr qytetin n\u00eb Egjipt, ku u gjet n\u00eb vitin 1913, tani \u00ebsht\u00eb datuar sakt\u00ebsisht duke\u2026","rel":"","context":"In &quot;Histori&quot;","block_context":{"text":"Histori","link":"https:\/\/www.shqiperia.com\/blog\/category\/histori\/"},"img":{"alt_text":"","src":"https:\/\/i0.wp.com\/www.shqiperia.com\/blog\/wp-content\/uploads\/2020\/07\/Veshja-me-e-vjeter-ne-bote.jpg?fit=710%2C349&ssl=1&resize=350%2C200","width":350,"height":200,"srcset":"https:\/\/i0.wp.com\/www.shqiperia.com\/blog\/wp-content\/uploads\/2020\/07\/Veshja-me-e-vjeter-ne-bote.jpg?fit=710%2C349&ssl=1&resize=350%2C200 1x, https:\/\/i0.wp.com\/www.shqiperia.com\/blog\/wp-content\/uploads\/2020\/07\/Veshja-me-e-vjeter-ne-bote.jpg?fit=710%2C349&ssl=1&resize=525%2C300 1.5x, https:\/\/i0.wp.com\/www.shqiperia.com\/blog\/wp-content\/uploads\/2020\/07\/Veshja-me-e-vjeter-ne-bote.jpg?fit=710%2C349&ssl=1&resize=700%2C400 2x"},"classes":[]},{"id":34168,"url":"https:\/\/www.shqiperia.com\/blog\/veshja-e-gruas-se-fshatit-te-arberesheve-te-italise-shen-katerina-san-caterina\/","url_meta":{"origin":8517,"position":2},"title":"Veshja e gruas se fshatit te Arberesheve te Italise: Shen Katerina (San Caterina).","author":"Kurt Farka","date":"May 2, 2020","format":false,"excerpt":"Veshja e gruas se fshatit te Arberesheve te Italise: Shen Katerina (San Caterina). Autor - \u00a0Agim Bido, 1996.","rel":"","context":"In &quot;Arte&quot;","block_context":{"text":"Arte","link":"https:\/\/www.shqiperia.com\/blog\/category\/arte\/"},"img":{"alt_text":"","src":"https:\/\/i0.wp.com\/www.shqiperia.com\/blog\/wp-content\/uploads\/2020\/05\/Agim-Bido-2.jpg?fit=646%2C317&ssl=1&resize=350%2C200","width":350,"height":200,"srcset":"https:\/\/i0.wp.com\/www.shqiperia.com\/blog\/wp-content\/uploads\/2020\/05\/Agim-Bido-2.jpg?fit=646%2C317&ssl=1&resize=350%2C200 1x, https:\/\/i0.wp.com\/www.shqiperia.com\/blog\/wp-content\/uploads\/2020\/05\/Agim-Bido-2.jpg?fit=646%2C317&ssl=1&resize=525%2C300 1.5x"},"classes":[]},{"id":581,"url":"https:\/\/www.shqiperia.com\/blog\/pasuri-e-rralle-veshjet-popullore-ne-mat-foto\/","url_meta":{"origin":8517,"position":3},"title":"PASURI E RRALL\u00cb, VESHJET POPULLORE N\u00cb MAT +(FOTO).","author":"Kurt Farka","date":"January 7, 2018","format":false,"excerpt":"Nga: Avni Dani. N\u00eb Shqip\u00ebri, Mati mund t\u00eb jet\u00eb krahina m\u00eb e pasur me veshje popullore. Sidomos veshjet e grave kan\u00eb nj\u00eb larmi t\u00eb madhe, ku spikasin e kuqja e verdha por edhe e bardha. Etnolog\u00ebt kan\u00eb b\u00ebr\u00eb nj\u00eb ndarje duke e patur ngjyr\u00ebn si kriter dhe sipas tyre veshja\u2026","rel":"","context":"In &quot;Kultura&quot;","block_context":{"text":"Kultura","link":"https:\/\/www.shqiperia.com\/blog\/category\/kultura\/"},"img":{"alt_text":"","src":"https:\/\/i0.wp.com\/www.shqiperia.com\/blog\/wp-content\/uploads\/2018\/01\/1468-1.jpg?fit=716%2C917&ssl=1&resize=350%2C200","width":350,"height":200,"srcset":"https:\/\/i0.wp.com\/www.shqiperia.com\/blog\/wp-content\/uploads\/2018\/01\/1468-1.jpg?fit=716%2C917&ssl=1&resize=350%2C200 1x, https:\/\/i0.wp.com\/www.shqiperia.com\/blog\/wp-content\/uploads\/2018\/01\/1468-1.jpg?fit=716%2C917&ssl=1&resize=525%2C300 1.5x, https:\/\/i0.wp.com\/www.shqiperia.com\/blog\/wp-content\/uploads\/2018\/01\/1468-1.jpg?fit=716%2C917&ssl=1&resize=700%2C400 2x"},"classes":[]},{"id":35598,"url":"https:\/\/www.shqiperia.com\/blog\/fragment-nga-veshja-e-gruas-mirditore\/","url_meta":{"origin":8517,"position":4},"title":"Fragment nga veshja e Gruas Mirditore","author":"Kurt Farka","date":"June 10, 2020","format":false,"excerpt":"Fragment nga veshja e Gruas Mirditore Foto: J. Brahaj","rel":"","context":"In &quot;Kultura&quot;","block_context":{"text":"Kultura","link":"https:\/\/www.shqiperia.com\/blog\/category\/kultura\/"},"img":{"alt_text":"","src":"https:\/\/i0.wp.com\/www.shqiperia.com\/blog\/wp-content\/uploads\/2020\/06\/103300249_2747388495484436_6219821804086703076_n.jpg?fit=960%2C720&ssl=1&resize=350%2C200","width":350,"height":200,"srcset":"https:\/\/i0.wp.com\/www.shqiperia.com\/blog\/wp-content\/uploads\/2020\/06\/103300249_2747388495484436_6219821804086703076_n.jpg?fit=960%2C720&ssl=1&resize=350%2C200 1x, https:\/\/i0.wp.com\/www.shqiperia.com\/blog\/wp-content\/uploads\/2020\/06\/103300249_2747388495484436_6219821804086703076_n.jpg?fit=960%2C720&ssl=1&resize=525%2C300 1.5x, https:\/\/i0.wp.com\/www.shqiperia.com\/blog\/wp-content\/uploads\/2020\/06\/103300249_2747388495484436_6219821804086703076_n.jpg?fit=960%2C720&ssl=1&resize=700%2C400 2x"},"classes":[]},{"id":18280,"url":"https:\/\/www.shqiperia.com\/blog\/motiv-frament-kultik-shkeputur-nga-veshja-e-lashte-e-xhubletes\/","url_meta":{"origin":8517,"position":5},"title":"Motiv (fragment) kultik shkeputur nga veshja e lashte e Xhubletes. &#8211;","author":"Kurt Farka","date":"March 13, 2019","format":false,"excerpt":"Motiv (fragment) kultik shkeputur nga veshja e lashte e Xhubletes Shqiptare.","rel":"","context":"In &quot;Histori&quot;","block_context":{"text":"Histori","link":"https:\/\/www.shqiperia.com\/blog\/category\/histori\/"},"img":{"alt_text":"","src":"https:\/\/i0.wp.com\/www.shqiperia.com\/blog\/wp-content\/uploads\/2019\/03\/29196490_2139778382912120_2817263478320922624_n-1.jpg?fit=960%2C719&ssl=1&resize=350%2C200","width":350,"height":200,"srcset":"https:\/\/i0.wp.com\/www.shqiperia.com\/blog\/wp-content\/uploads\/2019\/03\/29196490_2139778382912120_2817263478320922624_n-1.jpg?fit=960%2C719&ssl=1&resize=350%2C200 1x, https:\/\/i0.wp.com\/www.shqiperia.com\/blog\/wp-content\/uploads\/2019\/03\/29196490_2139778382912120_2817263478320922624_n-1.jpg?fit=960%2C719&ssl=1&resize=525%2C300 1.5x, https:\/\/i0.wp.com\/www.shqiperia.com\/blog\/wp-content\/uploads\/2019\/03\/29196490_2139778382912120_2817263478320922624_n-1.jpg?fit=960%2C719&ssl=1&resize=700%2C400 2x"},"classes":[]}],"_links":{"self":[{"href":"https:\/\/www.shqiperia.com\/blog\/wp-json\/wp\/v2\/posts\/8517","targetHints":{"allow":["GET"]}}],"collection":[{"href":"https:\/\/www.shqiperia.com\/blog\/wp-json\/wp\/v2\/posts"}],"about":[{"href":"https:\/\/www.shqiperia.com\/blog\/wp-json\/wp\/v2\/types\/post"}],"author":[{"embeddable":true,"href":"https:\/\/www.shqiperia.com\/blog\/wp-json\/wp\/v2\/users\/9"}],"replies":[{"embeddable":true,"href":"https:\/\/www.shqiperia.com\/blog\/wp-json\/wp\/v2\/comments?post=8517"}],"version-history":[{"count":1,"href":"https:\/\/www.shqiperia.com\/blog\/wp-json\/wp\/v2\/posts\/8517\/revisions"}],"predecessor-version":[{"id":8531,"href":"https:\/\/www.shqiperia.com\/blog\/wp-json\/wp\/v2\/posts\/8517\/revisions\/8531"}],"wp:featuredmedia":[{"embeddable":true,"href":"https:\/\/www.shqiperia.com\/blog\/wp-json\/wp\/v2\/media\/8518"}],"wp:attachment":[{"href":"https:\/\/www.shqiperia.com\/blog\/wp-json\/wp\/v2\/media?parent=8517"}],"wp:term":[{"taxonomy":"category","embeddable":true,"href":"https:\/\/www.shqiperia.com\/blog\/wp-json\/wp\/v2\/categories?post=8517"},{"taxonomy":"post_tag","embeddable":true,"href":"https:\/\/www.shqiperia.com\/blog\/wp-json\/wp\/v2\/tags?post=8517"}],"curies":[{"name":"wp","href":"https:\/\/api.w.org\/{rel}","templated":true}]}}