{"id":84298,"date":"2024-09-10T11:36:13","date_gmt":"2024-09-10T11:36:13","guid":{"rendered":"https:\/\/www.shqiperia.com\/blog\/?p=84298"},"modified":"2024-09-10T11:36:13","modified_gmt":"2024-09-10T11:36:13","slug":"germimet-arkeologjike-ne-kosove-sjellin-prova-te-vazhdimesise-se-popullsise-ilire-dardane-nga-periudha-e-bronzit-dhe-hekurit","status":"publish","type":"post","link":"https:\/\/www.shqiperia.com\/blog\/germimet-arkeologjike-ne-kosove-sjellin-prova-te-vazhdimesise-se-popullsise-ilire-dardane-nga-periudha-e-bronzit-dhe-hekurit\/","title":{"rendered":"G\u00ebrmimet Arkeologjike n\u00eb Kosov\u00eb sjellin prova t\u00eb vazhdim\u00ebsis\u00eb s\u00eb popullsis\u00eb ilire-dardane nga periudha e bronzit dhe hekurit."},"content":{"rendered":"<p><img data-recalc-dims=\"1\" loading=\"lazy\" decoding=\"async\" data-attachment-id=\"84299\" data-permalink=\"https:\/\/www.shqiperia.com\/blog\/germimet-arkeologjike-ne-kosove-sjellin-prova-te-vazhdimesise-se-popullsise-ilire-dardane-nga-periudha-e-bronzit-dhe-hekurit\/458979071_918174390355957_2697712988168848561_n\/\" data-orig-file=\"https:\/\/i0.wp.com\/www.shqiperia.com\/blog\/wp-content\/uploads\/2024\/09\/458979071_918174390355957_2697712988168848561_n.jpg?fit=2048%2C1366&amp;ssl=1\" data-orig-size=\"2048,1366\" data-comments-opened=\"1\" data-image-meta=\"{&quot;aperture&quot;:&quot;0&quot;,&quot;credit&quot;:&quot;Ferdi Limani&quot;,&quot;camera&quot;:&quot;&quot;,&quot;caption&quot;:&quot;&quot;,&quot;created_timestamp&quot;:&quot;0&quot;,&quot;copyright&quot;:&quot;Ferdi Limani&quot;,&quot;focal_length&quot;:&quot;0&quot;,&quot;iso&quot;:&quot;0&quot;,&quot;shutter_speed&quot;:&quot;0&quot;,&quot;title&quot;:&quot;&quot;,&quot;orientation&quot;:&quot;0&quot;}\" data-image-title=\"458979071_918174390355957_2697712988168848561_n\" data-image-description=\"\" data-image-caption=\"\" data-medium-file=\"https:\/\/i0.wp.com\/www.shqiperia.com\/blog\/wp-content\/uploads\/2024\/09\/458979071_918174390355957_2697712988168848561_n.jpg?fit=300%2C200&amp;ssl=1\" data-large-file=\"https:\/\/i0.wp.com\/www.shqiperia.com\/blog\/wp-content\/uploads\/2024\/09\/458979071_918174390355957_2697712988168848561_n.jpg?fit=1024%2C683&amp;ssl=1\" class=\"alignnone  wp-image-84299\" alt=\"\" src=\"https:\/\/i0.wp.com\/www.shqiperia.com\/blog\/wp-content\/uploads\/2024\/09\/458979071_918174390355957_2697712988168848561_n.jpg?resize=582%2C388&#038;ssl=1\" width=\"582\" height=\"388\" srcset=\"https:\/\/i0.wp.com\/www.shqiperia.com\/blog\/wp-content\/uploads\/2024\/09\/458979071_918174390355957_2697712988168848561_n.jpg?resize=300%2C200&amp;ssl=1 300w, https:\/\/i0.wp.com\/www.shqiperia.com\/blog\/wp-content\/uploads\/2024\/09\/458979071_918174390355957_2697712988168848561_n.jpg?resize=1024%2C683&amp;ssl=1 1024w, https:\/\/i0.wp.com\/www.shqiperia.com\/blog\/wp-content\/uploads\/2024\/09\/458979071_918174390355957_2697712988168848561_n.jpg?resize=768%2C512&amp;ssl=1 768w, https:\/\/i0.wp.com\/www.shqiperia.com\/blog\/wp-content\/uploads\/2024\/09\/458979071_918174390355957_2697712988168848561_n.jpg?resize=1536%2C1025&amp;ssl=1 1536w, https:\/\/i0.wp.com\/www.shqiperia.com\/blog\/wp-content\/uploads\/2024\/09\/458979071_918174390355957_2697712988168848561_n.jpg?resize=2000%2C1334&amp;ssl=1 2000w, https:\/\/i0.wp.com\/www.shqiperia.com\/blog\/wp-content\/uploads\/2024\/09\/458979071_918174390355957_2697712988168848561_n.jpg?resize=600%2C400&amp;ssl=1 600w, https:\/\/i0.wp.com\/www.shqiperia.com\/blog\/wp-content\/uploads\/2024\/09\/458979071_918174390355957_2697712988168848561_n.jpg?resize=450%2C300&amp;ssl=1 450w, https:\/\/i0.wp.com\/www.shqiperia.com\/blog\/wp-content\/uploads\/2024\/09\/458979071_918174390355957_2697712988168848561_n.jpg?resize=1500%2C1000&amp;ssl=1 1500w, https:\/\/i0.wp.com\/www.shqiperia.com\/blog\/wp-content\/uploads\/2024\/09\/458979071_918174390355957_2697712988168848561_n.jpg?resize=1300%2C867&amp;ssl=1 1300w, https:\/\/i0.wp.com\/www.shqiperia.com\/blog\/wp-content\/uploads\/2024\/09\/458979071_918174390355957_2697712988168848561_n.jpg?resize=400%2C267&amp;ssl=1 400w, https:\/\/i0.wp.com\/www.shqiperia.com\/blog\/wp-content\/uploads\/2024\/09\/458979071_918174390355957_2697712988168848561_n.jpg?w=2048&amp;ssl=1 2048w\" sizes=\"auto, (max-width: 582px) 100vw, 582px\" \/><\/p>\n<p><strong>10 Shtator 2024<\/strong><\/p>\n<p><strong>Ministria e Kultur\u00ebs, Rinis\u00eb dhe Sportit ka njoftuar p\u00ebr zbulime t\u00eb reja dhe t\u00eb r\u00ebnd\u00ebsishme arkeologjike n\u00eb lokalitetin e Hisarit n\u00eb Suharek\u00eb.<\/strong><\/p>\n<p>G\u00ebrmimet, t\u00eb udh\u00ebhequra nga Instituti Arkeologjik i Kosov\u00ebs, kan\u00eb sjell\u00eb prova t\u00eb vazhdim\u00ebsis\u00eb s\u00eb popullsis\u00eb ilire-dardane nga periudha e bronzit dhe hekurit.<\/p>\n<p>Nd\u00ebr zbulimet m\u00eb t\u00eb r\u00ebnd\u00ebsishme jan\u00eb disa kall\u00ebpe p\u00ebr prodhimin e stolive dhe en\u00ebve, t\u00eb cilat d\u00ebshmojn\u00eb p\u00ebr nj\u00eb nivel t\u00eb avancuar t\u00eb zanateve t\u00eb koh\u00ebs.<\/p>\n<p><img data-recalc-dims=\"1\" loading=\"lazy\" decoding=\"async\" data-attachment-id=\"84300\" data-permalink=\"https:\/\/www.shqiperia.com\/blog\/germimet-arkeologjike-ne-kosove-sjellin-prova-te-vazhdimesise-se-popullsise-ilire-dardane-nga-periudha-e-bronzit-dhe-hekurit\/458754706_918174427022620_1230275691273235655_n-780x439-1-1200x630\/\" data-orig-file=\"https:\/\/i0.wp.com\/www.shqiperia.com\/blog\/wp-content\/uploads\/2024\/09\/458754706_918174427022620_1230275691273235655_n-780x439-1-1200x630-1.jpg?fit=1200%2C630&amp;ssl=1\" data-orig-size=\"1200,630\" data-comments-opened=\"1\" data-image-meta=\"{&quot;aperture&quot;:&quot;0&quot;,&quot;credit&quot;:&quot;&quot;,&quot;camera&quot;:&quot;&quot;,&quot;caption&quot;:&quot;&quot;,&quot;created_timestamp&quot;:&quot;0&quot;,&quot;copyright&quot;:&quot;Ferdi Limani&quot;,&quot;focal_length&quot;:&quot;0&quot;,&quot;iso&quot;:&quot;0&quot;,&quot;shutter_speed&quot;:&quot;0&quot;,&quot;title&quot;:&quot;&quot;,&quot;orientation&quot;:&quot;0&quot;}\" data-image-title=\"458754706_918174427022620_1230275691273235655_n-780&#215;439-1-1200&#215;630\" data-image-description=\"\" data-image-caption=\"\" data-medium-file=\"https:\/\/i0.wp.com\/www.shqiperia.com\/blog\/wp-content\/uploads\/2024\/09\/458754706_918174427022620_1230275691273235655_n-780x439-1-1200x630-1.jpg?fit=300%2C158&amp;ssl=1\" data-large-file=\"https:\/\/i0.wp.com\/www.shqiperia.com\/blog\/wp-content\/uploads\/2024\/09\/458754706_918174427022620_1230275691273235655_n-780x439-1-1200x630-1.jpg?fit=1024%2C538&amp;ssl=1\" class=\"alignnone  wp-image-84300\" alt=\"\" src=\"https:\/\/i0.wp.com\/www.shqiperia.com\/blog\/wp-content\/uploads\/2024\/09\/458754706_918174427022620_1230275691273235655_n-780x439-1-1200x630-1.jpg?resize=733%2C386&#038;ssl=1\" width=\"733\" height=\"386\" srcset=\"https:\/\/i0.wp.com\/www.shqiperia.com\/blog\/wp-content\/uploads\/2024\/09\/458754706_918174427022620_1230275691273235655_n-780x439-1-1200x630-1.jpg?resize=300%2C158&amp;ssl=1 300w, https:\/\/i0.wp.com\/www.shqiperia.com\/blog\/wp-content\/uploads\/2024\/09\/458754706_918174427022620_1230275691273235655_n-780x439-1-1200x630-1.jpg?resize=1024%2C538&amp;ssl=1 1024w, https:\/\/i0.wp.com\/www.shqiperia.com\/blog\/wp-content\/uploads\/2024\/09\/458754706_918174427022620_1230275691273235655_n-780x439-1-1200x630-1.jpg?resize=768%2C403&amp;ssl=1 768w, https:\/\/i0.wp.com\/www.shqiperia.com\/blog\/wp-content\/uploads\/2024\/09\/458754706_918174427022620_1230275691273235655_n-780x439-1-1200x630-1.jpg?resize=450%2C236&amp;ssl=1 450w, https:\/\/i0.wp.com\/www.shqiperia.com\/blog\/wp-content\/uploads\/2024\/09\/458754706_918174427022620_1230275691273235655_n-780x439-1-1200x630-1.jpg?resize=600%2C315&amp;ssl=1 600w, https:\/\/i0.wp.com\/www.shqiperia.com\/blog\/wp-content\/uploads\/2024\/09\/458754706_918174427022620_1230275691273235655_n-780x439-1-1200x630-1.jpg?resize=400%2C210&amp;ssl=1 400w, https:\/\/i0.wp.com\/www.shqiperia.com\/blog\/wp-content\/uploads\/2024\/09\/458754706_918174427022620_1230275691273235655_n-780x439-1-1200x630-1.jpg?w=1200&amp;ssl=1 1200w\" sizes=\"auto, (max-width: 733px) 100vw, 733px\" \/> <img data-recalc-dims=\"1\" loading=\"lazy\" decoding=\"async\" data-attachment-id=\"84301\" data-permalink=\"https:\/\/www.shqiperia.com\/blog\/germimet-arkeologjike-ne-kosove-sjellin-prova-te-vazhdimesise-se-popullsise-ilire-dardane-nga-periudha-e-bronzit-dhe-hekurit\/458771746_918174570355939_6816589018931566918_n\/\" data-orig-file=\"https:\/\/i0.wp.com\/www.shqiperia.com\/blog\/wp-content\/uploads\/2024\/09\/458771746_918174570355939_6816589018931566918_n.jpg?fit=2048%2C1366&amp;ssl=1\" data-orig-size=\"2048,1366\" data-comments-opened=\"1\" data-image-meta=\"{&quot;aperture&quot;:&quot;0&quot;,&quot;credit&quot;:&quot;Ferdi Limani&quot;,&quot;camera&quot;:&quot;&quot;,&quot;caption&quot;:&quot;&quot;,&quot;created_timestamp&quot;:&quot;0&quot;,&quot;copyright&quot;:&quot;Ferdi Limani&quot;,&quot;focal_length&quot;:&quot;0&quot;,&quot;iso&quot;:&quot;0&quot;,&quot;shutter_speed&quot;:&quot;0&quot;,&quot;title&quot;:&quot;&quot;,&quot;orientation&quot;:&quot;0&quot;}\" data-image-title=\"458771746_918174570355939_6816589018931566918_n\" data-image-description=\"\" data-image-caption=\"\" data-medium-file=\"https:\/\/i0.wp.com\/www.shqiperia.com\/blog\/wp-content\/uploads\/2024\/09\/458771746_918174570355939_6816589018931566918_n.jpg?fit=300%2C200&amp;ssl=1\" data-large-file=\"https:\/\/i0.wp.com\/www.shqiperia.com\/blog\/wp-content\/uploads\/2024\/09\/458771746_918174570355939_6816589018931566918_n.jpg?fit=1024%2C683&amp;ssl=1\" class=\"alignnone  wp-image-84301\" alt=\"\" src=\"https:\/\/i0.wp.com\/www.shqiperia.com\/blog\/wp-content\/uploads\/2024\/09\/458771746_918174570355939_6816589018931566918_n.jpg?resize=542%2C361&#038;ssl=1\" width=\"542\" height=\"361\" srcset=\"https:\/\/i0.wp.com\/www.shqiperia.com\/blog\/wp-content\/uploads\/2024\/09\/458771746_918174570355939_6816589018931566918_n.jpg?resize=300%2C200&amp;ssl=1 300w, https:\/\/i0.wp.com\/www.shqiperia.com\/blog\/wp-content\/uploads\/2024\/09\/458771746_918174570355939_6816589018931566918_n.jpg?resize=1024%2C683&amp;ssl=1 1024w, https:\/\/i0.wp.com\/www.shqiperia.com\/blog\/wp-content\/uploads\/2024\/09\/458771746_918174570355939_6816589018931566918_n.jpg?resize=768%2C512&amp;ssl=1 768w, https:\/\/i0.wp.com\/www.shqiperia.com\/blog\/wp-content\/uploads\/2024\/09\/458771746_918174570355939_6816589018931566918_n.jpg?resize=1536%2C1025&amp;ssl=1 1536w, https:\/\/i0.wp.com\/www.shqiperia.com\/blog\/wp-content\/uploads\/2024\/09\/458771746_918174570355939_6816589018931566918_n.jpg?resize=2000%2C1334&amp;ssl=1 2000w, https:\/\/i0.wp.com\/www.shqiperia.com\/blog\/wp-content\/uploads\/2024\/09\/458771746_918174570355939_6816589018931566918_n.jpg?resize=600%2C400&amp;ssl=1 600w, https:\/\/i0.wp.com\/www.shqiperia.com\/blog\/wp-content\/uploads\/2024\/09\/458771746_918174570355939_6816589018931566918_n.jpg?resize=450%2C300&amp;ssl=1 450w, https:\/\/i0.wp.com\/www.shqiperia.com\/blog\/wp-content\/uploads\/2024\/09\/458771746_918174570355939_6816589018931566918_n.jpg?resize=1500%2C1000&amp;ssl=1 1500w, https:\/\/i0.wp.com\/www.shqiperia.com\/blog\/wp-content\/uploads\/2024\/09\/458771746_918174570355939_6816589018931566918_n.jpg?resize=1300%2C867&amp;ssl=1 1300w, https:\/\/i0.wp.com\/www.shqiperia.com\/blog\/wp-content\/uploads\/2024\/09\/458771746_918174570355939_6816589018931566918_n.jpg?resize=400%2C267&amp;ssl=1 400w, https:\/\/i0.wp.com\/www.shqiperia.com\/blog\/wp-content\/uploads\/2024\/09\/458771746_918174570355939_6816589018931566918_n.jpg?w=2048&amp;ssl=1 2048w\" sizes=\"auto, (max-width: 542px) 100vw, 542px\" \/> <img data-recalc-dims=\"1\" loading=\"lazy\" decoding=\"async\" data-attachment-id=\"84302\" data-permalink=\"https:\/\/www.shqiperia.com\/blog\/germimet-arkeologjike-ne-kosove-sjellin-prova-te-vazhdimesise-se-popullsise-ilire-dardane-nga-periudha-e-bronzit-dhe-hekurit\/458863063_918174463689283_3367953186730349949_n\/\" data-orig-file=\"https:\/\/i0.wp.com\/www.shqiperia.com\/blog\/wp-content\/uploads\/2024\/09\/458863063_918174463689283_3367953186730349949_n.jpg?fit=2048%2C1366&amp;ssl=1\" data-orig-size=\"2048,1366\" data-comments-opened=\"1\" data-image-meta=\"{&quot;aperture&quot;:&quot;0&quot;,&quot;credit&quot;:&quot;Ferdi Limani&quot;,&quot;camera&quot;:&quot;&quot;,&quot;caption&quot;:&quot;&quot;,&quot;created_timestamp&quot;:&quot;0&quot;,&quot;copyright&quot;:&quot;Ferdi Limani&quot;,&quot;focal_length&quot;:&quot;0&quot;,&quot;iso&quot;:&quot;0&quot;,&quot;shutter_speed&quot;:&quot;0&quot;,&quot;title&quot;:&quot;&quot;,&quot;orientation&quot;:&quot;0&quot;}\" data-image-title=\"458863063_918174463689283_3367953186730349949_n\" data-image-description=\"\" data-image-caption=\"\" data-medium-file=\"https:\/\/i0.wp.com\/www.shqiperia.com\/blog\/wp-content\/uploads\/2024\/09\/458863063_918174463689283_3367953186730349949_n.jpg?fit=300%2C200&amp;ssl=1\" data-large-file=\"https:\/\/i0.wp.com\/www.shqiperia.com\/blog\/wp-content\/uploads\/2024\/09\/458863063_918174463689283_3367953186730349949_n.jpg?fit=1024%2C683&amp;ssl=1\" class=\"alignnone  wp-image-84302\" alt=\"\" src=\"https:\/\/i0.wp.com\/www.shqiperia.com\/blog\/wp-content\/uploads\/2024\/09\/458863063_918174463689283_3367953186730349949_n.jpg?resize=732%2C488&#038;ssl=1\" width=\"732\" height=\"488\" srcset=\"https:\/\/i0.wp.com\/www.shqiperia.com\/blog\/wp-content\/uploads\/2024\/09\/458863063_918174463689283_3367953186730349949_n.jpg?resize=300%2C200&amp;ssl=1 300w, https:\/\/i0.wp.com\/www.shqiperia.com\/blog\/wp-content\/uploads\/2024\/09\/458863063_918174463689283_3367953186730349949_n.jpg?resize=1024%2C683&amp;ssl=1 1024w, https:\/\/i0.wp.com\/www.shqiperia.com\/blog\/wp-content\/uploads\/2024\/09\/458863063_918174463689283_3367953186730349949_n.jpg?resize=768%2C512&amp;ssl=1 768w, https:\/\/i0.wp.com\/www.shqiperia.com\/blog\/wp-content\/uploads\/2024\/09\/458863063_918174463689283_3367953186730349949_n.jpg?resize=1536%2C1025&amp;ssl=1 1536w, https:\/\/i0.wp.com\/www.shqiperia.com\/blog\/wp-content\/uploads\/2024\/09\/458863063_918174463689283_3367953186730349949_n.jpg?resize=2000%2C1334&amp;ssl=1 2000w, https:\/\/i0.wp.com\/www.shqiperia.com\/blog\/wp-content\/uploads\/2024\/09\/458863063_918174463689283_3367953186730349949_n.jpg?resize=600%2C400&amp;ssl=1 600w, https:\/\/i0.wp.com\/www.shqiperia.com\/blog\/wp-content\/uploads\/2024\/09\/458863063_918174463689283_3367953186730349949_n.jpg?resize=450%2C300&amp;ssl=1 450w, https:\/\/i0.wp.com\/www.shqiperia.com\/blog\/wp-content\/uploads\/2024\/09\/458863063_918174463689283_3367953186730349949_n.jpg?resize=1500%2C1000&amp;ssl=1 1500w, https:\/\/i0.wp.com\/www.shqiperia.com\/blog\/wp-content\/uploads\/2024\/09\/458863063_918174463689283_3367953186730349949_n.jpg?resize=1300%2C867&amp;ssl=1 1300w, https:\/\/i0.wp.com\/www.shqiperia.com\/blog\/wp-content\/uploads\/2024\/09\/458863063_918174463689283_3367953186730349949_n.jpg?resize=400%2C267&amp;ssl=1 400w, https:\/\/i0.wp.com\/www.shqiperia.com\/blog\/wp-content\/uploads\/2024\/09\/458863063_918174463689283_3367953186730349949_n.jpg?w=2048&amp;ssl=1 2048w\" sizes=\"auto, (max-width: 732px) 100vw, 732px\" \/> <img data-recalc-dims=\"1\" loading=\"lazy\" decoding=\"async\" data-attachment-id=\"84303\" data-permalink=\"https:\/\/www.shqiperia.com\/blog\/germimet-arkeologjike-ne-kosove-sjellin-prova-te-vazhdimesise-se-popullsise-ilire-dardane-nga-periudha-e-bronzit-dhe-hekurit\/458936277_918174490355947_160223081707926451_n\/\" data-orig-file=\"https:\/\/i0.wp.com\/www.shqiperia.com\/blog\/wp-content\/uploads\/2024\/09\/458936277_918174490355947_160223081707926451_n.jpg?fit=2048%2C1366&amp;ssl=1\" data-orig-size=\"2048,1366\" data-comments-opened=\"1\" data-image-meta=\"{&quot;aperture&quot;:&quot;0&quot;,&quot;credit&quot;:&quot;Ferdi Limani&quot;,&quot;camera&quot;:&quot;&quot;,&quot;caption&quot;:&quot;&quot;,&quot;created_timestamp&quot;:&quot;0&quot;,&quot;copyright&quot;:&quot;Ferdi Limani&quot;,&quot;focal_length&quot;:&quot;0&quot;,&quot;iso&quot;:&quot;0&quot;,&quot;shutter_speed&quot;:&quot;0&quot;,&quot;title&quot;:&quot;&quot;,&quot;orientation&quot;:&quot;0&quot;}\" data-image-title=\"458936277_918174490355947_160223081707926451_n\" data-image-description=\"\" data-image-caption=\"\" data-medium-file=\"https:\/\/i0.wp.com\/www.shqiperia.com\/blog\/wp-content\/uploads\/2024\/09\/458936277_918174490355947_160223081707926451_n.jpg?fit=300%2C200&amp;ssl=1\" data-large-file=\"https:\/\/i0.wp.com\/www.shqiperia.com\/blog\/wp-content\/uploads\/2024\/09\/458936277_918174490355947_160223081707926451_n.jpg?fit=1024%2C683&amp;ssl=1\" class=\"alignnone  wp-image-84303\" alt=\"\" src=\"https:\/\/i0.wp.com\/www.shqiperia.com\/blog\/wp-content\/uploads\/2024\/09\/458936277_918174490355947_160223081707926451_n.jpg?resize=647%2C431&#038;ssl=1\" width=\"647\" height=\"431\" srcset=\"https:\/\/i0.wp.com\/www.shqiperia.com\/blog\/wp-content\/uploads\/2024\/09\/458936277_918174490355947_160223081707926451_n.jpg?resize=300%2C200&amp;ssl=1 300w, https:\/\/i0.wp.com\/www.shqiperia.com\/blog\/wp-content\/uploads\/2024\/09\/458936277_918174490355947_160223081707926451_n.jpg?resize=1024%2C683&amp;ssl=1 1024w, https:\/\/i0.wp.com\/www.shqiperia.com\/blog\/wp-content\/uploads\/2024\/09\/458936277_918174490355947_160223081707926451_n.jpg?resize=768%2C512&amp;ssl=1 768w, https:\/\/i0.wp.com\/www.shqiperia.com\/blog\/wp-content\/uploads\/2024\/09\/458936277_918174490355947_160223081707926451_n.jpg?resize=1536%2C1025&amp;ssl=1 1536w, https:\/\/i0.wp.com\/www.shqiperia.com\/blog\/wp-content\/uploads\/2024\/09\/458936277_918174490355947_160223081707926451_n.jpg?resize=2000%2C1334&amp;ssl=1 2000w, https:\/\/i0.wp.com\/www.shqiperia.com\/blog\/wp-content\/uploads\/2024\/09\/458936277_918174490355947_160223081707926451_n.jpg?resize=600%2C400&amp;ssl=1 600w, https:\/\/i0.wp.com\/www.shqiperia.com\/blog\/wp-content\/uploads\/2024\/09\/458936277_918174490355947_160223081707926451_n.jpg?resize=450%2C300&amp;ssl=1 450w, https:\/\/i0.wp.com\/www.shqiperia.com\/blog\/wp-content\/uploads\/2024\/09\/458936277_918174490355947_160223081707926451_n.jpg?resize=1500%2C1000&amp;ssl=1 1500w, https:\/\/i0.wp.com\/www.shqiperia.com\/blog\/wp-content\/uploads\/2024\/09\/458936277_918174490355947_160223081707926451_n.jpg?resize=1300%2C867&amp;ssl=1 1300w, https:\/\/i0.wp.com\/www.shqiperia.com\/blog\/wp-content\/uploads\/2024\/09\/458936277_918174490355947_160223081707926451_n.jpg?resize=400%2C267&amp;ssl=1 400w, https:\/\/i0.wp.com\/www.shqiperia.com\/blog\/wp-content\/uploads\/2024\/09\/458936277_918174490355947_160223081707926451_n.jpg?w=2048&amp;ssl=1 2048w\" sizes=\"auto, (max-width: 647px) 100vw, 647px\" \/> <img data-recalc-dims=\"1\" loading=\"lazy\" decoding=\"async\" data-attachment-id=\"84304\" data-permalink=\"https:\/\/www.shqiperia.com\/blog\/germimet-arkeologjike-ne-kosove-sjellin-prova-te-vazhdimesise-se-popullsise-ilire-dardane-nga-periudha-e-bronzit-dhe-hekurit\/459112962_918174583689271_159129878334555936_n\/\" data-orig-file=\"https:\/\/i0.wp.com\/www.shqiperia.com\/blog\/wp-content\/uploads\/2024\/09\/459112962_918174583689271_159129878334555936_n.jpg?fit=2048%2C1366&amp;ssl=1\" data-orig-size=\"2048,1366\" data-comments-opened=\"1\" data-image-meta=\"{&quot;aperture&quot;:&quot;0&quot;,&quot;credit&quot;:&quot;Ferdi Limani&quot;,&quot;camera&quot;:&quot;&quot;,&quot;caption&quot;:&quot;&quot;,&quot;created_timestamp&quot;:&quot;0&quot;,&quot;copyright&quot;:&quot;Ferdi Limani&quot;,&quot;focal_length&quot;:&quot;0&quot;,&quot;iso&quot;:&quot;0&quot;,&quot;shutter_speed&quot;:&quot;0&quot;,&quot;title&quot;:&quot;&quot;,&quot;orientation&quot;:&quot;0&quot;}\" data-image-title=\"459112962_918174583689271_159129878334555936_n\" data-image-description=\"\" data-image-caption=\"\" data-medium-file=\"https:\/\/i0.wp.com\/www.shqiperia.com\/blog\/wp-content\/uploads\/2024\/09\/459112962_918174583689271_159129878334555936_n.jpg?fit=300%2C200&amp;ssl=1\" data-large-file=\"https:\/\/i0.wp.com\/www.shqiperia.com\/blog\/wp-content\/uploads\/2024\/09\/459112962_918174583689271_159129878334555936_n.jpg?fit=1024%2C683&amp;ssl=1\" class=\"alignnone  wp-image-84304\" alt=\"\" src=\"https:\/\/i0.wp.com\/www.shqiperia.com\/blog\/wp-content\/uploads\/2024\/09\/459112962_918174583689271_159129878334555936_n.jpg?resize=719%2C479&#038;ssl=1\" width=\"719\" height=\"479\" srcset=\"https:\/\/i0.wp.com\/www.shqiperia.com\/blog\/wp-content\/uploads\/2024\/09\/459112962_918174583689271_159129878334555936_n.jpg?resize=300%2C200&amp;ssl=1 300w, https:\/\/i0.wp.com\/www.shqiperia.com\/blog\/wp-content\/uploads\/2024\/09\/459112962_918174583689271_159129878334555936_n.jpg?resize=1024%2C683&amp;ssl=1 1024w, https:\/\/i0.wp.com\/www.shqiperia.com\/blog\/wp-content\/uploads\/2024\/09\/459112962_918174583689271_159129878334555936_n.jpg?resize=768%2C512&amp;ssl=1 768w, https:\/\/i0.wp.com\/www.shqiperia.com\/blog\/wp-content\/uploads\/2024\/09\/459112962_918174583689271_159129878334555936_n.jpg?resize=1536%2C1025&amp;ssl=1 1536w, https:\/\/i0.wp.com\/www.shqiperia.com\/blog\/wp-content\/uploads\/2024\/09\/459112962_918174583689271_159129878334555936_n.jpg?resize=2000%2C1334&amp;ssl=1 2000w, https:\/\/i0.wp.com\/www.shqiperia.com\/blog\/wp-content\/uploads\/2024\/09\/459112962_918174583689271_159129878334555936_n.jpg?resize=600%2C400&amp;ssl=1 600w, https:\/\/i0.wp.com\/www.shqiperia.com\/blog\/wp-content\/uploads\/2024\/09\/459112962_918174583689271_159129878334555936_n.jpg?resize=450%2C300&amp;ssl=1 450w, https:\/\/i0.wp.com\/www.shqiperia.com\/blog\/wp-content\/uploads\/2024\/09\/459112962_918174583689271_159129878334555936_n.jpg?resize=1500%2C1000&amp;ssl=1 1500w, https:\/\/i0.wp.com\/www.shqiperia.com\/blog\/wp-content\/uploads\/2024\/09\/459112962_918174583689271_159129878334555936_n.jpg?resize=1300%2C867&amp;ssl=1 1300w, https:\/\/i0.wp.com\/www.shqiperia.com\/blog\/wp-content\/uploads\/2024\/09\/459112962_918174583689271_159129878334555936_n.jpg?resize=400%2C267&amp;ssl=1 400w, https:\/\/i0.wp.com\/www.shqiperia.com\/blog\/wp-content\/uploads\/2024\/09\/459112962_918174583689271_159129878334555936_n.jpg?w=2048&amp;ssl=1 2048w\" sizes=\"auto, (max-width: 719px) 100vw, 719px\" \/><\/p>\n<p>K\u00ebto g\u00ebrmime kan\u00eb ndihmuar n\u00eb pasurimin e t\u00eb dh\u00ebnave p\u00ebr kultur\u00ebn e Eneolitit t\u00eb von\u00eb dhe p\u00ebr rolin e popullatave iliro-dardane n\u00eb rajon. Ky lokalitet arkeologjik pritet t\u00eb sjell\u00eb edhe m\u00eb shum\u00eb informacione mbi periudhat e hershme historike t\u00eb Kosov\u00ebs.<\/p>\n<div class=\"quads-location quads-ad134554 \" id=\"quads-ad134554\" data-lazydelay=\"0\"><\/div>\n","protected":false},"excerpt":{"rendered":"<p>10 Shtator 2024 Ministria e Kultur\u00ebs, Rinis\u00eb dhe Sportit ka njoftuar p\u00ebr zbulime t\u00eb reja dhe t\u00eb r\u00ebnd\u00ebsishme arkeologjike n\u00eb lokalitetin e Hisarit n\u00eb Suharek\u00eb. G\u00ebrmimet, t\u00eb udh\u00ebhequra nga Instituti Arkeologjik i Kosov\u00ebs, kan\u00eb sjell\u00eb prova t\u00eb vazhdim\u00ebsis\u00eb s\u00eb popullsis\u00eb ilire-dardane nga periudha e bronzit dhe hekurit. Nd\u00ebr zbulimet m\u00eb t\u00eb r\u00ebnd\u00ebsishme jan\u00eb disa kall\u00ebpe [&hellip;]<\/p>\n","protected":false},"author":9,"featured_media":84299,"comment_status":"open","ping_status":"open","sticky":false,"template":"","format":"standard","meta":{"jetpack_post_was_ever_published":false,"_jetpack_newsletter_access":"","_jetpack_dont_email_post_to_subs":false,"_jetpack_newsletter_tier_id":0,"_jetpack_memberships_contains_paywalled_content":false,"_jetpack_memberships_contains_paid_content":false,"footnotes":"","jetpack_publicize_message":"","jetpack_publicize_feature_enabled":true,"jetpack_social_post_already_shared":true,"jetpack_social_options":{"image_generator_settings":{"template":"highway","default_image_id":0,"font":"","enabled":false},"version":2}},"categories":[87,27,85,10,35,86],"tags":[],"class_list":["post-84298","post","type-post","status-publish","format-standard","has-post-thumbnail","hentry","category-arte","category-blogu-i-udhetarit","category-histori","category-kultura","category-shoqerore","category-trashegimi-kulturore"],"jetpack_publicize_connections":[],"jetpack_featured_media_url":"https:\/\/i0.wp.com\/www.shqiperia.com\/blog\/wp-content\/uploads\/2024\/09\/458979071_918174390355957_2697712988168848561_n.jpg?fit=2048%2C1366&ssl=1","jetpack_sharing_enabled":true,"jetpack_shortlink":"https:\/\/wp.me\/p5Z6wp-lVE","jetpack-related-posts":[{"id":90913,"url":"https:\/\/www.shqiperia.com\/blog\/tuma-e-patosit-varri-prehistorik-i-lene-ne-meshire-te-fatit-historiani-ka-vlera-te-medha\/","url_meta":{"origin":84298,"position":0},"title":"Tuma e Patosit, varri prehistorik i l\u00ebn\u00eb n\u00eb m\u00ebshir\u00eb t\u00eb fatit, historiani: &#8211; Ka vlera t\u00eb m\u00ebdha","author":"Kurt Farka","date":"March 31, 2025","format":false,"excerpt":"31 Mars 2025 Nj\u00eb nga gjetjet m\u00eb t\u00eb r\u00ebnd\u00ebsishme arkeologjike n\u00eb Mallakast\u00ebr, Tuma e Patosit, \u00ebsht\u00eb drejt degradimit total. Vendzbulimi arkeologjik po shkat\u00ebrrohet pasi as pushteti lokal dhe as institucionet e kultur\u00ebs n\u00eb Fier, nuk kan\u00eb mir\u00ebmbajtur k\u00ebt\u00eb objekt me vlera t\u00eb rralla arkeologjike. Gjurm\u00ebt e varrit monumental ilir t\u00eb\u2026","rel":"","context":"In &quot;Histori&quot;","block_context":{"text":"Histori","link":"https:\/\/www.shqiperia.com\/blog\/category\/histori\/"},"img":{"alt_text":"","src":"https:\/\/i0.wp.com\/www.shqiperia.com\/blog\/wp-content\/uploads\/2025\/03\/img-20181211-wa0007.webp?fit=676%2C507&ssl=1&resize=350%2C200","width":350,"height":200,"srcset":"https:\/\/i0.wp.com\/www.shqiperia.com\/blog\/wp-content\/uploads\/2025\/03\/img-20181211-wa0007.webp?fit=676%2C507&ssl=1&resize=350%2C200 1x, https:\/\/i0.wp.com\/www.shqiperia.com\/blog\/wp-content\/uploads\/2025\/03\/img-20181211-wa0007.webp?fit=676%2C507&ssl=1&resize=525%2C300 1.5x"},"classes":[]},{"id":2360,"url":"https:\/\/www.shqiperia.com\/blog\/varret-ilire-ne-selce-e-poshtme-pogradec\/","url_meta":{"origin":84298,"position":1},"title":"Varret Ilire. &#8211; n\u00eb Selc\u00eb e Poshtme &#8211; Pogradec","author":"Kurt Farka","date":"February 1, 2018","format":false,"excerpt":"Varret Ilire t\u00eb Selc\u00ebs s\u00eb Poshtme ndodhen n\u00eb af\u00ebrsi t\u00eb qytetit t\u00eb Pogradecit n\u00eb Shqip\u00ebri, n\u00eb fshatin Selc\u00eb e Poshtme. N\u00eb bregun e djatht\u00eb t\u00eb lumit Shkumbin, n\u00eb nj\u00eb lart\u00ebsi prej m mbi nivelin e detit, q\u00ebndrojn\u00eb mbetjet e qytetit t\u00eb lasht\u00eb t\u00eb Pelionit dhe nekropolit shoq\u00ebrues. Rruga romake Via\u2026","rel":"","context":"In &quot;Trashegimi Kulturore&quot;","block_context":{"text":"Trashegimi Kulturore","link":"https:\/\/www.shqiperia.com\/blog\/category\/trashegimi-kulturore\/"},"img":{"alt_text":"","src":"https:\/\/i0.wp.com\/www.shqiperia.com\/blog\/wp-content\/uploads\/2018\/02\/Varreza-ilire-e-Selces-3.jpg?resize=350%2C200","width":350,"height":200},"classes":[]},{"id":7119,"url":"https:\/\/www.shqiperia.com\/blog\/monumente-ulpiana-prishtine\/","url_meta":{"origin":84298,"position":2},"title":"Monumente &#8211; Ulpiana, Prishtine. &#8211;","author":"Kurt Farka","date":"May 6, 2018","format":false,"excerpt":"Ulpiana, Prishtine. -Ulpiana \u00ebsht\u00eb nj\u00eb qytet romak i themeluar n\u00eb fillim t\u00eb shekullit II nga perandori Trajan. G\u00ebrmimet arkeologjike kan\u00eb dh\u00ebn\u00eb gjurm\u00eb t\u00eb jet\u00ebs pararomake, por jo aq sa p\u00ebr t\u00eb th\u00ebn\u00eb se Ulpiana \u00ebsht\u00eb nj\u00eb qytet ilir. Ulpiana \u00ebsht\u00eb nj\u00eb vazhdim\u00ebsi e nj\u00eb vendbanimi ilir. Qyteti ndodhej af\u00ebr qytetit\u2026","rel":"","context":"In &quot;Histori&quot;","block_context":{"text":"Histori","link":"https:\/\/www.shqiperia.com\/blog\/category\/histori\/"},"img":{"alt_text":"","src":"https:\/\/i0.wp.com\/www.shqiperia.com\/blog\/wp-content\/uploads\/2018\/05\/17861852_1866394253601656_8765879734558100336_n.jpg?fit=933%2C635&ssl=1&resize=350%2C200","width":350,"height":200,"srcset":"https:\/\/i0.wp.com\/www.shqiperia.com\/blog\/wp-content\/uploads\/2018\/05\/17861852_1866394253601656_8765879734558100336_n.jpg?fit=933%2C635&ssl=1&resize=350%2C200 1x, https:\/\/i0.wp.com\/www.shqiperia.com\/blog\/wp-content\/uploads\/2018\/05\/17861852_1866394253601656_8765879734558100336_n.jpg?fit=933%2C635&ssl=1&resize=525%2C300 1.5x, https:\/\/i0.wp.com\/www.shqiperia.com\/blog\/wp-content\/uploads\/2018\/05\/17861852_1866394253601656_8765879734558100336_n.jpg?fit=933%2C635&ssl=1&resize=700%2C400 2x"},"classes":[]},{"id":2064,"url":"https:\/\/www.shqiperia.com\/blog\/tuma-te-varrimit-ritual-ne-shqiperine-qendrore-periudha-e-bronzit\/","url_meta":{"origin":84298,"position":3},"title":"TUMA TE VARRIMIT RITUAL NE SHQIPERINE QENDRORE PERIUDHA E BRONZIT","author":"Kurt Farka","date":"January 27, 2018","format":false,"excerpt":"Nga germimet arkeologjike duket se varrimi i tumave ishte i zakonsh\u00ebm si per Ilir\u00ebt ashtu edhe per Hellenet dhe me saktesishte dallohet n\u00eb Shqip\u00ebrin\u00eb Qendrore; ndoshta t\u00eb dy ishin lidhur me transmetimin poetik t\u00eb veprave heroike dhe mitologjike . Tuma-varrimit n\u00eb Miken edhe n\u00eb Qefaloni ( Greqi) jane nd\u00ebrprer\u00eb, perpara\u2026","rel":"","context":"In &quot;Blogu i Udh\u00ebtarit&quot;","block_context":{"text":"Blogu i Udh\u00ebtarit","link":"https:\/\/www.shqiperia.com\/blog\/category\/blogu-i-udhetarit\/"},"img":{"alt_text":"","src":"https:\/\/i0.wp.com\/www.shqiperia.com\/blog\/wp-content\/uploads\/2018\/01\/The_Illyrian_Llashtica_burial_mounds_necropolis_01.jpg?fit=1200%2C808&ssl=1&resize=350%2C200","width":350,"height":200,"srcset":"https:\/\/i0.wp.com\/www.shqiperia.com\/blog\/wp-content\/uploads\/2018\/01\/The_Illyrian_Llashtica_burial_mounds_necropolis_01.jpg?fit=1200%2C808&ssl=1&resize=350%2C200 1x, https:\/\/i0.wp.com\/www.shqiperia.com\/blog\/wp-content\/uploads\/2018\/01\/The_Illyrian_Llashtica_burial_mounds_necropolis_01.jpg?fit=1200%2C808&ssl=1&resize=525%2C300 1.5x, https:\/\/i0.wp.com\/www.shqiperia.com\/blog\/wp-content\/uploads\/2018\/01\/The_Illyrian_Llashtica_burial_mounds_necropolis_01.jpg?fit=1200%2C808&ssl=1&resize=700%2C400 2x, https:\/\/i0.wp.com\/www.shqiperia.com\/blog\/wp-content\/uploads\/2018\/01\/The_Illyrian_Llashtica_burial_mounds_necropolis_01.jpg?fit=1200%2C808&ssl=1&resize=1050%2C600 3x"},"classes":[]},{"id":9745,"url":"https:\/\/www.shqiperia.com\/blog\/ulpiana-eshte-nje-monument-i-trashegimise-kulturore\/","url_meta":{"origin":84298,"position":4},"title":"Ulpiana monument i trash\u00ebgimis\u00eb kulturore. &#8211;","author":"Kurt Farka","date":"July 16, 2018","format":false,"excerpt":"Ulpiana Ulpiana \u00ebsht\u00eb nj\u00eb monument i trash\u00ebgimis\u00eb kulturore n\u00eb Gra\u00e7anic\u00eb, Kosov\u00eb, nj\u00eb qytet romak i themeluar n\u00eb fillim t\u00eb shekullit II nga perandori Trajan. G\u00ebrmimet arkeologjike kan\u00eb dh\u00ebn\u00eb gjurm\u00eb t\u00eb jet\u00ebs pararomake, por jo aq sa p\u00ebr t\u00eb th\u00ebn\u00eb se Ulpiana \u00ebsht\u00eb nj\u00eb qytet ilir. Ulpiana \u00ebsht\u00eb nj\u00eb vazhdim\u00ebsi e\u2026","rel":"","context":"In &quot;Histori&quot;","block_context":{"text":"Histori","link":"https:\/\/www.shqiperia.com\/blog\/category\/histori\/"},"img":{"alt_text":"","src":"https:\/\/i0.wp.com\/www.shqiperia.com\/blog\/wp-content\/uploads\/2018\/07\/Ulpiana.jpg?fit=822%2C471&ssl=1&resize=350%2C200","width":350,"height":200,"srcset":"https:\/\/i0.wp.com\/www.shqiperia.com\/blog\/wp-content\/uploads\/2018\/07\/Ulpiana.jpg?fit=822%2C471&ssl=1&resize=350%2C200 1x, https:\/\/i0.wp.com\/www.shqiperia.com\/blog\/wp-content\/uploads\/2018\/07\/Ulpiana.jpg?fit=822%2C471&ssl=1&resize=525%2C300 1.5x, https:\/\/i0.wp.com\/www.shqiperia.com\/blog\/wp-content\/uploads\/2018\/07\/Ulpiana.jpg?fit=822%2C471&ssl=1&resize=700%2C400 2x"},"classes":[]},{"id":10509,"url":"https:\/\/www.shqiperia.com\/blog\/zbulohet-nje-vendbanim-dardan-i-periudhes-se-vone-te-bronzit-kosove\/","url_meta":{"origin":84298,"position":5},"title":"Zbulohet nje vendbanim dardan i periudhes se vone te bronzit, Kosove.  &#8211;","author":"Kurt Farka","date":"August 2, 2018","format":false,"excerpt":"Zbulohet nje vendbanim dardan i periudhes se vone te bronzit.Kosove.\u00a0 - . Vendbanimi parahistorik n\u00eb Mal\u00ebsin\u00eb e Gollakut ngrihej mbi nj\u00eb kod\u00ebr t\u00eb but\u00eb n\u00eb an\u00ebn e majt\u00eb t\u00eb bregut t\u00eb lagj\u00ebs s\u00eb Ka\u00e7ot\u00ebve, rreth 300 metra n\u00eb jug t\u00eb varrez\u00ebs dardane t\u00eb gjurmuar gjat\u00eb viteve 2000 \u2013 2005 po\u2026","rel":"","context":"In &quot;Histori&quot;","block_context":{"text":"Histori","link":"https:\/\/www.shqiperia.com\/blog\/category\/histori\/"},"img":{"alt_text":"","src":"https:\/\/i0.wp.com\/www.shqiperia.com\/blog\/wp-content\/uploads\/2018\/08\/37526137_631892560530167_9053700930079293440_n.jpg?fit=410%2C289&ssl=1&resize=350%2C200","width":350,"height":200},"classes":[]}],"_links":{"self":[{"href":"https:\/\/www.shqiperia.com\/blog\/wp-json\/wp\/v2\/posts\/84298","targetHints":{"allow":["GET"]}}],"collection":[{"href":"https:\/\/www.shqiperia.com\/blog\/wp-json\/wp\/v2\/posts"}],"about":[{"href":"https:\/\/www.shqiperia.com\/blog\/wp-json\/wp\/v2\/types\/post"}],"author":[{"embeddable":true,"href":"https:\/\/www.shqiperia.com\/blog\/wp-json\/wp\/v2\/users\/9"}],"replies":[{"embeddable":true,"href":"https:\/\/www.shqiperia.com\/blog\/wp-json\/wp\/v2\/comments?post=84298"}],"version-history":[{"count":1,"href":"https:\/\/www.shqiperia.com\/blog\/wp-json\/wp\/v2\/posts\/84298\/revisions"}],"predecessor-version":[{"id":84305,"href":"https:\/\/www.shqiperia.com\/blog\/wp-json\/wp\/v2\/posts\/84298\/revisions\/84305"}],"wp:featuredmedia":[{"embeddable":true,"href":"https:\/\/www.shqiperia.com\/blog\/wp-json\/wp\/v2\/media\/84299"}],"wp:attachment":[{"href":"https:\/\/www.shqiperia.com\/blog\/wp-json\/wp\/v2\/media?parent=84298"}],"wp:term":[{"taxonomy":"category","embeddable":true,"href":"https:\/\/www.shqiperia.com\/blog\/wp-json\/wp\/v2\/categories?post=84298"},{"taxonomy":"post_tag","embeddable":true,"href":"https:\/\/www.shqiperia.com\/blog\/wp-json\/wp\/v2\/tags?post=84298"}],"curies":[{"name":"wp","href":"https:\/\/api.w.org\/{rel}","templated":true}]}}