{"id":84293,"date":"2024-09-10T10:58:10","date_gmt":"2024-09-10T10:58:10","guid":{"rendered":"https:\/\/www.shqiperia.com\/blog\/?p=84293"},"modified":"2024-09-10T10:58:10","modified_gmt":"2024-09-10T10:58:10","slug":"bllokohet-pika-kufitare-mes-malit-te-zi-dhe-shqiperise-shfaqet-banderola-me-mesazh-provokues","status":"publish","type":"post","link":"https:\/\/www.shqiperia.com\/blog\/bllokohet-pika-kufitare-mes-malit-te-zi-dhe-shqiperise-shfaqet-banderola-me-mesazh-provokues\/","title":{"rendered":"Bllokohet pika kufitare mes Malit t\u00eb Zi dhe Shqip\u00ebris\u00eb, shfaqet banderola me mesazh provokues"},"content":{"rendered":"<p><img data-recalc-dims=\"1\" loading=\"lazy\" decoding=\"async\" data-attachment-id=\"84294\" data-permalink=\"https:\/\/www.shqiperia.com\/blog\/bllokohet-pika-kufitare-mes-malit-te-zi-dhe-shqiperise-shfaqet-banderola-me-mesazh-provokues\/640-0-ae121831155b361e59ee017127bf9ade\/\" data-orig-file=\"https:\/\/i0.wp.com\/www.shqiperia.com\/blog\/wp-content\/uploads\/2024\/09\/640-0-ae121831155b361e59ee017127bf9ade.png?fit=640%2C361&amp;ssl=1\" data-orig-size=\"640,361\" data-comments-opened=\"1\" data-image-meta=\"{&quot;aperture&quot;:&quot;0&quot;,&quot;credit&quot;:&quot;&quot;,&quot;camera&quot;:&quot;&quot;,&quot;caption&quot;:&quot;&quot;,&quot;created_timestamp&quot;:&quot;0&quot;,&quot;copyright&quot;:&quot;&quot;,&quot;focal_length&quot;:&quot;0&quot;,&quot;iso&quot;:&quot;0&quot;,&quot;shutter_speed&quot;:&quot;0&quot;,&quot;title&quot;:&quot;&quot;,&quot;orientation&quot;:&quot;0&quot;}\" data-image-title=\"640-0-ae121831155b361e59ee017127bf9ade\" data-image-description=\"\" data-image-caption=\"\" data-medium-file=\"https:\/\/i0.wp.com\/www.shqiperia.com\/blog\/wp-content\/uploads\/2024\/09\/640-0-ae121831155b361e59ee017127bf9ade.png?fit=300%2C169&amp;ssl=1\" data-large-file=\"https:\/\/i0.wp.com\/www.shqiperia.com\/blog\/wp-content\/uploads\/2024\/09\/640-0-ae121831155b361e59ee017127bf9ade.png?fit=640%2C361&amp;ssl=1\" class=\"alignnone  wp-image-84294\" alt=\"\" src=\"https:\/\/i0.wp.com\/www.shqiperia.com\/blog\/wp-content\/uploads\/2024\/09\/640-0-ae121831155b361e59ee017127bf9ade.png?resize=559%2C315&#038;ssl=1\" width=\"559\" height=\"315\" srcset=\"https:\/\/i0.wp.com\/www.shqiperia.com\/blog\/wp-content\/uploads\/2024\/09\/640-0-ae121831155b361e59ee017127bf9ade.png?resize=300%2C169&amp;ssl=1 300w, https:\/\/i0.wp.com\/www.shqiperia.com\/blog\/wp-content\/uploads\/2024\/09\/640-0-ae121831155b361e59ee017127bf9ade.png?resize=450%2C254&amp;ssl=1 450w, https:\/\/i0.wp.com\/www.shqiperia.com\/blog\/wp-content\/uploads\/2024\/09\/640-0-ae121831155b361e59ee017127bf9ade.png?resize=600%2C338&amp;ssl=1 600w, https:\/\/i0.wp.com\/www.shqiperia.com\/blog\/wp-content\/uploads\/2024\/09\/640-0-ae121831155b361e59ee017127bf9ade.png?resize=400%2C226&amp;ssl=1 400w, https:\/\/i0.wp.com\/www.shqiperia.com\/blog\/wp-content\/uploads\/2024\/09\/640-0-ae121831155b361e59ee017127bf9ade.png?w=640&amp;ssl=1 640w\" sizes=\"auto, (max-width: 559px) 100vw, 559px\" \/><\/p>\n<p>10 Shtator 2024.<\/p>\n<p>Nj\u00eb akt i r\u00ebnd\u00eb \u00ebsht\u00eb sh\u00ebnuar t\u00eb diel\u00ebn n\u00eb af\u00ebrsi t\u00eb kufirit me Shqip\u00ebrin\u00eb n\u00eb aksin Tuz \u2013 Bozhaj. Nj\u00eb grup qytetar\u00ebsh kan\u00eb organizuar nj\u00eb bllokad\u00eb t\u00eb pik\u00ebs kufitare Bozaj nd\u00ebrmjet Malit t\u00eb Zi dhe Shqip\u00ebris\u00eb me q\u00ebllim t\u00eb mb\u00ebshtetjes p\u00ebr serb\u00ebt n\u00eb Kosov\u00eb.<\/p>\n<p>Sipas mediave malazeze, p\u00ebrfaq\u00ebsues t\u00eb veteran\u00ebve ushtarak\u00eb nga luft\u00ebrat e viteve 1991 \u2013 2001, an\u00ebtar\u00eb t\u00eb batalionit t\u00eb 7-t\u00eb t\u00eb policis\u00eb ushtarake t\u00eb Ushtris\u00eb Jugosllave dhe an\u00ebtar\u00eb t\u00eb v\u00ebllaz\u00ebris\u00eb ortodokse Zavjetnici Tvrdo\u0161 Nikshiq ishin n\u00eb mesin e t\u00eb mbledhurve q\u00eb mbanin pankart\u00ebn \u201cKur ushtria kthehet n\u00eb Kosov\u00eb\u201d.<\/p>\n<p>Ish-brigada u sh\u00ebrbeu autoriteteve t\u00eb at\u00ebhershme n\u00eb Beograd, pra regjimit t\u00eb Millosheviqit p\u00ebr aktivitete hibride n\u00eb territorin e Malit t\u00eb Zi dhe shkaktimin e incidenteve, provokimeve dhe konflikteve.<\/p>\n<p>P\u00ebr aktin e r\u00ebnd\u00eb kan\u00eb reaguar politikan\u00ebt shqiptar\u00eb n\u00eb Mal t\u00eb Zi, kryetari i komun\u00ebs s\u00eb Tuzit si dhe\u00a0 n\u00eb n\u00ebnkryetari i kuvendit Nikoll\u00eb Camaj. Ky i fundit tha n\u00eb fjalim se ky demonstrim qoft\u00eb spontan qoft\u00eb i planifikuar nga qarqet apo individ\u00ebt serb \u00ebsht\u00eb i papranuesh\u00ebm dhe nj\u00eb gj\u00eb t\u00eb till\u00eb e ka cil\u00ebsuar provokim.<\/p>\n<p>Nga Gazeta Dita<\/p>\n","protected":false},"excerpt":{"rendered":"<p>10 Shtator 2024. Nj\u00eb akt i r\u00ebnd\u00eb \u00ebsht\u00eb sh\u00ebnuar t\u00eb diel\u00ebn n\u00eb af\u00ebrsi t\u00eb kufirit me Shqip\u00ebrin\u00eb n\u00eb aksin Tuz \u2013 Bozhaj. Nj\u00eb grup qytetar\u00ebsh kan\u00eb organizuar nj\u00eb bllokad\u00eb t\u00eb pik\u00ebs kufitare Bozaj nd\u00ebrmjet Malit t\u00eb Zi dhe Shqip\u00ebris\u00eb me q\u00ebllim t\u00eb mb\u00ebshtetjes p\u00ebr serb\u00ebt n\u00eb Kosov\u00eb. Sipas mediave malazeze, p\u00ebrfaq\u00ebsues t\u00eb veteran\u00ebve ushtarak\u00eb nga [&hellip;]<\/p>\n","protected":false},"author":9,"featured_media":84294,"comment_status":"open","ping_status":"open","sticky":false,"template":"","format":"standard","meta":{"jetpack_post_was_ever_published":false,"_jetpack_newsletter_access":"","_jetpack_dont_email_post_to_subs":false,"_jetpack_newsletter_tier_id":0,"_jetpack_memberships_contains_paywalled_content":false,"_jetpack_memberships_contains_paid_content":false,"footnotes":"","jetpack_publicize_message":"","jetpack_publicize_feature_enabled":true,"jetpack_social_post_already_shared":true,"jetpack_social_options":{"image_generator_settings":{"template":"highway","default_image_id":0,"font":"","enabled":false},"version":2}},"categories":[27,1,2,35],"tags":[],"class_list":["post-84293","post","type-post","status-publish","format-standard","has-post-thumbnail","hentry","category-blogu-i-udhetarit","category-njoftime-shtypi","category-politika","category-shoqerore"],"jetpack_publicize_connections":[],"jetpack_featured_media_url":"https:\/\/i0.wp.com\/www.shqiperia.com\/blog\/wp-content\/uploads\/2024\/09\/640-0-ae121831155b361e59ee017127bf9ade.png?fit=640%2C361&ssl=1","jetpack_sharing_enabled":true,"jetpack_shortlink":"https:\/\/wp.me\/p5Z6wp-lVz","jetpack-related-posts":[{"id":38119,"url":"https:\/\/www.shqiperia.com\/blog\/port-i-madh-dhe-pike-doganore-me-malin-e-zi-ne-liqenin-e-shkodres\/","url_meta":{"origin":84293,"position":0},"title":"Port i madh dhe pik\u00eb doganore me Malin e Zi n\u00eb Liqenin e Shkodr\u00ebs","author":"Kurt Farka","date":"September 5, 2020","format":false,"excerpt":"Port i madh dhe pik\u00eb doganore me Malin e Zi n\u00eb Liqenin e Shkodr\u00ebs 5 Shtator 2020 Nj\u00eb port i madh pritet t\u00eb ngrihet n\u00eb Liqenin e Shkodr\u00ebs, i cili do t\u00eb jet\u00eb edhe pik\u00eb kufitare dhe dogan\u00eb e shk\u00ebmbimit t\u00eb mallrave mes Shqip\u00ebris\u00eb dhe Malit t\u00eb Zi. K\u00ebt\u00eb e\u2026","rel":"","context":"In &quot;Blogu i Udh\u00ebtarit&quot;","block_context":{"text":"Blogu i Udh\u00ebtarit","link":"https:\/\/www.shqiperia.com\/blog\/category\/blogu-i-udhetarit\/"},"img":{"alt_text":"","src":"https:\/\/i0.wp.com\/www.shqiperia.com\/blog\/wp-content\/uploads\/2020\/09\/640-0-5f5340f00ee68.png?fit=640%2C410&ssl=1&resize=350%2C200","width":350,"height":200,"srcset":"https:\/\/i0.wp.com\/www.shqiperia.com\/blog\/wp-content\/uploads\/2020\/09\/640-0-5f5340f00ee68.png?fit=640%2C410&ssl=1&resize=350%2C200 1x, https:\/\/i0.wp.com\/www.shqiperia.com\/blog\/wp-content\/uploads\/2020\/09\/640-0-5f5340f00ee68.png?fit=640%2C410&ssl=1&resize=525%2C300 1.5x"},"classes":[]},{"id":48823,"url":"https:\/\/www.shqiperia.com\/blog\/dogana-e-re-shqiperi-mali-i-zi-emertimi-i-lumit-tone-eshte-bere-ne-gjuhen-sllave-foto\/","url_meta":{"origin":84293,"position":1},"title":"Dogana e re Shqip\u00ebri-Mali i Zi! Em\u00ebrtimi i lumit ton\u00eb \u00ebsht\u00eb b\u00ebr\u00eb n\u00eb gjuh\u00ebn sllave (Foto)","author":"Kurt Farka","date":"August 4, 2021","format":false,"excerpt":"Dogana e re Shqip\u00ebri-Mali i Zi! Em\u00ebrtimi i lumit ton\u00eb \u00ebsht\u00eb b\u00ebr\u00eb n\u00eb gjuh\u00ebn sllave (Foto) 4 GUSHT 2021, N\u00eb dogan\u00ebn e re t\u00eb hapur mes Shqip\u00ebris\u00eb dhe Malit t\u00eb Zi, em\u00ebrtimi i lumit \u201cCemi i Trieshit-Grabom\u201d \u00ebsht\u00eb b\u00ebr\u00eb n\u00eb gjuh\u00ebn sllave. Po, mir\u00eb e lexuat. Pra, nuk do t\u00eb\u2026","rel":"","context":"In &quot;Kultura&quot;","block_context":{"text":"Kultura","link":"https:\/\/www.shqiperia.com\/blog\/category\/kultura\/"},"img":{"alt_text":"","src":"https:\/\/i0.wp.com\/www.shqiperia.com\/blog\/wp-content\/uploads\/2021\/08\/640-0-f60039af1cd522170d4257db258e6b40.jpg?fit=640%2C363&ssl=1&resize=350%2C200","width":350,"height":200,"srcset":"https:\/\/i0.wp.com\/www.shqiperia.com\/blog\/wp-content\/uploads\/2021\/08\/640-0-f60039af1cd522170d4257db258e6b40.jpg?fit=640%2C363&ssl=1&resize=350%2C200 1x, https:\/\/i0.wp.com\/www.shqiperia.com\/blog\/wp-content\/uploads\/2021\/08\/640-0-f60039af1cd522170d4257db258e6b40.jpg?fit=640%2C363&ssl=1&resize=525%2C300 1.5x"},"classes":[]},{"id":84164,"url":"https:\/\/www.shqiperia.com\/blog\/bllokohet-rruga-ne-merdar-nje-grupim-serbesh-mblidhet-ne\/","url_meta":{"origin":84293,"position":2},"title":"Bllokohet rruga n\u00eb Merdar, nj\u00eb grupim serb\u00ebsh mblidhet n\u00eb\u2026","author":"Kurt Farka","date":"September 7, 2024","format":false,"excerpt":"7 Shtator 2024 Rruga n\u00eb af\u00ebrsi t\u00eb pik\u00ebkalimit kufitar mes Serbis\u00eb dhe Kosov\u00ebs, Merdar, \u00ebsht\u00eb bllokuar n\u00eb pjes\u00ebn serbe pasditen e s\u00eb premtes. Dy automjete, nj\u00eb me nj\u00eb flamur serb n\u00eb dritaren e pasagjerit, dhe disa persona pran\u00eb tyre shihen t\u00eb vendosur n\u00eb mes t\u00eb rrug\u00ebs q\u00eb \u00e7on n\u00eb pik\u00ebn\u2026","rel":"","context":"In &quot;Njoftime Shtypi&quot;","block_context":{"text":"Njoftime Shtypi","link":"https:\/\/www.shqiperia.com\/blog\/category\/njoftime-shtypi\/"},"img":{"alt_text":"","src":"https:\/\/i0.wp.com\/www.shqiperia.com\/blog\/wp-content\/uploads\/2024\/09\/Screenshot_2-35-780x439-2-770x433-1.jpg?fit=770%2C433&ssl=1&resize=350%2C200","width":350,"height":200,"srcset":"https:\/\/i0.wp.com\/www.shqiperia.com\/blog\/wp-content\/uploads\/2024\/09\/Screenshot_2-35-780x439-2-770x433-1.jpg?fit=770%2C433&ssl=1&resize=350%2C200 1x, https:\/\/i0.wp.com\/www.shqiperia.com\/blog\/wp-content\/uploads\/2024\/09\/Screenshot_2-35-780x439-2-770x433-1.jpg?fit=770%2C433&ssl=1&resize=525%2C300 1.5x, https:\/\/i0.wp.com\/www.shqiperia.com\/blog\/wp-content\/uploads\/2024\/09\/Screenshot_2-35-780x439-2-770x433-1.jpg?fit=770%2C433&ssl=1&resize=700%2C400 2x"},"classes":[]},{"id":99420,"url":"https:\/\/www.shqiperia.com\/blog\/mali-i-zi-ne-be-ne-2028-milatovic-pyetet-per-letren-e-rames-e-vucic-ne-po-punojme-per-anetaresim-te-plote\/","url_meta":{"origin":84293,"position":3},"title":"Mali i Zi n\u00eb BE n\u00eb 2028\/ Milatovi\u00e7 pyetet p\u00ebr letr\u00ebn e Ram\u00ebs e Vu\u00e7i\u00e7: &#8211; Ne po punojm\u00eb p\u00ebr an\u00ebtar\u00ebsim t\u00eb plot\u00eb!","author":"Kurt Farka","date":"April 16, 2026","format":false,"excerpt":"16 Prill 2026 An\u00ebtar\u00ebsimi i Malit t\u00eb Zi n\u00eb BE deri n\u00eb vitin 2028 \u00ebsht\u00eb ende realist dhe q\u00ebllimi i vendit \u00ebsht\u00eb an\u00ebtar\u00ebsimi i plot\u00eb, n\u00eb kontrast me propozimet e fundit nga rajoni q\u00eb mb\u00ebshtesnin nj\u00eb nivel m\u00eb t\u00eb ul\u00ebt integrimi. K\u00ebto ishin pikat e ngritura nga Presidenti i Malit\u2026","rel":"","context":"In &quot;Blogu i Udh\u00ebtarit&quot;","block_context":{"text":"Blogu i Udh\u00ebtarit","link":"https:\/\/www.shqiperia.com\/blog\/category\/blogu-i-udhetarit\/"},"img":{"alt_text":"","src":"https:\/\/i0.wp.com\/www.shqiperia.com\/blog\/wp-content\/uploads\/2026\/04\/Screenshot_5-3.jpg?fit=700%2C378&ssl=1&resize=350%2C200","width":350,"height":200,"srcset":"https:\/\/i0.wp.com\/www.shqiperia.com\/blog\/wp-content\/uploads\/2026\/04\/Screenshot_5-3.jpg?fit=700%2C378&ssl=1&resize=350%2C200 1x, https:\/\/i0.wp.com\/www.shqiperia.com\/blog\/wp-content\/uploads\/2026\/04\/Screenshot_5-3.jpg?fit=700%2C378&ssl=1&resize=525%2C300 1.5x, https:\/\/i0.wp.com\/www.shqiperia.com\/blog\/wp-content\/uploads\/2026\/04\/Screenshot_5-3.jpg?fit=700%2C378&ssl=1&resize=700%2C400 2x"},"classes":[]},{"id":76606,"url":"https:\/\/www.shqiperia.com\/blog\/analiza-e-voa-mali-i-zi-ne-ngercin-politik-mes-forcave-pro-evropiane-dhe-atyre-serbe\/","url_meta":{"origin":84293,"position":4},"title":"Analiza e VOA: &#8211; Mali i Zi n\u00eb ng\u00ebr\u00e7in politik mes forcave pro-evropiane dhe atyre serbe","author":"Kurt Farka","date":"December 23, 2023","format":false,"excerpt":"23 Dhjetor 2023 Mali i Zi vazhdon t\u00eb jet\u00eb n\u00eb nj\u00eb ng\u00ebr\u00e7 politik mes forcave politike q\u00eb mb\u00ebshtesin proceset euroatlantike dhe t\u00eb atyre proserbe dhe pro-ruse q\u00eb jan\u00eb kund\u00ebr integrimit t\u00eb Malit t\u00eb Zi n\u00eb Bashkimin Europian. Fitorja e Partis\u00eb Progresive Serbe t\u00eb Aleksandar Vu\u00e7iq n\u00eb zgjedhjet parlamentare n\u00eb Serbi,\u2026","rel":"","context":"In &quot;Blogu i Udh\u00ebtarit&quot;","block_context":{"text":"Blogu i Udh\u00ebtarit","link":"https:\/\/www.shqiperia.com\/blog\/category\/blogu-i-udhetarit\/"},"img":{"alt_text":"","src":"https:\/\/i0.wp.com\/www.shqiperia.com\/blog\/wp-content\/uploads\/2023\/12\/800-0-6587258d8102c.jpg?fit=800%2C532&ssl=1&resize=350%2C200","width":350,"height":200,"srcset":"https:\/\/i0.wp.com\/www.shqiperia.com\/blog\/wp-content\/uploads\/2023\/12\/800-0-6587258d8102c.jpg?fit=800%2C532&ssl=1&resize=350%2C200 1x, https:\/\/i0.wp.com\/www.shqiperia.com\/blog\/wp-content\/uploads\/2023\/12\/800-0-6587258d8102c.jpg?fit=800%2C532&ssl=1&resize=525%2C300 1.5x, https:\/\/i0.wp.com\/www.shqiperia.com\/blog\/wp-content\/uploads\/2023\/12\/800-0-6587258d8102c.jpg?fit=800%2C532&ssl=1&resize=700%2C400 2x"},"classes":[]},{"id":75092,"url":"https:\/\/www.shqiperia.com\/blog\/mali-i-zi-zgjedh-kryetarin-e-ri-te-parlamentit-i-afert-me-ideologjine-e-levizjes-cetnike-cfare-ka-paralajmeruar-per-kosoven\/","url_meta":{"origin":84293,"position":5},"title":"Mali i Zi zgjedh kryetarin e ri t\u00eb Parlamentit, i af\u00ebrt me ideologjin\u00eb e l\u00ebvizjes \u00e7etnike. &#8211; \u00c7far\u00eb ka paralajm\u00ebruar p\u00ebr Kosov\u00ebn","author":"Kurt Farka","date":"October 31, 2023","format":false,"excerpt":"31 Tetor 2023 Andrija Mandiq \u00ebsht\u00eb kryetar i ri i Parlamentit t\u00eb Malit t\u00eb Zi dhe, nj\u00ebher\u00ebsh, an\u00ebtar i K\u00ebshillit p\u00ebr Mbrojtje dhe Siguri, i cili komandon Ushtrin\u00eb e Malit t\u00eb Zi. Ai \u00ebsht\u00eb udh\u00ebheq\u00ebs i Demokracis\u00eb s\u00eb Re Serbe \u2013 an\u00ebtare e Frontit Demokratik pro-serb dhe pro-rus (DF) \u2013\u2026","rel":"","context":"In &quot;Blogu i Udh\u00ebtarit&quot;","block_context":{"text":"Blogu i Udh\u00ebtarit","link":"https:\/\/www.shqiperia.com\/blog\/category\/blogu-i-udhetarit\/"},"img":{"alt_text":"","src":"https:\/\/i0.wp.com\/www.shqiperia.com\/blog\/wp-content\/uploads\/2023\/10\/01000000-0aff-0242-715e-08dbd96a30b8_w1023_r1_s-600x337-1.jpg?fit=600%2C337&ssl=1&resize=350%2C200","width":350,"height":200,"srcset":"https:\/\/i0.wp.com\/www.shqiperia.com\/blog\/wp-content\/uploads\/2023\/10\/01000000-0aff-0242-715e-08dbd96a30b8_w1023_r1_s-600x337-1.jpg?fit=600%2C337&ssl=1&resize=350%2C200 1x, https:\/\/i0.wp.com\/www.shqiperia.com\/blog\/wp-content\/uploads\/2023\/10\/01000000-0aff-0242-715e-08dbd96a30b8_w1023_r1_s-600x337-1.jpg?fit=600%2C337&ssl=1&resize=525%2C300 1.5x"},"classes":[]}],"_links":{"self":[{"href":"https:\/\/www.shqiperia.com\/blog\/wp-json\/wp\/v2\/posts\/84293","targetHints":{"allow":["GET"]}}],"collection":[{"href":"https:\/\/www.shqiperia.com\/blog\/wp-json\/wp\/v2\/posts"}],"about":[{"href":"https:\/\/www.shqiperia.com\/blog\/wp-json\/wp\/v2\/types\/post"}],"author":[{"embeddable":true,"href":"https:\/\/www.shqiperia.com\/blog\/wp-json\/wp\/v2\/users\/9"}],"replies":[{"embeddable":true,"href":"https:\/\/www.shqiperia.com\/blog\/wp-json\/wp\/v2\/comments?post=84293"}],"version-history":[{"count":1,"href":"https:\/\/www.shqiperia.com\/blog\/wp-json\/wp\/v2\/posts\/84293\/revisions"}],"predecessor-version":[{"id":84295,"href":"https:\/\/www.shqiperia.com\/blog\/wp-json\/wp\/v2\/posts\/84293\/revisions\/84295"}],"wp:featuredmedia":[{"embeddable":true,"href":"https:\/\/www.shqiperia.com\/blog\/wp-json\/wp\/v2\/media\/84294"}],"wp:attachment":[{"href":"https:\/\/www.shqiperia.com\/blog\/wp-json\/wp\/v2\/media?parent=84293"}],"wp:term":[{"taxonomy":"category","embeddable":true,"href":"https:\/\/www.shqiperia.com\/blog\/wp-json\/wp\/v2\/categories?post=84293"},{"taxonomy":"post_tag","embeddable":true,"href":"https:\/\/www.shqiperia.com\/blog\/wp-json\/wp\/v2\/tags?post=84293"}],"curies":[{"name":"wp","href":"https:\/\/api.w.org\/{rel}","templated":true}]}}