{"id":83475,"date":"2024-08-12T13:04:12","date_gmt":"2024-08-12T13:04:12","guid":{"rendered":"https:\/\/www.shqiperia.com\/blog\/?p=83475"},"modified":"2024-08-12T13:04:12","modified_gmt":"2024-08-12T13:04:12","slug":"duam-libra-shqip-shqiptaret-ne-bujanoc-protestojne-kunder-vucic","status":"publish","type":"post","link":"https:\/\/www.shqiperia.com\/blog\/duam-libra-shqip-shqiptaret-ne-bujanoc-protestojne-kunder-vucic\/","title":{"rendered":"\u201cDuam libra shqip!\u201d, shqiptar\u00ebt n\u00eb Bujanoc protestojn\u00eb kund\u00ebr Vu\u00e7i\u00e7"},"content":{"rendered":"<p><img data-recalc-dims=\"1\" loading=\"lazy\" decoding=\"async\" data-attachment-id=\"83476\" data-permalink=\"https:\/\/www.shqiperia.com\/blog\/duam-libra-shqip-shqiptaret-ne-bujanoc-protestojne-kunder-vucic\/shqiptar-serbi2-2\/\" data-orig-file=\"https:\/\/i0.wp.com\/www.shqiperia.com\/blog\/wp-content\/uploads\/2024\/08\/shqiptar-Serbi2-2.jpg?fit=551%2C357&amp;ssl=1\" data-orig-size=\"551,357\" data-comments-opened=\"1\" data-image-meta=\"{&quot;aperture&quot;:&quot;0&quot;,&quot;credit&quot;:&quot;Balkanweb Extra&quot;,&quot;camera&quot;:&quot;&quot;,&quot;caption&quot;:&quot;&quot;,&quot;created_timestamp&quot;:&quot;1723463084&quot;,&quot;copyright&quot;:&quot;&quot;,&quot;focal_length&quot;:&quot;0&quot;,&quot;iso&quot;:&quot;0&quot;,&quot;shutter_speed&quot;:&quot;0&quot;,&quot;title&quot;:&quot;&quot;,&quot;orientation&quot;:&quot;0&quot;}\" data-image-title=\"shqiptar-Serbi2 (2)\" data-image-description=\"\" data-image-caption=\"\" data-medium-file=\"https:\/\/i0.wp.com\/www.shqiperia.com\/blog\/wp-content\/uploads\/2024\/08\/shqiptar-Serbi2-2.jpg?fit=300%2C194&amp;ssl=1\" data-large-file=\"https:\/\/i0.wp.com\/www.shqiperia.com\/blog\/wp-content\/uploads\/2024\/08\/shqiptar-Serbi2-2.jpg?fit=551%2C357&amp;ssl=1\" class=\"alignnone  wp-image-83476\" alt=\"\" src=\"https:\/\/i0.wp.com\/www.shqiperia.com\/blog\/wp-content\/uploads\/2024\/08\/shqiptar-Serbi2-2.jpg?resize=782%2C506&#038;ssl=1\" width=\"782\" height=\"506\" srcset=\"https:\/\/i0.wp.com\/www.shqiperia.com\/blog\/wp-content\/uploads\/2024\/08\/shqiptar-Serbi2-2.jpg?resize=300%2C194&amp;ssl=1 300w, https:\/\/i0.wp.com\/www.shqiperia.com\/blog\/wp-content\/uploads\/2024\/08\/shqiptar-Serbi2-2.jpg?resize=450%2C292&amp;ssl=1 450w, https:\/\/i0.wp.com\/www.shqiperia.com\/blog\/wp-content\/uploads\/2024\/08\/shqiptar-Serbi2-2.jpg?resize=400%2C259&amp;ssl=1 400w, https:\/\/i0.wp.com\/www.shqiperia.com\/blog\/wp-content\/uploads\/2024\/08\/shqiptar-Serbi2-2.jpg?w=551&amp;ssl=1 551w\" sizes=\"auto, (max-width: 782px) 100vw, 782px\" \/><\/p>\n<p>12 Gusht 2024<\/p>\n<p>Ka nisur protesta e shqiptar\u00ebve t\u00eb Lugin\u00ebs s\u00eb Preshev\u00ebs, kund\u00ebr diskriminimit nga Beogradi.<\/p>\n<p>N\u00eb pamjet e d\u00ebrguara nga T\u00ebV\u00eb1 shihen nj\u00eb num\u00ebr i madh i protestuesve me pankarta, \u201cDUAM LIBRA SHQIP!\u201d, \u201cGJINEKOLOGJIA P\u00cbR GRAT\u00cb SHQIPTARE \u2013 KUJDES SH\u00cbNDET\u00cbSOR PA DISKRIMINIM GJUH\u00cbSOR!\u201d.<\/p>\n<p>Ndryshe, kjo protest\u00eb po mbahet kund\u00ebr shtypjes dhe diskriminimit q\u00eb po ushtrohet ndaj shqiptar\u00ebve nga autoritetet serbe.<\/p>\n<p>Kryetarja e Komun\u00ebs s\u00eb Preshev\u00ebs, Ardita Sinani, u ka b\u00ebr\u00eb thirrje shqiptar\u00ebve t\u00eb Lugin\u00ebs q\u00eb t\u00eb dalin p\u00ebr t\u00eb protestuar.<\/p>\n<p>Sinani ka theksuar se do t\u00eb protestohet kund\u00ebr shtypjes e diskriminimit q\u00eb u b\u00ebhet shqiptar\u00ebve n\u00eb Lugin\u00eb nga Beogradi.<\/p>\n<div class=\"\" id=\"MDA34416\" data-adid=\"mdabalkanweb121885\" data-netid=\"137356148\" data-sizes=\"300x250\" data-google-query-id=\"CKnh8YzB74cDFeEaBgAdGT8O2w\">\n<div id=\"google_ads_iframe_\/137356148\/mdabalkanweb121885_0__container__\"><strong>Balkanweb<\/strong><\/div>\n<\/div>\n","protected":false},"excerpt":{"rendered":"<p>12 Gusht 2024 Ka nisur protesta e shqiptar\u00ebve t\u00eb Lugin\u00ebs s\u00eb Preshev\u00ebs, kund\u00ebr diskriminimit nga Beogradi. N\u00eb pamjet e d\u00ebrguara nga T\u00ebV\u00eb1 shihen nj\u00eb num\u00ebr i madh i protestuesve me pankarta, \u201cDUAM LIBRA SHQIP!\u201d, \u201cGJINEKOLOGJIA P\u00cbR GRAT\u00cb SHQIPTARE \u2013 KUJDES SH\u00cbNDET\u00cbSOR PA DISKRIMINIM GJUH\u00cbSOR!\u201d. Ndryshe, kjo protest\u00eb po mbahet kund\u00ebr shtypjes dhe diskriminimit q\u00eb po [&hellip;]<\/p>\n","protected":false},"author":9,"featured_media":83476,"comment_status":"open","ping_status":"open","sticky":false,"template":"","format":"standard","meta":{"jetpack_post_was_ever_published":false,"_jetpack_newsletter_access":"","_jetpack_dont_email_post_to_subs":false,"_jetpack_newsletter_tier_id":0,"_jetpack_memberships_contains_paywalled_content":false,"_jetpack_memberships_contains_paid_content":false,"footnotes":"","jetpack_publicize_message":"","jetpack_publicize_feature_enabled":true,"jetpack_social_post_already_shared":true,"jetpack_social_options":{"image_generator_settings":{"template":"highway","default_image_id":0,"font":"","enabled":false},"version":2}},"categories":[27,1,35],"tags":[],"class_list":["post-83475","post","type-post","status-publish","format-standard","has-post-thumbnail","hentry","category-blogu-i-udhetarit","category-njoftime-shtypi","category-shoqerore"],"jetpack_publicize_connections":[],"jetpack_featured_media_url":"https:\/\/i0.wp.com\/www.shqiperia.com\/blog\/wp-content\/uploads\/2024\/08\/shqiptar-Serbi2-2.jpg?fit=551%2C357&ssl=1","jetpack_sharing_enabled":true,"jetpack_shortlink":"https:\/\/wp.me\/p5Z6wp-lIn","jetpack-related-posts":[{"id":84391,"url":"https:\/\/www.shqiperia.com\/blog\/marsho-per-identitet-dhe-dinjitet-komuniteti-shqiptar-ne-presheve-paralajmeron-proteste-kunder-diskriminimit-nga-serbia\/","url_meta":{"origin":83475,"position":0},"title":"\u201cMarsho p\u00ebr identitet dhe dinjitet\u201d\/ Komuniteti shqiptar n\u00eb Preshev\u00eb paralajm\u00ebron protest\u00eb kund\u00ebr diskriminimit nga Serbia","author":"Kurt Farka","date":"September 12, 2024","format":false,"excerpt":"12 Shkurt 2024 M\u00eb 23 shtator, nga ora 13:00, n\u00eb Preshev\u00eb do t\u00eb zhvillohet protesta me moton \u201cMarsho p\u00ebr identitet dhe dinjitet\u201d. Kjo protest\u00eb \u00ebsht\u00eb njoftuar sot nga kryetarja e komun\u00ebs s\u00eb Preshev\u00ebs, Ardita Sinani, e cila b\u00ebri t\u00eb ditur se marshimi do t\u00eb nis\u00eb nga stadiumi i qytetit dhe\u2026","rel":"","context":"In &quot;Blogu i Udh\u00ebtarit&quot;","block_context":{"text":"Blogu i Udh\u00ebtarit","link":"https:\/\/www.shqiperia.com\/blog\/category\/blogu-i-udhetarit\/"},"img":{"alt_text":"","src":"https:\/\/i0.wp.com\/www.shqiperia.com\/blog\/wp-content\/uploads\/2024\/09\/hjjghjh-682x450-1.jpg?fit=682%2C450&ssl=1&resize=350%2C200","width":350,"height":200,"srcset":"https:\/\/i0.wp.com\/www.shqiperia.com\/blog\/wp-content\/uploads\/2024\/09\/hjjghjh-682x450-1.jpg?fit=682%2C450&ssl=1&resize=350%2C200 1x, https:\/\/i0.wp.com\/www.shqiperia.com\/blog\/wp-content\/uploads\/2024\/09\/hjjghjh-682x450-1.jpg?fit=682%2C450&ssl=1&resize=525%2C300 1.5x"},"classes":[]},{"id":78663,"url":"https:\/\/www.shqiperia.com\/blog\/shaip-kamberi-takon-vucicin-nuk-duam-pozite-ne-qeveri-duam-te-drejta-me-shume-per-shqiptaret\/","url_meta":{"origin":83475,"position":1},"title":"Shaip Kamberi takon Vu\u00e7i\u00e7in: Nuk duam pozit\u00eb n\u00eb qeveri, duam t\u00eb drejta m\u00eb shum\u00eb p\u00ebr shqiptar\u00ebt","author":"Kurt Farka","date":"February 26, 2024","format":false,"excerpt":"26 Shkurt 2024 Deputeti i vet\u00ebm shqiptar n\u00eb parlamentin e Serbis\u00eb, Shaip Kamberi \u00ebsht\u00eb takuar m\u00ebngjesin e sot\u00ebm me kryeministrin serb, Vu\u00e7i\u00e7. Kamberi i ka prezantuar kryeministrit t\u00eb Serbis\u00eb disa k\u00ebrkesa p\u00ebr shqiptar\u00ebt, nd\u00ebrsa i ka b\u00ebr\u00eb me dije se nuk jan\u00eb t\u00eb interesuar p\u00ebr asnj\u00eb pozit\u00eb n\u00eb nivel q\u00ebndror.\u2026","rel":"","context":"In &quot;Blogu i Udh\u00ebtarit&quot;","block_context":{"text":"Blogu i Udh\u00ebtarit","link":"https:\/\/www.shqiperia.com\/blog\/category\/blogu-i-udhetarit\/"},"img":{"alt_text":"","src":"https:\/\/i0.wp.com\/www.shqiperia.com\/blog\/wp-content\/uploads\/2024\/02\/640-0-cd9d4b6f4436ab0d6288ce9011bfcd92.jpeg?fit=640%2C427&ssl=1&resize=350%2C200","width":350,"height":200,"srcset":"https:\/\/i0.wp.com\/www.shqiperia.com\/blog\/wp-content\/uploads\/2024\/02\/640-0-cd9d4b6f4436ab0d6288ce9011bfcd92.jpeg?fit=640%2C427&ssl=1&resize=350%2C200 1x, https:\/\/i0.wp.com\/www.shqiperia.com\/blog\/wp-content\/uploads\/2024\/02\/640-0-cd9d4b6f4436ab0d6288ce9011bfcd92.jpeg?fit=640%2C427&ssl=1&resize=525%2C300 1.5x"},"classes":[]},{"id":76430,"url":"https:\/\/www.shqiperia.com\/blog\/shaip-kamberi-fiton-nje-mandat-tjeter-si-deputet-ne-parlamentin-serb\/","url_meta":{"origin":83475,"position":2},"title":"Shaip Kamberi fiton nj\u00eb mandat tjet\u00ebr si deputet n\u00eb Parlamentin Serb","author":"Kurt Farka","date":"December 17, 2023","format":false,"excerpt":"17 Dhjetor 2023 Shaip Kamberi, udh\u00ebheq\u00ebs i Partis\u00eb p\u00ebr Veprim Demokratik, raportohet se ka fituar edhe nj\u00eb mandat tjet\u00ebr t\u00eb p\u00ebrfaq\u00ebsimit t\u00eb shqiptar\u00ebve t\u00eb Lugin\u00ebs s\u00eb Preshev\u00ebs n\u00eb Kuvendin e Serbis\u00eb. Sipas mediave n\u00eb Preshev\u00eb, Kamberi ka arritur votat e mjaftueshme q\u00eb t\u00eb b\u00ebhet deputet n\u00eb Parlamentin e Serbis\u00eb s\u00ebrish.\u2026","rel":"","context":"In &quot;Blogu i Udh\u00ebtarit&quot;","block_context":{"text":"Blogu i Udh\u00ebtarit","link":"https:\/\/www.shqiperia.com\/blog\/category\/blogu-i-udhetarit\/"},"img":{"alt_text":"","src":"https:\/\/i0.wp.com\/www.shqiperia.com\/blog\/wp-content\/uploads\/2023\/12\/shuaip-kamberi.jpg?fit=600%2C360&ssl=1&resize=350%2C200","width":350,"height":200,"srcset":"https:\/\/i0.wp.com\/www.shqiperia.com\/blog\/wp-content\/uploads\/2023\/12\/shuaip-kamberi.jpg?fit=600%2C360&ssl=1&resize=350%2C200 1x, https:\/\/i0.wp.com\/www.shqiperia.com\/blog\/wp-content\/uploads\/2023\/12\/shuaip-kamberi.jpg?fit=600%2C360&ssl=1&resize=525%2C300 1.5x"},"classes":[]},{"id":10494,"url":"https:\/\/www.shqiperia.com\/blog\/problemi-me-mustafa-nanon-nuk-eshte-pse-mendojme-ndryshe\/","url_meta":{"origin":83475,"position":3},"title":"Problemi me Mustafa Nanon nuk \u00ebsht\u00eb pse \u201cmendojm\u00eb ndryshe\u201d. &#8211;","author":"Kurt Farka","date":"August 1, 2018","format":false,"excerpt":"Problemi me Mustafa Nanon nuk \u00ebsht\u00eb pse \u201cmendojm\u00eb ndryshe\u201d. - Nga Bardhyl Mahmuti* Pas reagimeve ndaj q\u00ebndrimeve politike t\u00eb Mustafa Nanos n\u00eb Beograd, mediat njoftuan se, n\u00eb nj\u00eb intervist\u00eb p\u00ebr gazet\u00ebn Panorama, ai \u201cu \u00ebsht\u00eb p\u00ebrgjigjur atyre q\u00eb e quajn\u00eb antishqiptar\u201d. N\u00eb k\u00ebt\u00eb shkrim nuk do t\u00eb p\u00ebrfshihen gj\u00ebrat q\u00eb\u2026","rel":"","context":"In &quot;Blogu i Udh\u00ebtarit&quot;","block_context":{"text":"Blogu i Udh\u00ebtarit","link":"https:\/\/www.shqiperia.com\/blog\/category\/blogu-i-udhetarit\/"},"img":{"alt_text":"","src":"https:\/\/i0.wp.com\/www.shqiperia.com\/blog\/wp-content\/uploads\/2018\/08\/Mustafa-Nano.png?fit=620%2C364&ssl=1&resize=350%2C200","width":350,"height":200,"srcset":"https:\/\/i0.wp.com\/www.shqiperia.com\/blog\/wp-content\/uploads\/2018\/08\/Mustafa-Nano.png?fit=620%2C364&ssl=1&resize=350%2C200 1x, https:\/\/i0.wp.com\/www.shqiperia.com\/blog\/wp-content\/uploads\/2018\/08\/Mustafa-Nano.png?fit=620%2C364&ssl=1&resize=525%2C300 1.5x"},"classes":[]},{"id":64215,"url":"https:\/\/www.shqiperia.com\/blog\/shqiptaret-i-duhen-skocise-habit-prifti-anglez-ndihmojini-jepuni-leje-pune\/","url_meta":{"origin":83475,"position":4},"title":"\u201cShqiptar\u00ebt i duhen Skocis\u00eb\u201d\/ Habit prifti anglez: &#8211; Ndihmojini, jepuni leje pune","author":"Kurt Farka","date":"November 12, 2022","format":false,"excerpt":"12 Nentor 2022 Retorika e deputet\u00ebve konservator\u00eb anglez\u00eb\u00a0 dhe vet\u00eb ministres Suela Braverman ndaj shqiptar\u00ebve q\u00eb mb\u00ebrrin me gomone \u00ebsht\u00eb shpalosur e ashp\u00ebr n\u00eb kufijt\u00eb e racizmit e diskriminimit. Ndryshe nga deklarimet e tyre se \u201ckriminel\u00ebt shqiptar\u00eb po pushtojn\u00eb Anglin\u00eb\u201d \u00a0kreu kish\u00ebs n\u00eb qytez\u00ebn Manston ku mbahen emigrant\u00ebt n\u00eb nj\u00eb\u2026","rel":"","context":"In &quot;Blogu i Udh\u00ebtarit&quot;","block_context":{"text":"Blogu i Udh\u00ebtarit","link":"https:\/\/www.shqiperia.com\/blog\/category\/blogu-i-udhetarit\/"},"img":{"alt_text":"","src":"https:\/\/i0.wp.com\/www.shqiperia.com\/blog\/wp-content\/uploads\/2022\/11\/640-0-099a3491d05d1ce1282269442f533171.png?fit=640%2C360&ssl=1&resize=350%2C200","width":350,"height":200,"srcset":"https:\/\/i0.wp.com\/www.shqiperia.com\/blog\/wp-content\/uploads\/2022\/11\/640-0-099a3491d05d1ce1282269442f533171.png?fit=640%2C360&ssl=1&resize=350%2C200 1x, https:\/\/i0.wp.com\/www.shqiperia.com\/blog\/wp-content\/uploads\/2022\/11\/640-0-099a3491d05d1ce1282269442f533171.png?fit=640%2C360&ssl=1&resize=525%2C300 1.5x"},"classes":[]},{"id":10741,"url":"https:\/\/www.shqiperia.com\/blog\/rovena-vata-trashegimia-kulturore-jomateriale-shpirterore-e-lugines-se-presheves-dhe-viseve-shqiptare\/","url_meta":{"origin":83475,"position":5},"title":"Rovena VATA : \u201cTrash\u00ebgimia kulturore jomateriale shpirt\u00ebrore e Lugin\u00ebs s\u00eb Preshev\u00ebs dhe viseve shqiptare\u201d. &#8211;","author":"Kurt Farka","date":"August 10, 2018","format":false,"excerpt":"Rovena VATA : \u201cTrash\u00ebgimia kulturore jomateriale shpirt\u00ebrore e Lugin\u00ebs s\u00eb Preshev\u00ebs dhe viseve shqiptare\u201d. - Nga Dr. Rovena VATA Shoqata p\u00ebr Trash\u00ebgimi dhe Krijimtari Kulturore e Lugin\u00ebs s\u00eb Preshev\u00ebs, me seli n\u00eb Preshev\u00eb, n\u00eb datat 6 dhe 7 korrik 2018, organizoi Konferenc\u00ebn Shkencore Mbar\u00ebshqiptare me tem\u00eb bosht: \u201cTrash\u00ebgimia kulturore jomateriale\u2026","rel":"","context":"In &quot;Blogu i Udh\u00ebtarit&quot;","block_context":{"text":"Blogu i Udh\u00ebtarit","link":"https:\/\/www.shqiperia.com\/blog\/category\/blogu-i-udhetarit\/"},"img":{"alt_text":"","src":"https:\/\/i0.wp.com\/www.shqiperia.com\/blog\/wp-content\/uploads\/2018\/08\/Vallja-e-Presheves.jpg?fit=1200%2C675&ssl=1&resize=350%2C200","width":350,"height":200,"srcset":"https:\/\/i0.wp.com\/www.shqiperia.com\/blog\/wp-content\/uploads\/2018\/08\/Vallja-e-Presheves.jpg?fit=1200%2C675&ssl=1&resize=350%2C200 1x, https:\/\/i0.wp.com\/www.shqiperia.com\/blog\/wp-content\/uploads\/2018\/08\/Vallja-e-Presheves.jpg?fit=1200%2C675&ssl=1&resize=525%2C300 1.5x, https:\/\/i0.wp.com\/www.shqiperia.com\/blog\/wp-content\/uploads\/2018\/08\/Vallja-e-Presheves.jpg?fit=1200%2C675&ssl=1&resize=700%2C400 2x, https:\/\/i0.wp.com\/www.shqiperia.com\/blog\/wp-content\/uploads\/2018\/08\/Vallja-e-Presheves.jpg?fit=1200%2C675&ssl=1&resize=1050%2C600 3x"},"classes":[]}],"_links":{"self":[{"href":"https:\/\/www.shqiperia.com\/blog\/wp-json\/wp\/v2\/posts\/83475","targetHints":{"allow":["GET"]}}],"collection":[{"href":"https:\/\/www.shqiperia.com\/blog\/wp-json\/wp\/v2\/posts"}],"about":[{"href":"https:\/\/www.shqiperia.com\/blog\/wp-json\/wp\/v2\/types\/post"}],"author":[{"embeddable":true,"href":"https:\/\/www.shqiperia.com\/blog\/wp-json\/wp\/v2\/users\/9"}],"replies":[{"embeddable":true,"href":"https:\/\/www.shqiperia.com\/blog\/wp-json\/wp\/v2\/comments?post=83475"}],"version-history":[{"count":1,"href":"https:\/\/www.shqiperia.com\/blog\/wp-json\/wp\/v2\/posts\/83475\/revisions"}],"predecessor-version":[{"id":83477,"href":"https:\/\/www.shqiperia.com\/blog\/wp-json\/wp\/v2\/posts\/83475\/revisions\/83477"}],"wp:featuredmedia":[{"embeddable":true,"href":"https:\/\/www.shqiperia.com\/blog\/wp-json\/wp\/v2\/media\/83476"}],"wp:attachment":[{"href":"https:\/\/www.shqiperia.com\/blog\/wp-json\/wp\/v2\/media?parent=83475"}],"wp:term":[{"taxonomy":"category","embeddable":true,"href":"https:\/\/www.shqiperia.com\/blog\/wp-json\/wp\/v2\/categories?post=83475"},{"taxonomy":"post_tag","embeddable":true,"href":"https:\/\/www.shqiperia.com\/blog\/wp-json\/wp\/v2\/tags?post=83475"}],"curies":[{"name":"wp","href":"https:\/\/api.w.org\/{rel}","templated":true}]}}