{"id":83440,"date":"2024-08-11T10:15:16","date_gmt":"2024-08-11T10:15:16","guid":{"rendered":"https:\/\/www.shqiperia.com\/blog\/?p=83440"},"modified":"2024-08-11T10:15:16","modified_gmt":"2024-08-11T10:15:16","slug":"vatra-e-zjarrit-ne-malin-e-thate-flaket-rrezikojne-parkun-kombetar-te-prespes","status":"publish","type":"post","link":"https:\/\/www.shqiperia.com\/blog\/vatra-e-zjarrit-ne-malin-e-thate-flaket-rrezikojne-parkun-kombetar-te-prespes\/","title":{"rendered":"Vatra e zjarrit n\u00eb \u201cMalin e That\u00eb\u201d, flak\u00ebt rrezikojn\u00eb Parkun Komb\u00ebtar t\u00eb Presp\u00ebs"},"content":{"rendered":"<p><img data-recalc-dims=\"1\" loading=\"lazy\" decoding=\"async\" data-attachment-id=\"83441\" data-permalink=\"https:\/\/www.shqiperia.com\/blog\/vatra-e-zjarrit-ne-malin-e-thate-flaket-rrezikojne-parkun-kombetar-te-prespes\/640-0-1723362489xzjarr-4-770x361-705\/\" data-orig-file=\"https:\/\/i0.wp.com\/www.shqiperia.com\/blog\/wp-content\/uploads\/2024\/08\/640-0-1723362489xzjarr-4-770x361-705.jpg?fit=593%2C300&amp;ssl=1\" data-orig-size=\"593,300\" data-comments-opened=\"1\" data-image-meta=\"{&quot;aperture&quot;:&quot;0&quot;,&quot;credit&quot;:&quot;&quot;,&quot;camera&quot;:&quot;&quot;,&quot;caption&quot;:&quot;&quot;,&quot;created_timestamp&quot;:&quot;0&quot;,&quot;copyright&quot;:&quot;&quot;,&quot;focal_length&quot;:&quot;0&quot;,&quot;iso&quot;:&quot;0&quot;,&quot;shutter_speed&quot;:&quot;0&quot;,&quot;title&quot;:&quot;&quot;,&quot;orientation&quot;:&quot;0&quot;}\" data-image-title=\"640-0-1723362489xzjarr-4-770&#215;361-705\" data-image-description=\"\" data-image-caption=\"\" data-medium-file=\"https:\/\/i0.wp.com\/www.shqiperia.com\/blog\/wp-content\/uploads\/2024\/08\/640-0-1723362489xzjarr-4-770x361-705.jpg?fit=300%2C152&amp;ssl=1\" data-large-file=\"https:\/\/i0.wp.com\/www.shqiperia.com\/blog\/wp-content\/uploads\/2024\/08\/640-0-1723362489xzjarr-4-770x361-705.jpg?fit=593%2C300&amp;ssl=1\" class=\"alignnone  wp-image-83441\" alt=\"\" src=\"https:\/\/i0.wp.com\/www.shqiperia.com\/blog\/wp-content\/uploads\/2024\/08\/640-0-1723362489xzjarr-4-770x361-705.jpg?resize=614%2C311&#038;ssl=1\" width=\"614\" height=\"311\" srcset=\"https:\/\/i0.wp.com\/www.shqiperia.com\/blog\/wp-content\/uploads\/2024\/08\/640-0-1723362489xzjarr-4-770x361-705.jpg?resize=300%2C152&amp;ssl=1 300w, https:\/\/i0.wp.com\/www.shqiperia.com\/blog\/wp-content\/uploads\/2024\/08\/640-0-1723362489xzjarr-4-770x361-705.jpg?resize=450%2C228&amp;ssl=1 450w, https:\/\/i0.wp.com\/www.shqiperia.com\/blog\/wp-content\/uploads\/2024\/08\/640-0-1723362489xzjarr-4-770x361-705.jpg?resize=400%2C202&amp;ssl=1 400w, https:\/\/i0.wp.com\/www.shqiperia.com\/blog\/wp-content\/uploads\/2024\/08\/640-0-1723362489xzjarr-4-770x361-705.jpg?w=593&amp;ssl=1 593w\" sizes=\"auto, (max-width: 614px) 100vw, 614px\" \/><\/p>\n<p>11 Gusht 2024<\/p>\n<p>Vatra e zjarrit n\u00eb \u201cMalin e That\u00eb\u201d vijon ende aktive p\u00ebr gati 5 dit\u00eb rresht, ku flak\u00ebt rrezikojn\u00eb Parkun Komb\u00ebtar t\u00eb Presp\u00ebs.<\/p>\n<p>Drejtori i p\u00ebrgjithsh\u00ebm i DPMZSH, Arben Cara dhe prefekti i qarkut t\u00eb Kor\u00e7\u00ebs Nertil Jole kan\u00eb qen\u00eb s\u00eb bashku n\u00eb terren p\u00ebr t\u00eb par\u00eb nga af\u00ebr situat\u00ebn e zjarrit. Cara tha se zjarri favorizohet dhe nga era, e cila p\u00ebrhap flak\u00ebt.<\/p>\n<p><em>\u201cSituata vazhdon me vatr\u00ebn e zjarrit aktive prej 5 dit\u00ebsh, edhe pse kemi nd\u00ebrhyr\u00eb nga toka dhe ajri, duke qen\u00eb se shtrirja \u00ebsht\u00eb me nj\u00eb perimet\u00ebr shum\u00eb t\u00eb gjat\u00eb, mbetet aktive por me p\u00ebrmasa jo shum\u00eb t\u00eb m\u00ebdha. Ajo \u00e7far\u00eb na b\u00ebn t\u00eb vazhdoj\u00eb \u00ebsht\u00eb se kemi t\u00eb b\u00ebjm\u00eb me nj\u00eb sip\u00ebrfaqe shkurre, ferra, bar t\u00eb that\u00eb, t\u00eb cil\u00ebn \u00ebsht\u00eb e pamundur ta menaxhosh me mjete rrethanore dhe p\u00ebr k\u00ebt\u00eb arsye, dje kemi aktivizuar helikopterin \u201cCoogar\u201d i cili ka punuar p\u00ebr nj\u00eb koh\u00eb t\u00eb gjat\u00eb dhe ka b\u00ebr\u00eb t\u00eb mundur mbylljen e nj\u00eb vatre zjarri me perimet\u00ebr goxha t\u00eb gjer\u00eb.<\/em><\/p>\n<p><em>Presim dhe dit\u00ebn e sotme sipas situat\u00ebs, pasi forcat operacionale t\u00eb mb\u00ebrrijn\u00eb n\u00eb vendin e ngjarjes, ku do na japin dhe nj\u00eb informacion m\u00eb t\u00eb detajuar q\u00eb t\u00eb v\u00ebm\u00eb n\u00eb l\u00ebvizje p\u00ebrs\u00ebri helikopterin, dhe p\u00ebr ta mbajtur n\u00ebn kontroll situat\u00ebn. Dit\u00ebn e sotme q\u00eb n\u00eb or\u00ebt e para t\u00eb m\u00ebngjesit kemi aktivizuar rreth 80 forca operacionale nga MZSH, tre bashkit\u00eb Kor\u00e7\u00eb, Maliq, Pogradec, n\u00eb ndihm\u00eb t\u00eb bashkis\u00eb Pustec pran\u00eb zjarrfik\u00ebsve t\u00eb Pustecit, forca operacionale nga ushtria, agjencia e zonave t\u00eb mbrojtura, forca t\u00eb emergjencave civile t\u00eb cilat aktualisht jan\u00eb duke shkuar tek vatra e zjarrit e cila k\u00ebrkon t\u00eb pakt\u00ebn nj\u00eb koh\u00eb minimumi prej tre or\u00ebsh n\u00eb k\u00ebmb\u00eb.<\/em><\/p>\n<p><em>Pasi forcat operacionale t\u00eb dislokohen, t\u00eb shohin situat\u00ebn n\u00eb vendin e ngjarjes, do t\u00eb na japin nj\u00eb informacion t\u00eb detajuar sa i p\u00ebrket zhvillimit t\u00eb k\u00ebsaj vatre dhe m\u00eb pas do merret nj\u00eb vendim n\u00ebse do t\u00eb k\u00ebrkohet nj\u00eb nd\u00ebrhyrje e specializuar nga ajri ashtu si edhe dit\u00ebn e djeshme e kemi b\u00ebr\u00eb, apo \u00ebsht\u00eb e mundur t\u00eb lokalizohet brenda dit\u00ebs s\u00eb sotme deri n\u00eb or\u00ebt e vona t\u00eb dark\u00ebs. N\u00ebse era do t\u00eb na favorizoj\u00eb q\u00eb t\u00eb mos jet\u00eb aktive gjat\u00eb dit\u00ebs, situata e zjarrit mund t\u00eb nd\u00ebrpritet dhe mali i Presp\u00ebs mos preket nga vatra e zjarrit. N\u00ebse era do ta favorizoj\u00eb \u00ebsht\u00eb e mundur q\u00eb zjarri mund t\u00eb dep\u00ebrtoj\u00eb n\u00eb Presp\u00eb e cila \u00ebsht\u00eb dhe zon\u00eb e mbrojtur, por drejtuesit e strukturave operacionale do t\u00eb b\u00ebjn\u00eb vler\u00ebsimin n\u00eb m\u00ebnyr\u00eb q\u00eb t\u00eb aktivizojn\u00eb nd\u00ebrhyrjen nga ajri q\u00eb zjarri mos dep\u00ebrtoj\u00eb n\u00eb malin e Presp\u00ebs pasi do t\u00eb na krijonte probleme m\u00eb t\u00eb m\u00ebdha sa i p\u00ebrket lokalizimit dhe menaxhimit t\u00eb saj.\u201d,<\/em>\u00a0tha Cara.<\/p>\n","protected":false},"excerpt":{"rendered":"<p>11 Gusht 2024 Vatra e zjarrit n\u00eb \u201cMalin e That\u00eb\u201d vijon ende aktive p\u00ebr gati 5 dit\u00eb rresht, ku flak\u00ebt rrezikojn\u00eb Parkun Komb\u00ebtar t\u00eb Presp\u00ebs. Drejtori i p\u00ebrgjithsh\u00ebm i DPMZSH, Arben Cara dhe prefekti i qarkut t\u00eb Kor\u00e7\u00ebs Nertil Jole kan\u00eb qen\u00eb s\u00eb bashku n\u00eb terren p\u00ebr t\u00eb par\u00eb nga af\u00ebr situat\u00ebn e zjarrit. Cara [&hellip;]<\/p>\n","protected":false},"author":9,"featured_media":83441,"comment_status":"open","ping_status":"open","sticky":false,"template":"","format":"standard","meta":{"jetpack_post_was_ever_published":false,"_jetpack_newsletter_access":"","_jetpack_dont_email_post_to_subs":false,"_jetpack_newsletter_tier_id":0,"_jetpack_memberships_contains_paywalled_content":false,"_jetpack_memberships_contains_paid_content":false,"footnotes":"","jetpack_publicize_message":"","jetpack_publicize_feature_enabled":true,"jetpack_social_post_already_shared":true,"jetpack_social_options":{"image_generator_settings":{"template":"highway","default_image_id":0,"font":"","enabled":false},"version":2}},"categories":[27,1,35],"tags":[],"class_list":["post-83440","post","type-post","status-publish","format-standard","has-post-thumbnail","hentry","category-blogu-i-udhetarit","category-njoftime-shtypi","category-shoqerore"],"jetpack_publicize_connections":[],"jetpack_featured_media_url":"https:\/\/i0.wp.com\/www.shqiperia.com\/blog\/wp-content\/uploads\/2024\/08\/640-0-1723362489xzjarr-4-770x361-705.jpg?fit=593%2C300&ssl=1","jetpack_sharing_enabled":true,"jetpack_shortlink":"https:\/\/wp.me\/p5Z6wp-lHO","jetpack-related-posts":[{"id":49508,"url":"https:\/\/www.shqiperia.com\/blog\/vater-zjarri-ne-malin-e-thate-ne-pogradec-punonjesit-e-zonave-te-mbrojtura-ne-lufte-me-flaket\/","url_meta":{"origin":83440,"position":0},"title":"Vat\u00ebr zjarri n\u00eb Malin e That\u00eb n\u00eb Pogradec, punonj\u00ebsit e Zonave t\u00eb Mbrojtura n\u00eb \u201cluft\u00eb\u201d me flak\u00ebt","author":"Kurt Farka","date":"August 31, 2021","format":false,"excerpt":"Vat\u00ebr zjarri n\u00eb Malin e That\u00eb n\u00eb Pogradec, punonj\u00ebsit e Zonave t\u00eb Mbrojtura n\u00eb \u201cluft\u00eb\u201d me flak\u00ebt - 31.08.21 Punonj\u00ebsit e Zonave t\u00eb Mbrojtura jan\u00eb nisur q\u00eb prej m\u00ebngjesit operacionin p\u00ebr fikjen e zjarrit n\u00eb Malin e That\u00eb. Gazetarja Lorena Kodra, raporton, se nj\u00eb sip\u00ebrfaqe kullot\u00eb \u00ebsht\u00eb djegur, e paraprakisht\u2026","rel":"","context":"In &quot;Njoftime Shtypi&quot;","block_context":{"text":"Njoftime Shtypi","link":"https:\/\/www.shqiperia.com\/blog\/category\/njoftime-shtypi\/"},"img":{"alt_text":"","src":"https:\/\/i0.wp.com\/www.shqiperia.com\/blog\/wp-content\/uploads\/2021\/08\/Screenshot_13-16.png?fit=916%2C470&ssl=1&resize=350%2C200","width":350,"height":200,"srcset":"https:\/\/i0.wp.com\/www.shqiperia.com\/blog\/wp-content\/uploads\/2021\/08\/Screenshot_13-16.png?fit=916%2C470&ssl=1&resize=350%2C200 1x, https:\/\/i0.wp.com\/www.shqiperia.com\/blog\/wp-content\/uploads\/2021\/08\/Screenshot_13-16.png?fit=916%2C470&ssl=1&resize=525%2C300 1.5x, https:\/\/i0.wp.com\/www.shqiperia.com\/blog\/wp-content\/uploads\/2021\/08\/Screenshot_13-16.png?fit=916%2C470&ssl=1&resize=700%2C400 2x"},"classes":[]},{"id":82456,"url":"https:\/\/www.shqiperia.com\/blog\/zjarri-ne-llogara-flaket-po-favorizohen-nga-era\/","url_meta":{"origin":83440,"position":1},"title":"Zjarri n\u00eb Llogara: &#8211; Flak\u00ebt po favorizohen nga era","author":"Kurt Farka","date":"July 4, 2024","format":false,"excerpt":"5 Korrik 2024 Zjarri n\u00eb Qaf\u00ebn e Llogoras\u00eb vijon t\u00eb jet\u00eb ende aktiv, nd\u00ebrsa flak\u00ebt po favorizohen edhe nga era. K\u00ebshtu deklaroi p\u00ebr mediat drejtori i Sh\u00ebrbimit Zjarrfik\u00ebs, Arben Cara i cili tha se nga ana tjet\u00ebr, vatra e zjarrit n\u00eb Dh\u00ebrmi \u00ebsht\u00eb v\u00ebn\u00eb n\u00ebn kontroll. Sipas Car\u00ebs, n\u00eb Qaf\u00ebn\u2026","rel":"","context":"In &quot;Blogu i Udh\u00ebtarit&quot;","block_context":{"text":"Blogu i Udh\u00ebtarit","link":"https:\/\/www.shqiperia.com\/blog\/category\/blogu-i-udhetarit\/"},"img":{"alt_text":"","src":"https:\/\/i0.wp.com\/www.shqiperia.com\/blog\/wp-content\/uploads\/2024\/07\/njoftim_sd.jpg?fit=1200%2C675&ssl=1&resize=350%2C200","width":350,"height":200,"srcset":"https:\/\/i0.wp.com\/www.shqiperia.com\/blog\/wp-content\/uploads\/2024\/07\/njoftim_sd.jpg?fit=1200%2C675&ssl=1&resize=350%2C200 1x, https:\/\/i0.wp.com\/www.shqiperia.com\/blog\/wp-content\/uploads\/2024\/07\/njoftim_sd.jpg?fit=1200%2C675&ssl=1&resize=525%2C300 1.5x, https:\/\/i0.wp.com\/www.shqiperia.com\/blog\/wp-content\/uploads\/2024\/07\/njoftim_sd.jpg?fit=1200%2C675&ssl=1&resize=700%2C400 2x, https:\/\/i0.wp.com\/www.shqiperia.com\/blog\/wp-content\/uploads\/2024\/07\/njoftim_sd.jpg?fit=1200%2C675&ssl=1&resize=1050%2C600 3x"},"classes":[]},{"id":48804,"url":"https:\/\/www.shqiperia.com\/blog\/zjarr-i-madh-ne-radhime-rrezikohen-hotelet-dhe-bizneset-cfare-po-ndodh\/","url_meta":{"origin":83440,"position":2},"title":"Zjarr i madh n\u00eb Radhim\u00eb, rrezikohen hotelet dhe bizneset. &#8211; \u00c7far\u00eb po ndodh?","author":"Kurt Farka","date":"July 29, 2021","format":false,"excerpt":"Zjarr i madh n\u00eb Radhim\u00eb, rrezikohen hotelet dhe bizneset. - \u00c7far\u00eb po ndodh? 29 KORRIK 2021 Raportohet se nj\u00eb zjarr i madh \u00ebsht\u00eb aktivizuar n\u00eb qytetin e Vlor\u00ebs, n\u00eb zon\u00ebn e Radhim\u00ebs. Banesat dhe hotelet pran\u00eb vatr\u00ebs s\u00eb zjarrit rrezikojn\u00eb q\u00eb t\u00eb preken nga flak\u00ebt. Nd\u00ebrkoh\u00eb sh\u00ebrbimi zjarrfik\u00ebs me tre\u2026","rel":"","context":"In &quot;Blogu i Udh\u00ebtarit&quot;","block_context":{"text":"Blogu i Udh\u00ebtarit","link":"https:\/\/www.shqiperia.com\/blog\/category\/blogu-i-udhetarit\/"},"img":{"alt_text":"","src":"https:\/\/i0.wp.com\/www.shqiperia.com\/blog\/wp-content\/uploads\/2021\/07\/800-0-6102d5970114a.jpg?fit=800%2C450&ssl=1&resize=350%2C200","width":350,"height":200,"srcset":"https:\/\/i0.wp.com\/www.shqiperia.com\/blog\/wp-content\/uploads\/2021\/07\/800-0-6102d5970114a.jpg?fit=800%2C450&ssl=1&resize=350%2C200 1x, https:\/\/i0.wp.com\/www.shqiperia.com\/blog\/wp-content\/uploads\/2021\/07\/800-0-6102d5970114a.jpg?fit=800%2C450&ssl=1&resize=525%2C300 1.5x, https:\/\/i0.wp.com\/www.shqiperia.com\/blog\/wp-content\/uploads\/2021\/07\/800-0-6102d5970114a.jpg?fit=800%2C450&ssl=1&resize=700%2C400 2x"},"classes":[]},{"id":49053,"url":"https:\/\/www.shqiperia.com\/blog\/vatrat-ne-lakun-e-thive-dhe-majen-e-rrunes-ende-problematike-era-e-forte-favorizon-flaket-nderhyhet-nga-ajri-ndersa-vatra-ne-lakun-e-thive-e-favorizuar-nga-era-pritet-ti-afrohet-zones-se\/","url_meta":{"origin":83440,"position":3},"title":"Vatrat n\u00eb Lakun e Thive dhe Maj\u00ebn e Rrun\u00ebs ende problematike! Era e fort\u00eb favorizon flak\u00ebt, nd\u00ebrhyhet nga ajri. Nd\u00ebrsa vatra n\u00eb Lakun e Thive, e favorizuar nga era pritet t\u2019i afrohet zones se Puk\u00ebs.","author":"Kurt Farka","date":"August 11, 2021","format":false,"excerpt":"Vatrat n\u00eb Lakun e Thive dhe Maj\u00ebn e Rrun\u00ebs ende problematike! Era e fort\u00eb favorizon flak\u00ebt, nd\u00ebrhyhet nga ajri. Nd\u00ebrsa vatra n\u00eb Lakun e Thive, e favorizuar nga era pritet t\u2019i afrohet zones se Puk\u00ebs. N\u00eb Kuk\u00ebs, vatrat m\u00eb problematike vijojn\u00eb t\u00eb mbeten Laku i Thive dhe Maja e Rrun\u00ebs\u2026","rel":"","context":"In &quot;Blogu i Udh\u00ebtarit&quot;","block_context":{"text":"Blogu i Udh\u00ebtarit","link":"https:\/\/www.shqiperia.com\/blog\/category\/blogu-i-udhetarit\/"},"img":{"alt_text":"","src":"https:\/\/i0.wp.com\/www.shqiperia.com\/blog\/wp-content\/uploads\/2021\/08\/Maja-e-Rrunes.jpg?fit=780%2C440&ssl=1&resize=350%2C200","width":350,"height":200,"srcset":"https:\/\/i0.wp.com\/www.shqiperia.com\/blog\/wp-content\/uploads\/2021\/08\/Maja-e-Rrunes.jpg?fit=780%2C440&ssl=1&resize=350%2C200 1x, https:\/\/i0.wp.com\/www.shqiperia.com\/blog\/wp-content\/uploads\/2021\/08\/Maja-e-Rrunes.jpg?fit=780%2C440&ssl=1&resize=525%2C300 1.5x, https:\/\/i0.wp.com\/www.shqiperia.com\/blog\/wp-content\/uploads\/2021\/08\/Maja-e-Rrunes.jpg?fit=780%2C440&ssl=1&resize=700%2C400 2x"},"classes":[]},{"id":92890,"url":"https:\/\/www.shqiperia.com\/blog\/shqiperia-nen-pushtetin-e-flakeve-mbrojtja-30-vatra-jane-ende-aktive\/","url_meta":{"origin":83440,"position":4},"title":"Shqip\u00ebria n\u00ebn \u201cpushtetin\u201d e flak\u00ebve\/ Mbrojtja: 30 vatra jan\u00eb ende aktive","author":"Kurt Farka","date":"August 12, 2025","format":false,"excerpt":"12 Gusht 2025 Ministria e Mbrojtjes thot\u00eb se n\u00eb or\u00ebt e fundit jan\u00eb evidentuar 37 vatra zjarri n\u00eb vend. Nga k\u00ebto, aktualisht, 30 vatra zjarri jan\u00eb aktive. Informacion mbi situat\u00ebn e zjarreve. Aktualisht jan\u00eb evidentuar 37 vatra zjarri, nga t\u00eb cilat 30 vatra zjarri jan\u00eb aktive: Qarku Elbasan. Problematike paraqitet\u2026","rel":"","context":"In &quot;Blogu i Udh\u00ebtarit&quot;","block_context":{"text":"Blogu i Udh\u00ebtarit","link":"https:\/\/www.shqiperia.com\/blog\/category\/blogu-i-udhetarit\/"},"img":{"alt_text":"","src":"https:\/\/i0.wp.com\/www.shqiperia.com\/blog\/wp-content\/uploads\/2025\/08\/Zjarret-Flaket-Pyjet-Devoll.jpg?fit=700%2C394&ssl=1&resize=350%2C200","width":350,"height":200,"srcset":"https:\/\/i0.wp.com\/www.shqiperia.com\/blog\/wp-content\/uploads\/2025\/08\/Zjarret-Flaket-Pyjet-Devoll.jpg?fit=700%2C394&ssl=1&resize=350%2C200 1x, https:\/\/i0.wp.com\/www.shqiperia.com\/blog\/wp-content\/uploads\/2025\/08\/Zjarret-Flaket-Pyjet-Devoll.jpg?fit=700%2C394&ssl=1&resize=525%2C300 1.5x, https:\/\/i0.wp.com\/www.shqiperia.com\/blog\/wp-content\/uploads\/2025\/08\/Zjarret-Flaket-Pyjet-Devoll.jpg?fit=700%2C394&ssl=1&resize=700%2C400 2x"},"classes":[]},{"id":55938,"url":"https:\/\/www.shqiperia.com\/blog\/shqiperia-nen-gjuhet-e-flakeve-zjarre-masive-nga-te-gjitha-anet-temperaturat-e-uleta-nuk-ndihmojne-aspak\/","url_meta":{"origin":83440,"position":5},"title":"Shqip\u00ebria n\u00ebn gjuh\u00ebt e flak\u00ebve! &#8211; Zjarre masive nga t\u00eb gjitha an\u00ebt, temperaturat e ul\u00ebta nuk ndihmojn\u00eb aspak","author":"Kurt Farka","date":"March 25, 2022","format":false,"excerpt":"Shqip\u00ebria n\u00ebn gjuh\u00ebt e flak\u00ebve! - Zjarre masive nga t\u00eb gjitha an\u00ebt, temperaturat e ul\u00ebta nuk ndihmojn\u00eb aspak - 24.03.22 Kodrat e Parkut Komb\u00ebtar t\u00eb Divjak\u00ebs dhe Karavastas\u00eb Sh\u00ebngjin Zjarri n\u00eb Dukat t\u00eb Vlor\u00ebs Flak\u00ebt p\u00ebrfshijn\u00eb sip\u00ebrfaqen pyjore n\u00eb Vaun e Dej\u00ebs Llogara, zjarrfik\u00ebsit t\u00eb pafuqish\u00ebm para flak\u00ebve Zjarri n\u00eb\u2026","rel":"","context":"In &quot;Blogu i Udh\u00ebtarit&quot;","block_context":{"text":"Blogu i Udh\u00ebtarit","link":"https:\/\/www.shqiperia.com\/blog\/category\/blogu-i-udhetarit\/"},"img":{"alt_text":"","src":"https:\/\/i0.wp.com\/www.shqiperia.com\/blog\/wp-content\/uploads\/2022\/03\/Shengjin.jpg?fit=768%2C422&ssl=1&resize=350%2C200","width":350,"height":200,"srcset":"https:\/\/i0.wp.com\/www.shqiperia.com\/blog\/wp-content\/uploads\/2022\/03\/Shengjin.jpg?fit=768%2C422&ssl=1&resize=350%2C200 1x, https:\/\/i0.wp.com\/www.shqiperia.com\/blog\/wp-content\/uploads\/2022\/03\/Shengjin.jpg?fit=768%2C422&ssl=1&resize=525%2C300 1.5x, https:\/\/i0.wp.com\/www.shqiperia.com\/blog\/wp-content\/uploads\/2022\/03\/Shengjin.jpg?fit=768%2C422&ssl=1&resize=700%2C400 2x"},"classes":[]}],"_links":{"self":[{"href":"https:\/\/www.shqiperia.com\/blog\/wp-json\/wp\/v2\/posts\/83440","targetHints":{"allow":["GET"]}}],"collection":[{"href":"https:\/\/www.shqiperia.com\/blog\/wp-json\/wp\/v2\/posts"}],"about":[{"href":"https:\/\/www.shqiperia.com\/blog\/wp-json\/wp\/v2\/types\/post"}],"author":[{"embeddable":true,"href":"https:\/\/www.shqiperia.com\/blog\/wp-json\/wp\/v2\/users\/9"}],"replies":[{"embeddable":true,"href":"https:\/\/www.shqiperia.com\/blog\/wp-json\/wp\/v2\/comments?post=83440"}],"version-history":[{"count":1,"href":"https:\/\/www.shqiperia.com\/blog\/wp-json\/wp\/v2\/posts\/83440\/revisions"}],"predecessor-version":[{"id":83442,"href":"https:\/\/www.shqiperia.com\/blog\/wp-json\/wp\/v2\/posts\/83440\/revisions\/83442"}],"wp:featuredmedia":[{"embeddable":true,"href":"https:\/\/www.shqiperia.com\/blog\/wp-json\/wp\/v2\/media\/83441"}],"wp:attachment":[{"href":"https:\/\/www.shqiperia.com\/blog\/wp-json\/wp\/v2\/media?parent=83440"}],"wp:term":[{"taxonomy":"category","embeddable":true,"href":"https:\/\/www.shqiperia.com\/blog\/wp-json\/wp\/v2\/categories?post=83440"},{"taxonomy":"post_tag","embeddable":true,"href":"https:\/\/www.shqiperia.com\/blog\/wp-json\/wp\/v2\/tags?post=83440"}],"curies":[{"name":"wp","href":"https:\/\/api.w.org\/{rel}","templated":true}]}}