{"id":83434,"date":"2024-08-10T15:24:25","date_gmt":"2024-08-10T15:24:25","guid":{"rendered":"https:\/\/www.shqiperia.com\/blog\/?p=83434"},"modified":"2024-08-10T15:24:25","modified_gmt":"2024-08-10T15:24:25","slug":"gjendje-alarmante-ne-mat-zjarret-perpijne-rreth-30-hektare-me-pyje-ne-qafe-shtame","status":"publish","type":"post","link":"https:\/\/www.shqiperia.com\/blog\/gjendje-alarmante-ne-mat-zjarret-perpijne-rreth-30-hektare-me-pyje-ne-qafe-shtame\/","title":{"rendered":"Gjendje alarmante n\u00eb Mat\/ Zjarret \u201cp\u00ebrpijn\u00eb\u201d rreth 30 hektar\u00eb me pyje n\u00eb Qaf\u00eb- Shtam\u00eb"},"content":{"rendered":"<p><img data-recalc-dims=\"1\" loading=\"lazy\" decoding=\"async\" data-attachment-id=\"83435\" data-permalink=\"https:\/\/www.shqiperia.com\/blog\/gjendje-alarmante-ne-mat-zjarret-perpijne-rreth-30-hektare-me-pyje-ne-qafe-shtame\/zjarret1-770x433-1\/\" data-orig-file=\"https:\/\/i0.wp.com\/www.shqiperia.com\/blog\/wp-content\/uploads\/2024\/08\/zjarret1-770x433-1.jpg?fit=770%2C433&amp;ssl=1\" data-orig-size=\"770,433\" data-comments-opened=\"1\" data-image-meta=\"{&quot;aperture&quot;:&quot;0&quot;,&quot;credit&quot;:&quot;&quot;,&quot;camera&quot;:&quot;&quot;,&quot;caption&quot;:&quot;&quot;,&quot;created_timestamp&quot;:&quot;0&quot;,&quot;copyright&quot;:&quot;&quot;,&quot;focal_length&quot;:&quot;0&quot;,&quot;iso&quot;:&quot;0&quot;,&quot;shutter_speed&quot;:&quot;0&quot;,&quot;title&quot;:&quot;&quot;,&quot;orientation&quot;:&quot;0&quot;}\" data-image-title=\"zjarret1-770&#215;433-1\" data-image-description=\"\" data-image-caption=\"\" data-medium-file=\"https:\/\/i0.wp.com\/www.shqiperia.com\/blog\/wp-content\/uploads\/2024\/08\/zjarret1-770x433-1.jpg?fit=300%2C169&amp;ssl=1\" data-large-file=\"https:\/\/i0.wp.com\/www.shqiperia.com\/blog\/wp-content\/uploads\/2024\/08\/zjarret1-770x433-1.jpg?fit=770%2C433&amp;ssl=1\" class=\"alignnone  wp-image-83435\" alt=\"\" src=\"https:\/\/i0.wp.com\/www.shqiperia.com\/blog\/wp-content\/uploads\/2024\/08\/zjarret1-770x433-1.jpg?resize=776%2C437&#038;ssl=1\" width=\"776\" height=\"437\" srcset=\"https:\/\/i0.wp.com\/www.shqiperia.com\/blog\/wp-content\/uploads\/2024\/08\/zjarret1-770x433-1.jpg?resize=300%2C169&amp;ssl=1 300w, https:\/\/i0.wp.com\/www.shqiperia.com\/blog\/wp-content\/uploads\/2024\/08\/zjarret1-770x433-1.jpg?resize=768%2C432&amp;ssl=1 768w, https:\/\/i0.wp.com\/www.shqiperia.com\/blog\/wp-content\/uploads\/2024\/08\/zjarret1-770x433-1.jpg?resize=450%2C253&amp;ssl=1 450w, https:\/\/i0.wp.com\/www.shqiperia.com\/blog\/wp-content\/uploads\/2024\/08\/zjarret1-770x433-1.jpg?resize=600%2C337&amp;ssl=1 600w, https:\/\/i0.wp.com\/www.shqiperia.com\/blog\/wp-content\/uploads\/2024\/08\/zjarret1-770x433-1.jpg?resize=400%2C225&amp;ssl=1 400w, https:\/\/i0.wp.com\/www.shqiperia.com\/blog\/wp-content\/uploads\/2024\/08\/zjarret1-770x433-1.jpg?w=770&amp;ssl=1 770w\" sizes=\"auto, (max-width: 776px) 100vw, 776px\" \/><\/p>\n<p>10 Gusht 2024<\/p>\n<p>Disa vatra t\u00eb reja kan\u00eb riaktivizuar zjarrin n\u00eb Qaf\u00eb- Shtam\u00eb t\u00eb Matit dit\u00ebn e sotme.<\/p>\n<p>Si pasoj\u00eb e flak\u00ebve, b\u00ebhet me dije se deri m\u00eb tani jan\u00eb djegur rreth 30 hektar\u00eb tok\u00eb.<\/p>\n<p>N\u00eb terren jan\u00eb forcat e ushtris\u00eb, t\u00eb policis\u00eb dhe punonj\u00ebs t\u00eb bashkis\u00eb Mat. Zjarri mendohet t\u00eb jet\u00eb i q\u00ebllimsh\u00ebm n\u00eb t\u00eb dy vatrat e reja q\u00eb jan\u00eb aktivizuar.<\/p>\n<p>Policia po punon p\u00ebr identifikimin dhe kapjen e autorit t\u00eb k\u00ebtij zjarri t\u00eb q\u00ebllimsh\u00ebm.<\/p>\n<p>Zjarri po i afrohet kampit t\u00eb Qaf\u00eb Shtam\u00ebs. Aktualisht po punohet nga toka p\u00ebr shuarjen e vatrave t\u00eb zjarrit, pasi terreni p\u00ebr mjetet zjarrfik\u00ebse \u00ebsht\u00eb tejet i v\u00ebshtir\u00eb.<\/p>\n<p>Fillimisht zjarri ka nisur mbi tunelet e Selit\u00ebs, e m\u00eb pas, i ndihmuar edhe nga era, ai \u00ebsht\u00eb p\u00ebrhapur me shpejt\u00ebsi edhe n\u00eb sip\u00ebrfaqe t\u00eb tjera t\u00eb masivit pyjor t\u00eb Qaf\u00eb Shtam\u00ebs.<\/p>\n","protected":false},"excerpt":{"rendered":"<p>10 Gusht 2024 Disa vatra t\u00eb reja kan\u00eb riaktivizuar zjarrin n\u00eb Qaf\u00eb- Shtam\u00eb t\u00eb Matit dit\u00ebn e sotme. Si pasoj\u00eb e flak\u00ebve, b\u00ebhet me dije se deri m\u00eb tani jan\u00eb djegur rreth 30 hektar\u00eb tok\u00eb. N\u00eb terren jan\u00eb forcat e ushtris\u00eb, t\u00eb policis\u00eb dhe punonj\u00ebs t\u00eb bashkis\u00eb Mat. Zjarri mendohet t\u00eb jet\u00eb i q\u00ebllimsh\u00ebm n\u00eb [&hellip;]<\/p>\n","protected":false},"author":9,"featured_media":83435,"comment_status":"open","ping_status":"open","sticky":false,"template":"","format":"standard","meta":{"jetpack_post_was_ever_published":false,"_jetpack_newsletter_access":"","_jetpack_dont_email_post_to_subs":false,"_jetpack_newsletter_tier_id":0,"_jetpack_memberships_contains_paywalled_content":false,"_jetpack_memberships_contains_paid_content":false,"footnotes":"","jetpack_publicize_message":"","jetpack_publicize_feature_enabled":true,"jetpack_social_post_already_shared":true,"jetpack_social_options":{"image_generator_settings":{"template":"highway","default_image_id":0,"font":"","enabled":false},"version":2}},"categories":[27,1,35],"tags":[],"class_list":["post-83434","post","type-post","status-publish","format-standard","has-post-thumbnail","hentry","category-blogu-i-udhetarit","category-njoftime-shtypi","category-shoqerore"],"jetpack_publicize_connections":[],"jetpack_featured_media_url":"https:\/\/i0.wp.com\/www.shqiperia.com\/blog\/wp-content\/uploads\/2024\/08\/zjarret1-770x433-1.jpg?fit=770%2C433&ssl=1","jetpack_sharing_enabled":true,"jetpack_shortlink":"https:\/\/wp.me\/p5Z6wp-lHI","jetpack-related-posts":[{"id":83425,"url":"https:\/\/www.shqiperia.com\/blog\/zjarr-masiv-i-qellimshem-ne-qafe-shtame-kerkohet-nderhyrje-nga-ajri-dhe-toka\/","url_meta":{"origin":83434,"position":0},"title":"Zjarr masiv i q\u00ebllimsh\u00ebm n\u00eb Qaf\u00eb-shtam\u00eb, k\u00ebrkohet nd\u00ebrhyrje nga ajri dhe toka","author":"Kurt Farka","date":"August 10, 2024","format":false,"excerpt":"10 Gusht 2024 Nj\u00eb zjarr ka r\u00ebn\u00eb dit\u00ebn e sotme n\u00eb Qaf\u00ebshtam\u00eb. M\u00ebsohet se n\u00eb or\u00ebn 11:40 t\u00eb m\u00ebngjesit, flak\u00ebt p\u00ebrfshin\u00eb ekonomin\u00eb pyjore t\u00eb Qaf\u00ebshtam\u00ebs, n\u00eb vendin e quajtur mbi tunelet e fshatit Selix\u00eb, n\u00eb nj\u00ebsin\u00eb administrative Komsi. Gjithashtu dyshohet se zjarri \u00ebsht\u00eb i\u00a0q\u00ebllimsh\u00ebm pasi ka shp\u00ebrthyer n\u00eb disa vende\u2026","rel":"","context":"In &quot;Blogu i Udh\u00ebtarit&quot;","block_context":{"text":"Blogu i Udh\u00ebtarit","link":"https:\/\/www.shqiperia.com\/blog\/category\/blogu-i-udhetarit\/"},"img":{"alt_text":"","src":"https:\/\/i0.wp.com\/www.shqiperia.com\/blog\/wp-content\/uploads\/2024\/08\/640-0-0acbdd7df83f2f046cd78e6bb8f29c35.jpg?fit=640%2C336&ssl=1&resize=350%2C200","width":350,"height":200,"srcset":"https:\/\/i0.wp.com\/www.shqiperia.com\/blog\/wp-content\/uploads\/2024\/08\/640-0-0acbdd7df83f2f046cd78e6bb8f29c35.jpg?fit=640%2C336&ssl=1&resize=350%2C200 1x, https:\/\/i0.wp.com\/www.shqiperia.com\/blog\/wp-content\/uploads\/2024\/08\/640-0-0acbdd7df83f2f046cd78e6bb8f29c35.jpg?fit=640%2C336&ssl=1&resize=525%2C300 1.5x"},"classes":[]},{"id":36801,"url":"https:\/\/www.shqiperia.com\/blog\/zjarret-perpijne-pyjet-me-pisha-e-geshtenja-ne-gramsh-e-seman-ne-rubik-riaktivizohet-vatra-ne-shkoder\/","url_meta":{"origin":83434,"position":1},"title":"Zjarret \u2018p\u00ebrpijn\u00eb\u2019 pyjet me pisha e g\u00ebshtenja n\u00eb Gramsh e Seman! N\u00eb Rubik riaktivizohet vatra, ne Shkoder \u2026","author":"Kurt Farka","date":"August 2, 2020","format":false,"excerpt":"Zjarret \u2018p\u00ebrpijn\u00eb\u2019 pyjet me pisha e g\u00ebshtenja n\u00eb Gramsh e Seman! N\u00eb Rubik riaktivizohet vatra, ne Shkoder \u2026 Zjarret p\u00ebrfshijn\u00eb t\u00eb tjera sip\u00ebrfaqe me pyje n\u00eb vend. K\u00ebt\u00eb t\u00eb diel nj\u00eb sip\u00ebrfaqe pylli me pisha ka marr\u00eb flak\u00eb n\u00eb Seman t\u00eb Fierit n\u00eb vendin e quajtur Godull por edhe n\u00eb\u2026","rel":"","context":"In &quot;Blogu i Udh\u00ebtarit&quot;","block_context":{"text":"Blogu i Udh\u00ebtarit","link":"https:\/\/www.shqiperia.com\/blog\/category\/blogu-i-udhetarit\/"},"img":{"alt_text":"","src":"https:\/\/i0.wp.com\/www.shqiperia.com\/blog\/wp-content\/uploads\/2020\/08\/1596392617_11.jpg?fit=780%2C440&ssl=1&resize=350%2C200","width":350,"height":200,"srcset":"https:\/\/i0.wp.com\/www.shqiperia.com\/blog\/wp-content\/uploads\/2020\/08\/1596392617_11.jpg?fit=780%2C440&ssl=1&resize=350%2C200 1x, https:\/\/i0.wp.com\/www.shqiperia.com\/blog\/wp-content\/uploads\/2020\/08\/1596392617_11.jpg?fit=780%2C440&ssl=1&resize=525%2C300 1.5x, https:\/\/i0.wp.com\/www.shqiperia.com\/blog\/wp-content\/uploads\/2020\/08\/1596392617_11.jpg?fit=780%2C440&ssl=1&resize=700%2C400 2x"},"classes":[]},{"id":82817,"url":"https:\/\/www.shqiperia.com\/blog\/zjarri-ne-mat-perfshihet-nga-flaket-nje-banese-rrezikohet-zona-e-mbrojtur-nderhyhet-edhe-nga-ajri\/","url_meta":{"origin":83434,"position":2},"title":"Zjarri n\u00eb Mat\/ P\u00ebrfshihet nga flak\u00ebt nj\u00eb banes\u00eb, rrezikohet zona e mbrojtur! Nd\u00ebrhyhet edhe nga ajri","author":"Kurt Farka","date":"July 16, 2024","format":false,"excerpt":"16 Korrik 2024 Nj\u00eb zjarr i p\u00ebrmasave t\u00eb m\u00ebdha \u00ebsht\u00eb aktivizuar gjat\u00eb dit\u00ebs s\u00eb sotme (16 korrik) n\u00eb fshatin Madhesh t\u00eb Matit. Gazetari Do\u00e7i, n\u00eb nj\u00eb lidhje live me News 24 tha se 8 vatra zjarri jan\u00eb shfaqur p\u00ebr vet\u00ebm 20 minuta. Sipas tij, flak\u00ebt kan\u00eb r\u00ebn\u00eb n\u00eb nj\u00eb zon\u00eb\u2026","rel":"","context":"In &quot;Blogu i Udh\u00ebtarit&quot;","block_context":{"text":"Blogu i Udh\u00ebtarit","link":"https:\/\/www.shqiperia.com\/blog\/category\/blogu-i-udhetarit\/"},"img":{"alt_text":"","src":"https:\/\/i0.wp.com\/www.shqiperia.com\/blog\/wp-content\/uploads\/2024\/07\/Mat.jpg?fit=770%2C450&ssl=1&resize=350%2C200","width":350,"height":200,"srcset":"https:\/\/i0.wp.com\/www.shqiperia.com\/blog\/wp-content\/uploads\/2024\/07\/Mat.jpg?fit=770%2C450&ssl=1&resize=350%2C200 1x, https:\/\/i0.wp.com\/www.shqiperia.com\/blog\/wp-content\/uploads\/2024\/07\/Mat.jpg?fit=770%2C450&ssl=1&resize=525%2C300 1.5x, https:\/\/i0.wp.com\/www.shqiperia.com\/blog\/wp-content\/uploads\/2024\/07\/Mat.jpg?fit=770%2C450&ssl=1&resize=700%2C400 2x"},"classes":[]},{"id":48787,"url":"https:\/\/www.shqiperia.com\/blog\/qyteti-zgjohet-i-mbuluar-nga-tymi-vazhdon-zjarri-ne-gadishullin-e-karaburunit-dyshohet-se-zjarri-eshte-i-qellimshem\/","url_meta":{"origin":83434,"position":3},"title":"Qyteti zgjohet i mbuluar nga tymi. &#8211; Vazhdon zjarri n\u00eb gadishullin e Karaburunit. -Dyshohet se zjarri \u00ebsht\u00eb i q\u00ebllimsh\u00ebm.","author":"Kurt Farka","date":"July 29, 2021","format":false,"excerpt":"Qyteti zgjohet i mbuluar nga tymi. - Vazhdon zjarri n\u00eb gadishullin e Karaburunit. Dyshohet se zjarri \u00ebsht\u00eb i q\u00ebllimsh\u00ebm. - 29.07.2021 Vijon prej tre dit\u00ebsh zjarri n\u00eb gadishullin e Karaburunit. Gazetari Enrik Mehmeti raportoi se zjarri ka djegur nj\u00eb sip\u00ebrfaqe t\u00eb konsiderueshme me pem\u00eb e shkurre, nd\u00ebrsa nd\u00ebrhyrja e zjarrfik\u00ebsve\u2026","rel":"","context":"In &quot;Blogu i Udh\u00ebtarit&quot;","block_context":{"text":"Blogu i Udh\u00ebtarit","link":"https:\/\/www.shqiperia.com\/blog\/category\/blogu-i-udhetarit\/"},"img":{"alt_text":"","src":"https:\/\/i0.wp.com\/www.shqiperia.com\/blog\/wp-content\/uploads\/2021\/07\/karaburim.jpg?fit=1200%2C728&ssl=1&resize=350%2C200","width":350,"height":200,"srcset":"https:\/\/i0.wp.com\/www.shqiperia.com\/blog\/wp-content\/uploads\/2021\/07\/karaburim.jpg?fit=1200%2C728&ssl=1&resize=350%2C200 1x, https:\/\/i0.wp.com\/www.shqiperia.com\/blog\/wp-content\/uploads\/2021\/07\/karaburim.jpg?fit=1200%2C728&ssl=1&resize=525%2C300 1.5x, https:\/\/i0.wp.com\/www.shqiperia.com\/blog\/wp-content\/uploads\/2021\/07\/karaburim.jpg?fit=1200%2C728&ssl=1&resize=700%2C400 2x, https:\/\/i0.wp.com\/www.shqiperia.com\/blog\/wp-content\/uploads\/2021\/07\/karaburim.jpg?fit=1200%2C728&ssl=1&resize=1050%2C600 3x"},"classes":[]},{"id":49234,"url":"https:\/\/www.shqiperia.com\/blog\/situata-nga-zjarret-ne-vend-ministria-e-mbrojtjes-jep-te-dhenat-e-fundit-ja-zona-ku-ka-rrezik\/","url_meta":{"origin":83434,"position":4},"title":"Situata nga zjarret n\u00eb vend, ministria e Mbrojtjes jep t\u00eb dh\u00ebnat e fundit. &#8211; Ja zona ku ka rrezik","author":"Kurt Farka","date":"August 21, 2021","format":false,"excerpt":"Situata nga zjarret n\u00eb vend, ministria e Mbrojtjes jep t\u00eb dh\u00ebnat e fundit. - Ja zona ku ka rrezik 21 gusht 2021 N\u00eb Bashkin\u00eb e Fush\u00eb-Arr\u00ebzit, n\u00eb fshatin Srriqe, flak\u00ebt e zarrit i jan\u00eb afruar sht\u00ebpive n\u00eb fshatin Armiraj. Ministria e Mbrojtjes thot\u00eb se nga ajri aty po operon helikopteri\u2026","rel":"","context":"In &quot;Blogu i Udh\u00ebtarit&quot;","block_context":{"text":"Blogu i Udh\u00ebtarit","link":"https:\/\/www.shqiperia.com\/blog\/category\/blogu-i-udhetarit\/"},"img":{"alt_text":"","src":"https:\/\/i0.wp.com\/www.shqiperia.com\/blog\/wp-content\/uploads\/2021\/08\/zjarri-kokino-750x430-1.jpg?fit=750%2C430&ssl=1&resize=350%2C200","width":350,"height":200,"srcset":"https:\/\/i0.wp.com\/www.shqiperia.com\/blog\/wp-content\/uploads\/2021\/08\/zjarri-kokino-750x430-1.jpg?fit=750%2C430&ssl=1&resize=350%2C200 1x, https:\/\/i0.wp.com\/www.shqiperia.com\/blog\/wp-content\/uploads\/2021\/08\/zjarri-kokino-750x430-1.jpg?fit=750%2C430&ssl=1&resize=525%2C300 1.5x, https:\/\/i0.wp.com\/www.shqiperia.com\/blog\/wp-content\/uploads\/2021\/08\/zjarri-kokino-750x430-1.jpg?fit=750%2C430&ssl=1&resize=700%2C400 2x"},"classes":[]},{"id":55938,"url":"https:\/\/www.shqiperia.com\/blog\/shqiperia-nen-gjuhet-e-flakeve-zjarre-masive-nga-te-gjitha-anet-temperaturat-e-uleta-nuk-ndihmojne-aspak\/","url_meta":{"origin":83434,"position":5},"title":"Shqip\u00ebria n\u00ebn gjuh\u00ebt e flak\u00ebve! &#8211; Zjarre masive nga t\u00eb gjitha an\u00ebt, temperaturat e ul\u00ebta nuk ndihmojn\u00eb aspak","author":"Kurt Farka","date":"March 25, 2022","format":false,"excerpt":"Shqip\u00ebria n\u00ebn gjuh\u00ebt e flak\u00ebve! - Zjarre masive nga t\u00eb gjitha an\u00ebt, temperaturat e ul\u00ebta nuk ndihmojn\u00eb aspak - 24.03.22 Kodrat e Parkut Komb\u00ebtar t\u00eb Divjak\u00ebs dhe Karavastas\u00eb Sh\u00ebngjin Zjarri n\u00eb Dukat t\u00eb Vlor\u00ebs Flak\u00ebt p\u00ebrfshijn\u00eb sip\u00ebrfaqen pyjore n\u00eb Vaun e Dej\u00ebs Llogara, zjarrfik\u00ebsit t\u00eb pafuqish\u00ebm para flak\u00ebve Zjarri n\u00eb\u2026","rel":"","context":"In &quot;Blogu i Udh\u00ebtarit&quot;","block_context":{"text":"Blogu i Udh\u00ebtarit","link":"https:\/\/www.shqiperia.com\/blog\/category\/blogu-i-udhetarit\/"},"img":{"alt_text":"","src":"https:\/\/i0.wp.com\/www.shqiperia.com\/blog\/wp-content\/uploads\/2022\/03\/Shengjin.jpg?fit=768%2C422&ssl=1&resize=350%2C200","width":350,"height":200,"srcset":"https:\/\/i0.wp.com\/www.shqiperia.com\/blog\/wp-content\/uploads\/2022\/03\/Shengjin.jpg?fit=768%2C422&ssl=1&resize=350%2C200 1x, https:\/\/i0.wp.com\/www.shqiperia.com\/blog\/wp-content\/uploads\/2022\/03\/Shengjin.jpg?fit=768%2C422&ssl=1&resize=525%2C300 1.5x, https:\/\/i0.wp.com\/www.shqiperia.com\/blog\/wp-content\/uploads\/2022\/03\/Shengjin.jpg?fit=768%2C422&ssl=1&resize=700%2C400 2x"},"classes":[]}],"_links":{"self":[{"href":"https:\/\/www.shqiperia.com\/blog\/wp-json\/wp\/v2\/posts\/83434","targetHints":{"allow":["GET"]}}],"collection":[{"href":"https:\/\/www.shqiperia.com\/blog\/wp-json\/wp\/v2\/posts"}],"about":[{"href":"https:\/\/www.shqiperia.com\/blog\/wp-json\/wp\/v2\/types\/post"}],"author":[{"embeddable":true,"href":"https:\/\/www.shqiperia.com\/blog\/wp-json\/wp\/v2\/users\/9"}],"replies":[{"embeddable":true,"href":"https:\/\/www.shqiperia.com\/blog\/wp-json\/wp\/v2\/comments?post=83434"}],"version-history":[{"count":1,"href":"https:\/\/www.shqiperia.com\/blog\/wp-json\/wp\/v2\/posts\/83434\/revisions"}],"predecessor-version":[{"id":83436,"href":"https:\/\/www.shqiperia.com\/blog\/wp-json\/wp\/v2\/posts\/83434\/revisions\/83436"}],"wp:featuredmedia":[{"embeddable":true,"href":"https:\/\/www.shqiperia.com\/blog\/wp-json\/wp\/v2\/media\/83435"}],"wp:attachment":[{"href":"https:\/\/www.shqiperia.com\/blog\/wp-json\/wp\/v2\/media?parent=83434"}],"wp:term":[{"taxonomy":"category","embeddable":true,"href":"https:\/\/www.shqiperia.com\/blog\/wp-json\/wp\/v2\/categories?post=83434"},{"taxonomy":"post_tag","embeddable":true,"href":"https:\/\/www.shqiperia.com\/blog\/wp-json\/wp\/v2\/tags?post=83434"}],"curies":[{"name":"wp","href":"https:\/\/api.w.org\/{rel}","templated":true}]}}