{"id":83425,"date":"2024-08-10T00:01:05","date_gmt":"2024-08-10T00:01:05","guid":{"rendered":"https:\/\/www.shqiperia.com\/blog\/?p=83425"},"modified":"2024-08-10T00:13:25","modified_gmt":"2024-08-10T00:13:25","slug":"zjarr-masiv-i-qellimshem-ne-qafe-shtame-kerkohet-nderhyrje-nga-ajri-dhe-toka","status":"publish","type":"post","link":"https:\/\/www.shqiperia.com\/blog\/zjarr-masiv-i-qellimshem-ne-qafe-shtame-kerkohet-nderhyrje-nga-ajri-dhe-toka\/","title":{"rendered":"Zjarr masiv i q\u00ebllimsh\u00ebm n\u00eb Qaf\u00eb-shtam\u00eb, k\u00ebrkohet nd\u00ebrhyrje nga ajri dhe toka"},"content":{"rendered":"<p><img data-recalc-dims=\"1\" loading=\"lazy\" decoding=\"async\" data-attachment-id=\"83426\" data-permalink=\"https:\/\/www.shqiperia.com\/blog\/zjarr-masiv-i-qellimshem-ne-qafe-shtame-kerkohet-nderhyrje-nga-ajri-dhe-toka\/640-0-0acbdd7df83f2f046cd78e6bb8f29c35\/\" data-orig-file=\"https:\/\/i0.wp.com\/www.shqiperia.com\/blog\/wp-content\/uploads\/2024\/08\/640-0-0acbdd7df83f2f046cd78e6bb8f29c35.jpg?fit=640%2C336&amp;ssl=1\" data-orig-size=\"640,336\" data-comments-opened=\"1\" data-image-meta=\"{&quot;aperture&quot;:&quot;0&quot;,&quot;credit&quot;:&quot;&quot;,&quot;camera&quot;:&quot;&quot;,&quot;caption&quot;:&quot;&quot;,&quot;created_timestamp&quot;:&quot;0&quot;,&quot;copyright&quot;:&quot;&quot;,&quot;focal_length&quot;:&quot;0&quot;,&quot;iso&quot;:&quot;0&quot;,&quot;shutter_speed&quot;:&quot;0&quot;,&quot;title&quot;:&quot;&quot;,&quot;orientation&quot;:&quot;0&quot;}\" data-image-title=\"-640-0-0acbdd7df83f2f046cd78e6bb8f29c35\" data-image-description=\"\" data-image-caption=\"\" data-medium-file=\"https:\/\/i0.wp.com\/www.shqiperia.com\/blog\/wp-content\/uploads\/2024\/08\/640-0-0acbdd7df83f2f046cd78e6bb8f29c35.jpg?fit=300%2C158&amp;ssl=1\" data-large-file=\"https:\/\/i0.wp.com\/www.shqiperia.com\/blog\/wp-content\/uploads\/2024\/08\/640-0-0acbdd7df83f2f046cd78e6bb8f29c35.jpg?fit=640%2C336&amp;ssl=1\" class=\"alignnone wp-image-83426\" alt=\"\" src=\"https:\/\/i0.wp.com\/www.shqiperia.com\/blog\/wp-content\/uploads\/2024\/08\/640-0-0acbdd7df83f2f046cd78e6bb8f29c35.jpg?resize=665%2C350&#038;ssl=1\" width=\"665\" height=\"350\" srcset=\"https:\/\/i0.wp.com\/www.shqiperia.com\/blog\/wp-content\/uploads\/2024\/08\/640-0-0acbdd7df83f2f046cd78e6bb8f29c35.jpg?resize=300%2C158&amp;ssl=1 300w, https:\/\/i0.wp.com\/www.shqiperia.com\/blog\/wp-content\/uploads\/2024\/08\/640-0-0acbdd7df83f2f046cd78e6bb8f29c35.jpg?resize=450%2C236&amp;ssl=1 450w, https:\/\/i0.wp.com\/www.shqiperia.com\/blog\/wp-content\/uploads\/2024\/08\/640-0-0acbdd7df83f2f046cd78e6bb8f29c35.jpg?resize=600%2C315&amp;ssl=1 600w, https:\/\/i0.wp.com\/www.shqiperia.com\/blog\/wp-content\/uploads\/2024\/08\/640-0-0acbdd7df83f2f046cd78e6bb8f29c35.jpg?resize=400%2C210&amp;ssl=1 400w, https:\/\/i0.wp.com\/www.shqiperia.com\/blog\/wp-content\/uploads\/2024\/08\/640-0-0acbdd7df83f2f046cd78e6bb8f29c35.jpg?w=640&amp;ssl=1 640w\" sizes=\"auto, (max-width: 665px) 100vw, 665px\" \/><\/p>\n<p>10 Gusht 2024<\/p>\n<p>Nj\u00eb zjarr ka r\u00ebn\u00eb dit\u00ebn e sotme n\u00eb Qaf\u00ebshtam\u00eb. M\u00ebsohet se n\u00eb or\u00ebn 11:40 t\u00eb m\u00ebngjesit, flak\u00ebt p\u00ebrfshin\u00eb ekonomin\u00eb pyjore t\u00eb Qaf\u00ebshtam\u00ebs, n\u00eb vendin e quajtur mbi tunelet e fshatit Selix\u00eb, n\u00eb nj\u00ebsin\u00eb administrative Komsi.<\/p>\n<p>Gjithashtu dyshohet se zjarri \u00ebsht\u00eb i\u00a0q\u00ebllimsh\u00ebm pasi ka shp\u00ebrthyer n\u00eb disa vende t\u00eb ndryshme, duke rrezikuar k\u00ebshtu nj\u00eb sip\u00ebrfaqe t\u00eb konsiderueshme pyjore t\u00eb p\u00ebrb\u00ebr\u00eb kryesisht nga pyje ahu.<\/p>\n<p>N\u00eb p\u00ebrpjekje p\u00ebr t\u00eb izoluar flak\u00ebt Bashkia Mat ka angazhuar t\u00eb gjitha strukturat e nevojshme, duke p\u00ebrfshir\u00eb Ministrin\u00eb e Mbrojtjes dhe Sh\u00ebrbimeve t\u00eb Higjien\u00ebs (MZSH), Emergjencat Civile, si dhe Drejtorin\u00eb e Bujq\u00ebsis\u00eb dhe Pyjeve. Por p\u00ebr shkak t\u00eb flak\u00ebve masive k\u00ebrkohet nd\u00ebrhyrje nga ajri dhe toka me forca ushtarake p\u00ebr t\u00eb arritur nj\u00eb fikje t\u00eb plot\u00eb t\u00eb vatr\u00ebs.<\/p>\n","protected":false},"excerpt":{"rendered":"<p>10 Gusht 2024 Nj\u00eb zjarr ka r\u00ebn\u00eb dit\u00ebn e sotme n\u00eb Qaf\u00ebshtam\u00eb. M\u00ebsohet se n\u00eb or\u00ebn 11:40 t\u00eb m\u00ebngjesit, flak\u00ebt p\u00ebrfshin\u00eb ekonomin\u00eb pyjore t\u00eb Qaf\u00ebshtam\u00ebs, n\u00eb vendin e quajtur mbi tunelet e fshatit Selix\u00eb, n\u00eb nj\u00ebsin\u00eb administrative Komsi. Gjithashtu dyshohet se zjarri \u00ebsht\u00eb i\u00a0q\u00ebllimsh\u00ebm pasi ka shp\u00ebrthyer n\u00eb disa vende t\u00eb ndryshme, duke rrezikuar k\u00ebshtu [&hellip;]<\/p>\n","protected":false},"author":9,"featured_media":83426,"comment_status":"open","ping_status":"open","sticky":false,"template":"","format":"standard","meta":{"jetpack_post_was_ever_published":false,"_jetpack_newsletter_access":"","_jetpack_dont_email_post_to_subs":false,"_jetpack_newsletter_tier_id":0,"_jetpack_memberships_contains_paywalled_content":false,"_jetpack_memberships_contains_paid_content":false,"footnotes":"","jetpack_publicize_message":"","jetpack_publicize_feature_enabled":true,"jetpack_social_post_already_shared":true,"jetpack_social_options":{"image_generator_settings":{"template":"highway","default_image_id":0,"font":"","enabled":false},"version":2}},"categories":[27,1,35],"tags":[],"class_list":["post-83425","post","type-post","status-publish","format-standard","has-post-thumbnail","hentry","category-blogu-i-udhetarit","category-njoftime-shtypi","category-shoqerore"],"jetpack_publicize_connections":[],"jetpack_featured_media_url":"https:\/\/i0.wp.com\/www.shqiperia.com\/blog\/wp-content\/uploads\/2024\/08\/640-0-0acbdd7df83f2f046cd78e6bb8f29c35.jpg?fit=640%2C336&ssl=1","jetpack_sharing_enabled":true,"jetpack_shortlink":"https:\/\/wp.me\/p5Z6wp-lHz","jetpack-related-posts":[{"id":83416,"url":"https:\/\/www.shqiperia.com\/blog\/del-jashte-kontrollit-zjarri-ne-kuroren-e-liqenit-te-zi-ne-bulqize-kerkohet-nderhyrje-nga-ajri\/","url_meta":{"origin":83425,"position":0},"title":"Del jasht\u00eb kontrollit zjarri n\u00eb kuror\u00ebn e Liqenit t\u00eb Zi n\u00eb Bulqiz\u00eb, k\u00ebrkohet nd\u00ebrhyrje nga ajri","author":"Kurt Farka","date":"August 9, 2024","format":false,"excerpt":"9 Gusht 2024 Zjarri n\u00eb masivin pyjor me pish\u00eb, ah e bredh n\u00eb kuror\u00ebn e gjelb\u00ebr n\u00eb Zerqan t\u00eb Bulqiz\u00ebs ka dal\u00eb jasht\u00eb kontrollit. Me gjith\u00eb nd\u00ebrhyrjen e b\u00ebr\u00eb nga toka p\u00ebr 7 dit\u00eb radhazi ka qen\u00eb e pamundur q\u00eb flak\u00ebt t\u00eb shuhen plot\u00ebsisht dhe k\u00ebt\u00eb t\u00eb premte jan\u00eb shfaqur\u2026","rel":"","context":"In &quot;Blogu i Udh\u00ebtarit&quot;","block_context":{"text":"Blogu i Udh\u00ebtarit","link":"https:\/\/www.shqiperia.com\/blog\/category\/blogu-i-udhetarit\/"},"img":{"alt_text":"","src":"https:\/\/i0.wp.com\/www.shqiperia.com\/blog\/wp-content\/uploads\/2024\/08\/075f4b0b-33f3-4aab-a80b-adb33bb25190-600x450-1.jpg?fit=600%2C393&ssl=1&resize=350%2C200","width":350,"height":200,"srcset":"https:\/\/i0.wp.com\/www.shqiperia.com\/blog\/wp-content\/uploads\/2024\/08\/075f4b0b-33f3-4aab-a80b-adb33bb25190-600x450-1.jpg?fit=600%2C393&ssl=1&resize=350%2C200 1x, https:\/\/i0.wp.com\/www.shqiperia.com\/blog\/wp-content\/uploads\/2024\/08\/075f4b0b-33f3-4aab-a80b-adb33bb25190-600x450-1.jpg?fit=600%2C393&ssl=1&resize=525%2C300 1.5x"},"classes":[]},{"id":82817,"url":"https:\/\/www.shqiperia.com\/blog\/zjarri-ne-mat-perfshihet-nga-flaket-nje-banese-rrezikohet-zona-e-mbrojtur-nderhyhet-edhe-nga-ajri\/","url_meta":{"origin":83425,"position":1},"title":"Zjarri n\u00eb Mat\/ P\u00ebrfshihet nga flak\u00ebt nj\u00eb banes\u00eb, rrezikohet zona e mbrojtur! Nd\u00ebrhyhet edhe nga ajri","author":"Kurt Farka","date":"July 16, 2024","format":false,"excerpt":"16 Korrik 2024 Nj\u00eb zjarr i p\u00ebrmasave t\u00eb m\u00ebdha \u00ebsht\u00eb aktivizuar gjat\u00eb dit\u00ebs s\u00eb sotme (16 korrik) n\u00eb fshatin Madhesh t\u00eb Matit. Gazetari Do\u00e7i, n\u00eb nj\u00eb lidhje live me News 24 tha se 8 vatra zjarri jan\u00eb shfaqur p\u00ebr vet\u00ebm 20 minuta. Sipas tij, flak\u00ebt kan\u00eb r\u00ebn\u00eb n\u00eb nj\u00eb zon\u00eb\u2026","rel":"","context":"In &quot;Blogu i Udh\u00ebtarit&quot;","block_context":{"text":"Blogu i Udh\u00ebtarit","link":"https:\/\/www.shqiperia.com\/blog\/category\/blogu-i-udhetarit\/"},"img":{"alt_text":"","src":"https:\/\/i0.wp.com\/www.shqiperia.com\/blog\/wp-content\/uploads\/2024\/07\/Mat.jpg?fit=770%2C450&ssl=1&resize=350%2C200","width":350,"height":200,"srcset":"https:\/\/i0.wp.com\/www.shqiperia.com\/blog\/wp-content\/uploads\/2024\/07\/Mat.jpg?fit=770%2C450&ssl=1&resize=350%2C200 1x, https:\/\/i0.wp.com\/www.shqiperia.com\/blog\/wp-content\/uploads\/2024\/07\/Mat.jpg?fit=770%2C450&ssl=1&resize=525%2C300 1.5x, https:\/\/i0.wp.com\/www.shqiperia.com\/blog\/wp-content\/uploads\/2024\/07\/Mat.jpg?fit=770%2C450&ssl=1&resize=700%2C400 2x"},"classes":[]},{"id":74143,"url":"https:\/\/www.shqiperia.com\/blog\/zjarr-i-fuqishem-mberthen-finiqin-banoret-ne-lufte-me-flaket-braktisin-shtepite-per-te-shpetuar-jeten\/","url_meta":{"origin":83425,"position":2},"title":"Zjarr i fuqish\u00ebm &#8216;mb\u00ebrthen&#8217; Finiqin. &#8211; Banor\u00ebt n\u00eb &#8220;luft\u00eb&#8221; me flak\u00ebt braktisin sht\u00ebpit\u00eb p\u00ebr t\u00eb shp\u00ebtuar jet\u00ebn","author":"Kurt Farka","date":"September 11, 2023","format":false,"excerpt":"11 Shtator 2023 Nj\u00eb zjarr i rreziksh\u00ebm ka p\u00ebrfshir\u00eb k\u00ebt\u00eb mesdit\u00eb fshatin Livin\u00eb, n\u00eb bashkin\u00eb e Finiqit. Burime b\u00ebjn\u00eb me dije se era e madhe po b\u00ebn q\u00eb flak\u00ebt t\u2019i drejtohen q\u00ebndr\u00ebs s\u00eb fshatit.Banor\u00ebt kan\u00eb nisur t\u00eb evakuohen dhe kan\u00eb braktisur banesat p\u00ebr shkak t\u00eb rrezikut. Bim\u00ebsia e dendur dhe\u2026","rel":"","context":"In &quot;Blogu i Udh\u00ebtarit&quot;","block_context":{"text":"Blogu i Udh\u00ebtarit","link":"https:\/\/www.shqiperia.com\/blog\/category\/blogu-i-udhetarit\/"},"img":{"alt_text":"","src":"https:\/\/i0.wp.com\/www.shqiperia.com\/blog\/wp-content\/uploads\/2023\/09\/800-0-64ff1231e05d8.jpeg?fit=800%2C462&ssl=1&resize=350%2C200","width":350,"height":200,"srcset":"https:\/\/i0.wp.com\/www.shqiperia.com\/blog\/wp-content\/uploads\/2023\/09\/800-0-64ff1231e05d8.jpeg?fit=800%2C462&ssl=1&resize=350%2C200 1x, https:\/\/i0.wp.com\/www.shqiperia.com\/blog\/wp-content\/uploads\/2023\/09\/800-0-64ff1231e05d8.jpeg?fit=800%2C462&ssl=1&resize=525%2C300 1.5x, https:\/\/i0.wp.com\/www.shqiperia.com\/blog\/wp-content\/uploads\/2023\/09\/800-0-64ff1231e05d8.jpeg?fit=800%2C462&ssl=1&resize=700%2C400 2x"},"classes":[]},{"id":60064,"url":"https:\/\/www.shqiperia.com\/blog\/zjarre-nga-jugu-ne-veri-nente-qarqe-me-llambe-te-kuqe-lufte-nga-ajri-dhe-toka-me-flaket\/","url_meta":{"origin":83425,"position":3},"title":"Zjarre nga jugu n\u00eb veri\/ N\u00ebnt\u00eb qarqe \u201cme llamb\u00eb t\u00eb kuqe\u201d, luft\u00eb nga ajri dhe toka me flak\u00ebt","author":"Kurt Farka","date":"July 25, 2022","format":false,"excerpt":"25 Korrik 20224 T\u00eb pakt\u00ebn 29 vatra zjarresh u shfaq\u00ebn n\u00eb 24 or\u00ebt e fundit n\u00eb vend, nga t\u00eb cilat 7 ende vijojn\u00eb t\u00eb djegin pyje e toka. 9 nga 12 qarqe t\u00eb vendit k\u00ebt\u00eb t\u00eb h\u00ebn\u00eb jan\u00eb n\u00eb alarm nga rreziku p\u00ebr shkak t\u00eb temperaturave t\u00eb larta. Java nisi\u2026","rel":"","context":"In &quot;Blogu i Udh\u00ebtarit&quot;","block_context":{"text":"Blogu i Udh\u00ebtarit","link":"https:\/\/www.shqiperia.com\/blog\/category\/blogu-i-udhetarit\/"},"img":{"alt_text":"","src":"https:\/\/i0.wp.com\/www.shqiperia.com\/blog\/wp-content\/uploads\/2022\/07\/auto_zjarr11628869338.jpg?fit=900%2C533&ssl=1&resize=350%2C200","width":350,"height":200,"srcset":"https:\/\/i0.wp.com\/www.shqiperia.com\/blog\/wp-content\/uploads\/2022\/07\/auto_zjarr11628869338.jpg?fit=900%2C533&ssl=1&resize=350%2C200 1x, https:\/\/i0.wp.com\/www.shqiperia.com\/blog\/wp-content\/uploads\/2022\/07\/auto_zjarr11628869338.jpg?fit=900%2C533&ssl=1&resize=525%2C300 1.5x, https:\/\/i0.wp.com\/www.shqiperia.com\/blog\/wp-content\/uploads\/2022\/07\/auto_zjarr11628869338.jpg?fit=900%2C533&ssl=1&resize=700%2C400 2x"},"classes":[]},{"id":55938,"url":"https:\/\/www.shqiperia.com\/blog\/shqiperia-nen-gjuhet-e-flakeve-zjarre-masive-nga-te-gjitha-anet-temperaturat-e-uleta-nuk-ndihmojne-aspak\/","url_meta":{"origin":83425,"position":4},"title":"Shqip\u00ebria n\u00ebn gjuh\u00ebt e flak\u00ebve! &#8211; Zjarre masive nga t\u00eb gjitha an\u00ebt, temperaturat e ul\u00ebta nuk ndihmojn\u00eb aspak","author":"Kurt Farka","date":"March 25, 2022","format":false,"excerpt":"Shqip\u00ebria n\u00ebn gjuh\u00ebt e flak\u00ebve! - Zjarre masive nga t\u00eb gjitha an\u00ebt, temperaturat e ul\u00ebta nuk ndihmojn\u00eb aspak - 24.03.22 Kodrat e Parkut Komb\u00ebtar t\u00eb Divjak\u00ebs dhe Karavastas\u00eb Sh\u00ebngjin Zjarri n\u00eb Dukat t\u00eb Vlor\u00ebs Flak\u00ebt p\u00ebrfshijn\u00eb sip\u00ebrfaqen pyjore n\u00eb Vaun e Dej\u00ebs Llogara, zjarrfik\u00ebsit t\u00eb pafuqish\u00ebm para flak\u00ebve Zjarri n\u00eb\u2026","rel":"","context":"In &quot;Blogu i Udh\u00ebtarit&quot;","block_context":{"text":"Blogu i Udh\u00ebtarit","link":"https:\/\/www.shqiperia.com\/blog\/category\/blogu-i-udhetarit\/"},"img":{"alt_text":"","src":"https:\/\/i0.wp.com\/www.shqiperia.com\/blog\/wp-content\/uploads\/2022\/03\/Shengjin.jpg?fit=768%2C422&ssl=1&resize=350%2C200","width":350,"height":200,"srcset":"https:\/\/i0.wp.com\/www.shqiperia.com\/blog\/wp-content\/uploads\/2022\/03\/Shengjin.jpg?fit=768%2C422&ssl=1&resize=350%2C200 1x, https:\/\/i0.wp.com\/www.shqiperia.com\/blog\/wp-content\/uploads\/2022\/03\/Shengjin.jpg?fit=768%2C422&ssl=1&resize=525%2C300 1.5x, https:\/\/i0.wp.com\/www.shqiperia.com\/blog\/wp-content\/uploads\/2022\/03\/Shengjin.jpg?fit=768%2C422&ssl=1&resize=700%2C400 2x"},"classes":[]},{"id":36801,"url":"https:\/\/www.shqiperia.com\/blog\/zjarret-perpijne-pyjet-me-pisha-e-geshtenja-ne-gramsh-e-seman-ne-rubik-riaktivizohet-vatra-ne-shkoder\/","url_meta":{"origin":83425,"position":5},"title":"Zjarret \u2018p\u00ebrpijn\u00eb\u2019 pyjet me pisha e g\u00ebshtenja n\u00eb Gramsh e Seman! N\u00eb Rubik riaktivizohet vatra, ne Shkoder \u2026","author":"Kurt Farka","date":"August 2, 2020","format":false,"excerpt":"Zjarret \u2018p\u00ebrpijn\u00eb\u2019 pyjet me pisha e g\u00ebshtenja n\u00eb Gramsh e Seman! N\u00eb Rubik riaktivizohet vatra, ne Shkoder \u2026 Zjarret p\u00ebrfshijn\u00eb t\u00eb tjera sip\u00ebrfaqe me pyje n\u00eb vend. K\u00ebt\u00eb t\u00eb diel nj\u00eb sip\u00ebrfaqe pylli me pisha ka marr\u00eb flak\u00eb n\u00eb Seman t\u00eb Fierit n\u00eb vendin e quajtur Godull por edhe n\u00eb\u2026","rel":"","context":"In &quot;Blogu i Udh\u00ebtarit&quot;","block_context":{"text":"Blogu i Udh\u00ebtarit","link":"https:\/\/www.shqiperia.com\/blog\/category\/blogu-i-udhetarit\/"},"img":{"alt_text":"","src":"https:\/\/i0.wp.com\/www.shqiperia.com\/blog\/wp-content\/uploads\/2020\/08\/1596392617_11.jpg?fit=780%2C440&ssl=1&resize=350%2C200","width":350,"height":200,"srcset":"https:\/\/i0.wp.com\/www.shqiperia.com\/blog\/wp-content\/uploads\/2020\/08\/1596392617_11.jpg?fit=780%2C440&ssl=1&resize=350%2C200 1x, https:\/\/i0.wp.com\/www.shqiperia.com\/blog\/wp-content\/uploads\/2020\/08\/1596392617_11.jpg?fit=780%2C440&ssl=1&resize=525%2C300 1.5x, https:\/\/i0.wp.com\/www.shqiperia.com\/blog\/wp-content\/uploads\/2020\/08\/1596392617_11.jpg?fit=780%2C440&ssl=1&resize=700%2C400 2x"},"classes":[]}],"_links":{"self":[{"href":"https:\/\/www.shqiperia.com\/blog\/wp-json\/wp\/v2\/posts\/83425","targetHints":{"allow":["GET"]}}],"collection":[{"href":"https:\/\/www.shqiperia.com\/blog\/wp-json\/wp\/v2\/posts"}],"about":[{"href":"https:\/\/www.shqiperia.com\/blog\/wp-json\/wp\/v2\/types\/post"}],"author":[{"embeddable":true,"href":"https:\/\/www.shqiperia.com\/blog\/wp-json\/wp\/v2\/users\/9"}],"replies":[{"embeddable":true,"href":"https:\/\/www.shqiperia.com\/blog\/wp-json\/wp\/v2\/comments?post=83425"}],"version-history":[{"count":2,"href":"https:\/\/www.shqiperia.com\/blog\/wp-json\/wp\/v2\/posts\/83425\/revisions"}],"predecessor-version":[{"id":83428,"href":"https:\/\/www.shqiperia.com\/blog\/wp-json\/wp\/v2\/posts\/83425\/revisions\/83428"}],"wp:featuredmedia":[{"embeddable":true,"href":"https:\/\/www.shqiperia.com\/blog\/wp-json\/wp\/v2\/media\/83426"}],"wp:attachment":[{"href":"https:\/\/www.shqiperia.com\/blog\/wp-json\/wp\/v2\/media?parent=83425"}],"wp:term":[{"taxonomy":"category","embeddable":true,"href":"https:\/\/www.shqiperia.com\/blog\/wp-json\/wp\/v2\/categories?post=83425"},{"taxonomy":"post_tag","embeddable":true,"href":"https:\/\/www.shqiperia.com\/blog\/wp-json\/wp\/v2\/tags?post=83425"}],"curies":[{"name":"wp","href":"https:\/\/api.w.org\/{rel}","templated":true}]}}