{"id":83420,"date":"2024-08-09T23:54:27","date_gmt":"2024-08-09T23:54:27","guid":{"rendered":"https:\/\/www.shqiperia.com\/blog\/?p=83420"},"modified":"2024-08-10T00:51:49","modified_gmt":"2024-08-10T00:51:49","slug":"ethet-e-nilit-perendimor-alimehmeti-simptomat-jane-dhimbje-trupi-barku-koke-dhe-temperature","status":"publish","type":"post","link":"https:\/\/www.shqiperia.com\/blog\/ethet-e-nilit-perendimor-alimehmeti-simptomat-jane-dhimbje-trupi-barku-koke-dhe-temperature\/","title":{"rendered":"&#8220;Ethet e Nilit Per\u00ebndimor&#8221;: &#8211;  Alimehmeti: Simptomat jan\u00eb dhimbje trupi, barku, koke dhe temperatur\u00eb&#8230;"},"content":{"rendered":"<p><img data-recalc-dims=\"1\" loading=\"lazy\" decoding=\"async\" data-attachment-id=\"83432\" data-permalink=\"https:\/\/www.shqiperia.com\/blog\/ethet-e-nilit-perendimor-alimehmeti-simptomat-jane-dhimbje-trupi-barku-koke-dhe-temperature\/9-7-780x439-770x433\/\" data-orig-file=\"https:\/\/i0.wp.com\/www.shqiperia.com\/blog\/wp-content\/uploads\/2024\/08\/9-7-780x439-770x433-1.jpg?fit=770%2C433&amp;ssl=1\" data-orig-size=\"770,433\" data-comments-opened=\"1\" data-image-meta=\"{&quot;aperture&quot;:&quot;0&quot;,&quot;credit&quot;:&quot;&quot;,&quot;camera&quot;:&quot;&quot;,&quot;caption&quot;:&quot;&quot;,&quot;created_timestamp&quot;:&quot;0&quot;,&quot;copyright&quot;:&quot;&quot;,&quot;focal_length&quot;:&quot;0&quot;,&quot;iso&quot;:&quot;0&quot;,&quot;shutter_speed&quot;:&quot;0&quot;,&quot;title&quot;:&quot;&quot;,&quot;orientation&quot;:&quot;0&quot;}\" data-image-title=\"9-7-780&#215;439-770&#215;433\" data-image-description=\"\" data-image-caption=\"\" data-medium-file=\"https:\/\/i0.wp.com\/www.shqiperia.com\/blog\/wp-content\/uploads\/2024\/08\/9-7-780x439-770x433-1.jpg?fit=300%2C169&amp;ssl=1\" data-large-file=\"https:\/\/i0.wp.com\/www.shqiperia.com\/blog\/wp-content\/uploads\/2024\/08\/9-7-780x439-770x433-1.jpg?fit=770%2C433&amp;ssl=1\" class=\"alignnone wp-image-83432\" alt=\"\" src=\"https:\/\/i0.wp.com\/www.shqiperia.com\/blog\/wp-content\/uploads\/2024\/08\/9-7-780x439-770x433-1.jpg?resize=691%2C389&#038;ssl=1\" width=\"691\" height=\"389\" srcset=\"https:\/\/i0.wp.com\/www.shqiperia.com\/blog\/wp-content\/uploads\/2024\/08\/9-7-780x439-770x433-1.jpg?resize=300%2C169&amp;ssl=1 300w, https:\/\/i0.wp.com\/www.shqiperia.com\/blog\/wp-content\/uploads\/2024\/08\/9-7-780x439-770x433-1.jpg?resize=768%2C432&amp;ssl=1 768w, https:\/\/i0.wp.com\/www.shqiperia.com\/blog\/wp-content\/uploads\/2024\/08\/9-7-780x439-770x433-1.jpg?resize=450%2C253&amp;ssl=1 450w, https:\/\/i0.wp.com\/www.shqiperia.com\/blog\/wp-content\/uploads\/2024\/08\/9-7-780x439-770x433-1.jpg?resize=600%2C337&amp;ssl=1 600w, https:\/\/i0.wp.com\/www.shqiperia.com\/blog\/wp-content\/uploads\/2024\/08\/9-7-780x439-770x433-1.jpg?resize=400%2C225&amp;ssl=1 400w, https:\/\/i0.wp.com\/www.shqiperia.com\/blog\/wp-content\/uploads\/2024\/08\/9-7-780x439-770x433-1.jpg?w=770&amp;ssl=1 770w\" sizes=\"auto, (max-width: 691px) 100vw, 691px\" \/><\/p>\n<p>10 Gusht 2024<\/p>\n<p>Virusi &#8220;Ethet e Nilit Per\u00ebndimor&#8221; u rikthye n\u00eb vendin ton\u00eb pothuajse pas 13 vitesh, ku ka pasur humbje jet\u00ebsh, ashtu sikund\u00ebr dhjet\u00ebra persona t\u00eb infektuar.<\/p>\n<p>P\u00ebr t\u00eb folur p\u00ebr k\u00ebto zhvillime t\u00eb r\u00ebnd\u00ebsishme, i ftuar n\u00eb nj\u00eb lidhje direkte me &#8220;Skype&#8221;, n\u00eb studion e &#8220;Ora News&#8221; ishte\u00a0epidemiologu Ilir Alimehmeti.<\/p>\n<p><em>&#8220;Ky \u00ebsht\u00eb nj\u00eb virus q\u00eb shp\u00ebrndahet n\u00eb shifra t\u00eb ul\u00ebta. 80% e t\u00eb infektuara nuk shfaqin asnj\u00eb simptom\u00eb t\u00eb vetme. 20% do t\u00eb ken\u00eb simptoma si dhimbje trupi, dhimbje gryke\u00a0dhimbje barku, temperatur\u00eb, dhe vet\u00ebm 1% jan\u00eb raste q\u00eb agravohen. <\/em><\/p>\n<p><em>Dhe \u00e7do 10 vet\u00eb q\u00eb paraqitet me prekje t\u00eb r\u00ebnda t\u00eb sistemit nervor qendror, 9 prej tyre e kap\u00ebrcejn\u00eb s\u00ebmundjen. <\/em><\/p>\n<p><em>Pra vdekshm\u00ebria \u00ebsht\u00eb 10% e rasteve t\u00eb infektuara, q\u00eb \u00ebsht\u00eb e ngjashme me virozat e tjera dhe duhet t\u00eb mbrojm\u00eb t\u00eb nj\u00ebjtit kontigjent pra moshat e vjetra dhe persona t\u00eb s\u00ebmur\u00eb apo q\u00eb sistemin imunitar e kan\u00eb t\u00eb dob\u00ebt&#8221;<\/em>, tha doktori.<\/p>\n","protected":false},"excerpt":{"rendered":"<p>10 Gusht 2024 Virusi &#8220;Ethet e Nilit Per\u00ebndimor&#8221; u rikthye n\u00eb vendin ton\u00eb pothuajse pas 13 vitesh, ku ka pasur humbje jet\u00ebsh, ashtu sikund\u00ebr dhjet\u00ebra persona t\u00eb infektuar. P\u00ebr t\u00eb folur p\u00ebr k\u00ebto zhvillime t\u00eb r\u00ebnd\u00ebsishme, i ftuar n\u00eb nj\u00eb lidhje direkte me &#8220;Skype&#8221;, n\u00eb studion e &#8220;Ora News&#8221; ishte\u00a0epidemiologu Ilir Alimehmeti. &#8220;Ky \u00ebsht\u00eb nj\u00eb [&hellip;]<\/p>\n","protected":false},"author":9,"featured_media":83432,"comment_status":"open","ping_status":"open","sticky":false,"template":"","format":"standard","meta":{"jetpack_post_was_ever_published":false,"_jetpack_newsletter_access":"","_jetpack_dont_email_post_to_subs":false,"_jetpack_newsletter_tier_id":0,"_jetpack_memberships_contains_paywalled_content":false,"_jetpack_memberships_contains_paid_content":false,"footnotes":"","jetpack_publicize_message":"","jetpack_publicize_feature_enabled":true,"jetpack_social_post_already_shared":true,"jetpack_social_options":{"image_generator_settings":{"template":"highway","default_image_id":0,"font":"","enabled":false},"version":2}},"categories":[27,1,35],"tags":[],"class_list":["post-83420","post","type-post","status-publish","format-standard","has-post-thumbnail","hentry","category-blogu-i-udhetarit","category-njoftime-shtypi","category-shoqerore"],"jetpack_publicize_connections":[],"jetpack_featured_media_url":"https:\/\/i0.wp.com\/www.shqiperia.com\/blog\/wp-content\/uploads\/2024\/08\/9-7-780x439-770x433-1.jpg?fit=770%2C433&ssl=1","jetpack_sharing_enabled":true,"jetpack_shortlink":"https:\/\/wp.me\/p5Z6wp-lHu","jetpack-related-posts":[{"id":83341,"url":"https:\/\/www.shqiperia.com\/blog\/ethet-e-nilit-9-raste-ne-spitalin-infektiv-ne-qsut-como-pacientet-jane-mbi-70-vjec\/","url_meta":{"origin":83420,"position":0},"title":"Ethet e Nilit, 9 raste n\u00eb spitalin infektiv n\u00eb QSUT, \u00c7omo: Pacient\u00ebt jan\u00eb mbi 70 vje\u00e7","author":"Kurt Farka","date":"August 7, 2024","format":false,"excerpt":"7 Gusht 2024 N\u00eb Spitalin infektiv n\u00eb QSUT jan\u00eb t\u00eb shtruar 9 pacient\u00eb t\u00eb prekur nga virusi i nilit per\u00ebndimor. Shefja e k\u00ebtij sh\u00ebrbimi Najada \u00c7omo b\u00ebn me dije, se pacient\u00ebt jan\u00eb t\u00eb mosh\u00ebs mbi 70 vjec, nd\u00ebrsa thot\u00eb se s\u00ebmundja q\u00eb prek trurin \u00ebsht\u00eb shpesh jet\u00eb k\u00ebrc\u00ebnuese p\u00ebr disa\u2026","rel":"","context":"In &quot;Blogu i Udh\u00ebtarit&quot;","block_context":{"text":"Blogu i Udh\u00ebtarit","link":"https:\/\/www.shqiperia.com\/blog\/category\/blogu-i-udhetarit\/"},"img":{"alt_text":"","src":"https:\/\/i0.wp.com\/www.shqiperia.com\/blog\/wp-content\/uploads\/2024\/08\/IMG_1585-1536x1188-1.jpg?fit=1200%2C745&ssl=1&resize=350%2C200","width":350,"height":200,"srcset":"https:\/\/i0.wp.com\/www.shqiperia.com\/blog\/wp-content\/uploads\/2024\/08\/IMG_1585-1536x1188-1.jpg?fit=1200%2C745&ssl=1&resize=350%2C200 1x, https:\/\/i0.wp.com\/www.shqiperia.com\/blog\/wp-content\/uploads\/2024\/08\/IMG_1585-1536x1188-1.jpg?fit=1200%2C745&ssl=1&resize=525%2C300 1.5x, https:\/\/i0.wp.com\/www.shqiperia.com\/blog\/wp-content\/uploads\/2024\/08\/IMG_1585-1536x1188-1.jpg?fit=1200%2C745&ssl=1&resize=700%2C400 2x, https:\/\/i0.wp.com\/www.shqiperia.com\/blog\/wp-content\/uploads\/2024\/08\/IMG_1585-1536x1188-1.jpg?fit=1200%2C745&ssl=1&resize=1050%2C600 3x"},"classes":[]},{"id":83317,"url":"https:\/\/www.shqiperia.com\/blog\/ethet-e-nilit-ne-shqiperi-3-te-vdekur-dhe-17-te-infektuar\/","url_meta":{"origin":83420,"position":1},"title":"\u201cEthet e Nilit\u201d n\u00eb Shqip\u00ebri! 3 t\u00eb vdekur dhe 17 t\u00eb infektuar","author":"Kurt Farka","date":"August 6, 2024","format":false,"excerpt":"6 Gusht 2024 Pas 13 vitesh n\u00eb vendin ton\u00eb rikthehet virusi \u201cEthet e Nilit Per\u00ebndimor\u201d. ISHP raporton se jan\u00eb 17 t\u00eb infektuar, 3 qytetar\u00eb kan\u00eb humbur jet\u00ebn. \u2018Ethet e Nilit\u2019 \u00ebsht\u00eb s\u00ebmundje zoonotike, q\u00eb qarkullon kryesisht te zogjt\u00eb dhe q\u00eb prek sistemin nervor, por s\u00ebmundja kalon tek njer\u00ebzit nga pickimi\u2026","rel":"","context":"In &quot;Blogu i Udh\u00ebtarit&quot;","block_context":{"text":"Blogu i Udh\u00ebtarit","link":"https:\/\/www.shqiperia.com\/blog\/category\/blogu-i-udhetarit\/"},"img":{"alt_text":"","src":"https:\/\/i0.wp.com\/www.shqiperia.com\/blog\/wp-content\/uploads\/2024\/08\/800-0-1722858265xfoto-200.jpg?fit=800%2C505&ssl=1&resize=350%2C200","width":350,"height":200,"srcset":"https:\/\/i0.wp.com\/www.shqiperia.com\/blog\/wp-content\/uploads\/2024\/08\/800-0-1722858265xfoto-200.jpg?fit=800%2C505&ssl=1&resize=350%2C200 1x, https:\/\/i0.wp.com\/www.shqiperia.com\/blog\/wp-content\/uploads\/2024\/08\/800-0-1722858265xfoto-200.jpg?fit=800%2C505&ssl=1&resize=525%2C300 1.5x, https:\/\/i0.wp.com\/www.shqiperia.com\/blog\/wp-content\/uploads\/2024\/08\/800-0-1722858265xfoto-200.jpg?fit=800%2C505&ssl=1&resize=700%2C400 2x"},"classes":[]},{"id":61162,"url":"https:\/\/www.shqiperia.com\/blog\/virusi-i-etheve-te-nilit-i-afrohet-shqiperise-tenderi-i-mushkonjave-deshtoi\/","url_meta":{"origin":83420,"position":2},"title":"Virusi i etheve t\u00eb Nilit i afrohet Shqip\u00ebris\u00eb. &#8211; Tenderi &#8220;i mushkonjave&#8221; d\u00ebshtoi.","author":"Kurt Farka","date":"August 15, 2022","format":false,"excerpt":"15 Gusht 2022 Ethet e Nilit per\u00ebndimor ndodhen shum\u00eb pran\u00eb Shqip\u00ebris\u00eb. Mushkonjat t\u00eb cilat p\u00ebrhapin virusin vdekjeprur\u00ebs qarkullojn\u00eb me shumic\u00eb n\u00eb vendin ton\u00eb, pasi k\u00ebt\u00eb vit nuk \u00ebsht\u00eb b\u00ebr\u00eb dezinsektimi i tyre. Nd\u00ebrkoh\u00eb Italia fqinje \u00ebsht\u00eb alarmuar p\u00ebr shkak t\u00eb p\u00ebrhapjes s\u00eb etheve t\u00eb Nilit, ku deri m\u00eb tani jan\u00eb\u2026","rel":"","context":"In &quot;Blogu i Udh\u00ebtarit&quot;","block_context":{"text":"Blogu i Udh\u00ebtarit","link":"https:\/\/www.shqiperia.com\/blog\/category\/blogu-i-udhetarit\/"},"img":{"alt_text":"","src":"https:\/\/i0.wp.com\/www.shqiperia.com\/blog\/wp-content\/uploads\/2022\/08\/Mushkonja-e-Etheve-te-Nilit.jpeg?fit=604%2C346&ssl=1&resize=350%2C200","width":350,"height":200,"srcset":"https:\/\/i0.wp.com\/www.shqiperia.com\/blog\/wp-content\/uploads\/2022\/08\/Mushkonja-e-Etheve-te-Nilit.jpeg?fit=604%2C346&ssl=1&resize=350%2C200 1x, https:\/\/i0.wp.com\/www.shqiperia.com\/blog\/wp-content\/uploads\/2022\/08\/Mushkonja-e-Etheve-te-Nilit.jpeg?fit=604%2C346&ssl=1&resize=525%2C300 1.5x"},"classes":[]},{"id":61237,"url":"https:\/\/www.shqiperia.com\/blog\/virusi-i-nilit-perendimor-mberrin-ne-ballkan-regjistrohet-viktima-e-pare-ne-serbi-sa-rrezikohet-shqiperia\/","url_meta":{"origin":83420,"position":3},"title":"Virusi i Nilit per\u00ebndimor mb\u00ebrrin n\u00eb Ballkan, regjistrohet viktima e par\u00eb n\u00eb Serbi. &#8211; Sa rrezikohet Shqip\u00ebria?","author":"Kurt Farka","date":"August 17, 2022","format":false,"excerpt":"17 Gusht 2022 \"...Beogradi konfirmon 11 raste t\u00eb r\u00ebnda\". ... Nj\u00eb person i cili u infektua nga virusi i Nilit Per\u00ebndimor (WNV) i transmetuar nga pickimi i mushkonjave, ka humbur jet\u00ebn n\u00eb Serbi. N\u00eb njoftimin nga Agjencia e Sh\u00ebndetit Publik t\u00eb Beogradit thuhet se n\u00eb vend jan\u00eb hasur 11 raste\u2026","rel":"","context":"In &quot;Blogu i Udh\u00ebtarit&quot;","block_context":{"text":"Blogu i Udh\u00ebtarit","link":"https:\/\/www.shqiperia.com\/blog\/category\/blogu-i-udhetarit\/"},"img":{"alt_text":"","src":"https:\/\/i0.wp.com\/www.shqiperia.com\/blog\/wp-content\/uploads\/2022\/08\/ethet-e-nilit.jpg?fit=735%2C400&ssl=1&resize=350%2C200","width":350,"height":200,"srcset":"https:\/\/i0.wp.com\/www.shqiperia.com\/blog\/wp-content\/uploads\/2022\/08\/ethet-e-nilit.jpg?fit=735%2C400&ssl=1&resize=350%2C200 1x, https:\/\/i0.wp.com\/www.shqiperia.com\/blog\/wp-content\/uploads\/2022\/08\/ethet-e-nilit.jpg?fit=735%2C400&ssl=1&resize=525%2C300 1.5x, https:\/\/i0.wp.com\/www.shqiperia.com\/blog\/wp-content\/uploads\/2022\/08\/ethet-e-nilit.jpg?fit=735%2C400&ssl=1&resize=700%2C400 2x"},"classes":[]},{"id":83616,"url":"https:\/\/www.shqiperia.com\/blog\/58-te-infektuar-me-ethet-e-nilit-ishp-apel-bashkive-te-bejne-dezinstektimin-kunder-mushkonjave\/","url_meta":{"origin":83420,"position":4},"title":"58 t\u00eb infektuar me ethet e Nilit! ISHP apel bashkive t\u00eb b\u00ebjn\u00eb dezinstektimin kund\u00ebr mushkonjave","author":"Kurt Farka","date":"August 22, 2024","format":false,"excerpt":"22 Gusht 2024 Numri i personave t\u00eb infektuar me Ethet e Nilit Per\u00ebndimor t\u00eb konfirmuar n\u00eb laboratorin e ISHP n\u00eb vendin ton\u00eb, ka mb\u00ebrritur n\u00eb 58, nd\u00ebrkoh\u00eb q\u00eb situata po mbahet n\u00eb monitorim nga Instituti i Sh\u00ebndetit publik, ku mb\u00ebrrijn\u00eb \u00e7do dit\u00eb teste t\u00eb marra nga pacient\u00ebt e dyshuar si\u2026","rel":"","context":"In &quot;Blogu i Udh\u00ebtarit&quot;","block_context":{"text":"Blogu i Udh\u00ebtarit","link":"https:\/\/www.shqiperia.com\/blog\/category\/blogu-i-udhetarit\/"},"img":{"alt_text":"","src":"https:\/\/i0.wp.com\/www.shqiperia.com\/blog\/wp-content\/uploads\/2024\/08\/640-0-d22140e5a9806eca2782058bab1a3690.jpg?fit=640%2C360&ssl=1&resize=350%2C200","width":350,"height":200,"srcset":"https:\/\/i0.wp.com\/www.shqiperia.com\/blog\/wp-content\/uploads\/2024\/08\/640-0-d22140e5a9806eca2782058bab1a3690.jpg?fit=640%2C360&ssl=1&resize=350%2C200 1x, https:\/\/i0.wp.com\/www.shqiperia.com\/blog\/wp-content\/uploads\/2024\/08\/640-0-d22140e5a9806eca2782058bab1a3690.jpg?fit=640%2C360&ssl=1&resize=525%2C300 1.5x"},"classes":[]},{"id":30222,"url":"https:\/\/www.shqiperia.com\/blog\/shenjat-qe-tregojne-se-trupi-juaj-eshte-plot-me-toksina\/","url_meta":{"origin":83420,"position":5},"title":"Shenjat q\u00eb tregojn\u00eb se trupi juaj \u00ebsht\u00eb plot me toksina","author":"Kurt Farka","date":"January 10, 2020","format":false,"excerpt":"Shenjat q\u00eb tregojn\u00eb se trupi juaj \u00ebsht\u00eb plot me toksina Ndiheni vazhdimisht t\u00eb lodhur, keni probleme me stomakun, shpesh keni dhimbje koke dhe ndryshime t\u00eb humorit. Problemi mund t\u00eb jet\u00eb n\u00eb helmet q\u00eb futen n\u00eb trup, m\u00eb shpesh p\u00ebrmes past\u00ebs s\u00eb dh\u00ebmb\u00ebve, deodorantit, kremrave, ujit t\u00eb kontaminuar, frutave, perimeve dhe\u2026","rel":"","context":"In &quot;Blogu i Udh\u00ebtarit&quot;","block_context":{"text":"Blogu i Udh\u00ebtarit","link":"https:\/\/www.shqiperia.com\/blog\/category\/blogu-i-udhetarit\/"},"img":{"alt_text":"","src":"https:\/\/i0.wp.com\/www.shqiperia.com\/blog\/wp-content\/uploads\/2020\/01\/Capture-7-905x450-1.jpg?fit=905%2C450&ssl=1&resize=350%2C200","width":350,"height":200,"srcset":"https:\/\/i0.wp.com\/www.shqiperia.com\/blog\/wp-content\/uploads\/2020\/01\/Capture-7-905x450-1.jpg?fit=905%2C450&ssl=1&resize=350%2C200 1x, https:\/\/i0.wp.com\/www.shqiperia.com\/blog\/wp-content\/uploads\/2020\/01\/Capture-7-905x450-1.jpg?fit=905%2C450&ssl=1&resize=525%2C300 1.5x, https:\/\/i0.wp.com\/www.shqiperia.com\/blog\/wp-content\/uploads\/2020\/01\/Capture-7-905x450-1.jpg?fit=905%2C450&ssl=1&resize=700%2C400 2x"},"classes":[]}],"_links":{"self":[{"href":"https:\/\/www.shqiperia.com\/blog\/wp-json\/wp\/v2\/posts\/83420","targetHints":{"allow":["GET"]}}],"collection":[{"href":"https:\/\/www.shqiperia.com\/blog\/wp-json\/wp\/v2\/posts"}],"about":[{"href":"https:\/\/www.shqiperia.com\/blog\/wp-json\/wp\/v2\/types\/post"}],"author":[{"embeddable":true,"href":"https:\/\/www.shqiperia.com\/blog\/wp-json\/wp\/v2\/users\/9"}],"replies":[{"embeddable":true,"href":"https:\/\/www.shqiperia.com\/blog\/wp-json\/wp\/v2\/comments?post=83420"}],"version-history":[{"count":6,"href":"https:\/\/www.shqiperia.com\/blog\/wp-json\/wp\/v2\/posts\/83420\/revisions"}],"predecessor-version":[{"id":83433,"href":"https:\/\/www.shqiperia.com\/blog\/wp-json\/wp\/v2\/posts\/83420\/revisions\/83433"}],"wp:featuredmedia":[{"embeddable":true,"href":"https:\/\/www.shqiperia.com\/blog\/wp-json\/wp\/v2\/media\/83432"}],"wp:attachment":[{"href":"https:\/\/www.shqiperia.com\/blog\/wp-json\/wp\/v2\/media?parent=83420"}],"wp:term":[{"taxonomy":"category","embeddable":true,"href":"https:\/\/www.shqiperia.com\/blog\/wp-json\/wp\/v2\/categories?post=83420"},{"taxonomy":"post_tag","embeddable":true,"href":"https:\/\/www.shqiperia.com\/blog\/wp-json\/wp\/v2\/tags?post=83420"}],"curies":[{"name":"wp","href":"https:\/\/api.w.org\/{rel}","templated":true}]}}