{"id":83416,"date":"2024-08-09T10:58:05","date_gmt":"2024-08-09T10:58:05","guid":{"rendered":"https:\/\/www.shqiperia.com\/blog\/?p=83416"},"modified":"2024-08-09T10:58:05","modified_gmt":"2024-08-09T10:58:05","slug":"del-jashte-kontrollit-zjarri-ne-kuroren-e-liqenit-te-zi-ne-bulqize-kerkohet-nderhyrje-nga-ajri","status":"publish","type":"post","link":"https:\/\/www.shqiperia.com\/blog\/del-jashte-kontrollit-zjarri-ne-kuroren-e-liqenit-te-zi-ne-bulqize-kerkohet-nderhyrje-nga-ajri\/","title":{"rendered":"Del jasht\u00eb kontrollit zjarri n\u00eb kuror\u00ebn e Liqenit t\u00eb Zi n\u00eb Bulqiz\u00eb, k\u00ebrkohet nd\u00ebrhyrje nga ajri"},"content":{"rendered":"<p><img data-recalc-dims=\"1\" loading=\"lazy\" decoding=\"async\" data-attachment-id=\"83417\" data-permalink=\"https:\/\/www.shqiperia.com\/blog\/del-jashte-kontrollit-zjarri-ne-kuroren-e-liqenit-te-zi-ne-bulqize-kerkohet-nderhyrje-nga-ajri\/075f4b0b-33f3-4aab-a80b-adb33bb25190-600x450\/\" data-orig-file=\"https:\/\/i0.wp.com\/www.shqiperia.com\/blog\/wp-content\/uploads\/2024\/08\/075f4b0b-33f3-4aab-a80b-adb33bb25190-600x450-1.jpg?fit=600%2C393&amp;ssl=1\" data-orig-size=\"600,393\" data-comments-opened=\"1\" data-image-meta=\"{&quot;aperture&quot;:&quot;0&quot;,&quot;credit&quot;:&quot;&quot;,&quot;camera&quot;:&quot;&quot;,&quot;caption&quot;:&quot;&quot;,&quot;created_timestamp&quot;:&quot;0&quot;,&quot;copyright&quot;:&quot;&quot;,&quot;focal_length&quot;:&quot;0&quot;,&quot;iso&quot;:&quot;0&quot;,&quot;shutter_speed&quot;:&quot;0&quot;,&quot;title&quot;:&quot;&quot;,&quot;orientation&quot;:&quot;0&quot;}\" data-image-title=\"075f4b0b-33f3-4aab-a80b-adb33bb25190-600&#215;450\" data-image-description=\"\" data-image-caption=\"\" data-medium-file=\"https:\/\/i0.wp.com\/www.shqiperia.com\/blog\/wp-content\/uploads\/2024\/08\/075f4b0b-33f3-4aab-a80b-adb33bb25190-600x450-1.jpg?fit=300%2C197&amp;ssl=1\" data-large-file=\"https:\/\/i0.wp.com\/www.shqiperia.com\/blog\/wp-content\/uploads\/2024\/08\/075f4b0b-33f3-4aab-a80b-adb33bb25190-600x450-1.jpg?fit=600%2C393&amp;ssl=1\" class=\"alignnone  wp-image-83417\" alt=\"\" src=\"https:\/\/i0.wp.com\/www.shqiperia.com\/blog\/wp-content\/uploads\/2024\/08\/075f4b0b-33f3-4aab-a80b-adb33bb25190-600x450-1.jpg?resize=595%2C391&#038;ssl=1\" width=\"595\" height=\"391\" srcset=\"https:\/\/i0.wp.com\/www.shqiperia.com\/blog\/wp-content\/uploads\/2024\/08\/075f4b0b-33f3-4aab-a80b-adb33bb25190-600x450-1.jpg?resize=300%2C197&amp;ssl=1 300w, https:\/\/i0.wp.com\/www.shqiperia.com\/blog\/wp-content\/uploads\/2024\/08\/075f4b0b-33f3-4aab-a80b-adb33bb25190-600x450-1.jpg?resize=450%2C295&amp;ssl=1 450w, https:\/\/i0.wp.com\/www.shqiperia.com\/blog\/wp-content\/uploads\/2024\/08\/075f4b0b-33f3-4aab-a80b-adb33bb25190-600x450-1.jpg?resize=400%2C262&amp;ssl=1 400w, https:\/\/i0.wp.com\/www.shqiperia.com\/blog\/wp-content\/uploads\/2024\/08\/075f4b0b-33f3-4aab-a80b-adb33bb25190-600x450-1.jpg?w=600&amp;ssl=1 600w\" sizes=\"auto, (max-width: 595px) 100vw, 595px\" \/><\/p>\n<p>9 Gusht 2024<\/p>\n<p>Zjarri n\u00eb masivin pyjor me pish\u00eb, ah e bredh n\u00eb kuror\u00ebn e gjelb\u00ebr n\u00eb Zerqan t\u00eb Bulqiz\u00ebs ka dal\u00eb jasht\u00eb kontrollit.<\/p>\n<p>Me gjith\u00eb nd\u00ebrhyrjen e b\u00ebr\u00eb nga toka p\u00ebr 7 dit\u00eb radhazi ka qen\u00eb e pamundur q\u00eb flak\u00ebt t\u00eb shuhen plot\u00ebsisht dhe k\u00ebt\u00eb t\u00eb premte jan\u00eb shfaqur disa vatra zjarri t\u00eb cilat t\u00eb ndihmuara nga era e fort\u00eb e b\u00ebjn\u00eb t\u00eb pamundur fikjen e tyre.<\/p>\n<p>N\u00ebnprefekti i Bulqiz\u00ebs, Avni Muliu tha se forcat e Nj\u00ebsis\u00eb Operacionale p\u00ebr shuarjen e zjarreve kan\u00eb punuar p\u00ebr nj\u00eb jav\u00eb por ka qen\u00eb e pamundur fikja plot\u00ebsisht p\u00ebr shkak t\u00eb terrenit t\u00eb v\u00ebshtir\u00eb dhe pem\u00ebve t\u00eb m\u00ebdha.<\/p>\n<p>Muliu tha se zjarri mund t\u00eb jet\u00eb i q\u00ebllimsh\u00ebm dhe k\u00ebrkon q\u00eb t\u00eb gjendet autori. Nga ana tjet\u00ebr ai shprehet se vet\u00ebm nd\u00ebrhyrja nga ajri e ndalon d\u00ebmin e madh n\u00eb k\u00ebt\u00eb zon\u00eb e cila \u00ebsht\u00eb e vetmja e paprekur n\u00eb Bulqiz\u00eb.<\/p>\n<p>Zjarri n\u00eb malin e T\u00ebrnov\u00ebs n\u00eb Bulqiz\u00eb ka djegur dhe p\u00ebrshkuar disa hektar pyll me pem\u00eb shekullore.<\/p>\n<p><strong>BalkanWeb<\/strong><\/p>\n","protected":false},"excerpt":{"rendered":"<p>9 Gusht 2024 Zjarri n\u00eb masivin pyjor me pish\u00eb, ah e bredh n\u00eb kuror\u00ebn e gjelb\u00ebr n\u00eb Zerqan t\u00eb Bulqiz\u00ebs ka dal\u00eb jasht\u00eb kontrollit. Me gjith\u00eb nd\u00ebrhyrjen e b\u00ebr\u00eb nga toka p\u00ebr 7 dit\u00eb radhazi ka qen\u00eb e pamundur q\u00eb flak\u00ebt t\u00eb shuhen plot\u00ebsisht dhe k\u00ebt\u00eb t\u00eb premte jan\u00eb shfaqur disa vatra zjarri t\u00eb cilat [&hellip;]<\/p>\n","protected":false},"author":9,"featured_media":83417,"comment_status":"open","ping_status":"open","sticky":false,"template":"","format":"standard","meta":{"jetpack_post_was_ever_published":false,"_jetpack_newsletter_access":"","_jetpack_dont_email_post_to_subs":false,"_jetpack_newsletter_tier_id":0,"_jetpack_memberships_contains_paywalled_content":false,"_jetpack_memberships_contains_paid_content":false,"footnotes":"","jetpack_publicize_message":"","jetpack_publicize_feature_enabled":true,"jetpack_social_post_already_shared":true,"jetpack_social_options":{"image_generator_settings":{"template":"highway","default_image_id":0,"font":"","enabled":false},"version":2}},"categories":[27,1,35],"tags":[],"class_list":["post-83416","post","type-post","status-publish","format-standard","has-post-thumbnail","hentry","category-blogu-i-udhetarit","category-njoftime-shtypi","category-shoqerore"],"jetpack_publicize_connections":[],"jetpack_featured_media_url":"https:\/\/i0.wp.com\/www.shqiperia.com\/blog\/wp-content\/uploads\/2024\/08\/075f4b0b-33f3-4aab-a80b-adb33bb25190-600x450-1.jpg?fit=600%2C393&ssl=1","jetpack_sharing_enabled":true,"jetpack_shortlink":"https:\/\/wp.me\/p5Z6wp-lHq","jetpack-related-posts":[{"id":48224,"url":"https:\/\/www.shqiperia.com\/blog\/zjarr-prej-disa-oresh-ne-panteonin-mitik-iliro-arberor\/","url_meta":{"origin":83416,"position":0},"title":"Zjarr prej disa or\u00ebsh n\u00eb Panteonin Mitik Iliro &#8211; \u00a0Arberor.","author":"Kurt Farka","date":"June 28, 2021","format":false,"excerpt":"Zjarr prej disa or\u00ebsh n\u00eb Panteonin Mitik Iliro - \u00a0Arberor. 28 qershor 2021 Q\u00eb prej or\u00ebve t\u00eb para t\u00eb m\u00ebngjesit t\u00eb dit\u00ebs s\u00eb sotme n\u00eb malin e Tomorrit persona t\u00eb paidentifikuar i kan\u00eb v\u00ebn\u00eb zjarrin kuror\u00ebs me pisha. Terreni i v\u00ebshtir\u00eb ka b\u00ebr\u00eb q\u00eb zjarri t\u00eb marr\u00eb p\u00ebrmasa t\u00eb m\u00ebdha,\u2026","rel":"","context":"In &quot;Blogu i Udh\u00ebtarit&quot;","block_context":{"text":"Blogu i Udh\u00ebtarit","link":"https:\/\/www.shqiperia.com\/blog\/category\/blogu-i-udhetarit\/"},"img":{"alt_text":"","src":"https:\/\/i0.wp.com\/www.shqiperia.com\/blog\/wp-content\/uploads\/2021\/06\/zjarr-er-540x280-1.jpg?fit=540%2C280&ssl=1&resize=350%2C200","width":350,"height":200,"srcset":"https:\/\/i0.wp.com\/www.shqiperia.com\/blog\/wp-content\/uploads\/2021\/06\/zjarr-er-540x280-1.jpg?fit=540%2C280&ssl=1&resize=350%2C200 1x, https:\/\/i0.wp.com\/www.shqiperia.com\/blog\/wp-content\/uploads\/2021\/06\/zjarr-er-540x280-1.jpg?fit=540%2C280&ssl=1&resize=525%2C300 1.5x"},"classes":[]},{"id":49141,"url":"https:\/\/www.shqiperia.com\/blog\/zjarret-ne-vend-ministria-e-mbrojtjes-perkeqesohet-gjendja-ne-fshatin-thirre-neser-pritet-te-vazhdoje-nderhyrja-nga-ajri\/","url_meta":{"origin":83416,"position":1},"title":"Zjarret n\u00eb vend, Ministria e Mbrojtjes: P\u00ebrkeq\u00ebsohet gjendja n\u00eb fshatin Thirr\u00eb, nes\u00ebr pritet t\u00eb vazhdoj\u00eb nd\u00ebrhyrja nga ajri","author":"Kurt Farka","date":"August 14, 2021","format":false,"excerpt":"Zjarret n\u00eb vend, Ministria e Mbrojtjes: P\u00ebrkeq\u00ebsohet gjendja n\u00eb fshatin Thirr\u00eb, nes\u00ebr pritet t\u00eb vazhdoj\u00eb nd\u00ebrhyrja nga ajri 14 gusht \u00a02021 N\u00eb njoftimin p\u00ebr mediat, ministria thekson se zjarri n\u00eb Malin e T\u00ebrbunit, bashkia Puk\u00eb \u00ebsht\u00eb izoluar n\u00eb mas\u00ebn 70%, pas pun\u00ebs s\u00eb forcave n\u00eb terren dhe nd\u00ebrhyrjes nga ajri\u2026","rel":"","context":"In &quot;Blogu i Udh\u00ebtarit&quot;","block_context":{"text":"Blogu i Udh\u00ebtarit","link":"https:\/\/www.shqiperia.com\/blog\/category\/blogu-i-udhetarit\/"},"img":{"alt_text":"","src":"https:\/\/i0.wp.com\/www.shqiperia.com\/blog\/wp-content\/uploads\/2021\/08\/zjarret.png?fit=839%2C477&ssl=1&resize=350%2C200","width":350,"height":200,"srcset":"https:\/\/i0.wp.com\/www.shqiperia.com\/blog\/wp-content\/uploads\/2021\/08\/zjarret.png?fit=839%2C477&ssl=1&resize=350%2C200 1x, https:\/\/i0.wp.com\/www.shqiperia.com\/blog\/wp-content\/uploads\/2021\/08\/zjarret.png?fit=839%2C477&ssl=1&resize=525%2C300 1.5x, https:\/\/i0.wp.com\/www.shqiperia.com\/blog\/wp-content\/uploads\/2021\/08\/zjarret.png?fit=839%2C477&ssl=1&resize=700%2C400 2x"},"classes":[]},{"id":76670,"url":"https:\/\/www.shqiperia.com\/blog\/pamje-ferri-nga-lushnja-kerkohet-ndime-nga-ushtria-flaket-jashte-kontrollit\/","url_meta":{"origin":83416,"position":2},"title":"PAMJE FERRI NGA LUSHNJA. &#8211; Kerkohet ndim\u00eb nga Ushtria. &#8211; Flak\u00ebt jasht\u00eb kontrollit","author":"Kurt Farka","date":"December 25, 2023","format":false,"excerpt":"Nga OraNews.\u00a025 Dhjetor 2023, 22:05 Zjarri n\u00eb qendr\u00ebn tregtare n\u00eb Lushnje \u00ebsht\u00eb rindezur pik\u00ebrisht aty ku nisi, n\u00eb katin e kat\u00ebrt t\u00eb qendr\u00ebs tregtare, ku ndodhen 100 biznese q\u00eb tregtojn\u00eb mallra industriale, kryesisht jorgan\u00eb, dyshek\u00eb e jast\u00ebk\u00eb te cilat vazhdojne t\u00eb digjen. Zjarrfik\u00ebsit e kan\u00eb t\u00eb pamundur nd\u00ebrhyrjen brenda ambientit,\u2026","rel":"","context":"In &quot;Blogu i Udh\u00ebtarit&quot;","block_context":{"text":"Blogu i Udh\u00ebtarit","link":"https:\/\/www.shqiperia.com\/blog\/category\/blogu-i-udhetarit\/"},"img":{"alt_text":"","src":"https:\/\/i0.wp.com\/www.shqiperia.com\/blog\/wp-content\/uploads\/2023\/12\/600-388-9edb4a3b-9230-4599-b9c5-e18d96c1f686-1703538296.jpg?fit=600%2C388&ssl=1&resize=350%2C200","width":350,"height":200,"srcset":"https:\/\/i0.wp.com\/www.shqiperia.com\/blog\/wp-content\/uploads\/2023\/12\/600-388-9edb4a3b-9230-4599-b9c5-e18d96c1f686-1703538296.jpg?fit=600%2C388&ssl=1&resize=350%2C200 1x, https:\/\/i0.wp.com\/www.shqiperia.com\/blog\/wp-content\/uploads\/2023\/12\/600-388-9edb4a3b-9230-4599-b9c5-e18d96c1f686-1703538296.jpg?fit=600%2C388&ssl=1&resize=525%2C300 1.5x"},"classes":[]},{"id":83440,"url":"https:\/\/www.shqiperia.com\/blog\/vatra-e-zjarrit-ne-malin-e-thate-flaket-rrezikojne-parkun-kombetar-te-prespes\/","url_meta":{"origin":83416,"position":3},"title":"Vatra e zjarrit n\u00eb \u201cMalin e That\u00eb\u201d, flak\u00ebt rrezikojn\u00eb Parkun Komb\u00ebtar t\u00eb Presp\u00ebs","author":"Kurt Farka","date":"August 11, 2024","format":false,"excerpt":"11 Gusht 2024 Vatra e zjarrit n\u00eb \u201cMalin e That\u00eb\u201d vijon ende aktive p\u00ebr gati 5 dit\u00eb rresht, ku flak\u00ebt rrezikojn\u00eb Parkun Komb\u00ebtar t\u00eb Presp\u00ebs. Drejtori i p\u00ebrgjithsh\u00ebm i DPMZSH, Arben Cara dhe prefekti i qarkut t\u00eb Kor\u00e7\u00ebs Nertil Jole kan\u00eb qen\u00eb s\u00eb bashku n\u00eb terren p\u00ebr t\u00eb par\u00eb nga\u2026","rel":"","context":"In &quot;Blogu i Udh\u00ebtarit&quot;","block_context":{"text":"Blogu i Udh\u00ebtarit","link":"https:\/\/www.shqiperia.com\/blog\/category\/blogu-i-udhetarit\/"},"img":{"alt_text":"","src":"https:\/\/i0.wp.com\/www.shqiperia.com\/blog\/wp-content\/uploads\/2024\/08\/640-0-1723362489xzjarr-4-770x361-705.jpg?fit=593%2C300&ssl=1&resize=350%2C200","width":350,"height":200,"srcset":"https:\/\/i0.wp.com\/www.shqiperia.com\/blog\/wp-content\/uploads\/2024\/08\/640-0-1723362489xzjarr-4-770x361-705.jpg?fit=593%2C300&ssl=1&resize=350%2C200 1x, https:\/\/i0.wp.com\/www.shqiperia.com\/blog\/wp-content\/uploads\/2024\/08\/640-0-1723362489xzjarr-4-770x361-705.jpg?fit=593%2C300&ssl=1&resize=525%2C300 1.5x"},"classes":[]},{"id":36801,"url":"https:\/\/www.shqiperia.com\/blog\/zjarret-perpijne-pyjet-me-pisha-e-geshtenja-ne-gramsh-e-seman-ne-rubik-riaktivizohet-vatra-ne-shkoder\/","url_meta":{"origin":83416,"position":4},"title":"Zjarret \u2018p\u00ebrpijn\u00eb\u2019 pyjet me pisha e g\u00ebshtenja n\u00eb Gramsh e Seman! N\u00eb Rubik riaktivizohet vatra, ne Shkoder \u2026","author":"Kurt Farka","date":"August 2, 2020","format":false,"excerpt":"Zjarret \u2018p\u00ebrpijn\u00eb\u2019 pyjet me pisha e g\u00ebshtenja n\u00eb Gramsh e Seman! N\u00eb Rubik riaktivizohet vatra, ne Shkoder \u2026 Zjarret p\u00ebrfshijn\u00eb t\u00eb tjera sip\u00ebrfaqe me pyje n\u00eb vend. K\u00ebt\u00eb t\u00eb diel nj\u00eb sip\u00ebrfaqe pylli me pisha ka marr\u00eb flak\u00eb n\u00eb Seman t\u00eb Fierit n\u00eb vendin e quajtur Godull por edhe n\u00eb\u2026","rel":"","context":"In &quot;Blogu i Udh\u00ebtarit&quot;","block_context":{"text":"Blogu i Udh\u00ebtarit","link":"https:\/\/www.shqiperia.com\/blog\/category\/blogu-i-udhetarit\/"},"img":{"alt_text":"","src":"https:\/\/i0.wp.com\/www.shqiperia.com\/blog\/wp-content\/uploads\/2020\/08\/1596392617_11.jpg?fit=780%2C440&ssl=1&resize=350%2C200","width":350,"height":200,"srcset":"https:\/\/i0.wp.com\/www.shqiperia.com\/blog\/wp-content\/uploads\/2020\/08\/1596392617_11.jpg?fit=780%2C440&ssl=1&resize=350%2C200 1x, https:\/\/i0.wp.com\/www.shqiperia.com\/blog\/wp-content\/uploads\/2020\/08\/1596392617_11.jpg?fit=780%2C440&ssl=1&resize=525%2C300 1.5x, https:\/\/i0.wp.com\/www.shqiperia.com\/blog\/wp-content\/uploads\/2020\/08\/1596392617_11.jpg?fit=780%2C440&ssl=1&resize=700%2C400 2x"},"classes":[]},{"id":82817,"url":"https:\/\/www.shqiperia.com\/blog\/zjarri-ne-mat-perfshihet-nga-flaket-nje-banese-rrezikohet-zona-e-mbrojtur-nderhyhet-edhe-nga-ajri\/","url_meta":{"origin":83416,"position":5},"title":"Zjarri n\u00eb Mat\/ P\u00ebrfshihet nga flak\u00ebt nj\u00eb banes\u00eb, rrezikohet zona e mbrojtur! Nd\u00ebrhyhet edhe nga ajri","author":"Kurt Farka","date":"July 16, 2024","format":false,"excerpt":"16 Korrik 2024 Nj\u00eb zjarr i p\u00ebrmasave t\u00eb m\u00ebdha \u00ebsht\u00eb aktivizuar gjat\u00eb dit\u00ebs s\u00eb sotme (16 korrik) n\u00eb fshatin Madhesh t\u00eb Matit. Gazetari Do\u00e7i, n\u00eb nj\u00eb lidhje live me News 24 tha se 8 vatra zjarri jan\u00eb shfaqur p\u00ebr vet\u00ebm 20 minuta. Sipas tij, flak\u00ebt kan\u00eb r\u00ebn\u00eb n\u00eb nj\u00eb zon\u00eb\u2026","rel":"","context":"In &quot;Blogu i Udh\u00ebtarit&quot;","block_context":{"text":"Blogu i Udh\u00ebtarit","link":"https:\/\/www.shqiperia.com\/blog\/category\/blogu-i-udhetarit\/"},"img":{"alt_text":"","src":"https:\/\/i0.wp.com\/www.shqiperia.com\/blog\/wp-content\/uploads\/2024\/07\/Mat.jpg?fit=770%2C450&ssl=1&resize=350%2C200","width":350,"height":200,"srcset":"https:\/\/i0.wp.com\/www.shqiperia.com\/blog\/wp-content\/uploads\/2024\/07\/Mat.jpg?fit=770%2C450&ssl=1&resize=350%2C200 1x, https:\/\/i0.wp.com\/www.shqiperia.com\/blog\/wp-content\/uploads\/2024\/07\/Mat.jpg?fit=770%2C450&ssl=1&resize=525%2C300 1.5x, https:\/\/i0.wp.com\/www.shqiperia.com\/blog\/wp-content\/uploads\/2024\/07\/Mat.jpg?fit=770%2C450&ssl=1&resize=700%2C400 2x"},"classes":[]}],"_links":{"self":[{"href":"https:\/\/www.shqiperia.com\/blog\/wp-json\/wp\/v2\/posts\/83416","targetHints":{"allow":["GET"]}}],"collection":[{"href":"https:\/\/www.shqiperia.com\/blog\/wp-json\/wp\/v2\/posts"}],"about":[{"href":"https:\/\/www.shqiperia.com\/blog\/wp-json\/wp\/v2\/types\/post"}],"author":[{"embeddable":true,"href":"https:\/\/www.shqiperia.com\/blog\/wp-json\/wp\/v2\/users\/9"}],"replies":[{"embeddable":true,"href":"https:\/\/www.shqiperia.com\/blog\/wp-json\/wp\/v2\/comments?post=83416"}],"version-history":[{"count":1,"href":"https:\/\/www.shqiperia.com\/blog\/wp-json\/wp\/v2\/posts\/83416\/revisions"}],"predecessor-version":[{"id":83418,"href":"https:\/\/www.shqiperia.com\/blog\/wp-json\/wp\/v2\/posts\/83416\/revisions\/83418"}],"wp:featuredmedia":[{"embeddable":true,"href":"https:\/\/www.shqiperia.com\/blog\/wp-json\/wp\/v2\/media\/83417"}],"wp:attachment":[{"href":"https:\/\/www.shqiperia.com\/blog\/wp-json\/wp\/v2\/media?parent=83416"}],"wp:term":[{"taxonomy":"category","embeddable":true,"href":"https:\/\/www.shqiperia.com\/blog\/wp-json\/wp\/v2\/categories?post=83416"},{"taxonomy":"post_tag","embeddable":true,"href":"https:\/\/www.shqiperia.com\/blog\/wp-json\/wp\/v2\/tags?post=83416"}],"curies":[{"name":"wp","href":"https:\/\/api.w.org\/{rel}","templated":true}]}}