{"id":83406,"date":"2024-08-08T16:10:08","date_gmt":"2024-08-08T16:10:08","guid":{"rendered":"https:\/\/www.shqiperia.com\/blog\/?p=83406"},"modified":"2024-08-08T16:10:08","modified_gmt":"2024-08-08T16:10:08","slug":"zjarr-i-madh-ne-finiq-flaket-perhapen-ne-drejtim-te-fshatrave-rrezikojne-te-digjen-edhe-varrezat","status":"publish","type":"post","link":"https:\/\/www.shqiperia.com\/blog\/zjarr-i-madh-ne-finiq-flaket-perhapen-ne-drejtim-te-fshatrave-rrezikojne-te-digjen-edhe-varrezat\/","title":{"rendered":"Zjarr i madh n\u00eb Finiq, flak\u00ebt p\u00ebrhapen n\u00eb drejtim t\u00eb fshatrave! &#8211; Rrezikojn\u00eb t\u00eb digjen edhe varrezat"},"content":{"rendered":"<p><img data-recalc-dims=\"1\" loading=\"lazy\" decoding=\"async\" data-attachment-id=\"83407\" data-permalink=\"https:\/\/www.shqiperia.com\/blog\/zjarr-i-madh-ne-finiq-flaket-perhapen-ne-drejtim-te-fshatrave-rrezikojne-te-digjen-edhe-varrezat\/capture-4jpg-1\/\" data-orig-file=\"https:\/\/i0.wp.com\/www.shqiperia.com\/blog\/wp-content\/uploads\/2024\/08\/Capture.4JPG-1.jpg?fit=622%2C437&amp;ssl=1\" data-orig-size=\"622,437\" data-comments-opened=\"1\" data-image-meta=\"{&quot;aperture&quot;:&quot;0&quot;,&quot;credit&quot;:&quot;Balkanweb&quot;,&quot;camera&quot;:&quot;&quot;,&quot;caption&quot;:&quot;&quot;,&quot;created_timestamp&quot;:&quot;1723133039&quot;,&quot;copyright&quot;:&quot;&quot;,&quot;focal_length&quot;:&quot;0&quot;,&quot;iso&quot;:&quot;0&quot;,&quot;shutter_speed&quot;:&quot;0&quot;,&quot;title&quot;:&quot;&quot;,&quot;orientation&quot;:&quot;0&quot;}\" data-image-title=\"Capture.4JPG-1\" data-image-description=\"\" data-image-caption=\"\" data-medium-file=\"https:\/\/i0.wp.com\/www.shqiperia.com\/blog\/wp-content\/uploads\/2024\/08\/Capture.4JPG-1.jpg?fit=300%2C211&amp;ssl=1\" data-large-file=\"https:\/\/i0.wp.com\/www.shqiperia.com\/blog\/wp-content\/uploads\/2024\/08\/Capture.4JPG-1.jpg?fit=622%2C437&amp;ssl=1\" class=\"alignnone  wp-image-83407\" alt=\"\" src=\"https:\/\/i0.wp.com\/www.shqiperia.com\/blog\/wp-content\/uploads\/2024\/08\/Capture.4JPG-1.jpg?resize=628%2C442&#038;ssl=1\" width=\"628\" height=\"442\" srcset=\"https:\/\/i0.wp.com\/www.shqiperia.com\/blog\/wp-content\/uploads\/2024\/08\/Capture.4JPG-1.jpg?resize=300%2C211&amp;ssl=1 300w, https:\/\/i0.wp.com\/www.shqiperia.com\/blog\/wp-content\/uploads\/2024\/08\/Capture.4JPG-1.jpg?resize=450%2C316&amp;ssl=1 450w, https:\/\/i0.wp.com\/www.shqiperia.com\/blog\/wp-content\/uploads\/2024\/08\/Capture.4JPG-1.jpg?resize=600%2C422&amp;ssl=1 600w, https:\/\/i0.wp.com\/www.shqiperia.com\/blog\/wp-content\/uploads\/2024\/08\/Capture.4JPG-1.jpg?resize=400%2C281&amp;ssl=1 400w, https:\/\/i0.wp.com\/www.shqiperia.com\/blog\/wp-content\/uploads\/2024\/08\/Capture.4JPG-1.jpg?w=622&amp;ssl=1 622w\" sizes=\"auto, (max-width: 628px) 100vw, 628px\" \/><\/p>\n<p><strong>8 Gusht 2024<\/strong><\/p>\n<p><strong>Nj\u00eb zjarr i p\u00ebrmasave t\u00eb m\u00ebdha ka p\u00ebrfshir\u00eb Finiqin, duke b\u00ebr\u00eb q\u00eb p\u00ebr v\u00ebnien n\u00ebn kontroll t\u00eb flak\u00ebve, t\u00eb k\u00ebrkohet ndihm\u00eb dhe nga bashkit\u00eb e tjera.<\/strong><\/p>\n<p>Zjarri, duke u favorizuar nga era, ka v\u00ebn\u00eb n\u00eb rrezik banesat e fshatrave Stjar dhe Matomar dhe gjithashtu varrezave.<\/p>\n<p>N\u00eb ndihm\u00eb t\u00eb ekipeve zjarrfik\u00ebse ka shkuar edhe nj\u00eb mjet nga Himara dhe nj\u00eb tjet\u00ebr nga Konispoli.<\/p>\n<p>Gjithashtu jan\u00eb angazhuar edhe Forcat e Armatosura.<\/p>\n","protected":false},"excerpt":{"rendered":"<p>8 Gusht 2024 Nj\u00eb zjarr i p\u00ebrmasave t\u00eb m\u00ebdha ka p\u00ebrfshir\u00eb Finiqin, duke b\u00ebr\u00eb q\u00eb p\u00ebr v\u00ebnien n\u00ebn kontroll t\u00eb flak\u00ebve, t\u00eb k\u00ebrkohet ndihm\u00eb dhe nga bashkit\u00eb e tjera. Zjarri, duke u favorizuar nga era, ka v\u00ebn\u00eb n\u00eb rrezik banesat e fshatrave Stjar dhe Matomar dhe gjithashtu varrezave. N\u00eb ndihm\u00eb t\u00eb ekipeve zjarrfik\u00ebse ka shkuar [&hellip;]<\/p>\n","protected":false},"author":9,"featured_media":83407,"comment_status":"open","ping_status":"open","sticky":false,"template":"","format":"standard","meta":{"jetpack_post_was_ever_published":false,"_jetpack_newsletter_access":"","_jetpack_dont_email_post_to_subs":false,"_jetpack_newsletter_tier_id":0,"_jetpack_memberships_contains_paywalled_content":false,"_jetpack_memberships_contains_paid_content":false,"footnotes":"","jetpack_publicize_message":"","jetpack_publicize_feature_enabled":true,"jetpack_social_post_already_shared":true,"jetpack_social_options":{"image_generator_settings":{"template":"highway","default_image_id":0,"font":"","enabled":false},"version":2}},"categories":[27,1,35],"tags":[],"class_list":["post-83406","post","type-post","status-publish","format-standard","has-post-thumbnail","hentry","category-blogu-i-udhetarit","category-njoftime-shtypi","category-shoqerore"],"jetpack_publicize_connections":[],"jetpack_featured_media_url":"https:\/\/i0.wp.com\/www.shqiperia.com\/blog\/wp-content\/uploads\/2024\/08\/Capture.4JPG-1.jpg?fit=622%2C437&ssl=1","jetpack_sharing_enabled":true,"jetpack_shortlink":"https:\/\/wp.me\/p5Z6wp-lHg","jetpack-related-posts":[{"id":93144,"url":"https:\/\/www.shqiperia.com\/blog\/zjarret-ne-kryezi-fushe-arrez-ne-ndihme-per-shuarjen-e-flakeve-edhe-forca-zjarrfikese-te-pukes\/","url_meta":{"origin":83406,"position":0},"title":"Zjarret n\u00eb Kryezi, Fush\u00eb Arr\u00ebz, n\u00eb ndihm\u00eb p\u00ebr shuarjen e flak\u00ebve edhe forca zjarrfik\u00ebse t\u00eb Puk\u00ebs","author":"Kurt Farka","date":"August 21, 2025","format":false,"excerpt":"21 Gusht 2025 Zjarret n\u00eb bashkine e Fush\u00eb Arr\u00ebzit vijojn\u00eb t\u00eb mbeten problematik. Krahas dy vatrave t\u00eb zjarrit q\u00eb vijojn\u00eb aktive prej 10 dit\u00ebsh, pasditen e s\u00eb enjtes nj\u00eb vat\u00ebr zjarri \u00ebsht\u00eb shfaqur n\u00eb pyjet me pisha n\u00eb af\u00ebrsi t\u00eb fshatiti kryezi duke rrezikuar qe t\u00eb hyj\u00eb n\u00eb fshat. Situata\u2026","rel":"","context":"In &quot;Blogu i Udh\u00ebtarit&quot;","block_context":{"text":"Blogu i Udh\u00ebtarit","link":"https:\/\/www.shqiperia.com\/blog\/category\/blogu-i-udhetarit\/"},"img":{"alt_text":"","src":"https:\/\/i0.wp.com\/www.shqiperia.com\/blog\/wp-content\/uploads\/2025\/08\/1755804921_zjarr.jpg?fit=780%2C440&ssl=1&resize=350%2C200","width":350,"height":200,"srcset":"https:\/\/i0.wp.com\/www.shqiperia.com\/blog\/wp-content\/uploads\/2025\/08\/1755804921_zjarr.jpg?fit=780%2C440&ssl=1&resize=350%2C200 1x, https:\/\/i0.wp.com\/www.shqiperia.com\/blog\/wp-content\/uploads\/2025\/08\/1755804921_zjarr.jpg?fit=780%2C440&ssl=1&resize=525%2C300 1.5x, https:\/\/i0.wp.com\/www.shqiperia.com\/blog\/wp-content\/uploads\/2025\/08\/1755804921_zjarr.jpg?fit=780%2C440&ssl=1&resize=700%2C400 2x"},"classes":[]},{"id":7847,"url":"https:\/\/www.shqiperia.com\/blog\/krijimtaria-folklorike-e-fshatrave-te-tiranes-dhe-muzika-e-kultivuar\/","url_meta":{"origin":83406,"position":1},"title":"Krijimtaria folklorike e fshatrave t\u00eb Tiran\u00ebs dhe muzika e kultivuar. &#8211;","author":"Kurt Farka","date":"May 23, 2018","format":false,"excerpt":"Krijimtaria folklorike e fshatrave t\u00eb Tiran\u00ebs dhe muzika e kultivuar. - Nga: Dr. Kreshnik Duqi \u2013 N\u00eb k\u00ebt\u00eb \u00e7\u00ebshtje pasqyrohet muzika e kultivuar dhe marr\u00ebdh\u00ebniet q\u00eb ka pasur me folklorin. Trash\u00ebgimia shpirt\u00ebrore e popullit shqiptar vjen e p\u00ebrfaq\u00ebsuar nga nj\u00eb pasuri vlerash t\u00eb cilat, p\u00ebr nga dimensioni e r\u00ebnd\u00ebsia, gjat\u00eb\u2026","rel":"","context":"In &quot;Arte&quot;","block_context":{"text":"Arte","link":"https:\/\/www.shqiperia.com\/blog\/category\/arte\/"},"img":{"alt_text":"","src":"https:\/\/i0.wp.com\/www.shqiperia.com\/blog\/wp-content\/uploads\/2018\/05\/13-20-5-1.jpg?fit=810%2C466&ssl=1&resize=350%2C200","width":350,"height":200,"srcset":"https:\/\/i0.wp.com\/www.shqiperia.com\/blog\/wp-content\/uploads\/2018\/05\/13-20-5-1.jpg?fit=810%2C466&ssl=1&resize=350%2C200 1x, https:\/\/i0.wp.com\/www.shqiperia.com\/blog\/wp-content\/uploads\/2018\/05\/13-20-5-1.jpg?fit=810%2C466&ssl=1&resize=525%2C300 1.5x, https:\/\/i0.wp.com\/www.shqiperia.com\/blog\/wp-content\/uploads\/2018\/05\/13-20-5-1.jpg?fit=810%2C466&ssl=1&resize=700%2C400 2x"},"classes":[]},{"id":83425,"url":"https:\/\/www.shqiperia.com\/blog\/zjarr-masiv-i-qellimshem-ne-qafe-shtame-kerkohet-nderhyrje-nga-ajri-dhe-toka\/","url_meta":{"origin":83406,"position":2},"title":"Zjarr masiv i q\u00ebllimsh\u00ebm n\u00eb Qaf\u00eb-shtam\u00eb, k\u00ebrkohet nd\u00ebrhyrje nga ajri dhe toka","author":"Kurt Farka","date":"August 10, 2024","format":false,"excerpt":"10 Gusht 2024 Nj\u00eb zjarr ka r\u00ebn\u00eb dit\u00ebn e sotme n\u00eb Qaf\u00ebshtam\u00eb. M\u00ebsohet se n\u00eb or\u00ebn 11:40 t\u00eb m\u00ebngjesit, flak\u00ebt p\u00ebrfshin\u00eb ekonomin\u00eb pyjore t\u00eb Qaf\u00ebshtam\u00ebs, n\u00eb vendin e quajtur mbi tunelet e fshatit Selix\u00eb, n\u00eb nj\u00ebsin\u00eb administrative Komsi. Gjithashtu dyshohet se zjarri \u00ebsht\u00eb i\u00a0q\u00ebllimsh\u00ebm pasi ka shp\u00ebrthyer n\u00eb disa vende\u2026","rel":"","context":"In &quot;Blogu i Udh\u00ebtarit&quot;","block_context":{"text":"Blogu i Udh\u00ebtarit","link":"https:\/\/www.shqiperia.com\/blog\/category\/blogu-i-udhetarit\/"},"img":{"alt_text":"","src":"https:\/\/i0.wp.com\/www.shqiperia.com\/blog\/wp-content\/uploads\/2024\/08\/640-0-0acbdd7df83f2f046cd78e6bb8f29c35.jpg?fit=640%2C336&ssl=1&resize=350%2C200","width":350,"height":200,"srcset":"https:\/\/i0.wp.com\/www.shqiperia.com\/blog\/wp-content\/uploads\/2024\/08\/640-0-0acbdd7df83f2f046cd78e6bb8f29c35.jpg?fit=640%2C336&ssl=1&resize=350%2C200 1x, https:\/\/i0.wp.com\/www.shqiperia.com\/blog\/wp-content\/uploads\/2024\/08\/640-0-0acbdd7df83f2f046cd78e6bb8f29c35.jpg?fit=640%2C336&ssl=1&resize=525%2C300 1.5x"},"classes":[]},{"id":38992,"url":"https:\/\/www.shqiperia.com\/blog\/zjarr-i-madh-ne-zvernec-policia-evakuon-disa-banore\/","url_meta":{"origin":83406,"position":3},"title":"Zjarr i madh n\u00eb Zv\u00ebrnec, policia evakuon disa banor\u00eb","author":"Kurt Farka","date":"September 28, 2020","format":false,"excerpt":"Zjarr i madh n\u00eb Zv\u00ebrnec, policia evakuon disa banor\u00eb 28 SHTATOR 2020 Nj\u00eb zjarr i madh ka p\u00ebrfshir\u00eb gjat\u00eb or\u00ebve t\u00eb para t\u00eb m\u00ebngjesit t\u00eb sot\u00ebm fshatin e Zv\u00ebrnecit n\u00eb qytetin bregdetar t\u00eb Vlor\u00ebs. Zjarri i ndihmuar dhe nga era ka djegur nj\u00eb sip\u00ebrfaqe te madhe me pem\u00eb dhe pisha,\u2026","rel":"","context":"In &quot;Blogu i Udh\u00ebtarit&quot;","block_context":{"text":"Blogu i Udh\u00ebtarit","link":"https:\/\/www.shqiperia.com\/blog\/category\/blogu-i-udhetarit\/"},"img":{"alt_text":"","src":"https:\/\/i0.wp.com\/www.shqiperia.com\/blog\/wp-content\/uploads\/2020\/09\/640-0-5f718089695d3.jpg?fit=569%2C287&ssl=1&resize=350%2C200","width":350,"height":200,"srcset":"https:\/\/i0.wp.com\/www.shqiperia.com\/blog\/wp-content\/uploads\/2020\/09\/640-0-5f718089695d3.jpg?fit=569%2C287&ssl=1&resize=350%2C200 1x, https:\/\/i0.wp.com\/www.shqiperia.com\/blog\/wp-content\/uploads\/2020\/09\/640-0-5f718089695d3.jpg?fit=569%2C287&ssl=1&resize=525%2C300 1.5x"},"classes":[]},{"id":94634,"url":"https:\/\/www.shqiperia.com\/blog\/zjarr-i-madh-ne-fushe-milot-veshtiresohet-trafiku-ne-aksin-lezhe-lac\/","url_meta":{"origin":83406,"position":4},"title":"Zjarr i madh n\u00eb Fush\u00eb-Milot, v\u00ebshtir\u00ebsohet trafiku n\u00eb aksin Lezh\u00eb-La\u00e7","author":"Kurt Farka","date":"November 4, 2025","format":false,"excerpt":"4 Nentor 2025 Nj\u00eb zjarr ka p\u00ebrfshir\u00eb mbr\u00ebmjen e t\u00eb h\u00ebnes nj\u00eb grumbull gomash makinash n\u00eb zon\u00ebn e Fush\u00eb-Milotit. Ngjarja ka shkaktuar tym t\u00eb dendur, i cili ka mbuluar nj\u00eb pjes\u00eb t\u00eb rrug\u00ebs kryesore, duke v\u00ebshtir\u00ebsuar qarkullimin e automjeteve n\u00eb aksin Lezh\u00eb-La\u00e7. N\u00eb vendngjarje kan\u00eb mb\u00ebrritur menj\u00ebher\u00eb forcat zjarrfik\u00ebse, t\u00eb\u2026","rel":"","context":"In &quot;Blogu i Udh\u00ebtarit&quot;","block_context":{"text":"Blogu i Udh\u00ebtarit","link":"https:\/\/www.shqiperia.com\/blog\/category\/blogu-i-udhetarit\/"},"img":{"alt_text":"","src":"https:\/\/i0.wp.com\/www.shqiperia.com\/blog\/wp-content\/uploads\/2025\/11\/auto_a2a524cd-b45c-4dce-9b77-f5709cb074f51762199137.jpg?fit=900%2C675&ssl=1&resize=350%2C200","width":350,"height":200,"srcset":"https:\/\/i0.wp.com\/www.shqiperia.com\/blog\/wp-content\/uploads\/2025\/11\/auto_a2a524cd-b45c-4dce-9b77-f5709cb074f51762199137.jpg?fit=900%2C675&ssl=1&resize=350%2C200 1x, https:\/\/i0.wp.com\/www.shqiperia.com\/blog\/wp-content\/uploads\/2025\/11\/auto_a2a524cd-b45c-4dce-9b77-f5709cb074f51762199137.jpg?fit=900%2C675&ssl=1&resize=525%2C300 1.5x, https:\/\/i0.wp.com\/www.shqiperia.com\/blog\/wp-content\/uploads\/2025\/11\/auto_a2a524cd-b45c-4dce-9b77-f5709cb074f51762199137.jpg?fit=900%2C675&ssl=1&resize=700%2C400 2x"},"classes":[]},{"id":81867,"url":"https:\/\/www.shqiperia.com\/blog\/hi-dhe-germadha-cfare-la-pas-zjarri-gjigand\/","url_meta":{"origin":83406,"position":5},"title":"Hi dhe g\u00ebrmadha\/ \u00c7far\u00eb la pas zjarri gjigand","author":"Kurt Farka","date":"June 15, 2024","format":false,"excerpt":"15 Qershor 2024 Gjith\u00e7ka e kthyer n\u00eb hi dhe g\u00ebrmadha Nj\u00eb zjarr i p\u00ebrmasave t\u00eb m\u00ebdha p\u00ebrfshiu tregun e rrobave t\u00eb p\u00ebrdorura nj\u00eb dit\u00eb m\u00eb par\u00eb rreth or\u00ebs 18:55 n\u00eb lagjen \u201cNdoc Mazi\u201d n\u00eb Shkod\u00ebr. Zjarri nisi fillimisht brenda tregut, duke u p\u00ebrhapur n\u00eb banesat q\u00eb ndodheshin pran\u00eb duke djegur\u2026","rel":"","context":"In &quot;Blogu i Udh\u00ebtarit&quot;","block_context":{"text":"Blogu i Udh\u00ebtarit","link":"https:\/\/www.shqiperia.com\/blog\/category\/blogu-i-udhetarit\/"},"img":{"alt_text":"","src":"https:\/\/i0.wp.com\/www.shqiperia.com\/blog\/wp-content\/uploads\/2024\/06\/800-0-666d6b9d17858.jpg?fit=800%2C450&ssl=1&resize=350%2C200","width":350,"height":200,"srcset":"https:\/\/i0.wp.com\/www.shqiperia.com\/blog\/wp-content\/uploads\/2024\/06\/800-0-666d6b9d17858.jpg?fit=800%2C450&ssl=1&resize=350%2C200 1x, https:\/\/i0.wp.com\/www.shqiperia.com\/blog\/wp-content\/uploads\/2024\/06\/800-0-666d6b9d17858.jpg?fit=800%2C450&ssl=1&resize=525%2C300 1.5x, https:\/\/i0.wp.com\/www.shqiperia.com\/blog\/wp-content\/uploads\/2024\/06\/800-0-666d6b9d17858.jpg?fit=800%2C450&ssl=1&resize=700%2C400 2x"},"classes":[]}],"_links":{"self":[{"href":"https:\/\/www.shqiperia.com\/blog\/wp-json\/wp\/v2\/posts\/83406","targetHints":{"allow":["GET"]}}],"collection":[{"href":"https:\/\/www.shqiperia.com\/blog\/wp-json\/wp\/v2\/posts"}],"about":[{"href":"https:\/\/www.shqiperia.com\/blog\/wp-json\/wp\/v2\/types\/post"}],"author":[{"embeddable":true,"href":"https:\/\/www.shqiperia.com\/blog\/wp-json\/wp\/v2\/users\/9"}],"replies":[{"embeddable":true,"href":"https:\/\/www.shqiperia.com\/blog\/wp-json\/wp\/v2\/comments?post=83406"}],"version-history":[{"count":1,"href":"https:\/\/www.shqiperia.com\/blog\/wp-json\/wp\/v2\/posts\/83406\/revisions"}],"predecessor-version":[{"id":83408,"href":"https:\/\/www.shqiperia.com\/blog\/wp-json\/wp\/v2\/posts\/83406\/revisions\/83408"}],"wp:featuredmedia":[{"embeddable":true,"href":"https:\/\/www.shqiperia.com\/blog\/wp-json\/wp\/v2\/media\/83407"}],"wp:attachment":[{"href":"https:\/\/www.shqiperia.com\/blog\/wp-json\/wp\/v2\/media?parent=83406"}],"wp:term":[{"taxonomy":"category","embeddable":true,"href":"https:\/\/www.shqiperia.com\/blog\/wp-json\/wp\/v2\/categories?post=83406"},{"taxonomy":"post_tag","embeddable":true,"href":"https:\/\/www.shqiperia.com\/blog\/wp-json\/wp\/v2\/tags?post=83406"}],"curies":[{"name":"wp","href":"https:\/\/api.w.org\/{rel}","templated":true}]}}