{"id":83403,"date":"2024-08-08T16:02:10","date_gmt":"2024-08-08T16:02:10","guid":{"rendered":"https:\/\/www.shqiperia.com\/blog\/?p=83403"},"modified":"2024-08-08T16:02:10","modified_gmt":"2024-08-08T16:02:10","slug":"fitoi-zgjedhjet-ne-himare-ilir-meta-i-dergon-mesazh-te-koduar-vangjel-tavos-i-thashe-dikur-ki-kujdes-se","status":"publish","type":"post","link":"https:\/\/www.shqiperia.com\/blog\/fitoi-zgjedhjet-ne-himare-ilir-meta-i-dergon-mesazh-te-koduar-vangjel-tavos-i-thashe-dikur-ki-kujdes-se\/","title":{"rendered":"Fitoi zgjedhjet n\u00eb Himar\u00eb, Ilir Meta i d\u00ebrgon mesazh t\u00eb koduar Vangjel Tavos: I thash\u00eb dikur ki kujdes se\u2026"},"content":{"rendered":"<p><img data-recalc-dims=\"1\" loading=\"lazy\" decoding=\"async\" data-attachment-id=\"83404\" data-permalink=\"https:\/\/www.shqiperia.com\/blog\/fitoi-zgjedhjet-ne-himare-ilir-meta-i-dergon-mesazh-te-koduar-vangjel-tavos-i-thashe-dikur-ki-kujdes-se\/metaaaaaaaa-1068x594\/\" data-orig-file=\"https:\/\/i0.wp.com\/www.shqiperia.com\/blog\/wp-content\/uploads\/2024\/08\/metaaaaaaaa-1068x594-1.jpg?fit=1068%2C594&amp;ssl=1\" data-orig-size=\"1068,594\" data-comments-opened=\"1\" data-image-meta=\"{&quot;aperture&quot;:&quot;0&quot;,&quot;credit&quot;:&quot;&quot;,&quot;camera&quot;:&quot;&quot;,&quot;caption&quot;:&quot;&quot;,&quot;created_timestamp&quot;:&quot;0&quot;,&quot;copyright&quot;:&quot;&quot;,&quot;focal_length&quot;:&quot;0&quot;,&quot;iso&quot;:&quot;0&quot;,&quot;shutter_speed&quot;:&quot;0&quot;,&quot;title&quot;:&quot;&quot;,&quot;orientation&quot;:&quot;0&quot;}\" data-image-title=\"metaaaaaaaa-1068&#215;594\" data-image-description=\"\" data-image-caption=\"\" data-medium-file=\"https:\/\/i0.wp.com\/www.shqiperia.com\/blog\/wp-content\/uploads\/2024\/08\/metaaaaaaaa-1068x594-1.jpg?fit=300%2C167&amp;ssl=1\" data-large-file=\"https:\/\/i0.wp.com\/www.shqiperia.com\/blog\/wp-content\/uploads\/2024\/08\/metaaaaaaaa-1068x594-1.jpg?fit=1024%2C570&amp;ssl=1\" class=\"alignnone  wp-image-83404\" alt=\"\" src=\"https:\/\/i0.wp.com\/www.shqiperia.com\/blog\/wp-content\/uploads\/2024\/08\/metaaaaaaaa-1068x594-1.jpg?resize=814%2C453&#038;ssl=1\" width=\"814\" height=\"453\" srcset=\"https:\/\/i0.wp.com\/www.shqiperia.com\/blog\/wp-content\/uploads\/2024\/08\/metaaaaaaaa-1068x594-1.jpg?resize=300%2C167&amp;ssl=1 300w, https:\/\/i0.wp.com\/www.shqiperia.com\/blog\/wp-content\/uploads\/2024\/08\/metaaaaaaaa-1068x594-1.jpg?resize=1024%2C570&amp;ssl=1 1024w, https:\/\/i0.wp.com\/www.shqiperia.com\/blog\/wp-content\/uploads\/2024\/08\/metaaaaaaaa-1068x594-1.jpg?resize=768%2C427&amp;ssl=1 768w, https:\/\/i0.wp.com\/www.shqiperia.com\/blog\/wp-content\/uploads\/2024\/08\/metaaaaaaaa-1068x594-1.jpg?resize=450%2C250&amp;ssl=1 450w, https:\/\/i0.wp.com\/www.shqiperia.com\/blog\/wp-content\/uploads\/2024\/08\/metaaaaaaaa-1068x594-1.jpg?resize=600%2C334&amp;ssl=1 600w, https:\/\/i0.wp.com\/www.shqiperia.com\/blog\/wp-content\/uploads\/2024\/08\/metaaaaaaaa-1068x594-1.jpg?resize=400%2C222&amp;ssl=1 400w, https:\/\/i0.wp.com\/www.shqiperia.com\/blog\/wp-content\/uploads\/2024\/08\/metaaaaaaaa-1068x594-1.jpg?w=1068&amp;ssl=1 1068w\" sizes=\"auto, (max-width: 814px) 100vw, 814px\" \/><\/p>\n<p>8 Gusht 2024<\/p>\n<p>&#8230; Meta: Un\u00eb i kam dh\u00ebn\u00eb nj\u00eb mesazh dikur kryebashkiakut t\u00eb Himar\u00ebs q\u00eb tani \u00ebsht\u00eb n\u00eb burg. I kam th\u00ebn\u00eb bej kujdes, ky (Rama) t\u00eb merr n\u00eb qaf\u00eb.<\/p>\n<p>Presidenti i Partis\u00eb s\u00eb Liris\u00eb, Ilir Meta gjat\u00eb nj\u00eb konferenc\u00eb p\u00ebr shtyp, u pyet n\u00ebse kishte nj\u00eb mesazh, Vangjel Tavon, i cili m\u00eb par\u00eb ka qen\u00eb deputet i LSI, nd\u00ebrsa s\u00eb fundmi fitoi zgjedhjet p\u00ebr bashkin\u00eb e Himar\u00ebs n\u00ebn sigl\u00ebn e PS-s\u00eb.<br \/>\nMeta tha se p\u00ebr Tavon nuk ka asnj\u00eb mesazh, por p\u00ebr kryeministrin Edi Rama tha se ky i fundit \u00ebsht\u00eb duke fshehur akte t\u00eb r\u00ebnda t\u00eb tradhtis\u00eb komb\u00ebtare.<\/p>\n<p>Meta: Un\u00eb i kam dh\u00ebn\u00eb nj\u00eb mesazh dikur kryebashkiakut t\u00eb Himar\u00ebs q\u00eb tani \u00ebsht\u00eb n\u00eb burg. I kam th\u00ebn\u00eb bej kujdes, ky t\u00eb merr n\u00eb qaf\u00eb.<\/p>\n<p>K\u00ebt\u00eb mesazh ia kam dh\u00ebn\u00eb t\u00eb tjer\u00ebve q\u00eb sot po b\u00ebjn\u00eb burg p\u00ebr Edi Ram\u00ebn.<\/p>\n<p>Kam nj\u00eb mesazh p\u00ebr grabit\u00ebsin e bashkis\u00eb s\u00eb Himar\u00ebs, p\u00ebr Edi Ram\u00ebn, sigurisht q\u00eb kam nj\u00eb mesazh, \u2018t\u00eb gjitha k\u00ebmbimet dhe shk\u00ebmbime q\u00eb b\u00ebn ti, p\u00ebr t\u00eb fshehur akte t\u00eb tradhtis\u00eb komb\u00ebtare dhe p\u00ebr t\u00eb fituar konsensus p\u00ebr grabitjen e pronave t\u00eb himariot\u00ebve, p\u00ebr pastrim t\u00eb parave nuk do t\u00eb funksionojn\u00eb\u2019.<\/p>\n","protected":false},"excerpt":{"rendered":"<p>8 Gusht 2024 &#8230; Meta: Un\u00eb i kam dh\u00ebn\u00eb nj\u00eb mesazh dikur kryebashkiakut t\u00eb Himar\u00ebs q\u00eb tani \u00ebsht\u00eb n\u00eb burg. I kam th\u00ebn\u00eb bej kujdes, ky (Rama) t\u00eb merr n\u00eb qaf\u00eb. Presidenti i Partis\u00eb s\u00eb Liris\u00eb, Ilir Meta gjat\u00eb nj\u00eb konferenc\u00eb p\u00ebr shtyp, u pyet n\u00ebse kishte nj\u00eb mesazh, Vangjel Tavon, i cili m\u00eb par\u00eb [&hellip;]<\/p>\n","protected":false},"author":9,"featured_media":83404,"comment_status":"open","ping_status":"open","sticky":false,"template":"","format":"standard","meta":{"jetpack_post_was_ever_published":false,"_jetpack_newsletter_access":"","_jetpack_dont_email_post_to_subs":false,"_jetpack_newsletter_tier_id":0,"_jetpack_memberships_contains_paywalled_content":false,"_jetpack_memberships_contains_paid_content":false,"footnotes":"","jetpack_publicize_message":"","jetpack_publicize_feature_enabled":true,"jetpack_social_post_already_shared":true,"jetpack_social_options":{"image_generator_settings":{"template":"highway","default_image_id":0,"font":"","enabled":false},"version":2}},"categories":[27,1,2,35],"tags":[],"class_list":["post-83403","post","type-post","status-publish","format-standard","has-post-thumbnail","hentry","category-blogu-i-udhetarit","category-njoftime-shtypi","category-politika","category-shoqerore"],"jetpack_publicize_connections":[],"jetpack_featured_media_url":"https:\/\/i0.wp.com\/www.shqiperia.com\/blog\/wp-content\/uploads\/2024\/08\/metaaaaaaaa-1068x594-1.jpg?fit=1068%2C594&ssl=1","jetpack_sharing_enabled":true,"jetpack_shortlink":"https:\/\/wp.me\/p5Z6wp-lHd","jetpack-related-posts":[{"id":83351,"url":"https:\/\/www.shqiperia.com\/blog\/himara-rrezikon-te-mbetet-serish-pa-kryetar-vangjel-tavo-eshte-nen-hetim-nga-spak\/","url_meta":{"origin":83403,"position":0},"title":"Himara rrezikon t\u00eb mbetet s\u00ebrish pa kryetar, Vangjel Tavo \u00ebsht\u00eb n\u00ebn hetim nga SPAK","author":"Kurt Farka","date":"August 7, 2024","format":false,"excerpt":"7 Gusht 2024 Nga: Elmas Bogdani Zgjedhjet e t\u00eb diel\u00ebs p\u00ebr kryetarin e ri t\u00eb Bashkis\u00eb s\u00eb Himar\u00ebs thuhet se i dhan\u00eb fund nj\u00eb sage thuajse 15 mujore q\u00eb l\u00ebkundi politik\u00ebn jo vet\u00ebm brenda vendit, por rriti tensionet edhe mes diplomacive t\u00eb Shqip\u00ebris\u00eb e Greqis\u00eb. Por fituesi i k\u00ebtyre zgjedhjeve\u2026","rel":"","context":"In &quot;Blogu i Udh\u00ebtarit&quot;","block_context":{"text":"Blogu i Udh\u00ebtarit","link":"https:\/\/www.shqiperia.com\/blog\/category\/blogu-i-udhetarit\/"},"img":{"alt_text":"","src":"https:\/\/i0.wp.com\/www.shqiperia.com\/blog\/wp-content\/uploads\/2024\/08\/VANGJEL-TAVO-spak-fq-5.png?fit=1200%2C675&ssl=1&resize=350%2C200","width":350,"height":200,"srcset":"https:\/\/i0.wp.com\/www.shqiperia.com\/blog\/wp-content\/uploads\/2024\/08\/VANGJEL-TAVO-spak-fq-5.png?fit=1200%2C675&ssl=1&resize=350%2C200 1x, https:\/\/i0.wp.com\/www.shqiperia.com\/blog\/wp-content\/uploads\/2024\/08\/VANGJEL-TAVO-spak-fq-5.png?fit=1200%2C675&ssl=1&resize=525%2C300 1.5x, https:\/\/i0.wp.com\/www.shqiperia.com\/blog\/wp-content\/uploads\/2024\/08\/VANGJEL-TAVO-spak-fq-5.png?fit=1200%2C675&ssl=1&resize=700%2C400 2x, https:\/\/i0.wp.com\/www.shqiperia.com\/blog\/wp-content\/uploads\/2024\/08\/VANGJEL-TAVO-spak-fq-5.png?fit=1200%2C675&ssl=1&resize=1050%2C600 3x"},"classes":[]},{"id":32006,"url":"https:\/\/www.shqiperia.com\/blog\/ylli-rakipi-nuk-doli-ne-shesh-presidenti-i-republikes-por-nje-politikan-rrace-qe-dha-nje-mesazh-te-qarte\/","url_meta":{"origin":83403,"position":1},"title":"Ylli Rakipi: &#8211; Nuk doli n\u00eb shesh Presidenti i Republik\u00ebs, por nj\u00eb politikan rrace q\u00eb dha nj\u00eb mesazh t\u00eb qart\u00eb","author":"Kurt Farka","date":"March 3, 2020","format":false,"excerpt":"Ylli Rakipi: - Nuk doli n\u00eb shesh Presidenti i Republik\u00ebs, por nj\u00eb politikan rrace q\u00eb dha nj\u00eb mesazh t\u00eb qart\u00eb 2 Mars, 2020 Gazetari Ylli Rakipi ka qen\u00eb i ftuar n\u00eb studion e Abc News, me gazetaren Mirela Milori, p\u00ebr t\u00eb diskutuar aktualitetin politik n\u00eb vend dhe tubimin e sot\u00ebm\u2026","rel":"","context":"In &quot;Blogu i Udh\u00ebtarit&quot;","block_context":{"text":"Blogu i Udh\u00ebtarit","link":"https:\/\/www.shqiperia.com\/blog\/category\/blogu-i-udhetarit\/"},"img":{"alt_text":"","src":"https:\/\/i0.wp.com\/www.shqiperia.com\/blog\/wp-content\/uploads\/2020\/03\/Screenshot-2020-03-02-at-19.09.44.png?fit=1200%2C655&ssl=1&resize=350%2C200","width":350,"height":200,"srcset":"https:\/\/i0.wp.com\/www.shqiperia.com\/blog\/wp-content\/uploads\/2020\/03\/Screenshot-2020-03-02-at-19.09.44.png?fit=1200%2C655&ssl=1&resize=350%2C200 1x, https:\/\/i0.wp.com\/www.shqiperia.com\/blog\/wp-content\/uploads\/2020\/03\/Screenshot-2020-03-02-at-19.09.44.png?fit=1200%2C655&ssl=1&resize=525%2C300 1.5x, https:\/\/i0.wp.com\/www.shqiperia.com\/blog\/wp-content\/uploads\/2020\/03\/Screenshot-2020-03-02-at-19.09.44.png?fit=1200%2C655&ssl=1&resize=700%2C400 2x, https:\/\/i0.wp.com\/www.shqiperia.com\/blog\/wp-content\/uploads\/2020\/03\/Screenshot-2020-03-02-at-19.09.44.png?fit=1200%2C655&ssl=1&resize=1050%2C600 3x"},"classes":[]},{"id":80085,"url":"https:\/\/www.shqiperia.com\/blog\/meta-qeveria-ka-korruptuar-bashen-izolimi-i-berishes-per-arsye-politike-pl-uragan-lirie\/","url_meta":{"origin":83403,"position":2},"title":"Meta: Qeveria ka korruptuar Bash\u00ebn! &#8211; Izolimi i Berish\u00ebs p\u00ebr arsye politike. &#8211; PL uragan lirie","author":"Kurt Farka","date":"April 13, 2024","format":false,"excerpt":"13 Prill 2024 Kryetari i Partis\u00eb s\u00eb Liris\u00eb Ilir Meta n\u00eb nj\u00eb konferenc\u00eb p\u00ebr mediat nga Kor\u00e7a deklaroi se qeverisja e Edi Ram\u00ebs ka korruptuar Lulzim Bash\u00ebn. Meta tha se izolimi i Sali Berish\u00ebs \u00ebsht\u00eb b\u00ebr\u00eb p\u00ebr arsye t\u00eb pastra politike. Nd\u00ebrsa, shtoi se PL \u00ebsht\u00eb nj\u00eb uragan i v\u00ebrtet\u00eb\u2026","rel":"","context":"In &quot;Blogu i Udh\u00ebtarit&quot;","block_context":{"text":"Blogu i Udh\u00ebtarit","link":"https:\/\/www.shqiperia.com\/blog\/category\/blogu-i-udhetarit\/"},"img":{"alt_text":"","src":"https:\/\/i0.wp.com\/www.shqiperia.com\/blog\/wp-content\/uploads\/2024\/04\/600-388-bf1c76d7982b12446d6a87e89acfacc1.jpg?fit=600%2C384&ssl=1&resize=350%2C200","width":350,"height":200,"srcset":"https:\/\/i0.wp.com\/www.shqiperia.com\/blog\/wp-content\/uploads\/2024\/04\/600-388-bf1c76d7982b12446d6a87e89acfacc1.jpg?fit=600%2C384&ssl=1&resize=350%2C200 1x, https:\/\/i0.wp.com\/www.shqiperia.com\/blog\/wp-content\/uploads\/2024\/04\/600-388-bf1c76d7982b12446d6a87e89acfacc1.jpg?fit=600%2C384&ssl=1&resize=525%2C300 1.5x"},"classes":[]},{"id":22396,"url":"https:\/\/www.shqiperia.com\/blog\/ilir-meta-dekreton-daten-13-tetor-per-zgjedhjet-ne-vend\/","url_meta":{"origin":83403,"position":3},"title":"Ilir Meta dekreton dat\u00ebn 13 tetor p\u00ebr zgjedhjet n\u00eb vend. &#8211;","author":"Kurt Farka","date":"June 27, 2019","format":false,"excerpt":"Ilir Meta dekreton dat\u00ebn 13 tetor p\u00ebr zgjedhjet n\u00eb vend. - \u00a027 qershor 2019 Pas takimeve intensive t\u00eb zhvilluara sot, n\u00eb qend\u00ebr t\u00eb t\u00eb cilave ishte kriza politike n\u00eb vend, Presidenti Meta ka dal\u00eb n\u00eb nj\u00eb konferenc\u00eb p\u00ebr mediat ku ka dekretuar daten e re per zgjedhjet lokale. \u201cZgjedhjet m\u00eb\u2026","rel":"","context":"In &quot;Blogu i Udh\u00ebtarit&quot;","block_context":{"text":"Blogu i Udh\u00ebtarit","link":"https:\/\/www.shqiperia.com\/blog\/category\/blogu-i-udhetarit\/"},"img":{"alt_text":"","src":"https:\/\/i0.wp.com\/www.shqiperia.com\/blog\/wp-content\/uploads\/2019\/06\/meta-presidenca-e1561141047878-1024x541.jpg?fit=1024%2C541&ssl=1&resize=350%2C200","width":350,"height":200,"srcset":"https:\/\/i0.wp.com\/www.shqiperia.com\/blog\/wp-content\/uploads\/2019\/06\/meta-presidenca-e1561141047878-1024x541.jpg?fit=1024%2C541&ssl=1&resize=350%2C200 1x, https:\/\/i0.wp.com\/www.shqiperia.com\/blog\/wp-content\/uploads\/2019\/06\/meta-presidenca-e1561141047878-1024x541.jpg?fit=1024%2C541&ssl=1&resize=525%2C300 1.5x, https:\/\/i0.wp.com\/www.shqiperia.com\/blog\/wp-content\/uploads\/2019\/06\/meta-presidenca-e1561141047878-1024x541.jpg?fit=1024%2C541&ssl=1&resize=700%2C400 2x"},"classes":[]},{"id":35071,"url":"https:\/\/www.shqiperia.com\/blog\/zgjedhja-e-xhaferllarit-ne-gjykaten-kushtetuese-presidenti-meta-publikon-sms-te-e-diplomatit-te-huaj-per-ramen\/","url_meta":{"origin":83403,"position":4},"title":"Zgjedhja e Xhaferllarit n\u00eb Gjykat\u00ebn Kushtetuese\/ Presidenti Meta publikon SMS-t\u00eb e diplomatit t\u00eb huaj p\u00ebr Ram\u00ebn","author":"Kurt Farka","date":"May 26, 2020","format":false,"excerpt":"Zgjedhja e Xhaferllarit n\u00eb Gjykat\u00ebn Kushtetuese\/ Presidenti Meta publikon SMS-t\u00eb e diplomatit t\u00eb huaj p\u00ebr Ram\u00ebn 25 maji 2020 Presidenti i Republik\u00ebs, Ilir Meta ka publikuar mesazhin e nj\u00eb diplomati n\u00eb Tiran\u00eb n\u00eb periudh\u00ebn kur zgjidheshin an\u00ebtar\u00ebt e rinj t\u00eb Gjykat\u00ebs Kushtetuese. Sipas mesazhit t\u00eb publikuar nga Presidenti n\u00eb \u201cOpinion\u201d\u2026","rel":"","context":"In &quot;Blogu i Udh\u00ebtarit&quot;","block_context":{"text":"Blogu i Udh\u00ebtarit","link":"https:\/\/www.shqiperia.com\/blog\/category\/blogu-i-udhetarit\/"},"img":{"alt_text":"","src":"https:\/\/i0.wp.com\/www.shqiperia.com\/blog\/wp-content\/uploads\/2020\/05\/meta.jpg?fit=591%2C265&ssl=1&resize=350%2C200","width":350,"height":200,"srcset":"https:\/\/i0.wp.com\/www.shqiperia.com\/blog\/wp-content\/uploads\/2020\/05\/meta.jpg?fit=591%2C265&ssl=1&resize=350%2C200 1x, https:\/\/i0.wp.com\/www.shqiperia.com\/blog\/wp-content\/uploads\/2020\/05\/meta.jpg?fit=591%2C265&ssl=1&resize=525%2C300 1.5x"},"classes":[]},{"id":57689,"url":"https:\/\/www.shqiperia.com\/blog\/deklaratat-e-rames-kellici-mesazh-i-koduar-si-presion-ndaj-spak\/","url_meta":{"origin":83403,"position":5},"title":"Deklaratat e Ram\u00ebs, K\u00eblli\u00e7i: &#8211; Mesazh i koduar si presion ndaj SPAK","author":"Kurt Farka","date":"May 8, 2022","format":false,"excerpt":"Deklaratat e Ram\u00ebs, K\u00eblli\u00e7i: - Mesazh i koduar si presion ndaj SPAK 7 Maji 2022 Deputeti i PD, Belind K\u00eblli\u00e7i ka reaguar nga selia blu pas kritikave t\u00eb kryeministri Edi Rama ndaj SPAK, duke th\u00ebn\u00eb se ky ishte nj\u00eb mesazh i koduar q\u00eb t\u00eb nd\u00ebrpriten t\u00eb jgitha hetimet ndaj tij\u2026","rel":"","context":"In &quot;Blogu i Udh\u00ebtarit&quot;","block_context":{"text":"Blogu i Udh\u00ebtarit","link":"https:\/\/www.shqiperia.com\/blog\/category\/blogu-i-udhetarit\/"},"img":{"alt_text":"","src":"https:\/\/i0.wp.com\/www.shqiperia.com\/blog\/wp-content\/uploads\/2022\/05\/Belind-Kellici.jpg?fit=800%2C431&ssl=1&resize=350%2C200","width":350,"height":200,"srcset":"https:\/\/i0.wp.com\/www.shqiperia.com\/blog\/wp-content\/uploads\/2022\/05\/Belind-Kellici.jpg?fit=800%2C431&ssl=1&resize=350%2C200 1x, https:\/\/i0.wp.com\/www.shqiperia.com\/blog\/wp-content\/uploads\/2022\/05\/Belind-Kellici.jpg?fit=800%2C431&ssl=1&resize=525%2C300 1.5x, https:\/\/i0.wp.com\/www.shqiperia.com\/blog\/wp-content\/uploads\/2022\/05\/Belind-Kellici.jpg?fit=800%2C431&ssl=1&resize=700%2C400 2x"},"classes":[]}],"_links":{"self":[{"href":"https:\/\/www.shqiperia.com\/blog\/wp-json\/wp\/v2\/posts\/83403","targetHints":{"allow":["GET"]}}],"collection":[{"href":"https:\/\/www.shqiperia.com\/blog\/wp-json\/wp\/v2\/posts"}],"about":[{"href":"https:\/\/www.shqiperia.com\/blog\/wp-json\/wp\/v2\/types\/post"}],"author":[{"embeddable":true,"href":"https:\/\/www.shqiperia.com\/blog\/wp-json\/wp\/v2\/users\/9"}],"replies":[{"embeddable":true,"href":"https:\/\/www.shqiperia.com\/blog\/wp-json\/wp\/v2\/comments?post=83403"}],"version-history":[{"count":1,"href":"https:\/\/www.shqiperia.com\/blog\/wp-json\/wp\/v2\/posts\/83403\/revisions"}],"predecessor-version":[{"id":83405,"href":"https:\/\/www.shqiperia.com\/blog\/wp-json\/wp\/v2\/posts\/83403\/revisions\/83405"}],"wp:featuredmedia":[{"embeddable":true,"href":"https:\/\/www.shqiperia.com\/blog\/wp-json\/wp\/v2\/media\/83404"}],"wp:attachment":[{"href":"https:\/\/www.shqiperia.com\/blog\/wp-json\/wp\/v2\/media?parent=83403"}],"wp:term":[{"taxonomy":"category","embeddable":true,"href":"https:\/\/www.shqiperia.com\/blog\/wp-json\/wp\/v2\/categories?post=83403"},{"taxonomy":"post_tag","embeddable":true,"href":"https:\/\/www.shqiperia.com\/blog\/wp-json\/wp\/v2\/tags?post=83403"}],"curies":[{"name":"wp","href":"https:\/\/api.w.org\/{rel}","templated":true}]}}