{"id":83400,"date":"2024-08-08T15:48:33","date_gmt":"2024-08-08T15:48:33","guid":{"rendered":"https:\/\/www.shqiperia.com\/blog\/?p=83400"},"modified":"2024-08-08T15:48:33","modified_gmt":"2024-08-08T15:48:33","slug":"90-e-virozave-qe-po-qarkullojne-aktualisht-ne-vendin-tone-jane-infeksion-kovidi","status":"publish","type":"post","link":"https:\/\/www.shqiperia.com\/blog\/90-e-virozave-qe-po-qarkullojne-aktualisht-ne-vendin-tone-jane-infeksion-kovidi\/","title":{"rendered":"90% e virozave q\u00eb po qarkullojn\u00eb aktualisht n\u00eb vendin ton\u00eb jan\u00eb infeksion kovidi"},"content":{"rendered":"<p><img data-recalc-dims=\"1\" loading=\"lazy\" decoding=\"async\" data-attachment-id=\"83401\" data-permalink=\"https:\/\/www.shqiperia.com\/blog\/90-e-virozave-qe-po-qarkullojne-aktualisht-ne-vendin-tone-jane-infeksion-kovidi\/gettyimages-1213090147\/\" data-orig-file=\"https:\/\/i0.wp.com\/www.shqiperia.com\/blog\/wp-content\/uploads\/2024\/08\/gettyimages-1213090147.jpg?fit=750%2C422&amp;ssl=1\" data-orig-size=\"750,422\" data-comments-opened=\"1\" data-image-meta=\"{&quot;aperture&quot;:&quot;0&quot;,&quot;credit&quot;:&quot;&quot;,&quot;camera&quot;:&quot;&quot;,&quot;caption&quot;:&quot;&quot;,&quot;created_timestamp&quot;:&quot;0&quot;,&quot;copyright&quot;:&quot;&quot;,&quot;focal_length&quot;:&quot;0&quot;,&quot;iso&quot;:&quot;0&quot;,&quot;shutter_speed&quot;:&quot;0&quot;,&quot;title&quot;:&quot;&quot;,&quot;orientation&quot;:&quot;0&quot;}\" data-image-title=\"gettyimages-1213090147\" data-image-description=\"\" data-image-caption=\"\" data-medium-file=\"https:\/\/i0.wp.com\/www.shqiperia.com\/blog\/wp-content\/uploads\/2024\/08\/gettyimages-1213090147.jpg?fit=300%2C169&amp;ssl=1\" data-large-file=\"https:\/\/i0.wp.com\/www.shqiperia.com\/blog\/wp-content\/uploads\/2024\/08\/gettyimages-1213090147.jpg?fit=750%2C422&amp;ssl=1\" class=\"alignnone  wp-image-83401\" alt=\"\" src=\"https:\/\/i0.wp.com\/www.shqiperia.com\/blog\/wp-content\/uploads\/2024\/08\/gettyimages-1213090147.jpg?resize=707%2C398&#038;ssl=1\" width=\"707\" height=\"398\" srcset=\"https:\/\/i0.wp.com\/www.shqiperia.com\/blog\/wp-content\/uploads\/2024\/08\/gettyimages-1213090147.jpg?resize=300%2C169&amp;ssl=1 300w, https:\/\/i0.wp.com\/www.shqiperia.com\/blog\/wp-content\/uploads\/2024\/08\/gettyimages-1213090147.jpg?resize=450%2C253&amp;ssl=1 450w, https:\/\/i0.wp.com\/www.shqiperia.com\/blog\/wp-content\/uploads\/2024\/08\/gettyimages-1213090147.jpg?resize=600%2C338&amp;ssl=1 600w, https:\/\/i0.wp.com\/www.shqiperia.com\/blog\/wp-content\/uploads\/2024\/08\/gettyimages-1213090147.jpg?resize=400%2C225&amp;ssl=1 400w, https:\/\/i0.wp.com\/www.shqiperia.com\/blog\/wp-content\/uploads\/2024\/08\/gettyimages-1213090147.jpg?w=750&amp;ssl=1 750w\" sizes=\"auto, (max-width: 707px) 100vw, 707px\" \/><\/p>\n<p><span>8 Gusht 2024<\/span><\/p>\n<p>N\u00eb qendrat sh\u00ebndet\u00ebsore t\u00eb vendit, muajin e fundit jan\u00eb rritur shum\u00eb rastet e konfirmuara, nd\u00ebrsa mjek\u00ebt thon\u00eb se kjo \u00ebsht\u00eb vet\u00ebm maja e ajsbergut.<\/p>\n<p>\u201c<em>N\u00eb qendr\u00ebn ton\u00eb sh\u00ebndet\u00ebsore, n\u00eb qershor jan\u00eb b\u00ebr\u00eb 22 teste dhe 2 kan\u00eb dale me kovid. Nd\u00ebrsa n\u00eb korrik jan\u00eb b\u00ebr\u00eb 165 teste, nga t\u00eb cilat 47 kan\u00eb dal\u00eb pozitive me kovid. Numri i testeve\u00a0\u00ebsht\u00eb n\u00eb rritje, por edhe rastet pozitive. \u00cbsht\u00eb vet\u00eb maja e ajsbergut, sepse kovidi\u00a0\u00ebsht\u00eb gjithandej. Mbi 90 p\u00ebr qind e virozave respiratore n\u00eb k\u00ebt\u00eb periudh\u00eb jan\u00eb kovid,<\/em>\u201d tregon mjekja Klarida Papaqaku n\u00eb nj\u00eb intervist\u00eb televizive.<\/p>\n<p>Situata e re ishte befasi p\u00ebr mjek\u00ebt. Numri i lart\u00eb i virozave respiratore dhe prania e k\u00ebtyre shenjave b\u00ebri q\u00eb ata t\u00eb rikthejn\u00eb s\u00ebrish konfirmimet p\u00ebrmes testeve.<\/p>\n<p>\u201c<em>Nuk e ndajm\u00eb dot n\u00ebse\u00a0\u00ebsht\u00eb kovid apo nj\u00eb viroz\u00eb e zakonshme respiratore, sepse shenjat jan\u00eb shum\u00eb t\u00eb p\u00ebraf\u00ebrta: temperatur\u00eb, lodhje, dob\u00ebsi trupore, sekrecione nazale, koll\u00eb. Kur pacienti ka nj\u00eb mosh\u00eb t\u00eb caktuar apo mbivendosje t\u00eb s\u00ebmundjeve kronike ndodh q\u00eb na shfaqen edhe v\u00ebshtir\u00ebsi n\u00eb frym\u00ebmarrje apo temperatur\u00eb q\u00eb zgjat mbi tri dit\u00eb. At\u00ebher\u00eb dyshojm\u00eb p\u00ebr kovid,<\/em>\u201d shton mjekja e Qendr\u00ebs Sh\u00ebndet\u00ebsore nr. 7.<\/p>\n<p>Por situata po komplikohet edhe p\u00ebr shkak t\u00eb dy shenjave t\u00eb tjera, t\u00eb cilat nuk i shkojn\u00eb p\u00ebr shtat n\u00ebnvariantit t\u00eb ri t\u00eb Omikronit, q\u00eb qarkullon, dhe kjo sipas mjek\u00ebve mund t\u00eb jet\u00eb mbivendosje virozash.<\/p>\n<div class=\"jeg_ad jeg_ad_article jnews_content_inline_2_ads  \">\n<div class=\"ads-wrapper align-center \">\n<div class=\"ads_code\"><\/div>\n<\/div>\n<\/div>\n<p>\u201c<em>Koh\u00ebt e fundit realisht kemi par\u00eb q\u00eb k\u00ebto rastet me kovid kan\u00eb pasur ndonj\u00ebher\u00eb edhe diarre apo nauzea. Nuk e dim\u00eb a\u00a0\u00ebsht\u00eb nj\u00eb virus gastrointestinal, q\u00eb k\u00ebtyre pacient\u00ebve u\u00a0\u00ebsht\u00eb mbivendosur me virusin e kovidit apo\u00a0\u00ebsht\u00eb varianti i kovidit, q\u00eb po jep k\u00ebto simptoma t\u00eb tjera. OBSH-ja nuk e p\u00ebrfshin nauzean dhe diarren\u00eb n\u00eb variantin e ri t\u00eb kovidit q\u00eb po qarkullon,<\/em>\u201d shton doktoresha.<\/p>\n<p>E nd\u00ebrsa shifrat e infeksionit nga kovidi jan\u00eb n\u00eb rritje p\u00ebr rivaksinime nuk flitet fare. Mjek\u00ebt nuk kan\u00eb as k\u00ebrkes\u00eb\u00a0nga pacient\u00ebt dhe as ofert\u00eb nga autoritet e sh\u00ebndetit publik p\u00ebr k\u00ebt\u00eb gj\u00eb, por sipas rekomandimeve t\u00eb OBSH-s\u00eb\u00a0nj\u00eb doz\u00eb rikujtese n\u00eb vit \u00ebsht\u00eb e domsodshme, sidomos p\u00ebr t\u00eb s\u00ebmur\u00ebt kronik\u00eb dhe punonj\u00ebsit e sh\u00ebndet\u00ebsis\u00eb.<\/p>\n","protected":false},"excerpt":{"rendered":"<p>8 Gusht 2024 N\u00eb qendrat sh\u00ebndet\u00ebsore t\u00eb vendit, muajin e fundit jan\u00eb rritur shum\u00eb rastet e konfirmuara, nd\u00ebrsa mjek\u00ebt thon\u00eb se kjo \u00ebsht\u00eb vet\u00ebm maja e ajsbergut. \u201cN\u00eb qendr\u00ebn ton\u00eb sh\u00ebndet\u00ebsore, n\u00eb qershor jan\u00eb b\u00ebr\u00eb 22 teste dhe 2 kan\u00eb dale me kovid. Nd\u00ebrsa n\u00eb korrik jan\u00eb b\u00ebr\u00eb 165 teste, nga t\u00eb cilat 47 kan\u00eb [&hellip;]<\/p>\n","protected":false},"author":9,"featured_media":83401,"comment_status":"open","ping_status":"open","sticky":false,"template":"","format":"standard","meta":{"jetpack_post_was_ever_published":false,"_jetpack_newsletter_access":"","_jetpack_dont_email_post_to_subs":false,"_jetpack_newsletter_tier_id":0,"_jetpack_memberships_contains_paywalled_content":false,"_jetpack_memberships_contains_paid_content":false,"footnotes":"","jetpack_publicize_message":"","jetpack_publicize_feature_enabled":true,"jetpack_social_post_already_shared":true,"jetpack_social_options":{"image_generator_settings":{"template":"highway","default_image_id":0,"font":"","enabled":false},"version":2}},"categories":[27,1,35],"tags":[],"class_list":["post-83400","post","type-post","status-publish","format-standard","has-post-thumbnail","hentry","category-blogu-i-udhetarit","category-njoftime-shtypi","category-shoqerore"],"jetpack_publicize_connections":[],"jetpack_featured_media_url":"https:\/\/i0.wp.com\/www.shqiperia.com\/blog\/wp-content\/uploads\/2024\/08\/gettyimages-1213090147.jpg?fit=750%2C422&ssl=1","jetpack_sharing_enabled":true,"jetpack_shortlink":"https:\/\/wp.me\/p5Z6wp-lHa","jetpack-related-posts":[{"id":74379,"url":"https:\/\/www.shqiperia.com\/blog\/eugena-tomini-ngre-alarmin-pritet-qe-te-kete-bashkeqarkullim-te-covid-it-edhe\/","url_meta":{"origin":83400,"position":0},"title":"Eugena Tomini ngre alarmin: &#8211; Pritet q\u00eb t\u00eb ket\u00eb bashk\u00ebqarkullim t\u00eb Covid-it edhe&#8230;","author":"Kurt Farka","date":"September 21, 2023","format":false,"excerpt":"21 Shtator 2023 Drejtoresha e ISHP-s\u00eb n\u00eb nj\u00eb intervist\u00eb televizive deklaroi se q\u00eb nga mesi i gushtit ka pasur nj\u00eb rritje t\u00eb rasteve t\u00eb infeksioneve respiratore. Tomini tha se vet\u00ebm n\u00eb jav\u00ebn e fundit jan\u00eb regjistruar 1200-1300 raste pozitive me Covid 19, nd\u00ebrkoh\u00eb q\u00eb raste me grip nuk ka, megjithat\u00eb\u2026","rel":"","context":"In &quot;Blogu i Udh\u00ebtarit&quot;","block_context":{"text":"Blogu i Udh\u00ebtarit","link":"https:\/\/www.shqiperia.com\/blog\/category\/blogu-i-udhetarit\/"},"img":{"alt_text":"","src":"https:\/\/i0.wp.com\/www.shqiperia.com\/blog\/wp-content\/uploads\/2023\/09\/800-0-650c17c0eb266-1.jpg?fit=800%2C449&ssl=1&resize=350%2C200","width":350,"height":200,"srcset":"https:\/\/i0.wp.com\/www.shqiperia.com\/blog\/wp-content\/uploads\/2023\/09\/800-0-650c17c0eb266-1.jpg?fit=800%2C449&ssl=1&resize=350%2C200 1x, https:\/\/i0.wp.com\/www.shqiperia.com\/blog\/wp-content\/uploads\/2023\/09\/800-0-650c17c0eb266-1.jpg?fit=800%2C449&ssl=1&resize=525%2C300 1.5x, https:\/\/i0.wp.com\/www.shqiperia.com\/blog\/wp-content\/uploads\/2023\/09\/800-0-650c17c0eb266-1.jpg?fit=800%2C449&ssl=1&resize=700%2C400 2x"},"classes":[]},{"id":83939,"url":"https:\/\/www.shqiperia.com\/blog\/kolle-temperature-dhimbje-koke-specialisti-i-ishp-ngre-alarmin-mbi-6-mije-raste-ne-jave-me\/","url_meta":{"origin":83400,"position":1},"title":"Koll\u00eb, temperatur\u00eb, dhimbje koke\/ Specialisti i ISHP ngre alarmin: Mbi 6 mij\u00eb raste n\u00eb jav\u00eb me\u2026","author":"Kurt Farka","date":"September 2, 2024","format":false,"excerpt":"2 Shtator 2024 Infeksionet respiratore vijojn\u00eb t\u00eb qarkullojn\u00eb me intensitet edhe gjat\u00eb stin\u00ebs s\u00eb ver\u00ebs. Specialisti i ISHP thot\u00eb se gjat\u00eb nj\u00eb jave, n\u00eb rang vendi qendrat sh\u00ebndet\u00ebsore kan\u00eb raportuar mbi 6 raste me infeksione respiratore t\u00eb sip\u00ebrme dhe t\u00eb poshtme t\u00eb shoq\u00ebruar me koll\u00eb t\u00eb zgjatur, temperatur\u00eb, dhimbje trupi\u2026","rel":"","context":"In &quot;Blogu i Udh\u00ebtarit&quot;","block_context":{"text":"Blogu i Udh\u00ebtarit","link":"https:\/\/www.shqiperia.com\/blog\/category\/blogu-i-udhetarit\/"},"img":{"alt_text":"","src":"https:\/\/i0.wp.com\/www.shqiperia.com\/blog\/wp-content\/uploads\/2024\/09\/800-0-30367de91fd5dd57c2dec9782425b2da-750x394-1.jpg?fit=750%2C394&ssl=1&resize=350%2C200","width":350,"height":200,"srcset":"https:\/\/i0.wp.com\/www.shqiperia.com\/blog\/wp-content\/uploads\/2024\/09\/800-0-30367de91fd5dd57c2dec9782425b2da-750x394-1.jpg?fit=750%2C394&ssl=1&resize=350%2C200 1x, https:\/\/i0.wp.com\/www.shqiperia.com\/blog\/wp-content\/uploads\/2024\/09\/800-0-30367de91fd5dd57c2dec9782425b2da-750x394-1.jpg?fit=750%2C394&ssl=1&resize=525%2C300 1.5x, https:\/\/i0.wp.com\/www.shqiperia.com\/blog\/wp-content\/uploads\/2024\/09\/800-0-30367de91fd5dd57c2dec9782425b2da-750x394-1.jpg?fit=750%2C394&ssl=1&resize=700%2C400 2x"},"classes":[]},{"id":92871,"url":"https:\/\/www.shqiperia.com\/blog\/rikthehet-covid-19-konfirmohen-6-raste-te-reja-drejtoresha-e-ishp-thirrje-per-kujdes-ne-higjiene-dhe-kontroll\/","url_meta":{"origin":83400,"position":2},"title":"Rikthehet COVID-19, konfirmohen 6 raste t\u00eb reja, drejtoresha e ISHP thirrje p\u00ebr kujdes n\u00eb higjien\u00eb dhe kontroll","author":"Kurt Farka","date":"July 1, 2025","format":false,"excerpt":"1 Korrik 2025 Pavar\u00ebsisht r\u00ebnies s\u00eb ndjeshme t\u00eb rasteve t\u00eb infektimeve masive me COVID-19, virusi mbetet ende prezent dhe i monitoruar nga autoritetet sh\u00ebndet\u00ebsore shqiptare. K\u00ebt\u00eb e ka b\u00ebr\u00eb t\u00eb ditur drejtoresha e Institutit t\u00eb Sh\u00ebndetit Publik, Eugena Tomini, e cila deklaroi se gjat\u00eb jav\u00ebve t\u00eb fundit jan\u00eb konfirmuar gjasht\u00eb\u2026","rel":"","context":"In &quot;Blogu i Udh\u00ebtarit&quot;","block_context":{"text":"Blogu i Udh\u00ebtarit","link":"https:\/\/www.shqiperia.com\/blog\/category\/blogu-i-udhetarit\/"},"img":{"alt_text":"","src":"https:\/\/i0.wp.com\/www.shqiperia.com\/blog\/wp-content\/uploads\/2025\/07\/Capture-1.jpg?fit=571%2C343&ssl=1&resize=350%2C200","width":350,"height":200,"srcset":"https:\/\/i0.wp.com\/www.shqiperia.com\/blog\/wp-content\/uploads\/2025\/07\/Capture-1.jpg?fit=571%2C343&ssl=1&resize=350%2C200 1x, https:\/\/i0.wp.com\/www.shqiperia.com\/blog\/wp-content\/uploads\/2025\/07\/Capture-1.jpg?fit=571%2C343&ssl=1&resize=525%2C300 1.5x"},"classes":[]},{"id":16971,"url":"https:\/\/www.shqiperia.com\/blog\/tre-te-vdekur-silva-bino-dy-te-konfirmuar-nga-gripi-presim-konfirmimin-per-tjetrin-ja-situata-ne-vend\/","url_meta":{"origin":83400,"position":3},"title":"Tre t\u00eb vdekur\/ Silva Bino: &#8211; Dy t\u00eb konfirmuar nga gripi, presim konfirmimin p\u00ebr tjetrin. Ja situata n\u00eb vend. &#8211;","author":"Kurt Farka","date":"February 4, 2019","format":false,"excerpt":"Tre t\u00eb vdekur\/ Silva Bino: - Dy t\u00eb konfirmuar nga gripi, presim konfirmimin p\u00ebr tjetrin. Ja situata n\u00eb vend. - 4 shkurt 2019. Dy persona t\u00eb vdekur nga gripi dhe nj\u00eb tjet\u00ebr q\u00eb ka nd\u00ebrruar jet\u00eb, q\u00eb pritet t\u00eb konfirmohet nga ekzaminimet p\u00ebrkat\u00ebse n\u00ebse ka pasur si shkak pik\u00ebrisht virusin\u2026","rel":"","context":"In &quot;Blogu i Udh\u00ebtarit&quot;","block_context":{"text":"Blogu i Udh\u00ebtarit","link":"https:\/\/www.shqiperia.com\/blog\/category\/blogu-i-udhetarit\/"},"img":{"alt_text":"","src":"https:\/\/i0.wp.com\/www.shqiperia.com\/blog\/wp-content\/uploads\/2019\/02\/sanatoriumu.jpg?fit=590%2C313&ssl=1&resize=350%2C200","width":350,"height":200,"srcset":"https:\/\/i0.wp.com\/www.shqiperia.com\/blog\/wp-content\/uploads\/2019\/02\/sanatoriumu.jpg?fit=590%2C313&ssl=1&resize=350%2C200 1x, https:\/\/i0.wp.com\/www.shqiperia.com\/blog\/wp-content\/uploads\/2019\/02\/sanatoriumu.jpg?fit=590%2C313&ssl=1&resize=525%2C300 1.5x"},"classes":[]},{"id":33071,"url":"https:\/\/www.shqiperia.com\/blog\/shtohen-frikshem-rastet-e-te-infektuarve-ne-shkoder-reagon-menjehere-voltana-ademi-dhe-ben-kerkese-urgjente-ndaj-ministrise-se-shendetesise\/","url_meta":{"origin":83400,"position":4},"title":"Shtohen friksh\u00ebm rastet e t\u00eb infektuarve n\u00eb Shkod\u00ebr, reagon menj\u00ebher\u00eb Voltana Ademi dhe b\u00ebn k\u00ebrkes\u00eb urgjente ndaj Ministris\u00eb s\u00eb Sh\u00ebndet\u00ebsis\u00eb","author":"Kurt Farka","date":"April 5, 2020","format":false,"excerpt":"Shtohen friksh\u00ebm rastet e t\u00eb infektuarve n\u00eb Shkod\u00ebr, reagon menj\u00ebher\u00eb Voltana Ademi dhe b\u00ebn k\u00ebrkes\u00eb urgjente ndaj Ministris\u00eb s\u00eb Sh\u00ebndet\u00ebsis\u00eb 5 Prill 2020 Kryetarja n\u00eb detyr\u00eb Voltana Ademi n\u00eb nj\u00eb lidhje p\u00ebr \u201cABC Ne\u00ebs\u201d u shpreh se rastet e t\u00eb prekurve m\u00eb COVID-19 n\u00eb Shod\u00ebr po rritet me ritme t\u00eb\u2026","rel":"","context":"In &quot;Blogu i Udh\u00ebtarit&quot;","block_context":{"text":"Blogu i Udh\u00ebtarit","link":"https:\/\/www.shqiperia.com\/blog\/category\/blogu-i-udhetarit\/"},"img":{"alt_text":"","src":"https:\/\/i0.wp.com\/www.shqiperia.com\/blog\/wp-content\/uploads\/2020\/04\/Voltana-Ademi.jpg?fit=800%2C600&ssl=1&resize=350%2C200","width":350,"height":200,"srcset":"https:\/\/i0.wp.com\/www.shqiperia.com\/blog\/wp-content\/uploads\/2020\/04\/Voltana-Ademi.jpg?fit=800%2C600&ssl=1&resize=350%2C200 1x, https:\/\/i0.wp.com\/www.shqiperia.com\/blog\/wp-content\/uploads\/2020\/04\/Voltana-Ademi.jpg?fit=800%2C600&ssl=1&resize=525%2C300 1.5x, https:\/\/i0.wp.com\/www.shqiperia.com\/blog\/wp-content\/uploads\/2020\/04\/Voltana-Ademi.jpg?fit=800%2C600&ssl=1&resize=700%2C400 2x"},"classes":[]},{"id":32809,"url":"https:\/\/www.shqiperia.com\/blog\/shtohet-puka-shqiperia-deri-tani-186-te-infektuar-nga-1246-te-testuar\/","url_meta":{"origin":83400,"position":5},"title":"Shtohet Puka. &#8211; Shqip\u00ebria deri tani 186 t\u00eb infektuar nga 1246 t\u00eb testuar","author":"Kurt Farka","date":"March 27, 2020","format":false,"excerpt":"Shtohet Puka. - Shqip\u00ebria deri tani 186 t\u00eb infektuar nga 1246 t\u00eb testuar 27 mars \u00a02020 Ka shkuar n\u00eb 186 numri i personave t\u00eb prekur me koronavirus n\u00eb vendin ton\u00eb. Nga testimet e fundit jane konfirmuar, 12 raste t\u00eb reja, nderkohe qe harta eshte shtuar sot me Puken dhe eshte\u2026","rel":"","context":"In &quot;Blogu i Udh\u00ebtarit&quot;","block_context":{"text":"Blogu i Udh\u00ebtarit","link":"https:\/\/www.shqiperia.com\/blog\/category\/blogu-i-udhetarit\/"},"img":{"alt_text":"","src":"https:\/\/i0.wp.com\/www.shqiperia.com\/blog\/wp-content\/uploads\/2020\/03\/download-6.jpg?resize=350%2C200&ssl=1","width":350,"height":200,"srcset":"https:\/\/i0.wp.com\/www.shqiperia.com\/blog\/wp-content\/uploads\/2020\/03\/download-6.jpg?resize=350%2C200&ssl=1 1x, https:\/\/i0.wp.com\/www.shqiperia.com\/blog\/wp-content\/uploads\/2020\/03\/download-6.jpg?resize=525%2C300&ssl=1 1.5x"},"classes":[]}],"_links":{"self":[{"href":"https:\/\/www.shqiperia.com\/blog\/wp-json\/wp\/v2\/posts\/83400","targetHints":{"allow":["GET"]}}],"collection":[{"href":"https:\/\/www.shqiperia.com\/blog\/wp-json\/wp\/v2\/posts"}],"about":[{"href":"https:\/\/www.shqiperia.com\/blog\/wp-json\/wp\/v2\/types\/post"}],"author":[{"embeddable":true,"href":"https:\/\/www.shqiperia.com\/blog\/wp-json\/wp\/v2\/users\/9"}],"replies":[{"embeddable":true,"href":"https:\/\/www.shqiperia.com\/blog\/wp-json\/wp\/v2\/comments?post=83400"}],"version-history":[{"count":1,"href":"https:\/\/www.shqiperia.com\/blog\/wp-json\/wp\/v2\/posts\/83400\/revisions"}],"predecessor-version":[{"id":83402,"href":"https:\/\/www.shqiperia.com\/blog\/wp-json\/wp\/v2\/posts\/83400\/revisions\/83402"}],"wp:featuredmedia":[{"embeddable":true,"href":"https:\/\/www.shqiperia.com\/blog\/wp-json\/wp\/v2\/media\/83401"}],"wp:attachment":[{"href":"https:\/\/www.shqiperia.com\/blog\/wp-json\/wp\/v2\/media?parent=83400"}],"wp:term":[{"taxonomy":"category","embeddable":true,"href":"https:\/\/www.shqiperia.com\/blog\/wp-json\/wp\/v2\/categories?post=83400"},{"taxonomy":"post_tag","embeddable":true,"href":"https:\/\/www.shqiperia.com\/blog\/wp-json\/wp\/v2\/tags?post=83400"}],"curies":[{"name":"wp","href":"https:\/\/api.w.org\/{rel}","templated":true}]}}