{"id":83397,"date":"2024-08-08T13:39:54","date_gmt":"2024-08-08T13:39:54","guid":{"rendered":"https:\/\/www.shqiperia.com\/blog\/?p=83397"},"modified":"2024-08-08T13:39:54","modified_gmt":"2024-08-08T13:39:54","slug":"kujdes-virusi-i-nilit-perendimor-shkon-ne-8-numri-i-te-vdekurve-ne-greqi","status":"publish","type":"post","link":"https:\/\/www.shqiperia.com\/blog\/kujdes-virusi-i-nilit-perendimor-shkon-ne-8-numri-i-te-vdekurve-ne-greqi\/","title":{"rendered":"Kujdes: Virusi i \u201cNilit Per\u00ebndimor\u201d shkon n\u00eb 8 numri i t\u00eb vdekurve n\u00eb Greqi\u00a0"},"content":{"rendered":"<p><img data-recalc-dims=\"1\" loading=\"lazy\" decoding=\"async\" data-attachment-id=\"83398\" data-permalink=\"https:\/\/www.shqiperia.com\/blog\/kujdes-virusi-i-nilit-perendimor-shkon-ne-8-numri-i-te-vdekurve-ne-greqi\/capture-49\/\" data-orig-file=\"https:\/\/i0.wp.com\/www.shqiperia.com\/blog\/wp-content\/uploads\/2024\/08\/Capture-49.png?fit=888%2C476&amp;ssl=1\" data-orig-size=\"888,476\" data-comments-opened=\"1\" data-image-meta=\"{&quot;aperture&quot;:&quot;0&quot;,&quot;credit&quot;:&quot;&quot;,&quot;camera&quot;:&quot;&quot;,&quot;caption&quot;:&quot;&quot;,&quot;created_timestamp&quot;:&quot;0&quot;,&quot;copyright&quot;:&quot;&quot;,&quot;focal_length&quot;:&quot;0&quot;,&quot;iso&quot;:&quot;0&quot;,&quot;shutter_speed&quot;:&quot;0&quot;,&quot;title&quot;:&quot;&quot;,&quot;orientation&quot;:&quot;0&quot;}\" data-image-title=\"Capture-49\" data-image-description=\"\" data-image-caption=\"\" data-medium-file=\"https:\/\/i0.wp.com\/www.shqiperia.com\/blog\/wp-content\/uploads\/2024\/08\/Capture-49.png?fit=300%2C161&amp;ssl=1\" data-large-file=\"https:\/\/i0.wp.com\/www.shqiperia.com\/blog\/wp-content\/uploads\/2024\/08\/Capture-49.png?fit=888%2C476&amp;ssl=1\" class=\"alignnone  wp-image-83398\" alt=\"\" src=\"https:\/\/i0.wp.com\/www.shqiperia.com\/blog\/wp-content\/uploads\/2024\/08\/Capture-49.png?resize=660%2C354&#038;ssl=1\" width=\"660\" height=\"354\" srcset=\"https:\/\/i0.wp.com\/www.shqiperia.com\/blog\/wp-content\/uploads\/2024\/08\/Capture-49.png?resize=300%2C161&amp;ssl=1 300w, https:\/\/i0.wp.com\/www.shqiperia.com\/blog\/wp-content\/uploads\/2024\/08\/Capture-49.png?resize=768%2C412&amp;ssl=1 768w, https:\/\/i0.wp.com\/www.shqiperia.com\/blog\/wp-content\/uploads\/2024\/08\/Capture-49.png?resize=450%2C241&amp;ssl=1 450w, https:\/\/i0.wp.com\/www.shqiperia.com\/blog\/wp-content\/uploads\/2024\/08\/Capture-49.png?resize=600%2C322&amp;ssl=1 600w, https:\/\/i0.wp.com\/www.shqiperia.com\/blog\/wp-content\/uploads\/2024\/08\/Capture-49.png?resize=400%2C214&amp;ssl=1 400w, https:\/\/i0.wp.com\/www.shqiperia.com\/blog\/wp-content\/uploads\/2024\/08\/Capture-49.png?w=888&amp;ssl=1 888w\" sizes=\"auto, (max-width: 660px) 100vw, 660px\" \/><\/p>\n<p>8 Gusht 2024<\/p>\n<p>\u00cbsht\u00eb rritur n\u00eb 8 numri i personave q\u00eb kan\u00eb humbur jet\u00ebn k\u00ebt\u00eb vit n\u00eb Greqi p\u00ebr shkak t\u00eb virusit t\u00eb \u201cNilit Per\u00ebndimor\u201d.<\/p>\n<p>N\u00eb deklarat\u00ebn e b\u00ebr\u00eb nga Instituti Komb\u00ebtar i Sh\u00ebndetit Publik Grek (EODY), theksohet se n\u00eb jav\u00ebn e par\u00eb t\u00eb muajit gusht kan\u00eb humbur jet\u00ebn edhe dy persona t\u00eb tjer\u00eb p\u00ebr shkak t\u00eb virusit.<\/p>\n<p>M\u00eb tej n\u00eb deklarat\u00eb informohet se n\u00eb t\u00eb nj\u00ebjt\u00ebn jav\u00eb jan\u00eb identifikuar 22 raste dhe se rastet m\u00eb t\u00eb shumta jan\u00eb v\u00ebrejtur n\u00eb rajonin Thesali.<\/p>\n<p>Bashk\u00eb me k\u00ebto dy persona numri i vdekjeve p\u00ebr t\u00eb shkak t\u00eb virusit n\u00eb vitin 2024 \u00ebsht\u00eb rritur n\u00eb 8, thuhet n\u00eb deklarat\u00ebn ku m\u00eb tej b\u00ebhet vler\u00ebsimi se rastet do t\u00eb rriten.<\/p>\n","protected":false},"excerpt":{"rendered":"<p>8 Gusht 2024 \u00cbsht\u00eb rritur n\u00eb 8 numri i personave q\u00eb kan\u00eb humbur jet\u00ebn k\u00ebt\u00eb vit n\u00eb Greqi p\u00ebr shkak t\u00eb virusit t\u00eb \u201cNilit Per\u00ebndimor\u201d. N\u00eb deklarat\u00ebn e b\u00ebr\u00eb nga Instituti Komb\u00ebtar i Sh\u00ebndetit Publik Grek (EODY), theksohet se n\u00eb jav\u00ebn e par\u00eb t\u00eb muajit gusht kan\u00eb humbur jet\u00ebn edhe dy persona t\u00eb tjer\u00eb p\u00ebr [&hellip;]<\/p>\n","protected":false},"author":9,"featured_media":83398,"comment_status":"open","ping_status":"open","sticky":false,"template":"","format":"standard","meta":{"jetpack_post_was_ever_published":false,"_jetpack_newsletter_access":"","_jetpack_dont_email_post_to_subs":false,"_jetpack_newsletter_tier_id":0,"_jetpack_memberships_contains_paywalled_content":false,"_jetpack_memberships_contains_paid_content":false,"footnotes":"","jetpack_publicize_message":"","jetpack_publicize_feature_enabled":true,"jetpack_social_post_already_shared":true,"jetpack_social_options":{"image_generator_settings":{"template":"highway","default_image_id":0,"font":"","enabled":false},"version":2}},"categories":[27,1,35],"tags":[],"class_list":["post-83397","post","type-post","status-publish","format-standard","has-post-thumbnail","hentry","category-blogu-i-udhetarit","category-njoftime-shtypi","category-shoqerore"],"jetpack_publicize_connections":[],"jetpack_featured_media_url":"https:\/\/i0.wp.com\/www.shqiperia.com\/blog\/wp-content\/uploads\/2024\/08\/Capture-49.png?fit=888%2C476&ssl=1","jetpack_sharing_enabled":true,"jetpack_shortlink":"https:\/\/wp.me\/p5Z6wp-lH7","jetpack-related-posts":[{"id":61237,"url":"https:\/\/www.shqiperia.com\/blog\/virusi-i-nilit-perendimor-mberrin-ne-ballkan-regjistrohet-viktima-e-pare-ne-serbi-sa-rrezikohet-shqiperia\/","url_meta":{"origin":83397,"position":0},"title":"Virusi i Nilit per\u00ebndimor mb\u00ebrrin n\u00eb Ballkan, regjistrohet viktima e par\u00eb n\u00eb Serbi. &#8211; Sa rrezikohet Shqip\u00ebria?","author":"Kurt Farka","date":"August 17, 2022","format":false,"excerpt":"17 Gusht 2022 \"...Beogradi konfirmon 11 raste t\u00eb r\u00ebnda\". ... Nj\u00eb person i cili u infektua nga virusi i Nilit Per\u00ebndimor (WNV) i transmetuar nga pickimi i mushkonjave, ka humbur jet\u00ebn n\u00eb Serbi. N\u00eb njoftimin nga Agjencia e Sh\u00ebndetit Publik t\u00eb Beogradit thuhet se n\u00eb vend jan\u00eb hasur 11 raste\u2026","rel":"","context":"In &quot;Blogu i Udh\u00ebtarit&quot;","block_context":{"text":"Blogu i Udh\u00ebtarit","link":"https:\/\/www.shqiperia.com\/blog\/category\/blogu-i-udhetarit\/"},"img":{"alt_text":"","src":"https:\/\/i0.wp.com\/www.shqiperia.com\/blog\/wp-content\/uploads\/2022\/08\/ethet-e-nilit.jpg?fit=735%2C400&ssl=1&resize=350%2C200","width":350,"height":200,"srcset":"https:\/\/i0.wp.com\/www.shqiperia.com\/blog\/wp-content\/uploads\/2022\/08\/ethet-e-nilit.jpg?fit=735%2C400&ssl=1&resize=350%2C200 1x, https:\/\/i0.wp.com\/www.shqiperia.com\/blog\/wp-content\/uploads\/2022\/08\/ethet-e-nilit.jpg?fit=735%2C400&ssl=1&resize=525%2C300 1.5x, https:\/\/i0.wp.com\/www.shqiperia.com\/blog\/wp-content\/uploads\/2022\/08\/ethet-e-nilit.jpg?fit=735%2C400&ssl=1&resize=700%2C400 2x"},"classes":[]},{"id":61162,"url":"https:\/\/www.shqiperia.com\/blog\/virusi-i-etheve-te-nilit-i-afrohet-shqiperise-tenderi-i-mushkonjave-deshtoi\/","url_meta":{"origin":83397,"position":1},"title":"Virusi i etheve t\u00eb Nilit i afrohet Shqip\u00ebris\u00eb. &#8211; Tenderi &#8220;i mushkonjave&#8221; d\u00ebshtoi.","author":"Kurt Farka","date":"August 15, 2022","format":false,"excerpt":"15 Gusht 2022 Ethet e Nilit per\u00ebndimor ndodhen shum\u00eb pran\u00eb Shqip\u00ebris\u00eb. Mushkonjat t\u00eb cilat p\u00ebrhapin virusin vdekjeprur\u00ebs qarkullojn\u00eb me shumic\u00eb n\u00eb vendin ton\u00eb, pasi k\u00ebt\u00eb vit nuk \u00ebsht\u00eb b\u00ebr\u00eb dezinsektimi i tyre. Nd\u00ebrkoh\u00eb Italia fqinje \u00ebsht\u00eb alarmuar p\u00ebr shkak t\u00eb p\u00ebrhapjes s\u00eb etheve t\u00eb Nilit, ku deri m\u00eb tani jan\u00eb\u2026","rel":"","context":"In &quot;Blogu i Udh\u00ebtarit&quot;","block_context":{"text":"Blogu i Udh\u00ebtarit","link":"https:\/\/www.shqiperia.com\/blog\/category\/blogu-i-udhetarit\/"},"img":{"alt_text":"","src":"https:\/\/i0.wp.com\/www.shqiperia.com\/blog\/wp-content\/uploads\/2022\/08\/Mushkonja-e-Etheve-te-Nilit.jpeg?fit=604%2C346&ssl=1&resize=350%2C200","width":350,"height":200,"srcset":"https:\/\/i0.wp.com\/www.shqiperia.com\/blog\/wp-content\/uploads\/2022\/08\/Mushkonja-e-Etheve-te-Nilit.jpeg?fit=604%2C346&ssl=1&resize=350%2C200 1x, https:\/\/i0.wp.com\/www.shqiperia.com\/blog\/wp-content\/uploads\/2022\/08\/Mushkonja-e-Etheve-te-Nilit.jpeg?fit=604%2C346&ssl=1&resize=525%2C300 1.5x"},"classes":[]},{"id":83317,"url":"https:\/\/www.shqiperia.com\/blog\/ethet-e-nilit-ne-shqiperi-3-te-vdekur-dhe-17-te-infektuar\/","url_meta":{"origin":83397,"position":2},"title":"\u201cEthet e Nilit\u201d n\u00eb Shqip\u00ebri! 3 t\u00eb vdekur dhe 17 t\u00eb infektuar","author":"Kurt Farka","date":"August 6, 2024","format":false,"excerpt":"6 Gusht 2024 Pas 13 vitesh n\u00eb vendin ton\u00eb rikthehet virusi \u201cEthet e Nilit Per\u00ebndimor\u201d. ISHP raporton se jan\u00eb 17 t\u00eb infektuar, 3 qytetar\u00eb kan\u00eb humbur jet\u00ebn. \u2018Ethet e Nilit\u2019 \u00ebsht\u00eb s\u00ebmundje zoonotike, q\u00eb qarkullon kryesisht te zogjt\u00eb dhe q\u00eb prek sistemin nervor, por s\u00ebmundja kalon tek njer\u00ebzit nga pickimi\u2026","rel":"","context":"In &quot;Blogu i Udh\u00ebtarit&quot;","block_context":{"text":"Blogu i Udh\u00ebtarit","link":"https:\/\/www.shqiperia.com\/blog\/category\/blogu-i-udhetarit\/"},"img":{"alt_text":"","src":"https:\/\/i0.wp.com\/www.shqiperia.com\/blog\/wp-content\/uploads\/2024\/08\/800-0-1722858265xfoto-200.jpg?fit=800%2C505&ssl=1&resize=350%2C200","width":350,"height":200,"srcset":"https:\/\/i0.wp.com\/www.shqiperia.com\/blog\/wp-content\/uploads\/2024\/08\/800-0-1722858265xfoto-200.jpg?fit=800%2C505&ssl=1&resize=350%2C200 1x, https:\/\/i0.wp.com\/www.shqiperia.com\/blog\/wp-content\/uploads\/2024\/08\/800-0-1722858265xfoto-200.jpg?fit=800%2C505&ssl=1&resize=525%2C300 1.5x, https:\/\/i0.wp.com\/www.shqiperia.com\/blog\/wp-content\/uploads\/2024\/08\/800-0-1722858265xfoto-200.jpg?fit=800%2C505&ssl=1&resize=700%2C400 2x"},"classes":[]},{"id":84384,"url":"https:\/\/www.shqiperia.com\/blog\/11-humbje-jete-nga-ethet-e-nilit-perendimor-ne-vend-mbi-70-persona-te-infektuar-ja-si-paraqitet-situata\/","url_meta":{"origin":83397,"position":3},"title":"11 humbje jete nga ethet e Nilit Per\u00ebndimor n\u00eb vend. &#8211; Mbi 70 persona t\u00eb infektuar, ja si paraqitet situata","author":"Kurt Farka","date":"September 12, 2024","format":false,"excerpt":"12 Shtator 2024 Ka shkuar n\u00eb 79 numri i personave t\u00eb infektuar me ethet e Nilit Per\u00ebndimor nd\u00ebrsa 11 t\u00eb tjer\u00eb\u00a0 kan\u00eb humbur jet\u00ebn pas inflamacionit t\u00eb r\u00ebnd\u00eb t\u00eb sistemit nervor. Drejtuesja e Institutit t\u00eb Sh\u00ebndetit Publik, Eugena Tomini i tha\u00a0 se situata \u00ebsht\u00eb n\u00ebn kontroll dhe se harta e\u2026","rel":"","context":"In &quot;Blogu i Udh\u00ebtarit&quot;","block_context":{"text":"Blogu i Udh\u00ebtarit","link":"https:\/\/www.shqiperia.com\/blog\/category\/blogu-i-udhetarit\/"},"img":{"alt_text":"","src":"https:\/\/i0.wp.com\/www.shqiperia.com\/blog\/wp-content\/uploads\/2024\/09\/covid-qsut-750x501-1.jpg?fit=750%2C501&ssl=1&resize=350%2C200","width":350,"height":200,"srcset":"https:\/\/i0.wp.com\/www.shqiperia.com\/blog\/wp-content\/uploads\/2024\/09\/covid-qsut-750x501-1.jpg?fit=750%2C501&ssl=1&resize=350%2C200 1x, https:\/\/i0.wp.com\/www.shqiperia.com\/blog\/wp-content\/uploads\/2024\/09\/covid-qsut-750x501-1.jpg?fit=750%2C501&ssl=1&resize=525%2C300 1.5x, https:\/\/i0.wp.com\/www.shqiperia.com\/blog\/wp-content\/uploads\/2024\/09\/covid-qsut-750x501-1.jpg?fit=750%2C501&ssl=1&resize=700%2C400 2x"},"classes":[]},{"id":83797,"url":"https:\/\/www.shqiperia.com\/blog\/filipine-rritet-numri-i-rasteve-me-virusin-line-e-majmunit\/","url_meta":{"origin":83397,"position":4},"title":"Filipine, rritet numri i rasteve me virusin Lin\u00eb e Majmunit","author":"Kurt Farka","date":"August 28, 2024","format":false,"excerpt":"28 Gusht 2024 Raportohet se me zbulimin e virusit Mpox (lija e majmunit) n\u00eb Filipine, numri i rasteve n\u00eb mbar\u00eb vendin \u00ebsht\u00eb rritur n\u00eb 3. N\u00eb llogarin\u00eb e Ministris\u00eb s\u00eb Sh\u00ebndet\u00ebsis\u00eb t\u00eb Filipineve \u00ebsht\u00eb b\u00ebr\u00eb nj\u00eb deklarat\u00eb n\u00eb lidhje me rritjen e rasteve n\u00eb vend. N\u00eb deklarat\u00eb thuhet se varianti\u2026","rel":"","context":"In &quot;Blogu i Udh\u00ebtarit&quot;","block_context":{"text":"Blogu i Udh\u00ebtarit","link":"https:\/\/www.shqiperia.com\/blog\/category\/blogu-i-udhetarit\/"},"img":{"alt_text":"","src":"https:\/\/i0.wp.com\/www.shqiperia.com\/blog\/wp-content\/uploads\/2024\/08\/thumbs_b_c_6359fc5efd1d8d4fb07d738ee6d0134c.jpg?fit=864%2C486&ssl=1&resize=350%2C200","width":350,"height":200,"srcset":"https:\/\/i0.wp.com\/www.shqiperia.com\/blog\/wp-content\/uploads\/2024\/08\/thumbs_b_c_6359fc5efd1d8d4fb07d738ee6d0134c.jpg?fit=864%2C486&ssl=1&resize=350%2C200 1x, https:\/\/i0.wp.com\/www.shqiperia.com\/blog\/wp-content\/uploads\/2024\/08\/thumbs_b_c_6359fc5efd1d8d4fb07d738ee6d0134c.jpg?fit=864%2C486&ssl=1&resize=525%2C300 1.5x, https:\/\/i0.wp.com\/www.shqiperia.com\/blog\/wp-content\/uploads\/2024\/08\/thumbs_b_c_6359fc5efd1d8d4fb07d738ee6d0134c.jpg?fit=864%2C486&ssl=1&resize=700%2C400 2x"},"classes":[]},{"id":36790,"url":"https:\/\/www.shqiperia.com\/blog\/kosova-rrezikohet-nga-nje-tjeter-virus-eshte-shfaqur-ne-ballkan\/","url_meta":{"origin":83397,"position":5},"title":"Kosova rrezikohet nga nj\u00eb tjet\u00ebr virus. &#8211; Eshte shfaqur ne Ballkan.","author":"Kurt Farka","date":"August 2, 2020","format":false,"excerpt":"Kosova rrezikohet nga nj\u00eb tjet\u00ebr virus. - Eshte shfaqur ne Ballkan. \u00a02 GUSHT 2020\u00a0 Instituti Komb\u00ebtar i Sh\u00ebndet\u00ebsis\u00eb Publike n\u00eb Kosov\u00eb (IKSHPK) u ka b\u00ebr\u00eb thirrje qytetar\u00ebve q\u00eb t\u00eb ken\u00eb kujdes ndaj virusit t\u00eb Nilit, edhe pse n\u00eb Kosov\u00eb, sipas k\u00ebtij Instituti, nuk \u00ebsht\u00eb shfaqur asnj\u00eb rast me k\u00ebt\u00eb virus.\u2026","rel":"","context":"In &quot;Blogu i Udh\u00ebtarit&quot;","block_context":{"text":"Blogu i Udh\u00ebtarit","link":"https:\/\/www.shqiperia.com\/blog\/category\/blogu-i-udhetarit\/"},"img":{"alt_text":"","src":"https:\/\/i0.wp.com\/www.shqiperia.com\/blog\/wp-content\/uploads\/2020\/08\/640-0-ac5841f716e1305e31df4409ec5662b1.jpg?fit=640%2C364&ssl=1&resize=350%2C200","width":350,"height":200,"srcset":"https:\/\/i0.wp.com\/www.shqiperia.com\/blog\/wp-content\/uploads\/2020\/08\/640-0-ac5841f716e1305e31df4409ec5662b1.jpg?fit=640%2C364&ssl=1&resize=350%2C200 1x, https:\/\/i0.wp.com\/www.shqiperia.com\/blog\/wp-content\/uploads\/2020\/08\/640-0-ac5841f716e1305e31df4409ec5662b1.jpg?fit=640%2C364&ssl=1&resize=525%2C300 1.5x"},"classes":[]}],"_links":{"self":[{"href":"https:\/\/www.shqiperia.com\/blog\/wp-json\/wp\/v2\/posts\/83397","targetHints":{"allow":["GET"]}}],"collection":[{"href":"https:\/\/www.shqiperia.com\/blog\/wp-json\/wp\/v2\/posts"}],"about":[{"href":"https:\/\/www.shqiperia.com\/blog\/wp-json\/wp\/v2\/types\/post"}],"author":[{"embeddable":true,"href":"https:\/\/www.shqiperia.com\/blog\/wp-json\/wp\/v2\/users\/9"}],"replies":[{"embeddable":true,"href":"https:\/\/www.shqiperia.com\/blog\/wp-json\/wp\/v2\/comments?post=83397"}],"version-history":[{"count":1,"href":"https:\/\/www.shqiperia.com\/blog\/wp-json\/wp\/v2\/posts\/83397\/revisions"}],"predecessor-version":[{"id":83399,"href":"https:\/\/www.shqiperia.com\/blog\/wp-json\/wp\/v2\/posts\/83397\/revisions\/83399"}],"wp:featuredmedia":[{"embeddable":true,"href":"https:\/\/www.shqiperia.com\/blog\/wp-json\/wp\/v2\/media\/83398"}],"wp:attachment":[{"href":"https:\/\/www.shqiperia.com\/blog\/wp-json\/wp\/v2\/media?parent=83397"}],"wp:term":[{"taxonomy":"category","embeddable":true,"href":"https:\/\/www.shqiperia.com\/blog\/wp-json\/wp\/v2\/categories?post=83397"},{"taxonomy":"post_tag","embeddable":true,"href":"https:\/\/www.shqiperia.com\/blog\/wp-json\/wp\/v2\/tags?post=83397"}],"curies":[{"name":"wp","href":"https:\/\/api.w.org\/{rel}","templated":true}]}}