{"id":83394,"date":"2024-08-08T13:35:15","date_gmt":"2024-08-08T13:35:15","guid":{"rendered":"https:\/\/www.shqiperia.com\/blog\/?p=83394"},"modified":"2024-08-08T13:35:15","modified_gmt":"2024-08-08T13:35:15","slug":"lajda-porja-paralajmeron-qytetaret-ne-fundjave-priten-temperatura-ekstreme","status":"publish","type":"post","link":"https:\/\/www.shqiperia.com\/blog\/lajda-porja-paralajmeron-qytetaret-ne-fundjave-priten-temperatura-ekstreme\/","title":{"rendered":"Lajda Porja paralajm\u00ebron qytetar\u00ebt: &#8211; N\u00eb fundjav\u00eb priten temperatura ekstreme"},"content":{"rendered":"<p><img data-recalc-dims=\"1\" loading=\"lazy\" decoding=\"async\" data-attachment-id=\"83395\" data-permalink=\"https:\/\/www.shqiperia.com\/blog\/lajda-porja-paralajmeron-qytetaret-ne-fundjave-priten-temperatura-ekstreme\/lajda-porja\/\" data-orig-file=\"https:\/\/i0.wp.com\/www.shqiperia.com\/blog\/wp-content\/uploads\/2024\/08\/lajda-porja.jpg?fit=814%2C407&amp;ssl=1\" data-orig-size=\"814,407\" data-comments-opened=\"1\" data-image-meta=\"{&quot;aperture&quot;:&quot;0&quot;,&quot;credit&quot;:&quot;Web 5&quot;,&quot;camera&quot;:&quot;&quot;,&quot;caption&quot;:&quot;&quot;,&quot;created_timestamp&quot;:&quot;1719217613&quot;,&quot;copyright&quot;:&quot;&quot;,&quot;focal_length&quot;:&quot;0&quot;,&quot;iso&quot;:&quot;0&quot;,&quot;shutter_speed&quot;:&quot;0&quot;,&quot;title&quot;:&quot;&quot;,&quot;orientation&quot;:&quot;0&quot;}\" data-image-title=\"lajda porja\" data-image-description=\"\" data-image-caption=\"\" data-medium-file=\"https:\/\/i0.wp.com\/www.shqiperia.com\/blog\/wp-content\/uploads\/2024\/08\/lajda-porja.jpg?fit=300%2C150&amp;ssl=1\" data-large-file=\"https:\/\/i0.wp.com\/www.shqiperia.com\/blog\/wp-content\/uploads\/2024\/08\/lajda-porja.jpg?fit=814%2C407&amp;ssl=1\" class=\"alignnone  wp-image-83395\" alt=\"\" src=\"https:\/\/i0.wp.com\/www.shqiperia.com\/blog\/wp-content\/uploads\/2024\/08\/lajda-porja.jpg?resize=748%2C374&#038;ssl=1\" width=\"748\" height=\"374\" srcset=\"https:\/\/i0.wp.com\/www.shqiperia.com\/blog\/wp-content\/uploads\/2024\/08\/lajda-porja.jpg?resize=300%2C150&amp;ssl=1 300w, https:\/\/i0.wp.com\/www.shqiperia.com\/blog\/wp-content\/uploads\/2024\/08\/lajda-porja.jpg?resize=768%2C384&amp;ssl=1 768w, https:\/\/i0.wp.com\/www.shqiperia.com\/blog\/wp-content\/uploads\/2024\/08\/lajda-porja.jpg?resize=450%2C225&amp;ssl=1 450w, https:\/\/i0.wp.com\/www.shqiperia.com\/blog\/wp-content\/uploads\/2024\/08\/lajda-porja.jpg?resize=600%2C300&amp;ssl=1 600w, https:\/\/i0.wp.com\/www.shqiperia.com\/blog\/wp-content\/uploads\/2024\/08\/lajda-porja.jpg?resize=400%2C200&amp;ssl=1 400w, https:\/\/i0.wp.com\/www.shqiperia.com\/blog\/wp-content\/uploads\/2024\/08\/lajda-porja.jpg?w=814&amp;ssl=1 814w\" sizes=\"auto, (max-width: 748px) 100vw, 748px\" \/><\/p>\n<p>8 Gusht 2024<\/p>\n<p>Tre dit\u00eb t\u00eb nxehta na presin. Java sipas sh\u00ebrbimit \u201cMeteoalb\u201d do t\u00eb mbyllet me temperatura mbi 40 grad\u00eb Celsius. K\u00ebshtu parashikohet t\u00eb nis\u00eb dhe java e re. Por cilat do t\u00eb jen\u00eb qytetet ku pritet q\u00eb termometri t\u00eb sh\u00ebnoj\u00eb vlerat m\u00eb t\u00eb larta?<\/p>\n<p>Berat, Elbasan, Shkod\u00ebr, Gjirokast\u00ebr, presim 40 -41 grad\u00eb \u2026. Kulmon dit\u00ebn e diel, e h\u00ebna r\u00ebnie 0.5 \u2013 1 grad\u00eb, por s\u00ebrish nxeht\u00eb.<\/p>\n<p>K\u00ebto dit\u00eb problematike parashikohet t\u00eb jet\u00eb era. Ata q\u00eb do ti drejtohen plazheve duhet t\u00eb b\u00ebjn\u00eb kujdes pasi intensiteti i saj do t\u00eb sjell det t\u00eb trazuar dhe me dallg\u00eb.<\/p>\n<p>\u201cQ\u00eb sot pasdite e premte, e shtune, e diele kujdes i larte n\u00eb bregdet trazuar dhe dallg\u00eb\u201d.<\/p>\n<p>Freskim i motit pritet t\u00eb mart\u00ebn. Por me \u00e7far\u00eb temperaturash parashikohen 15 dit\u00ebshin e dyt\u00eb t\u00eb gushtit.<\/p>\n<p>\u201cPjesa e dyt\u00eb e gushtit m\u00eb e fresk\u00ebt se 15 diteshi i par\u00eb, dy dite do ngjitet 39 me pas rreth 34 -35 shtohet mund\u00ebsia p\u00ebr rrebeshe\u201d<\/p>\n<p>Sinoptikan\u00ebt e konsiderojn\u00eb gushtin si nj\u00eb muaj t\u00eb nxeht\u00eb por nuk i ngjason korrikut p\u00ebr temperaturat ekstreme q\u00eb sh\u00ebnoi.<\/p>\n","protected":false},"excerpt":{"rendered":"<p>8 Gusht 2024 Tre dit\u00eb t\u00eb nxehta na presin. Java sipas sh\u00ebrbimit \u201cMeteoalb\u201d do t\u00eb mbyllet me temperatura mbi 40 grad\u00eb Celsius. K\u00ebshtu parashikohet t\u00eb nis\u00eb dhe java e re. Por cilat do t\u00eb jen\u00eb qytetet ku pritet q\u00eb termometri t\u00eb sh\u00ebnoj\u00eb vlerat m\u00eb t\u00eb larta? Berat, Elbasan, Shkod\u00ebr, Gjirokast\u00ebr, presim 40 -41 grad\u00eb \u2026. [&hellip;]<\/p>\n","protected":false},"author":9,"featured_media":83395,"comment_status":"open","ping_status":"open","sticky":false,"template":"","format":"standard","meta":{"jetpack_post_was_ever_published":false,"_jetpack_newsletter_access":"","_jetpack_dont_email_post_to_subs":false,"_jetpack_newsletter_tier_id":0,"_jetpack_memberships_contains_paywalled_content":false,"_jetpack_memberships_contains_paid_content":false,"footnotes":"","jetpack_publicize_message":"","jetpack_publicize_feature_enabled":true,"jetpack_social_post_already_shared":true,"jetpack_social_options":{"image_generator_settings":{"template":"highway","default_image_id":0,"font":"","enabled":false},"version":2}},"categories":[27,1,35],"tags":[],"class_list":["post-83394","post","type-post","status-publish","format-standard","has-post-thumbnail","hentry","category-blogu-i-udhetarit","category-njoftime-shtypi","category-shoqerore"],"jetpack_publicize_connections":[],"jetpack_featured_media_url":"https:\/\/i0.wp.com\/www.shqiperia.com\/blog\/wp-content\/uploads\/2024\/08\/lajda-porja.jpg?fit=814%2C407&ssl=1","jetpack_sharing_enabled":true,"jetpack_shortlink":"https:\/\/wp.me\/p5Z6wp-lH4","jetpack-related-posts":[{"id":53810,"url":"https:\/\/www.shqiperia.com\/blog\/ulen-ndjeshem-temperaturat-shqiperia-kthehet-ne-frigorifer-ere-e-forte-dhe-dallge-ne-det-ja-cfare-pritet-ne-oret-ne-vijim\/","url_meta":{"origin":83394,"position":0},"title":"Ulen ndjesh\u00ebm temperaturat, Shqip\u00ebria kthehet n\u00eb \u201cfrigorifer\u201d, er\u00eb e fort\u00eb dhe dallg\u00eb n\u00eb det, ja \u00e7far\u00eb pritet n\u00eb or\u00ebt n\u00eb vijim","author":"Kurt Farka","date":"February 8, 2022","format":false,"excerpt":"8 SHKURT 2022 Shqip\u00ebri \u00ebsht\u00eb p\u00ebrfshir\u00eb nga nj\u00eb mot i keq me temperatura t\u00eb ul\u00ebta. P\u00ebrgjat\u00eb dit\u00ebs, era ka qen\u00eb mesatare nd\u00ebrsa pritet t\u00eb rritet n\u00eb or\u00ebt n\u00eb vijim deri n\u00eb er\u00eb t\u00eb fort\u00eb me shpejt\u00ebsi 60 km\/h nga drejtimi Jugor. Kjo do t\u00eb sjell\u00eb q\u00eb n\u00eb brigjet detare dallg\u00ebzim\u2026","rel":"","context":"In &quot;Kultura&quot;","block_context":{"text":"Kultura","link":"https:\/\/www.shqiperia.com\/blog\/category\/kultura\/"},"img":{"alt_text":"","src":"https:\/\/i0.wp.com\/www.shqiperia.com\/blog\/wp-content\/uploads\/2022\/02\/800-0-62026f701e505.jpg?fit=800%2C450&ssl=1&resize=350%2C200","width":350,"height":200,"srcset":"https:\/\/i0.wp.com\/www.shqiperia.com\/blog\/wp-content\/uploads\/2022\/02\/800-0-62026f701e505.jpg?fit=800%2C450&ssl=1&resize=350%2C200 1x, https:\/\/i0.wp.com\/www.shqiperia.com\/blog\/wp-content\/uploads\/2022\/02\/800-0-62026f701e505.jpg?fit=800%2C450&ssl=1&resize=525%2C300 1.5x, https:\/\/i0.wp.com\/www.shqiperia.com\/blog\/wp-content\/uploads\/2022\/02\/800-0-62026f701e505.jpg?fit=800%2C450&ssl=1&resize=700%2C400 2x"},"classes":[]},{"id":60776,"url":"https:\/\/www.shqiperia.com\/blog\/reshje-shiu-dhe-ulje-temperaturash-surprizat-qe-na-presin-javen-e-ardhshme-dhe-kthesa-e-madh-pas-dates-15\/","url_meta":{"origin":83394,"position":1},"title":"Reshje shiu dhe ulje temperaturash. &#8211; Surprizat q\u00eb na presin jav\u00ebn e ardhshme dhe kthesa e madh pas dat\u00ebs 15","author":"Kurt Farka","date":"August 7, 2022","format":false,"excerpt":"7 GUSHT 2022 Temperaturat dhe dielli me sa duket do ua l\u00ebn\u00eb p\u00ebr pak koh\u00eb vendin reshjeve, t\u00eb pakt\u00ebn n\u00eb zonat malore, pasi bregdeti dhe zonat e ul\u00ebta do vijojn\u00eb t\u00eb ken\u00eb nj\u00eb ver\u00eb t\u00eb nxeht\u00eb n\u00eb vendin ton\u00eb dhe planet e atyre q\u00eb duan t\u00eb pushojn\u00eb n\u00eb bregdet do\u2026","rel":"","context":"In &quot;Blogu i Udh\u00ebtarit&quot;","block_context":{"text":"Blogu i Udh\u00ebtarit","link":"https:\/\/www.shqiperia.com\/blog\/category\/blogu-i-udhetarit\/"},"img":{"alt_text":"","src":"https:\/\/i0.wp.com\/www.shqiperia.com\/blog\/wp-content\/uploads\/2022\/08\/640-0-62efaba47ce59-Copy.jpg?fit=640%2C328&ssl=1&resize=350%2C200","width":350,"height":200,"srcset":"https:\/\/i0.wp.com\/www.shqiperia.com\/blog\/wp-content\/uploads\/2022\/08\/640-0-62efaba47ce59-Copy.jpg?fit=640%2C328&ssl=1&resize=350%2C200 1x, https:\/\/i0.wp.com\/www.shqiperia.com\/blog\/wp-content\/uploads\/2022\/08\/640-0-62efaba47ce59-Copy.jpg?fit=640%2C328&ssl=1&resize=525%2C300 1.5x"},"classes":[]},{"id":73724,"url":"https:\/\/www.shqiperia.com\/blog\/ja-cfare-do-ndodhe-me-motin-duke-nisur-nga-e-premtja\/","url_meta":{"origin":83394,"position":2},"title":"Ja \u00e7far\u00eb do ndodh\u00eb me motin duke nisur nga e premtja","author":"Kurt Farka","date":"August 21, 2023","format":false,"excerpt":"21 Gusht 2023 Sinoptikan\u00ebt parashikojn\u00eb q\u00eb nj\u00eb val\u00eb e re e t\u00eb nxehtit ka p\u00ebrfshir\u00eb Shqip\u00ebrin\u00eb dhe temperaturat pritet t\u00eb shkojn\u00eb mbi 40 grad\u00eb Celsius. Por meteorologia Lajda Porja, tha se vala e t\u00eb nxehtit do t\u00eb zgjas\u00eb vet\u00ebm p\u00ebr pak dit\u00eb, madje nga dita e premte pritet q\u00eb t\u00eb\u2026","rel":"","context":"In &quot;Blogu i Udh\u00ebtarit&quot;","block_context":{"text":"Blogu i Udh\u00ebtarit","link":"https:\/\/www.shqiperia.com\/blog\/category\/blogu-i-udhetarit\/"},"img":{"alt_text":"","src":"https:\/\/i0.wp.com\/www.shqiperia.com\/blog\/wp-content\/uploads\/2023\/08\/snow-radar-map-live-update-1248108-1.jpg?fit=502%2C344&ssl=1&resize=350%2C200","width":350,"height":200},"classes":[]},{"id":48432,"url":"https:\/\/www.shqiperia.com\/blog\/presim-riaktivizim-te-te-nxehtit-afrikan-sinoptikania-lajda-porja-tregon-si-pritet-te-jene-dy-ditet-ne-vijim-fundjava-sjell\/","url_meta":{"origin":83394,"position":3},"title":"\u201cPresim riaktivizim t\u00eb t\u00eb nxehtit afrikan\u201d, sinoptikania Lajda Porja tregon si pritet t\u00eb jen\u00eb dy dit\u00ebt n\u00eb vijim: &#8211; Fundjava sjell\u2026","author":"Kurt Farka","date":"July 12, 2021","format":false,"excerpt":"\u201cPresim riaktivizim t\u00eb t\u00eb nxehtit afrikan\u201d, sinoptikania Lajda Porja tregon si pritet t\u00eb jen\u00eb dy dit\u00ebt n\u00eb vijim: - Fundjava sjell\u2026 12 KORRIK 2021 E mart\u00eb dhe e m\u00ebrkura jan\u00eb parashikuar nga sinoptikan\u00ebt si dit\u00ebt m\u00eb t\u00eb nxehta t\u00eb k\u00ebsaj jave. N\u00eb nj\u00eb lidhje me Ne\u00ebs24, sinoptikania Lajda Porja u\u2026","rel":"","context":"In &quot;Njoftime Shtypi&quot;","block_context":{"text":"Njoftime Shtypi","link":"https:\/\/www.shqiperia.com\/blog\/category\/njoftime-shtypi\/"},"img":{"alt_text":"","src":"https:\/\/i0.wp.com\/www.shqiperia.com\/blog\/wp-content\/uploads\/2021\/07\/moti-2.jpeg?fit=633%2C347&ssl=1&resize=350%2C200","width":350,"height":200,"srcset":"https:\/\/i0.wp.com\/www.shqiperia.com\/blog\/wp-content\/uploads\/2021\/07\/moti-2.jpeg?fit=633%2C347&ssl=1&resize=350%2C200 1x, https:\/\/i0.wp.com\/www.shqiperia.com\/blog\/wp-content\/uploads\/2021\/07\/moti-2.jpeg?fit=633%2C347&ssl=1&resize=525%2C300 1.5x"},"classes":[]},{"id":95428,"url":"https:\/\/www.shqiperia.com\/blog\/dimer-i-vertete-ja-kur-pritet-te-bjere-debore-javes-qe-vjen\/","url_meta":{"origin":83394,"position":4},"title":"Dim\u00ebr i \u201cv\u00ebrtet\u00eb\u201d\/ Ja kur pritet t\u00eb bjer\u00eb d\u00ebbor\u00eb jav\u00ebs q\u00eb vjen","author":"Kurt Farka","date":"December 8, 2025","format":false,"excerpt":"8 Dhjetor 2025 Java q\u00eb vjen sjell nj\u00eb mot tipik dimri p\u00ebr Shqip\u00ebrin\u00eb, me temperatura t\u00eb ul\u00ebta dhe reshje t\u00eb mundshme. N\u00eb zonat qendrore, dit\u00ebt do t\u00eb jen\u00eb kryesisht t\u00eb fresk\u00ebta me temperatura rreth 10 deri n\u00eb 12 grad\u00eb celsius, nd\u00ebrsa net\u00ebt mund t\u00eb zbresin deri n\u00eb 3 apo 4\u2026","rel":"","context":"In &quot;Blogu i Udh\u00ebtarit&quot;","block_context":{"text":"Blogu i Udh\u00ebtarit","link":"https:\/\/www.shqiperia.com\/blog\/category\/blogu-i-udhetarit\/"},"img":{"alt_text":"","src":"https:\/\/i0.wp.com\/www.shqiperia.com\/blog\/wp-content\/uploads\/2025\/12\/505105032_4225318207691450_2586477995177120844_n.jpg?fit=1200%2C900&ssl=1&resize=350%2C200","width":350,"height":200,"srcset":"https:\/\/i0.wp.com\/www.shqiperia.com\/blog\/wp-content\/uploads\/2025\/12\/505105032_4225318207691450_2586477995177120844_n.jpg?fit=1200%2C900&ssl=1&resize=350%2C200 1x, https:\/\/i0.wp.com\/www.shqiperia.com\/blog\/wp-content\/uploads\/2025\/12\/505105032_4225318207691450_2586477995177120844_n.jpg?fit=1200%2C900&ssl=1&resize=525%2C300 1.5x, https:\/\/i0.wp.com\/www.shqiperia.com\/blog\/wp-content\/uploads\/2025\/12\/505105032_4225318207691450_2586477995177120844_n.jpg?fit=1200%2C900&ssl=1&resize=700%2C400 2x, https:\/\/i0.wp.com\/www.shqiperia.com\/blog\/wp-content\/uploads\/2025\/12\/505105032_4225318207691450_2586477995177120844_n.jpg?fit=1200%2C900&ssl=1&resize=1050%2C600 3x"},"classes":[]},{"id":68729,"url":"https:\/\/www.shqiperia.com\/blog\/e-gjithe-java-me-mot-te-paqendrueshem-reshje-te-shumta-shiu-temperaturat-do-pesojne-renie-graduale\/","url_meta":{"origin":83394,"position":5},"title":"E gjith\u00eb java me mot t\u00eb paq\u00ebndruesh\u00ebm! &#8211; Reshje t\u00eb shumta shiu, temperaturat do p\u00ebsojn\u00eb r\u00ebnie graduale","author":"Kurt Farka","date":"February 27, 2023","format":false,"excerpt":"27 Shkurt 2023 Kjo jav\u00eb do t\u00eb dominohet nga moti i paq\u00ebndruesh\u00ebm n\u00eb vend dhe n\u00eb mesjav\u00eb n\u00eb zonat malore nuk p\u00ebrjashtohen as reshjet e d\u00ebbor\u00ebs. Nga dita e m\u00ebrkur\u00eb e n\u00eb vijim parashikohet q\u00eb reshjet m\u00eb s\u00eb shumti t\u00eb fokusohen n\u00eb zonat malore. 'Gjat\u00eb k\u00ebsaj jave parashikohet t\u00eb kemi\u2026","rel":"","context":"In &quot;Blogu i Udh\u00ebtarit&quot;","block_context":{"text":"Blogu i Udh\u00ebtarit","link":"https:\/\/www.shqiperia.com\/blog\/category\/blogu-i-udhetarit\/"},"img":{"alt_text":"","src":"https:\/\/i0.wp.com\/www.shqiperia.com\/blog\/wp-content\/uploads\/2023\/02\/1567492790_moti2.jpg?fit=780%2C440&ssl=1&resize=350%2C200","width":350,"height":200,"srcset":"https:\/\/i0.wp.com\/www.shqiperia.com\/blog\/wp-content\/uploads\/2023\/02\/1567492790_moti2.jpg?fit=780%2C440&ssl=1&resize=350%2C200 1x, https:\/\/i0.wp.com\/www.shqiperia.com\/blog\/wp-content\/uploads\/2023\/02\/1567492790_moti2.jpg?fit=780%2C440&ssl=1&resize=525%2C300 1.5x, https:\/\/i0.wp.com\/www.shqiperia.com\/blog\/wp-content\/uploads\/2023\/02\/1567492790_moti2.jpg?fit=780%2C440&ssl=1&resize=700%2C400 2x"},"classes":[]}],"_links":{"self":[{"href":"https:\/\/www.shqiperia.com\/blog\/wp-json\/wp\/v2\/posts\/83394","targetHints":{"allow":["GET"]}}],"collection":[{"href":"https:\/\/www.shqiperia.com\/blog\/wp-json\/wp\/v2\/posts"}],"about":[{"href":"https:\/\/www.shqiperia.com\/blog\/wp-json\/wp\/v2\/types\/post"}],"author":[{"embeddable":true,"href":"https:\/\/www.shqiperia.com\/blog\/wp-json\/wp\/v2\/users\/9"}],"replies":[{"embeddable":true,"href":"https:\/\/www.shqiperia.com\/blog\/wp-json\/wp\/v2\/comments?post=83394"}],"version-history":[{"count":1,"href":"https:\/\/www.shqiperia.com\/blog\/wp-json\/wp\/v2\/posts\/83394\/revisions"}],"predecessor-version":[{"id":83396,"href":"https:\/\/www.shqiperia.com\/blog\/wp-json\/wp\/v2\/posts\/83394\/revisions\/83396"}],"wp:featuredmedia":[{"embeddable":true,"href":"https:\/\/www.shqiperia.com\/blog\/wp-json\/wp\/v2\/media\/83395"}],"wp:attachment":[{"href":"https:\/\/www.shqiperia.com\/blog\/wp-json\/wp\/v2\/media?parent=83394"}],"wp:term":[{"taxonomy":"category","embeddable":true,"href":"https:\/\/www.shqiperia.com\/blog\/wp-json\/wp\/v2\/categories?post=83394"},{"taxonomy":"post_tag","embeddable":true,"href":"https:\/\/www.shqiperia.com\/blog\/wp-json\/wp\/v2\/tags?post=83394"}],"curies":[{"name":"wp","href":"https:\/\/api.w.org\/{rel}","templated":true}]}}